{"id":1631,"date":"2012-05-02T04:32:36","date_gmt":"2012-05-02T04:32:36","guid":{"rendered":"https:\/\/www.revistarambla.com\/dia-del-trabajo-y-la-libertad\/"},"modified":"2021-05-16T17:08:51","modified_gmt":"2021-05-16T15:08:51","slug":"dia-del-trabajo-y-la-libertad","status":"publish","type":"post","link":"https:\/\/www.revistarambla.com\/en\/dia-del-trabajo-y-la-libertad\/","title":{"rendered":"D\u00eda del trabajo y la libertad"},"content":{"rendered":"<p>\u00a1Laura llibertat! As\u00ed ha comenzado la manifestaci\u00f3n del 1 de mayo que, como todos los a\u00f1os, convoca la CGT para reivindicar los derechos de los trabajadores. \u00a1Laura llibertat!, y no las habituales consignas de lucha obrera, ha sido el lema que ha encabezado hoy el encuentro.<\/p>\n<p><img decoding=\"async\" class=\"aligncenter\" src=\"https:\/\/www.revistarambla.com\/wp-content\/uploads\/2012\/05\/cgt01.jpg\" alt=\"alt\" width=\"550\" height=\"360\" \/><\/p>\n<p>Porque, si bien la reforma laboral y los recortes presupuestarios del gobierno son motivos m\u00e1s que suficientes para salir a la calle, en esta ocasi\u00f3n un nuevo y \u00bfsorpresivo? acontecimiento ha ganado el protagonismo de la protesta. <a href=\"https:\/\/www.revistarambla.com\/en\/laura-gomez-hemos-comprobado-que-somos-fuertes\/\">Laura G\u00f3mez, Secretaria de Organizaci\u00f3n de la CGT-Barcelona<\/a>, el 25 de abril fue encarcelada sin fianza con los cargos de incendio, coacciones, desorden p\u00fablico y delito contra los derechos fundamentales por haber quemado una caja en un acto simb\u00f3lico frente a La Bolsa durante la huelga general del 29M.<\/p>\n<p>Desde la CGT consideran que el decreto de prisi\u00f3n ha sido fruto de presiones pol\u00edticas recibidas por el juzgado y la fiscal\u00eda, ya que resulta incomprensible que Laura, una persona sin antecedentes penales, con trabajo fijo y una hija que vive con ella, sea acusada de riesgo de fuga y reincidencia antes, incluso, de ser juzgada y condenada.\u201cEl ministro de Justicia ha reconocido que para retener en la c\u00e1rcel a Laura \u2212y a Dani e Isma, ciudadanos barceloneses encarcelados desde la ma\u00f1ana del 29M, acusados de hechos acaecidos por la tarde\u2212 hab\u00eda sido necesario \u201cforzar el ordenamiento jur\u00eddico\u201d. Y forzar esas cosas consiste en privarlas de su sentido. Consiste en volver a est\u00e9ticas de la detenci\u00f3n propias de d\u00e9cadas anteriores\u201dseg\u00fan palabras de Guillem Mart\u00ednez, le\u00eddas esta ma\u00f1ana por el Secretario General de la CGT-Barcelona, \u00c1ngel Gonz\u00e1lez, frente al Palau de la Generalitat. En el discurso se apelaba a la sensibilidad colectiva con un mensaje cargado de fuerza y emoci\u00f3n: \u201cDefiende la fragilidad de Laura. Defiende la tuya. La libertad de Laura es la tuya. Lucha por ambas. Lucha contra la violencia sobre la fragilidad\u201d.<\/p>\n<p>Las 3 mil personas que, seg\u00fan fuentes de la organizaci\u00f3n, en ese momento llenaban la Plaza Sant Jaume se han hecho eco en forma un\u00e1nime de las palabras lanzadas desde el peque\u00f1o escenario con un fuerte \u201c\u00a1Laura llibertat!\u201d al que ha seguido un giro inmediato hacia las puertas del Palau para proclamar: \u201c\u00a1Los violentos est\u00e1n ah\u00ed adentro!\u201d.<\/p>\n<p>La manifestaci\u00f3n ha continuado luego hasta las Ramblas, donde las pancartas reivindicativas han sorprendido a los guiris que saboreaban su paella con sangr\u00eda en las terrazas. Conchita, trabajadora de banca, observa la escena y reflexiona: \u201cMucha gente piensa que esto no sirve para nada pero si no salimos ahora, que est\u00e1n recortando todos nuestros derechos \u00bfcu\u00e1ndo?\u201d. La mujer, de unos cuarenta a\u00f1os, ha expresado tambi\u00e9n su preocupaci\u00f3n por el escaso compromiso de los j\u00f3venes en la lucha pol\u00edtica: \u201c\u00a1Llevamos tres generaciones esperando a que reaccionen! Est\u00e1n decepcionados, se agotan pronto. Nosotros, en cambio, somos inquebrantables\u201d. Hay que decir que, al menos en lo que a esta manifestaci\u00f3n se refiere, la percepci\u00f3n de Conchita es acertada: cerca del 80 por ciento de los asistentes supera la treintena. Sin embargo, los pocos j\u00f3venes que han participado, lo han hecho con convicciones s\u00f3lidas. As\u00ed lo han demostrado, al menos, Andreu (estudiante de ingenier\u00eda, 21 a\u00f1os) y su grupo de amigos que afirman \u201cno estar dispuestos a permitir que se sigan traspasando los l\u00edmites de la dignidad humana\u201d.<\/p>\n<p>El sol del mediod\u00eda ilumina de lleno la marcha por Paseo Col\u00f3n hasta el edificio de Correos, donde un improvisado escenario se ha montado sobre las escaleras para que la familia de Laura G\u00f3mez pueda dirigir unas palabras al p\u00fablico. Primero, su hermana ha le\u00eddo un texto que Laura le transmiti\u00f3 desde la prisi\u00f3n, en el que dice que se encuentra bien y que agradece profundamente todas las acciones que se est\u00e1n llevando a cabo para demandar su libertad. \u201cPenso que ara m\u00e9s que mai hem d&#8217;estar units i hem de continuar lluitant. No ens hem d&#8217;aturar. No podem tenir por. Molt aviat sortir\u00e9 d&#8217;aquesta pres\u00f3 i tornar\u00e9 a estar entre tots vosaltres, al carrer, lluitant per la revoluci\u00f3 social\u201dha concluido, emotivamente, el comunicado.<\/p>\n<p>Luego ha hablado su hija, tambi\u00e9n sensibilizada ante el apoyo recibido por parte de la gente. \u201cSiempre me he preguntado por qu\u00e9 mi madre pasa tanto tiempo con vosotros. Ahora lo entiendo: \u00a1porque sois excelentes personas!\u201d \u00a0ha podido expresar entre l\u00e1grimas. Ya por \u00faltimo, la madre de Laura ha tomado la palabra y ha exigido justicia, ante la ovaci\u00f3n de los asistentes: \u201cSe han equivocado y lo pagar\u00e1n. No van a hacer de ella una m\u00e1rtir\u201d.<\/p>\n<p>El Secretario General Estatal de la CGT, Jacinto Ceacero, tambi\u00e9n se ha hecho presente en el acto con el objetivo de \u201ctransmitirle a Laura un abrazo c\u00e1lido y libertario de toda la organizaci\u00f3n\u201d. En su discurso, ha recalcado la intenci\u00f3n de no ceder ante la represi\u00f3n: \u201cVamos a seguir defendiendo con energ\u00eda nuestros derechos y libertades. Vamos a salir a la calle para denunciar las mentiras del Estado y del Gobierno\u201d y asegur\u00f3 que \u201cse est\u00e1n preparando nuevas manifestaciones\u201d y que \u201cno se descarta la convocatoria de otra huelga general\u201d.<\/p>\n<p>La concentraci\u00f3n ha llegado a su fin a las 13.30 horas con la intervenci\u00f3n de Javier Zapata, afiliado de CGT- Barcelona, quien ha procurado disipar entre la gente todo posible temor a represalias: \u201cQuieren eliminar cualquier forma de resistencia pero el miedo no nos va a callar\u201d. Luego, dirigiendo el discurso hacia las autoridades pol\u00edticas y policiales, ha declarado: \u201cSon ustedes los que tienen miedo. No nosotros. \u00a1No hay m\u00e1s que ver las capuchas y los pa\u00f1uelos con los que ocultan a sus provocadores! Eso es miedo, al pueblo, a la verdad\u201d.<\/p>\n<p>En paralelo a la manifestaci\u00f3n de la CGT, a las 12 del mediod\u00eda ha partido otra,\u00a0 la convocada por los sindicatos de CC.OO. y UGT bajo el lema Trabajo, derechos y dignidad. Se lo quieren cargar todo. En esta protesta unas 100.000 personas, seg\u00fan los organizadores, y 15.000, seg\u00fan los Mossos d&#8217;Esquadra, han recorrido las calles desde la confluencia de Passeig de Gr\u00e0cia y Ronda Sant Pere hasta la avenida de la Catedral.<\/p>\n<p>Ambas se han desarrollado en un ambiente pac\u00edfico y sin incidentes por lo que los sindicatos han coincidido en calificarlas como un \u00e9xito.<\/p>\n<p>En el caso concreto de la CGT, Carlos Navarro, Secretario de Prensa, se ha mostrado muy satisfecho \u201cal ver a tanta gente con criterio y que sabe lo que quiere\u201d y ha hecho hincapi\u00e9 en algo que durante la jornada se ha podido verificar una y otra vez: \u201cel grito m\u00e1s o\u00eddo ha sido el de Laura llibertat\u201d.<\/p>","protected":false},"excerpt":{"rendered":"<p>\u00a1Laura llibertat! As\u00ed ha comenzado la manifestaci\u00f3n del 1 de mayo que, como todos los a\u00f1os, convoca la CGT para reivindicar los derechos de los trabajadores. \u00a1Laura llibertat!, y no las habituales consignas de lucha obrera, ha sido el lema que ha encabezado hoy el encuentro. Porque, si bien la [&hellip;]<\/p>\n","protected":false},"author":1,"featured_media":0,"comment_status":"open","ping_status":"open","sticky":false,"template":"","format":"standard","meta":{"footnotes":""},"categories":[3,76],"tags":[],"class_list":["post-1631","post","type-post","status-publish","format-standard","hentry","category-actualidad","category-barcelona"],"yoast_head":"<!-- This site is optimized with the Yoast SEO plugin v27.5 - https:\/\/yoast.com\/product\/yoast-seo-wordpress\/ -->\n<title>D\u00eda del trabajo y la libertad - Revista Rambla<\/title>\n<meta name=\"robots\" content=\"index, follow, max-snippet:-1, max-image-preview:large, max-video-preview:-1\" \/>\n<link rel=\"canonical\" href=\"https:\/\/www.revistarambla.com\/en\/dia-del-trabajo-y-la-libertad\/\" \/>\n<meta property=\"og:locale\" content=\"en_GB\" \/>\n<meta property=\"og:type\" content=\"article\" \/>\n<meta property=\"og:title\" content=\"D\u00eda del trabajo y la libertad - Revista Rambla\" \/>\n<meta property=\"og:description\" content=\"\u00a1Laura llibertat! As\u00ed ha comenzado la manifestaci\u00f3n del 1 de mayo que, como todos los a\u00f1os, convoca la CGT para reivindicar los derechos de los trabajadores. \u00a1Laura llibertat!, y no las habituales consignas de lucha obrera, ha sido el lema que ha encabezado hoy el encuentro. Porque, si bien la [&hellip;]\" \/>\n<meta property=\"og:url\" content=\"https:\/\/www.revistarambla.com\/en\/dia-del-trabajo-y-la-libertad\/\" \/>\n<meta property=\"og:site_name\" content=\"Revista Rambla\" \/>\n<meta property=\"article:publisher\" content=\"https:\/\/www.facebook.com\/revistarambla\/\" \/>\n<meta property=\"article:published_time\" content=\"2012-05-02T04:32:36+00:00\" \/>\n<meta property=\"article:modified_time\" content=\"2021-05-16T15:08:51+00:00\" \/>\n<meta property=\"og:image\" content=\"https:\/\/i2.wp.com\/www.revistarambla.com\/wp-content\/uploads\/2012\/05\/cgt00.jpg?fit=275%2C160&ssl=1\" \/>\n\t<meta property=\"og:image:width\" content=\"275\" \/>\n\t<meta property=\"og:image:height\" content=\"160\" \/>\n\t<meta property=\"og:image:type\" content=\"image\/jpeg\" \/>\n<meta name=\"author\" content=\"Flor Ragucci\" \/>\n<meta name=\"twitter:card\" content=\"summary_large_image\" \/>\n<meta name=\"twitter:creator\" content=\"@revistarambla\" \/>\n<meta name=\"twitter:site\" content=\"@revistarambla\" \/>\n<meta name=\"twitter:label1\" content=\"Written by\" \/>\n\t<meta name=\"twitter:data1\" content=\"Flor Ragucci\" \/>\n\t<meta name=\"twitter:label2\" content=\"Estimated reading time\" \/>\n\t<meta name=\"twitter:data2\" content=\"5 minutes\" \/>\n<script type=\"application\/ld+json\" class=\"yoast-schema-graph\">{\"@context\":\"https:\\\/\\\/schema.org\",\"@graph\":[{\"@type\":\"Article\",\"@id\":\"https:\\\/\\\/www.revistarambla.com\\\/dia-del-trabajo-y-la-libertad\\\/#article\",\"isPartOf\":{\"@id\":\"https:\\\/\\\/www.revistarambla.com\\\/dia-del-trabajo-y-la-libertad\\\/\"},\"author\":{\"name\":\"Flor Ragucci\",\"@id\":\"https:\\\/\\\/www.revistarambla.com\\\/#\\\/schema\\\/person\\\/4a5652fc8c82df1f8593002d038cd79e\"},\"headline\":\"D\u00eda del trabajo y la libertad\",\"datePublished\":\"2012-05-02T04:32:36+00:00\",\"dateModified\":\"2021-05-16T15:08:51+00:00\",\"mainEntityOfPage\":{\"@id\":\"https:\\\/\\\/www.revistarambla.com\\\/dia-del-trabajo-y-la-libertad\\\/\"},\"wordCount\":1168,\"commentCount\":0,\"publisher\":{\"@id\":\"https:\\\/\\\/www.revistarambla.com\\\/#organization\"},\"image\":{\"@id\":\"https:\\\/\\\/www.revistarambla.com\\\/dia-del-trabajo-y-la-libertad\\\/#primaryimage\"},\"thumbnailUrl\":\"https:\\\/\\\/www.revistarambla.com\\\/wp-content\\\/uploads\\\/2012\\\/05\\\/cgt01.jpg\",\"articleSection\":[\"Actualidad\",\"Barcelona\"],\"inLanguage\":\"en-GB\",\"potentialAction\":[{\"@type\":\"CommentAction\",\"name\":\"Comment\",\"target\":[\"https:\\\/\\\/www.revistarambla.com\\\/dia-del-trabajo-y-la-libertad\\\/#respond\"]}]},{\"@type\":\"WebPage\",\"@id\":\"https:\\\/\\\/www.revistarambla.com\\\/dia-del-trabajo-y-la-libertad\\\/\",\"url\":\"https:\\\/\\\/www.revistarambla.com\\\/dia-del-trabajo-y-la-libertad\\\/\",\"name\":\"D\u00eda del trabajo y la libertad - Revista Rambla\",\"isPartOf\":{\"@id\":\"https:\\\/\\\/www.revistarambla.com\\\/#website\"},\"primaryImageOfPage\":{\"@id\":\"https:\\\/\\\/www.revistarambla.com\\\/dia-del-trabajo-y-la-libertad\\\/#primaryimage\"},\"image\":{\"@id\":\"https:\\\/\\\/www.revistarambla.com\\\/dia-del-trabajo-y-la-libertad\\\/#primaryimage\"},\"thumbnailUrl\":\"https:\\\/\\\/www.revistarambla.com\\\/wp-content\\\/uploads\\\/2012\\\/05\\\/cgt01.jpg\",\"datePublished\":\"2012-05-02T04:32:36+00:00\",\"dateModified\":\"2021-05-16T15:08:51+00:00\",\"breadcrumb\":{\"@id\":\"https:\\\/\\\/www.revistarambla.com\\\/dia-del-trabajo-y-la-libertad\\\/#breadcrumb\"},\"inLanguage\":\"en-GB\",\"potentialAction\":[{\"@type\":\"ReadAction\",\"target\":[\"https:\\\/\\\/www.revistarambla.com\\\/dia-del-trabajo-y-la-libertad\\\/\"]}]},{\"@type\":\"ImageObject\",\"inLanguage\":\"en-GB\",\"@id\":\"https:\\\/\\\/www.revistarambla.com\\\/dia-del-trabajo-y-la-libertad\\\/#primaryimage\",\"url\":\"https:\\\/\\\/www.revistarambla.com\\\/wp-content\\\/uploads\\\/2012\\\/05\\\/cgt01.jpg\",\"contentUrl\":\"https:\\\/\\\/www.revistarambla.com\\\/wp-content\\\/uploads\\\/2012\\\/05\\\/cgt01.jpg\"},{\"@type\":\"BreadcrumbList\",\"@id\":\"https:\\\/\\\/www.revistarambla.com\\\/dia-del-trabajo-y-la-libertad\\\/#breadcrumb\",\"itemListElement\":[{\"@type\":\"ListItem\",\"position\":1,\"name\":\"Portada\",\"item\":\"https:\\\/\\\/www.revistarambla.com\\\/\"},{\"@type\":\"ListItem\",\"position\":2,\"name\":\"D\u00eda del trabajo y la libertad\"}]},{\"@type\":\"WebSite\",\"@id\":\"https:\\\/\\\/www.revistarambla.com\\\/#website\",\"url\":\"https:\\\/\\\/www.revistarambla.com\\\/\",\"name\":\"Revista Rambla Barcelona\",\"description\":\"Periodismo independiente\",\"publisher\":{\"@id\":\"https:\\\/\\\/www.revistarambla.com\\\/#organization\"},\"potentialAction\":[{\"@type\":\"SearchAction\",\"target\":{\"@type\":\"EntryPoint\",\"urlTemplate\":\"https:\\\/\\\/www.revistarambla.com\\\/?s={search_term_string}\"},\"query-input\":{\"@type\":\"PropertyValueSpecification\",\"valueRequired\":true,\"valueName\":\"search_term_string\"}}],\"inLanguage\":\"en-GB\"},{\"@type\":\"Organization\",\"@id\":\"https:\\\/\\\/www.revistarambla.com\\\/#organization\",\"name\":\"Revista Rambla\",\"url\":\"https:\\\/\\\/www.revistarambla.com\\\/\",\"logo\":{\"@type\":\"ImageObject\",\"inLanguage\":\"en-GB\",\"@id\":\"https:\\\/\\\/www.revistarambla.com\\\/#\\\/schema\\\/logo\\\/image\\\/\",\"url\":\"https:\\\/\\\/www.revistarambla.com\\\/wp-content\\\/uploads\\\/2020\\\/09\\\/banner_rambla_1900x600_BB.png\",\"contentUrl\":\"https:\\\/\\\/www.revistarambla.com\\\/wp-content\\\/uploads\\\/2020\\\/09\\\/banner_rambla_1900x600_BB.png\",\"width\":1900,\"height\":600,\"caption\":\"Revista Rambla\"},\"image\":{\"@id\":\"https:\\\/\\\/www.revistarambla.com\\\/#\\\/schema\\\/logo\\\/image\\\/\"},\"sameAs\":[\"https:\\\/\\\/www.facebook.com\\\/revistarambla\\\/\",\"https:\\\/\\\/x.com\\\/revistarambla\",\"https:\\\/\\\/www.instagram.com\\\/revista_rambla\",\"https:\\\/\\\/es.linkedin.com\\\/company\\\/revista-rambla\"]},{\"@type\":\"Person\",\"@id\":\"https:\\\/\\\/www.revistarambla.com\\\/#\\\/schema\\\/person\\\/4a5652fc8c82df1f8593002d038cd79e\",\"name\":\"Flor Ragucci\",\"description\":\"Periodista.\",\"sameAs\":[\"https:\\\/\\\/www.revistarambla.com\\\/\"]}]}<\/script>\n<!-- \/ Yoast SEO plugin. -->","yoast_head_json":{"title":"D\u00eda del trabajo y la libertad - Revista Rambla","robots":{"index":"index","follow":"follow","max-snippet":"max-snippet:-1","max-image-preview":"max-image-preview:large","max-video-preview":"max-video-preview:-1"},"canonical":"https:\/\/www.revistarambla.com\/en\/dia-del-trabajo-y-la-libertad\/","og_locale":"en_GB","og_type":"article","og_title":"D\u00eda del trabajo y la libertad - Revista Rambla","og_description":"\u00a1Laura llibertat! As\u00ed ha comenzado la manifestaci\u00f3n del 1 de mayo que, como todos los a\u00f1os, convoca la CGT para reivindicar los derechos de los trabajadores. \u00a1Laura llibertat!, y no las habituales consignas de lucha obrera, ha sido el lema que ha encabezado hoy el encuentro. Porque, si bien la [&hellip;]","og_url":"https:\/\/www.revistarambla.com\/en\/dia-del-trabajo-y-la-libertad\/","og_site_name":"Revista Rambla","article_publisher":"https:\/\/www.facebook.com\/revistarambla\/","article_published_time":"2012-05-02T04:32:36+00:00","article_modified_time":"2021-05-16T15:08:51+00:00","og_image":[{"width":275,"height":160,"url":"https:\/\/i2.wp.com\/www.revistarambla.com\/wp-content\/uploads\/2012\/05\/cgt00.jpg?fit=275%2C160&ssl=1","type":"image\/jpeg"}],"author":"Flor Ragucci","twitter_card":"summary_large_image","twitter_creator":"@revistarambla","twitter_site":"@revistarambla","twitter_misc":{"Written by":"Flor Ragucci","Estimated reading time":"5 minutes"},"schema":{"@context":"https:\/\/schema.org","@graph":[{"@type":"Article","@id":"https:\/\/www.revistarambla.com\/dia-del-trabajo-y-la-libertad\/#article","isPartOf":{"@id":"https:\/\/www.revistarambla.com\/dia-del-trabajo-y-la-libertad\/"},"author":{"name":"Flor Ragucci","@id":"https:\/\/www.revistarambla.com\/#\/schema\/person\/4a5652fc8c82df1f8593002d038cd79e"},"headline":"D\u00eda del trabajo y la libertad","datePublished":"2012-05-02T04:32:36+00:00","dateModified":"2021-05-16T15:08:51+00:00","mainEntityOfPage":{"@id":"https:\/\/www.revistarambla.com\/dia-del-trabajo-y-la-libertad\/"},"wordCount":1168,"commentCount":0,"publisher":{"@id":"https:\/\/www.revistarambla.com\/#organization"},"image":{"@id":"https:\/\/www.revistarambla.com\/dia-del-trabajo-y-la-libertad\/#primaryimage"},"thumbnailUrl":"https:\/\/www.revistarambla.com\/wp-content\/uploads\/2012\/05\/cgt01.jpg","articleSection":["Actualidad","Barcelona"],"inLanguage":"en-GB","potentialAction":[{"@type":"CommentAction","name":"Comment","target":["https:\/\/www.revistarambla.com\/dia-del-trabajo-y-la-libertad\/#respond"]}]},{"@type":"WebPage","@id":"https:\/\/www.revistarambla.com\/dia-del-trabajo-y-la-libertad\/","url":"https:\/\/www.revistarambla.com\/dia-del-trabajo-y-la-libertad\/","name":"D\u00eda del trabajo y la libertad - Revista Rambla","isPartOf":{"@id":"https:\/\/www.revistarambla.com\/#website"},"primaryImageOfPage":{"@id":"https:\/\/www.revistarambla.com\/dia-del-trabajo-y-la-libertad\/#primaryimage"},"image":{"@id":"https:\/\/www.revistarambla.com\/dia-del-trabajo-y-la-libertad\/#primaryimage"},"thumbnailUrl":"https:\/\/www.revistarambla.com\/wp-content\/uploads\/2012\/05\/cgt01.jpg","datePublished":"2012-05-02T04:32:36+00:00","dateModified":"2021-05-16T15:08:51+00:00","breadcrumb":{"@id":"https:\/\/www.revistarambla.com\/dia-del-trabajo-y-la-libertad\/#breadcrumb"},"inLanguage":"en-GB","potentialAction":[{"@type":"ReadAction","target":["https:\/\/www.revistarambla.com\/dia-del-trabajo-y-la-libertad\/"]}]},{"@type":"ImageObject","inLanguage":"en-GB","@id":"https:\/\/www.revistarambla.com\/dia-del-trabajo-y-la-libertad\/#primaryimage","url":"https:\/\/www.revistarambla.com\/wp-content\/uploads\/2012\/05\/cgt01.jpg","contentUrl":"https:\/\/www.revistarambla.com\/wp-content\/uploads\/2012\/05\/cgt01.jpg"},{"@type":"BreadcrumbList","@id":"https:\/\/www.revistarambla.com\/dia-del-trabajo-y-la-libertad\/#breadcrumb","itemListElement":[{"@type":"ListItem","position":1,"name":"Portada","item":"https:\/\/www.revistarambla.com\/"},{"@type":"ListItem","position":2,"name":"D\u00eda del trabajo y la libertad"}]},{"@type":"WebSite","@id":"https:\/\/www.revistarambla.com\/#website","url":"https:\/\/www.revistarambla.com\/","name":"Revista Rambla Barcelona","description":"Periodismo independiente","publisher":{"@id":"https:\/\/www.revistarambla.com\/#organization"},"potentialAction":[{"@type":"SearchAction","target":{"@type":"EntryPoint","urlTemplate":"https:\/\/www.revistarambla.com\/?s={search_term_string}"},"query-input":{"@type":"PropertyValueSpecification","valueRequired":true,"valueName":"search_term_string"}}],"inLanguage":"en-GB"},{"@type":"Organization","@id":"https:\/\/www.revistarambla.com\/#organization","name":"Revista Rambla","url":"https:\/\/www.revistarambla.com\/","logo":{"@type":"ImageObject","inLanguage":"en-GB","@id":"https:\/\/www.revistarambla.com\/#\/schema\/logo\/image\/","url":"https:\/\/www.revistarambla.com\/wp-content\/uploads\/2020\/09\/banner_rambla_1900x600_BB.png","contentUrl":"https:\/\/www.revistarambla.com\/wp-content\/uploads\/2020\/09\/banner_rambla_1900x600_BB.png","width":1900,"height":600,"caption":"Revista Rambla"},"image":{"@id":"https:\/\/www.revistarambla.com\/#\/schema\/logo\/image\/"},"sameAs":["https:\/\/www.facebook.com\/revistarambla\/","https:\/\/x.com\/revistarambla","https:\/\/www.instagram.com\/revista_rambla","https:\/\/es.linkedin.com\/company\/revista-rambla"]},{"@type":"Person","@id":"https:\/\/www.revistarambla.com\/#\/schema\/person\/4a5652fc8c82df1f8593002d038cd79e","name":"Flor Ragucci","description":"Periodista.","sameAs":["https:\/\/www.revistarambla.com\/"]}]}},"_links":{"self":[{"href":"https:\/\/www.revistarambla.com\/en\/wp-json\/wp\/v2\/posts\/1631","targetHints":{"allow":["GET"]}}],"collection":[{"href":"https:\/\/www.revistarambla.com\/en\/wp-json\/wp\/v2\/posts"}],"about":[{"href":"https:\/\/www.revistarambla.com\/en\/wp-json\/wp\/v2\/types\/post"}],"author":[{"embeddable":true,"href":"https:\/\/www.revistarambla.com\/en\/wp-json\/wp\/v2\/users\/1"}],"replies":[{"embeddable":true,"href":"https:\/\/www.revistarambla.com\/en\/wp-json\/wp\/v2\/comments?post=1631"}],"version-history":[{"count":0,"href":"https:\/\/www.revistarambla.com\/en\/wp-json\/wp\/v2\/posts\/1631\/revisions"}],"wp:attachment":[{"href":"https:\/\/www.revistarambla.com\/en\/wp-json\/wp\/v2\/media?parent=1631"}],"wp:term":[{"taxonomy":"category","embeddable":true,"href":"https:\/\/www.revistarambla.com\/en\/wp-json\/wp\/v2\/categories?post=1631"},{"taxonomy":"post_tag","embeddable":true,"href":"https:\/\/www.revistarambla.com\/en\/wp-json\/wp\/v2\/tags?post=1631"}],"curies":[{"name":"wp","href":"https:\/\/api.w.org\/{rel}","templated":true}]}}