{"id":16245,"date":"2018-07-13T06:22:45","date_gmt":"2018-07-13T04:22:45","guid":{"rendered":"https:\/\/www.revistarambla.com\/?p=16245"},"modified":"2021-01-29T03:18:47","modified_gmt":"2021-01-29T02:18:47","slug":"yezid-arteta-el-sector-que-ha-ganado-las-elecciones-en-colombia-saboteo-el-proceso-de-paz-y-ahora-gobierna-un-pais-con-una-violencia-desatada","status":"publish","type":"post","link":"https:\/\/www.revistarambla.com\/en\/yezid-arteta-el-sector-que-ha-ganado-las-elecciones-en-colombia-saboteo-el-proceso-de-paz-y-ahora-gobierna-un-pais-con-una-violencia-desatada\/","title":{"rendered":"Yediz Arteta: \u201cEl sector que ha ganado las elecciones en Colombia sabote\u00f3 el proceso de paz y ahora gobierna un pa\u00eds con una violencia desatada\u201d"},"content":{"rendered":"<p>Conversamos con Yezid Arteta D\u00e1vila sobre su etapa como comandante en las Fuerzas Armadas Revolucionarias de Colombia (FARC). Antes de involucrarse en la lucha armada, Yezid ya hab\u00eda sido capturado y encarcelado por dirigir diversas huelgas en la universidad. M\u00e1s tarde, se vincul\u00f3 a las FARC y particip\u00f3 de la que ha sido \u201cla guerra de guerrillas m\u00e1s dura del mundo\u201d. Pas\u00f3 10 a\u00f1os en la c\u00e1rcel y all\u00ed se dedic\u00f3 a la escritura. Es autor de varias obras como <em>Relatos de un convicto rebelde<\/em>\u00a0(2007), <em>\u00a1DESCANSEN ARMAS!\u00a0<\/em>(2014) o <em>La mala reputaci\u00f3n. \u00bfIzquierda para existir o para ganar? (2017).<\/em> Actualmente est\u00e1 preparando otra publicaci\u00f3n y se dedica a construir escenarios de paz y de reconciliaci\u00f3n.<\/p>\n<figure id=\"attachment_16247\" aria-describedby=\"caption-attachment-16247\" style=\"width: 324px\" class=\"wp-caption alignright\"><img decoding=\"async\" class=\"wp-image-16247\" src=\"https:\/\/www.revistarambla.com\/wp-content\/uploads\/2018\/07\/R@MBLA-YEZID-COLOMBIA-02.jpg\" alt=\"\" width=\"324\" height=\"506\" srcset=\"https:\/\/www.revistarambla.com\/wp-content\/uploads\/2018\/07\/R@MBLA-YEZID-COLOMBIA-02.jpg 608w, https:\/\/www.revistarambla.com\/wp-content\/uploads\/2018\/07\/R@MBLA-YEZID-COLOMBIA-02-192x300.jpg 192w, https:\/\/www.revistarambla.com\/wp-content\/uploads\/2018\/07\/R@MBLA-YEZID-COLOMBIA-02-500x781.jpg 500w, https:\/\/www.revistarambla.com\/wp-content\/uploads\/2018\/07\/R@MBLA-YEZID-COLOMBIA-02-362x566.jpg 362w, https:\/\/www.revistarambla.com\/wp-content\/uploads\/2018\/07\/R@MBLA-YEZID-COLOMBIA-02-277x433.jpg 277w, https:\/\/www.revistarambla.com\/wp-content\/uploads\/2018\/07\/R@MBLA-YEZID-COLOMBIA-02-195x305.jpg 195w, https:\/\/www.revistarambla.com\/wp-content\/uploads\/2018\/07\/R@MBLA-YEZID-COLOMBIA-02-600x938.jpg 600w\" sizes=\"(max-width: 324px) 100vw, 324px\" \/><figcaption id=\"caption-attachment-16247\" class=\"wp-caption-text\">YEZID ARTETA<\/figcaption><\/figure>\n<p>Arteta ingres\u00f3 en las FARC obedeciendo razones ideol\u00f3gicas. Obtuvo una formaci\u00f3n marxista-leninista en la Uni\u00f3n Sovi\u00e9tica y tambi\u00e9n en la antigua Yugoslavia. Fue militante de la Juventud Comunista y dirigente estudiantil en Barranquilla, su ciudad natal. En los a\u00f1os 60 nacieron diferentes guerrillas como el Ej\u00e9rcito de Liberaci\u00f3n Nacional y las FARC. El primero se inscrib\u00eda en el modelo guevarista y, en cambio, las FARC conformaban un proyecto de resistencia campesina contra la agresi\u00f3n latifundista. Su fundador, Manuel Marulanda V\u00e9lez, alias <em>Tirofijo, <\/em>se concentr\u00f3 con un grupo de campesinos en Marquetalia, una regi\u00f3n perteneciente a la zona andina de Colombia, y crearon un grupo de resistencia. \u201cLas FARC no beben de las teor\u00edas del Che, sino que es un proceso espont\u00e1neo de campesinos que se organizan contra las bandas de los conservadores que los quieren matar y apoderarse de sus tierras, animales y cosechas\u201d. Estos campesinos huyeron al monte, se organizaron en grupos, reunieron armas y comenzaron a defenderse. Se da un proceso lento hasta convertirse en una guerrilla marxista-leninista.<\/p>\n<p>En 1970 surge una organizaci\u00f3n guerrillera urbana llamada <em>Movimiento 19 de abril<\/em>, formada por cuadros intelectuales que proced\u00edan de distintas manifestaciones de la izquierda. Con el surgimiento de esta guerrilla, las FARC salen de las profundidades de la selva y se expanden por las zonas urbanas. Llegan a ser una guerrilla invencible con una retaguardia estrat\u00e9gica consolidada y con un apoyo muy importante por parte de la poblaci\u00f3n campesina.<\/p>\n<p>Despu\u00e9s de 20 a\u00f1os de lucha armada, en 1984 se da una negociaci\u00f3n de paz y hay un cese al fuego temporal. \u201cEn ese momento se crea la <em>Uni\u00f3n Patri\u00f3tica<\/em>, un partido pol\u00edtico de izquierda en el que algunos miembros de las FARC nos involucramos y formamos parte de su organizaci\u00f3n. Este proyecto tiene mucha fuerza en las zonas agrarias. Nuestro objetivo era hacer una transici\u00f3n de movimiento armado a grupo pol\u00edtico\u201d, sentencia Arteta. Pero en esa \u00e9poca la Guerra Fr\u00eda ya hab\u00eda llegado a su punto \u00e1lgido, por lo que los Estados Unidos no iban a permitir que un proyecto pol\u00edtico asociado al comunismo tuviera lugar. En ese momento empieza un trabajo de exterminio de la <em>Uni\u00f3n Patri\u00f3tica<\/em>. Yezid alerta sobre la imposici\u00f3n de los Estados Unidos en el aparato militar colombiano: \u201cLa c\u00fapula militar de los Estados de Colombia est\u00e1 formada bajo los par\u00e1metros del Pent\u00e1gono\u201d.<\/p>\n<p>Estados Unidos don\u00f3 millones de d\u00f3lares al gobierno colombiano para modernizar el ej\u00e9rcito y lo convirtieron en el m\u00e1s grande de Am\u00e9rica Latina. Sin embargo, no fue posible derrotar a las FARC. Arteta argumenta las razones que explican este hecho: \u201cLas FARC logran construir una base social. No se trata de un ej\u00e9rcito de ocupaci\u00f3n. En muchas regiones de Colombia, la guerrilla va construyendo, a lo largo de los a\u00f1os, una especie de Estado paralelo. Crea instituciones populares y, adem\u00e1s, proporciona algo indispensable para la vida campesina: seguridad. Cuando la guerrilla est\u00e1, los campesinos sienten que nadie va a venir a robarle sus gallinas\u201d.<\/p>\n<p>Yezid Arteta se vincul\u00f3 a las FARC a principios de los 80. En esos a\u00f1os, en Am\u00e9rica Latina exist\u00eda la visi\u00f3n de que la lucha armada era la v\u00eda para resolver los problemas de la revoluci\u00f3n. Hay un punto de inflexi\u00f3n con el golpe de Estado de Pinochet en 1973. \u201cAntes del golpe, se cre\u00eda que con los procesos pol\u00edticos se pod\u00eda conseguir el poder. Despu\u00e9s, los partidarios de la lucha armada sentenciaron que, en Am\u00e9rica Latina, que en ese momento era el traspatio de los Estados Unidos, no se pod\u00eda dar una revoluci\u00f3n pac\u00edfica. Hab\u00eda que hacer una insurrecci\u00f3n a trav\u00e9s de la lucha armada y sobre esa base construir una nueva sociedad\u201d, afirma Arteta. El triunfo de la revoluci\u00f3n nicarag\u00fcense en 1979 y los hechos ocurridos en El Salvador reforzaron esta teor\u00eda.<\/p>\n<p>La guerrilla de las FARC cont\u00f3 con un sub-ej\u00e9rcito de casi 20.000 hombres. Los Estados Unidos intervinieron para equilibrar la balanza y repotencializar el aparato militar oficial del pa\u00eds. El llamado <em>Plan Colombia <\/em>conten\u00eda un paquete de ayudas del tesoro norteamericano de entre 10.000 y 12.000 millones de d\u00f3lares y se us\u00f3 como respuesta a la gran expansi\u00f3n e influencia de las FARC. \u201cHay un momento en que miembros de las fuerzas militares se asocian con sectores de la extrema derecha y se involucran en masacres. Estos paramilitares act\u00faan como mercenarios pagados por un patr\u00f3n dentro de una estructura de tipo gansteril\u201d.<\/p>\n<p><img decoding=\"async\" class=\"aligncenter size-full wp-image-16248\" src=\"https:\/\/www.revistarambla.com\/wp-content\/uploads\/2018\/07\/R@MBLA-YEZID-COLOMBIA-03.jpg\" alt=\"\" width=\"950\" height=\"625\" srcset=\"https:\/\/www.revistarambla.com\/wp-content\/uploads\/2018\/07\/R@MBLA-YEZID-COLOMBIA-03.jpg 950w, https:\/\/www.revistarambla.com\/wp-content\/uploads\/2018\/07\/R@MBLA-YEZID-COLOMBIA-03-300x197.jpg 300w, https:\/\/www.revistarambla.com\/wp-content\/uploads\/2018\/07\/R@MBLA-YEZID-COLOMBIA-03-768x505.jpg 768w, https:\/\/www.revistarambla.com\/wp-content\/uploads\/2018\/07\/R@MBLA-YEZID-COLOMBIA-03-500x329.jpg 500w, https:\/\/www.revistarambla.com\/wp-content\/uploads\/2018\/07\/R@MBLA-YEZID-COLOMBIA-03-850x559.jpg 850w, https:\/\/www.revistarambla.com\/wp-content\/uploads\/2018\/07\/R@MBLA-YEZID-COLOMBIA-03-650x428.jpg 650w, https:\/\/www.revistarambla.com\/wp-content\/uploads\/2018\/07\/R@MBLA-YEZID-COLOMBIA-03-458x301.jpg 458w, https:\/\/www.revistarambla.com\/wp-content\/uploads\/2018\/07\/R@MBLA-YEZID-COLOMBIA-03-600x395.jpg 600w\" sizes=\"(max-width: 950px) 100vw, 950px\" \/><\/p>\n<p>Las FARC obten\u00edan parte de su financiaci\u00f3n a partir de los cultivos de coca. En las regiones donde hab\u00eda actividad se cobraba un impuesto a los grandes cocaleros, del cual una parte iba destinado a resolver necesidades b\u00e1sicas. La guerrilla estableci\u00f3 l\u00edmites a la desforestaci\u00f3n en la Amazonia o al consumo de coca. \u201cAhora, el proceso de cultivo es muy an\u00e1rquico. Esas zonas las est\u00e1n llenando narcotraficantes con fuertes v\u00ednculos con los carteles mexicanos. \u00c9stos est\u00e1n directamente controlando la producci\u00f3n, cuando antes la controlaban los propios colombianos. Esas zonas son totalmente ca\u00f3ticas porque el Estado no llega a ellas. Han pasado de ser zonas m\u00e1s o menos estabilizadas en tiempos de guerra a ser violentas en tiempos de acuerdos de paz\u201d. En dichos acuerdos figuraba que el Estado se iba a involucrar en la sustituci\u00f3n de los cultivos, por ello los narcotraficantes est\u00e1n asesinando a los l\u00edderes partidarios de los proyectos de sustituci\u00f3n. La violencia tambi\u00e9n es un arma que se utiliza en muchas zonas de Colombia para combatir a los movimientos de \u201creclamantes de tierras\u201d, los campesinos que quieren recuperar sus tierras despu\u00e9s de que los paramilitares se las arrebataran. Estos campesinos est\u00e1n siendo asesinados por reivindicar sus derechos.<\/p>\n<p>Sobre los acuerdos de paz firmados entre el gobierno colombiano y las FARC, el excombatiente muestra su escepticismo: \u201cEstamos hablando de un proceso de paz que ya es un fracaso. La paz en Colombia se politiz\u00f3, en el mal sentido. Las fuerzas de oposici\u00f3n quer\u00edan que el acuerdo fracasara. El sector uribista, que es el que acaba de ganar las elecciones, fue el que sabote\u00f3 el proceso de paz y ahora va a gobernar un pa\u00eds con una violencia desatada\u201d. Arteta afirma que el pa\u00eds se est\u00e1 desestabilizando. La violencia sigue estando presente y el proceso de reinserci\u00f3n de los guerrilleros ha fracasado. Muchos est\u00e1n volviendo a articularse en bandas que tienen v\u00ednculos con los narcos. Constituyen grupos aislados y sin organizaci\u00f3n, que toman el control territorial e imponen su ley hasta eliminar al disidente. \u201cLa paz, en realidad, consiste en penetrar en los lugares donde se reproduce el conflicto\u201d sentencia Yezid Arteta, que seguir\u00e1 de cerca los acontecimientos que se desarrollen en un pa\u00eds libre de la sombra de la guerra, pero con unas cotas de violencia que tienden a propagarse.<\/p>","protected":false},"excerpt":{"rendered":"<p>Conversamos con Yezid Arteta D\u00e1vila sobre su etapa como comandante en las Fuerzas Armadas Revolucionarias de Colombia (FARC). Antes de involucrarse en la lucha armada, Yezid ya hab\u00eda sido capturado y encarcelado por dirigir diversas huelgas en la universidad. M\u00e1s tarde, se vincul\u00f3 a las FARC y particip\u00f3 de la [&hellip;]<\/p>\n","protected":false},"author":15,"featured_media":16246,"comment_status":"open","ping_status":"open","sticky":false,"template":"","format":"standard","meta":{"footnotes":""},"categories":[3,57],"tags":[],"class_list":["post-16245","post","type-post","status-publish","format-standard","has-post-thumbnail","hentry","category-actualidad","category-global"],"yoast_head":"<!-- This site is optimized with the Yoast SEO plugin v27.5 - https:\/\/yoast.com\/product\/yoast-seo-wordpress\/ -->\n<title>Yediz Arteta: \u201cEl sector que ha ganado las elecciones en Colombia sabote\u00f3 el proceso de paz y ahora gobierna un pa\u00eds con una violencia desatada\u201d - Revista Rambla<\/title>\n<meta name=\"robots\" content=\"index, follow, max-snippet:-1, max-image-preview:large, max-video-preview:-1\" \/>\n<link rel=\"canonical\" href=\"https:\/\/www.revistarambla.com\/en\/yezid-arteta-el-sector-que-ha-ganado-las-elecciones-en-colombia-saboteo-el-proceso-de-paz-y-ahora-gobierna-un-pais-con-una-violencia-desatada\/\" \/>\n<meta property=\"og:locale\" content=\"en_GB\" \/>\n<meta property=\"og:type\" content=\"article\" \/>\n<meta property=\"og:title\" content=\"Yediz Arteta: \u201cEl sector que ha ganado las elecciones en Colombia sabote\u00f3 el proceso de paz y ahora gobierna un pa\u00eds con una violencia desatada\u201d - Revista Rambla\" \/>\n<meta property=\"og:description\" content=\"Conversamos con Yezid Arteta D\u00e1vila sobre su etapa como comandante en las Fuerzas Armadas Revolucionarias de Colombia (FARC). Antes de involucrarse en la lucha armada, Yezid ya hab\u00eda sido capturado y encarcelado por dirigir diversas huelgas en la universidad. M\u00e1s tarde, se vincul\u00f3 a las FARC y particip\u00f3 de la [&hellip;]\" \/>\n<meta property=\"og:url\" content=\"https:\/\/www.revistarambla.com\/en\/yezid-arteta-el-sector-que-ha-ganado-las-elecciones-en-colombia-saboteo-el-proceso-de-paz-y-ahora-gobierna-un-pais-con-una-violencia-desatada\/\" \/>\n<meta property=\"og:site_name\" content=\"Revista Rambla\" \/>\n<meta property=\"article:publisher\" content=\"https:\/\/www.facebook.com\/revistarambla\/\" \/>\n<meta property=\"article:published_time\" content=\"2018-07-13T04:22:45+00:00\" \/>\n<meta property=\"article:modified_time\" content=\"2021-01-29T02:18:47+00:00\" \/>\n<meta property=\"og:image\" content=\"https:\/\/i1.wp.com\/www.revistarambla.com\/wp-content\/uploads\/2018\/07\/R@MBLA-YEZID-COLOMBIA-01.jpg?fit=950%2C686&ssl=1\" \/>\n\t<meta property=\"og:image:width\" content=\"950\" \/>\n\t<meta property=\"og:image:height\" content=\"686\" \/>\n\t<meta property=\"og:image:type\" content=\"image\/jpeg\" \/>\n<meta name=\"author\" content=\"Marta P\u00e9rez\" \/>\n<meta name=\"twitter:card\" content=\"summary_large_image\" \/>\n<meta name=\"twitter:creator\" content=\"@revistarambla\" \/>\n<meta name=\"twitter:site\" content=\"@revistarambla\" \/>\n<meta name=\"twitter:label1\" content=\"Written by\" \/>\n\t<meta name=\"twitter:data1\" content=\"Marta P\u00e9rez\" \/>\n\t<meta name=\"twitter:label2\" content=\"Estimated reading time\" \/>\n\t<meta name=\"twitter:data2\" content=\"6 minutes\" \/>\n<script type=\"application\/ld+json\" class=\"yoast-schema-graph\">{\"@context\":\"https:\\\/\\\/schema.org\",\"@graph\":[{\"@type\":\"Article\",\"@id\":\"https:\\\/\\\/www.revistarambla.com\\\/yezid-arteta-el-sector-que-ha-ganado-las-elecciones-en-colombia-saboteo-el-proceso-de-paz-y-ahora-gobierna-un-pais-con-una-violencia-desatada\\\/#article\",\"isPartOf\":{\"@id\":\"https:\\\/\\\/www.revistarambla.com\\\/yezid-arteta-el-sector-que-ha-ganado-las-elecciones-en-colombia-saboteo-el-proceso-de-paz-y-ahora-gobierna-un-pais-con-una-violencia-desatada\\\/\"},\"author\":{\"name\":\"Marta P\u00e9rez\",\"@id\":\"https:\\\/\\\/www.revistarambla.com\\\/#\\\/schema\\\/person\\\/2b19179a8ace334b829ad72cc6e6ce97\"},\"headline\":\"Yediz Arteta: \u201cEl sector que ha ganado las elecciones en Colombia sabote\u00f3 el proceso de paz y ahora gobierna un pa\u00eds con una violencia desatada\u201d\",\"datePublished\":\"2018-07-13T04:22:45+00:00\",\"dateModified\":\"2021-01-29T02:18:47+00:00\",\"mainEntityOfPage\":{\"@id\":\"https:\\\/\\\/www.revistarambla.com\\\/yezid-arteta-el-sector-que-ha-ganado-las-elecciones-en-colombia-saboteo-el-proceso-de-paz-y-ahora-gobierna-un-pais-con-una-violencia-desatada\\\/\"},\"wordCount\":1355,\"commentCount\":0,\"publisher\":{\"@id\":\"https:\\\/\\\/www.revistarambla.com\\\/#organization\"},\"image\":{\"@id\":\"https:\\\/\\\/www.revistarambla.com\\\/yezid-arteta-el-sector-que-ha-ganado-las-elecciones-en-colombia-saboteo-el-proceso-de-paz-y-ahora-gobierna-un-pais-con-una-violencia-desatada\\\/#primaryimage\"},\"thumbnailUrl\":\"https:\\\/\\\/www.revistarambla.com\\\/wp-content\\\/uploads\\\/2018\\\/07\\\/R@MBLA-YEZID-COLOMBIA-01.jpg\",\"articleSection\":[\"Actualidad\",\"Global\"],\"inLanguage\":\"en-GB\",\"potentialAction\":[{\"@type\":\"CommentAction\",\"name\":\"Comment\",\"target\":[\"https:\\\/\\\/www.revistarambla.com\\\/yezid-arteta-el-sector-que-ha-ganado-las-elecciones-en-colombia-saboteo-el-proceso-de-paz-y-ahora-gobierna-un-pais-con-una-violencia-desatada\\\/#respond\"]}]},{\"@type\":\"WebPage\",\"@id\":\"https:\\\/\\\/www.revistarambla.com\\\/yezid-arteta-el-sector-que-ha-ganado-las-elecciones-en-colombia-saboteo-el-proceso-de-paz-y-ahora-gobierna-un-pais-con-una-violencia-desatada\\\/\",\"url\":\"https:\\\/\\\/www.revistarambla.com\\\/yezid-arteta-el-sector-que-ha-ganado-las-elecciones-en-colombia-saboteo-el-proceso-de-paz-y-ahora-gobierna-un-pais-con-una-violencia-desatada\\\/\",\"name\":\"Yediz Arteta: \u201cEl sector que ha ganado las elecciones en Colombia sabote\u00f3 el proceso de paz y ahora gobierna un pa\u00eds con una violencia desatada\u201d - Revista Rambla\",\"isPartOf\":{\"@id\":\"https:\\\/\\\/www.revistarambla.com\\\/#website\"},\"primaryImageOfPage\":{\"@id\":\"https:\\\/\\\/www.revistarambla.com\\\/yezid-arteta-el-sector-que-ha-ganado-las-elecciones-en-colombia-saboteo-el-proceso-de-paz-y-ahora-gobierna-un-pais-con-una-violencia-desatada\\\/#primaryimage\"},\"image\":{\"@id\":\"https:\\\/\\\/www.revistarambla.com\\\/yezid-arteta-el-sector-que-ha-ganado-las-elecciones-en-colombia-saboteo-el-proceso-de-paz-y-ahora-gobierna-un-pais-con-una-violencia-desatada\\\/#primaryimage\"},\"thumbnailUrl\":\"https:\\\/\\\/www.revistarambla.com\\\/wp-content\\\/uploads\\\/2018\\\/07\\\/R@MBLA-YEZID-COLOMBIA-01.jpg\",\"datePublished\":\"2018-07-13T04:22:45+00:00\",\"dateModified\":\"2021-01-29T02:18:47+00:00\",\"breadcrumb\":{\"@id\":\"https:\\\/\\\/www.revistarambla.com\\\/yezid-arteta-el-sector-que-ha-ganado-las-elecciones-en-colombia-saboteo-el-proceso-de-paz-y-ahora-gobierna-un-pais-con-una-violencia-desatada\\\/#breadcrumb\"},\"inLanguage\":\"en-GB\",\"potentialAction\":[{\"@type\":\"ReadAction\",\"target\":[\"https:\\\/\\\/www.revistarambla.com\\\/yezid-arteta-el-sector-que-ha-ganado-las-elecciones-en-colombia-saboteo-el-proceso-de-paz-y-ahora-gobierna-un-pais-con-una-violencia-desatada\\\/\"]}]},{\"@type\":\"ImageObject\",\"inLanguage\":\"en-GB\",\"@id\":\"https:\\\/\\\/www.revistarambla.com\\\/yezid-arteta-el-sector-que-ha-ganado-las-elecciones-en-colombia-saboteo-el-proceso-de-paz-y-ahora-gobierna-un-pais-con-una-violencia-desatada\\\/#primaryimage\",\"url\":\"https:\\\/\\\/www.revistarambla.com\\\/wp-content\\\/uploads\\\/2018\\\/07\\\/R@MBLA-YEZID-COLOMBIA-01.jpg\",\"contentUrl\":\"https:\\\/\\\/www.revistarambla.com\\\/wp-content\\\/uploads\\\/2018\\\/07\\\/R@MBLA-YEZID-COLOMBIA-01.jpg\",\"width\":950,\"height\":686},{\"@type\":\"BreadcrumbList\",\"@id\":\"https:\\\/\\\/www.revistarambla.com\\\/yezid-arteta-el-sector-que-ha-ganado-las-elecciones-en-colombia-saboteo-el-proceso-de-paz-y-ahora-gobierna-un-pais-con-una-violencia-desatada\\\/#breadcrumb\",\"itemListElement\":[{\"@type\":\"ListItem\",\"position\":1,\"name\":\"Portada\",\"item\":\"https:\\\/\\\/www.revistarambla.com\\\/\"},{\"@type\":\"ListItem\",\"position\":2,\"name\":\"Yediz Arteta: \u201cEl sector que ha ganado las elecciones en Colombia sabote\u00f3 el proceso de paz y ahora gobierna un pa\u00eds con una violencia desatada\u201d\"}]},{\"@type\":\"WebSite\",\"@id\":\"https:\\\/\\\/www.revistarambla.com\\\/#website\",\"url\":\"https:\\\/\\\/www.revistarambla.com\\\/\",\"name\":\"Revista Rambla Barcelona\",\"description\":\"Periodismo independiente\",\"publisher\":{\"@id\":\"https:\\\/\\\/www.revistarambla.com\\\/#organization\"},\"potentialAction\":[{\"@type\":\"SearchAction\",\"target\":{\"@type\":\"EntryPoint\",\"urlTemplate\":\"https:\\\/\\\/www.revistarambla.com\\\/?s={search_term_string}\"},\"query-input\":{\"@type\":\"PropertyValueSpecification\",\"valueRequired\":true,\"valueName\":\"search_term_string\"}}],\"inLanguage\":\"en-GB\"},{\"@type\":\"Organization\",\"@id\":\"https:\\\/\\\/www.revistarambla.com\\\/#organization\",\"name\":\"Revista Rambla\",\"url\":\"https:\\\/\\\/www.revistarambla.com\\\/\",\"logo\":{\"@type\":\"ImageObject\",\"inLanguage\":\"en-GB\",\"@id\":\"https:\\\/\\\/www.revistarambla.com\\\/#\\\/schema\\\/logo\\\/image\\\/\",\"url\":\"https:\\\/\\\/www.revistarambla.com\\\/wp-content\\\/uploads\\\/2020\\\/09\\\/banner_rambla_1900x600_BB.png\",\"contentUrl\":\"https:\\\/\\\/www.revistarambla.com\\\/wp-content\\\/uploads\\\/2020\\\/09\\\/banner_rambla_1900x600_BB.png\",\"width\":1900,\"height\":600,\"caption\":\"Revista Rambla\"},\"image\":{\"@id\":\"https:\\\/\\\/www.revistarambla.com\\\/#\\\/schema\\\/logo\\\/image\\\/\"},\"sameAs\":[\"https:\\\/\\\/www.facebook.com\\\/revistarambla\\\/\",\"https:\\\/\\\/x.com\\\/revistarambla\",\"https:\\\/\\\/www.instagram.com\\\/revista_rambla\",\"https:\\\/\\\/es.linkedin.com\\\/company\\\/revista-rambla\"]},{\"@type\":\"Person\",\"@id\":\"https:\\\/\\\/www.revistarambla.com\\\/#\\\/schema\\\/person\\\/2b19179a8ace334b829ad72cc6e6ce97\",\"name\":\"Marta P\u00e9rez\",\"description\":\"Periodista.\"}]}<\/script>\n<!-- \/ Yoast SEO plugin. -->","yoast_head_json":{"title":"Yediz Arteta: \u201cEl sector que ha ganado las elecciones en Colombia sabote\u00f3 el proceso de paz y ahora gobierna un pa\u00eds con una violencia desatada\u201d - Revista Rambla","robots":{"index":"index","follow":"follow","max-snippet":"max-snippet:-1","max-image-preview":"max-image-preview:large","max-video-preview":"max-video-preview:-1"},"canonical":"https:\/\/www.revistarambla.com\/en\/yezid-arteta-el-sector-que-ha-ganado-las-elecciones-en-colombia-saboteo-el-proceso-de-paz-y-ahora-gobierna-un-pais-con-una-violencia-desatada\/","og_locale":"en_GB","og_type":"article","og_title":"Yediz Arteta: \u201cEl sector que ha ganado las elecciones en Colombia sabote\u00f3 el proceso de paz y ahora gobierna un pa\u00eds con una violencia desatada\u201d - Revista Rambla","og_description":"Conversamos con Yezid Arteta D\u00e1vila sobre su etapa como comandante en las Fuerzas Armadas Revolucionarias de Colombia (FARC). Antes de involucrarse en la lucha armada, Yezid ya hab\u00eda sido capturado y encarcelado por dirigir diversas huelgas en la universidad. M\u00e1s tarde, se vincul\u00f3 a las FARC y particip\u00f3 de la [&hellip;]","og_url":"https:\/\/www.revistarambla.com\/en\/yezid-arteta-el-sector-que-ha-ganado-las-elecciones-en-colombia-saboteo-el-proceso-de-paz-y-ahora-gobierna-un-pais-con-una-violencia-desatada\/","og_site_name":"Revista Rambla","article_publisher":"https:\/\/www.facebook.com\/revistarambla\/","article_published_time":"2018-07-13T04:22:45+00:00","article_modified_time":"2021-01-29T02:18:47+00:00","og_image":[{"width":950,"height":686,"url":"https:\/\/i1.wp.com\/www.revistarambla.com\/wp-content\/uploads\/2018\/07\/R@MBLA-YEZID-COLOMBIA-01.jpg?fit=950%2C686&ssl=1","type":"image\/jpeg"}],"author":"Marta P\u00e9rez","twitter_card":"summary_large_image","twitter_creator":"@revistarambla","twitter_site":"@revistarambla","twitter_misc":{"Written by":"Marta P\u00e9rez","Estimated reading time":"6 minutes"},"schema":{"@context":"https:\/\/schema.org","@graph":[{"@type":"Article","@id":"https:\/\/www.revistarambla.com\/yezid-arteta-el-sector-que-ha-ganado-las-elecciones-en-colombia-saboteo-el-proceso-de-paz-y-ahora-gobierna-un-pais-con-una-violencia-desatada\/#article","isPartOf":{"@id":"https:\/\/www.revistarambla.com\/yezid-arteta-el-sector-que-ha-ganado-las-elecciones-en-colombia-saboteo-el-proceso-de-paz-y-ahora-gobierna-un-pais-con-una-violencia-desatada\/"},"author":{"name":"Marta P\u00e9rez","@id":"https:\/\/www.revistarambla.com\/#\/schema\/person\/2b19179a8ace334b829ad72cc6e6ce97"},"headline":"Yediz Arteta: \u201cEl sector que ha ganado las elecciones en Colombia sabote\u00f3 el proceso de paz y ahora gobierna un pa\u00eds con una violencia desatada\u201d","datePublished":"2018-07-13T04:22:45+00:00","dateModified":"2021-01-29T02:18:47+00:00","mainEntityOfPage":{"@id":"https:\/\/www.revistarambla.com\/yezid-arteta-el-sector-que-ha-ganado-las-elecciones-en-colombia-saboteo-el-proceso-de-paz-y-ahora-gobierna-un-pais-con-una-violencia-desatada\/"},"wordCount":1355,"commentCount":0,"publisher":{"@id":"https:\/\/www.revistarambla.com\/#organization"},"image":{"@id":"https:\/\/www.revistarambla.com\/yezid-arteta-el-sector-que-ha-ganado-las-elecciones-en-colombia-saboteo-el-proceso-de-paz-y-ahora-gobierna-un-pais-con-una-violencia-desatada\/#primaryimage"},"thumbnailUrl":"https:\/\/www.revistarambla.com\/wp-content\/uploads\/2018\/07\/R@MBLA-YEZID-COLOMBIA-01.jpg","articleSection":["Actualidad","Global"],"inLanguage":"en-GB","potentialAction":[{"@type":"CommentAction","name":"Comment","target":["https:\/\/www.revistarambla.com\/yezid-arteta-el-sector-que-ha-ganado-las-elecciones-en-colombia-saboteo-el-proceso-de-paz-y-ahora-gobierna-un-pais-con-una-violencia-desatada\/#respond"]}]},{"@type":"WebPage","@id":"https:\/\/www.revistarambla.com\/yezid-arteta-el-sector-que-ha-ganado-las-elecciones-en-colombia-saboteo-el-proceso-de-paz-y-ahora-gobierna-un-pais-con-una-violencia-desatada\/","url":"https:\/\/www.revistarambla.com\/yezid-arteta-el-sector-que-ha-ganado-las-elecciones-en-colombia-saboteo-el-proceso-de-paz-y-ahora-gobierna-un-pais-con-una-violencia-desatada\/","name":"Yediz Arteta: \u201cEl sector que ha ganado las elecciones en Colombia sabote\u00f3 el proceso de paz y ahora gobierna un pa\u00eds con una violencia desatada\u201d - Revista Rambla","isPartOf":{"@id":"https:\/\/www.revistarambla.com\/#website"},"primaryImageOfPage":{"@id":"https:\/\/www.revistarambla.com\/yezid-arteta-el-sector-que-ha-ganado-las-elecciones-en-colombia-saboteo-el-proceso-de-paz-y-ahora-gobierna-un-pais-con-una-violencia-desatada\/#primaryimage"},"image":{"@id":"https:\/\/www.revistarambla.com\/yezid-arteta-el-sector-que-ha-ganado-las-elecciones-en-colombia-saboteo-el-proceso-de-paz-y-ahora-gobierna-un-pais-con-una-violencia-desatada\/#primaryimage"},"thumbnailUrl":"https:\/\/www.revistarambla.com\/wp-content\/uploads\/2018\/07\/R@MBLA-YEZID-COLOMBIA-01.jpg","datePublished":"2018-07-13T04:22:45+00:00","dateModified":"2021-01-29T02:18:47+00:00","breadcrumb":{"@id":"https:\/\/www.revistarambla.com\/yezid-arteta-el-sector-que-ha-ganado-las-elecciones-en-colombia-saboteo-el-proceso-de-paz-y-ahora-gobierna-un-pais-con-una-violencia-desatada\/#breadcrumb"},"inLanguage":"en-GB","potentialAction":[{"@type":"ReadAction","target":["https:\/\/www.revistarambla.com\/yezid-arteta-el-sector-que-ha-ganado-las-elecciones-en-colombia-saboteo-el-proceso-de-paz-y-ahora-gobierna-un-pais-con-una-violencia-desatada\/"]}]},{"@type":"ImageObject","inLanguage":"en-GB","@id":"https:\/\/www.revistarambla.com\/yezid-arteta-el-sector-que-ha-ganado-las-elecciones-en-colombia-saboteo-el-proceso-de-paz-y-ahora-gobierna-un-pais-con-una-violencia-desatada\/#primaryimage","url":"https:\/\/www.revistarambla.com\/wp-content\/uploads\/2018\/07\/R@MBLA-YEZID-COLOMBIA-01.jpg","contentUrl":"https:\/\/www.revistarambla.com\/wp-content\/uploads\/2018\/07\/R@MBLA-YEZID-COLOMBIA-01.jpg","width":950,"height":686},{"@type":"BreadcrumbList","@id":"https:\/\/www.revistarambla.com\/yezid-arteta-el-sector-que-ha-ganado-las-elecciones-en-colombia-saboteo-el-proceso-de-paz-y-ahora-gobierna-un-pais-con-una-violencia-desatada\/#breadcrumb","itemListElement":[{"@type":"ListItem","position":1,"name":"Portada","item":"https:\/\/www.revistarambla.com\/"},{"@type":"ListItem","position":2,"name":"Yediz Arteta: \u201cEl sector que ha ganado las elecciones en Colombia sabote\u00f3 el proceso de paz y ahora gobierna un pa\u00eds con una violencia desatada\u201d"}]},{"@type":"WebSite","@id":"https:\/\/www.revistarambla.com\/#website","url":"https:\/\/www.revistarambla.com\/","name":"Revista Rambla Barcelona","description":"Periodismo independiente","publisher":{"@id":"https:\/\/www.revistarambla.com\/#organization"},"potentialAction":[{"@type":"SearchAction","target":{"@type":"EntryPoint","urlTemplate":"https:\/\/www.revistarambla.com\/?s={search_term_string}"},"query-input":{"@type":"PropertyValueSpecification","valueRequired":true,"valueName":"search_term_string"}}],"inLanguage":"en-GB"},{"@type":"Organization","@id":"https:\/\/www.revistarambla.com\/#organization","name":"Revista Rambla","url":"https:\/\/www.revistarambla.com\/","logo":{"@type":"ImageObject","inLanguage":"en-GB","@id":"https:\/\/www.revistarambla.com\/#\/schema\/logo\/image\/","url":"https:\/\/www.revistarambla.com\/wp-content\/uploads\/2020\/09\/banner_rambla_1900x600_BB.png","contentUrl":"https:\/\/www.revistarambla.com\/wp-content\/uploads\/2020\/09\/banner_rambla_1900x600_BB.png","width":1900,"height":600,"caption":"Revista Rambla"},"image":{"@id":"https:\/\/www.revistarambla.com\/#\/schema\/logo\/image\/"},"sameAs":["https:\/\/www.facebook.com\/revistarambla\/","https:\/\/x.com\/revistarambla","https:\/\/www.instagram.com\/revista_rambla","https:\/\/es.linkedin.com\/company\/revista-rambla"]},{"@type":"Person","@id":"https:\/\/www.revistarambla.com\/#\/schema\/person\/2b19179a8ace334b829ad72cc6e6ce97","name":"Marta P\u00e9rez","description":"Periodista."}]}},"_links":{"self":[{"href":"https:\/\/www.revistarambla.com\/en\/wp-json\/wp\/v2\/posts\/16245","targetHints":{"allow":["GET"]}}],"collection":[{"href":"https:\/\/www.revistarambla.com\/en\/wp-json\/wp\/v2\/posts"}],"about":[{"href":"https:\/\/www.revistarambla.com\/en\/wp-json\/wp\/v2\/types\/post"}],"author":[{"embeddable":true,"href":"https:\/\/www.revistarambla.com\/en\/wp-json\/wp\/v2\/users\/15"}],"replies":[{"embeddable":true,"href":"https:\/\/www.revistarambla.com\/en\/wp-json\/wp\/v2\/comments?post=16245"}],"version-history":[{"count":0,"href":"https:\/\/www.revistarambla.com\/en\/wp-json\/wp\/v2\/posts\/16245\/revisions"}],"wp:featuredmedia":[{"embeddable":true,"href":"https:\/\/www.revistarambla.com\/en\/wp-json\/wp\/v2\/media\/16246"}],"wp:attachment":[{"href":"https:\/\/www.revistarambla.com\/en\/wp-json\/wp\/v2\/media?parent=16245"}],"wp:term":[{"taxonomy":"category","embeddable":true,"href":"https:\/\/www.revistarambla.com\/en\/wp-json\/wp\/v2\/categories?post=16245"},{"taxonomy":"post_tag","embeddable":true,"href":"https:\/\/www.revistarambla.com\/en\/wp-json\/wp\/v2\/tags?post=16245"}],"curies":[{"name":"wp","href":"https:\/\/api.w.org\/{rel}","templated":true}]}}