{"id":1580,"date":"2012-04-18T05:03:17","date_gmt":"2012-04-18T03:03:17","guid":{"rendered":"https:\/\/www.revistarambla.com\/nosotros-los-elefantes\/"},"modified":"2022-10-21T18:41:22","modified_gmt":"2022-10-21T16:41:22","slug":"nosotros-los-elefantes","status":"publish","type":"post","link":"https:\/\/www.revistarambla.com\/en\/nosotros-los-elefantes\/","title":{"rendered":"Nosotros, los elefantes"},"content":{"rendered":"<p>La pretendida confianza en Espa\u00f1a que Mariano Rajoy iba a inyectar en los esot\u00e9ricos mercados que gu\u00edan nuestros destinos por los desag\u00fces de la econom\u00eda, comienza a dar sus frutos. Poco m\u00e1s de cien d\u00edas de contrarreforma del PP han bastado para que el pa\u00eds encuentre su lugar en este mundo a la deriva: \u201cEspa\u00f1a solo vale para flamenco y vino\u201d. As\u00ed de rotundo lo subray\u00f3 la pasada semana el norteamericano Richard A. Boucher, secretario adjunto de la Organizaci\u00f3n para la Cooperaci\u00f3n y el Desarrollo Econ\u00f3mico (OCDE),\u00a0 no sabemos si influido por las campa\u00f1as castizas promovidas por el Ministerio de Educaci\u00f3n, Cultura y Deporte, o llevado tal vez por la misma pasi\u00f3n espa\u00f1ola que conquist\u00f3 el esp\u00edritu de Washington Irving \u00a0o Ernest Hemingway.<\/p>\n<div>\n<dl id=\"attachment_1579\">\n<dt>\n<p><figure style=\"width: 550px\" class=\"wp-caption aligncenter\"><img decoding=\"async\" src=\"https:\/\/www.revistarambla.com\/wp-content\/uploads\/2012\/04\/elefantes 2.jpg\" alt=\"alt\" width=\"550\" height=\"198\" \/><figcaption class=\"wp-caption-text\">Ilustra Evelio G\u00f3mez.<\/figcaption><\/figure><\/dt>\n<\/dl>\n<\/div>\n<p>Las palabras del enviado de Obama han desatado un aluvi\u00f3n de cr\u00edticas en los medios espa\u00f1oles. Y no les falta algo de raz\u00f3n a estos reproches. Porque la Espa\u00f1a actual, hay que reconocerlo, no solo es flamenco y vino. Tambi\u00e9n es sainete. Su Majestad Juan Carlos I se apresur\u00f3 a demostrarlo \u00a0con su magistral representaci\u00f3n de este g\u00e9nero bufo y costumbrista con su rocambolesca cacer\u00eda africana. Como si fuera el protagonista de una pel\u00edcula fallida de John Huston, el rey jug\u00f3 a ser el gran cazador blanco para terminar convertido en el cazador cazado. Pese a los intentos de su nieto Felipe Juan Froil\u00e1n por convertir en tragedia del destino la desventura que parece acompa\u00f1ar a los Borbones en su relaci\u00f3n con las armas de fuego, o los esfuerzos de la reina por transformar las aventuras africanas de su esposo en un melodrama de celos, Su Alteza parece empe\u00f1ado en aferrarse a los l\u00edmites amables de la comedia ligera donde se halla tan c\u00f3modo, como ya demostr\u00f3 a\u00f1os atr\u00e1s con su batida al borracho oso Mitrof\u00e1n en las fr\u00edas tierras rusas.<br \/>\nPorque lo pat\u00e9tico de sus andanzas por Botsuana es que el rey no se lesion\u00f3 luchando a brazo partido contra las fieras, o rescatando de alg\u00fan peligro a su \u00edntima colaboradora en estas aventuras, la princesa de t\u00edtulo comprado Corina Sayn-Wittgenstein. No, Juan Carlos I dio con su regia cadera en el suelo tras tropezar con un escal\u00f3n cuando se dirig\u00eda al ba\u00f1o, permitiendo as\u00ed que un nocturno \u00a0apret\u00f3n de vejiga o esf\u00ednter pusiera de manifiesto la fase de fragilidad artr\u00f3sica en la que parece haber entrado irremediablemente la Corona. En realidad, las tentaciones de su emprendedor yerno I\u00f1aki<\/p>\n<p>Urdangar\u00edn ya hab\u00edan dejado constancia hac\u00eda tiempo de que los problemas de la monarqu\u00eda espa\u00f1ola se acumulan en los retretes.<\/p>\n<p>En cualquier caso, hace ya mucho tiempo que Shakespeare, al se\u00f1alarnos el olor a podredumbre que emanaba de Dinamarca,\u00a0 nos advirti\u00f3 que ni los palacios m\u00e1s exquisitos est\u00e1n exentos de fetidez. Un hedor que a estas alturas parece envolverlo todo. Algunos incluso creen encontrar en esta insoportable peste el mejor ant\u00eddoto contra la revuelta, como el Ministerio del Interior brit\u00e1nico que estos d\u00edas estudia sustituir las pelotas de goma de sus antidisturbios por pestilentes proyectiles que inmovilicen entre nauseas a los resistentes. Y mientras prosiguen estas investigaciones, durante nuestro d\u00eda a d\u00eda seguimos recibiendo el impacto de los mercados, sus disparos certeros e inmisericordes lanzados contra nuestra inocente cotidianidad de elefantes africanos desorientados.<\/p>","protected":false},"excerpt":{"rendered":"<p>La pretendida confianza en Espa\u00f1a que Mariano Rajoy iba a inyectar en los esot\u00e9ricos mercados que gu\u00edan nuestros destinos por los desag\u00fces de la econom\u00eda, comienza a dar sus frutos. Poco m\u00e1s de cien d\u00edas de contrarreforma del PP han bastado para que el pa\u00eds encuentre su lugar en este [&hellip;]<\/p>\n","protected":false},"author":325,"featured_media":0,"comment_status":"open","ping_status":"open","sticky":false,"template":"","format":"standard","meta":{"footnotes":""},"categories":[72],"tags":[],"class_list":["post-1580","post","type-post","status-publish","format-standard","hentry","category-opinion"],"yoast_head":"<!-- This site is optimized with the Yoast SEO plugin v27.5 - https:\/\/yoast.com\/product\/yoast-seo-wordpress\/ -->\n<title>Nosotros, los elefantes - Revista Rambla<\/title>\n<meta name=\"robots\" content=\"index, follow, max-snippet:-1, max-image-preview:large, max-video-preview:-1\" \/>\n<link rel=\"canonical\" href=\"https:\/\/www.revistarambla.com\/en\/nosotros-los-elefantes\/\" \/>\n<meta property=\"og:locale\" content=\"en_GB\" \/>\n<meta property=\"og:type\" content=\"article\" \/>\n<meta property=\"og:title\" content=\"Nosotros, los elefantes - Revista Rambla\" \/>\n<meta property=\"og:description\" content=\"La pretendida confianza en Espa\u00f1a que Mariano Rajoy iba a inyectar en los esot\u00e9ricos mercados que gu\u00edan nuestros destinos por los desag\u00fces de la econom\u00eda, comienza a dar sus frutos. Poco m\u00e1s de cien d\u00edas de contrarreforma del PP han bastado para que el pa\u00eds encuentre su lugar en este [&hellip;]\" \/>\n<meta property=\"og:url\" content=\"https:\/\/www.revistarambla.com\/en\/nosotros-los-elefantes\/\" \/>\n<meta property=\"og:site_name\" content=\"Revista Rambla\" \/>\n<meta property=\"article:publisher\" content=\"https:\/\/www.facebook.com\/revistarambla\/\" \/>\n<meta property=\"article:author\" content=\"https:\/\/www.facebook.com\/josemanuelrambla\/\" \/>\n<meta property=\"article:published_time\" content=\"2012-04-18T03:03:17+00:00\" \/>\n<meta property=\"article:modified_time\" content=\"2022-10-21T16:41:22+00:00\" \/>\n<meta property=\"og:image\" content=\"https:\/\/www.revistarambla.com\/wp-content\/uploads\/2012\/04\/elefantes.jpg\" \/>\n\t<meta property=\"og:image:width\" content=\"275\" \/>\n\t<meta property=\"og:image:height\" content=\"145\" \/>\n\t<meta property=\"og:image:type\" content=\"image\/jpeg\" \/>\n<meta name=\"author\" content=\"Jos\u00e9 Manuel Rambla\" \/>\n<meta name=\"twitter:card\" content=\"summary_large_image\" \/>\n<meta name=\"twitter:creator\" content=\"@jmrambla\" \/>\n<meta name=\"twitter:site\" content=\"@revistarambla\" \/>\n<meta name=\"twitter:label1\" content=\"Written by\" \/>\n\t<meta name=\"twitter:data1\" content=\"Jos\u00e9 Manuel Rambla\" \/>\n\t<meta name=\"twitter:label2\" content=\"Estimated reading time\" \/>\n\t<meta name=\"twitter:data2\" content=\"3 minutes\" \/>\n<script type=\"application\/ld+json\" class=\"yoast-schema-graph\">{\"@context\":\"https:\\\/\\\/schema.org\",\"@graph\":[{\"@type\":\"Article\",\"@id\":\"https:\\\/\\\/www.revistarambla.com\\\/nosotros-los-elefantes\\\/#article\",\"isPartOf\":{\"@id\":\"https:\\\/\\\/www.revistarambla.com\\\/nosotros-los-elefantes\\\/\"},\"author\":{\"name\":\"Jos\u00e9 Manuel Rambla\",\"@id\":\"https:\\\/\\\/www.revistarambla.com\\\/#\\\/schema\\\/person\\\/f8e404c0293434eaf6a60da08d1123e3\"},\"headline\":\"Nosotros, los elefantes\",\"datePublished\":\"2012-04-18T03:03:17+00:00\",\"dateModified\":\"2022-10-21T16:41:22+00:00\",\"mainEntityOfPage\":{\"@id\":\"https:\\\/\\\/www.revistarambla.com\\\/nosotros-los-elefantes\\\/\"},\"wordCount\":609,\"commentCount\":0,\"publisher\":{\"@id\":\"https:\\\/\\\/www.revistarambla.com\\\/#organization\"},\"articleSection\":[\"Opiniones\"],\"inLanguage\":\"en-GB\",\"potentialAction\":[{\"@type\":\"CommentAction\",\"name\":\"Comment\",\"target\":[\"https:\\\/\\\/www.revistarambla.com\\\/nosotros-los-elefantes\\\/#respond\"]}]},{\"@type\":\"WebPage\",\"@id\":\"https:\\\/\\\/www.revistarambla.com\\\/nosotros-los-elefantes\\\/\",\"url\":\"https:\\\/\\\/www.revistarambla.com\\\/nosotros-los-elefantes\\\/\",\"name\":\"Nosotros, los elefantes - Revista Rambla\",\"isPartOf\":{\"@id\":\"https:\\\/\\\/www.revistarambla.com\\\/#website\"},\"datePublished\":\"2012-04-18T03:03:17+00:00\",\"dateModified\":\"2022-10-21T16:41:22+00:00\",\"breadcrumb\":{\"@id\":\"https:\\\/\\\/www.revistarambla.com\\\/nosotros-los-elefantes\\\/#breadcrumb\"},\"inLanguage\":\"en-GB\",\"potentialAction\":[{\"@type\":\"ReadAction\",\"target\":[\"https:\\\/\\\/www.revistarambla.com\\\/nosotros-los-elefantes\\\/\"]}]},{\"@type\":\"BreadcrumbList\",\"@id\":\"https:\\\/\\\/www.revistarambla.com\\\/nosotros-los-elefantes\\\/#breadcrumb\",\"itemListElement\":[{\"@type\":\"ListItem\",\"position\":1,\"name\":\"Portada\",\"item\":\"https:\\\/\\\/www.revistarambla.com\\\/\"},{\"@type\":\"ListItem\",\"position\":2,\"name\":\"Nosotros, los elefantes\"}]},{\"@type\":\"WebSite\",\"@id\":\"https:\\\/\\\/www.revistarambla.com\\\/#website\",\"url\":\"https:\\\/\\\/www.revistarambla.com\\\/\",\"name\":\"Revista Rambla Barcelona\",\"description\":\"Periodismo independiente\",\"publisher\":{\"@id\":\"https:\\\/\\\/www.revistarambla.com\\\/#organization\"},\"potentialAction\":[{\"@type\":\"SearchAction\",\"target\":{\"@type\":\"EntryPoint\",\"urlTemplate\":\"https:\\\/\\\/www.revistarambla.com\\\/?s={search_term_string}\"},\"query-input\":{\"@type\":\"PropertyValueSpecification\",\"valueRequired\":true,\"valueName\":\"search_term_string\"}}],\"inLanguage\":\"en-GB\"},{\"@type\":\"Organization\",\"@id\":\"https:\\\/\\\/www.revistarambla.com\\\/#organization\",\"name\":\"Revista Rambla\",\"url\":\"https:\\\/\\\/www.revistarambla.com\\\/\",\"logo\":{\"@type\":\"ImageObject\",\"inLanguage\":\"en-GB\",\"@id\":\"https:\\\/\\\/www.revistarambla.com\\\/#\\\/schema\\\/logo\\\/image\\\/\",\"url\":\"https:\\\/\\\/www.revistarambla.com\\\/wp-content\\\/uploads\\\/2020\\\/09\\\/banner_rambla_1900x600_BB.png\",\"contentUrl\":\"https:\\\/\\\/www.revistarambla.com\\\/wp-content\\\/uploads\\\/2020\\\/09\\\/banner_rambla_1900x600_BB.png\",\"width\":1900,\"height\":600,\"caption\":\"Revista Rambla\"},\"image\":{\"@id\":\"https:\\\/\\\/www.revistarambla.com\\\/#\\\/schema\\\/logo\\\/image\\\/\"},\"sameAs\":[\"https:\\\/\\\/www.facebook.com\\\/revistarambla\\\/\",\"https:\\\/\\\/x.com\\\/revistarambla\",\"https:\\\/\\\/www.instagram.com\\\/revista_rambla\",\"https:\\\/\\\/es.linkedin.com\\\/company\\\/revista-rambla\"]},{\"@type\":\"Person\",\"@id\":\"https:\\\/\\\/www.revistarambla.com\\\/#\\\/schema\\\/person\\\/f8e404c0293434eaf6a60da08d1123e3\",\"name\":\"Jos\u00e9 Manuel Rambla\",\"description\":\"Periodista cultural y columnista.\",\"sameAs\":[\"https:\\\/\\\/aesteladodelparaiso.com\\\/\",\"https:\\\/\\\/www.facebook.com\\\/josemanuelrambla\\\/\",\"https:\\\/\\\/x.com\\\/jmrambla\"]}]}<\/script>\n<!-- \/ Yoast SEO plugin. -->","yoast_head_json":{"title":"Nosotros, los elefantes - Revista Rambla","robots":{"index":"index","follow":"follow","max-snippet":"max-snippet:-1","max-image-preview":"max-image-preview:large","max-video-preview":"max-video-preview:-1"},"canonical":"https:\/\/www.revistarambla.com\/en\/nosotros-los-elefantes\/","og_locale":"en_GB","og_type":"article","og_title":"Nosotros, los elefantes - Revista Rambla","og_description":"La pretendida confianza en Espa\u00f1a que Mariano Rajoy iba a inyectar en los esot\u00e9ricos mercados que gu\u00edan nuestros destinos por los desag\u00fces de la econom\u00eda, comienza a dar sus frutos. Poco m\u00e1s de cien d\u00edas de contrarreforma del PP han bastado para que el pa\u00eds encuentre su lugar en este [&hellip;]","og_url":"https:\/\/www.revistarambla.com\/en\/nosotros-los-elefantes\/","og_site_name":"Revista Rambla","article_publisher":"https:\/\/www.facebook.com\/revistarambla\/","article_author":"https:\/\/www.facebook.com\/josemanuelrambla\/","article_published_time":"2012-04-18T03:03:17+00:00","article_modified_time":"2022-10-21T16:41:22+00:00","og_image":[{"width":275,"height":145,"url":"https:\/\/www.revistarambla.com\/wp-content\/uploads\/2012\/04\/elefantes.jpg","type":"image\/jpeg"}],"author":"Jos\u00e9 Manuel Rambla","twitter_card":"summary_large_image","twitter_creator":"@jmrambla","twitter_site":"@revistarambla","twitter_misc":{"Written by":"Jos\u00e9 Manuel Rambla","Estimated reading time":"3 minutes"},"schema":{"@context":"https:\/\/schema.org","@graph":[{"@type":"Article","@id":"https:\/\/www.revistarambla.com\/nosotros-los-elefantes\/#article","isPartOf":{"@id":"https:\/\/www.revistarambla.com\/nosotros-los-elefantes\/"},"author":{"name":"Jos\u00e9 Manuel Rambla","@id":"https:\/\/www.revistarambla.com\/#\/schema\/person\/f8e404c0293434eaf6a60da08d1123e3"},"headline":"Nosotros, los elefantes","datePublished":"2012-04-18T03:03:17+00:00","dateModified":"2022-10-21T16:41:22+00:00","mainEntityOfPage":{"@id":"https:\/\/www.revistarambla.com\/nosotros-los-elefantes\/"},"wordCount":609,"commentCount":0,"publisher":{"@id":"https:\/\/www.revistarambla.com\/#organization"},"articleSection":["Opiniones"],"inLanguage":"en-GB","potentialAction":[{"@type":"CommentAction","name":"Comment","target":["https:\/\/www.revistarambla.com\/nosotros-los-elefantes\/#respond"]}]},{"@type":"WebPage","@id":"https:\/\/www.revistarambla.com\/nosotros-los-elefantes\/","url":"https:\/\/www.revistarambla.com\/nosotros-los-elefantes\/","name":"Nosotros, los elefantes - Revista Rambla","isPartOf":{"@id":"https:\/\/www.revistarambla.com\/#website"},"datePublished":"2012-04-18T03:03:17+00:00","dateModified":"2022-10-21T16:41:22+00:00","breadcrumb":{"@id":"https:\/\/www.revistarambla.com\/nosotros-los-elefantes\/#breadcrumb"},"inLanguage":"en-GB","potentialAction":[{"@type":"ReadAction","target":["https:\/\/www.revistarambla.com\/nosotros-los-elefantes\/"]}]},{"@type":"BreadcrumbList","@id":"https:\/\/www.revistarambla.com\/nosotros-los-elefantes\/#breadcrumb","itemListElement":[{"@type":"ListItem","position":1,"name":"Portada","item":"https:\/\/www.revistarambla.com\/"},{"@type":"ListItem","position":2,"name":"Nosotros, los elefantes"}]},{"@type":"WebSite","@id":"https:\/\/www.revistarambla.com\/#website","url":"https:\/\/www.revistarambla.com\/","name":"Revista Rambla Barcelona","description":"Periodismo independiente","publisher":{"@id":"https:\/\/www.revistarambla.com\/#organization"},"potentialAction":[{"@type":"SearchAction","target":{"@type":"EntryPoint","urlTemplate":"https:\/\/www.revistarambla.com\/?s={search_term_string}"},"query-input":{"@type":"PropertyValueSpecification","valueRequired":true,"valueName":"search_term_string"}}],"inLanguage":"en-GB"},{"@type":"Organization","@id":"https:\/\/www.revistarambla.com\/#organization","name":"Revista Rambla","url":"https:\/\/www.revistarambla.com\/","logo":{"@type":"ImageObject","inLanguage":"en-GB","@id":"https:\/\/www.revistarambla.com\/#\/schema\/logo\/image\/","url":"https:\/\/www.revistarambla.com\/wp-content\/uploads\/2020\/09\/banner_rambla_1900x600_BB.png","contentUrl":"https:\/\/www.revistarambla.com\/wp-content\/uploads\/2020\/09\/banner_rambla_1900x600_BB.png","width":1900,"height":600,"caption":"Revista Rambla"},"image":{"@id":"https:\/\/www.revistarambla.com\/#\/schema\/logo\/image\/"},"sameAs":["https:\/\/www.facebook.com\/revistarambla\/","https:\/\/x.com\/revistarambla","https:\/\/www.instagram.com\/revista_rambla","https:\/\/es.linkedin.com\/company\/revista-rambla"]},{"@type":"Person","@id":"https:\/\/www.revistarambla.com\/#\/schema\/person\/f8e404c0293434eaf6a60da08d1123e3","name":"Jos\u00e9 Manuel Rambla","description":"Periodista cultural y columnista.","sameAs":["https:\/\/aesteladodelparaiso.com\/","https:\/\/www.facebook.com\/josemanuelrambla\/","https:\/\/x.com\/jmrambla"]}]}},"_links":{"self":[{"href":"https:\/\/www.revistarambla.com\/en\/wp-json\/wp\/v2\/posts\/1580","targetHints":{"allow":["GET"]}}],"collection":[{"href":"https:\/\/www.revistarambla.com\/en\/wp-json\/wp\/v2\/posts"}],"about":[{"href":"https:\/\/www.revistarambla.com\/en\/wp-json\/wp\/v2\/types\/post"}],"author":[{"embeddable":true,"href":"https:\/\/www.revistarambla.com\/en\/wp-json\/wp\/v2\/users\/325"}],"replies":[{"embeddable":true,"href":"https:\/\/www.revistarambla.com\/en\/wp-json\/wp\/v2\/comments?post=1580"}],"version-history":[{"count":1,"href":"https:\/\/www.revistarambla.com\/en\/wp-json\/wp\/v2\/posts\/1580\/revisions"}],"predecessor-version":[{"id":48332,"href":"https:\/\/www.revistarambla.com\/en\/wp-json\/wp\/v2\/posts\/1580\/revisions\/48332"}],"wp:attachment":[{"href":"https:\/\/www.revistarambla.com\/en\/wp-json\/wp\/v2\/media?parent=1580"}],"wp:term":[{"taxonomy":"category","embeddable":true,"href":"https:\/\/www.revistarambla.com\/en\/wp-json\/wp\/v2\/categories?post=1580"},{"taxonomy":"post_tag","embeddable":true,"href":"https:\/\/www.revistarambla.com\/en\/wp-json\/wp\/v2\/tags?post=1580"}],"curies":[{"name":"wp","href":"https:\/\/api.w.org\/{rel}","templated":true}]}}