{"id":15789,"date":"2018-05-01T05:11:38","date_gmt":"2018-05-01T03:11:38","guid":{"rendered":"https:\/\/www.revistarambla.com\/?p=15789"},"modified":"2021-02-02T20:18:50","modified_gmt":"2021-02-02T19:18:50","slug":"la-ley-de-extranjeria-es-el-paraguas-de-las-mafias","status":"publish","type":"post","link":"https:\/\/www.revistarambla.com\/en\/la-ley-de-extranjeria-es-el-paraguas-de-las-mafias\/","title":{"rendered":"Norma Falconi: \u00abLa Ley de Extranjer\u00eda es el paraguas de las mafias\u00bb"},"content":{"rendered":"<p>Barcelona ha sido siempre un escenario muy potente para las reivindicaciones sociales. Diversos colectivos han alzado la voz para denunciar situaciones insostenibles que son ignoradas por las administraciones p\u00fablicas. Es el caso de los migrantes y refugiados, encerrados desde hace d\u00edas en la antigua escuela Massana para reclamar sus derechos civiles. Hablamos con Norma Falconi, ecuatoriana de nacimiento pero residente desde hace 25 a\u00f1os en la ciudad condal. Falconi nos explica qu\u00e9 derechos est\u00e1n dispuestos a conquistar gracias a la uni\u00f3n de 45 organizaciones de inmigrantes.<\/p>\n<p><img decoding=\"async\" class=\"aligncenter size-full wp-image-15791\" src=\"https:\/\/www.revistarambla.com\/wp-content\/uploads\/2018\/05\/R@MBLA-EMIGRANTES-02.jpg\" alt=\"\" width=\"950\" height=\"612\" srcset=\"https:\/\/www.revistarambla.com\/wp-content\/uploads\/2018\/05\/R@MBLA-EMIGRANTES-02.jpg 950w, https:\/\/www.revistarambla.com\/wp-content\/uploads\/2018\/05\/R@MBLA-EMIGRANTES-02-300x193.jpg 300w, https:\/\/www.revistarambla.com\/wp-content\/uploads\/2018\/05\/R@MBLA-EMIGRANTES-02-768x495.jpg 768w, https:\/\/www.revistarambla.com\/wp-content\/uploads\/2018\/05\/R@MBLA-EMIGRANTES-02-500x322.jpg 500w, https:\/\/www.revistarambla.com\/wp-content\/uploads\/2018\/05\/R@MBLA-EMIGRANTES-02-850x548.jpg 850w, https:\/\/www.revistarambla.com\/wp-content\/uploads\/2018\/05\/R@MBLA-EMIGRANTES-02-650x419.jpg 650w, https:\/\/www.revistarambla.com\/wp-content\/uploads\/2018\/05\/R@MBLA-EMIGRANTES-02-458x295.jpg 458w, https:\/\/www.revistarambla.com\/wp-content\/uploads\/2018\/05\/R@MBLA-EMIGRANTES-02-600x387.jpg 600w\" sizes=\"(max-width: 950px) 100vw, 950px\" \/><\/p>\n<p>Entre sus reivindicaciones, hay dos principales: el padr\u00f3n sin domicilio, un derecho que se gan\u00f3 en los a\u00f1os 90 pero que, con la entrada de Convergencia en el Ayuntamiento de Barcelona, fue liquidado. La cuesti\u00f3n se solventar\u00eda si las ONG u otros colectivos pudieran ceder la direcci\u00f3n de su local como direcci\u00f3n de notificaci\u00f3n. El padr\u00f3n es un pilar fundamental para recibir atenci\u00f3n m\u00e9dica, ya que sin \u00e9ste no se puede aspirar a la tarjeta sanitaria. El gobierno municipal accedi\u00f3 a hablar con ellos esta misma semana, pero les siguen exigiendo el padr\u00f3n con un domicilio concreto, como si todo el mundo tuviera la posibilidad de poder pagar una habitaci\u00f3n en una ciudad con precios de alquiler al alza. Est\u00e1n esperando la visita de Oriol Amor\u00f3s, secretario de Igualdad, Migraciones y Ciudadan\u00eda del ayuntamiento barcelon\u00e9s, que prometi\u00f3 asistir el jueves pasado, sin \u00e9xito.<\/p>\n<p>Por otro lado, reclaman que puedan conseguir los papeles sin necesidad de un contrato de trabajo. En Espa\u00f1a hay 1 mill\u00f3n y medio de sin papeles, sin ning\u00fan tipo de regularizaci\u00f3n. Sobre esto, Falconi alerta sobre las mafias que ofrecen a los migrantes contratos de trabajo a cambio de entre 500 hasta 10.000 euros. Estas mafias est\u00e1n inmersas dentro de empresas y, cuando el trabajador sugiere la elaboraci\u00f3n de un contrato laboral para poder regularizar su situaci\u00f3n, les exigen tal cantidad de dinero. \u201cEl Gobierno lo sabe, tiene una lista de las empresas que hacen esto, pero giran la cara ante esta situaci\u00f3n. Nosotros siempre hemos planteado que la Ley de Extranjer\u00eda es el paraguas de las mafias. Si no tienes derechos, si est\u00e1s en la econom\u00eda sumergida, todo el mundo se convierte en mafia\u201d. Durante los d\u00edas de encierro, realizan sesiones informativas para prevenir que los migrantes se sumerjan en estas pr\u00e1cticas.<\/p>\n<p>Falconi nos habla del prop\u00f3sito que tiene Europa en relaci\u00f3n a los inmigrantes: la obligaci\u00f3n de trabajar en negro. Lo que los estados europeos necesitan es mano de obra barata e inmigrante. Seg\u00fan esta pauta, cuando hay un vac\u00edo de este tipo de mano de obra, abren las fronteras y dejan entrar a los inmigrantes, en cambio, cuando el mercado est\u00e1 saturado, empiezan con los controles migratorios. En el caso de Espa\u00f1a, \u00e9sta \u201cnecesita mucha mano de obra barata que entre a formar parte de la econom\u00eda sumergida, la cual est\u00e1 fortalecida por el Gobierno espa\u00f1ol. El prop\u00f3sito de la Ley de Extranjer\u00eda es que nos convirtamos en personas f\u00e1ciles de aplicar medidas represivas\u201d.<\/p>\n<p>Otro de los obst\u00e1culos para las personas migrantes es tener que pasar dos ex\u00e1menes con preguntas sobre la historia de Espa\u00f1a, sobre qu\u00e9 tipo de alimentos comen en Navidad o sobre la elaboraci\u00f3n de un pastel. Tambi\u00e9n hay cuestiones referentes a la configuraci\u00f3n y la estructura de la lengua castellana, lo que supone una barrera importante para los inmigrantes que no provienen de pa\u00edses latinoamericanos. Para la preparaci\u00f3n de estos ex\u00e1menes existen diversas escuelas por toda Espa\u00f1a, que tienen acuerdos con el Instituto Cervantes. Los cursos cuestan de 100 a 300 euros y, si se suspenden los ex\u00e1menes, hay que volver a pagar el curso. \u201cSe han creado muchas escuelas que les est\u00e1n sacando el dinero a los inmigrantes y, adem\u00e1s, est\u00e1n financiadas por el Gobierno. Todo es un proceso mafioso t\u00edpico de sistemas corruptos\u201d.<\/p>\n<p><img decoding=\"async\" class=\"aligncenter size-full wp-image-15792\" src=\"https:\/\/www.revistarambla.com\/wp-content\/uploads\/2018\/05\/R@MBLA-EMIGRANTES-03.jpg\" alt=\"\" width=\"950\" height=\"629\" srcset=\"https:\/\/www.revistarambla.com\/wp-content\/uploads\/2018\/05\/R@MBLA-EMIGRANTES-03.jpg 950w, https:\/\/www.revistarambla.com\/wp-content\/uploads\/2018\/05\/R@MBLA-EMIGRANTES-03-300x199.jpg 300w, https:\/\/www.revistarambla.com\/wp-content\/uploads\/2018\/05\/R@MBLA-EMIGRANTES-03-768x508.jpg 768w, https:\/\/www.revistarambla.com\/wp-content\/uploads\/2018\/05\/R@MBLA-EMIGRANTES-03-500x331.jpg 500w, https:\/\/www.revistarambla.com\/wp-content\/uploads\/2018\/05\/R@MBLA-EMIGRANTES-03-850x563.jpg 850w, https:\/\/www.revistarambla.com\/wp-content\/uploads\/2018\/05\/R@MBLA-EMIGRANTES-03-650x430.jpg 650w, https:\/\/www.revistarambla.com\/wp-content\/uploads\/2018\/05\/R@MBLA-EMIGRANTES-03-458x303.jpg 458w, https:\/\/www.revistarambla.com\/wp-content\/uploads\/2018\/05\/R@MBLA-EMIGRANTES-03-600x397.jpg 600w\" sizes=\"(max-width: 950px) 100vw, 950px\" \/><\/p>\n<p>En el caso de las mujeres, \u00e9stas sufren una doble discriminaci\u00f3n: por ser mujer y por ser migrante. \u201cNo hay pol\u00edticas de g\u00e9nero orientadas a las mujeres inmigrantes. Si vas a denunciar una situaci\u00f3n de maltrato o acoso sexual, te dicen que t\u00fa te lo has buscado\u201d, sentencia Falconi.<\/p>\n<p>Desde 2016, el Ayuntamiento de Barcelona dispone de un programa llamado <em>Nausica<\/em> para la acogida de solicites de asilo, con un plan de pautas concretas. Aquellos que no cumplen los requisitos y son expulsados del plan, se quedan en la calle. Son las organizaciones sociales las que tienen que buscar alojamiento para estas personas a trav\u00e9s de casas de conocidos o amigos. Muchos de estos refugiados son familias con ni\u00f1os que tienen que vagar por las calles porque \u201cno han sido sumisos con el programa ni tampoco lo entienden porque no hablan la lengua\u201d. No hay un plan que funcione y permita que los solicitantes de asilo sean acogidos. Sin embargo, muchos de ellos se integran en la sociedad y cuando consiguen hablar castellano y catal\u00e1n, tener un trabajo y un piso, los echan del plan. Nunca alcanzan la condici\u00f3n de refugiado.<\/p>\n<p>Incluso los inmigrantes que consiguen ser legales en el pa\u00eds, est\u00e1n sufriendo una situaci\u00f3n de maltrato por parte de las administraciones. La cuesti\u00f3n se concreta en no darles cita previa para renovar los papeles, o bien se demora de 3 a 6 meses y, por consiguiente, los pierden. Por otro lado, se tiene constancia de que la Seguridad Social alerta al Gobierno sobre quienes son las personas regularizadas en el pa\u00eds que no est\u00e1n trabajando y, sin avisar, les quitan los papeles. Cuando van a renovarlos, se encuentran con que los han perdido y tienen que volver a empezar de cero.<\/p>\n<p>Otra de las reivindicaciones del colectivo es la despenalizaci\u00f3n del \u201ctop manta\u201d. Antes se establec\u00edan multas para sancionar la actividad de estas personas, pero ahora y gracias a la Ley Mordaza, se aplican las \u201cpenas-multa\u201d. En Espa\u00f1a, quien tenga causas penales no puede acceder a los papeles, de esta forma, se est\u00e1 consiguiendo que la masa de la econom\u00eda sumergida aumente. Cuando son detenidos, los manteros son objeto de torturas por parte de la polic\u00eda. \u201cHace poco le pas\u00f3 a un compa\u00f1ero, que ya sali\u00f3 del hospital. Muchos duermen aqu\u00ed, estamos con ellos\u201d. Falconi nos cuenta que durante la campa\u00f1a han fallecido 15 compa\u00f1eros a causa del coraz\u00f3n, los cuales estaban encabezando la lucha. Denuncia que para los sin papeles no existe atenci\u00f3n especializada, \u201csi tienes un tumor en la cabeza, te dan s\u00f3lo paliativos\u201d.<\/p>\n<p>Los apoyos que han recibido estos d\u00edas las personas que se encuentras encerradas en la antigua Escuela Massana han sido por parte de los sindicatos alternativos, como CGT o CNT \u2013los cuales son los encargados de las comidas\u2212 a diferencia de los grandes sindicatos, que ni se han acercado al lugar del encierro. \u201c\u00bfT\u00fa ves a estas grandes organizaciones luchando por papeles para todos? Solamente se llenan la boca hablando de igualdad de derechos\u201d, afirma Falconi. Tampoco lo han hecho organizaciones dedicadas a la acogida como C\u00e1ritas, Cruz Roja o ACNUR, devotas del Estado espa\u00f1ol, su principal financiador. \u201cLa realidad nos ha mostrado que estas organizaciones obedecen la pauta de los gobiernos\u201d.<\/p>\n<p>No saben cu\u00e1nto tiempo m\u00e1s va a durar el encierro, est\u00e1n centrados en la lucha diaria y en la uni\u00f3n de fuerzas. \u201cHemos demostrado que estamos organizados tanto hombres como mujeres. La lucha es la \u00fanica que nos saca de este abismo\u201d. Esta veterana activista acaba previni\u00e9ndonos sobre la situaci\u00f3n de los nacidos en el pa\u00eds: \u201cNos quitan los derechos a las personas emigradas y ya saben c\u00f3mo hacer para quit\u00e1rselos a los de aqu\u00ed\u201d.<\/p>\n<p>La tarde del pasado s\u00e1bado llevaron a cabo una manifestaci\u00f3n por las calles de Barcelona para que sus proclamas lleguen a la ciudadan\u00eda. Esperemos que sus reivindicaciones sean atendidas por los poderes p\u00fablicos y que \u00e9stos dejen de poner trabas a todos aquellos que vienen a nuestro pa\u00eds con la aspiraci\u00f3n de trabajar y vivir en paz.<\/p>\n<p><img decoding=\"async\" class=\"aligncenter size-full wp-image-15793\" src=\"https:\/\/www.revistarambla.com\/wp-content\/uploads\/2018\/05\/R@MBLA-EMIGRANTES-04.jpg\" alt=\"\" width=\"950\" height=\"629\" srcset=\"https:\/\/www.revistarambla.com\/wp-content\/uploads\/2018\/05\/R@MBLA-EMIGRANTES-04.jpg 950w, https:\/\/www.revistarambla.com\/wp-content\/uploads\/2018\/05\/R@MBLA-EMIGRANTES-04-300x199.jpg 300w, https:\/\/www.revistarambla.com\/wp-content\/uploads\/2018\/05\/R@MBLA-EMIGRANTES-04-768x508.jpg 768w, https:\/\/www.revistarambla.com\/wp-content\/uploads\/2018\/05\/R@MBLA-EMIGRANTES-04-500x331.jpg 500w, https:\/\/www.revistarambla.com\/wp-content\/uploads\/2018\/05\/R@MBLA-EMIGRANTES-04-850x563.jpg 850w, https:\/\/www.revistarambla.com\/wp-content\/uploads\/2018\/05\/R@MBLA-EMIGRANTES-04-650x430.jpg 650w, https:\/\/www.revistarambla.com\/wp-content\/uploads\/2018\/05\/R@MBLA-EMIGRANTES-04-458x303.jpg 458w, https:\/\/www.revistarambla.com\/wp-content\/uploads\/2018\/05\/R@MBLA-EMIGRANTES-04-600x397.jpg 600w\" sizes=\"(max-width: 950px) 100vw, 950px\" \/><\/p>","protected":false},"excerpt":{"rendered":"<p>Barcelona ha sido siempre un escenario muy potente para las reivindicaciones sociales. Diversos colectivos han alzado la voz para denunciar situaciones insostenibles que son ignoradas por las administraciones p\u00fablicas. Es el caso de los migrantes y refugiados, encerrados desde hace d\u00edas en la antigua escuela Massana para reclamar sus derechos [&hellip;]<\/p>\n","protected":false},"author":15,"featured_media":15790,"comment_status":"open","ping_status":"open","sticky":false,"template":"","format":"standard","meta":{"footnotes":""},"categories":[3,58],"tags":[],"class_list":["post-15789","post","type-post","status-publish","format-standard","has-post-thumbnail","hentry","category-actualidad","category-estado-espanol"],"yoast_head":"<!-- This site is optimized with the Yoast SEO plugin v27.5 - https:\/\/yoast.com\/product\/yoast-seo-wordpress\/ -->\n<title>Norma Falconi: &quot;La Ley de Extranjer\u00eda es el paraguas de las mafias&quot; - Revista Rambla<\/title>\n<meta name=\"robots\" content=\"index, follow, max-snippet:-1, max-image-preview:large, max-video-preview:-1\" \/>\n<link rel=\"canonical\" href=\"https:\/\/www.revistarambla.com\/en\/la-ley-de-extranjeria-es-el-paraguas-de-las-mafias\/\" \/>\n<meta property=\"og:locale\" content=\"en_GB\" \/>\n<meta property=\"og:type\" content=\"article\" \/>\n<meta property=\"og:title\" content=\"Norma Falconi: &quot;La Ley de Extranjer\u00eda es el paraguas de las mafias&quot; - Revista Rambla\" \/>\n<meta property=\"og:description\" content=\"Barcelona ha sido siempre un escenario muy potente para las reivindicaciones sociales. Diversos colectivos han alzado la voz para denunciar situaciones insostenibles que son ignoradas por las administraciones p\u00fablicas. Es el caso de los migrantes y refugiados, encerrados desde hace d\u00edas en la antigua escuela Massana para reclamar sus derechos [&hellip;]\" \/>\n<meta property=\"og:url\" content=\"https:\/\/www.revistarambla.com\/en\/la-ley-de-extranjeria-es-el-paraguas-de-las-mafias\/\" \/>\n<meta property=\"og:site_name\" content=\"Revista Rambla\" \/>\n<meta property=\"article:publisher\" content=\"https:\/\/www.facebook.com\/revistarambla\/\" \/>\n<meta property=\"article:published_time\" content=\"2018-05-01T03:11:38+00:00\" \/>\n<meta property=\"article:modified_time\" content=\"2021-02-02T19:18:50+00:00\" \/>\n<meta property=\"og:image\" content=\"https:\/\/i0.wp.com\/www.revistarambla.com\/wp-content\/uploads\/2018\/05\/R@MBLA-EMIGRANTES-01.jpg?fit=700%2C950&ssl=1\" \/>\n\t<meta property=\"og:image:width\" content=\"700\" \/>\n\t<meta property=\"og:image:height\" content=\"950\" \/>\n\t<meta property=\"og:image:type\" content=\"image\/jpeg\" \/>\n<meta name=\"author\" content=\"Marta P\u00e9rez\" \/>\n<meta name=\"twitter:card\" content=\"summary_large_image\" \/>\n<meta name=\"twitter:creator\" content=\"@revistarambla\" \/>\n<meta name=\"twitter:site\" content=\"@revistarambla\" \/>\n<meta name=\"twitter:label1\" content=\"Written by\" \/>\n\t<meta name=\"twitter:data1\" content=\"Marta P\u00e9rez\" \/>\n\t<meta name=\"twitter:label2\" content=\"Estimated reading time\" \/>\n\t<meta name=\"twitter:data2\" content=\"7 minutes\" \/>\n<script type=\"application\/ld+json\" class=\"yoast-schema-graph\">{\"@context\":\"https:\\\/\\\/schema.org\",\"@graph\":[{\"@type\":\"Article\",\"@id\":\"https:\\\/\\\/www.revistarambla.com\\\/la-ley-de-extranjeria-es-el-paraguas-de-las-mafias\\\/#article\",\"isPartOf\":{\"@id\":\"https:\\\/\\\/www.revistarambla.com\\\/la-ley-de-extranjeria-es-el-paraguas-de-las-mafias\\\/\"},\"author\":{\"name\":\"Marta P\u00e9rez\",\"@id\":\"https:\\\/\\\/www.revistarambla.com\\\/#\\\/schema\\\/person\\\/2b19179a8ace334b829ad72cc6e6ce97\"},\"headline\":\"Norma Falconi: \u00abLa Ley de Extranjer\u00eda es el paraguas de las mafias\u00bb\",\"datePublished\":\"2018-05-01T03:11:38+00:00\",\"dateModified\":\"2021-02-02T19:18:50+00:00\",\"mainEntityOfPage\":{\"@id\":\"https:\\\/\\\/www.revistarambla.com\\\/la-ley-de-extranjeria-es-el-paraguas-de-las-mafias\\\/\"},\"wordCount\":1406,\"commentCount\":0,\"publisher\":{\"@id\":\"https:\\\/\\\/www.revistarambla.com\\\/#organization\"},\"image\":{\"@id\":\"https:\\\/\\\/www.revistarambla.com\\\/la-ley-de-extranjeria-es-el-paraguas-de-las-mafias\\\/#primaryimage\"},\"thumbnailUrl\":\"https:\\\/\\\/www.revistarambla.com\\\/wp-content\\\/uploads\\\/2018\\\/05\\\/R@MBLA-EMIGRANTES-01.jpg\",\"articleSection\":[\"Actualidad\",\"Estado Espa\u00f1ol\"],\"inLanguage\":\"en-GB\",\"potentialAction\":[{\"@type\":\"CommentAction\",\"name\":\"Comment\",\"target\":[\"https:\\\/\\\/www.revistarambla.com\\\/la-ley-de-extranjeria-es-el-paraguas-de-las-mafias\\\/#respond\"]}]},{\"@type\":\"WebPage\",\"@id\":\"https:\\\/\\\/www.revistarambla.com\\\/la-ley-de-extranjeria-es-el-paraguas-de-las-mafias\\\/\",\"url\":\"https:\\\/\\\/www.revistarambla.com\\\/la-ley-de-extranjeria-es-el-paraguas-de-las-mafias\\\/\",\"name\":\"Norma Falconi: \\\"La Ley de Extranjer\u00eda es el paraguas de las mafias\\\" - Revista Rambla\",\"isPartOf\":{\"@id\":\"https:\\\/\\\/www.revistarambla.com\\\/#website\"},\"primaryImageOfPage\":{\"@id\":\"https:\\\/\\\/www.revistarambla.com\\\/la-ley-de-extranjeria-es-el-paraguas-de-las-mafias\\\/#primaryimage\"},\"image\":{\"@id\":\"https:\\\/\\\/www.revistarambla.com\\\/la-ley-de-extranjeria-es-el-paraguas-de-las-mafias\\\/#primaryimage\"},\"thumbnailUrl\":\"https:\\\/\\\/www.revistarambla.com\\\/wp-content\\\/uploads\\\/2018\\\/05\\\/R@MBLA-EMIGRANTES-01.jpg\",\"datePublished\":\"2018-05-01T03:11:38+00:00\",\"dateModified\":\"2021-02-02T19:18:50+00:00\",\"breadcrumb\":{\"@id\":\"https:\\\/\\\/www.revistarambla.com\\\/la-ley-de-extranjeria-es-el-paraguas-de-las-mafias\\\/#breadcrumb\"},\"inLanguage\":\"en-GB\",\"potentialAction\":[{\"@type\":\"ReadAction\",\"target\":[\"https:\\\/\\\/www.revistarambla.com\\\/la-ley-de-extranjeria-es-el-paraguas-de-las-mafias\\\/\"]}]},{\"@type\":\"ImageObject\",\"inLanguage\":\"en-GB\",\"@id\":\"https:\\\/\\\/www.revistarambla.com\\\/la-ley-de-extranjeria-es-el-paraguas-de-las-mafias\\\/#primaryimage\",\"url\":\"https:\\\/\\\/www.revistarambla.com\\\/wp-content\\\/uploads\\\/2018\\\/05\\\/R@MBLA-EMIGRANTES-01.jpg\",\"contentUrl\":\"https:\\\/\\\/www.revistarambla.com\\\/wp-content\\\/uploads\\\/2018\\\/05\\\/R@MBLA-EMIGRANTES-01.jpg\",\"width\":700,\"height\":950},{\"@type\":\"BreadcrumbList\",\"@id\":\"https:\\\/\\\/www.revistarambla.com\\\/la-ley-de-extranjeria-es-el-paraguas-de-las-mafias\\\/#breadcrumb\",\"itemListElement\":[{\"@type\":\"ListItem\",\"position\":1,\"name\":\"Portada\",\"item\":\"https:\\\/\\\/www.revistarambla.com\\\/\"},{\"@type\":\"ListItem\",\"position\":2,\"name\":\"Norma Falconi: \u00abLa Ley de Extranjer\u00eda es el paraguas de las mafias\u00bb\"}]},{\"@type\":\"WebSite\",\"@id\":\"https:\\\/\\\/www.revistarambla.com\\\/#website\",\"url\":\"https:\\\/\\\/www.revistarambla.com\\\/\",\"name\":\"Revista Rambla Barcelona\",\"description\":\"Periodismo independiente\",\"publisher\":{\"@id\":\"https:\\\/\\\/www.revistarambla.com\\\/#organization\"},\"potentialAction\":[{\"@type\":\"SearchAction\",\"target\":{\"@type\":\"EntryPoint\",\"urlTemplate\":\"https:\\\/\\\/www.revistarambla.com\\\/?s={search_term_string}\"},\"query-input\":{\"@type\":\"PropertyValueSpecification\",\"valueRequired\":true,\"valueName\":\"search_term_string\"}}],\"inLanguage\":\"en-GB\"},{\"@type\":\"Organization\",\"@id\":\"https:\\\/\\\/www.revistarambla.com\\\/#organization\",\"name\":\"Revista Rambla\",\"url\":\"https:\\\/\\\/www.revistarambla.com\\\/\",\"logo\":{\"@type\":\"ImageObject\",\"inLanguage\":\"en-GB\",\"@id\":\"https:\\\/\\\/www.revistarambla.com\\\/#\\\/schema\\\/logo\\\/image\\\/\",\"url\":\"https:\\\/\\\/www.revistarambla.com\\\/wp-content\\\/uploads\\\/2020\\\/09\\\/banner_rambla_1900x600_BB.png\",\"contentUrl\":\"https:\\\/\\\/www.revistarambla.com\\\/wp-content\\\/uploads\\\/2020\\\/09\\\/banner_rambla_1900x600_BB.png\",\"width\":1900,\"height\":600,\"caption\":\"Revista Rambla\"},\"image\":{\"@id\":\"https:\\\/\\\/www.revistarambla.com\\\/#\\\/schema\\\/logo\\\/image\\\/\"},\"sameAs\":[\"https:\\\/\\\/www.facebook.com\\\/revistarambla\\\/\",\"https:\\\/\\\/x.com\\\/revistarambla\",\"https:\\\/\\\/www.instagram.com\\\/revista_rambla\",\"https:\\\/\\\/es.linkedin.com\\\/company\\\/revista-rambla\"]},{\"@type\":\"Person\",\"@id\":\"https:\\\/\\\/www.revistarambla.com\\\/#\\\/schema\\\/person\\\/2b19179a8ace334b829ad72cc6e6ce97\",\"name\":\"Marta P\u00e9rez\",\"description\":\"Periodista.\"}]}<\/script>\n<!-- \/ Yoast SEO plugin. -->","yoast_head_json":{"title":"Norma Falconi: \"La Ley de Extranjer\u00eda es el paraguas de las mafias\" - Revista Rambla","robots":{"index":"index","follow":"follow","max-snippet":"max-snippet:-1","max-image-preview":"max-image-preview:large","max-video-preview":"max-video-preview:-1"},"canonical":"https:\/\/www.revistarambla.com\/en\/la-ley-de-extranjeria-es-el-paraguas-de-las-mafias\/","og_locale":"en_GB","og_type":"article","og_title":"Norma Falconi: \"La Ley de Extranjer\u00eda es el paraguas de las mafias\" - Revista Rambla","og_description":"Barcelona ha sido siempre un escenario muy potente para las reivindicaciones sociales. Diversos colectivos han alzado la voz para denunciar situaciones insostenibles que son ignoradas por las administraciones p\u00fablicas. Es el caso de los migrantes y refugiados, encerrados desde hace d\u00edas en la antigua escuela Massana para reclamar sus derechos [&hellip;]","og_url":"https:\/\/www.revistarambla.com\/en\/la-ley-de-extranjeria-es-el-paraguas-de-las-mafias\/","og_site_name":"Revista Rambla","article_publisher":"https:\/\/www.facebook.com\/revistarambla\/","article_published_time":"2018-05-01T03:11:38+00:00","article_modified_time":"2021-02-02T19:18:50+00:00","og_image":[{"width":700,"height":950,"url":"https:\/\/i0.wp.com\/www.revistarambla.com\/wp-content\/uploads\/2018\/05\/R@MBLA-EMIGRANTES-01.jpg?fit=700%2C950&ssl=1","type":"image\/jpeg"}],"author":"Marta P\u00e9rez","twitter_card":"summary_large_image","twitter_creator":"@revistarambla","twitter_site":"@revistarambla","twitter_misc":{"Written by":"Marta P\u00e9rez","Estimated reading time":"7 minutes"},"schema":{"@context":"https:\/\/schema.org","@graph":[{"@type":"Article","@id":"https:\/\/www.revistarambla.com\/la-ley-de-extranjeria-es-el-paraguas-de-las-mafias\/#article","isPartOf":{"@id":"https:\/\/www.revistarambla.com\/la-ley-de-extranjeria-es-el-paraguas-de-las-mafias\/"},"author":{"name":"Marta P\u00e9rez","@id":"https:\/\/www.revistarambla.com\/#\/schema\/person\/2b19179a8ace334b829ad72cc6e6ce97"},"headline":"Norma Falconi: \u00abLa Ley de Extranjer\u00eda es el paraguas de las mafias\u00bb","datePublished":"2018-05-01T03:11:38+00:00","dateModified":"2021-02-02T19:18:50+00:00","mainEntityOfPage":{"@id":"https:\/\/www.revistarambla.com\/la-ley-de-extranjeria-es-el-paraguas-de-las-mafias\/"},"wordCount":1406,"commentCount":0,"publisher":{"@id":"https:\/\/www.revistarambla.com\/#organization"},"image":{"@id":"https:\/\/www.revistarambla.com\/la-ley-de-extranjeria-es-el-paraguas-de-las-mafias\/#primaryimage"},"thumbnailUrl":"https:\/\/www.revistarambla.com\/wp-content\/uploads\/2018\/05\/R@MBLA-EMIGRANTES-01.jpg","articleSection":["Actualidad","Estado Espa\u00f1ol"],"inLanguage":"en-GB","potentialAction":[{"@type":"CommentAction","name":"Comment","target":["https:\/\/www.revistarambla.com\/la-ley-de-extranjeria-es-el-paraguas-de-las-mafias\/#respond"]}]},{"@type":"WebPage","@id":"https:\/\/www.revistarambla.com\/la-ley-de-extranjeria-es-el-paraguas-de-las-mafias\/","url":"https:\/\/www.revistarambla.com\/la-ley-de-extranjeria-es-el-paraguas-de-las-mafias\/","name":"Norma Falconi: \"La Ley de Extranjer\u00eda es el paraguas de las mafias\" - Revista Rambla","isPartOf":{"@id":"https:\/\/www.revistarambla.com\/#website"},"primaryImageOfPage":{"@id":"https:\/\/www.revistarambla.com\/la-ley-de-extranjeria-es-el-paraguas-de-las-mafias\/#primaryimage"},"image":{"@id":"https:\/\/www.revistarambla.com\/la-ley-de-extranjeria-es-el-paraguas-de-las-mafias\/#primaryimage"},"thumbnailUrl":"https:\/\/www.revistarambla.com\/wp-content\/uploads\/2018\/05\/R@MBLA-EMIGRANTES-01.jpg","datePublished":"2018-05-01T03:11:38+00:00","dateModified":"2021-02-02T19:18:50+00:00","breadcrumb":{"@id":"https:\/\/www.revistarambla.com\/la-ley-de-extranjeria-es-el-paraguas-de-las-mafias\/#breadcrumb"},"inLanguage":"en-GB","potentialAction":[{"@type":"ReadAction","target":["https:\/\/www.revistarambla.com\/la-ley-de-extranjeria-es-el-paraguas-de-las-mafias\/"]}]},{"@type":"ImageObject","inLanguage":"en-GB","@id":"https:\/\/www.revistarambla.com\/la-ley-de-extranjeria-es-el-paraguas-de-las-mafias\/#primaryimage","url":"https:\/\/www.revistarambla.com\/wp-content\/uploads\/2018\/05\/R@MBLA-EMIGRANTES-01.jpg","contentUrl":"https:\/\/www.revistarambla.com\/wp-content\/uploads\/2018\/05\/R@MBLA-EMIGRANTES-01.jpg","width":700,"height":950},{"@type":"BreadcrumbList","@id":"https:\/\/www.revistarambla.com\/la-ley-de-extranjeria-es-el-paraguas-de-las-mafias\/#breadcrumb","itemListElement":[{"@type":"ListItem","position":1,"name":"Portada","item":"https:\/\/www.revistarambla.com\/"},{"@type":"ListItem","position":2,"name":"Norma Falconi: \u00abLa Ley de Extranjer\u00eda es el paraguas de las mafias\u00bb"}]},{"@type":"WebSite","@id":"https:\/\/www.revistarambla.com\/#website","url":"https:\/\/www.revistarambla.com\/","name":"Revista Rambla Barcelona","description":"Periodismo independiente","publisher":{"@id":"https:\/\/www.revistarambla.com\/#organization"},"potentialAction":[{"@type":"SearchAction","target":{"@type":"EntryPoint","urlTemplate":"https:\/\/www.revistarambla.com\/?s={search_term_string}"},"query-input":{"@type":"PropertyValueSpecification","valueRequired":true,"valueName":"search_term_string"}}],"inLanguage":"en-GB"},{"@type":"Organization","@id":"https:\/\/www.revistarambla.com\/#organization","name":"Revista Rambla","url":"https:\/\/www.revistarambla.com\/","logo":{"@type":"ImageObject","inLanguage":"en-GB","@id":"https:\/\/www.revistarambla.com\/#\/schema\/logo\/image\/","url":"https:\/\/www.revistarambla.com\/wp-content\/uploads\/2020\/09\/banner_rambla_1900x600_BB.png","contentUrl":"https:\/\/www.revistarambla.com\/wp-content\/uploads\/2020\/09\/banner_rambla_1900x600_BB.png","width":1900,"height":600,"caption":"Revista Rambla"},"image":{"@id":"https:\/\/www.revistarambla.com\/#\/schema\/logo\/image\/"},"sameAs":["https:\/\/www.facebook.com\/revistarambla\/","https:\/\/x.com\/revistarambla","https:\/\/www.instagram.com\/revista_rambla","https:\/\/es.linkedin.com\/company\/revista-rambla"]},{"@type":"Person","@id":"https:\/\/www.revistarambla.com\/#\/schema\/person\/2b19179a8ace334b829ad72cc6e6ce97","name":"Marta P\u00e9rez","description":"Periodista."}]}},"_links":{"self":[{"href":"https:\/\/www.revistarambla.com\/en\/wp-json\/wp\/v2\/posts\/15789","targetHints":{"allow":["GET"]}}],"collection":[{"href":"https:\/\/www.revistarambla.com\/en\/wp-json\/wp\/v2\/posts"}],"about":[{"href":"https:\/\/www.revistarambla.com\/en\/wp-json\/wp\/v2\/types\/post"}],"author":[{"embeddable":true,"href":"https:\/\/www.revistarambla.com\/en\/wp-json\/wp\/v2\/users\/15"}],"replies":[{"embeddable":true,"href":"https:\/\/www.revistarambla.com\/en\/wp-json\/wp\/v2\/comments?post=15789"}],"version-history":[{"count":0,"href":"https:\/\/www.revistarambla.com\/en\/wp-json\/wp\/v2\/posts\/15789\/revisions"}],"wp:featuredmedia":[{"embeddable":true,"href":"https:\/\/www.revistarambla.com\/en\/wp-json\/wp\/v2\/media\/15790"}],"wp:attachment":[{"href":"https:\/\/www.revistarambla.com\/en\/wp-json\/wp\/v2\/media?parent=15789"}],"wp:term":[{"taxonomy":"category","embeddable":true,"href":"https:\/\/www.revistarambla.com\/en\/wp-json\/wp\/v2\/categories?post=15789"},{"taxonomy":"post_tag","embeddable":true,"href":"https:\/\/www.revistarambla.com\/en\/wp-json\/wp\/v2\/tags?post=15789"}],"curies":[{"name":"wp","href":"https:\/\/api.w.org\/{rel}","templated":true}]}}