{"id":15713,"date":"2018-04-23T07:52:33","date_gmt":"2018-04-23T05:52:33","guid":{"rendered":"https:\/\/www.revistarambla.com\/?p=15713"},"modified":"2021-12-17T20:34:50","modified_gmt":"2021-12-17T19:34:50","slug":"etiopia-los-dassanech-2","status":"publish","type":"post","link":"https:\/\/www.revistarambla.com\/en\/etiopia-los-dassanech-2\/","title":{"rendered":"Etiopia, los Dassanech"},"content":{"rendered":"<p>Cruzamos el r\u00edo en una especie de canoa hecha con el tronco de un \u00e1rbol alargada y muy estrecha, en la que a penas puede uno sentarse. A cada momento, amenaza con desestabilizarse y volcar. En la orilla opuesta, hacia donde nos dirigimos, hay un poblado de la etnia de los dassanech, nombre que podr\u00eda traducirse como \u201cla gente del delta\u201d. Estamos al norte del lago Turkana, en el sur de Etiop\u00eda, muy cerca de la frontera con Kenia. Es una zona \u00e1rida y des\u00e9rtica, con escasez de agua, lo que hace todav\u00eda m\u00e1s dif\u00edcil la vida de estas gentes.<\/p>\n<p><a href=\"https:\/\/www.revistarambla.com\/wp-content\/uploads\/2018\/04\/dassenech-004.jpg\"><img decoding=\"async\" class=\"wp-image-15715 aligncenter\" src=\"https:\/\/www.revistarambla.com\/wp-content\/uploads\/2018\/04\/dassenech-004.jpg\" alt=\"\" width=\"640\" height=\"424\" srcset=\"https:\/\/www.revistarambla.com\/wp-content\/uploads\/2018\/04\/dassenech-004.jpg 800w, https:\/\/www.revistarambla.com\/wp-content\/uploads\/2018\/04\/dassenech-004-300x199.jpg 300w, https:\/\/www.revistarambla.com\/wp-content\/uploads\/2018\/04\/dassenech-004-768x509.jpg 768w, https:\/\/www.revistarambla.com\/wp-content\/uploads\/2018\/04\/dassenech-004-500x331.jpg 500w, https:\/\/www.revistarambla.com\/wp-content\/uploads\/2018\/04\/dassenech-004-650x431.jpg 650w, https:\/\/www.revistarambla.com\/wp-content\/uploads\/2018\/04\/dassenech-004-458x303.jpg 458w, https:\/\/www.revistarambla.com\/wp-content\/uploads\/2018\/04\/dassenech-004-600x398.jpg 600w\" sizes=\"(max-width: 640px) 100vw, 640px\" \/><\/a><\/p>\n<p>El poblado en s\u00ed est\u00e1 formado por unas cuantas caba\u00f1as con forma de semic\u00edrculo, construidas con palos y paja. Son caba\u00f1as sin divisiones interiores, con una peque\u00f1a apertura de entrada. Alrededor no hay nada. S\u00f3lo tierra seca, polvo y miseria. La primera impresi\u00f3n que produce la visita a esta aldea es la de una pobreza extrema, insultante, vergonzosa en pleno siglo XXI..<\/p>\n<p>Los dassanech tienen el triste privilegio de ser una de las etnias m\u00e1s pobres del continente africano. Viven al norte y al noreste del lago Turkana. Se cree que llegaron aqu\u00ed desde Sud\u00e1n hace unos 200 a\u00f1os huyendo, probablemente, del hambre y la sequ\u00eda, situaci\u00f3n que desgraciadamente no ha cambiado mucho para ellos con el paso de los a\u00f1os. Son, aproximadamente, unos 25.000 individuos, buena parte de ellos n\u00f3madas: trasladan sus poblados y al ganado en busca de agua, siguiendo el dictado que imponen unas condiciones climatol\u00f3gicas muy adversas. Durante las migraciones, las mujeres son las que se encargan de recoger y reconstruir las casas en el nuevo emplazamiento.<\/p>\n<p>Aunque tradicionalmente se han dedicado al pastoreo, cada vez son m\u00e1s los que practican actividades agropecuarias: la aridez de la tierra en la que habitan les ha obligado a cambiar poco a poco su ancestral forma de vida. Ahora, muchos de ellos se dedican de noche a la caza del cocodrilo en las aguas del lago turkana, una pr\u00e1ctica peligrosa cada vez m\u00e1s arraigada ante la escasez de comida: con un cocodrilo peque\u00f1o puede comer una familia entera durante varios d\u00edas.<\/p>\n<p>Los dassanech son unos guerreros muy temidos por sus adversarios y est\u00e1n divididos en varios clanes. Todos ellos creen tener poderes, unos curativos, otros sobre el agua&#8230;. Tambi\u00e9n, todos, comparten el gusto por los abalorios confeccionados con objetos tan diversos como un trozo de correa de reloj de pulsera para adornar la frente, plumas de aves en la cabeza o diademas hechas con chapas de botellas de refresco. Aqu\u00ed todo tiene alguna utilidad.<\/p>\n<p>Tanto a los ni\u00f1os como a las ni\u00f1as se les practica la circuncisi\u00f3n. En el caso de las ni\u00f1as, se trata de algo fundamental para poder casarse y para que el padre pueda pedir\u00a0una buena dote por ella. La ceremonia re\u00fane a varias ni\u00f1as de entre 10 y 12 a\u00f1os y la persona encargada de la operaci\u00f3n es una mujer mayor. Cuando termina el ritual, se le da a la ni\u00f1a de beber leche agria y un collar de su madre, como recuerdo de ese decisivo d\u00eda en su vida.<\/p>\n<p>En cambio, el paso a la madurez de los hombres se celebra a una edad muy tard\u00eda, casi a los 30 a\u00f1os. Durante esa ceremonia, se visten y se adornan como las mujeres<\/p>\n<p>Otro ritual importante en la vida de los hombres adultos es la ceremonia para celebrar y bendecir la fertilidad y el futuro matrimonio de su hija, una fiesta en la que se sacrifican animales y termina con bailes tradicionales.<\/p>\n<p>[meta_gallery_slider id=\u00bb15717&#8243; autoplay=\u00bbtrue\u00bb dots=\u00bbfalse\u00bb show_title=\u00bbfalse\u00bb show_caption=\u00bbfalse\u00bb]<\/p>\n","protected":false},"excerpt":{"rendered":"<p>Cruzamos el r\u00edo en una especie de canoa hecha con el tronco de un \u00e1rbol alargada y muy estrecha, en la que a penas puede uno sentarse. A cada momento, amenaza con desestabilizarse y volcar. En la orilla opuesta, hacia donde nos dirigimos, hay un poblado de la etnia de [&hellip;]<\/p>\n","protected":false},"author":67,"featured_media":15714,"comment_status":"open","ping_status":"open","sticky":false,"template":"","format":"standard","meta":{"footnotes":""},"categories":[6,66],"tags":[],"class_list":["post-15713","post","type-post","status-publish","format-standard","has-post-thumbnail","hentry","category-ocio","category-viajes"],"yoast_head":"<!-- This site is optimized with the Yoast SEO plugin v27.5 - https:\/\/yoast.com\/product\/yoast-seo-wordpress\/ -->\n<title>Etiopia, los Dassanech - Revista Rambla<\/title>\n<meta name=\"robots\" content=\"index, follow, max-snippet:-1, max-image-preview:large, max-video-preview:-1\" \/>\n<link rel=\"canonical\" href=\"https:\/\/www.revistarambla.com\/en\/etiopia-los-dassanech-2\/\" \/>\n<meta property=\"og:locale\" content=\"en_GB\" \/>\n<meta property=\"og:type\" content=\"article\" \/>\n<meta property=\"og:title\" content=\"Etiopia, los Dassanech - Revista Rambla\" \/>\n<meta property=\"og:description\" content=\"Cruzamos el r\u00edo en una especie de canoa hecha con el tronco de un \u00e1rbol alargada y muy estrecha, en la que a penas puede uno sentarse. A cada momento, amenaza con desestabilizarse y volcar. En la orilla opuesta, hacia donde nos dirigimos, hay un poblado de la etnia de [&hellip;]\" \/>\n<meta property=\"og:url\" content=\"https:\/\/www.revistarambla.com\/en\/etiopia-los-dassanech-2\/\" \/>\n<meta property=\"og:site_name\" content=\"Revista Rambla\" \/>\n<meta property=\"article:publisher\" content=\"https:\/\/www.facebook.com\/revistarambla\/\" \/>\n<meta property=\"article:published_time\" content=\"2018-04-23T05:52:33+00:00\" \/>\n<meta property=\"article:modified_time\" content=\"2021-12-17T19:34:50+00:00\" \/>\n<meta property=\"og:image\" content=\"https:\/\/www.revistarambla.com\/wp-content\/uploads\/2018\/04\/dassenech-006.jpg\" \/>\n\t<meta property=\"og:image:width\" content=\"800\" \/>\n\t<meta property=\"og:image:height\" content=\"530\" \/>\n\t<meta property=\"og:image:type\" content=\"image\/jpeg\" \/>\n<meta name=\"author\" content=\"Francesc Sans Duch&nbsp;y&nbsp;Silvia Gracia\" \/>\n<meta name=\"twitter:card\" content=\"summary_large_image\" \/>\n<meta name=\"twitter:creator\" content=\"@revistarambla\" \/>\n<meta name=\"twitter:site\" content=\"@revistarambla\" \/>\n<meta name=\"twitter:label1\" content=\"Written by\" \/>\n\t<meta name=\"twitter:data1\" content=\"Francesc Sans Duch&nbsp;y&nbsp;Silvia Gracia\" \/>\n\t<meta name=\"twitter:label2\" content=\"Estimated reading time\" \/>\n\t<meta name=\"twitter:data2\" content=\"3 minutes\" \/>\n<script type=\"application\/ld+json\" class=\"yoast-schema-graph\">{\"@context\":\"https:\\\/\\\/schema.org\",\"@graph\":[{\"@type\":\"Article\",\"@id\":\"https:\\\/\\\/www.revistarambla.com\\\/etiopia-los-dassanech-2\\\/#article\",\"isPartOf\":{\"@id\":\"https:\\\/\\\/www.revistarambla.com\\\/etiopia-los-dassanech-2\\\/\"},\"author\":{\"name\":\"Francesc Sans Duch&nbsp;y&nbsp;Silvia Gracia\",\"@id\":\"https:\\\/\\\/www.revistarambla.com\\\/#\\\/schema\\\/person\\\/de37454421aea2704ebd6a3b4b2a6d0f\"},\"headline\":\"Etiopia, los Dassanech\",\"datePublished\":\"2018-04-23T05:52:33+00:00\",\"dateModified\":\"2021-12-17T19:34:50+00:00\",\"mainEntityOfPage\":{\"@id\":\"https:\\\/\\\/www.revistarambla.com\\\/etiopia-los-dassanech-2\\\/\"},\"wordCount\":640,\"commentCount\":0,\"publisher\":{\"@id\":\"https:\\\/\\\/www.revistarambla.com\\\/#organization\"},\"image\":{\"@id\":\"https:\\\/\\\/www.revistarambla.com\\\/etiopia-los-dassanech-2\\\/#primaryimage\"},\"thumbnailUrl\":\"https:\\\/\\\/www.revistarambla.com\\\/wp-content\\\/uploads\\\/2018\\\/04\\\/dassenech-006.jpg\",\"articleSection\":[\"Ocio\",\"Viajes\"],\"inLanguage\":\"en-GB\",\"potentialAction\":[{\"@type\":\"CommentAction\",\"name\":\"Comment\",\"target\":[\"https:\\\/\\\/www.revistarambla.com\\\/etiopia-los-dassanech-2\\\/#respond\"]}]},{\"@type\":\"WebPage\",\"@id\":\"https:\\\/\\\/www.revistarambla.com\\\/etiopia-los-dassanech-2\\\/\",\"url\":\"https:\\\/\\\/www.revistarambla.com\\\/etiopia-los-dassanech-2\\\/\",\"name\":\"Etiopia, los Dassanech - Revista Rambla\",\"isPartOf\":{\"@id\":\"https:\\\/\\\/www.revistarambla.com\\\/#website\"},\"primaryImageOfPage\":{\"@id\":\"https:\\\/\\\/www.revistarambla.com\\\/etiopia-los-dassanech-2\\\/#primaryimage\"},\"image\":{\"@id\":\"https:\\\/\\\/www.revistarambla.com\\\/etiopia-los-dassanech-2\\\/#primaryimage\"},\"thumbnailUrl\":\"https:\\\/\\\/www.revistarambla.com\\\/wp-content\\\/uploads\\\/2018\\\/04\\\/dassenech-006.jpg\",\"datePublished\":\"2018-04-23T05:52:33+00:00\",\"dateModified\":\"2021-12-17T19:34:50+00:00\",\"breadcrumb\":{\"@id\":\"https:\\\/\\\/www.revistarambla.com\\\/etiopia-los-dassanech-2\\\/#breadcrumb\"},\"inLanguage\":\"en-GB\",\"potentialAction\":[{\"@type\":\"ReadAction\",\"target\":[\"https:\\\/\\\/www.revistarambla.com\\\/etiopia-los-dassanech-2\\\/\"]}]},{\"@type\":\"ImageObject\",\"inLanguage\":\"en-GB\",\"@id\":\"https:\\\/\\\/www.revistarambla.com\\\/etiopia-los-dassanech-2\\\/#primaryimage\",\"url\":\"https:\\\/\\\/www.revistarambla.com\\\/wp-content\\\/uploads\\\/2018\\\/04\\\/dassenech-006.jpg\",\"contentUrl\":\"https:\\\/\\\/www.revistarambla.com\\\/wp-content\\\/uploads\\\/2018\\\/04\\\/dassenech-006.jpg\",\"width\":800,\"height\":530,\"caption\":\"10-02-01 tribu etiope dassanech fotos silvana g.\"},{\"@type\":\"BreadcrumbList\",\"@id\":\"https:\\\/\\\/www.revistarambla.com\\\/etiopia-los-dassanech-2\\\/#breadcrumb\",\"itemListElement\":[{\"@type\":\"ListItem\",\"position\":1,\"name\":\"Portada\",\"item\":\"https:\\\/\\\/www.revistarambla.com\\\/\"},{\"@type\":\"ListItem\",\"position\":2,\"name\":\"Etiopia, los Dassanech\"}]},{\"@type\":\"WebSite\",\"@id\":\"https:\\\/\\\/www.revistarambla.com\\\/#website\",\"url\":\"https:\\\/\\\/www.revistarambla.com\\\/\",\"name\":\"Revista Rambla Barcelona\",\"description\":\"Periodismo independiente\",\"publisher\":{\"@id\":\"https:\\\/\\\/www.revistarambla.com\\\/#organization\"},\"potentialAction\":[{\"@type\":\"SearchAction\",\"target\":{\"@type\":\"EntryPoint\",\"urlTemplate\":\"https:\\\/\\\/www.revistarambla.com\\\/?s={search_term_string}\"},\"query-input\":{\"@type\":\"PropertyValueSpecification\",\"valueRequired\":true,\"valueName\":\"search_term_string\"}}],\"inLanguage\":\"en-GB\"},{\"@type\":\"Organization\",\"@id\":\"https:\\\/\\\/www.revistarambla.com\\\/#organization\",\"name\":\"Revista Rambla\",\"url\":\"https:\\\/\\\/www.revistarambla.com\\\/\",\"logo\":{\"@type\":\"ImageObject\",\"inLanguage\":\"en-GB\",\"@id\":\"https:\\\/\\\/www.revistarambla.com\\\/#\\\/schema\\\/logo\\\/image\\\/\",\"url\":\"https:\\\/\\\/www.revistarambla.com\\\/wp-content\\\/uploads\\\/2020\\\/09\\\/banner_rambla_1900x600_BB.png\",\"contentUrl\":\"https:\\\/\\\/www.revistarambla.com\\\/wp-content\\\/uploads\\\/2020\\\/09\\\/banner_rambla_1900x600_BB.png\",\"width\":1900,\"height\":600,\"caption\":\"Revista Rambla\"},\"image\":{\"@id\":\"https:\\\/\\\/www.revistarambla.com\\\/#\\\/schema\\\/logo\\\/image\\\/\"},\"sameAs\":[\"https:\\\/\\\/www.facebook.com\\\/revistarambla\\\/\",\"https:\\\/\\\/x.com\\\/revistarambla\",\"https:\\\/\\\/www.instagram.com\\\/revista_rambla\",\"https:\\\/\\\/es.linkedin.com\\\/company\\\/revista-rambla\"]},[{\"@type\":[\"Person\"],\"@id\":\"https:\\\/\\\/www.revistarambla.com\\\/#\\\/schema\\\/person\\\/de37454421aea2704ebd6a3b4b2a6d0f\",\"name\":\"Francesc Sans Duch\",\"image\":{\"@type\":\"ImageObject\",\"@id\":\"\",\"inLanguage\":\"en_GB\",\"url\":\"https:\\\/\\\/www.revistarambla.com\\\/wp-content\\\/uploads\\\/2016\\\/05\\\/FS_Big-e1563293274694.jpg\",\"caption\":\"Francesc Sans Duch\"}},{\"@type\":[\"Person\"],\"@id\":\"https:\\\/\\\/www.revistarambla.com\\\/#\\\/schema\\\/person\\\/de37454421aea2704ebd6a3b4b2a6d0f\",\"name\":\"Silvia Gracia\",\"image\":{\"@type\":\"ImageObject\",\"@id\":\"\",\"inLanguage\":\"en_GB\",\"url\":\"https:\\\/\\\/www.revistarambla.com\\\/wp-content\\\/uploads\\\/2021\\\/11\\\/16684056_1232547766793650_3874404398345990793_n.jpg\",\"caption\":\"Silvia Gracia\"}}]]}<\/script>\n<!-- \/ Yoast SEO plugin. -->","yoast_head_json":{"title":"Etiopia, los Dassanech - Revista Rambla","robots":{"index":"index","follow":"follow","max-snippet":"max-snippet:-1","max-image-preview":"max-image-preview:large","max-video-preview":"max-video-preview:-1"},"canonical":"https:\/\/www.revistarambla.com\/en\/etiopia-los-dassanech-2\/","og_locale":"en_GB","og_type":"article","og_title":"Etiopia, los Dassanech - Revista Rambla","og_description":"Cruzamos el r\u00edo en una especie de canoa hecha con el tronco de un \u00e1rbol alargada y muy estrecha, en la que a penas puede uno sentarse. A cada momento, amenaza con desestabilizarse y volcar. En la orilla opuesta, hacia donde nos dirigimos, hay un poblado de la etnia de [&hellip;]","og_url":"https:\/\/www.revistarambla.com\/en\/etiopia-los-dassanech-2\/","og_site_name":"Revista Rambla","article_publisher":"https:\/\/www.facebook.com\/revistarambla\/","article_published_time":"2018-04-23T05:52:33+00:00","article_modified_time":"2021-12-17T19:34:50+00:00","og_image":[{"width":800,"height":530,"url":"https:\/\/www.revistarambla.com\/wp-content\/uploads\/2018\/04\/dassenech-006.jpg","type":"image\/jpeg"}],"author":"Francesc Sans Duch&nbsp;y&nbsp;Silvia Gracia","twitter_card":"summary_large_image","twitter_creator":"@revistarambla","twitter_site":"@revistarambla","twitter_misc":{"Written by":"Francesc Sans Duch&nbsp;y&nbsp;Silvia Gracia","Estimated reading time":"3 minutes"},"schema":{"@context":"https:\/\/schema.org","@graph":[{"@type":"Article","@id":"https:\/\/www.revistarambla.com\/etiopia-los-dassanech-2\/#article","isPartOf":{"@id":"https:\/\/www.revistarambla.com\/etiopia-los-dassanech-2\/"},"author":{"name":"Francesc Sans Duch&nbsp;y&nbsp;Silvia Gracia","@id":"https:\/\/www.revistarambla.com\/#\/schema\/person\/de37454421aea2704ebd6a3b4b2a6d0f"},"headline":"Etiopia, los Dassanech","datePublished":"2018-04-23T05:52:33+00:00","dateModified":"2021-12-17T19:34:50+00:00","mainEntityOfPage":{"@id":"https:\/\/www.revistarambla.com\/etiopia-los-dassanech-2\/"},"wordCount":640,"commentCount":0,"publisher":{"@id":"https:\/\/www.revistarambla.com\/#organization"},"image":{"@id":"https:\/\/www.revistarambla.com\/etiopia-los-dassanech-2\/#primaryimage"},"thumbnailUrl":"https:\/\/www.revistarambla.com\/wp-content\/uploads\/2018\/04\/dassenech-006.jpg","articleSection":["Ocio","Viajes"],"inLanguage":"en-GB","potentialAction":[{"@type":"CommentAction","name":"Comment","target":["https:\/\/www.revistarambla.com\/etiopia-los-dassanech-2\/#respond"]}]},{"@type":"WebPage","@id":"https:\/\/www.revistarambla.com\/etiopia-los-dassanech-2\/","url":"https:\/\/www.revistarambla.com\/etiopia-los-dassanech-2\/","name":"Etiopia, los Dassanech - Revista Rambla","isPartOf":{"@id":"https:\/\/www.revistarambla.com\/#website"},"primaryImageOfPage":{"@id":"https:\/\/www.revistarambla.com\/etiopia-los-dassanech-2\/#primaryimage"},"image":{"@id":"https:\/\/www.revistarambla.com\/etiopia-los-dassanech-2\/#primaryimage"},"thumbnailUrl":"https:\/\/www.revistarambla.com\/wp-content\/uploads\/2018\/04\/dassenech-006.jpg","datePublished":"2018-04-23T05:52:33+00:00","dateModified":"2021-12-17T19:34:50+00:00","breadcrumb":{"@id":"https:\/\/www.revistarambla.com\/etiopia-los-dassanech-2\/#breadcrumb"},"inLanguage":"en-GB","potentialAction":[{"@type":"ReadAction","target":["https:\/\/www.revistarambla.com\/etiopia-los-dassanech-2\/"]}]},{"@type":"ImageObject","inLanguage":"en-GB","@id":"https:\/\/www.revistarambla.com\/etiopia-los-dassanech-2\/#primaryimage","url":"https:\/\/www.revistarambla.com\/wp-content\/uploads\/2018\/04\/dassenech-006.jpg","contentUrl":"https:\/\/www.revistarambla.com\/wp-content\/uploads\/2018\/04\/dassenech-006.jpg","width":800,"height":530,"caption":"10-02-01 tribu etiope dassanech fotos silvana g."},{"@type":"BreadcrumbList","@id":"https:\/\/www.revistarambla.com\/etiopia-los-dassanech-2\/#breadcrumb","itemListElement":[{"@type":"ListItem","position":1,"name":"Portada","item":"https:\/\/www.revistarambla.com\/"},{"@type":"ListItem","position":2,"name":"Etiopia, los Dassanech"}]},{"@type":"WebSite","@id":"https:\/\/www.revistarambla.com\/#website","url":"https:\/\/www.revistarambla.com\/","name":"Revista Rambla Barcelona","description":"Periodismo independiente","publisher":{"@id":"https:\/\/www.revistarambla.com\/#organization"},"potentialAction":[{"@type":"SearchAction","target":{"@type":"EntryPoint","urlTemplate":"https:\/\/www.revistarambla.com\/?s={search_term_string}"},"query-input":{"@type":"PropertyValueSpecification","valueRequired":true,"valueName":"search_term_string"}}],"inLanguage":"en-GB"},{"@type":"Organization","@id":"https:\/\/www.revistarambla.com\/#organization","name":"Revista Rambla","url":"https:\/\/www.revistarambla.com\/","logo":{"@type":"ImageObject","inLanguage":"en-GB","@id":"https:\/\/www.revistarambla.com\/#\/schema\/logo\/image\/","url":"https:\/\/www.revistarambla.com\/wp-content\/uploads\/2020\/09\/banner_rambla_1900x600_BB.png","contentUrl":"https:\/\/www.revistarambla.com\/wp-content\/uploads\/2020\/09\/banner_rambla_1900x600_BB.png","width":1900,"height":600,"caption":"Revista Rambla"},"image":{"@id":"https:\/\/www.revistarambla.com\/#\/schema\/logo\/image\/"},"sameAs":["https:\/\/www.facebook.com\/revistarambla\/","https:\/\/x.com\/revistarambla","https:\/\/www.instagram.com\/revista_rambla","https:\/\/es.linkedin.com\/company\/revista-rambla"]},[{"@type":["Person"],"@id":"https:\/\/www.revistarambla.com\/#\/schema\/person\/de37454421aea2704ebd6a3b4b2a6d0f","name":"Francesc Sans Duch","image":{"@type":"ImageObject","@id":"","inLanguage":"en_GB","url":"https:\/\/www.revistarambla.com\/wp-content\/uploads\/2016\/05\/FS_Big-e1563293274694.jpg","caption":"Francesc Sans Duch"}},{"@type":["Person"],"@id":"https:\/\/www.revistarambla.com\/#\/schema\/person\/de37454421aea2704ebd6a3b4b2a6d0f","name":"Silvia Gracia","image":{"@type":"ImageObject","@id":"","inLanguage":"en_GB","url":"https:\/\/www.revistarambla.com\/wp-content\/uploads\/2021\/11\/16684056_1232547766793650_3874404398345990793_n.jpg","caption":"Silvia Gracia"}}]]}},"_links":{"self":[{"href":"https:\/\/www.revistarambla.com\/en\/wp-json\/wp\/v2\/posts\/15713","targetHints":{"allow":["GET"]}}],"collection":[{"href":"https:\/\/www.revistarambla.com\/en\/wp-json\/wp\/v2\/posts"}],"about":[{"href":"https:\/\/www.revistarambla.com\/en\/wp-json\/wp\/v2\/types\/post"}],"author":[{"embeddable":true,"href":"https:\/\/www.revistarambla.com\/en\/wp-json\/wp\/v2\/users\/67"}],"replies":[{"embeddable":true,"href":"https:\/\/www.revistarambla.com\/en\/wp-json\/wp\/v2\/comments?post=15713"}],"version-history":[{"count":0,"href":"https:\/\/www.revistarambla.com\/en\/wp-json\/wp\/v2\/posts\/15713\/revisions"}],"wp:featuredmedia":[{"embeddable":true,"href":"https:\/\/www.revistarambla.com\/en\/wp-json\/wp\/v2\/media\/15714"}],"wp:attachment":[{"href":"https:\/\/www.revistarambla.com\/en\/wp-json\/wp\/v2\/media?parent=15713"}],"wp:term":[{"taxonomy":"category","embeddable":true,"href":"https:\/\/www.revistarambla.com\/en\/wp-json\/wp\/v2\/categories?post=15713"},{"taxonomy":"post_tag","embeddable":true,"href":"https:\/\/www.revistarambla.com\/en\/wp-json\/wp\/v2\/tags?post=15713"}],"curies":[{"name":"wp","href":"https:\/\/api.w.org\/{rel}","templated":true}]}}