{"id":15581,"date":"2018-04-10T10:32:24","date_gmt":"2018-04-10T08:32:24","guid":{"rendered":"https:\/\/www.revistarambla.com\/?p=15581"},"modified":"2021-02-02T20:47:42","modified_gmt":"2021-02-02T19:47:42","slug":"a-la-caza-de-un-librepensador","status":"publish","type":"post","link":"https:\/\/www.revistarambla.com\/en\/a-la-caza-de-un-librepensador\/","title":{"rendered":"A la caza de un librepensador"},"content":{"rendered":"<figure id=\"attachment_15582\" aria-describedby=\"caption-attachment-15582\" style=\"width: 300px\" class=\"wp-caption alignright\"><a href=\"https:\/\/www.revistarambla.com\/wp-content\/uploads\/2018\/04\/R@MBLA-CAZA.jpg\"><img decoding=\"async\" class=\"wp-image-15582 size-medium\" src=\"https:\/\/www.revistarambla.com\/wp-content\/uploads\/2018\/04\/R@MBLA-CAZA-300x212.jpg\" alt=\"\" width=\"300\" height=\"212\" srcset=\"https:\/\/www.revistarambla.com\/wp-content\/uploads\/2018\/04\/R@MBLA-CAZA-300x212.jpg 300w, https:\/\/www.revistarambla.com\/wp-content\/uploads\/2018\/04\/R@MBLA-CAZA-768x543.jpg 768w, https:\/\/www.revistarambla.com\/wp-content\/uploads\/2018\/04\/R@MBLA-CAZA-500x354.jpg 500w, https:\/\/www.revistarambla.com\/wp-content\/uploads\/2018\/04\/R@MBLA-CAZA-800x566.jpg 800w, https:\/\/www.revistarambla.com\/wp-content\/uploads\/2018\/04\/R@MBLA-CAZA-612x433.jpg 612w, https:\/\/www.revistarambla.com\/wp-content\/uploads\/2018\/04\/R@MBLA-CAZA-431x305.jpg 431w, https:\/\/www.revistarambla.com\/wp-content\/uploads\/2018\/04\/R@MBLA-CAZA-600x424.jpg 600w, https:\/\/www.revistarambla.com\/wp-content\/uploads\/2018\/04\/R@MBLA-CAZA.jpg 950w\" sizes=\"(max-width: 300px) 100vw, 300px\" \/><\/a><figcaption id=\"caption-attachment-15582\" class=\"wp-caption-text\">Ilustra Ricardo Jurado.<\/figcaption><\/figure>\n<p>Nunca han sido bien vistos los librepensadores en Espa\u00f1a. La respuesta hacia ellos siempre ha sido la misma: represi\u00f3n, exilio o muerte. Nuestra historia est\u00e1 repleta de gentes que fueron maltratadas y juzgadas por alejarse de las estrechas mentes del poder, por insubordinarse a la autoridad y por mostrar a los dem\u00e1s el camino de la reflexi\u00f3n propia y el librepensamiento. Estas personas supieron escapar de la red que el sistema lanza sobre nosotros en el momento en que nos asomamos a este mundo. Las fuerzas hegem\u00f3nicas se encargan de ensuciar las almas puras de los ni\u00f1os para arrojar sobre ellos prejuicios que m\u00e1s tarde marcaran sus vidas, siempre y cuando no sean capaces de asumir el peso del pensamiento cr\u00edtico. No es sencillo despojarse de los designios que el poder guarda para nosotros, los cuales nos convierten en seres afines en resignaci\u00f3n y sumisi\u00f3n. La divisi\u00f3n de clases es algo m\u00e1s que una caracter\u00edstica del capitalismo: es la estrategia que sale de las entra\u00f1as de aquellos que se proponen despellejarnos hasta el fin de nuestros d\u00edas. Los que se posicionan en la cima de la vergonzante escala jer\u00e1rquica que rige nuestras vidas disfrutan tir\u00e1ndose a nuestros cuellos, apretando cada vez con m\u00e1s fuerza.<\/p>\n<p>En Espa\u00f1a, la opulencia y la tiran\u00eda se pueden medir en el Congreso de los Diputados, en los edificios militares, en los tribunales o en las sedes de la Conferencia Episcopal. Organismos p\u00fablicos dedicados al abuso de poder en una democracia fallida desde sus inicios. Muestra de ello es el cerco al que determinados grupos han sido sometidos en el transcurso de las cuatro d\u00e9cadas anteriores. Hoy, el asedio a aquellos que se han rebelado contra la injusticia impuesta por el r\u00e9gimen pol\u00edtico, ha llevado a muchos a reflexionar sobre el sistema que ven\u00edan acatando durante a\u00f1os. Esta bocanada de pensamiento cr\u00edtico est\u00e1 molestando sobremanera a las elites, que nos prefieren adormecidos. La violencia del Estado se vuelve contra nosotros cada vez con m\u00e1s firmeza. Son ya demasiados los acusados por delitos reinterpretados por el poder judicial y amparados por el pol\u00edtico, los cuales est\u00e1n aplicando medidas revanchistas contra quienes cuestionan los dogmas establecidos.<\/p>\n<p>Uno de ellos es Willy Toledo, situado en el punto de mira desde hace a\u00f1os por sus posicionamientos ideol\u00f3gicos. Es alguien que ha aprendido a hacer del activismo y la solidaridad una forma de vida, a diferencia de los que s\u00f3lo defienden una causa cuando sufren sus consecuencias en primera persona. Toledo ha participado en encierros, manifestaciones y todo tipo de acciones en defensa de los derechos humanos y civiles de diferentes colectivos. Denunci\u00f3 el sometimiento del pueblo saharaui, despert\u00f3 consciencias entorno a la Guerra de Irak, cont\u00f3 los horrores del conflicto palestino-israel\u00ed, anunci\u00f3 la inhumanidad de la Ley de Extranjer\u00eda de Aznar\u2026 No es extra\u00f1o que haya sido detenido y procesado en varias ocasiones.<\/p>\n<p>Toledo ha conseguido plasmar buena parte de su posicionamiento pol\u00edtico en un grupo teatral llamado Animalario, del cual es fundador junto con Alberto San Juan. Es alguien ligado a la cultura y, ya se sabe que, en Espa\u00f1a, la cultura es un bien muy nocivo para los intereses de las elites, por eso se encuentra privatizada. El teatro, en concreto, es un medio de reflexi\u00f3n que asusta al poder.<\/p>\n<p>Willy Toledo hace p\u00fablicas sus ideas en las redes sociales y en las entrevistas, y es notorio el escarnio al que, posteriormente, se ve sometido por parte de los medios de comunicaci\u00f3n. En los medios m\u00e1s reaccionarios, son frecuentes los insultos hacia su persona y, en los dem\u00e1s, se le tilda de antisistema. En demasiadas ocasiones, quienes se consideran antisistema son tratados con sarcasmo, al igual que aquellos que se llaman comunistas. La persecuci\u00f3n ideol\u00f3gica es un hecho en este pa\u00eds, que no ces\u00f3 con la entrada de la democracia. Se ha perseguido judicialmente a grupos y personas individuales por su ideolog\u00eda, lo estamos viendo en los \u00faltimos meses con las detenciones de los l\u00edderes de los partidos independentistas catalanes, pero lo que no se conoce es que las persecuciones ya se daban en las \u00faltimas d\u00e9cadas.<\/p>\n<p>Willy Toledo ha sido muy claro, tambi\u00e9n, en relaci\u00f3n a las pr\u00e1cticas criminales de la polic\u00eda espa\u00f1ola: la tortura. Varias organizaciones han denunciado estos hechos, que jam\u00e1s han sido noticia en los medios oficiales. Si no hay noticia tampoco hay conocimiento, lo que garantiza la impunidad de los responsables. El actor ha tenido que emprender el camino del exilio profesional, ya que desde hace varios a\u00f1os no puede trabajar en Espa\u00f1a, fruto de dicha persecuci\u00f3n. Actualmente, est\u00e1 acusado de un delito contra los sentimientos religiosos que, como \u00e9l mismo afirma, demuestra que la persecuci\u00f3n de la blasfemia sigue vigente en la Espa\u00f1a retr\u00f3grada en la que vivimos. En alguna entrevista, Toledo ha afirmado ser un fracaso escolar. No es para nada extra\u00f1o, ya que en el sistema educativo no se fomenta el pensamiento cr\u00edtico, sino que se antepone la memoria a la reflexi\u00f3n. Todo se encamina a crear seres obedientes y cr\u00e9dulos, destinados a no cuestionarse las versiones oficiales de quienes nos manipulan. Willy Toledo, como tantas otras personas que alzan la voz en contra de la opresi\u00f3n, constituyen la actual intelectualidad espa\u00f1ola, tan escasa en la historia del pa\u00eds, y tan imprescindible en estos momentos.<\/p>","protected":false},"excerpt":{"rendered":"<p>Nunca han sido bien vistos los librepensadores en Espa\u00f1a. La respuesta hacia ellos siempre ha sido la misma: represi\u00f3n, exilio o muerte. Nuestra historia est\u00e1 repleta de gentes que fueron maltratadas y juzgadas por alejarse de las estrechas mentes del poder, por insubordinarse a la autoridad y por mostrar a [&hellip;]<\/p>\n","protected":false},"author":15,"featured_media":15582,"comment_status":"open","ping_status":"open","sticky":false,"template":"","format":"standard","meta":{"footnotes":""},"categories":[72],"tags":[],"class_list":["post-15581","post","type-post","status-publish","format-standard","has-post-thumbnail","hentry","category-opinion"],"yoast_head":"<!-- This site is optimized with the Yoast SEO plugin v27.5 - https:\/\/yoast.com\/product\/yoast-seo-wordpress\/ -->\n<title>A la caza de un librepensador - Revista Rambla<\/title>\n<meta name=\"robots\" content=\"index, follow, max-snippet:-1, max-image-preview:large, max-video-preview:-1\" \/>\n<link rel=\"canonical\" href=\"https:\/\/www.revistarambla.com\/en\/a-la-caza-de-un-librepensador\/\" \/>\n<meta property=\"og:locale\" content=\"en_GB\" \/>\n<meta property=\"og:type\" content=\"article\" \/>\n<meta property=\"og:title\" content=\"A la caza de un librepensador - Revista Rambla\" \/>\n<meta property=\"og:description\" content=\"Nunca han sido bien vistos los librepensadores en Espa\u00f1a. La respuesta hacia ellos siempre ha sido la misma: represi\u00f3n, exilio o muerte. Nuestra historia est\u00e1 repleta de gentes que fueron maltratadas y juzgadas por alejarse de las estrechas mentes del poder, por insubordinarse a la autoridad y por mostrar a [&hellip;]\" \/>\n<meta property=\"og:url\" content=\"https:\/\/www.revistarambla.com\/en\/a-la-caza-de-un-librepensador\/\" \/>\n<meta property=\"og:site_name\" content=\"Revista Rambla\" \/>\n<meta property=\"article:publisher\" content=\"https:\/\/www.facebook.com\/revistarambla\/\" \/>\n<meta property=\"article:published_time\" content=\"2018-04-10T08:32:24+00:00\" \/>\n<meta property=\"article:modified_time\" content=\"2021-02-02T19:47:42+00:00\" \/>\n<meta property=\"og:image\" content=\"https:\/\/i1.wp.com\/www.revistarambla.com\/wp-content\/uploads\/2018\/04\/R@MBLA-CAZA.jpg?fit=950%2C672&ssl=1\" \/>\n\t<meta property=\"og:image:width\" content=\"950\" \/>\n\t<meta property=\"og:image:height\" content=\"672\" \/>\n\t<meta property=\"og:image:type\" content=\"image\/jpeg\" \/>\n<meta name=\"author\" content=\"Marta P\u00e9rez\" \/>\n<meta name=\"twitter:card\" content=\"summary_large_image\" \/>\n<meta name=\"twitter:creator\" content=\"@revistarambla\" \/>\n<meta name=\"twitter:site\" content=\"@revistarambla\" \/>\n<meta name=\"twitter:label1\" content=\"Written by\" \/>\n\t<meta name=\"twitter:data1\" content=\"Marta P\u00e9rez\" \/>\n\t<meta name=\"twitter:label2\" content=\"Estimated reading time\" \/>\n\t<meta name=\"twitter:data2\" content=\"5 minutes\" \/>\n<script type=\"application\/ld+json\" class=\"yoast-schema-graph\">{\"@context\":\"https:\\\/\\\/schema.org\",\"@graph\":[{\"@type\":\"Article\",\"@id\":\"https:\\\/\\\/www.revistarambla.com\\\/a-la-caza-de-un-librepensador\\\/#article\",\"isPartOf\":{\"@id\":\"https:\\\/\\\/www.revistarambla.com\\\/a-la-caza-de-un-librepensador\\\/\"},\"author\":{\"name\":\"Marta P\u00e9rez\",\"@id\":\"https:\\\/\\\/www.revistarambla.com\\\/#\\\/schema\\\/person\\\/2b19179a8ace334b829ad72cc6e6ce97\"},\"headline\":\"A la caza de un librepensador\",\"datePublished\":\"2018-04-10T08:32:24+00:00\",\"dateModified\":\"2021-02-02T19:47:42+00:00\",\"mainEntityOfPage\":{\"@id\":\"https:\\\/\\\/www.revistarambla.com\\\/a-la-caza-de-un-librepensador\\\/\"},\"wordCount\":958,\"commentCount\":0,\"publisher\":{\"@id\":\"https:\\\/\\\/www.revistarambla.com\\\/#organization\"},\"image\":{\"@id\":\"https:\\\/\\\/www.revistarambla.com\\\/a-la-caza-de-un-librepensador\\\/#primaryimage\"},\"thumbnailUrl\":\"https:\\\/\\\/www.revistarambla.com\\\/wp-content\\\/uploads\\\/2018\\\/04\\\/R@MBLA-CAZA.jpg\",\"articleSection\":[\"Opiniones\"],\"inLanguage\":\"en-GB\",\"potentialAction\":[{\"@type\":\"CommentAction\",\"name\":\"Comment\",\"target\":[\"https:\\\/\\\/www.revistarambla.com\\\/a-la-caza-de-un-librepensador\\\/#respond\"]}]},{\"@type\":\"WebPage\",\"@id\":\"https:\\\/\\\/www.revistarambla.com\\\/a-la-caza-de-un-librepensador\\\/\",\"url\":\"https:\\\/\\\/www.revistarambla.com\\\/a-la-caza-de-un-librepensador\\\/\",\"name\":\"A la caza de un librepensador - Revista Rambla\",\"isPartOf\":{\"@id\":\"https:\\\/\\\/www.revistarambla.com\\\/#website\"},\"primaryImageOfPage\":{\"@id\":\"https:\\\/\\\/www.revistarambla.com\\\/a-la-caza-de-un-librepensador\\\/#primaryimage\"},\"image\":{\"@id\":\"https:\\\/\\\/www.revistarambla.com\\\/a-la-caza-de-un-librepensador\\\/#primaryimage\"},\"thumbnailUrl\":\"https:\\\/\\\/www.revistarambla.com\\\/wp-content\\\/uploads\\\/2018\\\/04\\\/R@MBLA-CAZA.jpg\",\"datePublished\":\"2018-04-10T08:32:24+00:00\",\"dateModified\":\"2021-02-02T19:47:42+00:00\",\"breadcrumb\":{\"@id\":\"https:\\\/\\\/www.revistarambla.com\\\/a-la-caza-de-un-librepensador\\\/#breadcrumb\"},\"inLanguage\":\"en-GB\",\"potentialAction\":[{\"@type\":\"ReadAction\",\"target\":[\"https:\\\/\\\/www.revistarambla.com\\\/a-la-caza-de-un-librepensador\\\/\"]}]},{\"@type\":\"ImageObject\",\"inLanguage\":\"en-GB\",\"@id\":\"https:\\\/\\\/www.revistarambla.com\\\/a-la-caza-de-un-librepensador\\\/#primaryimage\",\"url\":\"https:\\\/\\\/www.revistarambla.com\\\/wp-content\\\/uploads\\\/2018\\\/04\\\/R@MBLA-CAZA.jpg\",\"contentUrl\":\"https:\\\/\\\/www.revistarambla.com\\\/wp-content\\\/uploads\\\/2018\\\/04\\\/R@MBLA-CAZA.jpg\",\"width\":950,\"height\":672},{\"@type\":\"BreadcrumbList\",\"@id\":\"https:\\\/\\\/www.revistarambla.com\\\/a-la-caza-de-un-librepensador\\\/#breadcrumb\",\"itemListElement\":[{\"@type\":\"ListItem\",\"position\":1,\"name\":\"Portada\",\"item\":\"https:\\\/\\\/www.revistarambla.com\\\/\"},{\"@type\":\"ListItem\",\"position\":2,\"name\":\"A la caza de un librepensador\"}]},{\"@type\":\"WebSite\",\"@id\":\"https:\\\/\\\/www.revistarambla.com\\\/#website\",\"url\":\"https:\\\/\\\/www.revistarambla.com\\\/\",\"name\":\"Revista Rambla Barcelona\",\"description\":\"Periodismo independiente\",\"publisher\":{\"@id\":\"https:\\\/\\\/www.revistarambla.com\\\/#organization\"},\"potentialAction\":[{\"@type\":\"SearchAction\",\"target\":{\"@type\":\"EntryPoint\",\"urlTemplate\":\"https:\\\/\\\/www.revistarambla.com\\\/?s={search_term_string}\"},\"query-input\":{\"@type\":\"PropertyValueSpecification\",\"valueRequired\":true,\"valueName\":\"search_term_string\"}}],\"inLanguage\":\"en-GB\"},{\"@type\":\"Organization\",\"@id\":\"https:\\\/\\\/www.revistarambla.com\\\/#organization\",\"name\":\"Revista Rambla\",\"url\":\"https:\\\/\\\/www.revistarambla.com\\\/\",\"logo\":{\"@type\":\"ImageObject\",\"inLanguage\":\"en-GB\",\"@id\":\"https:\\\/\\\/www.revistarambla.com\\\/#\\\/schema\\\/logo\\\/image\\\/\",\"url\":\"https:\\\/\\\/www.revistarambla.com\\\/wp-content\\\/uploads\\\/2020\\\/09\\\/banner_rambla_1900x600_BB.png\",\"contentUrl\":\"https:\\\/\\\/www.revistarambla.com\\\/wp-content\\\/uploads\\\/2020\\\/09\\\/banner_rambla_1900x600_BB.png\",\"width\":1900,\"height\":600,\"caption\":\"Revista Rambla\"},\"image\":{\"@id\":\"https:\\\/\\\/www.revistarambla.com\\\/#\\\/schema\\\/logo\\\/image\\\/\"},\"sameAs\":[\"https:\\\/\\\/www.facebook.com\\\/revistarambla\\\/\",\"https:\\\/\\\/x.com\\\/revistarambla\",\"https:\\\/\\\/www.instagram.com\\\/revista_rambla\",\"https:\\\/\\\/es.linkedin.com\\\/company\\\/revista-rambla\"]},{\"@type\":\"Person\",\"@id\":\"https:\\\/\\\/www.revistarambla.com\\\/#\\\/schema\\\/person\\\/2b19179a8ace334b829ad72cc6e6ce97\",\"name\":\"Marta P\u00e9rez\",\"description\":\"Periodista.\"}]}<\/script>\n<!-- \/ Yoast SEO plugin. -->","yoast_head_json":{"title":"A la caza de un librepensador - Revista Rambla","robots":{"index":"index","follow":"follow","max-snippet":"max-snippet:-1","max-image-preview":"max-image-preview:large","max-video-preview":"max-video-preview:-1"},"canonical":"https:\/\/www.revistarambla.com\/en\/a-la-caza-de-un-librepensador\/","og_locale":"en_GB","og_type":"article","og_title":"A la caza de un librepensador - Revista Rambla","og_description":"Nunca han sido bien vistos los librepensadores en Espa\u00f1a. La respuesta hacia ellos siempre ha sido la misma: represi\u00f3n, exilio o muerte. Nuestra historia est\u00e1 repleta de gentes que fueron maltratadas y juzgadas por alejarse de las estrechas mentes del poder, por insubordinarse a la autoridad y por mostrar a [&hellip;]","og_url":"https:\/\/www.revistarambla.com\/en\/a-la-caza-de-un-librepensador\/","og_site_name":"Revista Rambla","article_publisher":"https:\/\/www.facebook.com\/revistarambla\/","article_published_time":"2018-04-10T08:32:24+00:00","article_modified_time":"2021-02-02T19:47:42+00:00","og_image":[{"width":950,"height":672,"url":"https:\/\/i1.wp.com\/www.revistarambla.com\/wp-content\/uploads\/2018\/04\/R@MBLA-CAZA.jpg?fit=950%2C672&ssl=1","type":"image\/jpeg"}],"author":"Marta P\u00e9rez","twitter_card":"summary_large_image","twitter_creator":"@revistarambla","twitter_site":"@revistarambla","twitter_misc":{"Written by":"Marta P\u00e9rez","Estimated reading time":"5 minutes"},"schema":{"@context":"https:\/\/schema.org","@graph":[{"@type":"Article","@id":"https:\/\/www.revistarambla.com\/a-la-caza-de-un-librepensador\/#article","isPartOf":{"@id":"https:\/\/www.revistarambla.com\/a-la-caza-de-un-librepensador\/"},"author":{"name":"Marta P\u00e9rez","@id":"https:\/\/www.revistarambla.com\/#\/schema\/person\/2b19179a8ace334b829ad72cc6e6ce97"},"headline":"A la caza de un librepensador","datePublished":"2018-04-10T08:32:24+00:00","dateModified":"2021-02-02T19:47:42+00:00","mainEntityOfPage":{"@id":"https:\/\/www.revistarambla.com\/a-la-caza-de-un-librepensador\/"},"wordCount":958,"commentCount":0,"publisher":{"@id":"https:\/\/www.revistarambla.com\/#organization"},"image":{"@id":"https:\/\/www.revistarambla.com\/a-la-caza-de-un-librepensador\/#primaryimage"},"thumbnailUrl":"https:\/\/www.revistarambla.com\/wp-content\/uploads\/2018\/04\/R@MBLA-CAZA.jpg","articleSection":["Opiniones"],"inLanguage":"en-GB","potentialAction":[{"@type":"CommentAction","name":"Comment","target":["https:\/\/www.revistarambla.com\/a-la-caza-de-un-librepensador\/#respond"]}]},{"@type":"WebPage","@id":"https:\/\/www.revistarambla.com\/a-la-caza-de-un-librepensador\/","url":"https:\/\/www.revistarambla.com\/a-la-caza-de-un-librepensador\/","name":"A la caza de un librepensador - Revista Rambla","isPartOf":{"@id":"https:\/\/www.revistarambla.com\/#website"},"primaryImageOfPage":{"@id":"https:\/\/www.revistarambla.com\/a-la-caza-de-un-librepensador\/#primaryimage"},"image":{"@id":"https:\/\/www.revistarambla.com\/a-la-caza-de-un-librepensador\/#primaryimage"},"thumbnailUrl":"https:\/\/www.revistarambla.com\/wp-content\/uploads\/2018\/04\/R@MBLA-CAZA.jpg","datePublished":"2018-04-10T08:32:24+00:00","dateModified":"2021-02-02T19:47:42+00:00","breadcrumb":{"@id":"https:\/\/www.revistarambla.com\/a-la-caza-de-un-librepensador\/#breadcrumb"},"inLanguage":"en-GB","potentialAction":[{"@type":"ReadAction","target":["https:\/\/www.revistarambla.com\/a-la-caza-de-un-librepensador\/"]}]},{"@type":"ImageObject","inLanguage":"en-GB","@id":"https:\/\/www.revistarambla.com\/a-la-caza-de-un-librepensador\/#primaryimage","url":"https:\/\/www.revistarambla.com\/wp-content\/uploads\/2018\/04\/R@MBLA-CAZA.jpg","contentUrl":"https:\/\/www.revistarambla.com\/wp-content\/uploads\/2018\/04\/R@MBLA-CAZA.jpg","width":950,"height":672},{"@type":"BreadcrumbList","@id":"https:\/\/www.revistarambla.com\/a-la-caza-de-un-librepensador\/#breadcrumb","itemListElement":[{"@type":"ListItem","position":1,"name":"Portada","item":"https:\/\/www.revistarambla.com\/"},{"@type":"ListItem","position":2,"name":"A la caza de un librepensador"}]},{"@type":"WebSite","@id":"https:\/\/www.revistarambla.com\/#website","url":"https:\/\/www.revistarambla.com\/","name":"Revista Rambla Barcelona","description":"Periodismo independiente","publisher":{"@id":"https:\/\/www.revistarambla.com\/#organization"},"potentialAction":[{"@type":"SearchAction","target":{"@type":"EntryPoint","urlTemplate":"https:\/\/www.revistarambla.com\/?s={search_term_string}"},"query-input":{"@type":"PropertyValueSpecification","valueRequired":true,"valueName":"search_term_string"}}],"inLanguage":"en-GB"},{"@type":"Organization","@id":"https:\/\/www.revistarambla.com\/#organization","name":"Revista Rambla","url":"https:\/\/www.revistarambla.com\/","logo":{"@type":"ImageObject","inLanguage":"en-GB","@id":"https:\/\/www.revistarambla.com\/#\/schema\/logo\/image\/","url":"https:\/\/www.revistarambla.com\/wp-content\/uploads\/2020\/09\/banner_rambla_1900x600_BB.png","contentUrl":"https:\/\/www.revistarambla.com\/wp-content\/uploads\/2020\/09\/banner_rambla_1900x600_BB.png","width":1900,"height":600,"caption":"Revista Rambla"},"image":{"@id":"https:\/\/www.revistarambla.com\/#\/schema\/logo\/image\/"},"sameAs":["https:\/\/www.facebook.com\/revistarambla\/","https:\/\/x.com\/revistarambla","https:\/\/www.instagram.com\/revista_rambla","https:\/\/es.linkedin.com\/company\/revista-rambla"]},{"@type":"Person","@id":"https:\/\/www.revistarambla.com\/#\/schema\/person\/2b19179a8ace334b829ad72cc6e6ce97","name":"Marta P\u00e9rez","description":"Periodista."}]}},"_links":{"self":[{"href":"https:\/\/www.revistarambla.com\/en\/wp-json\/wp\/v2\/posts\/15581","targetHints":{"allow":["GET"]}}],"collection":[{"href":"https:\/\/www.revistarambla.com\/en\/wp-json\/wp\/v2\/posts"}],"about":[{"href":"https:\/\/www.revistarambla.com\/en\/wp-json\/wp\/v2\/types\/post"}],"author":[{"embeddable":true,"href":"https:\/\/www.revistarambla.com\/en\/wp-json\/wp\/v2\/users\/15"}],"replies":[{"embeddable":true,"href":"https:\/\/www.revistarambla.com\/en\/wp-json\/wp\/v2\/comments?post=15581"}],"version-history":[{"count":0,"href":"https:\/\/www.revistarambla.com\/en\/wp-json\/wp\/v2\/posts\/15581\/revisions"}],"wp:featuredmedia":[{"embeddable":true,"href":"https:\/\/www.revistarambla.com\/en\/wp-json\/wp\/v2\/media\/15582"}],"wp:attachment":[{"href":"https:\/\/www.revistarambla.com\/en\/wp-json\/wp\/v2\/media?parent=15581"}],"wp:term":[{"taxonomy":"category","embeddable":true,"href":"https:\/\/www.revistarambla.com\/en\/wp-json\/wp\/v2\/categories?post=15581"},{"taxonomy":"post_tag","embeddable":true,"href":"https:\/\/www.revistarambla.com\/en\/wp-json\/wp\/v2\/tags?post=15581"}],"curies":[{"name":"wp","href":"https:\/\/api.w.org\/{rel}","templated":true}]}}