{"id":15570,"date":"2018-04-10T10:05:16","date_gmt":"2018-04-10T08:05:16","guid":{"rendered":"https:\/\/www.revistarambla.com\/?p=15570"},"modified":"2021-02-02T20:49:59","modified_gmt":"2021-02-02T19:49:59","slug":"la-transicion-ensangrentada","status":"publish","type":"post","link":"https:\/\/www.revistarambla.com\/en\/la-transicion-ensangrentada\/","title":{"rendered":"La Transici\u00f3n ensangrentada\u2026"},"content":{"rendered":"<p>Se celebra en 2018 los cuarenta a\u00f1os de la aprobaci\u00f3n de la Constituci\u00f3n Espa\u00f1ola que ciment\u00f3 el modelo de monarqu\u00eda parlamentaria que sustituy\u00f3 al r\u00e9gimen fascista impuesto por el general Franco a trav\u00e9s de un golpe de estado que deriv\u00f3 en una cruenta guerra civil y una posterior y cruel dictadura en la que se extermin\u00f3 f\u00edsica y pol\u00edticamente a las personas y organizaciones de izquierda de II Rep\u00fablica.<\/p>\n<p><a href=\"https:\/\/www.revistarambla.com\/wp-content\/uploads\/2018\/04\/Gasteiz-3-de-marzo.jpeg\"><img decoding=\"async\" class=\"alignright wp-image-15572 size-medium\" src=\"https:\/\/www.revistarambla.com\/wp-content\/uploads\/2018\/04\/Gasteiz-3-de-marzo-300x207.jpeg\" alt=\"\" width=\"300\" height=\"207\" srcset=\"https:\/\/www.revistarambla.com\/wp-content\/uploads\/2018\/04\/Gasteiz-3-de-marzo-300x207.jpeg 300w, https:\/\/www.revistarambla.com\/wp-content\/uploads\/2018\/04\/Gasteiz-3-de-marzo-768x531.jpeg 768w, https:\/\/www.revistarambla.com\/wp-content\/uploads\/2018\/04\/Gasteiz-3-de-marzo-500x346.jpeg 500w, https:\/\/www.revistarambla.com\/wp-content\/uploads\/2018\/04\/Gasteiz-3-de-marzo-819x566.jpeg 819w, https:\/\/www.revistarambla.com\/wp-content\/uploads\/2018\/04\/Gasteiz-3-de-marzo-626x433.jpeg 626w, https:\/\/www.revistarambla.com\/wp-content\/uploads\/2018\/04\/Gasteiz-3-de-marzo-441x305.jpeg 441w, https:\/\/www.revistarambla.com\/wp-content\/uploads\/2018\/04\/Gasteiz-3-de-marzo-600x415.jpeg 600w, https:\/\/www.revistarambla.com\/wp-content\/uploads\/2018\/04\/Gasteiz-3-de-marzo.jpeg 878w\" sizes=\"(max-width: 300px) 100vw, 300px\" \/><\/a>El tr\u00e1nsito de aquella dictadura al actual modelo parlamentario no fue producto de una id\u00edlica y mod\u00e9lica transici\u00f3n, donde \u201ctodos cedieron\u201d en aras de un consenso com\u00fan. Como todos los procesos pol\u00edticos, se trat\u00f3 de un per\u00edodo convulso, te\u00f1ido de sangre y represi\u00f3n, que marc\u00f3 los l\u00edmites que no estaba dispuesto a traspasar un r\u00e9gimen que mor\u00eda y quer\u00eda homologarse con el sistema democr\u00e1tico-burgu\u00e9s occidental.<\/p>\n<p>La represi\u00f3n tiene la funci\u00f3n clara de mostrar las consecuencias que puedes encontrarte si el nivel reivindicativo supera los l\u00edmites aceptados por el sistema. Y lo que andaba en juego en aquellos a\u00f1os no s\u00f3lo eran determinadas reivindicaciones sociales, sino particularmente el modelo de organizaci\u00f3n pol\u00edtica que iba a regir el futuro del estado espa\u00f1ol, y los mecanismos de libertad o represi\u00f3n que regir\u00edan las relaciones y conflictos de grupos y clases sociales.<\/p>\n<p>Varios fueron los agentes que intervinieron activamente para dejar fijados estos l\u00edmites por medio de la represi\u00f3n, los asesinatos, las detenciones y las torturas. El m\u00e1s activo de ellos fue el Estado, a trav\u00e9s del gobierno, el sistema judicial o el propio ej\u00e9rcito. Pero el r\u00e9gimen tuvo la colaboraci\u00f3n necesaria de grupos paramilitares que crearon el terror en las calles de todo el estado, ti\u00f1endo de sangre este \u201cmod\u00e9lico\u201d proceso.<\/p>\n<p>Trabajadores, estudiantes, dirigentes vecinales, pol\u00edticos y sindicales, fueron las v\u00edctimas elegidas para condicionar y amordazar este tramposo consenso, que como todos, fue producto de la correlaci\u00f3n de fuerzas y tambi\u00e9n las traiciones y mezquindades de algunos dirigentes m\u00e1s interesados en su instalaci\u00f3n personal que en dar un vuelco real en favor de las clases populares.<\/p>\n<p>Para comprender bien el presente, es necesario conocer el contexto en el que se produjo la transici\u00f3n, y los l\u00edmites que se impusieron a sangre y fuego. Porque esta transici\u00f3n, esta constituci\u00f3n, est\u00e1 te\u00f1ida de sangre y no se fragu\u00f3 en un clima de verdadera libertad.<\/p>\n<p>Ninguno de los cr\u00edmenes aqu\u00ed recordados han tenido su merecido castigo, ni siquiera han sido juzgados penal o pol\u00edticamente como lo que son: asesinatos. Asesinatos de Estado.<\/p>\n<p><strong>Febrero: Yolanda Gonz\u00e1lez Mart\u00edn \u2013 Vicente Cuervo Calvo<\/strong><\/p>\n<p>Nuestro recuerdo de los febreros de la transici\u00f3n se paran en 1980, con los asesinatos, por bandas fascistas de Yolanda Gonz\u00e1lez Mart\u00edn y Vicente Cuervo Calvo.<\/p>\n<p>Yolanda Gonz\u00e1lez fue brutalmente asesinada el 1 de febrero de 1980 por lo que se denominaba la \u201cextrema derecha\u201d que estaba llena de conexiones (que nunca se quiso aclarar) con las fuerzas policiales.<\/p>\n<p>Para m\u00e1s \u201cinri\u201d en 2013, salt\u00f3 a la opini\u00f3n p\u00fablica que el asesino Emilio Hell\u00edn, trabajaba para los Cuerpos y Fuerzas Generales de la Seguridad y del Estado en t\u00e9cnicas de espionaje.<\/p>\n<p>A penas una semana despu\u00e9s, en Vallecas, ser\u00eda asesinado Vicente Cuervo Calvo, que como tantos vecinos de todo Madrid hab\u00eda acudido a manifestarse contra el acto fascista del sindicato af\u00edn a Fuerza Nueva que pretend\u00eda celebrarse en medio del coraz\u00f3n rojo del barrio, en el cine Par\u00eds, el acto al final no se celebr\u00f3, la polic\u00eda cargo contra los antifascistas que acordonaban la zona y dio protecci\u00f3n a los fascistas, que adem\u00e1s como era t\u00edpico en la \u00e9poca hicieron uso de sus armas de fuego y de todo tipo de violencia, una bala disparada por los fascistas le barri\u00f3 por dentro. Nunca hubo procesados\u2026<\/p>\n<p><strong><img decoding=\"async\" class=\"aligncenter size-large wp-image-15573\" src=\"https:\/\/www.revistarambla.com\/wp-content\/uploads\/2018\/04\/Felipe-Sagarna-Ormazabal-mem-asesinado-por-BVE-2-1024x806.jpg\" alt=\"\" width=\"1024\" height=\"806\" srcset=\"https:\/\/www.revistarambla.com\/wp-content\/uploads\/2018\/04\/Felipe-Sagarna-Ormazabal-mem-asesinado-por-BVE-2-1024x806.jpg 1024w, https:\/\/www.revistarambla.com\/wp-content\/uploads\/2018\/04\/Felipe-Sagarna-Ormazabal-mem-asesinado-por-BVE-2-300x236.jpg 300w, https:\/\/www.revistarambla.com\/wp-content\/uploads\/2018\/04\/Felipe-Sagarna-Ormazabal-mem-asesinado-por-BVE-2-768x605.jpg 768w, https:\/\/www.revistarambla.com\/wp-content\/uploads\/2018\/04\/Felipe-Sagarna-Ormazabal-mem-asesinado-por-BVE-2-500x394.jpg 500w, https:\/\/www.revistarambla.com\/wp-content\/uploads\/2018\/04\/Felipe-Sagarna-Ormazabal-mem-asesinado-por-BVE-2-719x566.jpg 719w, https:\/\/www.revistarambla.com\/wp-content\/uploads\/2018\/04\/Felipe-Sagarna-Ormazabal-mem-asesinado-por-BVE-2-550x433.jpg 550w, https:\/\/www.revistarambla.com\/wp-content\/uploads\/2018\/04\/Felipe-Sagarna-Ormazabal-mem-asesinado-por-BVE-2-387x305.jpg 387w, https:\/\/www.revistarambla.com\/wp-content\/uploads\/2018\/04\/Felipe-Sagarna-Ormazabal-mem-asesinado-por-BVE-2-600x473.jpg 600w, https:\/\/www.revistarambla.com\/wp-content\/uploads\/2018\/04\/Felipe-Sagarna-Ormazabal-mem-asesinado-por-BVE-2.jpg 1200w\" sizes=\"(max-width: 1024px) 100vw, 1024px\" \/><\/strong><\/p>\n<p><strong>1976<\/strong><\/p>\n<p><em><strong>\u00a0<\/strong><\/em><strong>3 DE MARZO. VITORIA<\/strong><\/p>\n<p>5 trabajadores resultaron muertos por disparos de la Polic\u00eda Armada, a la puerta de la iglesia de San Francisco, en Zaramaga, donde se celebraba una asamblea pac\u00edfica de m\u00e1s de 4.000 trabajadores, que fue disuelta de forma violenta por la polic\u00eda. Huelga general contra del decreto de topes salariales y en defensa de mejores condiciones de trabajo. Rodolfo Mart\u00edn Villa era ministro de Relaciones Sindicales. Fraga era ministro de Gobernaci\u00f3n (Interior).<br \/>\nLas grabaciones de las conversaciones policiales forman parte de la historia de la verg\u00fcenza de la Transici\u00f3n:<\/p>\n<p><em>\u00abCharlie a J-1. Al parecer en la iglesia de San Francisco es donde m\u00e1s gente hay. \u00bfQu\u00e9 hacemos? Si hay gente \u00a1a por ellos! \u00a1Vamos a por ellos!\u00bb<\/em><br \/>\n<em>\u00abIntento comunicar, pero nadie contesta. Deben estar en la iglesia pele\u00e1ndose como leones. \u00a1J-3 para J-1! \u00a1J-3 para J-1! Manden fuerza para aqu\u00ed. Ya hemos disparado m\u00e1s de dos mil tiros. \u00bfC\u00f3mo est\u00e1 por ah\u00ed el asunto? Te puedes figurar, despu\u00e9s de tirar m\u00e1s de mil tiros y romper la iglesia de San Francisco. Te puedes imaginar c\u00f3mo est\u00e1 la calle y c\u00f3mo est\u00e1 todo. \u00a1Muchas gracias, eh! \u00a1Buen servicio! Dile a Salinas, que hemos contribuido a la paliza m\u00e1s grande de la historia. Aqu\u00ed ha habido una masacre. Cambio. De acuerdo, de acuerdo. Pero de verdad una masacre\u00bb.<\/em><\/p>\n<p><strong>Romualdo Barroso Chaparro.<\/strong>\u00a020 a\u00f1os. Estudiante de maestr\u00eda industrial.<\/p>\n<p>Disparo en la cabeza por la espalda.<\/p>\n<p><strong>Francisco Aznar Clemente.<\/strong>\u00a017 a\u00f1os. Panadero. Disparo en la cabeza.<\/p>\n<p><strong>Pedro Mar\u00eda Mart\u00ednez Ocio.<\/strong>\u00a027 a\u00f1os. Trabajador en Forjas Alavesas. Disparo en la espalda.<\/p>\n<p><strong>Jos\u00e9 Castillo Garc\u00eda.<\/strong>\u00a032 a\u00f1os. Trabajador de la empresa Basa-Arregui. Balazo en h\u00edgado.<\/p>\n<p><strong>Bienvenido Pereda Moral.<\/strong>\u00a032 a\u00f1os. Trabajador de la empresa Grupos Diferenciales. Balazos en pecho, m\u00e9dula y piernas.<\/p>\n<p><strong>6 DE MARZO. TARRAGONA<\/strong><\/p>\n<p>Se celebra una manifestaci\u00f3n, en el marco de las protestas realizadas por todo el estado contra la matanza de Vitoria. La polic\u00eda la disuelve con cargas violentas.<\/p>\n<p><strong>Juan Gabriel Rodr\u00edgo Knafo.<\/strong>\u00a019 a\u00f1os. Trabajador de una refiner\u00eda. Se refugia en el portal n\u00ba 7 de la calle Uni\u00f3, perseguido por 2 polic\u00edas, y sale muerto. Se proh\u00edbe el acceso a los informes m\u00e9dicos que determinan la causa de la muerte.<\/p>\n<p><strong>8 DE MARZO 1976. BASAURI<\/strong><\/p>\n<p>El 8 de marzo de 1976 tiene lugar en Bizkaia una huelga en protesta por la masacre del 3 de marzo, en la que paran 150.000 trabajadores. Unas 8.000 personas tratan de hacer una asamblea en Basauri y la Guardia Civil los dispersa utilizando armas de fuego.<\/p>\n<p><strong>Vicente Ant\u00f3n Ferrero.<\/strong>\u00a018 a\u00f1os. Trabajador. Disparo en la cabeza.<br \/>\n<strong>1977<\/strong><\/p>\n<p><em><strong>\u00a0<\/strong><\/em><strong>13 DE MARZO. SAN SEBASTI\u00c1N<\/strong><\/p>\n<p><strong>Jos\u00e9 Luis Aristiz\u00e1bal Lasa.<\/strong>\u00a020 a\u00f1os. Estudiante en la Escuela Superior de T\u00e9cnica Empresarial de Gipuzkoa. Balazo de goma en la cabeza, en una manifestaci\u00f3n pro amnist\u00eda.<\/p>\n<p><strong>20 DE MARZO. BARCELONA<\/strong><\/p>\n<p><strong>\u00c1ngel Valent\u00edn P\u00e9rez.<\/strong>\u00a024 a\u00f1os. Obrero de la construcci\u00f3n. Apu\u00f1alado por ultraderechistas en el transcurso de una manifestaci\u00f3n en la Plaza de Sant Jaume.<\/p>\n<p><strong>30 DE MARZO. SAN SEBASTI\u00c1N<\/strong><\/p>\n<p><strong>Isidro Susperregui Aldaco.<\/strong>\u00a068 a\u00f1os. Pelotazo de goma, el d\u00eda 15 de marzo.<br \/>\n<strong>1978<\/strong><\/p>\n<p><strong><em>\u00a0<\/em><\/strong><strong>14 DE MARZO. C\u00c1RCEL DE CARABANCHEL. MADRID<\/strong><\/p>\n<p><strong>Agust\u00edn Rueda Sierra.<\/strong>\u00a026 a\u00f1os. Militante anarquista y antifranquista, es torturado en la c\u00e1rcel por grupos de funcionarios. Los m\u00e9dicos del Centro niegan asistencia m\u00e9dica al recluso, que acaba muriendo.<\/p>\n<p><strong>1979<\/strong><\/p>\n<p><strong>\u00a0<\/strong><strong>4 DE MARZO. PARLA (MADRID)<\/strong><\/p>\n<p><strong>Ursino Gallego-Nicasio.<\/strong>\u00a014 a\u00f1os. Pelotazo de goma en el pecho, disparado por la Polic\u00eda en una manifestaci\u00f3n vecinal que reclamaba abastecimiento de agua.<\/p>\n<p><strong>1980<\/strong><\/p>\n<p><strong><em>\u00a0<\/em><\/strong><strong>28 DE MARZO. MADRID<\/strong><\/p>\n<p><strong>Jorge Caballero S\u00e1nchez.<\/strong>\u00a021 a\u00f1os. A la salida de un cine en la Gran V\u00eda madrile\u00f1a, es apaleado y apu\u00f1alado por un grupo de militantes de Fuerza Nueva por llevar un estampado anarquista en la camiseta. Los detenidos son procesados, al cabo de 8 a\u00f1os, s\u00f3lo por \u201cdes\u00f3rdenes p\u00fablicos\u201d y condenados a rid\u00edculas multas.<\/p>\n<p><strong>1981<\/strong><\/p>\n<p><em><strong>\u00a0<\/strong><\/em><strong>3 DE MARZO. ANDOAIN (GIPUZKOA)<\/strong><\/p>\n<p><strong>Francisco Javier Ansa Cincunegui.<\/strong>\u00a0Obrero metal\u00fargico. Militante de Herri Batasuna y hermano de un conejal del PNV. Tiroteado en la cabeza por el Batall\u00f3n Vasco-Espa\u00f1ol mientras esperaba el autob\u00fas para el trabajo.<br \/>\nFamiliar del joven de diecisiete a\u00f1os\u00a0<em>Jos\u00e9 Ram\u00f3n Ansa Etxebarria,<\/em>\u00a0que apareci\u00f3 muerto con un tiro en la nuca el 6 de mayo de 1979, asesinado tambi\u00e9n por el Batall\u00f3n Vasco-Espa\u00f1ol.<\/p>\n<p><em>La madrugada del 6 de mayo de 1979, Jos\u00e9 Ram\u00f3n Ansa Echevarr\u00eda, 17 a\u00f1os, camina por el margen de la carretera de vuelta al caser\u00edo. Un coche se detiene a su lado y un tipo le obliga a subir a punta de subfusil. Tras tomar un camino vecinal, el veh\u00edculo se detiene en un paraje apartado y Jos\u00e9 Ram\u00f3n desciende acompa\u00f1ado por dos individuos armados que empiezan a interrogarle sobre su supuesta vinculaci\u00f3n con ETA. No hay vinculaci\u00f3n alguna, pero les da igual. Le descerrajan un disparo en la cabeza. El asesinato lo reivindica la Triple A.<\/em><\/p>\n<p><em>Los individuos que van en el coche son Ignacio Mar\u00eda Iturbide Alcain y Ladislao Zabala Solchaga. Iturbide acarrea un largo historial de agresiones e incendios a locales, ya sean del PCE o del Club de Baloncesto Askatuak, y a finales de 1975 ha participado en el apaleamiento de la madre y las hermanas de Juan Paredes Manot Txiki, fusilado ese a\u00f1o. Zabala es hijo del que fuera vicepresidente de la Diputaci\u00f3n de Guip\u00fazcoa en los primeros a\u00f1os sesenta. Zabala conduce e Iturbide dispara.<\/em><\/p>\n<p><em>Durante dos a\u00f1os campar\u00e1n a sus anchas, a cara descubierta, por el tri\u00e1ngulo Andoain, Hernani y Urnieta. Usar\u00e1n las mismas armas, su Seat 127 verde particular y un modus operandi aleatorio. A finales de 1979 una comisi\u00f3n de investigaci\u00f3n municipal de Andoain apuntar\u00e1 a Iturbide como principal sospechoso de lo acontecido. Las autoridades gubernativas<\/em> no har\u00e1n ni caso.<\/p>\n<p><strong>1976<\/strong><\/p>\n<p><strong>6 DE ABRIL. BURGUETE (NAVARRA)<\/strong><\/p>\n<p><strong>Oriol Sol\u00e9 Sugranyes<\/strong>. 28 a\u00f1os. Al d\u00eda siguiente de participar en la fuga de la c\u00e1rcel de Segovia, result\u00f3 muerto por un disparo de la Guardia Civil, cuando trataba de alcanzar la frontera francesa.<\/p>\n<p><strong>12 DE ABRIL. ZARAUZ (GIPUZKOA)<\/strong><\/p>\n<p><strong>Felipe Su\u00e1rez Delgado<\/strong>. 28 a\u00f1os. Telegrafista. Muerto a tiros por la Guardia Civil en un control de carreteras.<\/p>\n<p><strong>Nota de prensa del 13 de abril de 1976:<\/strong><\/p>\n<p><em>\u201cUN MUERTO AL PASARSE UN CONTROL<\/em><em><br \/>\nPor otra parte, una persona result\u00f3 muerta y otra herida a consecuencia de los disparos efectuados por los miembros de la Guardia Civil, al no detenerse el veh\u00edculo en que viajaban ante uno de los controles de vigilancia, establecidos cerca de la localidad guipuzcoana de Zarauz.<\/em><\/p>\n<p><em>El incidente tuvo lugar poco despu\u00e9s de las diez de la noche de ayer, domingo, cuando el coche \u00abSeat 124\u00bb, con matr\u00edcula de San Sebasti\u00e1n, que iba conducido por el joven de veintiocho a\u00f1os, don Felipe Su\u00e1rez Delgado, natural de Le\u00f3n y vecino de Gij\u00f3n, no se detuvo a las indicaciones de los miembros de la Guardia Civil del citado control.<\/em><\/p>\n<p><em>Los guardias civiles dispararon contra el veh\u00edculo, y produjeron la muerte al conductor, mientras que su acompa\u00f1ante, don Federico Sileros Oca\u00f1a, de cuarenta y cinco a\u00f1os y natural de Ciudad Real, aunque con residencia en Cestona, solamente fue herido de car\u00e1cter leve\u201d.<\/em><\/p>\n<p><strong>1978<\/strong><\/p>\n<p><strong>\u00a0<\/strong><strong>21 DE ABRIL. VIGO<\/strong><\/p>\n<p><strong>Elvira Parcero Rodr\u00edguez<\/strong>. 21 a\u00f1os. Muere a consecuencia de un derrame cerebral provocado por el brutal apaleamiento que le propin\u00f3 la Polic\u00eda al disolver una manifestaci\u00f3n de los trabajadores de Astilleros y Construcciones (ASCON).<\/p>\n<p><strong>1979<\/strong><\/p>\n<p><strong>\u00a0<\/strong><strong>20 DE ABRIL. MADRID<\/strong><\/p>\n<p><strong>Juan Carlos Delgado de Codes.<\/strong>\u00a029 a\u00f1os. Militante del PCE(r). Polic\u00edas de la Brigada Central de Informaci\u00f3n dirigida por Roberto Conesa le disparan a bocajarro por la espalda cuando sale, desarmado, de la estaci\u00f3n de metro de Lavapi\u00e9s.<\/p>\n<p><strong>29 DE ABRIL. MADRID<\/strong><\/p>\n<p><strong>Andr\u00e9s Garc\u00eda Fern\u00e1ndez.<\/strong>\u00a018 a\u00f1os. Asesinado con dos cuchilladas en el coraz\u00f3n, por un grupo de neonazis.<\/p>\n<p><strong>1980<\/strong><\/p>\n<p><em><strong>\u00a0<\/strong><\/em><strong>18 DE ABRIL. HERNANI (GIPUZKOA)<\/strong><\/p>\n<p><strong>Felipe Sagarna Ormaz\u00e1bal.<\/strong>\u00a042 a\u00f1os. Zapatero. Simpatizante de Herri Batasuna. Muerto a consecuencia de dos disparos en la cabeza, que efectuaron casi a bocajarro varios \u201cincontrolados\u201d del Batall\u00f3n Vasco-Espa\u00f1ol.<\/p>\n<p><img decoding=\"async\" class=\"aligncenter size-full wp-image-15574\" src=\"https:\/\/www.revistarambla.com\/wp-content\/uploads\/2018\/04\/Mart\u00edn-Villa-.png\" alt=\"\" width=\"473\" height=\"473\" srcset=\"https:\/\/www.revistarambla.com\/wp-content\/uploads\/2018\/04\/Mart\u00edn-Villa-.png 473w, https:\/\/www.revistarambla.com\/wp-content\/uploads\/2018\/04\/Mart\u00edn-Villa--150x150.png 150w, https:\/\/www.revistarambla.com\/wp-content\/uploads\/2018\/04\/Mart\u00edn-Villa--300x300.png 300w, https:\/\/www.revistarambla.com\/wp-content\/uploads\/2018\/04\/Mart\u00edn-Villa--433x433.png 433w, https:\/\/www.revistarambla.com\/wp-content\/uploads\/2018\/04\/Mart\u00edn-Villa--305x305.png 305w, https:\/\/www.revistarambla.com\/wp-content\/uploads\/2018\/04\/Mart\u00edn-Villa--100x100.png 100w\" sizes=\"(max-width: 473px) 100vw, 473px\" \/><\/p>","protected":false},"excerpt":{"rendered":"<p>Se celebra en 2018 los cuarenta a\u00f1os de la aprobaci\u00f3n de la Constituci\u00f3n Espa\u00f1ola que ciment\u00f3 el modelo de monarqu\u00eda parlamentaria que sustituy\u00f3 al r\u00e9gimen fascista impuesto por el general Franco a trav\u00e9s de un golpe de estado que deriv\u00f3 en una cruenta guerra civil y una posterior y cruel [&hellip;]<\/p>\n","protected":false},"author":15,"featured_media":15571,"comment_status":"open","ping_status":"open","sticky":false,"template":"","format":"standard","meta":{"footnotes":""},"categories":[3,58],"tags":[],"class_list":["post-15570","post","type-post","status-publish","format-standard","has-post-thumbnail","hentry","category-actualidad","category-estado-espanol"],"yoast_head":"<!-- This site is optimized with the Yoast SEO plugin v27.5 - https:\/\/yoast.com\/product\/yoast-seo-wordpress\/ -->\n<title>La Transici\u00f3n ensangrentada\u2026 - Revista Rambla<\/title>\n<meta name=\"robots\" content=\"index, follow, max-snippet:-1, max-image-preview:large, max-video-preview:-1\" \/>\n<link rel=\"canonical\" href=\"https:\/\/www.revistarambla.com\/en\/la-transicion-ensangrentada\/\" \/>\n<meta property=\"og:locale\" content=\"en_GB\" \/>\n<meta property=\"og:type\" content=\"article\" \/>\n<meta property=\"og:title\" content=\"La Transici\u00f3n ensangrentada\u2026 - Revista Rambla\" \/>\n<meta property=\"og:description\" content=\"Se celebra en 2018 los cuarenta a\u00f1os de la aprobaci\u00f3n de la Constituci\u00f3n Espa\u00f1ola que ciment\u00f3 el modelo de monarqu\u00eda parlamentaria que sustituy\u00f3 al r\u00e9gimen fascista impuesto por el general Franco a trav\u00e9s de un golpe de estado que deriv\u00f3 en una cruenta guerra civil y una posterior y cruel [&hellip;]\" \/>\n<meta property=\"og:url\" content=\"https:\/\/www.revistarambla.com\/en\/la-transicion-ensangrentada\/\" \/>\n<meta property=\"og:site_name\" content=\"Revista Rambla\" \/>\n<meta property=\"article:publisher\" content=\"https:\/\/www.facebook.com\/revistarambla\/\" \/>\n<meta property=\"article:published_time\" content=\"2018-04-10T08:05:16+00:00\" \/>\n<meta property=\"article:modified_time\" content=\"2021-02-02T19:49:59+00:00\" \/>\n<meta property=\"og:image\" content=\"https:\/\/i0.wp.com\/www.revistarambla.com\/wp-content\/uploads\/2018\/04\/Vi\u00f1eta-kalvellido.jpg?fit=720%2C696&ssl=1\" \/>\n\t<meta property=\"og:image:width\" content=\"720\" \/>\n\t<meta property=\"og:image:height\" content=\"696\" \/>\n\t<meta property=\"og:image:type\" content=\"image\/jpeg\" \/>\n<meta name=\"author\" content=\"Kalvellido\" \/>\n<meta name=\"twitter:card\" content=\"summary_large_image\" \/>\n<meta name=\"twitter:creator\" content=\"@revistarambla\" \/>\n<meta name=\"twitter:site\" content=\"@revistarambla\" \/>\n<meta name=\"twitter:label1\" content=\"Written by\" \/>\n\t<meta name=\"twitter:data1\" content=\"Kalvellido\" \/>\n\t<meta name=\"twitter:label2\" content=\"Estimated reading time\" \/>\n\t<meta name=\"twitter:data2\" content=\"9 minutes\" \/>\n<script type=\"application\/ld+json\" class=\"yoast-schema-graph\">{\"@context\":\"https:\\\/\\\/schema.org\",\"@graph\":[{\"@type\":\"Article\",\"@id\":\"https:\\\/\\\/www.revistarambla.com\\\/la-transicion-ensangrentada\\\/#article\",\"isPartOf\":{\"@id\":\"https:\\\/\\\/www.revistarambla.com\\\/la-transicion-ensangrentada\\\/\"},\"author\":{\"name\":\"Kalvellido\",\"@id\":\"https:\\\/\\\/www.revistarambla.com\\\/#\\\/schema\\\/person\\\/2b19179a8ace334b829ad72cc6e6ce97\"},\"headline\":\"La Transici\u00f3n ensangrentada\u2026\",\"datePublished\":\"2018-04-10T08:05:16+00:00\",\"dateModified\":\"2021-02-02T19:49:59+00:00\",\"mainEntityOfPage\":{\"@id\":\"https:\\\/\\\/www.revistarambla.com\\\/la-transicion-ensangrentada\\\/\"},\"wordCount\":2059,\"commentCount\":0,\"publisher\":{\"@id\":\"https:\\\/\\\/www.revistarambla.com\\\/#organization\"},\"image\":{\"@id\":\"https:\\\/\\\/www.revistarambla.com\\\/la-transicion-ensangrentada\\\/#primaryimage\"},\"thumbnailUrl\":\"https:\\\/\\\/www.revistarambla.com\\\/wp-content\\\/uploads\\\/2018\\\/04\\\/Vi\u00f1eta-kalvellido.jpg\",\"articleSection\":[\"Actualidad\",\"Estado Espa\u00f1ol\"],\"inLanguage\":\"en-GB\",\"potentialAction\":[{\"@type\":\"CommentAction\",\"name\":\"Comment\",\"target\":[\"https:\\\/\\\/www.revistarambla.com\\\/la-transicion-ensangrentada\\\/#respond\"]}]},{\"@type\":\"WebPage\",\"@id\":\"https:\\\/\\\/www.revistarambla.com\\\/la-transicion-ensangrentada\\\/\",\"url\":\"https:\\\/\\\/www.revistarambla.com\\\/la-transicion-ensangrentada\\\/\",\"name\":\"La Transici\u00f3n ensangrentada\u2026 - Revista Rambla\",\"isPartOf\":{\"@id\":\"https:\\\/\\\/www.revistarambla.com\\\/#website\"},\"primaryImageOfPage\":{\"@id\":\"https:\\\/\\\/www.revistarambla.com\\\/la-transicion-ensangrentada\\\/#primaryimage\"},\"image\":{\"@id\":\"https:\\\/\\\/www.revistarambla.com\\\/la-transicion-ensangrentada\\\/#primaryimage\"},\"thumbnailUrl\":\"https:\\\/\\\/www.revistarambla.com\\\/wp-content\\\/uploads\\\/2018\\\/04\\\/Vi\u00f1eta-kalvellido.jpg\",\"datePublished\":\"2018-04-10T08:05:16+00:00\",\"dateModified\":\"2021-02-02T19:49:59+00:00\",\"breadcrumb\":{\"@id\":\"https:\\\/\\\/www.revistarambla.com\\\/la-transicion-ensangrentada\\\/#breadcrumb\"},\"inLanguage\":\"en-GB\",\"potentialAction\":[{\"@type\":\"ReadAction\",\"target\":[\"https:\\\/\\\/www.revistarambla.com\\\/la-transicion-ensangrentada\\\/\"]}]},{\"@type\":\"ImageObject\",\"inLanguage\":\"en-GB\",\"@id\":\"https:\\\/\\\/www.revistarambla.com\\\/la-transicion-ensangrentada\\\/#primaryimage\",\"url\":\"https:\\\/\\\/www.revistarambla.com\\\/wp-content\\\/uploads\\\/2018\\\/04\\\/Vi\u00f1eta-kalvellido.jpg\",\"contentUrl\":\"https:\\\/\\\/www.revistarambla.com\\\/wp-content\\\/uploads\\\/2018\\\/04\\\/Vi\u00f1eta-kalvellido.jpg\",\"width\":720,\"height\":696},{\"@type\":\"BreadcrumbList\",\"@id\":\"https:\\\/\\\/www.revistarambla.com\\\/la-transicion-ensangrentada\\\/#breadcrumb\",\"itemListElement\":[{\"@type\":\"ListItem\",\"position\":1,\"name\":\"Portada\",\"item\":\"https:\\\/\\\/www.revistarambla.com\\\/\"},{\"@type\":\"ListItem\",\"position\":2,\"name\":\"La Transici\u00f3n ensangrentada\u2026\"}]},{\"@type\":\"WebSite\",\"@id\":\"https:\\\/\\\/www.revistarambla.com\\\/#website\",\"url\":\"https:\\\/\\\/www.revistarambla.com\\\/\",\"name\":\"Revista Rambla Barcelona\",\"description\":\"Periodismo independiente\",\"publisher\":{\"@id\":\"https:\\\/\\\/www.revistarambla.com\\\/#organization\"},\"potentialAction\":[{\"@type\":\"SearchAction\",\"target\":{\"@type\":\"EntryPoint\",\"urlTemplate\":\"https:\\\/\\\/www.revistarambla.com\\\/?s={search_term_string}\"},\"query-input\":{\"@type\":\"PropertyValueSpecification\",\"valueRequired\":true,\"valueName\":\"search_term_string\"}}],\"inLanguage\":\"en-GB\"},{\"@type\":\"Organization\",\"@id\":\"https:\\\/\\\/www.revistarambla.com\\\/#organization\",\"name\":\"Revista Rambla\",\"url\":\"https:\\\/\\\/www.revistarambla.com\\\/\",\"logo\":{\"@type\":\"ImageObject\",\"inLanguage\":\"en-GB\",\"@id\":\"https:\\\/\\\/www.revistarambla.com\\\/#\\\/schema\\\/logo\\\/image\\\/\",\"url\":\"https:\\\/\\\/www.revistarambla.com\\\/wp-content\\\/uploads\\\/2020\\\/09\\\/banner_rambla_1900x600_BB.png\",\"contentUrl\":\"https:\\\/\\\/www.revistarambla.com\\\/wp-content\\\/uploads\\\/2020\\\/09\\\/banner_rambla_1900x600_BB.png\",\"width\":1900,\"height\":600,\"caption\":\"Revista Rambla\"},\"image\":{\"@id\":\"https:\\\/\\\/www.revistarambla.com\\\/#\\\/schema\\\/logo\\\/image\\\/\"},\"sameAs\":[\"https:\\\/\\\/www.facebook.com\\\/revistarambla\\\/\",\"https:\\\/\\\/x.com\\\/revistarambla\",\"https:\\\/\\\/www.instagram.com\\\/revista_rambla\",\"https:\\\/\\\/es.linkedin.com\\\/company\\\/revista-rambla\"]},{\"@type\":\"Person\",\"@id\":\"https:\\\/\\\/www.revistarambla.com\\\/#\\\/schema\\\/person\\\/2b19179a8ace334b829ad72cc6e6ce97\",\"name\":\"Kalvellido\"}]}<\/script>\n<!-- \/ Yoast SEO plugin. -->","yoast_head_json":{"title":"La Transici\u00f3n ensangrentada\u2026 - Revista Rambla","robots":{"index":"index","follow":"follow","max-snippet":"max-snippet:-1","max-image-preview":"max-image-preview:large","max-video-preview":"max-video-preview:-1"},"canonical":"https:\/\/www.revistarambla.com\/en\/la-transicion-ensangrentada\/","og_locale":"en_GB","og_type":"article","og_title":"La Transici\u00f3n ensangrentada\u2026 - Revista Rambla","og_description":"Se celebra en 2018 los cuarenta a\u00f1os de la aprobaci\u00f3n de la Constituci\u00f3n Espa\u00f1ola que ciment\u00f3 el modelo de monarqu\u00eda parlamentaria que sustituy\u00f3 al r\u00e9gimen fascista impuesto por el general Franco a trav\u00e9s de un golpe de estado que deriv\u00f3 en una cruenta guerra civil y una posterior y cruel [&hellip;]","og_url":"https:\/\/www.revistarambla.com\/en\/la-transicion-ensangrentada\/","og_site_name":"Revista Rambla","article_publisher":"https:\/\/www.facebook.com\/revistarambla\/","article_published_time":"2018-04-10T08:05:16+00:00","article_modified_time":"2021-02-02T19:49:59+00:00","og_image":[{"width":720,"height":696,"url":"https:\/\/i0.wp.com\/www.revistarambla.com\/wp-content\/uploads\/2018\/04\/Vi\u00f1eta-kalvellido.jpg?fit=720%2C696&ssl=1","type":"image\/jpeg"}],"author":"Kalvellido","twitter_card":"summary_large_image","twitter_creator":"@revistarambla","twitter_site":"@revistarambla","twitter_misc":{"Written by":"Kalvellido","Estimated reading time":"9 minutes"},"schema":{"@context":"https:\/\/schema.org","@graph":[{"@type":"Article","@id":"https:\/\/www.revistarambla.com\/la-transicion-ensangrentada\/#article","isPartOf":{"@id":"https:\/\/www.revistarambla.com\/la-transicion-ensangrentada\/"},"author":{"name":"Kalvellido","@id":"https:\/\/www.revistarambla.com\/#\/schema\/person\/2b19179a8ace334b829ad72cc6e6ce97"},"headline":"La Transici\u00f3n ensangrentada\u2026","datePublished":"2018-04-10T08:05:16+00:00","dateModified":"2021-02-02T19:49:59+00:00","mainEntityOfPage":{"@id":"https:\/\/www.revistarambla.com\/la-transicion-ensangrentada\/"},"wordCount":2059,"commentCount":0,"publisher":{"@id":"https:\/\/www.revistarambla.com\/#organization"},"image":{"@id":"https:\/\/www.revistarambla.com\/la-transicion-ensangrentada\/#primaryimage"},"thumbnailUrl":"https:\/\/www.revistarambla.com\/wp-content\/uploads\/2018\/04\/Vi\u00f1eta-kalvellido.jpg","articleSection":["Actualidad","Estado Espa\u00f1ol"],"inLanguage":"en-GB","potentialAction":[{"@type":"CommentAction","name":"Comment","target":["https:\/\/www.revistarambla.com\/la-transicion-ensangrentada\/#respond"]}]},{"@type":"WebPage","@id":"https:\/\/www.revistarambla.com\/la-transicion-ensangrentada\/","url":"https:\/\/www.revistarambla.com\/la-transicion-ensangrentada\/","name":"La Transici\u00f3n ensangrentada\u2026 - Revista Rambla","isPartOf":{"@id":"https:\/\/www.revistarambla.com\/#website"},"primaryImageOfPage":{"@id":"https:\/\/www.revistarambla.com\/la-transicion-ensangrentada\/#primaryimage"},"image":{"@id":"https:\/\/www.revistarambla.com\/la-transicion-ensangrentada\/#primaryimage"},"thumbnailUrl":"https:\/\/www.revistarambla.com\/wp-content\/uploads\/2018\/04\/Vi\u00f1eta-kalvellido.jpg","datePublished":"2018-04-10T08:05:16+00:00","dateModified":"2021-02-02T19:49:59+00:00","breadcrumb":{"@id":"https:\/\/www.revistarambla.com\/la-transicion-ensangrentada\/#breadcrumb"},"inLanguage":"en-GB","potentialAction":[{"@type":"ReadAction","target":["https:\/\/www.revistarambla.com\/la-transicion-ensangrentada\/"]}]},{"@type":"ImageObject","inLanguage":"en-GB","@id":"https:\/\/www.revistarambla.com\/la-transicion-ensangrentada\/#primaryimage","url":"https:\/\/www.revistarambla.com\/wp-content\/uploads\/2018\/04\/Vi\u00f1eta-kalvellido.jpg","contentUrl":"https:\/\/www.revistarambla.com\/wp-content\/uploads\/2018\/04\/Vi\u00f1eta-kalvellido.jpg","width":720,"height":696},{"@type":"BreadcrumbList","@id":"https:\/\/www.revistarambla.com\/la-transicion-ensangrentada\/#breadcrumb","itemListElement":[{"@type":"ListItem","position":1,"name":"Portada","item":"https:\/\/www.revistarambla.com\/"},{"@type":"ListItem","position":2,"name":"La Transici\u00f3n ensangrentada\u2026"}]},{"@type":"WebSite","@id":"https:\/\/www.revistarambla.com\/#website","url":"https:\/\/www.revistarambla.com\/","name":"Revista Rambla Barcelona","description":"Periodismo independiente","publisher":{"@id":"https:\/\/www.revistarambla.com\/#organization"},"potentialAction":[{"@type":"SearchAction","target":{"@type":"EntryPoint","urlTemplate":"https:\/\/www.revistarambla.com\/?s={search_term_string}"},"query-input":{"@type":"PropertyValueSpecification","valueRequired":true,"valueName":"search_term_string"}}],"inLanguage":"en-GB"},{"@type":"Organization","@id":"https:\/\/www.revistarambla.com\/#organization","name":"Revista Rambla","url":"https:\/\/www.revistarambla.com\/","logo":{"@type":"ImageObject","inLanguage":"en-GB","@id":"https:\/\/www.revistarambla.com\/#\/schema\/logo\/image\/","url":"https:\/\/www.revistarambla.com\/wp-content\/uploads\/2020\/09\/banner_rambla_1900x600_BB.png","contentUrl":"https:\/\/www.revistarambla.com\/wp-content\/uploads\/2020\/09\/banner_rambla_1900x600_BB.png","width":1900,"height":600,"caption":"Revista Rambla"},"image":{"@id":"https:\/\/www.revistarambla.com\/#\/schema\/logo\/image\/"},"sameAs":["https:\/\/www.facebook.com\/revistarambla\/","https:\/\/x.com\/revistarambla","https:\/\/www.instagram.com\/revista_rambla","https:\/\/es.linkedin.com\/company\/revista-rambla"]},{"@type":"Person","@id":"https:\/\/www.revistarambla.com\/#\/schema\/person\/2b19179a8ace334b829ad72cc6e6ce97","name":"Kalvellido"}]}},"_links":{"self":[{"href":"https:\/\/www.revistarambla.com\/en\/wp-json\/wp\/v2\/posts\/15570","targetHints":{"allow":["GET"]}}],"collection":[{"href":"https:\/\/www.revistarambla.com\/en\/wp-json\/wp\/v2\/posts"}],"about":[{"href":"https:\/\/www.revistarambla.com\/en\/wp-json\/wp\/v2\/types\/post"}],"author":[{"embeddable":true,"href":"https:\/\/www.revistarambla.com\/en\/wp-json\/wp\/v2\/users\/15"}],"replies":[{"embeddable":true,"href":"https:\/\/www.revistarambla.com\/en\/wp-json\/wp\/v2\/comments?post=15570"}],"version-history":[{"count":0,"href":"https:\/\/www.revistarambla.com\/en\/wp-json\/wp\/v2\/posts\/15570\/revisions"}],"wp:featuredmedia":[{"embeddable":true,"href":"https:\/\/www.revistarambla.com\/en\/wp-json\/wp\/v2\/media\/15571"}],"wp:attachment":[{"href":"https:\/\/www.revistarambla.com\/en\/wp-json\/wp\/v2\/media?parent=15570"}],"wp:term":[{"taxonomy":"category","embeddable":true,"href":"https:\/\/www.revistarambla.com\/en\/wp-json\/wp\/v2\/categories?post=15570"},{"taxonomy":"post_tag","embeddable":true,"href":"https:\/\/www.revistarambla.com\/en\/wp-json\/wp\/v2\/tags?post=15570"}],"curies":[{"name":"wp","href":"https:\/\/api.w.org\/{rel}","templated":true}]}}