{"id":1542,"date":"2012-03-31T21:34:49","date_gmt":"2012-03-31T21:34:49","guid":{"rendered":"https:\/\/www.revistarambla.com\/spanish-general-strike\/"},"modified":"2021-05-15T20:48:49","modified_gmt":"2021-05-15T18:48:49","slug":"spanish-general-strike","status":"publish","type":"post","link":"https:\/\/www.revistarambla.com\/en\/spanish-general-strike\/","title":{"rendered":"Spanish general strike"},"content":{"rendered":"<p><img decoding=\"async\" class=\"aligncenter\" src=\"https:\/\/www.revistarambla.com\/wp-content\/uploads\/2012\/03\/barcelona02.jpg\" alt=\"alt\" width=\"550\" height=\"260\" \/><\/p>\n<p>Being part of an angry mob is fun, there\u2019s no denying it. It\u2019s exciting, it\u2019s immense, it feels powerful. It\u2019s even a little dangerous. Cops in riot gear are standing by with rubber bullets and tear gas, and they don\u2019t really care who gets it. Under the warm springtime sun we enjoyed in Barcelona on M-29, it all makes for a nice way to spend an afternoon. But let\u2019s not be satisfied with just that, we\u2019ve also got to remember we\u2019re making demands. What are they again?<\/p>\n<p>Spain\u2019s M-29 general strike was called by the two main trade unions to protest a recent overhaul of labour regulations making it cheaper and easier for employers to fire workers. With an estimated 800,000 participants throughout the country, union leaders are calling the general strike of M-29 a success. But the government\u2019s response suggests otherwise.<\/p>\n<p>Labour minister F\u00e1tima B\u00e1\u00f1ez said Thursday that the government would not meet union demands, calling the reform agenda \u201cunstoppable.\u201d Other leaders have expressed similar sentiments. So much for labour demands.<\/p>\n<p>Esperanza Aguirre, the president of the Community of Madrid, was even quoted as saying \u201cThese unions will fall like the Berlin Wall.\u201d Undiplomatic? Absolutely. Correct? She might be.<\/p>\n<p>Despite the turnout at the M-29 protest, unions have lost a great deal of support in the past decade. Their leaders, like so many others, are accused of corruption and general uselessness.<\/p>\n<p>Things are looking bad, folks. Politicians don\u2019t serve us, and unions are losing their mojo. It seems more and more like we\u2019re on our own in the midst of a crisis which may or may not go away, and it\u2019s daunting.<\/p>\n<p>The number of participants in the M-29 protest may not mean anything to the government, but they do mean that 800,000 people are upset enough to make a sign and hit the street. And I bet at least twice that amount thought about it. That\u2019s a lot of people who want change, and are ready to explore possibilities for getting it. Now that I\u2019ve lost my faith in democracy, I think we\u2019re going to have to do a lot more of our own problem solving.<\/p>\n<p>Not that anyone is going to give up forming angry mobs. It brings us together, and it\u2019s a good time. And listen. I don\u2019t support those bin burners one bit, but between you and me, I get real not-that-guilty pleasure out of seeing that Starbucks by Plaza Urquinaona all smashed up. Come on, I\u2019m not the only one.<\/p>","protected":false},"excerpt":{"rendered":"<p>Being part of an angry mob is fun, there\u2019s no denying it. It\u2019s exciting, it\u2019s immense, it feels powerful. It\u2019s even a little dangerous. Cops in riot gear are standing by with rubber bullets and tear gas, and they don\u2019t really care who gets it. Under the warm springtime sun [&hellip;]<\/p>\n","protected":false},"author":1,"featured_media":0,"comment_status":"open","ping_status":"open","sticky":false,"template":"","format":"standard","meta":{"footnotes":""},"categories":[72],"tags":[],"class_list":["post-1542","post","type-post","status-publish","format-standard","hentry","category-opinion"],"yoast_head":"<!-- This site is optimized with the Yoast SEO plugin v27.5 - https:\/\/yoast.com\/product\/yoast-seo-wordpress\/ -->\n<title>Spanish general strike - Revista Rambla<\/title>\n<meta name=\"robots\" content=\"index, follow, max-snippet:-1, max-image-preview:large, max-video-preview:-1\" \/>\n<link rel=\"canonical\" href=\"https:\/\/www.revistarambla.com\/en\/spanish-general-strike\/\" \/>\n<meta property=\"og:locale\" content=\"en_GB\" \/>\n<meta property=\"og:type\" content=\"article\" \/>\n<meta property=\"og:title\" content=\"Spanish general strike - Revista Rambla\" \/>\n<meta property=\"og:description\" content=\"Being part of an angry mob is fun, there\u2019s no denying it. It\u2019s exciting, it\u2019s immense, it feels powerful. It\u2019s even a little dangerous. Cops in riot gear are standing by with rubber bullets and tear gas, and they don\u2019t really care who gets it. Under the warm springtime sun [&hellip;]\" \/>\n<meta property=\"og:url\" content=\"https:\/\/www.revistarambla.com\/en\/spanish-general-strike\/\" \/>\n<meta property=\"og:site_name\" content=\"Revista Rambla\" \/>\n<meta property=\"article:publisher\" content=\"https:\/\/www.facebook.com\/revistarambla\/\" \/>\n<meta property=\"article:published_time\" content=\"2012-03-31T21:34:49+00:00\" \/>\n<meta property=\"article:modified_time\" content=\"2021-05-15T18:48:49+00:00\" \/>\n<meta property=\"og:image\" content=\"https:\/\/i1.wp.com\/www.revistarambla.com\/wp-content\/uploads\/2012\/03\/barcelona01.jpg?fit=275%2C153&ssl=1\" \/>\n\t<meta property=\"og:image:width\" content=\"275\" \/>\n\t<meta property=\"og:image:height\" content=\"153\" \/>\n\t<meta property=\"og:image:type\" content=\"image\/jpeg\" \/>\n<meta name=\"author\" content=\"Jennyfer Bajdan\" \/>\n<meta name=\"twitter:card\" content=\"summary_large_image\" \/>\n<meta name=\"twitter:creator\" content=\"@revistarambla\" \/>\n<meta name=\"twitter:site\" content=\"@revistarambla\" \/>\n<meta name=\"twitter:label1\" content=\"Written by\" \/>\n\t<meta name=\"twitter:data1\" content=\"Jennyfer Bajdan\" \/>\n\t<meta name=\"twitter:label2\" content=\"Estimated reading time\" \/>\n\t<meta name=\"twitter:data2\" content=\"3 minutes\" \/>\n<script type=\"application\/ld+json\" class=\"yoast-schema-graph\">{\"@context\":\"https:\\\/\\\/schema.org\",\"@graph\":[{\"@type\":\"Article\",\"@id\":\"https:\\\/\\\/www.revistarambla.com\\\/spanish-general-strike\\\/#article\",\"isPartOf\":{\"@id\":\"https:\\\/\\\/www.revistarambla.com\\\/spanish-general-strike\\\/\"},\"author\":{\"name\":\"Jennyfer Bajdan\",\"@id\":\"https:\\\/\\\/www.revistarambla.com\\\/#\\\/schema\\\/person\\\/4a5652fc8c82df1f8593002d038cd79e\"},\"headline\":\"Spanish general strike\",\"datePublished\":\"2012-03-31T21:34:49+00:00\",\"dateModified\":\"2021-05-15T18:48:49+00:00\",\"mainEntityOfPage\":{\"@id\":\"https:\\\/\\\/www.revistarambla.com\\\/spanish-general-strike\\\/\"},\"wordCount\":438,\"commentCount\":0,\"publisher\":{\"@id\":\"https:\\\/\\\/www.revistarambla.com\\\/#organization\"},\"image\":{\"@id\":\"https:\\\/\\\/www.revistarambla.com\\\/spanish-general-strike\\\/#primaryimage\"},\"thumbnailUrl\":\"https:\\\/\\\/www.revistarambla.com\\\/wp-content\\\/uploads\\\/2012\\\/03\\\/barcelona02.jpg\",\"articleSection\":[\"Opiniones\"],\"inLanguage\":\"en-GB\",\"potentialAction\":[{\"@type\":\"CommentAction\",\"name\":\"Comment\",\"target\":[\"https:\\\/\\\/www.revistarambla.com\\\/spanish-general-strike\\\/#respond\"]}]},{\"@type\":\"WebPage\",\"@id\":\"https:\\\/\\\/www.revistarambla.com\\\/spanish-general-strike\\\/\",\"url\":\"https:\\\/\\\/www.revistarambla.com\\\/spanish-general-strike\\\/\",\"name\":\"Spanish general strike - Revista Rambla\",\"isPartOf\":{\"@id\":\"https:\\\/\\\/www.revistarambla.com\\\/#website\"},\"primaryImageOfPage\":{\"@id\":\"https:\\\/\\\/www.revistarambla.com\\\/spanish-general-strike\\\/#primaryimage\"},\"image\":{\"@id\":\"https:\\\/\\\/www.revistarambla.com\\\/spanish-general-strike\\\/#primaryimage\"},\"thumbnailUrl\":\"https:\\\/\\\/www.revistarambla.com\\\/wp-content\\\/uploads\\\/2012\\\/03\\\/barcelona02.jpg\",\"datePublished\":\"2012-03-31T21:34:49+00:00\",\"dateModified\":\"2021-05-15T18:48:49+00:00\",\"breadcrumb\":{\"@id\":\"https:\\\/\\\/www.revistarambla.com\\\/spanish-general-strike\\\/#breadcrumb\"},\"inLanguage\":\"en-GB\",\"potentialAction\":[{\"@type\":\"ReadAction\",\"target\":[\"https:\\\/\\\/www.revistarambla.com\\\/spanish-general-strike\\\/\"]}]},{\"@type\":\"ImageObject\",\"inLanguage\":\"en-GB\",\"@id\":\"https:\\\/\\\/www.revistarambla.com\\\/spanish-general-strike\\\/#primaryimage\",\"url\":\"https:\\\/\\\/www.revistarambla.com\\\/wp-content\\\/uploads\\\/2012\\\/03\\\/barcelona02.jpg\",\"contentUrl\":\"https:\\\/\\\/www.revistarambla.com\\\/wp-content\\\/uploads\\\/2012\\\/03\\\/barcelona02.jpg\"},{\"@type\":\"BreadcrumbList\",\"@id\":\"https:\\\/\\\/www.revistarambla.com\\\/spanish-general-strike\\\/#breadcrumb\",\"itemListElement\":[{\"@type\":\"ListItem\",\"position\":1,\"name\":\"Portada\",\"item\":\"https:\\\/\\\/www.revistarambla.com\\\/\"},{\"@type\":\"ListItem\",\"position\":2,\"name\":\"Spanish general strike\"}]},{\"@type\":\"WebSite\",\"@id\":\"https:\\\/\\\/www.revistarambla.com\\\/#website\",\"url\":\"https:\\\/\\\/www.revistarambla.com\\\/\",\"name\":\"Revista Rambla Barcelona\",\"description\":\"Periodismo independiente\",\"publisher\":{\"@id\":\"https:\\\/\\\/www.revistarambla.com\\\/#organization\"},\"potentialAction\":[{\"@type\":\"SearchAction\",\"target\":{\"@type\":\"EntryPoint\",\"urlTemplate\":\"https:\\\/\\\/www.revistarambla.com\\\/?s={search_term_string}\"},\"query-input\":{\"@type\":\"PropertyValueSpecification\",\"valueRequired\":true,\"valueName\":\"search_term_string\"}}],\"inLanguage\":\"en-GB\"},{\"@type\":\"Organization\",\"@id\":\"https:\\\/\\\/www.revistarambla.com\\\/#organization\",\"name\":\"Revista Rambla\",\"url\":\"https:\\\/\\\/www.revistarambla.com\\\/\",\"logo\":{\"@type\":\"ImageObject\",\"inLanguage\":\"en-GB\",\"@id\":\"https:\\\/\\\/www.revistarambla.com\\\/#\\\/schema\\\/logo\\\/image\\\/\",\"url\":\"https:\\\/\\\/www.revistarambla.com\\\/wp-content\\\/uploads\\\/2020\\\/09\\\/banner_rambla_1900x600_BB.png\",\"contentUrl\":\"https:\\\/\\\/www.revistarambla.com\\\/wp-content\\\/uploads\\\/2020\\\/09\\\/banner_rambla_1900x600_BB.png\",\"width\":1900,\"height\":600,\"caption\":\"Revista Rambla\"},\"image\":{\"@id\":\"https:\\\/\\\/www.revistarambla.com\\\/#\\\/schema\\\/logo\\\/image\\\/\"},\"sameAs\":[\"https:\\\/\\\/www.facebook.com\\\/revistarambla\\\/\",\"https:\\\/\\\/x.com\\\/revistarambla\",\"https:\\\/\\\/www.instagram.com\\\/revista_rambla\",\"https:\\\/\\\/es.linkedin.com\\\/company\\\/revista-rambla\"]},{\"@type\":\"Person\",\"@id\":\"https:\\\/\\\/www.revistarambla.com\\\/#\\\/schema\\\/person\\\/4a5652fc8c82df1f8593002d038cd79e\",\"name\":\"Jennyfer Bajdan\"}]}<\/script>\n<!-- \/ Yoast SEO plugin. -->","yoast_head_json":{"title":"Spanish general strike - Revista Rambla","robots":{"index":"index","follow":"follow","max-snippet":"max-snippet:-1","max-image-preview":"max-image-preview:large","max-video-preview":"max-video-preview:-1"},"canonical":"https:\/\/www.revistarambla.com\/en\/spanish-general-strike\/","og_locale":"en_GB","og_type":"article","og_title":"Spanish general strike - Revista Rambla","og_description":"Being part of an angry mob is fun, there\u2019s no denying it. It\u2019s exciting, it\u2019s immense, it feels powerful. It\u2019s even a little dangerous. Cops in riot gear are standing by with rubber bullets and tear gas, and they don\u2019t really care who gets it. Under the warm springtime sun [&hellip;]","og_url":"https:\/\/www.revistarambla.com\/en\/spanish-general-strike\/","og_site_name":"Revista Rambla","article_publisher":"https:\/\/www.facebook.com\/revistarambla\/","article_published_time":"2012-03-31T21:34:49+00:00","article_modified_time":"2021-05-15T18:48:49+00:00","og_image":[{"width":275,"height":153,"url":"https:\/\/i1.wp.com\/www.revistarambla.com\/wp-content\/uploads\/2012\/03\/barcelona01.jpg?fit=275%2C153&ssl=1","type":"image\/jpeg"}],"author":"Jennyfer Bajdan","twitter_card":"summary_large_image","twitter_creator":"@revistarambla","twitter_site":"@revistarambla","twitter_misc":{"Written by":"Jennyfer Bajdan","Estimated reading time":"3 minutes"},"schema":{"@context":"https:\/\/schema.org","@graph":[{"@type":"Article","@id":"https:\/\/www.revistarambla.com\/spanish-general-strike\/#article","isPartOf":{"@id":"https:\/\/www.revistarambla.com\/spanish-general-strike\/"},"author":{"name":"Jennyfer Bajdan","@id":"https:\/\/www.revistarambla.com\/#\/schema\/person\/4a5652fc8c82df1f8593002d038cd79e"},"headline":"Spanish general strike","datePublished":"2012-03-31T21:34:49+00:00","dateModified":"2021-05-15T18:48:49+00:00","mainEntityOfPage":{"@id":"https:\/\/www.revistarambla.com\/spanish-general-strike\/"},"wordCount":438,"commentCount":0,"publisher":{"@id":"https:\/\/www.revistarambla.com\/#organization"},"image":{"@id":"https:\/\/www.revistarambla.com\/spanish-general-strike\/#primaryimage"},"thumbnailUrl":"https:\/\/www.revistarambla.com\/wp-content\/uploads\/2012\/03\/barcelona02.jpg","articleSection":["Opiniones"],"inLanguage":"en-GB","potentialAction":[{"@type":"CommentAction","name":"Comment","target":["https:\/\/www.revistarambla.com\/spanish-general-strike\/#respond"]}]},{"@type":"WebPage","@id":"https:\/\/www.revistarambla.com\/spanish-general-strike\/","url":"https:\/\/www.revistarambla.com\/spanish-general-strike\/","name":"Spanish general strike - Revista Rambla","isPartOf":{"@id":"https:\/\/www.revistarambla.com\/#website"},"primaryImageOfPage":{"@id":"https:\/\/www.revistarambla.com\/spanish-general-strike\/#primaryimage"},"image":{"@id":"https:\/\/www.revistarambla.com\/spanish-general-strike\/#primaryimage"},"thumbnailUrl":"https:\/\/www.revistarambla.com\/wp-content\/uploads\/2012\/03\/barcelona02.jpg","datePublished":"2012-03-31T21:34:49+00:00","dateModified":"2021-05-15T18:48:49+00:00","breadcrumb":{"@id":"https:\/\/www.revistarambla.com\/spanish-general-strike\/#breadcrumb"},"inLanguage":"en-GB","potentialAction":[{"@type":"ReadAction","target":["https:\/\/www.revistarambla.com\/spanish-general-strike\/"]}]},{"@type":"ImageObject","inLanguage":"en-GB","@id":"https:\/\/www.revistarambla.com\/spanish-general-strike\/#primaryimage","url":"https:\/\/www.revistarambla.com\/wp-content\/uploads\/2012\/03\/barcelona02.jpg","contentUrl":"https:\/\/www.revistarambla.com\/wp-content\/uploads\/2012\/03\/barcelona02.jpg"},{"@type":"BreadcrumbList","@id":"https:\/\/www.revistarambla.com\/spanish-general-strike\/#breadcrumb","itemListElement":[{"@type":"ListItem","position":1,"name":"Portada","item":"https:\/\/www.revistarambla.com\/"},{"@type":"ListItem","position":2,"name":"Spanish general strike"}]},{"@type":"WebSite","@id":"https:\/\/www.revistarambla.com\/#website","url":"https:\/\/www.revistarambla.com\/","name":"Revista Rambla Barcelona","description":"Periodismo independiente","publisher":{"@id":"https:\/\/www.revistarambla.com\/#organization"},"potentialAction":[{"@type":"SearchAction","target":{"@type":"EntryPoint","urlTemplate":"https:\/\/www.revistarambla.com\/?s={search_term_string}"},"query-input":{"@type":"PropertyValueSpecification","valueRequired":true,"valueName":"search_term_string"}}],"inLanguage":"en-GB"},{"@type":"Organization","@id":"https:\/\/www.revistarambla.com\/#organization","name":"Revista Rambla","url":"https:\/\/www.revistarambla.com\/","logo":{"@type":"ImageObject","inLanguage":"en-GB","@id":"https:\/\/www.revistarambla.com\/#\/schema\/logo\/image\/","url":"https:\/\/www.revistarambla.com\/wp-content\/uploads\/2020\/09\/banner_rambla_1900x600_BB.png","contentUrl":"https:\/\/www.revistarambla.com\/wp-content\/uploads\/2020\/09\/banner_rambla_1900x600_BB.png","width":1900,"height":600,"caption":"Revista Rambla"},"image":{"@id":"https:\/\/www.revistarambla.com\/#\/schema\/logo\/image\/"},"sameAs":["https:\/\/www.facebook.com\/revistarambla\/","https:\/\/x.com\/revistarambla","https:\/\/www.instagram.com\/revista_rambla","https:\/\/es.linkedin.com\/company\/revista-rambla"]},{"@type":"Person","@id":"https:\/\/www.revistarambla.com\/#\/schema\/person\/4a5652fc8c82df1f8593002d038cd79e","name":"Jennyfer Bajdan"}]}},"_links":{"self":[{"href":"https:\/\/www.revistarambla.com\/en\/wp-json\/wp\/v2\/posts\/1542","targetHints":{"allow":["GET"]}}],"collection":[{"href":"https:\/\/www.revistarambla.com\/en\/wp-json\/wp\/v2\/posts"}],"about":[{"href":"https:\/\/www.revistarambla.com\/en\/wp-json\/wp\/v2\/types\/post"}],"author":[{"embeddable":true,"href":"https:\/\/www.revistarambla.com\/en\/wp-json\/wp\/v2\/users\/1"}],"replies":[{"embeddable":true,"href":"https:\/\/www.revistarambla.com\/en\/wp-json\/wp\/v2\/comments?post=1542"}],"version-history":[{"count":0,"href":"https:\/\/www.revistarambla.com\/en\/wp-json\/wp\/v2\/posts\/1542\/revisions"}],"wp:attachment":[{"href":"https:\/\/www.revistarambla.com\/en\/wp-json\/wp\/v2\/media?parent=1542"}],"wp:term":[{"taxonomy":"category","embeddable":true,"href":"https:\/\/www.revistarambla.com\/en\/wp-json\/wp\/v2\/categories?post=1542"},{"taxonomy":"post_tag","embeddable":true,"href":"https:\/\/www.revistarambla.com\/en\/wp-json\/wp\/v2\/tags?post=1542"}],"curies":[{"name":"wp","href":"https:\/\/api.w.org\/{rel}","templated":true}]}}