{"id":15353,"date":"2018-03-22T08:30:28","date_gmt":"2018-03-22T07:30:28","guid":{"rendered":"https:\/\/www.revistarambla.com\/?p=15353"},"modified":"2021-02-03T03:21:21","modified_gmt":"2021-02-03T02:21:21","slug":"la-iglesia-catolica-y-machista","status":"publish","type":"post","link":"https:\/\/www.revistarambla.com\/en\/la-iglesia-catolica-y-machista\/","title":{"rendered":"La Iglesia, cat\u00f3lica y machista"},"content":{"rendered":"<p>Llegar\u00e1 un d\u00eda en el que la Iglesia reconozca que Dios no existe, o que no existe del todo, o que no existe para siempre (sic). En cualquier caso, que nadie espere una explicaci\u00f3n clara como ya ocurri\u00f3 hace un par de a\u00f1os con el castigo del infierno destinado a los pecadores.<\/p>\n<p><img decoding=\"async\" class=\"aligncenter size-full wp-image-15355\" src=\"https:\/\/www.revistarambla.com\/wp-content\/uploads\/2018\/03\/R@MBLA-IGLESIA-02.jpg\" alt=\"\" width=\"950\" height=\"630\" srcset=\"https:\/\/www.revistarambla.com\/wp-content\/uploads\/2018\/03\/R@MBLA-IGLESIA-02.jpg 950w, https:\/\/www.revistarambla.com\/wp-content\/uploads\/2018\/03\/R@MBLA-IGLESIA-02-300x199.jpg 300w, https:\/\/www.revistarambla.com\/wp-content\/uploads\/2018\/03\/R@MBLA-IGLESIA-02-768x509.jpg 768w, https:\/\/www.revistarambla.com\/wp-content\/uploads\/2018\/03\/R@MBLA-IGLESIA-02-500x332.jpg 500w, https:\/\/www.revistarambla.com\/wp-content\/uploads\/2018\/03\/R@MBLA-IGLESIA-02-850x564.jpg 850w, https:\/\/www.revistarambla.com\/wp-content\/uploads\/2018\/03\/R@MBLA-IGLESIA-02-650x431.jpg 650w, https:\/\/www.revistarambla.com\/wp-content\/uploads\/2018\/03\/R@MBLA-IGLESIA-02-458x305.jpg 458w, https:\/\/www.revistarambla.com\/wp-content\/uploads\/2018\/03\/R@MBLA-IGLESIA-02-600x398.jpg 600w\" sizes=\"(max-width: 950px) 100vw, 950px\" \/><\/p>\n<p>El infierno pas\u00f3 de ser \u201ceterno\u201d, idea iniciada en el siglo VI con San Agust\u00edn, para terminar diciendo, la Iglesia, que ella, la Iglesia \u201cno condena para siempre\u201d.<\/p>\n<p>Seguro que a muchos les puede sonar a chirigota lo que estoy escribiendo, evidentemente yo no puedo asegurar que la Iglesia dentro de unos a\u00f1os acabe reconociendo que Dios no existe, pero el mismo Papa tampoco puede asegurar lo contrario pues la iglesia cat\u00f3lica construye y destruye dogmas con la misma velocidad que reparte hostias, y para lo que pretendo explicar he querido recurrir a un ejemplo tan extremo como posible. Y digo bien, posible. Hace doscientos, trescientos, cien a\u00f1os era imposible poner en duda un dogma como el castigo eterno, el infierno y hoy, en pleno siglo XXI, la iglesia reconoce, as\u00ed de pasada, casi de tapadillo y por boca de un papa argentino, que, lo de infierno, el castigo eterno o no, era una forma de hablar.<\/p>\n<p>Y mi pregunta -y a donde voy- es \u00bfcambi\u00f3 algo? No, evidentemente, nada cambio ni para creyente ni para no creyentes. Es m\u00e1s, mucha gente ni siquiera ha o\u00eddo hablar de ello. Por eso me pregunto de nuevo \u00bfcambiar\u00e1 algo el d\u00eda que la iglesia reconozca que Dios no existe? Para la gran mayor\u00eda nada, incluso cabe pensar que muchos creyentes, muchos, continuar\u00edan diciendo aquello de: \u201cBueno, yo siempre he cre\u00eddo en algo, ll\u00e1malo Dios o con otro nombre\u2026\u201d.<\/p>\n<p><strong>En cualquier caso \u00bfCambiar\u00eda algo?<\/strong><\/p>\n<p>Pero hay algo que si cambiar\u00eda la faz de la Tierra. Algo que podr\u00eda convertir nuestros veinte siglos de progreso en un simple tratado sobre la esclavitud humana. Y no es otra cosa que reconocer que el hombre es quien ha creado a Dios. No el ser humano sino el hombre, el macho, el patriarcado. No crea a Dios desde luego la mujer; que casualmente tiene un papel de sometimiento en cualquier faceta de la vida y muy especialmente en todo lo relacionado con la religi\u00f3n.<\/p>\n<p>Que Dios es un invento del hombre ya lo explic\u00f3 el fil\u00f3sofo alem\u00e1n Ludwig Andreas Feuerbach (Alemania, 1804 \u2013 1872) y m\u00e1s concretamente vino a decir que no es Dios quien ha creado al hombre a su imagen y semejanza, sino, a la inversa, el hombre es quien ha creado a Dios.<\/p>\n<p>El infierno pas\u00f3 de ser \u201ceterno\u201d, idea iniciada en el siglo VI con San Agust\u00edn, para terminar diciendo, la Iglesia, que ella, la Iglesia \u201cno condena para siempre\u201d.<\/p>\n<p>Seguro que a muchos les puede sonar a chirigota lo que estoy escribiendo, evidentemente yo no puedo asegurar que la Iglesia dentro de unos a\u00f1os acabe reconociendo que Dios no existe, pero el mismo Papa tampoco puede asegurar lo contrario pues la iglesia cat\u00f3lica construye y destruye dogmas con la misma velocidad que reparte hostias, y para lo que pretendo explicar he querido recurrir a un ejemplo tan extremo como posible. Y digo bien, posible. Hace doscientos, trescientos, cien a\u00f1os era imposible poner en duda un dogma como el castigo eterno, el infierno y hoy, en pleno siglo XXI, la iglesia reconoce, as\u00ed de pasada, casi de tapadillo y por boca de un papa argentino, que, lo de infierno, el castigo eterno o no, era una forma de hablar.<\/p>\n<p>Y mi pregunta -y a d\u00f3nde voy- es \u00bfcambi\u00f3 algo? No, evidentemente, nada cambio ni para creyente ni para no creyentes. Es m\u00e1s, mucha gente ni siquiera ha o\u00eddo hablar de ello. Por eso me pregunto de nuevo \u00bfcambiar\u00e1 algo el d\u00eda que la iglesia reconozca que Dios no existe? Para la gran mayor\u00eda nada, incluso cabe pensar que muchos creyentes, muchos, continuar\u00edan diciendo aquello de: \u201cBueno, yo siempre he cre\u00eddo en algo, ll\u00e1malo Dios o con otro nombre\u2026\u201d.<\/p>\n<p>No dejo de preguntarme si Feuerbach, el padre del ate\u00edsmo y humanismo moderno, cuando escribi\u00f3 \u201cel hombre\u201d se refer\u00eda exclusivamente a uno de los dos g\u00e9neros o por el contrario hablaba del ser humano. Personalmente creo que en el fondo Feuerbach se refer\u00eda al hombre, esto es, pensaba en el ser humano pero sin contar con la mujer.<\/p>\n<p>Sostengo la idea de que la Iglesia naci\u00f3 para perpetuar el patriarcado. Una vez consigues que la mitad de la humanidad no tenga pr\u00e1cticamente ning\u00fan derecho lo dem\u00e1s viene rodado para la otra mitad. Esclavizada y supeditada la mujer a los deseos del hombre, \u00e9ste podr\u00e1 perpetuarse en la Tierra como cualquier macho del reino animal, por los siglos de los siglos \u00bfAm\u00e9n?<\/p>","protected":false},"excerpt":{"rendered":"<p>Llegar\u00e1 un d\u00eda en el que la Iglesia reconozca que Dios no existe, o que no existe del todo, o que no existe para siempre (sic). En cualquier caso, que nadie espere una explicaci\u00f3n clara como ya ocurri\u00f3 hace un par de a\u00f1os con el castigo del infierno destinado a [&hellip;]<\/p>\n","protected":false},"author":3,"featured_media":15354,"comment_status":"open","ping_status":"open","sticky":false,"template":"","format":"standard","meta":{"footnotes":""},"categories":[72],"tags":[],"class_list":["post-15353","post","type-post","status-publish","format-standard","has-post-thumbnail","hentry","category-opinion"],"yoast_head":"<!-- This site is optimized with the Yoast SEO plugin v27.5 - https:\/\/yoast.com\/product\/yoast-seo-wordpress\/ -->\n<title>La Iglesia, cat\u00f3lica y machista - Revista Rambla<\/title>\n<meta name=\"robots\" content=\"index, follow, max-snippet:-1, max-image-preview:large, max-video-preview:-1\" \/>\n<link rel=\"canonical\" href=\"https:\/\/www.revistarambla.com\/en\/la-iglesia-catolica-y-machista\/\" \/>\n<meta property=\"og:locale\" content=\"en_GB\" \/>\n<meta property=\"og:type\" content=\"article\" \/>\n<meta property=\"og:title\" content=\"La Iglesia, cat\u00f3lica y machista - Revista Rambla\" \/>\n<meta property=\"og:description\" content=\"Llegar\u00e1 un d\u00eda en el que la Iglesia reconozca que Dios no existe, o que no existe del todo, o que no existe para siempre (sic). En cualquier caso, que nadie espere una explicaci\u00f3n clara como ya ocurri\u00f3 hace un par de a\u00f1os con el castigo del infierno destinado a [&hellip;]\" \/>\n<meta property=\"og:url\" content=\"https:\/\/www.revistarambla.com\/en\/la-iglesia-catolica-y-machista\/\" \/>\n<meta property=\"og:site_name\" content=\"Revista Rambla\" \/>\n<meta property=\"article:publisher\" content=\"https:\/\/www.facebook.com\/revistarambla\/\" \/>\n<meta property=\"article:author\" content=\"https:\/\/www.facebook.com\/revistarambla\" \/>\n<meta property=\"article:published_time\" content=\"2018-03-22T07:30:28+00:00\" \/>\n<meta property=\"article:modified_time\" content=\"2021-02-03T02:21:21+00:00\" \/>\n<meta property=\"og:image\" content=\"https:\/\/i0.wp.com\/www.revistarambla.com\/wp-content\/uploads\/2018\/03\/R@MBLA-IGLESIA-01.jpg?fit=800%2C590&ssl=1\" \/>\n\t<meta property=\"og:image:width\" content=\"800\" \/>\n\t<meta property=\"og:image:height\" content=\"590\" \/>\n\t<meta property=\"og:image:type\" content=\"image\/jpeg\" \/>\n<meta name=\"author\" content=\"R@mbla\" \/>\n<meta name=\"twitter:card\" content=\"summary_large_image\" \/>\n<meta name=\"twitter:creator\" content=\"@revistarambla\" \/>\n<meta name=\"twitter:site\" content=\"@revistarambla\" \/>\n<meta name=\"twitter:label1\" content=\"Written by\" \/>\n\t<meta name=\"twitter:data1\" content=\"R@mbla\" \/>\n\t<meta name=\"twitter:label2\" content=\"Estimated reading time\" \/>\n\t<meta name=\"twitter:data2\" content=\"4 minutes\" \/>\n<script type=\"application\/ld+json\" class=\"yoast-schema-graph\">{\"@context\":\"https:\\\/\\\/schema.org\",\"@graph\":[{\"@type\":\"Article\",\"@id\":\"https:\\\/\\\/www.revistarambla.com\\\/la-iglesia-catolica-y-machista\\\/#article\",\"isPartOf\":{\"@id\":\"https:\\\/\\\/www.revistarambla.com\\\/la-iglesia-catolica-y-machista\\\/\"},\"author\":{\"name\":\"R@mbla\",\"@id\":\"https:\\\/\\\/www.revistarambla.com\\\/#\\\/schema\\\/person\\\/a146a5a2550b94981a75131180e1bd9c\"},\"headline\":\"La Iglesia, cat\u00f3lica y machista\",\"datePublished\":\"2018-03-22T07:30:28+00:00\",\"dateModified\":\"2021-02-03T02:21:21+00:00\",\"mainEntityOfPage\":{\"@id\":\"https:\\\/\\\/www.revistarambla.com\\\/la-iglesia-catolica-y-machista\\\/\"},\"wordCount\":832,\"commentCount\":0,\"publisher\":{\"@id\":\"https:\\\/\\\/www.revistarambla.com\\\/#organization\"},\"image\":{\"@id\":\"https:\\\/\\\/www.revistarambla.com\\\/la-iglesia-catolica-y-machista\\\/#primaryimage\"},\"thumbnailUrl\":\"https:\\\/\\\/www.revistarambla.com\\\/wp-content\\\/uploads\\\/2018\\\/03\\\/R@MBLA-IGLESIA-01.jpg\",\"articleSection\":[\"Opiniones\"],\"inLanguage\":\"en-GB\",\"potentialAction\":[{\"@type\":\"CommentAction\",\"name\":\"Comment\",\"target\":[\"https:\\\/\\\/www.revistarambla.com\\\/la-iglesia-catolica-y-machista\\\/#respond\"]}]},{\"@type\":\"WebPage\",\"@id\":\"https:\\\/\\\/www.revistarambla.com\\\/la-iglesia-catolica-y-machista\\\/\",\"url\":\"https:\\\/\\\/www.revistarambla.com\\\/la-iglesia-catolica-y-machista\\\/\",\"name\":\"La Iglesia, cat\u00f3lica y machista - Revista Rambla\",\"isPartOf\":{\"@id\":\"https:\\\/\\\/www.revistarambla.com\\\/#website\"},\"primaryImageOfPage\":{\"@id\":\"https:\\\/\\\/www.revistarambla.com\\\/la-iglesia-catolica-y-machista\\\/#primaryimage\"},\"image\":{\"@id\":\"https:\\\/\\\/www.revistarambla.com\\\/la-iglesia-catolica-y-machista\\\/#primaryimage\"},\"thumbnailUrl\":\"https:\\\/\\\/www.revistarambla.com\\\/wp-content\\\/uploads\\\/2018\\\/03\\\/R@MBLA-IGLESIA-01.jpg\",\"datePublished\":\"2018-03-22T07:30:28+00:00\",\"dateModified\":\"2021-02-03T02:21:21+00:00\",\"breadcrumb\":{\"@id\":\"https:\\\/\\\/www.revistarambla.com\\\/la-iglesia-catolica-y-machista\\\/#breadcrumb\"},\"inLanguage\":\"en-GB\",\"potentialAction\":[{\"@type\":\"ReadAction\",\"target\":[\"https:\\\/\\\/www.revistarambla.com\\\/la-iglesia-catolica-y-machista\\\/\"]}]},{\"@type\":\"ImageObject\",\"inLanguage\":\"en-GB\",\"@id\":\"https:\\\/\\\/www.revistarambla.com\\\/la-iglesia-catolica-y-machista\\\/#primaryimage\",\"url\":\"https:\\\/\\\/www.revistarambla.com\\\/wp-content\\\/uploads\\\/2018\\\/03\\\/R@MBLA-IGLESIA-01.jpg\",\"contentUrl\":\"https:\\\/\\\/www.revistarambla.com\\\/wp-content\\\/uploads\\\/2018\\\/03\\\/R@MBLA-IGLESIA-01.jpg\",\"width\":800,\"height\":590},{\"@type\":\"BreadcrumbList\",\"@id\":\"https:\\\/\\\/www.revistarambla.com\\\/la-iglesia-catolica-y-machista\\\/#breadcrumb\",\"itemListElement\":[{\"@type\":\"ListItem\",\"position\":1,\"name\":\"Portada\",\"item\":\"https:\\\/\\\/www.revistarambla.com\\\/\"},{\"@type\":\"ListItem\",\"position\":2,\"name\":\"La Iglesia, cat\u00f3lica y machista\"}]},{\"@type\":\"WebSite\",\"@id\":\"https:\\\/\\\/www.revistarambla.com\\\/#website\",\"url\":\"https:\\\/\\\/www.revistarambla.com\\\/\",\"name\":\"Revista Rambla Barcelona\",\"description\":\"Periodismo independiente\",\"publisher\":{\"@id\":\"https:\\\/\\\/www.revistarambla.com\\\/#organization\"},\"potentialAction\":[{\"@type\":\"SearchAction\",\"target\":{\"@type\":\"EntryPoint\",\"urlTemplate\":\"https:\\\/\\\/www.revistarambla.com\\\/?s={search_term_string}\"},\"query-input\":{\"@type\":\"PropertyValueSpecification\",\"valueRequired\":true,\"valueName\":\"search_term_string\"}}],\"inLanguage\":\"en-GB\"},{\"@type\":\"Organization\",\"@id\":\"https:\\\/\\\/www.revistarambla.com\\\/#organization\",\"name\":\"Revista Rambla\",\"url\":\"https:\\\/\\\/www.revistarambla.com\\\/\",\"logo\":{\"@type\":\"ImageObject\",\"inLanguage\":\"en-GB\",\"@id\":\"https:\\\/\\\/www.revistarambla.com\\\/#\\\/schema\\\/logo\\\/image\\\/\",\"url\":\"https:\\\/\\\/www.revistarambla.com\\\/wp-content\\\/uploads\\\/2020\\\/09\\\/banner_rambla_1900x600_BB.png\",\"contentUrl\":\"https:\\\/\\\/www.revistarambla.com\\\/wp-content\\\/uploads\\\/2020\\\/09\\\/banner_rambla_1900x600_BB.png\",\"width\":1900,\"height\":600,\"caption\":\"Revista Rambla\"},\"image\":{\"@id\":\"https:\\\/\\\/www.revistarambla.com\\\/#\\\/schema\\\/logo\\\/image\\\/\"},\"sameAs\":[\"https:\\\/\\\/www.facebook.com\\\/revistarambla\\\/\",\"https:\\\/\\\/x.com\\\/revistarambla\",\"https:\\\/\\\/www.instagram.com\\\/revista_rambla\",\"https:\\\/\\\/es.linkedin.com\\\/company\\\/revista-rambla\"]},{\"@type\":\"Person\",\"@id\":\"https:\\\/\\\/www.revistarambla.com\\\/#\\\/schema\\\/person\\\/a146a5a2550b94981a75131180e1bd9c\",\"name\":\"R@mbla\",\"description\":\"Este art\u00edculo ha sido redactado y\\\/o validado por el equipo de redacci\u00f3n de Revista Rambla.\",\"sameAs\":[\"https:\\\/\\\/www.revistarambla.com\\\/\",\"https:\\\/\\\/www.facebook.com\\\/revistarambla\",\"https:\\\/\\\/x.com\\\/revistarambla\"]}]}<\/script>\n<!-- \/ Yoast SEO plugin. -->","yoast_head_json":{"title":"La Iglesia, cat\u00f3lica y machista - Revista Rambla","robots":{"index":"index","follow":"follow","max-snippet":"max-snippet:-1","max-image-preview":"max-image-preview:large","max-video-preview":"max-video-preview:-1"},"canonical":"https:\/\/www.revistarambla.com\/en\/la-iglesia-catolica-y-machista\/","og_locale":"en_GB","og_type":"article","og_title":"La Iglesia, cat\u00f3lica y machista - Revista Rambla","og_description":"Llegar\u00e1 un d\u00eda en el que la Iglesia reconozca que Dios no existe, o que no existe del todo, o que no existe para siempre (sic). En cualquier caso, que nadie espere una explicaci\u00f3n clara como ya ocurri\u00f3 hace un par de a\u00f1os con el castigo del infierno destinado a [&hellip;]","og_url":"https:\/\/www.revistarambla.com\/en\/la-iglesia-catolica-y-machista\/","og_site_name":"Revista Rambla","article_publisher":"https:\/\/www.facebook.com\/revistarambla\/","article_author":"https:\/\/www.facebook.com\/revistarambla","article_published_time":"2018-03-22T07:30:28+00:00","article_modified_time":"2021-02-03T02:21:21+00:00","og_image":[{"width":800,"height":590,"url":"https:\/\/i0.wp.com\/www.revistarambla.com\/wp-content\/uploads\/2018\/03\/R@MBLA-IGLESIA-01.jpg?fit=800%2C590&ssl=1","type":"image\/jpeg"}],"author":"R@mbla","twitter_card":"summary_large_image","twitter_creator":"@revistarambla","twitter_site":"@revistarambla","twitter_misc":{"Written by":"R@mbla","Estimated reading time":"4 minutes"},"schema":{"@context":"https:\/\/schema.org","@graph":[{"@type":"Article","@id":"https:\/\/www.revistarambla.com\/la-iglesia-catolica-y-machista\/#article","isPartOf":{"@id":"https:\/\/www.revistarambla.com\/la-iglesia-catolica-y-machista\/"},"author":{"name":"R@mbla","@id":"https:\/\/www.revistarambla.com\/#\/schema\/person\/a146a5a2550b94981a75131180e1bd9c"},"headline":"La Iglesia, cat\u00f3lica y machista","datePublished":"2018-03-22T07:30:28+00:00","dateModified":"2021-02-03T02:21:21+00:00","mainEntityOfPage":{"@id":"https:\/\/www.revistarambla.com\/la-iglesia-catolica-y-machista\/"},"wordCount":832,"commentCount":0,"publisher":{"@id":"https:\/\/www.revistarambla.com\/#organization"},"image":{"@id":"https:\/\/www.revistarambla.com\/la-iglesia-catolica-y-machista\/#primaryimage"},"thumbnailUrl":"https:\/\/www.revistarambla.com\/wp-content\/uploads\/2018\/03\/R@MBLA-IGLESIA-01.jpg","articleSection":["Opiniones"],"inLanguage":"en-GB","potentialAction":[{"@type":"CommentAction","name":"Comment","target":["https:\/\/www.revistarambla.com\/la-iglesia-catolica-y-machista\/#respond"]}]},{"@type":"WebPage","@id":"https:\/\/www.revistarambla.com\/la-iglesia-catolica-y-machista\/","url":"https:\/\/www.revistarambla.com\/la-iglesia-catolica-y-machista\/","name":"La Iglesia, cat\u00f3lica y machista - Revista Rambla","isPartOf":{"@id":"https:\/\/www.revistarambla.com\/#website"},"primaryImageOfPage":{"@id":"https:\/\/www.revistarambla.com\/la-iglesia-catolica-y-machista\/#primaryimage"},"image":{"@id":"https:\/\/www.revistarambla.com\/la-iglesia-catolica-y-machista\/#primaryimage"},"thumbnailUrl":"https:\/\/www.revistarambla.com\/wp-content\/uploads\/2018\/03\/R@MBLA-IGLESIA-01.jpg","datePublished":"2018-03-22T07:30:28+00:00","dateModified":"2021-02-03T02:21:21+00:00","breadcrumb":{"@id":"https:\/\/www.revistarambla.com\/la-iglesia-catolica-y-machista\/#breadcrumb"},"inLanguage":"en-GB","potentialAction":[{"@type":"ReadAction","target":["https:\/\/www.revistarambla.com\/la-iglesia-catolica-y-machista\/"]}]},{"@type":"ImageObject","inLanguage":"en-GB","@id":"https:\/\/www.revistarambla.com\/la-iglesia-catolica-y-machista\/#primaryimage","url":"https:\/\/www.revistarambla.com\/wp-content\/uploads\/2018\/03\/R@MBLA-IGLESIA-01.jpg","contentUrl":"https:\/\/www.revistarambla.com\/wp-content\/uploads\/2018\/03\/R@MBLA-IGLESIA-01.jpg","width":800,"height":590},{"@type":"BreadcrumbList","@id":"https:\/\/www.revistarambla.com\/la-iglesia-catolica-y-machista\/#breadcrumb","itemListElement":[{"@type":"ListItem","position":1,"name":"Portada","item":"https:\/\/www.revistarambla.com\/"},{"@type":"ListItem","position":2,"name":"La Iglesia, cat\u00f3lica y machista"}]},{"@type":"WebSite","@id":"https:\/\/www.revistarambla.com\/#website","url":"https:\/\/www.revistarambla.com\/","name":"Revista Rambla Barcelona","description":"Periodismo independiente","publisher":{"@id":"https:\/\/www.revistarambla.com\/#organization"},"potentialAction":[{"@type":"SearchAction","target":{"@type":"EntryPoint","urlTemplate":"https:\/\/www.revistarambla.com\/?s={search_term_string}"},"query-input":{"@type":"PropertyValueSpecification","valueRequired":true,"valueName":"search_term_string"}}],"inLanguage":"en-GB"},{"@type":"Organization","@id":"https:\/\/www.revistarambla.com\/#organization","name":"Revista Rambla","url":"https:\/\/www.revistarambla.com\/","logo":{"@type":"ImageObject","inLanguage":"en-GB","@id":"https:\/\/www.revistarambla.com\/#\/schema\/logo\/image\/","url":"https:\/\/www.revistarambla.com\/wp-content\/uploads\/2020\/09\/banner_rambla_1900x600_BB.png","contentUrl":"https:\/\/www.revistarambla.com\/wp-content\/uploads\/2020\/09\/banner_rambla_1900x600_BB.png","width":1900,"height":600,"caption":"Revista Rambla"},"image":{"@id":"https:\/\/www.revistarambla.com\/#\/schema\/logo\/image\/"},"sameAs":["https:\/\/www.facebook.com\/revistarambla\/","https:\/\/x.com\/revistarambla","https:\/\/www.instagram.com\/revista_rambla","https:\/\/es.linkedin.com\/company\/revista-rambla"]},{"@type":"Person","@id":"https:\/\/www.revistarambla.com\/#\/schema\/person\/a146a5a2550b94981a75131180e1bd9c","name":"R@mbla","description":"Este art\u00edculo ha sido redactado y\/o validado por el equipo de redacci\u00f3n de Revista Rambla.","sameAs":["https:\/\/www.revistarambla.com\/","https:\/\/www.facebook.com\/revistarambla","https:\/\/x.com\/revistarambla"]}]}},"_links":{"self":[{"href":"https:\/\/www.revistarambla.com\/en\/wp-json\/wp\/v2\/posts\/15353","targetHints":{"allow":["GET"]}}],"collection":[{"href":"https:\/\/www.revistarambla.com\/en\/wp-json\/wp\/v2\/posts"}],"about":[{"href":"https:\/\/www.revistarambla.com\/en\/wp-json\/wp\/v2\/types\/post"}],"author":[{"embeddable":true,"href":"https:\/\/www.revistarambla.com\/en\/wp-json\/wp\/v2\/users\/3"}],"replies":[{"embeddable":true,"href":"https:\/\/www.revistarambla.com\/en\/wp-json\/wp\/v2\/comments?post=15353"}],"version-history":[{"count":0,"href":"https:\/\/www.revistarambla.com\/en\/wp-json\/wp\/v2\/posts\/15353\/revisions"}],"wp:featuredmedia":[{"embeddable":true,"href":"https:\/\/www.revistarambla.com\/en\/wp-json\/wp\/v2\/media\/15354"}],"wp:attachment":[{"href":"https:\/\/www.revistarambla.com\/en\/wp-json\/wp\/v2\/media?parent=15353"}],"wp:term":[{"taxonomy":"category","embeddable":true,"href":"https:\/\/www.revistarambla.com\/en\/wp-json\/wp\/v2\/categories?post=15353"},{"taxonomy":"post_tag","embeddable":true,"href":"https:\/\/www.revistarambla.com\/en\/wp-json\/wp\/v2\/tags?post=15353"}],"curies":[{"name":"wp","href":"https:\/\/api.w.org\/{rel}","templated":true}]}}