{"id":1527,"date":"2012-03-29T09:09:58","date_gmt":"2012-03-29T09:09:58","guid":{"rendered":"https:\/\/www.revistarambla.com\/alimentaria-2012\/"},"modified":"2021-05-15T20:45:52","modified_gmt":"2021-05-15T18:45:52","slug":"alimentaria-2012","status":"publish","type":"post","link":"https:\/\/www.revistarambla.com\/en\/alimentaria-2012\/","title":{"rendered":"Alimentaria 2012"},"content":{"rendered":"<p><img decoding=\"async\" class=\"alignright\" src=\"https:\/\/www.revistarambla.com\/wp-content\/uploads\/2012\/03\/fira10.jpg\" alt=\"alt\" width=\"338\" height=\"209\" \/><\/p>\n<p>Se celebra Alimentaria 2012, quiz\u00e1s el \u00fanico Sal\u00f3n que ocupa todo el espacio de la fira-granv\u00eda, desde siempre esta ha sido el certamen con m\u00e1s stands de todos los que se celebran en Barcelona, un p\u00fablico especializado y una exhibici\u00f3n pantagru\u00e9lica que hacen las delicias de toda la gente que quiere conocer las novedades de este sector.\u00a0 El Sal\u00f3n internacional de la alimentaci\u00f3n y bebidas, se divide en diferentes secciones, los productos alimentarios diversos, productos de primera calidad, los pabellones internacionales, los pabellones de la autonom\u00edas, donde se puede saborear lo mejor de cada comunidad, tapas y productos del campo de gran calidad, otro de alimentaci\u00f3n (producci\u00f3n) ecol\u00f3gica, un extenso sal\u00f3n de vinos, donde se pueden hacer diversas catas de los vino (de producci\u00f3n espa\u00f1ola), Olivaria, maravilla de la producci\u00f3n de aceites de oliva, con un espacio para saborear este producto, Intercarn, Interlact, Interpesca, exhibici\u00f3n de las diversas carnes, l\u00e1cteos y pescados, con sus calidades y cortes, as\u00ed como sus envasados y nuevos productos, Expoconservas, Congelexpo, relacionados con productos congelados, expobebidas, donde apreciar y degustar cervezas diversas, as\u00ed como otras bebidas, como el agua de mar natural, agua de origen magm\u00e1tico, agua con cafeina, bebidas afrodisiacas y diversas sidras con sabores alejados de la manzana tradicional, entre las novedades destaca la estupidez de hacer una botella de cava con una impresi\u00f3n 3d, que la tienes que ver con unas incomodas gafas, eso si el dise\u00f1o es de Custo, en Mundidulce, aparte de las fuentes de chocolate y otras golosinas, nos encontramos con unas obleas de patata, az\u00facar y aceite vegetal con el dise\u00f1o de los billetes de euros, si la crisis nos deja sin dinero, al menos nos lo comeremos. En todos los stands, aparte de conocer los productos se pueden degustar, lo que hace de este certamen un escaparate para los sentidos y el sobretodo para el gusto.<\/p>\n<p>Como dice el director de alimentaria Antoni Valls, Alimentaria es el espejo y motor de unos de los sectores m\u00e1s relevantes para la econom\u00eda espa\u00f1ola\u2026<\/p>\n<p>Alimentaria 2012, del 26 al 29 de marzo 2012.<\/p>","protected":false},"excerpt":{"rendered":"<p>Se celebra Alimentaria 2012, quiz\u00e1s el \u00fanico Sal\u00f3n que ocupa todo el espacio de la fira-granv\u00eda, desde siempre esta ha sido el certamen con m\u00e1s stands de todos los que se celebran en Barcelona, un p\u00fablico especializado y una exhibici\u00f3n pantagru\u00e9lica que hacen las delicias de toda la gente que [&hellip;]<\/p>\n","protected":false},"author":1,"featured_media":0,"comment_status":"open","ping_status":"open","sticky":false,"template":"","format":"standard","meta":{"footnotes":""},"categories":[3,76],"tags":[],"class_list":["post-1527","post","type-post","status-publish","format-standard","hentry","category-actualidad","category-barcelona"],"yoast_head":"<!-- This site is optimized with the Yoast SEO plugin v27.5 - https:\/\/yoast.com\/product\/yoast-seo-wordpress\/ -->\n<title>Alimentaria 2012 - Revista Rambla<\/title>\n<meta name=\"robots\" content=\"index, follow, max-snippet:-1, max-image-preview:large, max-video-preview:-1\" \/>\n<link rel=\"canonical\" href=\"https:\/\/www.revistarambla.com\/en\/alimentaria-2012\/\" \/>\n<meta property=\"og:locale\" content=\"en_GB\" \/>\n<meta property=\"og:type\" content=\"article\" \/>\n<meta property=\"og:title\" content=\"Alimentaria 2012 - Revista Rambla\" \/>\n<meta property=\"og:description\" content=\"Se celebra Alimentaria 2012, quiz\u00e1s el \u00fanico Sal\u00f3n que ocupa todo el espacio de la fira-granv\u00eda, desde siempre esta ha sido el certamen con m\u00e1s stands de todos los que se celebran en Barcelona, un p\u00fablico especializado y una exhibici\u00f3n pantagru\u00e9lica que hacen las delicias de toda la gente que [&hellip;]\" \/>\n<meta property=\"og:url\" content=\"https:\/\/www.revistarambla.com\/en\/alimentaria-2012\/\" \/>\n<meta property=\"og:site_name\" content=\"Revista Rambla\" \/>\n<meta property=\"article:publisher\" content=\"https:\/\/www.facebook.com\/revistarambla\/\" \/>\n<meta property=\"article:published_time\" content=\"2012-03-29T09:09:58+00:00\" \/>\n<meta property=\"article:modified_time\" content=\"2021-05-15T18:45:52+00:00\" \/>\n<meta property=\"og:image\" content=\"https:\/\/i1.wp.com\/www.revistarambla.com\/wp-content\/uploads\/2012\/03\/fira10.jpg?fit=275%2C170&ssl=1\" \/>\n\t<meta property=\"og:image:width\" content=\"275\" \/>\n\t<meta property=\"og:image:height\" content=\"170\" \/>\n\t<meta property=\"og:image:type\" content=\"image\/jpeg\" \/>\n<meta name=\"author\" content=\"Evelio G\u00f3mez\" \/>\n<meta name=\"twitter:card\" content=\"summary_large_image\" \/>\n<meta name=\"twitter:creator\" content=\"@revistarambla\" \/>\n<meta name=\"twitter:site\" content=\"@revistarambla\" \/>\n<meta name=\"twitter:label1\" content=\"Written by\" \/>\n\t<meta name=\"twitter:data1\" content=\"Evelio G\u00f3mez\" \/>\n\t<meta name=\"twitter:label2\" content=\"Estimated reading time\" \/>\n\t<meta name=\"twitter:data2\" content=\"2 minutes\" \/>\n<script type=\"application\/ld+json\" class=\"yoast-schema-graph\">{\"@context\":\"https:\\\/\\\/schema.org\",\"@graph\":[{\"@type\":\"Article\",\"@id\":\"https:\\\/\\\/www.revistarambla.com\\\/alimentaria-2012\\\/#article\",\"isPartOf\":{\"@id\":\"https:\\\/\\\/www.revistarambla.com\\\/alimentaria-2012\\\/\"},\"author\":{\"name\":\"Evelio G\u00f3mez\",\"@id\":\"https:\\\/\\\/www.revistarambla.com\\\/#\\\/schema\\\/person\\\/4a5652fc8c82df1f8593002d038cd79e\"},\"headline\":\"Alimentaria 2012\",\"datePublished\":\"2012-03-29T09:09:58+00:00\",\"dateModified\":\"2021-05-15T18:45:52+00:00\",\"mainEntityOfPage\":{\"@id\":\"https:\\\/\\\/www.revistarambla.com\\\/alimentaria-2012\\\/\"},\"wordCount\":366,\"commentCount\":0,\"publisher\":{\"@id\":\"https:\\\/\\\/www.revistarambla.com\\\/#organization\"},\"image\":{\"@id\":\"https:\\\/\\\/www.revistarambla.com\\\/alimentaria-2012\\\/#primaryimage\"},\"thumbnailUrl\":\"https:\\\/\\\/www.revistarambla.com\\\/wp-content\\\/uploads\\\/2012\\\/03\\\/fira10.jpg\",\"articleSection\":[\"Actualidad\",\"Barcelona\"],\"inLanguage\":\"en-GB\",\"potentialAction\":[{\"@type\":\"CommentAction\",\"name\":\"Comment\",\"target\":[\"https:\\\/\\\/www.revistarambla.com\\\/alimentaria-2012\\\/#respond\"]}]},{\"@type\":\"WebPage\",\"@id\":\"https:\\\/\\\/www.revistarambla.com\\\/alimentaria-2012\\\/\",\"url\":\"https:\\\/\\\/www.revistarambla.com\\\/alimentaria-2012\\\/\",\"name\":\"Alimentaria 2012 - Revista Rambla\",\"isPartOf\":{\"@id\":\"https:\\\/\\\/www.revistarambla.com\\\/#website\"},\"primaryImageOfPage\":{\"@id\":\"https:\\\/\\\/www.revistarambla.com\\\/alimentaria-2012\\\/#primaryimage\"},\"image\":{\"@id\":\"https:\\\/\\\/www.revistarambla.com\\\/alimentaria-2012\\\/#primaryimage\"},\"thumbnailUrl\":\"https:\\\/\\\/www.revistarambla.com\\\/wp-content\\\/uploads\\\/2012\\\/03\\\/fira10.jpg\",\"datePublished\":\"2012-03-29T09:09:58+00:00\",\"dateModified\":\"2021-05-15T18:45:52+00:00\",\"breadcrumb\":{\"@id\":\"https:\\\/\\\/www.revistarambla.com\\\/alimentaria-2012\\\/#breadcrumb\"},\"inLanguage\":\"en-GB\",\"potentialAction\":[{\"@type\":\"ReadAction\",\"target\":[\"https:\\\/\\\/www.revistarambla.com\\\/alimentaria-2012\\\/\"]}]},{\"@type\":\"ImageObject\",\"inLanguage\":\"en-GB\",\"@id\":\"https:\\\/\\\/www.revistarambla.com\\\/alimentaria-2012\\\/#primaryimage\",\"url\":\"https:\\\/\\\/www.revistarambla.com\\\/wp-content\\\/uploads\\\/2012\\\/03\\\/fira10.jpg\",\"contentUrl\":\"https:\\\/\\\/www.revistarambla.com\\\/wp-content\\\/uploads\\\/2012\\\/03\\\/fira10.jpg\"},{\"@type\":\"BreadcrumbList\",\"@id\":\"https:\\\/\\\/www.revistarambla.com\\\/alimentaria-2012\\\/#breadcrumb\",\"itemListElement\":[{\"@type\":\"ListItem\",\"position\":1,\"name\":\"Portada\",\"item\":\"https:\\\/\\\/www.revistarambla.com\\\/\"},{\"@type\":\"ListItem\",\"position\":2,\"name\":\"Alimentaria 2012\"}]},{\"@type\":\"WebSite\",\"@id\":\"https:\\\/\\\/www.revistarambla.com\\\/#website\",\"url\":\"https:\\\/\\\/www.revistarambla.com\\\/\",\"name\":\"Revista Rambla Barcelona\",\"description\":\"Periodismo independiente\",\"publisher\":{\"@id\":\"https:\\\/\\\/www.revistarambla.com\\\/#organization\"},\"potentialAction\":[{\"@type\":\"SearchAction\",\"target\":{\"@type\":\"EntryPoint\",\"urlTemplate\":\"https:\\\/\\\/www.revistarambla.com\\\/?s={search_term_string}\"},\"query-input\":{\"@type\":\"PropertyValueSpecification\",\"valueRequired\":true,\"valueName\":\"search_term_string\"}}],\"inLanguage\":\"en-GB\"},{\"@type\":\"Organization\",\"@id\":\"https:\\\/\\\/www.revistarambla.com\\\/#organization\",\"name\":\"Revista Rambla\",\"url\":\"https:\\\/\\\/www.revistarambla.com\\\/\",\"logo\":{\"@type\":\"ImageObject\",\"inLanguage\":\"en-GB\",\"@id\":\"https:\\\/\\\/www.revistarambla.com\\\/#\\\/schema\\\/logo\\\/image\\\/\",\"url\":\"https:\\\/\\\/www.revistarambla.com\\\/wp-content\\\/uploads\\\/2020\\\/09\\\/banner_rambla_1900x600_BB.png\",\"contentUrl\":\"https:\\\/\\\/www.revistarambla.com\\\/wp-content\\\/uploads\\\/2020\\\/09\\\/banner_rambla_1900x600_BB.png\",\"width\":1900,\"height\":600,\"caption\":\"Revista Rambla\"},\"image\":{\"@id\":\"https:\\\/\\\/www.revistarambla.com\\\/#\\\/schema\\\/logo\\\/image\\\/\"},\"sameAs\":[\"https:\\\/\\\/www.facebook.com\\\/revistarambla\\\/\",\"https:\\\/\\\/x.com\\\/revistarambla\",\"https:\\\/\\\/www.instagram.com\\\/revista_rambla\",\"https:\\\/\\\/es.linkedin.com\\\/company\\\/revista-rambla\"]},{\"@type\":\"Person\",\"@id\":\"https:\\\/\\\/www.revistarambla.com\\\/#\\\/schema\\\/person\\\/4a5652fc8c82df1f8593002d038cd79e\",\"name\":\"Evelio G\u00f3mez\",\"description\":\"Editor, dise\u00f1ador e ilustrador.\",\"sameAs\":[\"http:\\\/\\\/tipotapa.es\\\/\"]}]}<\/script>\n<!-- \/ Yoast SEO plugin. -->","yoast_head_json":{"title":"Alimentaria 2012 - Revista Rambla","robots":{"index":"index","follow":"follow","max-snippet":"max-snippet:-1","max-image-preview":"max-image-preview:large","max-video-preview":"max-video-preview:-1"},"canonical":"https:\/\/www.revistarambla.com\/en\/alimentaria-2012\/","og_locale":"en_GB","og_type":"article","og_title":"Alimentaria 2012 - Revista Rambla","og_description":"Se celebra Alimentaria 2012, quiz\u00e1s el \u00fanico Sal\u00f3n que ocupa todo el espacio de la fira-granv\u00eda, desde siempre esta ha sido el certamen con m\u00e1s stands de todos los que se celebran en Barcelona, un p\u00fablico especializado y una exhibici\u00f3n pantagru\u00e9lica que hacen las delicias de toda la gente que [&hellip;]","og_url":"https:\/\/www.revistarambla.com\/en\/alimentaria-2012\/","og_site_name":"Revista Rambla","article_publisher":"https:\/\/www.facebook.com\/revistarambla\/","article_published_time":"2012-03-29T09:09:58+00:00","article_modified_time":"2021-05-15T18:45:52+00:00","og_image":[{"width":275,"height":170,"url":"https:\/\/i1.wp.com\/www.revistarambla.com\/wp-content\/uploads\/2012\/03\/fira10.jpg?fit=275%2C170&ssl=1","type":"image\/jpeg"}],"author":"Evelio G\u00f3mez","twitter_card":"summary_large_image","twitter_creator":"@revistarambla","twitter_site":"@revistarambla","twitter_misc":{"Written by":"Evelio G\u00f3mez","Estimated reading time":"2 minutes"},"schema":{"@context":"https:\/\/schema.org","@graph":[{"@type":"Article","@id":"https:\/\/www.revistarambla.com\/alimentaria-2012\/#article","isPartOf":{"@id":"https:\/\/www.revistarambla.com\/alimentaria-2012\/"},"author":{"name":"Evelio G\u00f3mez","@id":"https:\/\/www.revistarambla.com\/#\/schema\/person\/4a5652fc8c82df1f8593002d038cd79e"},"headline":"Alimentaria 2012","datePublished":"2012-03-29T09:09:58+00:00","dateModified":"2021-05-15T18:45:52+00:00","mainEntityOfPage":{"@id":"https:\/\/www.revistarambla.com\/alimentaria-2012\/"},"wordCount":366,"commentCount":0,"publisher":{"@id":"https:\/\/www.revistarambla.com\/#organization"},"image":{"@id":"https:\/\/www.revistarambla.com\/alimentaria-2012\/#primaryimage"},"thumbnailUrl":"https:\/\/www.revistarambla.com\/wp-content\/uploads\/2012\/03\/fira10.jpg","articleSection":["Actualidad","Barcelona"],"inLanguage":"en-GB","potentialAction":[{"@type":"CommentAction","name":"Comment","target":["https:\/\/www.revistarambla.com\/alimentaria-2012\/#respond"]}]},{"@type":"WebPage","@id":"https:\/\/www.revistarambla.com\/alimentaria-2012\/","url":"https:\/\/www.revistarambla.com\/alimentaria-2012\/","name":"Alimentaria 2012 - Revista Rambla","isPartOf":{"@id":"https:\/\/www.revistarambla.com\/#website"},"primaryImageOfPage":{"@id":"https:\/\/www.revistarambla.com\/alimentaria-2012\/#primaryimage"},"image":{"@id":"https:\/\/www.revistarambla.com\/alimentaria-2012\/#primaryimage"},"thumbnailUrl":"https:\/\/www.revistarambla.com\/wp-content\/uploads\/2012\/03\/fira10.jpg","datePublished":"2012-03-29T09:09:58+00:00","dateModified":"2021-05-15T18:45:52+00:00","breadcrumb":{"@id":"https:\/\/www.revistarambla.com\/alimentaria-2012\/#breadcrumb"},"inLanguage":"en-GB","potentialAction":[{"@type":"ReadAction","target":["https:\/\/www.revistarambla.com\/alimentaria-2012\/"]}]},{"@type":"ImageObject","inLanguage":"en-GB","@id":"https:\/\/www.revistarambla.com\/alimentaria-2012\/#primaryimage","url":"https:\/\/www.revistarambla.com\/wp-content\/uploads\/2012\/03\/fira10.jpg","contentUrl":"https:\/\/www.revistarambla.com\/wp-content\/uploads\/2012\/03\/fira10.jpg"},{"@type":"BreadcrumbList","@id":"https:\/\/www.revistarambla.com\/alimentaria-2012\/#breadcrumb","itemListElement":[{"@type":"ListItem","position":1,"name":"Portada","item":"https:\/\/www.revistarambla.com\/"},{"@type":"ListItem","position":2,"name":"Alimentaria 2012"}]},{"@type":"WebSite","@id":"https:\/\/www.revistarambla.com\/#website","url":"https:\/\/www.revistarambla.com\/","name":"Revista Rambla Barcelona","description":"Periodismo independiente","publisher":{"@id":"https:\/\/www.revistarambla.com\/#organization"},"potentialAction":[{"@type":"SearchAction","target":{"@type":"EntryPoint","urlTemplate":"https:\/\/www.revistarambla.com\/?s={search_term_string}"},"query-input":{"@type":"PropertyValueSpecification","valueRequired":true,"valueName":"search_term_string"}}],"inLanguage":"en-GB"},{"@type":"Organization","@id":"https:\/\/www.revistarambla.com\/#organization","name":"Revista Rambla","url":"https:\/\/www.revistarambla.com\/","logo":{"@type":"ImageObject","inLanguage":"en-GB","@id":"https:\/\/www.revistarambla.com\/#\/schema\/logo\/image\/","url":"https:\/\/www.revistarambla.com\/wp-content\/uploads\/2020\/09\/banner_rambla_1900x600_BB.png","contentUrl":"https:\/\/www.revistarambla.com\/wp-content\/uploads\/2020\/09\/banner_rambla_1900x600_BB.png","width":1900,"height":600,"caption":"Revista Rambla"},"image":{"@id":"https:\/\/www.revistarambla.com\/#\/schema\/logo\/image\/"},"sameAs":["https:\/\/www.facebook.com\/revistarambla\/","https:\/\/x.com\/revistarambla","https:\/\/www.instagram.com\/revista_rambla","https:\/\/es.linkedin.com\/company\/revista-rambla"]},{"@type":"Person","@id":"https:\/\/www.revistarambla.com\/#\/schema\/person\/4a5652fc8c82df1f8593002d038cd79e","name":"Evelio G\u00f3mez","description":"Editor, dise\u00f1ador e ilustrador.","sameAs":["http:\/\/tipotapa.es\/"]}]}},"_links":{"self":[{"href":"https:\/\/www.revistarambla.com\/en\/wp-json\/wp\/v2\/posts\/1527","targetHints":{"allow":["GET"]}}],"collection":[{"href":"https:\/\/www.revistarambla.com\/en\/wp-json\/wp\/v2\/posts"}],"about":[{"href":"https:\/\/www.revistarambla.com\/en\/wp-json\/wp\/v2\/types\/post"}],"author":[{"embeddable":true,"href":"https:\/\/www.revistarambla.com\/en\/wp-json\/wp\/v2\/users\/1"}],"replies":[{"embeddable":true,"href":"https:\/\/www.revistarambla.com\/en\/wp-json\/wp\/v2\/comments?post=1527"}],"version-history":[{"count":0,"href":"https:\/\/www.revistarambla.com\/en\/wp-json\/wp\/v2\/posts\/1527\/revisions"}],"wp:attachment":[{"href":"https:\/\/www.revistarambla.com\/en\/wp-json\/wp\/v2\/media?parent=1527"}],"wp:term":[{"taxonomy":"category","embeddable":true,"href":"https:\/\/www.revistarambla.com\/en\/wp-json\/wp\/v2\/categories?post=1527"},{"taxonomy":"post_tag","embeddable":true,"href":"https:\/\/www.revistarambla.com\/en\/wp-json\/wp\/v2\/tags?post=1527"}],"curies":[{"name":"wp","href":"https:\/\/api.w.org\/{rel}","templated":true}]}}