{"id":14974,"date":"2018-02-27T08:45:31","date_gmt":"2018-02-27T07:45:31","guid":{"rendered":"https:\/\/www.revistarambla.com\/?p=14974"},"modified":"2021-12-16T20:40:05","modified_gmt":"2021-12-16T19:40:05","slug":"elpidio-jose-silva-no-cambia-probable-cincuenta-anos-marruecos-tenga-una-democracia-mas-perfecta-la-espanola","status":"publish","type":"post","link":"https:\/\/www.revistarambla.com\/en\/elpidio-jose-silva-no-cambia-probable-cincuenta-anos-marruecos-tenga-una-democracia-mas-perfecta-la-espanola\/","title":{"rendered":"Elpidio Jos\u00e9 Silva: \u201cSi esto no cambia, es muy probable que, en cincuenta a\u00f1os, Marruecos tenga una democracia m\u00e1s perfecta que la espa\u00f1ola\u201d"},"content":{"rendered":"<p>Entrevistamos al juez Elpidio Jos\u00e9 Silva en su despacho de Barcelona. Con \u00e9l, echamos la vista hacia nuestro pasado m\u00e1s reciente para encontrar las conexiones con la situaci\u00f3n que se est\u00e1 viviendo actualmente en el pa\u00eds.<\/p>\n<p><strong>Mientras en pa\u00edses como Portugal y Grecia se llev\u00f3 a cabo la depuraci\u00f3n de las personalidades pol\u00edticas relacionadas con sus reg\u00edmenes, que adem\u00e1s fueron juzgadas por un tribunal, en Espa\u00f1a tuvimos un proceso llamado <em>transici\u00f3n a la democracia<\/em>, alabado por muchos pero tambi\u00e9n criticado. \u00bfOpina que fue un proceso l\u00f3gico o adecuado para la democracia que se pretend\u00eda construir? <\/strong><\/p>\n<p>La Transici\u00f3n pol\u00edtica es un hecho hist\u00f3rico. Su an\u00e1lisis, con el tiempo, ser\u00e1 m\u00e1s objetivo. Aquellos que defendieron la Transici\u00f3n fueron los que la protagonizaron y los procesos hist\u00f3ricos no pueden venir determinados por sus protagonistas, es por eso que se puede obviar todo lo que se ha dicho sobre ella. Su efecto es lo que vivimos ahora. La Transici\u00f3n pol\u00edtica no pod\u00eda salir bien porque se trat\u00f3 en todo momento de garantizar la paz bajo la premisa de que pudieran sobrevivir en la democracia las cloacas del franquismo. La Transici\u00f3n fue m\u00e1s bien una transacci\u00f3n pol\u00edtica entre las fuerzas de car\u00e1cter fascista que alimentaban los cimientos del franquismo. La democracia tuvo que arrastrar y salvar a todo el franquismo antropol\u00f3gico. Eso es lo que ha generado la situaci\u00f3n de corrupci\u00f3n galopante que hemos vivido en los \u00faltimos treinta y cinco a\u00f1os. Esas fuerzas no fueron controladas por la democracia, porque si no hubieran tenido que ser enjuiciadas.<\/p>\n<figure id=\"attachment_14976\" aria-describedby=\"caption-attachment-14976\" style=\"width: 950px\" class=\"wp-caption aligncenter\"><img decoding=\"async\" class=\"wp-image-14976 size-full\" src=\"https:\/\/www.revistarambla.com\/wp-content\/uploads\/2018\/02\/R@MBLA-EPIDIO-SILVA-02.jpg\" alt=\"\" width=\"950\" height=\"694\" srcset=\"https:\/\/www.revistarambla.com\/wp-content\/uploads\/2018\/02\/R@MBLA-EPIDIO-SILVA-02.jpg 950w, https:\/\/www.revistarambla.com\/wp-content\/uploads\/2018\/02\/R@MBLA-EPIDIO-SILVA-02-300x219.jpg 300w, https:\/\/www.revistarambla.com\/wp-content\/uploads\/2018\/02\/R@MBLA-EPIDIO-SILVA-02-768x561.jpg 768w, https:\/\/www.revistarambla.com\/wp-content\/uploads\/2018\/02\/R@MBLA-EPIDIO-SILVA-02-500x365.jpg 500w, https:\/\/www.revistarambla.com\/wp-content\/uploads\/2018\/02\/R@MBLA-EPIDIO-SILVA-02-775x566.jpg 775w, https:\/\/www.revistarambla.com\/wp-content\/uploads\/2018\/02\/R@MBLA-EPIDIO-SILVA-02-593x433.jpg 593w, https:\/\/www.revistarambla.com\/wp-content\/uploads\/2018\/02\/R@MBLA-EPIDIO-SILVA-02-418x305.jpg 418w, https:\/\/www.revistarambla.com\/wp-content\/uploads\/2018\/02\/R@MBLA-EPIDIO-SILVA-02-600x438.jpg 600w\" sizes=\"(max-width: 950px) 100vw, 950px\" \/><figcaption id=\"caption-attachment-14976\" class=\"wp-caption-text\">Elpidio Jos\u00e9 Silva<\/figcaption><\/figure>\n<p><strong>Uno de los momentos determinantes en la Transici\u00f3n fue la aprobaci\u00f3n de la Ley de Amnist\u00eda de 1977. \u00bfReconoce esta ley como una autoamnist\u00eda de los franquistas y como una ley de punto final? <\/strong><\/p>\n<p>La Ley de Amnist\u00eda es nula, se tiene que revisar. Lo deber\u00eda hacer el Tribunal Constitucional o bien el poder constituyente. El Tribunal Constitucional ha perdido todo su prestigio en Espa\u00f1a, es un \u00f3rgano liquidado sobre todo a ra\u00edz de los sucesos que se han desencadenado en relaci\u00f3n al independentismo catal\u00e1n. Nadie respeta ese tribunal ni se cree en su legitimidad, ni en el \u00e1mbito jur\u00eddico ni en el extrajur\u00eddico.<\/p>\n<p>La Ley de Amnist\u00eda fue una estrategia de transacci\u00f3n para que pudieran sobrevivir los agentes del franquismo dentro de la democracia. Esa ley es un punto m\u00e1s, no me parece que tenga tanta relevancia como el hundimiento del sistema financiero y la forma en que, tanto desde el Banco de Espa\u00f1a como desde las instituciones de supervisi\u00f3n, se dej\u00f3 de controlar lo que estaba pasando en el sector financiero.<\/p>\n<p><strong>En palabras del ministro de justicia del gobierno espa\u00f1ol, Rafael Catal\u00e1, los delitos de los franquistas \u201cno eran delito seg\u00fan la legislaci\u00f3n de la \u00e9poca y, en todo caso, habr\u00edan prescrito\u201d. \u00bfTiene este argumento alguna base jur\u00eddica, es decir, se pueden pasar por alto los cr\u00edmenes cometidos por sistemas totalitarios seg\u00fan este razonamiento? <\/strong><\/p>\n<p>Ese argumento es falso. El ministro Catal\u00e1 est\u00e1 reprobado por el Congreso, adem\u00e1s, es una de las <em>alma mater<\/em> de que se nombrara a Manuel Moix como fiscal anticorrupci\u00f3n. No hay m\u00e1s descalificaci\u00f3n formal que la reprobaci\u00f3n por el Congreso.<\/p>\n<p>No es cierto que los delitos cometidos y perdonados en el \u00e1mbito de la Ley de Amnist\u00eda estuvieran permitidos en el franquismo. Los homicidios, los asesinatos o los delitos de tortura no estaban formalmente permitidos por las leyes franquistas.<\/p>\n<p><strong>El Ministro de Asuntos Exteriores, Alfonso Dastis, ha dicho recientemente que se siente comprometido con la lucha contra la impunidad de los cr\u00edmenes de lesa humanidad y que apoya el hecho de que no prescriban pero denuncia su car\u00e1cter retroactivo, es decir, nuevamente el gobierno del PP poniendo obst\u00e1culos para que los cr\u00edmenes franquistas no sean investigados y juzgados. Este es el ministro que neg\u00f3 la brutalidad policial el 1 de octubre en Catalu\u00f1a y sostuvo que algunas im\u00e1genes eran falsas. \u00bfHasta cu\u00e1ndo cree que vamos a poder soportar el cinismo del gobierno espa\u00f1ol? <\/strong><\/p>\n<p>La sociedad espa\u00f1ola todav\u00eda no termina de despertar. Ha estado inmersa en una narcosis de cuarenta a\u00f1os que son la pr\u00f3rroga de cuarenta a\u00f1os anteriores de dictadura. A partir del 15M hubo una movilizaci\u00f3n social importante que denunci\u00f3 una situaci\u00f3n insoportable, pero ese movimiento no ha sido capaz de rentabilizar en posici\u00f3n pol\u00edtica todo lo que hab\u00eda conseguido. <em>Podemos<\/em> no termina de ser un grupo pol\u00edtico con una capacidad clara de gobierno. Este partido no pudo asumir todo el 15M porque es dif\u00edcil generar una supremac\u00eda pol\u00edtica tan r\u00e1pido, sobre todo cuando el poder lo mantiene un grupo pol\u00edtico que est\u00e1 calificado como organizaci\u00f3n criminal, asediado por todo tipo de tramas sist\u00e9micas de corrupci\u00f3n.<\/p>\n<p><strong><img decoding=\"async\" class=\"alignright wp-image-14977\" src=\"https:\/\/www.revistarambla.com\/wp-content\/uploads\/2018\/02\/R@MBLA-EPIDIO-SILVA-03.jpg\" alt=\"\" width=\"322\" height=\"494\" srcset=\"https:\/\/www.revistarambla.com\/wp-content\/uploads\/2018\/02\/R@MBLA-EPIDIO-SILVA-03.jpg 619w, https:\/\/www.revistarambla.com\/wp-content\/uploads\/2018\/02\/R@MBLA-EPIDIO-SILVA-03-195x300.jpg 195w, https:\/\/www.revistarambla.com\/wp-content\/uploads\/2018\/02\/R@MBLA-EPIDIO-SILVA-03-500x767.jpg 500w, https:\/\/www.revistarambla.com\/wp-content\/uploads\/2018\/02\/R@MBLA-EPIDIO-SILVA-03-369x566.jpg 369w, https:\/\/www.revistarambla.com\/wp-content\/uploads\/2018\/02\/R@MBLA-EPIDIO-SILVA-03-282x433.jpg 282w, https:\/\/www.revistarambla.com\/wp-content\/uploads\/2018\/02\/R@MBLA-EPIDIO-SILVA-03-199x305.jpg 199w, https:\/\/www.revistarambla.com\/wp-content\/uploads\/2018\/02\/R@MBLA-EPIDIO-SILVA-03-600x921.jpg 600w\" sizes=\"(max-width: 322px) 100vw, 322px\" \/>Cuando Mariano Rajoy lleg\u00f3 al gobierno en 2011 desactiv\u00f3 por completo la Ley de Memoria Hist\u00f3rica de Zapatero, dejando su presupuesto a cero. \u00bfPor qu\u00e9 cree que a la clase pol\u00edtica protagonista de la democracia, concretada en el PP y PSOE, le ha interesado tan poco recordar el pasado reciente? \u00bfEso les convierte en c\u00f3mplices del desamparo de las v\u00edctimas del franquismo y sus familiares? <\/strong><\/p>\n<p>El inconsciente de nuestra democracia es el franquismo. Todo lo que sea penetrar en la memoria hist\u00f3rica es penetrar en la ra\u00edz de la democracia actual, que est\u00e1 fallida porque es dependiente de unas fuerzas que se controlaban en el franquismo pero que no se pueden controlar en democracia. El Partido Popular, ya desde su configuraci\u00f3n en Alianza Popular, nunca particip\u00f3 de la Constituci\u00f3n. Fraga vio con mucha compresi\u00f3n que hubiera miembros de AP que no votaran a favor de la Constituci\u00f3n. El Partido Popular no tiene inter\u00e9s en penetrar en hechos criminales con personajes pol\u00edticos y p\u00fablicos que trabajan en ese partido y est\u00e1n en su entorno. El PP est\u00e1 en las ant\u00edpodas del PSOE porque en los or\u00edgenes de \u00e9ste s\u00ed hay una contribuci\u00f3n para la democracia, tanto en la Segunda Rep\u00fablica como posteriormente, en la posguerra.<\/p>\n<p><strong>\u00bfA qu\u00e9 pa\u00eds se parece Espa\u00f1a en t\u00e9rminos de salud democr\u00e1tica? <\/strong><\/p>\n<p>Espa\u00f1a no se puede comparar con ning\u00fan otro pa\u00eds. El Estado de derecho est\u00e1 dinamitado. Es un Estado que puede reclamar idiosincrasia por derecho propio, todo nace aqu\u00ed. No tiene referentes. Todos los pa\u00edses que nos han rodeado han podido culminar sus historias pol\u00edticas y democr\u00e1ticas. Nosotros hemos sufrido un retroceso de libertades de treinta a\u00f1os. Hab\u00eda m\u00e1s libertades en el periodo de 1978 a 1990 que hoy. A este paso, Marruecos nos superar\u00e1. Es muy pronosticable que, si esto no cambia, de aqu\u00ed a cincuenta a\u00f1os, Marruecos tenga una democracia m\u00e1s perfecta que la espa\u00f1ola.<\/p>\n<p><strong>Estamos asistiendo a una ola de imputaciones a j\u00f3venes raperos y <em>tuiteros<\/em> acusados de delitos de odio. \u00bfLa Audiencia Nacional es la criatura del Tribunal de Orden P\u00fablico franquista? <\/strong><\/p>\n<p>Mantener la Audiencia Nacional fue uno de esos elementos fundamentales de la transacci\u00f3n o transici\u00f3n pol\u00edtica. Hab\u00eda que mantener un centro de poder importante desde el punto de vista del poder judicial con los delitos de mayor relieve que se pudieran cometer en el pa\u00eds. Hab\u00eda que situar este tribunal especial en Madrid, lo cual carece totalmente de sentido porque ya tenemos el Tribunal Supremo, con una jurisdicci\u00f3n que se extiende a todo el territorio nacional. Adem\u00e1s, la Audiencia Nacional no tiene la m\u00e1s m\u00ednima especializaci\u00f3n en derecho penal econ\u00f3mico. Es el poder ejecutivo quien controla lo que sucede en este tribunal.<\/p>\n<p><strong>\u00bfLa Audiencia Nacional est\u00e1 juzgando delitos pol\u00edticos de la misma forma que lo hacia el TOP? <\/strong><\/p>\n<p>No, las formas cambian, eso es lo que estamos descubriendo ahora. Hoy en d\u00eda, la dictadura no necesita ning\u00fan tanque, con una firma del Tribunal Constitucional ya se da un golpe de Estado. Machacado la informaci\u00f3n, controlando determinados medios de comunicaci\u00f3n, adulterando todo el sentido del relato y utilizando como t\u00edteres al poder judicial, desde una dictadura que sigue siendo bancaria, ya te quedas con el pa\u00eds. Hace poco, 300.000 familias lo han perdido todo en el Banco Popular, y no hay nadie en la c\u00e1rcel.<\/p>\n<p><strong>En el a\u00f1o 1977 se destruyeron los archivos del Movimiento y la Falange por orden del gobierno de Su\u00e1rez para eludir la justicia por falta de pruebas si alg\u00fan d\u00eda se planteaba iniciar un proceso penal contra los responsables franquistas. Actualmente, el PP destruye tambi\u00e9n las pruebas de sus delitos econ\u00f3micos. \u00bfLa corrupci\u00f3n es un mal end\u00e9mico en Espa\u00f1a? <\/strong><\/p>\n<p>La corrupci\u00f3n en Espa\u00f1a es sist\u00e9mica. Viene heredada de la forma en que se llev\u00f3 a cabo la Transici\u00f3n y consolidada por la falta de un poder judicial independiente y un Ministerio Fiscal aut\u00f3nomo. Este \u00faltimo depende, en una cadena de transmisi\u00f3n jer\u00e1rquica, del poder ejecutivo.<\/p>\n<p><strong>\u00bfC\u00f3mo escapar del pez que se muerde la cola, es decir, de esa corrupci\u00f3n pol\u00edtica juzgada por unos tribunales dirigidos por las mismas fuerzas que cometen los delitos? <\/strong><\/p>\n<p>Mientras el Partido Popular siga en el poder, no hay salida. En este sentido, el problema de Espa\u00f1a ahora mismo es pol\u00edtico. En la base hay una sociedad que no termina de ser bien informada de lo que sucede en el pa\u00eds, pero el problema es pol\u00edtico.<\/p>\n<p><strong>\u00bfLa corrupci\u00f3n es vertical? <\/strong><\/p>\n<p>No, es absolutamente dispersa, no tiene ning\u00fan sistema. Existen veinte o treinta grupos de bandas corruptas. No est\u00e1 verticalizada y eso la hace m\u00e1s fuerte.<\/p>\n<p><strong>\u00bfCree que la impunidad es una constante en el sistema judicial espa\u00f1ol? \u00bfPara acabar con la impunidad es necesario acabar tambi\u00e9n con el r\u00e9gimen del 78? <\/strong><\/p>\n<p>S\u00ed, el r\u00e9gimen del 78 y la impunidad, junto con falta de divisi\u00f3n de poderes, son las dos caras de la misma moneda.<\/p>\n<p><strong>Usted fue inhabilitado de su profesi\u00f3n de juez y acusado de prevaricaci\u00f3n, la misma condena que fue impuesta al juez Garz\u00f3n por el caso G\u00fcrtel. \u00bfQu\u00e9 objetivo com\u00fan esconde su caso y el de Garz\u00f3n? <\/strong><\/p>\n<p>En el m\u00edo, que no se investigaran los cr\u00e9ditos que Caja Madrid estaba concediendo a los \u201camiguetes\u201d. Nosotros hab\u00edamos demostrado, a trav\u00e9s de una prueba pericial, que el cr\u00e9dito concedido a D\u00edaz Ferran estaba criminalizado. Hab\u00eda que parar esto radicalmente, esta investigaci\u00f3n no pod\u00eda seguir adelante porque si se pon\u00edan en el punto de mira a otros amigos, se estaban tocando personas fundamentales para la supervivencia del r\u00e9gimen pol\u00edtico. Actualmente, los delitos de estas personas est\u00e1n prescritos y el caso Blesa est\u00e1 archivado. Todo esto lo explico con sumo detenimiento en un libro llamado \u201cLa verdad sobre el caso Blesa\u201d (RBA Libros) y nadie ha sido capaz de contestar el libro ni de rectificar una sola l\u00ednea.<\/p>\n<p><strong>\u00bfPor qu\u00e9 cree que la gente sigue votando al PP, a pesar de los escandalosos casos de corrupci\u00f3n? \u00bfCree que la poblaci\u00f3n prefiere \u201cmalo conocido que bueno por conocer\u201d? <\/strong><\/p>\n<p>El control de los medios de comunicaci\u00f3n, el clientelismo y el adoctrinamiento son tres factores fundamentales para explicar el voto al Partido Popular.<\/p>\n<p><strong>Usted investig\u00f3 a Miguel Blesa, expresidente de Caja Madrid por su gesti\u00f3n de la entidad bancaria. Muri\u00f3 el a\u00f1o pasado, al igual que decenas de personas vinculadas con la G\u00fcrtel y, tambi\u00e9n, el juez Pedreira, instructor de la trama. \u00bfNo le parece demasiada casualidad? <\/strong><\/p>\n<p>Hay una serie de personas que mueren y lo que habr\u00eda que hacer es investigar por qu\u00e9 han muerto. Yo no lo s\u00e9. Soy agn\u00f3stico ante este tema.<\/p>\n<p><strong>\u00bfEl delito de sedici\u00f3n es un delito de car\u00e1cter jur\u00eddico o pol\u00edtico? \u00bfHa existido en Catalu\u00f1a? <\/strong><\/p>\n<p>El delito de sedici\u00f3n es un delito jur\u00eddico que est\u00e1 contemplado en el C\u00f3digo Penal. Pero este delito no se ha cometido en Catalu\u00f1a, ni el de rebeli\u00f3n, ni el de malversaci\u00f3n de caudales p\u00fablicos, ni siquiera tengo claro el de desobediencia. No lo opino yo, lo opinaban los fiscales que no ve\u00edan claro acusar a Artur Mas de desobediencia. Fue entonces cuando el fiscal general del Estado tuvo que entrar para impulsar estas acusaciones. Quienes est\u00e1n actualmente impulsando estos delitos tendr\u00e1n que responder, ya sea a nivel judicial o de responsabilidades disciplinarias.<\/p>\n<p><strong>\u00bfEl gobierno defiende la unidad de Espa\u00f1a o es revanchismo?<\/strong><\/p>\n<p>El gobierno no defiende la unidad de Espa\u00f1a. El principal factor de crecimiento del voto independentista ha sido el Partido Popular, con Aznar y Rajoy. Ellos han impulsado la reacci\u00f3n de m\u00e1s de un mill\u00f3n de personas que han votado a los independentistas por percibir como insoportable este tipo de gobierno. La unidad de un pa\u00eds no se consigue si hundes el sistema financiero. El pa\u00eds est\u00e1 de rodillas desde el punto de vista econ\u00f3mico. Somos dependientes del Banco Central Europeo que, por cierto, ha dicho que no comprar\u00e1 m\u00e1s deuda soberana.<\/p>\n<p><strong>\u00bfQu\u00e9 opina sobre las declaraciones de Ciudadanos entorno al conflicto catal\u00e1n y sobre su victoria como fuerza pol\u00edtica en las elecciones del 21D?\u00a0\u00a0 <\/strong><\/p>\n<p>Ciudadanos es un partido pol\u00edtico que est\u00e1 creciendo en apoyo porque hay un sector del IBEX que percibe que el PP se puede hundir como partido y hay que buscar alg\u00fan otro que pueda conservar esos votos. Es un partido emergente desde la derecha. Habr\u00e1 que ver si Ciudadanos es capaz de crear una derecha moderna en Espa\u00f1a, que no ha existido hasta hoy. No se ve claramente que sea as\u00ed, hay aspectos en que s\u00ed tienen una lucha un poco m\u00e1s decidida contra la corrupci\u00f3n, pero no percibo que sea una derecha claramente democr\u00e1tica, sobre todo en Catalu\u00f1a. El posicionamiento de Ciudadanos frente al movimiento de 1 de octubre carece totalmente de sentido y est\u00e1 basado en un gran relato propagand\u00edstico.<\/p>\n<p><strong>Con este panorama, \u00bfpodemos esperar que los presos pol\u00edticos tengan un juicio justo? <\/strong><\/p>\n<p>No lo veo posible. Est\u00e1n en la c\u00e1rcel por delitos que no han cometido. El magistrado Llarena les est\u00e1 reprochando su ideolog\u00eda. Espa\u00f1a se ha pasado treinta a\u00f1os enga\u00f1ando a todos los agentes internacionales y a los propios espa\u00f1oles cuando dec\u00eda que se persegu\u00eda a ETA no por su ideolog\u00eda, sino porque comet\u00edan cr\u00edmenes que, de hecho, los comet\u00edan. Hemos enga\u00f1ado a todo el mundo, en realidad les persegu\u00edamos tambi\u00e9n por su ideolog\u00eda.<\/p>\n<p><strong>\u00bfQu\u00e9 le parece la reacci\u00f3n o, mejor dicho, la no reacci\u00f3n internacional sobre las cargas del 1 de octubre? <\/strong><\/p>\n<p>La reacci\u00f3n ha sido favorable en t\u00e9rminos generales, pero la Uni\u00f3n Europea no ha estado m\u00ednimamente a la altura de lo que los espa\u00f1oles percib\u00edamos que ten\u00eda que estar. Quiz\u00e1s la UE sea otra farsa.<\/p>\n<p><strong>\u00bfCree que el futuro, nuestro futuro, est\u00e1 cada vez m\u00e1s cerca de la boca del lobo? <\/strong><\/p>\n<p>Espa\u00f1a tiene una situaci\u00f3n abismal con la deuda soberana, con la crisis financiera y con el hundimiento de las entidades. Si esto no se resuelve y la pol\u00edtica sigue en su af\u00e1n de no establecer una democracia y un Estado federal asim\u00e9trico donde podamos vivir todos en paz, Espa\u00f1a puede irse a la quiebra. Hay unas cuantas c\u00fapulas que mandan en el pa\u00eds y que constituyen un r\u00e9gimen de corrupci\u00f3n sist\u00e9mica. Si esto lo permite Europa y no aprecian, por ejemplo, lo que signific\u00f3 el 1 de octubre ni protege a la gente que se rebela contra una situaci\u00f3n que es antidemocr\u00e1tica, ilegal, criminal e insostenible, Espa\u00f1a puede irse a pique y eso beneficiar\u00e1 a otros pa\u00edses europeos. Tenemos que evaluar si en Espa\u00f1a lo que se est\u00e1 cociendo es el fin de la Uni\u00f3n Europea.<\/p>","protected":false},"excerpt":{"rendered":"<p>Entrevistamos al juez Elpidio Jos\u00e9 Silva en su despacho de Barcelona. Con \u00e9l, echamos la vista hacia nuestro pasado m\u00e1s reciente para encontrar las conexiones con la situaci\u00f3n que se est\u00e1 viviendo actualmente en el pa\u00eds. Mientras en pa\u00edses como Portugal y Grecia se llev\u00f3 a cabo la depuraci\u00f3n de [&hellip;]<\/p>\n","protected":false},"author":64,"featured_media":14975,"comment_status":"open","ping_status":"open","sticky":false,"template":"","format":"standard","meta":{"footnotes":""},"categories":[3,58],"tags":[],"class_list":["post-14974","post","type-post","status-publish","format-standard","has-post-thumbnail","hentry","category-actualidad","category-estado-espanol"],"yoast_head":"<!-- This site is optimized with the Yoast SEO plugin v27.5 - https:\/\/yoast.com\/product\/yoast-seo-wordpress\/ -->\n<title>Elpidio Jos\u00e9 Silva: \u201cSi esto no cambia, es muy probable que, en cincuenta a\u00f1os, Marruecos tenga una democracia m\u00e1s perfecta que la espa\u00f1ola\u201d - Revista Rambla<\/title>\n<meta name=\"robots\" content=\"index, follow, max-snippet:-1, max-image-preview:large, max-video-preview:-1\" \/>\n<link rel=\"canonical\" href=\"https:\/\/www.revistarambla.com\/en\/elpidio-jose-silva-no-cambia-probable-cincuenta-anos-marruecos-tenga-una-democracia-mas-perfecta-la-espanola\/\" \/>\n<meta property=\"og:locale\" content=\"en_GB\" \/>\n<meta property=\"og:type\" content=\"article\" \/>\n<meta property=\"og:title\" content=\"Elpidio Jos\u00e9 Silva: \u201cSi esto no cambia, es muy probable que, en cincuenta a\u00f1os, Marruecos tenga una democracia m\u00e1s perfecta que la espa\u00f1ola\u201d - Revista Rambla\" \/>\n<meta property=\"og:description\" content=\"Entrevistamos al juez Elpidio Jos\u00e9 Silva en su despacho de Barcelona. Con \u00e9l, echamos la vista hacia nuestro pasado m\u00e1s reciente para encontrar las conexiones con la situaci\u00f3n que se est\u00e1 viviendo actualmente en el pa\u00eds. Mientras en pa\u00edses como Portugal y Grecia se llev\u00f3 a cabo la depuraci\u00f3n de [&hellip;]\" \/>\n<meta property=\"og:url\" content=\"https:\/\/www.revistarambla.com\/en\/elpidio-jose-silva-no-cambia-probable-cincuenta-anos-marruecos-tenga-una-democracia-mas-perfecta-la-espanola\/\" \/>\n<meta property=\"og:site_name\" content=\"Revista Rambla\" \/>\n<meta property=\"article:publisher\" content=\"https:\/\/www.facebook.com\/revistarambla\/\" \/>\n<meta property=\"article:published_time\" content=\"2018-02-27T07:45:31+00:00\" \/>\n<meta property=\"article:modified_time\" content=\"2021-12-16T19:40:05+00:00\" \/>\n<meta property=\"og:image\" content=\"https:\/\/www.revistarambla.com\/wp-content\/uploads\/2018\/02\/R@MBLA-EPIDIO-SILVA-01.jpg\" \/>\n\t<meta property=\"og:image:width\" content=\"2048\" \/>\n\t<meta property=\"og:image:height\" content=\"1390\" \/>\n\t<meta property=\"og:image:type\" content=\"image\/jpeg\" \/>\n<meta name=\"author\" content=\"William Acero Peraire\" \/>\n<meta name=\"twitter:card\" content=\"summary_large_image\" \/>\n<meta name=\"twitter:creator\" content=\"@revistarambla\" \/>\n<meta name=\"twitter:site\" content=\"@revistarambla\" \/>\n<meta name=\"twitter:label1\" content=\"Written by\" \/>\n\t<meta name=\"twitter:data1\" content=\"William Acero Peraire\" \/>\n\t<meta name=\"twitter:label2\" content=\"Estimated reading time\" \/>\n\t<meta name=\"twitter:data2\" content=\"12 minutes\" \/>\n<script type=\"application\/ld+json\" class=\"yoast-schema-graph\">{\"@context\":\"https:\\\/\\\/schema.org\",\"@graph\":[{\"@type\":\"Article\",\"@id\":\"https:\\\/\\\/www.revistarambla.com\\\/elpidio-jose-silva-no-cambia-probable-cincuenta-anos-marruecos-tenga-una-democracia-mas-perfecta-la-espanola\\\/#article\",\"isPartOf\":{\"@id\":\"https:\\\/\\\/www.revistarambla.com\\\/elpidio-jose-silva-no-cambia-probable-cincuenta-anos-marruecos-tenga-una-democracia-mas-perfecta-la-espanola\\\/\"},\"author\":{\"name\":\"William Acero Peraire\",\"@id\":\"https:\\\/\\\/www.revistarambla.com\\\/#\\\/schema\\\/person\\\/10d7375349d9dfe42f2d993180c6651e\"},\"headline\":\"Elpidio Jos\u00e9 Silva: \u201cSi esto no cambia, es muy probable que, en cincuenta a\u00f1os, Marruecos tenga una democracia m\u00e1s perfecta que la espa\u00f1ola\u201d\",\"datePublished\":\"2018-02-27T07:45:31+00:00\",\"dateModified\":\"2021-12-16T19:40:05+00:00\",\"mainEntityOfPage\":{\"@id\":\"https:\\\/\\\/www.revistarambla.com\\\/elpidio-jose-silva-no-cambia-probable-cincuenta-anos-marruecos-tenga-una-democracia-mas-perfecta-la-espanola\\\/\"},\"wordCount\":2801,\"commentCount\":0,\"publisher\":{\"@id\":\"https:\\\/\\\/www.revistarambla.com\\\/#organization\"},\"image\":{\"@id\":\"https:\\\/\\\/www.revistarambla.com\\\/elpidio-jose-silva-no-cambia-probable-cincuenta-anos-marruecos-tenga-una-democracia-mas-perfecta-la-espanola\\\/#primaryimage\"},\"thumbnailUrl\":\"https:\\\/\\\/www.revistarambla.com\\\/wp-content\\\/uploads\\\/2018\\\/02\\\/R@MBLA-EPIDIO-SILVA-01.jpg\",\"articleSection\":[\"Actualidad\",\"Estado Espa\u00f1ol\"],\"inLanguage\":\"en-GB\",\"potentialAction\":[{\"@type\":\"CommentAction\",\"name\":\"Comment\",\"target\":[\"https:\\\/\\\/www.revistarambla.com\\\/elpidio-jose-silva-no-cambia-probable-cincuenta-anos-marruecos-tenga-una-democracia-mas-perfecta-la-espanola\\\/#respond\"]}]},{\"@type\":\"WebPage\",\"@id\":\"https:\\\/\\\/www.revistarambla.com\\\/elpidio-jose-silva-no-cambia-probable-cincuenta-anos-marruecos-tenga-una-democracia-mas-perfecta-la-espanola\\\/\",\"url\":\"https:\\\/\\\/www.revistarambla.com\\\/elpidio-jose-silva-no-cambia-probable-cincuenta-anos-marruecos-tenga-una-democracia-mas-perfecta-la-espanola\\\/\",\"name\":\"Elpidio Jos\u00e9 Silva: \u201cSi esto no cambia, es muy probable que, en cincuenta a\u00f1os, Marruecos tenga una democracia m\u00e1s perfecta que la espa\u00f1ola\u201d - Revista Rambla\",\"isPartOf\":{\"@id\":\"https:\\\/\\\/www.revistarambla.com\\\/#website\"},\"primaryImageOfPage\":{\"@id\":\"https:\\\/\\\/www.revistarambla.com\\\/elpidio-jose-silva-no-cambia-probable-cincuenta-anos-marruecos-tenga-una-democracia-mas-perfecta-la-espanola\\\/#primaryimage\"},\"image\":{\"@id\":\"https:\\\/\\\/www.revistarambla.com\\\/elpidio-jose-silva-no-cambia-probable-cincuenta-anos-marruecos-tenga-una-democracia-mas-perfecta-la-espanola\\\/#primaryimage\"},\"thumbnailUrl\":\"https:\\\/\\\/www.revistarambla.com\\\/wp-content\\\/uploads\\\/2018\\\/02\\\/R@MBLA-EPIDIO-SILVA-01.jpg\",\"datePublished\":\"2018-02-27T07:45:31+00:00\",\"dateModified\":\"2021-12-16T19:40:05+00:00\",\"breadcrumb\":{\"@id\":\"https:\\\/\\\/www.revistarambla.com\\\/elpidio-jose-silva-no-cambia-probable-cincuenta-anos-marruecos-tenga-una-democracia-mas-perfecta-la-espanola\\\/#breadcrumb\"},\"inLanguage\":\"en-GB\",\"potentialAction\":[{\"@type\":\"ReadAction\",\"target\":[\"https:\\\/\\\/www.revistarambla.com\\\/elpidio-jose-silva-no-cambia-probable-cincuenta-anos-marruecos-tenga-una-democracia-mas-perfecta-la-espanola\\\/\"]}]},{\"@type\":\"ImageObject\",\"inLanguage\":\"en-GB\",\"@id\":\"https:\\\/\\\/www.revistarambla.com\\\/elpidio-jose-silva-no-cambia-probable-cincuenta-anos-marruecos-tenga-una-democracia-mas-perfecta-la-espanola\\\/#primaryimage\",\"url\":\"https:\\\/\\\/www.revistarambla.com\\\/wp-content\\\/uploads\\\/2018\\\/02\\\/R@MBLA-EPIDIO-SILVA-01.jpg\",\"contentUrl\":\"https:\\\/\\\/www.revistarambla.com\\\/wp-content\\\/uploads\\\/2018\\\/02\\\/R@MBLA-EPIDIO-SILVA-01.jpg\",\"width\":2048,\"height\":1390},{\"@type\":\"BreadcrumbList\",\"@id\":\"https:\\\/\\\/www.revistarambla.com\\\/elpidio-jose-silva-no-cambia-probable-cincuenta-anos-marruecos-tenga-una-democracia-mas-perfecta-la-espanola\\\/#breadcrumb\",\"itemListElement\":[{\"@type\":\"ListItem\",\"position\":1,\"name\":\"Portada\",\"item\":\"https:\\\/\\\/www.revistarambla.com\\\/\"},{\"@type\":\"ListItem\",\"position\":2,\"name\":\"Elpidio Jos\u00e9 Silva: \u201cSi esto no cambia, es muy probable que, en cincuenta a\u00f1os, Marruecos tenga una democracia m\u00e1s perfecta que la espa\u00f1ola\u201d\"}]},{\"@type\":\"WebSite\",\"@id\":\"https:\\\/\\\/www.revistarambla.com\\\/#website\",\"url\":\"https:\\\/\\\/www.revistarambla.com\\\/\",\"name\":\"Revista Rambla Barcelona\",\"description\":\"Periodismo independiente\",\"publisher\":{\"@id\":\"https:\\\/\\\/www.revistarambla.com\\\/#organization\"},\"potentialAction\":[{\"@type\":\"SearchAction\",\"target\":{\"@type\":\"EntryPoint\",\"urlTemplate\":\"https:\\\/\\\/www.revistarambla.com\\\/?s={search_term_string}\"},\"query-input\":{\"@type\":\"PropertyValueSpecification\",\"valueRequired\":true,\"valueName\":\"search_term_string\"}}],\"inLanguage\":\"en-GB\"},{\"@type\":\"Organization\",\"@id\":\"https:\\\/\\\/www.revistarambla.com\\\/#organization\",\"name\":\"Revista Rambla\",\"url\":\"https:\\\/\\\/www.revistarambla.com\\\/\",\"logo\":{\"@type\":\"ImageObject\",\"inLanguage\":\"en-GB\",\"@id\":\"https:\\\/\\\/www.revistarambla.com\\\/#\\\/schema\\\/logo\\\/image\\\/\",\"url\":\"https:\\\/\\\/www.revistarambla.com\\\/wp-content\\\/uploads\\\/2020\\\/09\\\/banner_rambla_1900x600_BB.png\",\"contentUrl\":\"https:\\\/\\\/www.revistarambla.com\\\/wp-content\\\/uploads\\\/2020\\\/09\\\/banner_rambla_1900x600_BB.png\",\"width\":1900,\"height\":600,\"caption\":\"Revista Rambla\"},\"image\":{\"@id\":\"https:\\\/\\\/www.revistarambla.com\\\/#\\\/schema\\\/logo\\\/image\\\/\"},\"sameAs\":[\"https:\\\/\\\/www.facebook.com\\\/revistarambla\\\/\",\"https:\\\/\\\/x.com\\\/revistarambla\",\"https:\\\/\\\/www.instagram.com\\\/revista_rambla\",\"https:\\\/\\\/es.linkedin.com\\\/company\\\/revista-rambla\"]},{\"@type\":\"Person\",\"@id\":\"https:\\\/\\\/www.revistarambla.com\\\/#\\\/schema\\\/person\\\/10d7375349d9dfe42f2d993180c6651e\",\"name\":\"William Acero Peraire\",\"description\":\"Graduado en Historia.\"}]}<\/script>\n<!-- \/ Yoast SEO plugin. -->","yoast_head_json":{"title":"Elpidio Jos\u00e9 Silva: \u201cSi esto no cambia, es muy probable que, en cincuenta a\u00f1os, Marruecos tenga una democracia m\u00e1s perfecta que la espa\u00f1ola\u201d - Revista Rambla","robots":{"index":"index","follow":"follow","max-snippet":"max-snippet:-1","max-image-preview":"max-image-preview:large","max-video-preview":"max-video-preview:-1"},"canonical":"https:\/\/www.revistarambla.com\/en\/elpidio-jose-silva-no-cambia-probable-cincuenta-anos-marruecos-tenga-una-democracia-mas-perfecta-la-espanola\/","og_locale":"en_GB","og_type":"article","og_title":"Elpidio Jos\u00e9 Silva: \u201cSi esto no cambia, es muy probable que, en cincuenta a\u00f1os, Marruecos tenga una democracia m\u00e1s perfecta que la espa\u00f1ola\u201d - Revista Rambla","og_description":"Entrevistamos al juez Elpidio Jos\u00e9 Silva en su despacho de Barcelona. Con \u00e9l, echamos la vista hacia nuestro pasado m\u00e1s reciente para encontrar las conexiones con la situaci\u00f3n que se est\u00e1 viviendo actualmente en el pa\u00eds. Mientras en pa\u00edses como Portugal y Grecia se llev\u00f3 a cabo la depuraci\u00f3n de [&hellip;]","og_url":"https:\/\/www.revistarambla.com\/en\/elpidio-jose-silva-no-cambia-probable-cincuenta-anos-marruecos-tenga-una-democracia-mas-perfecta-la-espanola\/","og_site_name":"Revista Rambla","article_publisher":"https:\/\/www.facebook.com\/revistarambla\/","article_published_time":"2018-02-27T07:45:31+00:00","article_modified_time":"2021-12-16T19:40:05+00:00","og_image":[{"width":2048,"height":1390,"url":"https:\/\/www.revistarambla.com\/wp-content\/uploads\/2018\/02\/R@MBLA-EPIDIO-SILVA-01.jpg","type":"image\/jpeg"}],"author":"William Acero Peraire","twitter_card":"summary_large_image","twitter_creator":"@revistarambla","twitter_site":"@revistarambla","twitter_misc":{"Written by":"William Acero Peraire","Estimated reading time":"12 minutes"},"schema":{"@context":"https:\/\/schema.org","@graph":[{"@type":"Article","@id":"https:\/\/www.revistarambla.com\/elpidio-jose-silva-no-cambia-probable-cincuenta-anos-marruecos-tenga-una-democracia-mas-perfecta-la-espanola\/#article","isPartOf":{"@id":"https:\/\/www.revistarambla.com\/elpidio-jose-silva-no-cambia-probable-cincuenta-anos-marruecos-tenga-una-democracia-mas-perfecta-la-espanola\/"},"author":{"name":"William Acero Peraire","@id":"https:\/\/www.revistarambla.com\/#\/schema\/person\/10d7375349d9dfe42f2d993180c6651e"},"headline":"Elpidio Jos\u00e9 Silva: \u201cSi esto no cambia, es muy probable que, en cincuenta a\u00f1os, Marruecos tenga una democracia m\u00e1s perfecta que la espa\u00f1ola\u201d","datePublished":"2018-02-27T07:45:31+00:00","dateModified":"2021-12-16T19:40:05+00:00","mainEntityOfPage":{"@id":"https:\/\/www.revistarambla.com\/elpidio-jose-silva-no-cambia-probable-cincuenta-anos-marruecos-tenga-una-democracia-mas-perfecta-la-espanola\/"},"wordCount":2801,"commentCount":0,"publisher":{"@id":"https:\/\/www.revistarambla.com\/#organization"},"image":{"@id":"https:\/\/www.revistarambla.com\/elpidio-jose-silva-no-cambia-probable-cincuenta-anos-marruecos-tenga-una-democracia-mas-perfecta-la-espanola\/#primaryimage"},"thumbnailUrl":"https:\/\/www.revistarambla.com\/wp-content\/uploads\/2018\/02\/R@MBLA-EPIDIO-SILVA-01.jpg","articleSection":["Actualidad","Estado Espa\u00f1ol"],"inLanguage":"en-GB","potentialAction":[{"@type":"CommentAction","name":"Comment","target":["https:\/\/www.revistarambla.com\/elpidio-jose-silva-no-cambia-probable-cincuenta-anos-marruecos-tenga-una-democracia-mas-perfecta-la-espanola\/#respond"]}]},{"@type":"WebPage","@id":"https:\/\/www.revistarambla.com\/elpidio-jose-silva-no-cambia-probable-cincuenta-anos-marruecos-tenga-una-democracia-mas-perfecta-la-espanola\/","url":"https:\/\/www.revistarambla.com\/elpidio-jose-silva-no-cambia-probable-cincuenta-anos-marruecos-tenga-una-democracia-mas-perfecta-la-espanola\/","name":"Elpidio Jos\u00e9 Silva: \u201cSi esto no cambia, es muy probable que, en cincuenta a\u00f1os, Marruecos tenga una democracia m\u00e1s perfecta que la espa\u00f1ola\u201d - Revista Rambla","isPartOf":{"@id":"https:\/\/www.revistarambla.com\/#website"},"primaryImageOfPage":{"@id":"https:\/\/www.revistarambla.com\/elpidio-jose-silva-no-cambia-probable-cincuenta-anos-marruecos-tenga-una-democracia-mas-perfecta-la-espanola\/#primaryimage"},"image":{"@id":"https:\/\/www.revistarambla.com\/elpidio-jose-silva-no-cambia-probable-cincuenta-anos-marruecos-tenga-una-democracia-mas-perfecta-la-espanola\/#primaryimage"},"thumbnailUrl":"https:\/\/www.revistarambla.com\/wp-content\/uploads\/2018\/02\/R@MBLA-EPIDIO-SILVA-01.jpg","datePublished":"2018-02-27T07:45:31+00:00","dateModified":"2021-12-16T19:40:05+00:00","breadcrumb":{"@id":"https:\/\/www.revistarambla.com\/elpidio-jose-silva-no-cambia-probable-cincuenta-anos-marruecos-tenga-una-democracia-mas-perfecta-la-espanola\/#breadcrumb"},"inLanguage":"en-GB","potentialAction":[{"@type":"ReadAction","target":["https:\/\/www.revistarambla.com\/elpidio-jose-silva-no-cambia-probable-cincuenta-anos-marruecos-tenga-una-democracia-mas-perfecta-la-espanola\/"]}]},{"@type":"ImageObject","inLanguage":"en-GB","@id":"https:\/\/www.revistarambla.com\/elpidio-jose-silva-no-cambia-probable-cincuenta-anos-marruecos-tenga-una-democracia-mas-perfecta-la-espanola\/#primaryimage","url":"https:\/\/www.revistarambla.com\/wp-content\/uploads\/2018\/02\/R@MBLA-EPIDIO-SILVA-01.jpg","contentUrl":"https:\/\/www.revistarambla.com\/wp-content\/uploads\/2018\/02\/R@MBLA-EPIDIO-SILVA-01.jpg","width":2048,"height":1390},{"@type":"BreadcrumbList","@id":"https:\/\/www.revistarambla.com\/elpidio-jose-silva-no-cambia-probable-cincuenta-anos-marruecos-tenga-una-democracia-mas-perfecta-la-espanola\/#breadcrumb","itemListElement":[{"@type":"ListItem","position":1,"name":"Portada","item":"https:\/\/www.revistarambla.com\/"},{"@type":"ListItem","position":2,"name":"Elpidio Jos\u00e9 Silva: \u201cSi esto no cambia, es muy probable que, en cincuenta a\u00f1os, Marruecos tenga una democracia m\u00e1s perfecta que la espa\u00f1ola\u201d"}]},{"@type":"WebSite","@id":"https:\/\/www.revistarambla.com\/#website","url":"https:\/\/www.revistarambla.com\/","name":"Revista Rambla Barcelona","description":"Periodismo independiente","publisher":{"@id":"https:\/\/www.revistarambla.com\/#organization"},"potentialAction":[{"@type":"SearchAction","target":{"@type":"EntryPoint","urlTemplate":"https:\/\/www.revistarambla.com\/?s={search_term_string}"},"query-input":{"@type":"PropertyValueSpecification","valueRequired":true,"valueName":"search_term_string"}}],"inLanguage":"en-GB"},{"@type":"Organization","@id":"https:\/\/www.revistarambla.com\/#organization","name":"Revista Rambla","url":"https:\/\/www.revistarambla.com\/","logo":{"@type":"ImageObject","inLanguage":"en-GB","@id":"https:\/\/www.revistarambla.com\/#\/schema\/logo\/image\/","url":"https:\/\/www.revistarambla.com\/wp-content\/uploads\/2020\/09\/banner_rambla_1900x600_BB.png","contentUrl":"https:\/\/www.revistarambla.com\/wp-content\/uploads\/2020\/09\/banner_rambla_1900x600_BB.png","width":1900,"height":600,"caption":"Revista Rambla"},"image":{"@id":"https:\/\/www.revistarambla.com\/#\/schema\/logo\/image\/"},"sameAs":["https:\/\/www.facebook.com\/revistarambla\/","https:\/\/x.com\/revistarambla","https:\/\/www.instagram.com\/revista_rambla","https:\/\/es.linkedin.com\/company\/revista-rambla"]},{"@type":"Person","@id":"https:\/\/www.revistarambla.com\/#\/schema\/person\/10d7375349d9dfe42f2d993180c6651e","name":"William Acero Peraire","description":"Graduado en Historia."}]}},"_links":{"self":[{"href":"https:\/\/www.revistarambla.com\/en\/wp-json\/wp\/v2\/posts\/14974","targetHints":{"allow":["GET"]}}],"collection":[{"href":"https:\/\/www.revistarambla.com\/en\/wp-json\/wp\/v2\/posts"}],"about":[{"href":"https:\/\/www.revistarambla.com\/en\/wp-json\/wp\/v2\/types\/post"}],"author":[{"embeddable":true,"href":"https:\/\/www.revistarambla.com\/en\/wp-json\/wp\/v2\/users\/64"}],"replies":[{"embeddable":true,"href":"https:\/\/www.revistarambla.com\/en\/wp-json\/wp\/v2\/comments?post=14974"}],"version-history":[{"count":0,"href":"https:\/\/www.revistarambla.com\/en\/wp-json\/wp\/v2\/posts\/14974\/revisions"}],"wp:featuredmedia":[{"embeddable":true,"href":"https:\/\/www.revistarambla.com\/en\/wp-json\/wp\/v2\/media\/14975"}],"wp:attachment":[{"href":"https:\/\/www.revistarambla.com\/en\/wp-json\/wp\/v2\/media?parent=14974"}],"wp:term":[{"taxonomy":"category","embeddable":true,"href":"https:\/\/www.revistarambla.com\/en\/wp-json\/wp\/v2\/categories?post=14974"},{"taxonomy":"post_tag","embeddable":true,"href":"https:\/\/www.revistarambla.com\/en\/wp-json\/wp\/v2\/tags?post=14974"}],"curies":[{"name":"wp","href":"https:\/\/api.w.org\/{rel}","templated":true}]}}