{"id":14937,"date":"2018-02-23T10:42:14","date_gmt":"2018-02-23T09:42:14","guid":{"rendered":"https:\/\/www.revistarambla.com\/?p=14937"},"modified":"2021-02-03T03:58:49","modified_gmt":"2021-02-03T02:58:49","slug":"la-reforma-horaria-sigue-sin-ver-la-luz","status":"publish","type":"post","link":"https:\/\/www.revistarambla.com\/en\/la-reforma-horaria-sigue-sin-ver-la-luz\/","title":{"rendered":"La reforma horaria sigue sin ver la luz"},"content":{"rendered":"<p style=\"text-align: left;\">La desorganizaci\u00f3n horaria en Catalunya es el resultado de la superposici\u00f3n de los viejos horarios fabriles agravados por las transformaciones sufridas por el crecimiento econ\u00f3mico durante el franquismo y el impacto de las demandas propias de los a\u00f1os de crecimiento desordenado especialmente del sector de los servicios y tambi\u00e9n, ocasionalmente, de la cultura del presencialismo al trabajo o bien por la necesidad de realizar largas jornadas laborales para alcanzar salarios adecuados al coste real de la vida. La reforma horaria sigue sin ver la luz.<\/p>\n<p>Dicha situaci\u00f3n comporta serios obst\u00e1culos para la competitividad y la producci\u00f3n empresarial. Conlleva un aumento de riesgos psicosociales de las personas trabajadoras, la persistencia de la divisi\u00f3n sexual del trabajo con el mantenimiento de la desigualdad de g\u00e9nero, los problemas de salud derivados de la falta de sue\u00f1o en adultos y ni\u00f1os, el bajo rendimiento escolar, la falta de tiempo personal y personal para el ocio y la cultura, el activismo social, y en una disminuci\u00f3n del bienestar de la sociedad en general.<\/p>\n<p>A lo largo de los \u00faltimos a\u00f1os, se ha profundizado en la investigaci\u00f3n, y los estudios de los cuales se disponen demuestran que se hace todo lo necesario y urgente para deshacer la r\u00e9mora que representa la desorganizaci\u00f3n horaria actual, incapaz de solucionar la complejidad del momento presente.<\/p>\n<p><a href=\"https:\/\/www.revistarambla.com\/wp-content\/uploads\/2018\/02\/20150720_horari.jpg\"><img decoding=\"async\" class=\"alignright wp-image-14938 size-medium\" src=\"https:\/\/www.revistarambla.com\/wp-content\/uploads\/2018\/02\/20150720_horari-300x200.jpg\" alt=\"La reforma horaria sigue sin ver la luz\" width=\"300\" height=\"200\" srcset=\"https:\/\/www.revistarambla.com\/wp-content\/uploads\/2018\/02\/20150720_horari-300x200.jpg 300w, https:\/\/www.revistarambla.com\/wp-content\/uploads\/2018\/02\/20150720_horari-500x333.jpg 500w, https:\/\/www.revistarambla.com\/wp-content\/uploads\/2018\/02\/20150720_horari-650x433.jpg 650w, https:\/\/www.revistarambla.com\/wp-content\/uploads\/2018\/02\/20150720_horari-458x305.jpg 458w, https:\/\/www.revistarambla.com\/wp-content\/uploads\/2018\/02\/20150720_horari.jpg 750w, https:\/\/www.revistarambla.com\/wp-content\/uploads\/2018\/02\/20150720_horari-600x400.jpg 600w\" sizes=\"(max-width: 300px) 100vw, 300px\" \/><\/a><\/p>\n<p>Pr\u00e1cticamente en toda Europa, el horario laboral es de 8-9 horas a 17-18 horas, con una pausa de m\u00e1ximo una hora para almorzar a la mitad de la jornada. En Espa\u00f1a, y, por tanto, en Catalu\u00f1a, el \u00e1mbito escolar llega a tres horas, y provoca que la jornada laboral se alargue hasta las 19-20 horas de la noche, incluso superando la franja.<\/p>\n<p>La jornada poco compactada provoca cenar a partir de las 21 horas en el mejor de los casos, pone dificultades de tiempo para tener cura de los ni\u00f1os y gente mayor, debilita la participaci\u00f3n c\u00edvica y comunitaria, imposibilita el consumo y goce de la cultura, y, por descontado, provoca una bajada de la eficiencia de las organizaciones. El prime time televisivo est\u00e1 instalado en horarios que disminuyen las horas de sue\u00f1o. Hay un solapamiento entre el tiempo personal y el tiempo de descanso. Adem\u00e1s, esta organizaci\u00f3n del tiempo de vida cotidiana no tiene el origen en el clima, un mito que desmonta a solas comprobando que Portugal, Marruecos, Italia o Grecia tienen puesta la hora de la cena entre las 19 y 21 horas.<\/p>\n<p>Por otro lado, en Europa hace algunas d\u00e9cadas que empez\u00f3 la sustituci\u00f3n de los horarios nacidos con la era Industrial por otros adaptados y flexibles a las necesidades de igualdad, productividad y participaci\u00f3n de la ciudadan\u00eda. Varios estudios de la Fundaci\u00f3n Europea para la Mejora de las Condiciones de Vida y Trabajo, Eurofund, con datos de Eurostat, muestran que est\u00e1n avanzando en el buen camino, a pesar de que hay diferencias entre estados seg\u00fan los modelos adoptados.<\/p>\n<p>En nuestro pa\u00eds, el debate apenas se inicia hace unos a\u00f1os, y ahora parece que se toma consciencia de manera m\u00e1s amplia en un contexto de crisis en que hay de encontrar f\u00f3rmulas de optimizaci\u00f3n de los recursos escasos, pero, sobre todo, en que hay que proponer estilos de vida no determinados exclusivamente por una compulsi\u00f3n productivista y consumista.<\/p>\n<p>El orden horario tendr\u00eda que ser la norma, y la flexibilidad individualizada la excepci\u00f3n en todos los \u00e1mbitos. Establecer un horario racional generalizado ha de ser la norma a aplicar en todos los \u00e1mbitos sociales y econ\u00f3micos, p\u00fablicos y privados, sin perjuicio que se reconozcan, despu\u00e9s, determinadas situaciones de flexibilizaci\u00f3n horaria, y, por lo tanto, excepciones a las normas generales para atender determinadas situaciones personales o de determinados colectivos.<\/p>\n<p>En este contexto es donde se ha puesto en marcha la iniciativa para la reforma horaria \u201cAra \u00e9s l\u2019hora\u201d reconocida por la Generalitat de Catalunya como plataforma interlocutora en esta cuesti\u00f3n. El objetivo fundamental de la campa\u00f1a es impulsar unos horarios beneficiosos para las instituciones, las empresas y la ciudadan\u00eda. Hace falta, en definitiva, pasar de unos horarios propios de la era industrial a unos que se adapten a las necesidades de la nueva sociedad del conocimiento y del consumo, con m\u00e1s complejidad social y aumento progresivo de las desigualdades.<\/p>\n<p>Fruto de las demandas, hay que solicitar a las administraciones que apoyen medidas que hagan posible hacer la transici\u00f3n hacia la reforma horaria formulada en un momento concreto en el tiempo. En la forma en que est\u00e1 organizada nuestra sociedad, el tiempo acontece un factor sist\u00e9mico dentro del modelo social. Hay que buscar medidas legislativas, de promoci\u00f3n y sensibilizaci\u00f3n que aborden el cambio a tres niveles: a nivel \u201cmacro\u201d, de la sociedad, a nivel \u201cmeso\u201d, de las organizaciones, empresas e instituciones que la componen, y a nivel \u201cmicro\u201d, de las personas.<\/p>\n<p>Superado el debate de la convivencia, el objetivo de estos trabajos es debatir la viabilidad para transitar hacia el regreso de Catalu\u00f1a a los horarios anteriores al franquismo, adaptados a la nueva realidad social, econ\u00f3mica y cultural. Los agentes que pueden hacer posible esta reforma se sit\u00faan principalmente en la acci\u00f3n sobre los horarios laborales, pero tambi\u00e9n en los escolares, los comerciales, los culturales, los deportivos, los televisivos y los asociativos, as\u00ed como en las infraestructuras p\u00fablicas y privadas que se lo puedan permitir.<\/p>","protected":false},"excerpt":{"rendered":"<p>La desorganizaci\u00f3n horaria en Catalunya es el resultado de la superposici\u00f3n de los viejos horarios fabriles agravados por las transformaciones sufridas por el crecimiento econ\u00f3mico durante el franquismo y el impacto de las demandas propias de los a\u00f1os de crecimiento desordenado especialmente del sector de los servicios y tambi\u00e9n, ocasionalmente, [&hellip;]<\/p>\n","protected":false},"author":15,"featured_media":14939,"comment_status":"open","ping_status":"open","sticky":false,"template":"","format":"standard","meta":{"footnotes":""},"categories":[3,58],"tags":[],"class_list":["post-14937","post","type-post","status-publish","format-standard","has-post-thumbnail","hentry","category-actualidad","category-estado-espanol"],"yoast_head":"<!-- This site is optimized with the Yoast SEO plugin v27.5 - https:\/\/yoast.com\/product\/yoast-seo-wordpress\/ -->\n<title>La reforma horaria sigue sin ver la luz - Revista Rambla<\/title>\n<meta name=\"description\" content=\"La reforma horaria sigue sin ver la luz. Pr\u00e1cticamente en toda Europa, el horario laboral es de 8-9 horas a 17-18 horas, con una pausa de m\u00e1ximo una hora...\" \/>\n<meta name=\"robots\" content=\"index, follow, max-snippet:-1, max-image-preview:large, max-video-preview:-1\" \/>\n<link rel=\"canonical\" href=\"https:\/\/www.revistarambla.com\/en\/la-reforma-horaria-sigue-sin-ver-la-luz\/\" \/>\n<meta property=\"og:locale\" content=\"en_GB\" \/>\n<meta property=\"og:type\" content=\"article\" \/>\n<meta property=\"og:title\" content=\"La reforma horaria sigue sin ver la luz - Revista Rambla\" \/>\n<meta property=\"og:description\" content=\"La reforma horaria sigue sin ver la luz. Pr\u00e1cticamente en toda Europa, el horario laboral es de 8-9 horas a 17-18 horas, con una pausa de m\u00e1ximo una hora...\" \/>\n<meta property=\"og:url\" content=\"https:\/\/www.revistarambla.com\/en\/la-reforma-horaria-sigue-sin-ver-la-luz\/\" \/>\n<meta property=\"og:site_name\" content=\"Revista Rambla\" \/>\n<meta property=\"article:publisher\" content=\"https:\/\/www.facebook.com\/revistarambla\/\" \/>\n<meta property=\"article:published_time\" content=\"2018-02-23T09:42:14+00:00\" \/>\n<meta property=\"article:modified_time\" content=\"2021-02-03T02:58:49+00:00\" \/>\n<meta property=\"og:image\" content=\"https:\/\/i2.wp.com\/www.revistarambla.com\/wp-content\/uploads\/2018\/02\/1438596059763.jpg?fit=670%2C378&ssl=1\" \/>\n\t<meta property=\"og:image:width\" content=\"670\" \/>\n\t<meta property=\"og:image:height\" content=\"378\" \/>\n\t<meta property=\"og:image:type\" content=\"image\/jpeg\" \/>\n<meta name=\"author\" content=\"David Prats\" \/>\n<meta name=\"twitter:card\" content=\"summary_large_image\" \/>\n<meta name=\"twitter:creator\" content=\"@revistarambla\" \/>\n<meta name=\"twitter:site\" content=\"@revistarambla\" \/>\n<meta name=\"twitter:label1\" content=\"Written by\" \/>\n\t<meta name=\"twitter:data1\" content=\"David Prats\" \/>\n\t<meta name=\"twitter:label2\" content=\"Estimated reading time\" \/>\n\t<meta name=\"twitter:data2\" content=\"5 minutes\" \/>\n<script type=\"application\/ld+json\" class=\"yoast-schema-graph\">{\"@context\":\"https:\\\/\\\/schema.org\",\"@graph\":[{\"@type\":\"Article\",\"@id\":\"https:\\\/\\\/www.revistarambla.com\\\/la-reforma-horaria-sigue-sin-ver-la-luz\\\/#article\",\"isPartOf\":{\"@id\":\"https:\\\/\\\/www.revistarambla.com\\\/la-reforma-horaria-sigue-sin-ver-la-luz\\\/\"},\"author\":{\"name\":\"David Prats\",\"@id\":\"https:\\\/\\\/www.revistarambla.com\\\/#\\\/schema\\\/person\\\/2b19179a8ace334b829ad72cc6e6ce97\"},\"headline\":\"La reforma horaria sigue sin ver la luz\",\"datePublished\":\"2018-02-23T09:42:14+00:00\",\"dateModified\":\"2021-02-03T02:58:49+00:00\",\"mainEntityOfPage\":{\"@id\":\"https:\\\/\\\/www.revistarambla.com\\\/la-reforma-horaria-sigue-sin-ver-la-luz\\\/\"},\"wordCount\":938,\"commentCount\":0,\"publisher\":{\"@id\":\"https:\\\/\\\/www.revistarambla.com\\\/#organization\"},\"image\":{\"@id\":\"https:\\\/\\\/www.revistarambla.com\\\/la-reforma-horaria-sigue-sin-ver-la-luz\\\/#primaryimage\"},\"thumbnailUrl\":\"https:\\\/\\\/www.revistarambla.com\\\/wp-content\\\/uploads\\\/2018\\\/02\\\/1438596059763.jpg\",\"articleSection\":[\"Actualidad\",\"Estado Espa\u00f1ol\"],\"inLanguage\":\"en-GB\",\"potentialAction\":[{\"@type\":\"CommentAction\",\"name\":\"Comment\",\"target\":[\"https:\\\/\\\/www.revistarambla.com\\\/la-reforma-horaria-sigue-sin-ver-la-luz\\\/#respond\"]}]},{\"@type\":\"WebPage\",\"@id\":\"https:\\\/\\\/www.revistarambla.com\\\/la-reforma-horaria-sigue-sin-ver-la-luz\\\/\",\"url\":\"https:\\\/\\\/www.revistarambla.com\\\/la-reforma-horaria-sigue-sin-ver-la-luz\\\/\",\"name\":\"La reforma horaria sigue sin ver la luz - Revista Rambla\",\"isPartOf\":{\"@id\":\"https:\\\/\\\/www.revistarambla.com\\\/#website\"},\"primaryImageOfPage\":{\"@id\":\"https:\\\/\\\/www.revistarambla.com\\\/la-reforma-horaria-sigue-sin-ver-la-luz\\\/#primaryimage\"},\"image\":{\"@id\":\"https:\\\/\\\/www.revistarambla.com\\\/la-reforma-horaria-sigue-sin-ver-la-luz\\\/#primaryimage\"},\"thumbnailUrl\":\"https:\\\/\\\/www.revistarambla.com\\\/wp-content\\\/uploads\\\/2018\\\/02\\\/1438596059763.jpg\",\"datePublished\":\"2018-02-23T09:42:14+00:00\",\"dateModified\":\"2021-02-03T02:58:49+00:00\",\"description\":\"La reforma horaria sigue sin ver la luz. Pr\u00e1cticamente en toda Europa, el horario laboral es de 8-9 horas a 17-18 horas, con una pausa de m\u00e1ximo una hora...\",\"breadcrumb\":{\"@id\":\"https:\\\/\\\/www.revistarambla.com\\\/la-reforma-horaria-sigue-sin-ver-la-luz\\\/#breadcrumb\"},\"inLanguage\":\"en-GB\",\"potentialAction\":[{\"@type\":\"ReadAction\",\"target\":[\"https:\\\/\\\/www.revistarambla.com\\\/la-reforma-horaria-sigue-sin-ver-la-luz\\\/\"]}]},{\"@type\":\"ImageObject\",\"inLanguage\":\"en-GB\",\"@id\":\"https:\\\/\\\/www.revistarambla.com\\\/la-reforma-horaria-sigue-sin-ver-la-luz\\\/#primaryimage\",\"url\":\"https:\\\/\\\/www.revistarambla.com\\\/wp-content\\\/uploads\\\/2018\\\/02\\\/1438596059763.jpg\",\"contentUrl\":\"https:\\\/\\\/www.revistarambla.com\\\/wp-content\\\/uploads\\\/2018\\\/02\\\/1438596059763.jpg\",\"width\":670,\"height\":378},{\"@type\":\"BreadcrumbList\",\"@id\":\"https:\\\/\\\/www.revistarambla.com\\\/la-reforma-horaria-sigue-sin-ver-la-luz\\\/#breadcrumb\",\"itemListElement\":[{\"@type\":\"ListItem\",\"position\":1,\"name\":\"Portada\",\"item\":\"https:\\\/\\\/www.revistarambla.com\\\/\"},{\"@type\":\"ListItem\",\"position\":2,\"name\":\"La reforma horaria sigue sin ver la luz\"}]},{\"@type\":\"WebSite\",\"@id\":\"https:\\\/\\\/www.revistarambla.com\\\/#website\",\"url\":\"https:\\\/\\\/www.revistarambla.com\\\/\",\"name\":\"Revista Rambla Barcelona\",\"description\":\"Periodismo independiente\",\"publisher\":{\"@id\":\"https:\\\/\\\/www.revistarambla.com\\\/#organization\"},\"potentialAction\":[{\"@type\":\"SearchAction\",\"target\":{\"@type\":\"EntryPoint\",\"urlTemplate\":\"https:\\\/\\\/www.revistarambla.com\\\/?s={search_term_string}\"},\"query-input\":{\"@type\":\"PropertyValueSpecification\",\"valueRequired\":true,\"valueName\":\"search_term_string\"}}],\"inLanguage\":\"en-GB\"},{\"@type\":\"Organization\",\"@id\":\"https:\\\/\\\/www.revistarambla.com\\\/#organization\",\"name\":\"Revista Rambla\",\"url\":\"https:\\\/\\\/www.revistarambla.com\\\/\",\"logo\":{\"@type\":\"ImageObject\",\"inLanguage\":\"en-GB\",\"@id\":\"https:\\\/\\\/www.revistarambla.com\\\/#\\\/schema\\\/logo\\\/image\\\/\",\"url\":\"https:\\\/\\\/www.revistarambla.com\\\/wp-content\\\/uploads\\\/2020\\\/09\\\/banner_rambla_1900x600_BB.png\",\"contentUrl\":\"https:\\\/\\\/www.revistarambla.com\\\/wp-content\\\/uploads\\\/2020\\\/09\\\/banner_rambla_1900x600_BB.png\",\"width\":1900,\"height\":600,\"caption\":\"Revista Rambla\"},\"image\":{\"@id\":\"https:\\\/\\\/www.revistarambla.com\\\/#\\\/schema\\\/logo\\\/image\\\/\"},\"sameAs\":[\"https:\\\/\\\/www.facebook.com\\\/revistarambla\\\/\",\"https:\\\/\\\/x.com\\\/revistarambla\",\"https:\\\/\\\/www.instagram.com\\\/revista_rambla\",\"https:\\\/\\\/es.linkedin.com\\\/company\\\/revista-rambla\"]},{\"@type\":\"Person\",\"@id\":\"https:\\\/\\\/www.revistarambla.com\\\/#\\\/schema\\\/person\\\/2b19179a8ace334b829ad72cc6e6ce97\",\"name\":\"David Prats\"}]}<\/script>\n<!-- \/ Yoast SEO plugin. -->","yoast_head_json":{"title":"La reforma horaria sigue sin ver la luz - Revista Rambla","description":"La reforma horaria sigue sin ver la luz. Pr\u00e1cticamente en toda Europa, el horario laboral es de 8-9 horas a 17-18 horas, con una pausa de m\u00e1ximo una hora...","robots":{"index":"index","follow":"follow","max-snippet":"max-snippet:-1","max-image-preview":"max-image-preview:large","max-video-preview":"max-video-preview:-1"},"canonical":"https:\/\/www.revistarambla.com\/en\/la-reforma-horaria-sigue-sin-ver-la-luz\/","og_locale":"en_GB","og_type":"article","og_title":"La reforma horaria sigue sin ver la luz - Revista Rambla","og_description":"La reforma horaria sigue sin ver la luz. Pr\u00e1cticamente en toda Europa, el horario laboral es de 8-9 horas a 17-18 horas, con una pausa de m\u00e1ximo una hora...","og_url":"https:\/\/www.revistarambla.com\/en\/la-reforma-horaria-sigue-sin-ver-la-luz\/","og_site_name":"Revista Rambla","article_publisher":"https:\/\/www.facebook.com\/revistarambla\/","article_published_time":"2018-02-23T09:42:14+00:00","article_modified_time":"2021-02-03T02:58:49+00:00","og_image":[{"width":670,"height":378,"url":"https:\/\/i2.wp.com\/www.revistarambla.com\/wp-content\/uploads\/2018\/02\/1438596059763.jpg?fit=670%2C378&ssl=1","type":"image\/jpeg"}],"author":"David Prats","twitter_card":"summary_large_image","twitter_creator":"@revistarambla","twitter_site":"@revistarambla","twitter_misc":{"Written by":"David Prats","Estimated reading time":"5 minutes"},"schema":{"@context":"https:\/\/schema.org","@graph":[{"@type":"Article","@id":"https:\/\/www.revistarambla.com\/la-reforma-horaria-sigue-sin-ver-la-luz\/#article","isPartOf":{"@id":"https:\/\/www.revistarambla.com\/la-reforma-horaria-sigue-sin-ver-la-luz\/"},"author":{"name":"David Prats","@id":"https:\/\/www.revistarambla.com\/#\/schema\/person\/2b19179a8ace334b829ad72cc6e6ce97"},"headline":"La reforma horaria sigue sin ver la luz","datePublished":"2018-02-23T09:42:14+00:00","dateModified":"2021-02-03T02:58:49+00:00","mainEntityOfPage":{"@id":"https:\/\/www.revistarambla.com\/la-reforma-horaria-sigue-sin-ver-la-luz\/"},"wordCount":938,"commentCount":0,"publisher":{"@id":"https:\/\/www.revistarambla.com\/#organization"},"image":{"@id":"https:\/\/www.revistarambla.com\/la-reforma-horaria-sigue-sin-ver-la-luz\/#primaryimage"},"thumbnailUrl":"https:\/\/www.revistarambla.com\/wp-content\/uploads\/2018\/02\/1438596059763.jpg","articleSection":["Actualidad","Estado Espa\u00f1ol"],"inLanguage":"en-GB","potentialAction":[{"@type":"CommentAction","name":"Comment","target":["https:\/\/www.revistarambla.com\/la-reforma-horaria-sigue-sin-ver-la-luz\/#respond"]}]},{"@type":"WebPage","@id":"https:\/\/www.revistarambla.com\/la-reforma-horaria-sigue-sin-ver-la-luz\/","url":"https:\/\/www.revistarambla.com\/la-reforma-horaria-sigue-sin-ver-la-luz\/","name":"La reforma horaria sigue sin ver la luz - Revista Rambla","isPartOf":{"@id":"https:\/\/www.revistarambla.com\/#website"},"primaryImageOfPage":{"@id":"https:\/\/www.revistarambla.com\/la-reforma-horaria-sigue-sin-ver-la-luz\/#primaryimage"},"image":{"@id":"https:\/\/www.revistarambla.com\/la-reforma-horaria-sigue-sin-ver-la-luz\/#primaryimage"},"thumbnailUrl":"https:\/\/www.revistarambla.com\/wp-content\/uploads\/2018\/02\/1438596059763.jpg","datePublished":"2018-02-23T09:42:14+00:00","dateModified":"2021-02-03T02:58:49+00:00","description":"La reforma horaria sigue sin ver la luz. Pr\u00e1cticamente en toda Europa, el horario laboral es de 8-9 horas a 17-18 horas, con una pausa de m\u00e1ximo una hora...","breadcrumb":{"@id":"https:\/\/www.revistarambla.com\/la-reforma-horaria-sigue-sin-ver-la-luz\/#breadcrumb"},"inLanguage":"en-GB","potentialAction":[{"@type":"ReadAction","target":["https:\/\/www.revistarambla.com\/la-reforma-horaria-sigue-sin-ver-la-luz\/"]}]},{"@type":"ImageObject","inLanguage":"en-GB","@id":"https:\/\/www.revistarambla.com\/la-reforma-horaria-sigue-sin-ver-la-luz\/#primaryimage","url":"https:\/\/www.revistarambla.com\/wp-content\/uploads\/2018\/02\/1438596059763.jpg","contentUrl":"https:\/\/www.revistarambla.com\/wp-content\/uploads\/2018\/02\/1438596059763.jpg","width":670,"height":378},{"@type":"BreadcrumbList","@id":"https:\/\/www.revistarambla.com\/la-reforma-horaria-sigue-sin-ver-la-luz\/#breadcrumb","itemListElement":[{"@type":"ListItem","position":1,"name":"Portada","item":"https:\/\/www.revistarambla.com\/"},{"@type":"ListItem","position":2,"name":"La reforma horaria sigue sin ver la luz"}]},{"@type":"WebSite","@id":"https:\/\/www.revistarambla.com\/#website","url":"https:\/\/www.revistarambla.com\/","name":"Revista Rambla Barcelona","description":"Periodismo independiente","publisher":{"@id":"https:\/\/www.revistarambla.com\/#organization"},"potentialAction":[{"@type":"SearchAction","target":{"@type":"EntryPoint","urlTemplate":"https:\/\/www.revistarambla.com\/?s={search_term_string}"},"query-input":{"@type":"PropertyValueSpecification","valueRequired":true,"valueName":"search_term_string"}}],"inLanguage":"en-GB"},{"@type":"Organization","@id":"https:\/\/www.revistarambla.com\/#organization","name":"Revista Rambla","url":"https:\/\/www.revistarambla.com\/","logo":{"@type":"ImageObject","inLanguage":"en-GB","@id":"https:\/\/www.revistarambla.com\/#\/schema\/logo\/image\/","url":"https:\/\/www.revistarambla.com\/wp-content\/uploads\/2020\/09\/banner_rambla_1900x600_BB.png","contentUrl":"https:\/\/www.revistarambla.com\/wp-content\/uploads\/2020\/09\/banner_rambla_1900x600_BB.png","width":1900,"height":600,"caption":"Revista Rambla"},"image":{"@id":"https:\/\/www.revistarambla.com\/#\/schema\/logo\/image\/"},"sameAs":["https:\/\/www.facebook.com\/revistarambla\/","https:\/\/x.com\/revistarambla","https:\/\/www.instagram.com\/revista_rambla","https:\/\/es.linkedin.com\/company\/revista-rambla"]},{"@type":"Person","@id":"https:\/\/www.revistarambla.com\/#\/schema\/person\/2b19179a8ace334b829ad72cc6e6ce97","name":"David Prats"}]}},"_links":{"self":[{"href":"https:\/\/www.revistarambla.com\/en\/wp-json\/wp\/v2\/posts\/14937","targetHints":{"allow":["GET"]}}],"collection":[{"href":"https:\/\/www.revistarambla.com\/en\/wp-json\/wp\/v2\/posts"}],"about":[{"href":"https:\/\/www.revistarambla.com\/en\/wp-json\/wp\/v2\/types\/post"}],"author":[{"embeddable":true,"href":"https:\/\/www.revistarambla.com\/en\/wp-json\/wp\/v2\/users\/15"}],"replies":[{"embeddable":true,"href":"https:\/\/www.revistarambla.com\/en\/wp-json\/wp\/v2\/comments?post=14937"}],"version-history":[{"count":0,"href":"https:\/\/www.revistarambla.com\/en\/wp-json\/wp\/v2\/posts\/14937\/revisions"}],"wp:featuredmedia":[{"embeddable":true,"href":"https:\/\/www.revistarambla.com\/en\/wp-json\/wp\/v2\/media\/14939"}],"wp:attachment":[{"href":"https:\/\/www.revistarambla.com\/en\/wp-json\/wp\/v2\/media?parent=14937"}],"wp:term":[{"taxonomy":"category","embeddable":true,"href":"https:\/\/www.revistarambla.com\/en\/wp-json\/wp\/v2\/categories?post=14937"},{"taxonomy":"post_tag","embeddable":true,"href":"https:\/\/www.revistarambla.com\/en\/wp-json\/wp\/v2\/tags?post=14937"}],"curies":[{"name":"wp","href":"https:\/\/api.w.org\/{rel}","templated":true}]}}