{"id":14919,"date":"2018-02-21T16:55:18","date_gmt":"2018-02-21T15:55:18","guid":{"rendered":"https:\/\/www.revistarambla.com\/?p=14919"},"modified":"2021-12-08T21:12:10","modified_gmt":"2021-12-08T20:12:10","slug":"las-asociaciones-defensoras-los-derechos-los-sordos-exigen-al-govern-una-solucion-ante-la-carencia-interpretes","status":"publish","type":"post","link":"https:\/\/www.revistarambla.com\/en\/las-asociaciones-defensoras-los-derechos-los-sordos-exigen-al-govern-una-solucion-ante-la-carencia-interpretes\/","title":{"rendered":"Las asociaciones defensoras de los derechos de los sordos exigen al Govern una soluci\u00f3n ante la carencia de int\u00e9rpretes"},"content":{"rendered":"<p>Algunas de estas entidades por los derechos de los sordos piden que la LSC (Lengua de Signos Catalana) se transforme en una lengua oficial. Es la tercera lengua hablada en Catalu\u00f1a.<\/p>\n<p><a href=\"https:\/\/www.revistarambla.com\/wp-content\/uploads\/2018\/02\/R@MBLA-SORDOS-02-1.jpg\"><img decoding=\"async\" class=\"aligncenter wp-image-14925 size-full\" src=\"https:\/\/www.revistarambla.com\/wp-content\/uploads\/2018\/02\/R@MBLA-SORDOS-02-1.jpg\" alt=\"derechos de los sordos\" width=\"800\" height=\"575\" srcset=\"https:\/\/www.revistarambla.com\/wp-content\/uploads\/2018\/02\/R@MBLA-SORDOS-02-1.jpg 800w, https:\/\/www.revistarambla.com\/wp-content\/uploads\/2018\/02\/R@MBLA-SORDOS-02-1-300x216.jpg 300w, https:\/\/www.revistarambla.com\/wp-content\/uploads\/2018\/02\/R@MBLA-SORDOS-02-1-768x552.jpg 768w, https:\/\/www.revistarambla.com\/wp-content\/uploads\/2018\/02\/R@MBLA-SORDOS-02-1-500x359.jpg 500w, https:\/\/www.revistarambla.com\/wp-content\/uploads\/2018\/02\/R@MBLA-SORDOS-02-1-787x566.jpg 787w, https:\/\/www.revistarambla.com\/wp-content\/uploads\/2018\/02\/R@MBLA-SORDOS-02-1-602x433.jpg 602w, https:\/\/www.revistarambla.com\/wp-content\/uploads\/2018\/02\/R@MBLA-SORDOS-02-1-424x305.jpg 424w, https:\/\/www.revistarambla.com\/wp-content\/uploads\/2018\/02\/R@MBLA-SORDOS-02-1-600x431.jpg 600w\" sizes=\"(max-width: 800px) 100vw, 800px\" \/><\/a><\/p>\n<p>La Federaci\u00f3n de personas Sordas de Catalunya (Fesoca), la Asociaci\u00f3n de padres de ni\u00f1os sordos de Catalunya (Apansce) y la Associaci\u00f3 Volem signar i escoltar han aunado sus intereses y han puesto en marcha la entrega de una reclamaci\u00f3n administrativa previa a la v\u00eda contenciosa para exigir a la Generalitat que ponga fin a la indiferencia actual y cumpla con la legislaci\u00f3n que lleva vigente desde el a\u00f1o 2010. Esta legislaci\u00f3n supon\u00eda el reconocimiento de esta lengua como el sistema ling\u00fc\u00edstico propio de las personas sordas y sordo-ciegas de Catalunya.<\/p>\n<p>Cada una de estas asociaciones arrastran dos a\u00f1os con 50 reclamaciones individuales, las cu\u00e1les han pasado desapercibidas y por lo tanto no se ha obtenido respuesta alguna. Esta \u00faltima medida es el \u00faltimo recurso antes de llegar a la v\u00eda judicial. La cuesti\u00f3n cobra relevancia si se tiene en cuenta que, de 2.000 ni\u00f1os sordos, solo 178 tienen educaci\u00f3n biling\u00fce &#8211;con lengua de signos como vehicular\u2014seg\u00fan ha manifestado la abogada del despacho que ha dirigido la reclamaci\u00f3n, Vosseler Abogados, Leire L\u00f3pez.<\/p>\n<p>Entre algunas de las exigencias est\u00e1 un mayor n\u00famero de horas de int\u00e9rpretes para los alumnos que lo requieran, adem\u00e1s de la habilitaci\u00f3n o construcci\u00f3n de tres nuevos centros biling\u00fces en las provincias de Tarragona, Lleida y Girona. En la actualidad solo hay una escuela y un instituto que imparten clases en esta modalidad, donde la lengua vehicular sea la lengua de signos catalana.<\/p>\n<p>Mar\u00edan Gonz\u00e1lez, la portavoz de Volem signar ha puesto de manifiesto que no est\u00e1 garantizada la libertad de elecci\u00f3n como as\u00ed lo contempla la ley. Adem\u00e1s, ha reprochado que la Generalitat haya asegurado que existen 21 centros biling\u00fces, porque \u00e9stos no son de esa naturaleza. Tambi\u00e9n ha criticado que se justifique la falta de horas de int\u00e9rprete como un motivo pedag\u00f3gico y no como un motivo econ\u00f3mico.<\/p>\n<p>Gonz\u00e1lez tambi\u00e9n ha lamentado que los ni\u00f1os y j\u00f3venes tengan que encontrarse con una gran cantidad de obst\u00e1culos a lo largo de su vida escolar, pues hay que tener en cuenta que no existe una atenci\u00f3n temprana con lengua de signos y esto supone echar a perder un tiempo fundamental para el desarrollo del menor.<\/p>\n<p>El presidente de Fesoca ha solicitado que se a\u00f1ada una casilla en la preinscripci\u00f3n para pedir la escolarizaci\u00f3n en lengua de signos catalana. Esta lengua supone una garant\u00eda para la inclusi\u00f3n plena en la sociedad del colectivo de las personas sordas.<\/p>\n<p>La soluci\u00f3n que se propone desde estas asociaciones es que esta lengua sea considerada como lengua oficial, por ser la tercera m\u00e1s hablada en Catalu\u00f1a, tras el catal\u00e1n y el castellano, con 25.000 usuarios. Se sit\u00faa por encima del aran\u00e9s que cuenta con 6.000 hablantes, y \u00e9sta si es oficial.<\/p>\n<p>Han manifestado que estos colectivos viven situaciones de desprotecci\u00f3n en casos de emergencia, poniendo como ejemplo los atentados de la Rambla y Cambrils (Tarragona), donde no se puso a disposici\u00f3n de qui\u00e9n lo necesitara int\u00e9rpretes en las ruedas de prensa oficiales. Cuando se pidi\u00f3 como medida de precauci\u00f3n no salir de casa, \u00e9ste colectivo no pudo recibir el mensaje correctamente.<\/p>","protected":false},"excerpt":{"rendered":"<p>Algunas de estas entidades por los derechos de los sordos piden que la LSC (Lengua de Signos Catalana) se transforme en una lengua oficial. Es la tercera lengua hablada en Catalu\u00f1a. La Federaci\u00f3n de personas Sordas de Catalunya (Fesoca), la Asociaci\u00f3n de padres de ni\u00f1os sordos de Catalunya (Apansce) y [&hellip;]<\/p>\n","protected":false},"author":42,"featured_media":14920,"comment_status":"open","ping_status":"open","sticky":false,"template":"","format":"standard","meta":{"footnotes":""},"categories":[3,59],"tags":[],"class_list":["post-14919","post","type-post","status-publish","format-standard","has-post-thumbnail","hentry","category-actualidad","category-catalunya"],"yoast_head":"<!-- This site is optimized with the Yoast SEO plugin v27.5 - https:\/\/yoast.com\/product\/yoast-seo-wordpress\/ -->\n<title>Asociaciones defensoras de los derechos de los sordos - Revista Rambla<\/title>\n<meta name=\"description\" content=\"Algunas de estas entidades por los derechos de los sordos piden que la LSC (Lengua de Signos Catalana) se transforme en una lengua oficial. Es la tercera...\" \/>\n<meta name=\"robots\" content=\"index, follow, max-snippet:-1, max-image-preview:large, max-video-preview:-1\" \/>\n<link rel=\"canonical\" href=\"https:\/\/www.revistarambla.com\/en\/las-asociaciones-defensoras-los-derechos-los-sordos-exigen-al-govern-una-solucion-ante-la-carencia-interpretes\/\" \/>\n<meta property=\"og:locale\" content=\"en_GB\" \/>\n<meta property=\"og:type\" content=\"article\" \/>\n<meta property=\"og:title\" content=\"Asociaciones defensoras de los derechos de los sordos - Revista Rambla\" \/>\n<meta property=\"og:description\" content=\"Algunas de estas entidades por los derechos de los sordos piden que la LSC (Lengua de Signos Catalana) se transforme en una lengua oficial. Es la tercera...\" \/>\n<meta property=\"og:url\" content=\"https:\/\/www.revistarambla.com\/en\/las-asociaciones-defensoras-los-derechos-los-sordos-exigen-al-govern-una-solucion-ante-la-carencia-interpretes\/\" \/>\n<meta property=\"og:site_name\" content=\"Revista Rambla\" \/>\n<meta property=\"article:publisher\" content=\"https:\/\/www.facebook.com\/revistarambla\/\" \/>\n<meta property=\"article:author\" content=\"https:\/\/www.facebook.com\/mamen.m.lopez\" \/>\n<meta property=\"article:published_time\" content=\"2018-02-21T15:55:18+00:00\" \/>\n<meta property=\"article:modified_time\" content=\"2021-12-08T20:12:10+00:00\" \/>\n<meta property=\"og:image\" content=\"https:\/\/www.revistarambla.com\/wp-content\/uploads\/2018\/02\/R@MBLA-SORDOS-01.jpg\" \/>\n\t<meta property=\"og:image:width\" content=\"800\" \/>\n\t<meta property=\"og:image:height\" content=\"456\" \/>\n\t<meta property=\"og:image:type\" content=\"image\/jpeg\" \/>\n<meta name=\"author\" content=\"Mari Carmen Morcillo L\u00f3pez\" \/>\n<meta name=\"twitter:card\" content=\"summary_large_image\" \/>\n<meta name=\"twitter:creator\" content=\"@revistarambla\" \/>\n<meta name=\"twitter:site\" content=\"@revistarambla\" \/>\n<meta name=\"twitter:label1\" content=\"Written by\" \/>\n\t<meta name=\"twitter:data1\" content=\"Mari Carmen Morcillo L\u00f3pez\" \/>\n\t<meta name=\"twitter:label2\" content=\"Estimated reading time\" \/>\n\t<meta name=\"twitter:data2\" content=\"3 minutes\" \/>\n<script type=\"application\/ld+json\" class=\"yoast-schema-graph\">{\"@context\":\"https:\\\/\\\/schema.org\",\"@graph\":[{\"@type\":\"Article\",\"@id\":\"https:\\\/\\\/www.revistarambla.com\\\/las-asociaciones-defensoras-los-derechos-los-sordos-exigen-al-govern-una-solucion-ante-la-carencia-interpretes\\\/#article\",\"isPartOf\":{\"@id\":\"https:\\\/\\\/www.revistarambla.com\\\/las-asociaciones-defensoras-los-derechos-los-sordos-exigen-al-govern-una-solucion-ante-la-carencia-interpretes\\\/\"},\"author\":{\"name\":\"Mari Carmen Morcillo L\u00f3pez\",\"@id\":\"https:\\\/\\\/www.revistarambla.com\\\/#\\\/schema\\\/person\\\/484137421f6838db1b2b233040fa01f0\"},\"headline\":\"Las asociaciones defensoras de los derechos de los sordos exigen al Govern una soluci\u00f3n ante la carencia de int\u00e9rpretes\",\"datePublished\":\"2018-02-21T15:55:18+00:00\",\"dateModified\":\"2021-12-08T20:12:10+00:00\",\"mainEntityOfPage\":{\"@id\":\"https:\\\/\\\/www.revistarambla.com\\\/las-asociaciones-defensoras-los-derechos-los-sordos-exigen-al-govern-una-solucion-ante-la-carencia-interpretes\\\/\"},\"wordCount\":612,\"commentCount\":0,\"publisher\":{\"@id\":\"https:\\\/\\\/www.revistarambla.com\\\/#organization\"},\"image\":{\"@id\":\"https:\\\/\\\/www.revistarambla.com\\\/las-asociaciones-defensoras-los-derechos-los-sordos-exigen-al-govern-una-solucion-ante-la-carencia-interpretes\\\/#primaryimage\"},\"thumbnailUrl\":\"https:\\\/\\\/www.revistarambla.com\\\/wp-content\\\/uploads\\\/2018\\\/02\\\/R@MBLA-SORDOS-01.jpg\",\"articleSection\":[\"Actualidad\",\"Catalunya\"],\"inLanguage\":\"en-GB\",\"potentialAction\":[{\"@type\":\"CommentAction\",\"name\":\"Comment\",\"target\":[\"https:\\\/\\\/www.revistarambla.com\\\/las-asociaciones-defensoras-los-derechos-los-sordos-exigen-al-govern-una-solucion-ante-la-carencia-interpretes\\\/#respond\"]}]},{\"@type\":\"WebPage\",\"@id\":\"https:\\\/\\\/www.revistarambla.com\\\/las-asociaciones-defensoras-los-derechos-los-sordos-exigen-al-govern-una-solucion-ante-la-carencia-interpretes\\\/\",\"url\":\"https:\\\/\\\/www.revistarambla.com\\\/las-asociaciones-defensoras-los-derechos-los-sordos-exigen-al-govern-una-solucion-ante-la-carencia-interpretes\\\/\",\"name\":\"Asociaciones defensoras de los derechos de los sordos - Revista Rambla\",\"isPartOf\":{\"@id\":\"https:\\\/\\\/www.revistarambla.com\\\/#website\"},\"primaryImageOfPage\":{\"@id\":\"https:\\\/\\\/www.revistarambla.com\\\/las-asociaciones-defensoras-los-derechos-los-sordos-exigen-al-govern-una-solucion-ante-la-carencia-interpretes\\\/#primaryimage\"},\"image\":{\"@id\":\"https:\\\/\\\/www.revistarambla.com\\\/las-asociaciones-defensoras-los-derechos-los-sordos-exigen-al-govern-una-solucion-ante-la-carencia-interpretes\\\/#primaryimage\"},\"thumbnailUrl\":\"https:\\\/\\\/www.revistarambla.com\\\/wp-content\\\/uploads\\\/2018\\\/02\\\/R@MBLA-SORDOS-01.jpg\",\"datePublished\":\"2018-02-21T15:55:18+00:00\",\"dateModified\":\"2021-12-08T20:12:10+00:00\",\"description\":\"Algunas de estas entidades por los derechos de los sordos piden que la LSC (Lengua de Signos Catalana) se transforme en una lengua oficial. Es la tercera...\",\"breadcrumb\":{\"@id\":\"https:\\\/\\\/www.revistarambla.com\\\/las-asociaciones-defensoras-los-derechos-los-sordos-exigen-al-govern-una-solucion-ante-la-carencia-interpretes\\\/#breadcrumb\"},\"inLanguage\":\"en-GB\",\"potentialAction\":[{\"@type\":\"ReadAction\",\"target\":[\"https:\\\/\\\/www.revistarambla.com\\\/las-asociaciones-defensoras-los-derechos-los-sordos-exigen-al-govern-una-solucion-ante-la-carencia-interpretes\\\/\"]}]},{\"@type\":\"ImageObject\",\"inLanguage\":\"en-GB\",\"@id\":\"https:\\\/\\\/www.revistarambla.com\\\/las-asociaciones-defensoras-los-derechos-los-sordos-exigen-al-govern-una-solucion-ante-la-carencia-interpretes\\\/#primaryimage\",\"url\":\"https:\\\/\\\/www.revistarambla.com\\\/wp-content\\\/uploads\\\/2018\\\/02\\\/R@MBLA-SORDOS-01.jpg\",\"contentUrl\":\"https:\\\/\\\/www.revistarambla.com\\\/wp-content\\\/uploads\\\/2018\\\/02\\\/R@MBLA-SORDOS-01.jpg\",\"width\":800,\"height\":456},{\"@type\":\"BreadcrumbList\",\"@id\":\"https:\\\/\\\/www.revistarambla.com\\\/las-asociaciones-defensoras-los-derechos-los-sordos-exigen-al-govern-una-solucion-ante-la-carencia-interpretes\\\/#breadcrumb\",\"itemListElement\":[{\"@type\":\"ListItem\",\"position\":1,\"name\":\"Portada\",\"item\":\"https:\\\/\\\/www.revistarambla.com\\\/\"},{\"@type\":\"ListItem\",\"position\":2,\"name\":\"Las asociaciones defensoras de los derechos de los sordos exigen al Govern una soluci\u00f3n ante la carencia de int\u00e9rpretes\"}]},{\"@type\":\"WebSite\",\"@id\":\"https:\\\/\\\/www.revistarambla.com\\\/#website\",\"url\":\"https:\\\/\\\/www.revistarambla.com\\\/\",\"name\":\"Revista Rambla Barcelona\",\"description\":\"Periodismo independiente\",\"publisher\":{\"@id\":\"https:\\\/\\\/www.revistarambla.com\\\/#organization\"},\"potentialAction\":[{\"@type\":\"SearchAction\",\"target\":{\"@type\":\"EntryPoint\",\"urlTemplate\":\"https:\\\/\\\/www.revistarambla.com\\\/?s={search_term_string}\"},\"query-input\":{\"@type\":\"PropertyValueSpecification\",\"valueRequired\":true,\"valueName\":\"search_term_string\"}}],\"inLanguage\":\"en-GB\"},{\"@type\":\"Organization\",\"@id\":\"https:\\\/\\\/www.revistarambla.com\\\/#organization\",\"name\":\"Revista Rambla\",\"url\":\"https:\\\/\\\/www.revistarambla.com\\\/\",\"logo\":{\"@type\":\"ImageObject\",\"inLanguage\":\"en-GB\",\"@id\":\"https:\\\/\\\/www.revistarambla.com\\\/#\\\/schema\\\/logo\\\/image\\\/\",\"url\":\"https:\\\/\\\/www.revistarambla.com\\\/wp-content\\\/uploads\\\/2020\\\/09\\\/banner_rambla_1900x600_BB.png\",\"contentUrl\":\"https:\\\/\\\/www.revistarambla.com\\\/wp-content\\\/uploads\\\/2020\\\/09\\\/banner_rambla_1900x600_BB.png\",\"width\":1900,\"height\":600,\"caption\":\"Revista Rambla\"},\"image\":{\"@id\":\"https:\\\/\\\/www.revistarambla.com\\\/#\\\/schema\\\/logo\\\/image\\\/\"},\"sameAs\":[\"https:\\\/\\\/www.facebook.com\\\/revistarambla\\\/\",\"https:\\\/\\\/x.com\\\/revistarambla\",\"https:\\\/\\\/www.instagram.com\\\/revista_rambla\",\"https:\\\/\\\/es.linkedin.com\\\/company\\\/revista-rambla\"]},{\"@type\":\"Person\",\"@id\":\"https:\\\/\\\/www.revistarambla.com\\\/#\\\/schema\\\/person\\\/484137421f6838db1b2b233040fa01f0\",\"name\":\"Mari Carmen Morcillo L\u00f3pez\",\"description\":\"Periodista.\",\"sameAs\":[\"https:\\\/\\\/www.facebook.com\\\/mamen.m.lopez\"]}]}<\/script>\n<!-- \/ Yoast SEO plugin. -->","yoast_head_json":{"title":"Asociaciones defensoras de los derechos de los sordos - Revista Rambla","description":"Algunas de estas entidades por los derechos de los sordos piden que la LSC (Lengua de Signos Catalana) se transforme en una lengua oficial. Es la tercera...","robots":{"index":"index","follow":"follow","max-snippet":"max-snippet:-1","max-image-preview":"max-image-preview:large","max-video-preview":"max-video-preview:-1"},"canonical":"https:\/\/www.revistarambla.com\/en\/las-asociaciones-defensoras-los-derechos-los-sordos-exigen-al-govern-una-solucion-ante-la-carencia-interpretes\/","og_locale":"en_GB","og_type":"article","og_title":"Asociaciones defensoras de los derechos de los sordos - Revista Rambla","og_description":"Algunas de estas entidades por los derechos de los sordos piden que la LSC (Lengua de Signos Catalana) se transforme en una lengua oficial. Es la tercera...","og_url":"https:\/\/www.revistarambla.com\/en\/las-asociaciones-defensoras-los-derechos-los-sordos-exigen-al-govern-una-solucion-ante-la-carencia-interpretes\/","og_site_name":"Revista Rambla","article_publisher":"https:\/\/www.facebook.com\/revistarambla\/","article_author":"https:\/\/www.facebook.com\/mamen.m.lopez","article_published_time":"2018-02-21T15:55:18+00:00","article_modified_time":"2021-12-08T20:12:10+00:00","og_image":[{"width":800,"height":456,"url":"https:\/\/www.revistarambla.com\/wp-content\/uploads\/2018\/02\/R@MBLA-SORDOS-01.jpg","type":"image\/jpeg"}],"author":"Mari Carmen Morcillo L\u00f3pez","twitter_card":"summary_large_image","twitter_creator":"@revistarambla","twitter_site":"@revistarambla","twitter_misc":{"Written by":"Mari Carmen Morcillo L\u00f3pez","Estimated reading time":"3 minutes"},"schema":{"@context":"https:\/\/schema.org","@graph":[{"@type":"Article","@id":"https:\/\/www.revistarambla.com\/las-asociaciones-defensoras-los-derechos-los-sordos-exigen-al-govern-una-solucion-ante-la-carencia-interpretes\/#article","isPartOf":{"@id":"https:\/\/www.revistarambla.com\/las-asociaciones-defensoras-los-derechos-los-sordos-exigen-al-govern-una-solucion-ante-la-carencia-interpretes\/"},"author":{"name":"Mari Carmen Morcillo L\u00f3pez","@id":"https:\/\/www.revistarambla.com\/#\/schema\/person\/484137421f6838db1b2b233040fa01f0"},"headline":"Las asociaciones defensoras de los derechos de los sordos exigen al Govern una soluci\u00f3n ante la carencia de int\u00e9rpretes","datePublished":"2018-02-21T15:55:18+00:00","dateModified":"2021-12-08T20:12:10+00:00","mainEntityOfPage":{"@id":"https:\/\/www.revistarambla.com\/las-asociaciones-defensoras-los-derechos-los-sordos-exigen-al-govern-una-solucion-ante-la-carencia-interpretes\/"},"wordCount":612,"commentCount":0,"publisher":{"@id":"https:\/\/www.revistarambla.com\/#organization"},"image":{"@id":"https:\/\/www.revistarambla.com\/las-asociaciones-defensoras-los-derechos-los-sordos-exigen-al-govern-una-solucion-ante-la-carencia-interpretes\/#primaryimage"},"thumbnailUrl":"https:\/\/www.revistarambla.com\/wp-content\/uploads\/2018\/02\/R@MBLA-SORDOS-01.jpg","articleSection":["Actualidad","Catalunya"],"inLanguage":"en-GB","potentialAction":[{"@type":"CommentAction","name":"Comment","target":["https:\/\/www.revistarambla.com\/las-asociaciones-defensoras-los-derechos-los-sordos-exigen-al-govern-una-solucion-ante-la-carencia-interpretes\/#respond"]}]},{"@type":"WebPage","@id":"https:\/\/www.revistarambla.com\/las-asociaciones-defensoras-los-derechos-los-sordos-exigen-al-govern-una-solucion-ante-la-carencia-interpretes\/","url":"https:\/\/www.revistarambla.com\/las-asociaciones-defensoras-los-derechos-los-sordos-exigen-al-govern-una-solucion-ante-la-carencia-interpretes\/","name":"Asociaciones defensoras de los derechos de los sordos - Revista Rambla","isPartOf":{"@id":"https:\/\/www.revistarambla.com\/#website"},"primaryImageOfPage":{"@id":"https:\/\/www.revistarambla.com\/las-asociaciones-defensoras-los-derechos-los-sordos-exigen-al-govern-una-solucion-ante-la-carencia-interpretes\/#primaryimage"},"image":{"@id":"https:\/\/www.revistarambla.com\/las-asociaciones-defensoras-los-derechos-los-sordos-exigen-al-govern-una-solucion-ante-la-carencia-interpretes\/#primaryimage"},"thumbnailUrl":"https:\/\/www.revistarambla.com\/wp-content\/uploads\/2018\/02\/R@MBLA-SORDOS-01.jpg","datePublished":"2018-02-21T15:55:18+00:00","dateModified":"2021-12-08T20:12:10+00:00","description":"Algunas de estas entidades por los derechos de los sordos piden que la LSC (Lengua de Signos Catalana) se transforme en una lengua oficial. Es la tercera...","breadcrumb":{"@id":"https:\/\/www.revistarambla.com\/las-asociaciones-defensoras-los-derechos-los-sordos-exigen-al-govern-una-solucion-ante-la-carencia-interpretes\/#breadcrumb"},"inLanguage":"en-GB","potentialAction":[{"@type":"ReadAction","target":["https:\/\/www.revistarambla.com\/las-asociaciones-defensoras-los-derechos-los-sordos-exigen-al-govern-una-solucion-ante-la-carencia-interpretes\/"]}]},{"@type":"ImageObject","inLanguage":"en-GB","@id":"https:\/\/www.revistarambla.com\/las-asociaciones-defensoras-los-derechos-los-sordos-exigen-al-govern-una-solucion-ante-la-carencia-interpretes\/#primaryimage","url":"https:\/\/www.revistarambla.com\/wp-content\/uploads\/2018\/02\/R@MBLA-SORDOS-01.jpg","contentUrl":"https:\/\/www.revistarambla.com\/wp-content\/uploads\/2018\/02\/R@MBLA-SORDOS-01.jpg","width":800,"height":456},{"@type":"BreadcrumbList","@id":"https:\/\/www.revistarambla.com\/las-asociaciones-defensoras-los-derechos-los-sordos-exigen-al-govern-una-solucion-ante-la-carencia-interpretes\/#breadcrumb","itemListElement":[{"@type":"ListItem","position":1,"name":"Portada","item":"https:\/\/www.revistarambla.com\/"},{"@type":"ListItem","position":2,"name":"Las asociaciones defensoras de los derechos de los sordos exigen al Govern una soluci\u00f3n ante la carencia de int\u00e9rpretes"}]},{"@type":"WebSite","@id":"https:\/\/www.revistarambla.com\/#website","url":"https:\/\/www.revistarambla.com\/","name":"Revista Rambla Barcelona","description":"Periodismo independiente","publisher":{"@id":"https:\/\/www.revistarambla.com\/#organization"},"potentialAction":[{"@type":"SearchAction","target":{"@type":"EntryPoint","urlTemplate":"https:\/\/www.revistarambla.com\/?s={search_term_string}"},"query-input":{"@type":"PropertyValueSpecification","valueRequired":true,"valueName":"search_term_string"}}],"inLanguage":"en-GB"},{"@type":"Organization","@id":"https:\/\/www.revistarambla.com\/#organization","name":"Revista Rambla","url":"https:\/\/www.revistarambla.com\/","logo":{"@type":"ImageObject","inLanguage":"en-GB","@id":"https:\/\/www.revistarambla.com\/#\/schema\/logo\/image\/","url":"https:\/\/www.revistarambla.com\/wp-content\/uploads\/2020\/09\/banner_rambla_1900x600_BB.png","contentUrl":"https:\/\/www.revistarambla.com\/wp-content\/uploads\/2020\/09\/banner_rambla_1900x600_BB.png","width":1900,"height":600,"caption":"Revista Rambla"},"image":{"@id":"https:\/\/www.revistarambla.com\/#\/schema\/logo\/image\/"},"sameAs":["https:\/\/www.facebook.com\/revistarambla\/","https:\/\/x.com\/revistarambla","https:\/\/www.instagram.com\/revista_rambla","https:\/\/es.linkedin.com\/company\/revista-rambla"]},{"@type":"Person","@id":"https:\/\/www.revistarambla.com\/#\/schema\/person\/484137421f6838db1b2b233040fa01f0","name":"Mari Carmen Morcillo L\u00f3pez","description":"Periodista.","sameAs":["https:\/\/www.facebook.com\/mamen.m.lopez"]}]}},"_links":{"self":[{"href":"https:\/\/www.revistarambla.com\/en\/wp-json\/wp\/v2\/posts\/14919","targetHints":{"allow":["GET"]}}],"collection":[{"href":"https:\/\/www.revistarambla.com\/en\/wp-json\/wp\/v2\/posts"}],"about":[{"href":"https:\/\/www.revistarambla.com\/en\/wp-json\/wp\/v2\/types\/post"}],"author":[{"embeddable":true,"href":"https:\/\/www.revistarambla.com\/en\/wp-json\/wp\/v2\/users\/42"}],"replies":[{"embeddable":true,"href":"https:\/\/www.revistarambla.com\/en\/wp-json\/wp\/v2\/comments?post=14919"}],"version-history":[{"count":0,"href":"https:\/\/www.revistarambla.com\/en\/wp-json\/wp\/v2\/posts\/14919\/revisions"}],"wp:featuredmedia":[{"embeddable":true,"href":"https:\/\/www.revistarambla.com\/en\/wp-json\/wp\/v2\/media\/14920"}],"wp:attachment":[{"href":"https:\/\/www.revistarambla.com\/en\/wp-json\/wp\/v2\/media?parent=14919"}],"wp:term":[{"taxonomy":"category","embeddable":true,"href":"https:\/\/www.revistarambla.com\/en\/wp-json\/wp\/v2\/categories?post=14919"},{"taxonomy":"post_tag","embeddable":true,"href":"https:\/\/www.revistarambla.com\/en\/wp-json\/wp\/v2\/tags?post=14919"}],"curies":[{"name":"wp","href":"https:\/\/api.w.org\/{rel}","templated":true}]}}