{"id":1490,"date":"2012-03-20T11:32:42","date_gmt":"2012-03-20T10:32:42","guid":{"rendered":"https:\/\/www.revistarambla.com\/radios-libres-ser-o-no-ser\/"},"modified":"2021-12-16T21:03:20","modified_gmt":"2021-12-16T20:03:20","slug":"radios-libres-ser-o-no-ser","status":"publish","type":"post","link":"https:\/\/www.revistarambla.com\/en\/radios-libres-ser-o-no-ser\/","title":{"rendered":"Radios libres: ser o no ser"},"content":{"rendered":"<p>Las verdades duelen. Es un hecho. Y cuando el contexto social y econ\u00f3mico presenta un estado de deterioro lamentable, aun m\u00e1s.\u00a0 Las radios libres han sido una herramienta de transmisi\u00f3n de verdades dolorosas desde hace d\u00e9cadas pero actualmente su continuidad se ve amenazada.<\/p>\n<p><img decoding=\"async\" class=\"aligncenter\" src=\"https:\/\/www.revistarambla.com\/wp-content\/uploads\/2012\/03\/RSK%2002.jpg\" alt=\"alt\" width=\"550\" height=\"295\" \/><\/p>\n<p>Las radios libres nacieron con el objetivo de dar voz a historias, personas y noticias que no tienen ni tendr\u00e1n espacio en los medios de comunicaci\u00f3n dominantes. Por otra parte son radios que por su naturaleza independiente cuestan mucho de mantener, ya que se sostienen a base del trabajo voluntario de las personas que quieren participar y, por tanto, subsisten a base de autogestionarse.<\/p>\n<p>El primer inconveniente que siempre tienen estas emisoras es la b\u00fasqueda de un espacio donde emitir, ya que este tipo de radios no dispone de una franja fija dentro de la FM, tienen que encontrarla y ocuparla. \u00a0De esta manera y durante d\u00e9cadas han mantenido la condici\u00f3n de \u201calegales\u201d, que, sin estar dentro del marco de la ley, les ha permitido sobrevivir.<\/p>\n<p>Poco a poco, debido a la modificaci\u00f3n de las leyes en el \u00e1mbito de la comunicaci\u00f3n, se ha extendido el proceso de privatizaci\u00f3n del dial, que favorece a los grandes medios y los grupos de comunicaci\u00f3n locales (los cuales acaparan la mayor\u00eda de licencias) y en cambio margina a las radios libres, que ya apenas encuentran franjas vac\u00edas en las que poder emitir. La falta de una figura legal para estas radios dentro de la normativa hace que las concesiones solo se otorguen a las radios p\u00fablicas o privadas.<\/p>\n<p>Por suerte en Catalunya est\u00e1 modificaci\u00f3n de la ley todav\u00eda no las considera ilegales. La Coordinadora de R\u00e0dios Lliures est\u00e1 negociando con la Generalitat para evitarlo y conseguir crear\u00a0 la figura de las radios libres. Con esto ser\u00edan reconocidas y respetadas por ley, sobretodo por el papel hist\u00f3ricamente social que han mantenido durante tantos a\u00f1os. El problema es que estas nuevas leyes reconocen solamente a las radios libres hist\u00f3ricas pero no a las que puedan crearse en un futuro.<\/p>\n<p>Una de las radios hist\u00f3ricas que sigue luchando por sobrevivir hoy en d\u00eda es Radio RSK, fundada durante 1984 en Nou Barris, Barcelona. Su sede inicial se encontraba en el Centro C\u00edvico Torre Llobeta, pero en 1996 se trasladaron a Can Bast\u00e9, otro centro c\u00edvico de Nou Barris que les cedi\u00f3 el espacio. A pesar de ser una emisora peque\u00f1a y tener muy poco alcance de onda (solo llega a la mitad del barrio), han intentado cerrarla en varias ocasiones, una de ellas acusada de interferir en las frecuencias del aeropuerto. Entre sus muchas otras andanzas, tambi\u00e9n se las han tenido que ver con la SGAE, hecho que sus componentes se toman con humor afirmando que \u201cal darse cuenta de que no nos pod\u00edan sacar ni un duro, nos dejaron en paz\u201d.<\/p>\n<p>Uno de los miembros de Radio RSK nos explica que otra de las dificultades que m\u00e1s recientemente afrontan es la aparici\u00f3n de las radios piratas. Estas radios act\u00faan igual que las radios libres, buscando un espacio vac\u00edo en el dial, pero se trata de medios que en su mayor\u00eda son latinoamericanos y\u00a0 con \u00e1nimo de lucro, que b\u00e1sicamente se dedican a emitir publicidad de negocios tambi\u00e9n latinoamericanos.<\/p>\n<p>El modus operandi de estas radios consiste en rastrear franjas y ocupar los diales ocupados por las radios libres. Normalmente estos medios suelen ser multados por su manera de actuar ya que las instituciones s\u00ed que ven un motivo\u00a0 para cerrarlas por tener un fin lucrativo<\/p>\n<p>Aun as\u00ed, los compa\u00f1eros de radio RSK explican que las radios piratas cuentan con grandes equipos y est\u00e1n financiadas por empresas que pueden permitirse el pagar una multa: \u201cSon una autentica mafia, nos amenazan para que abandonemos nuestra franja y contra eso no podemos luchar. Cuanto m\u00e1s dinero tienes m\u00e1s f\u00e1cilmente puedes monopolizar el dial\u201d.<\/p>\n<p>\u201cLa Coordinadora de R\u00e0dios Lliures juega un papel muy importante para defendernos contra los ataques y problemas comunes que tienen estas radios\u201d-nos explican-.<\/p>\n<p>Cuando les preguntamos por la posible legalizaci\u00f3n de las radios libres, debido al cambio de leyes, hay divergencia de opiniones. Otro de los miembros de RSK nos dice que \u201cexisten radios libres que pretenden convertirse en legales, nosotros no estamos interesados en ello ya que precisamente la raz\u00f3n de ser de las radios libres es no formar parte del sistema. Si eres legal y tienes un espacio es muy dif\u00edcil defender el nacimiento de otras radios libres\u201d. Para ellos, ser legales ser\u00eda sin\u00f3nimo de coartar su libertad de expresi\u00f3n y la de otros grupos que piensan de la misma manera.<\/p>\n<p>Y es que las radios libres precisamente se diferencian por dar informaci\u00f3n que no se da en otros sitios y ser uno de los principales medios de comunicaci\u00f3n alternativos. As\u00ed lo reiteran en Radio RSK: \u201cNuestro mayor fin consiste en coger espacios libres o en ocupar espacios que tienen emisoras piratas o con discursos ultrareligiosos o de ultraderecha. Sin esta lucha nuestra existencia no tiene raz\u00f3n de ser. Con la legalizaci\u00f3n y la otorgaci\u00f3n de un espacio fijo la lucha se acabar\u00eda\u201d.<\/p>\n<p>Cualquiera puede disponer de un espacio en la programaci\u00f3n de esta emisora. Los contenidos de las secciones se deciden\u00a0 mediante comisiones de trabajo. De esta manera, quien quiera puede presentar una propuesta de programa mientras no tenga contenido machista, racista o fascista. Puede ser de cualquier tem\u00e1tica que no sea contraria a la ideolog\u00eda de la radio libre. Quien quiere participar, eso s\u00ed, tiene que comprometerse a colaborar en las asambleas y asumir el trabajo necesario para que todo funcione.<\/p>\n<p>Las asambleas, adem\u00e1s de decidir la programaci\u00f3n, se las ingenian para crear actividades y eventos a trav\u00e9s de los cuales generar unos m\u00ednimos ingresos que mantengan la emisora. \u201cNos financiamos sobretodo a base de celebrar conciertos y con lo que podemos recaudar en las barras, pero no tenemos ni cuotas ni subvenciones. Por otro lado, disponer de un espacio p\u00fablico cedido nos permite desarrollar muchas actividades que facilitan la viabilidad de la radio\u201d.<\/p>\n<p>Asimismo, descubrimos que el problema de todas las radios libres es que hay muy poca gente dispuesta a colaborar de forma voluntaria, lo que cuestiona tambi\u00e9n la necesidad de este tipo de medios. Sus propios miembros lo reconocen: \u201cSi no hay gente que quiera esforzarse para que la radio tenga \u00e9xito y se escuche cada vez m\u00e1s no sabemos si es necesario que exista. La realidad es la realidad. Los medios que dan informaci\u00f3n alternativa emiten contenidos m\u00e1s densos pero tienen menos \u00e9xito. La raz\u00f3n de existir, entonces, es m\u00e1s por el fin pedag\u00f3gico y social que por \u00e9xito entre los oyentes\u201d.<\/p>\n<p>A pesar de que el contexto no apunta al optimismo, en ning\u00fan momento se han planteado renunciar a los objetivos y cerrar la emisora. Nos aseguran que lo m\u00e1s satisfactorio a nivel personal es demostrar que un proyecto autogestionado de radio es viable, aunque haya muchos problemas.<\/p>\n<p>La \u00faltima reflexi\u00f3n que nos aportan los componentes de Radio RSK es que su resistencia, como la de la mayor\u00eda de medios hoy\u00a0 en d\u00eda, est\u00e1 en la red: \u201cGracias a internet podremos salvar el problema del dial. En el futuro ser\u00e1 la \u00fanica posibilidad para evitar problemas legales. Tambi\u00e9n asegura nuestra supervivencia porque los oyentes tienen un sitio fijo donde saben que siempre pueden escucharnos\u201d.<\/p>\n<p>Actualmente, la mayor\u00eda de estas emisoras sobreviven por internet ya que el dial solo llega a la mitad del barrio.<\/p>","protected":false},"excerpt":{"rendered":"<p>Las verdades duelen. Es un hecho. Y cuando el contexto social y econ\u00f3mico presenta un estado de deterioro lamentable, aun m\u00e1s.\u00a0 Las radios libres han sido una herramienta de transmisi\u00f3n de verdades dolorosas desde hace d\u00e9cadas pero actualmente su continuidad se ve amenazada. Las radios libres nacieron con el objetivo [&hellip;]<\/p>\n","protected":false},"author":66,"featured_media":0,"comment_status":"open","ping_status":"open","sticky":false,"template":"","format":"standard","meta":{"footnotes":""},"categories":[3,76],"tags":[],"class_list":["post-1490","post","type-post","status-publish","format-standard","hentry","category-actualidad","category-barcelona"],"yoast_head":"<!-- This site is optimized with the Yoast SEO plugin v27.5 - https:\/\/yoast.com\/product\/yoast-seo-wordpress\/ -->\n<title>Radios libres: ser o no ser - Revista Rambla<\/title>\n<meta name=\"robots\" content=\"index, follow, max-snippet:-1, max-image-preview:large, max-video-preview:-1\" \/>\n<link rel=\"canonical\" href=\"https:\/\/www.revistarambla.com\/en\/radios-libres-ser-o-no-ser\/\" \/>\n<meta property=\"og:locale\" content=\"en_GB\" \/>\n<meta property=\"og:type\" content=\"article\" \/>\n<meta property=\"og:title\" content=\"Radios libres: ser o no ser - Revista Rambla\" \/>\n<meta property=\"og:description\" content=\"Las verdades duelen. Es un hecho. Y cuando el contexto social y econ\u00f3mico presenta un estado de deterioro lamentable, aun m\u00e1s.\u00a0 Las radios libres han sido una herramienta de transmisi\u00f3n de verdades dolorosas desde hace d\u00e9cadas pero actualmente su continuidad se ve amenazada. Las radios libres nacieron con el objetivo [&hellip;]\" \/>\n<meta property=\"og:url\" content=\"https:\/\/www.revistarambla.com\/en\/radios-libres-ser-o-no-ser\/\" \/>\n<meta property=\"og:site_name\" content=\"Revista Rambla\" \/>\n<meta property=\"article:publisher\" content=\"https:\/\/www.facebook.com\/revistarambla\/\" \/>\n<meta property=\"article:published_time\" content=\"2012-03-20T10:32:42+00:00\" \/>\n<meta property=\"article:modified_time\" content=\"2021-12-16T20:03:20+00:00\" \/>\n<meta property=\"og:image\" content=\"https:\/\/www.revistarambla.com\/wp-content\/uploads\/2012\/03\/RSK%2000.jpg\" \/>\n\t<meta property=\"og:image:width\" content=\"275\" \/>\n\t<meta property=\"og:image:height\" content=\"200\" \/>\n\t<meta property=\"og:image:type\" content=\"image\/jpeg\" \/>\n<meta name=\"author\" content=\"Ver\u00f3nica Encinas Salgado\" \/>\n<meta name=\"twitter:card\" content=\"summary_large_image\" \/>\n<meta name=\"twitter:creator\" content=\"@revistarambla\" \/>\n<meta name=\"twitter:site\" content=\"@revistarambla\" \/>\n<meta name=\"twitter:label1\" content=\"Written by\" \/>\n\t<meta name=\"twitter:data1\" content=\"Ver\u00f3nica Encinas Salgado\" \/>\n\t<meta name=\"twitter:label2\" content=\"Estimated reading time\" \/>\n\t<meta name=\"twitter:data2\" content=\"6 minutes\" \/>\n<script type=\"application\/ld+json\" class=\"yoast-schema-graph\">{\"@context\":\"https:\\\/\\\/schema.org\",\"@graph\":[{\"@type\":\"Article\",\"@id\":\"https:\\\/\\\/www.revistarambla.com\\\/radios-libres-ser-o-no-ser\\\/#article\",\"isPartOf\":{\"@id\":\"https:\\\/\\\/www.revistarambla.com\\\/radios-libres-ser-o-no-ser\\\/\"},\"author\":{\"name\":\"Ver\u00f3nica Encinas Salgado\",\"@id\":\"https:\\\/\\\/www.revistarambla.com\\\/#\\\/schema\\\/person\\\/d5b8d7715dcc8b0e3eeac113266d2af6\"},\"headline\":\"Radios libres: ser o no ser\",\"datePublished\":\"2012-03-20T10:32:42+00:00\",\"dateModified\":\"2021-12-16T20:03:20+00:00\",\"mainEntityOfPage\":{\"@id\":\"https:\\\/\\\/www.revistarambla.com\\\/radios-libres-ser-o-no-ser\\\/\"},\"wordCount\":1312,\"commentCount\":1,\"publisher\":{\"@id\":\"https:\\\/\\\/www.revistarambla.com\\\/#organization\"},\"image\":{\"@id\":\"https:\\\/\\\/www.revistarambla.com\\\/radios-libres-ser-o-no-ser\\\/#primaryimage\"},\"thumbnailUrl\":\"https:\\\/\\\/www.revistarambla.com\\\/wp-content\\\/uploads\\\/2012\\\/03\\\/RSK%2002.jpg\",\"articleSection\":[\"Actualidad\",\"Barcelona\"],\"inLanguage\":\"en-GB\",\"potentialAction\":[{\"@type\":\"CommentAction\",\"name\":\"Comment\",\"target\":[\"https:\\\/\\\/www.revistarambla.com\\\/radios-libres-ser-o-no-ser\\\/#respond\"]}]},{\"@type\":\"WebPage\",\"@id\":\"https:\\\/\\\/www.revistarambla.com\\\/radios-libres-ser-o-no-ser\\\/\",\"url\":\"https:\\\/\\\/www.revistarambla.com\\\/radios-libres-ser-o-no-ser\\\/\",\"name\":\"Radios libres: ser o no ser - Revista Rambla\",\"isPartOf\":{\"@id\":\"https:\\\/\\\/www.revistarambla.com\\\/#website\"},\"primaryImageOfPage\":{\"@id\":\"https:\\\/\\\/www.revistarambla.com\\\/radios-libres-ser-o-no-ser\\\/#primaryimage\"},\"image\":{\"@id\":\"https:\\\/\\\/www.revistarambla.com\\\/radios-libres-ser-o-no-ser\\\/#primaryimage\"},\"thumbnailUrl\":\"https:\\\/\\\/www.revistarambla.com\\\/wp-content\\\/uploads\\\/2012\\\/03\\\/RSK%2002.jpg\",\"datePublished\":\"2012-03-20T10:32:42+00:00\",\"dateModified\":\"2021-12-16T20:03:20+00:00\",\"breadcrumb\":{\"@id\":\"https:\\\/\\\/www.revistarambla.com\\\/radios-libres-ser-o-no-ser\\\/#breadcrumb\"},\"inLanguage\":\"en-GB\",\"potentialAction\":[{\"@type\":\"ReadAction\",\"target\":[\"https:\\\/\\\/www.revistarambla.com\\\/radios-libres-ser-o-no-ser\\\/\"]}]},{\"@type\":\"ImageObject\",\"inLanguage\":\"en-GB\",\"@id\":\"https:\\\/\\\/www.revistarambla.com\\\/radios-libres-ser-o-no-ser\\\/#primaryimage\",\"url\":\"https:\\\/\\\/www.revistarambla.com\\\/wp-content\\\/uploads\\\/2012\\\/03\\\/RSK%2002.jpg\",\"contentUrl\":\"https:\\\/\\\/www.revistarambla.com\\\/wp-content\\\/uploads\\\/2012\\\/03\\\/RSK%2002.jpg\"},{\"@type\":\"BreadcrumbList\",\"@id\":\"https:\\\/\\\/www.revistarambla.com\\\/radios-libres-ser-o-no-ser\\\/#breadcrumb\",\"itemListElement\":[{\"@type\":\"ListItem\",\"position\":1,\"name\":\"Portada\",\"item\":\"https:\\\/\\\/www.revistarambla.com\\\/\"},{\"@type\":\"ListItem\",\"position\":2,\"name\":\"Radios libres: ser o no ser\"}]},{\"@type\":\"WebSite\",\"@id\":\"https:\\\/\\\/www.revistarambla.com\\\/#website\",\"url\":\"https:\\\/\\\/www.revistarambla.com\\\/\",\"name\":\"Revista Rambla Barcelona\",\"description\":\"Periodismo independiente\",\"publisher\":{\"@id\":\"https:\\\/\\\/www.revistarambla.com\\\/#organization\"},\"potentialAction\":[{\"@type\":\"SearchAction\",\"target\":{\"@type\":\"EntryPoint\",\"urlTemplate\":\"https:\\\/\\\/www.revistarambla.com\\\/?s={search_term_string}\"},\"query-input\":{\"@type\":\"PropertyValueSpecification\",\"valueRequired\":true,\"valueName\":\"search_term_string\"}}],\"inLanguage\":\"en-GB\"},{\"@type\":\"Organization\",\"@id\":\"https:\\\/\\\/www.revistarambla.com\\\/#organization\",\"name\":\"Revista Rambla\",\"url\":\"https:\\\/\\\/www.revistarambla.com\\\/\",\"logo\":{\"@type\":\"ImageObject\",\"inLanguage\":\"en-GB\",\"@id\":\"https:\\\/\\\/www.revistarambla.com\\\/#\\\/schema\\\/logo\\\/image\\\/\",\"url\":\"https:\\\/\\\/www.revistarambla.com\\\/wp-content\\\/uploads\\\/2020\\\/09\\\/banner_rambla_1900x600_BB.png\",\"contentUrl\":\"https:\\\/\\\/www.revistarambla.com\\\/wp-content\\\/uploads\\\/2020\\\/09\\\/banner_rambla_1900x600_BB.png\",\"width\":1900,\"height\":600,\"caption\":\"Revista Rambla\"},\"image\":{\"@id\":\"https:\\\/\\\/www.revistarambla.com\\\/#\\\/schema\\\/logo\\\/image\\\/\"},\"sameAs\":[\"https:\\\/\\\/www.facebook.com\\\/revistarambla\\\/\",\"https:\\\/\\\/x.com\\\/revistarambla\",\"https:\\\/\\\/www.instagram.com\\\/revista_rambla\",\"https:\\\/\\\/es.linkedin.com\\\/company\\\/revista-rambla\"]},{\"@type\":\"Person\",\"@id\":\"https:\\\/\\\/www.revistarambla.com\\\/#\\\/schema\\\/person\\\/d5b8d7715dcc8b0e3eeac113266d2af6\",\"name\":\"Ver\u00f3nica Encinas Salgado\",\"description\":\"Licenciada en Ciencias Pol\u00edticas por la Universidad Aut\u00f3noma de Barcelona y especializada en periodismo y comunicaci\u00f3n digital.\",\"sameAs\":[\"https:\\\/\\\/www.instagram.com\\\/veronica.encinas.salgado\\\/\",\"https:\\\/\\\/es.linkedin.com\\\/in\\\/veronicaencinassalgado\"]}]}<\/script>\n<!-- \/ Yoast SEO plugin. -->","yoast_head_json":{"title":"Radios libres: ser o no ser - Revista Rambla","robots":{"index":"index","follow":"follow","max-snippet":"max-snippet:-1","max-image-preview":"max-image-preview:large","max-video-preview":"max-video-preview:-1"},"canonical":"https:\/\/www.revistarambla.com\/en\/radios-libres-ser-o-no-ser\/","og_locale":"en_GB","og_type":"article","og_title":"Radios libres: ser o no ser - Revista Rambla","og_description":"Las verdades duelen. Es un hecho. Y cuando el contexto social y econ\u00f3mico presenta un estado de deterioro lamentable, aun m\u00e1s.\u00a0 Las radios libres han sido una herramienta de transmisi\u00f3n de verdades dolorosas desde hace d\u00e9cadas pero actualmente su continuidad se ve amenazada. Las radios libres nacieron con el objetivo [&hellip;]","og_url":"https:\/\/www.revistarambla.com\/en\/radios-libres-ser-o-no-ser\/","og_site_name":"Revista Rambla","article_publisher":"https:\/\/www.facebook.com\/revistarambla\/","article_published_time":"2012-03-20T10:32:42+00:00","article_modified_time":"2021-12-16T20:03:20+00:00","og_image":[{"width":275,"height":200,"url":"https:\/\/www.revistarambla.com\/wp-content\/uploads\/2012\/03\/RSK 00.jpg","type":"image\/jpeg"}],"author":"Ver\u00f3nica Encinas Salgado","twitter_card":"summary_large_image","twitter_creator":"@revistarambla","twitter_site":"@revistarambla","twitter_misc":{"Written by":"Ver\u00f3nica Encinas Salgado","Estimated reading time":"6 minutes"},"schema":{"@context":"https:\/\/schema.org","@graph":[{"@type":"Article","@id":"https:\/\/www.revistarambla.com\/radios-libres-ser-o-no-ser\/#article","isPartOf":{"@id":"https:\/\/www.revistarambla.com\/radios-libres-ser-o-no-ser\/"},"author":{"name":"Ver\u00f3nica Encinas Salgado","@id":"https:\/\/www.revistarambla.com\/#\/schema\/person\/d5b8d7715dcc8b0e3eeac113266d2af6"},"headline":"Radios libres: ser o no ser","datePublished":"2012-03-20T10:32:42+00:00","dateModified":"2021-12-16T20:03:20+00:00","mainEntityOfPage":{"@id":"https:\/\/www.revistarambla.com\/radios-libres-ser-o-no-ser\/"},"wordCount":1312,"commentCount":1,"publisher":{"@id":"https:\/\/www.revistarambla.com\/#organization"},"image":{"@id":"https:\/\/www.revistarambla.com\/radios-libres-ser-o-no-ser\/#primaryimage"},"thumbnailUrl":"https:\/\/www.revistarambla.com\/wp-content\/uploads\/2012\/03\/RSK%2002.jpg","articleSection":["Actualidad","Barcelona"],"inLanguage":"en-GB","potentialAction":[{"@type":"CommentAction","name":"Comment","target":["https:\/\/www.revistarambla.com\/radios-libres-ser-o-no-ser\/#respond"]}]},{"@type":"WebPage","@id":"https:\/\/www.revistarambla.com\/radios-libres-ser-o-no-ser\/","url":"https:\/\/www.revistarambla.com\/radios-libres-ser-o-no-ser\/","name":"Radios libres: ser o no ser - Revista Rambla","isPartOf":{"@id":"https:\/\/www.revistarambla.com\/#website"},"primaryImageOfPage":{"@id":"https:\/\/www.revistarambla.com\/radios-libres-ser-o-no-ser\/#primaryimage"},"image":{"@id":"https:\/\/www.revistarambla.com\/radios-libres-ser-o-no-ser\/#primaryimage"},"thumbnailUrl":"https:\/\/www.revistarambla.com\/wp-content\/uploads\/2012\/03\/RSK%2002.jpg","datePublished":"2012-03-20T10:32:42+00:00","dateModified":"2021-12-16T20:03:20+00:00","breadcrumb":{"@id":"https:\/\/www.revistarambla.com\/radios-libres-ser-o-no-ser\/#breadcrumb"},"inLanguage":"en-GB","potentialAction":[{"@type":"ReadAction","target":["https:\/\/www.revistarambla.com\/radios-libres-ser-o-no-ser\/"]}]},{"@type":"ImageObject","inLanguage":"en-GB","@id":"https:\/\/www.revistarambla.com\/radios-libres-ser-o-no-ser\/#primaryimage","url":"https:\/\/www.revistarambla.com\/wp-content\/uploads\/2012\/03\/RSK%2002.jpg","contentUrl":"https:\/\/www.revistarambla.com\/wp-content\/uploads\/2012\/03\/RSK%2002.jpg"},{"@type":"BreadcrumbList","@id":"https:\/\/www.revistarambla.com\/radios-libres-ser-o-no-ser\/#breadcrumb","itemListElement":[{"@type":"ListItem","position":1,"name":"Portada","item":"https:\/\/www.revistarambla.com\/"},{"@type":"ListItem","position":2,"name":"Radios libres: ser o no ser"}]},{"@type":"WebSite","@id":"https:\/\/www.revistarambla.com\/#website","url":"https:\/\/www.revistarambla.com\/","name":"Revista Rambla Barcelona","description":"Periodismo independiente","publisher":{"@id":"https:\/\/www.revistarambla.com\/#organization"},"potentialAction":[{"@type":"SearchAction","target":{"@type":"EntryPoint","urlTemplate":"https:\/\/www.revistarambla.com\/?s={search_term_string}"},"query-input":{"@type":"PropertyValueSpecification","valueRequired":true,"valueName":"search_term_string"}}],"inLanguage":"en-GB"},{"@type":"Organization","@id":"https:\/\/www.revistarambla.com\/#organization","name":"Revista Rambla","url":"https:\/\/www.revistarambla.com\/","logo":{"@type":"ImageObject","inLanguage":"en-GB","@id":"https:\/\/www.revistarambla.com\/#\/schema\/logo\/image\/","url":"https:\/\/www.revistarambla.com\/wp-content\/uploads\/2020\/09\/banner_rambla_1900x600_BB.png","contentUrl":"https:\/\/www.revistarambla.com\/wp-content\/uploads\/2020\/09\/banner_rambla_1900x600_BB.png","width":1900,"height":600,"caption":"Revista Rambla"},"image":{"@id":"https:\/\/www.revistarambla.com\/#\/schema\/logo\/image\/"},"sameAs":["https:\/\/www.facebook.com\/revistarambla\/","https:\/\/x.com\/revistarambla","https:\/\/www.instagram.com\/revista_rambla","https:\/\/es.linkedin.com\/company\/revista-rambla"]},{"@type":"Person","@id":"https:\/\/www.revistarambla.com\/#\/schema\/person\/d5b8d7715dcc8b0e3eeac113266d2af6","name":"Ver\u00f3nica Encinas Salgado","description":"Licenciada en Ciencias Pol\u00edticas por la Universidad Aut\u00f3noma de Barcelona y especializada en periodismo y comunicaci\u00f3n digital.","sameAs":["https:\/\/www.instagram.com\/veronica.encinas.salgado\/","https:\/\/es.linkedin.com\/in\/veronicaencinassalgado"]}]}},"_links":{"self":[{"href":"https:\/\/www.revistarambla.com\/en\/wp-json\/wp\/v2\/posts\/1490","targetHints":{"allow":["GET"]}}],"collection":[{"href":"https:\/\/www.revistarambla.com\/en\/wp-json\/wp\/v2\/posts"}],"about":[{"href":"https:\/\/www.revistarambla.com\/en\/wp-json\/wp\/v2\/types\/post"}],"author":[{"embeddable":true,"href":"https:\/\/www.revistarambla.com\/en\/wp-json\/wp\/v2\/users\/66"}],"replies":[{"embeddable":true,"href":"https:\/\/www.revistarambla.com\/en\/wp-json\/wp\/v2\/comments?post=1490"}],"version-history":[{"count":0,"href":"https:\/\/www.revistarambla.com\/en\/wp-json\/wp\/v2\/posts\/1490\/revisions"}],"wp:attachment":[{"href":"https:\/\/www.revistarambla.com\/en\/wp-json\/wp\/v2\/media?parent=1490"}],"wp:term":[{"taxonomy":"category","embeddable":true,"href":"https:\/\/www.revistarambla.com\/en\/wp-json\/wp\/v2\/categories?post=1490"},{"taxonomy":"post_tag","embeddable":true,"href":"https:\/\/www.revistarambla.com\/en\/wp-json\/wp\/v2\/tags?post=1490"}],"curies":[{"name":"wp","href":"https:\/\/api.w.org\/{rel}","templated":true}]}}