{"id":14808,"date":"2018-02-08T08:05:20","date_gmt":"2018-02-08T07:05:20","guid":{"rendered":"https:\/\/www.revistarambla.com\/?p=14808"},"modified":"2021-12-08T21:12:57","modified_gmt":"2021-12-08T20:12:57","slug":"los-perros-factor-prevencion-del-suicidio-infanto-juvenil","status":"publish","type":"post","link":"https:\/\/www.revistarambla.com\/en\/los-perros-factor-prevencion-del-suicidio-infanto-juvenil\/","title":{"rendered":"Los perros como factor de prevenci\u00f3n del suicidio infanto-juvenil"},"content":{"rendered":"<p>La <a href=\"https:\/\/www.conectadogs.com\/\">Asociaci\u00f3n Conectadogs de Barcelona<\/a> pone en marcha el proyecto CRAE, pionero en el \u00e1mbito nacional. Se trata de una terapia en la que perros y j\u00f3venes trabajan juntos para conseguir un bienestar com\u00fan. Los perros, en esto proyecto, son un factor de prevenci\u00f3n del suicidio infanto-juvenil.<\/p>\n<p><a href=\"https:\/\/www.revistarambla.com\/wp-content\/uploads\/2018\/02\/REVISTARAMBLA-PERRITA-02.jpg\"><img decoding=\"async\" class=\"aligncenter wp-image-14810 size-full\" src=\"https:\/\/www.revistarambla.com\/wp-content\/uploads\/2018\/02\/REVISTARAMBLA-PERRITA-02.jpg\" alt=\"prevenci\u00f3n del suicidio infanto-juvenil\" width=\"571\" height=\"800\" srcset=\"https:\/\/www.revistarambla.com\/wp-content\/uploads\/2018\/02\/REVISTARAMBLA-PERRITA-02.jpg 571w, https:\/\/www.revistarambla.com\/wp-content\/uploads\/2018\/02\/REVISTARAMBLA-PERRITA-02-214x300.jpg 214w, https:\/\/www.revistarambla.com\/wp-content\/uploads\/2018\/02\/REVISTARAMBLA-PERRITA-02-500x701.jpg 500w, https:\/\/www.revistarambla.com\/wp-content\/uploads\/2018\/02\/REVISTARAMBLA-PERRITA-02-404x566.jpg 404w, https:\/\/www.revistarambla.com\/wp-content\/uploads\/2018\/02\/REVISTARAMBLA-PERRITA-02-309x433.jpg 309w, https:\/\/www.revistarambla.com\/wp-content\/uploads\/2018\/02\/REVISTARAMBLA-PERRITA-02-218x305.jpg 218w\" sizes=\"(max-width: 571px) 100vw, 571px\" \/><\/a>El proyecto CRAE debe su nombre a los Centros Residenciales de Acci\u00f3n Educativas (CRAE). \u00c9ste es un nuevo modelo de psicoterapia asistida con perros para menores y adolescentes, concretamente para aquellos que est\u00e1n acogidos en centros de protecci\u00f3n a la infancia. Los menores que residen en esos centros sufren en algunos casos traumas como son abusos, malos tratos y la separaci\u00f3n de la propia familia.<\/p>\n<p>La psic\u00f3loga Laura Oliva ejerce el papel de Responsable de programas de terapia relacionados con la violencia a trav\u00e9s de la TAA y en el desarrollo de dise\u00f1os dentro de la Asociaci\u00f3n. Seg\u00fan explicaba, la terapia consta de dos partes: una la sesi\u00f3n grupal y otra la individual. Ambas ir\u00e1n en paralelo. Durante la sesi\u00f3n grupal los chicos trabajaran con perros de una protectora. Estos perros suelen presentar problemas de conducta y requieren de un proceso de reeducaci\u00f3n para despu\u00e9s pasar a un programa de adopci\u00f3n. Es aqu\u00ed donde el adolescente se situar\u00e1 como una figura activa de cuidador. Es decir, se establece una relaci\u00f3n en la que el joven asumir\u00e1 una responsabilidad en el cuidado de alguien. De esa forma Laura Oliva nos explicaba que trabajar\u00edan un factor de prevenci\u00f3n al suicidio en aquellos j\u00f3venes sensible a un desenlace fatal.<\/p>\n<p>Oliva mostraba su preocupaci\u00f3n por las altas tasas de suicidio infantil- juvenil en Europa. Entre los j\u00f3venes de 15 a 24 a\u00f1os el suicidio es la segunda causa de muerte y va en aumento en toda Europa. En EEUU, para los colectivos negros o LGTBI es la primera causa de muerte es el suicidio.\u201d<em> Hay que hacer algo, sobre todo a nivel de prevenci\u00f3n, que es como se ataja el suicidio, antes de llegar a problem\u00e1ticas graves\u2026<\/em>\u201d, apuntaba Oliva. La misma a\u00f1ad\u00eda que otro factor de riesgo es la carencia de programas serios de prevenci\u00f3n del suicidio infanto- juvenil. Explicaba que es algo en lo que la OMS (Organizaci\u00f3n Mundial de la Salud) est\u00e1 trabajando y que desde esta organizaci\u00f3n se est\u00e1 poniendo muchos medios para la prevenci\u00f3n del suicidio. No obstante, Laura Oliva se quejaba, \u201c<em>hasta ahora todo lo que es salud mental es un mundo aparte. Se invierte mucho dinero en otros tipos de enfermedades, pero no en salud mental<\/em>\u201d. Esto es algo que no deber\u00eda pasar desapercibido pues la depresi\u00f3n es la segunda causa de discapacidad hoy en poblaci\u00f3n adulta. En 2020 ser\u00e1 la primera, seg\u00fan la OMS.<\/p>\n<p>El objetivo de la asociaci\u00f3n y del proyecto CRAE es intervenir e intentar reducir las tasas de suicidio en la poblaci\u00f3n por dos v\u00edas. \u201c<em>Primero queremos reducir factores de riesgo que presentan estos chicos como son, por ejemplo: la impulsividad, problemas de regulaci\u00f3n emocional, problema de consumo de alcohol y drogas, falta de sociabilidad no solo entre la familia sino tambi\u00e9n entre iguales y luego h\u00e1bitos de cuidado personal como dormir, algo de ejercicio f\u00edsico\u2026\u201d<\/em><\/p>\n<p>La pregunta es: \u00bfpor qu\u00e9 un perro y no otro animal? Seg\u00fan Laura Oliva, el perro facilita la motivaci\u00f3n del paciente. En muchas ocasiones los j\u00f3venes no quieren venir a terapia, especialmente los adolescentes. Se toman las terapias como una intrusi\u00f3n en sus vidas y eso les molesta. Lo que se ha visto es que el hecho de que haya un perro aumenta mucho la motivaci\u00f3n a que acudan, es un incentivo para ellos. Adem\u00e1s, los j\u00f3venes sienten mayor seguridad y confianza en la terapia con el animal, algo que desaparece en el <em>face to face<\/em> con el terapeuta a solas. \u201c<em>El perro en las terapias es una figura con v\u00ednculo afectivo, esas figuras se denominan figuras de apego. Esas figuras conceden mucha seguridad\u201d<\/em>, revelaba la psic\u00f3loga Laura Oliva.<\/p>\n<p>La responsable de la terapia nos explicaba que en estos centros residen j\u00f3venes que no son delincuentes juveniles, \u201cno<em> es un chaval traficante de drogas que est\u00e1 metido en bullas todos los d\u00edas, no es este perfil de chico<\/em>\u201d manifestaba Oliva. Afirmaba que cuando se hablan de estos centros, la sociedad los asocia con una suerte de centro penitenciario, cuando no lo es. Los CRAE son centros de acogida de menores en desamparo, que en muchas ocasiones presentan problemas emocionales, que se suelen manifestar en problemas de conducta, sobre todo en el colectivo de la adolescencia. Laura Oliva tambi\u00e9n quiso remarcar que \u201c<em>no son chavales que hayan traspasado el l\u00edmite de la delincuencia y si la han traspasado le han sorprendido y por lo tanto no ha llegado a cometer ning\u00fan delito\u201d.<\/em><\/p>\n<p>Las terapias se desarrollan en sesiones de grupo. Cada programa incluir\u00e1 a 12 chicos en la parte experimento y 12 en la zona de control. Durante las sesiones grupales, se har\u00e1n dos grupos de 6. Dentro del grupo habr\u00e1 6 chicos, 6 perros y 8 referentes. De esta forma, cada chico tendr\u00e1 asignado un perro que necesitar\u00e1 una reeducaci\u00f3n desde el principio hasta el final del programa. El adolescente har\u00e1 t\u00e1ndem con un referente, que ser\u00e1 una persona de la asociaci\u00f3n con formaci\u00f3n en salud mental. Adem\u00e1s, en la terapia tambi\u00e9n participar\u00e1n dos terapeutas principales. Laura ser\u00e1 una de estas responsables; <em>\u201cser\u00e9 yo y un responsable canino que iremos rondando por los grupos. Durante esas sesiones de grupo cada chico con su perro tendr\u00e1 que hacer determinados ejercicios y din\u00e1micas, que habremos prestablecidos antes para reeducar a un perro mientras dure el programa\u201d, <\/em>confirmaba Laura Oliva.<\/p>\n<p><a href=\"https:\/\/www.revistarambla.com\/wp-content\/uploads\/2018\/02\/REVISTARAMBLA-PERRITA-03.jpg\"><img decoding=\"async\" class=\"alignleft wp-image-14811\" src=\"https:\/\/www.revistarambla.com\/wp-content\/uploads\/2018\/02\/REVISTARAMBLA-PERRITA-03.jpg\" alt=\"prevenci\u00f3n del suicidio infanto-juvenil\" width=\"322\" height=\"575\" srcset=\"https:\/\/www.revistarambla.com\/wp-content\/uploads\/2018\/02\/REVISTARAMBLA-PERRITA-03.jpg 448w, https:\/\/www.revistarambla.com\/wp-content\/uploads\/2018\/02\/REVISTARAMBLA-PERRITA-03-168x300.jpg 168w, https:\/\/www.revistarambla.com\/wp-content\/uploads\/2018\/02\/REVISTARAMBLA-PERRITA-03-317x566.jpg 317w, https:\/\/www.revistarambla.com\/wp-content\/uploads\/2018\/02\/REVISTARAMBLA-PERRITA-03-242x433.jpg 242w, https:\/\/www.revistarambla.com\/wp-content\/uploads\/2018\/02\/REVISTARAMBLA-PERRITA-03-171x305.jpg 171w\" sizes=\"(max-width: 322px) 100vw, 322px\" \/><\/a>Adem\u00e1s, los canes que participan en la terapia est\u00e1n en el centro de reeducaci\u00f3n que Conectadog tiene habilitado para ello. Se trata de un centro de recuperaci\u00f3n espec\u00edfico para que perros que residen en las protectoras puedan salir en adopci\u00f3n. Una vez sean tratados en el centro de recuperaci\u00f3n pasan de forma inmediata a un programa de adopci\u00f3n; \u201c<em>pero nunca a la protectora, porque eso ser\u00eda como dar como un paso atr\u00e1s\u201d, <\/em>explicaba Laura Oliva.<\/p>\n<p>Conectadog no solo lleva a cabo una funci\u00f3n terap\u00e9utica para favorecer el bienestar de los animales y de los j\u00f3venes, sino que tambi\u00e9n colabora con las protectoras. Las protectoras presentan problemas de masificaci\u00f3n, perros que entran y salen de la protectora porque no acaban de adaptarse a la vida familiar. Si a eso le a\u00f1adimos que estos centros de acogida cuentan con muy pocos recursos econ\u00f3micos y que por ello no puede contratar los servicios de un educador para los canes que presentan problemas de conducta, el problema se agrava. Es aqu\u00ed donde Conectadog hace un papel fundamental. El modelo de centro de Conectadog es aquel que dedica un 70 % de sus actividades a la reducci\u00f3n del estr\u00e9s. El lugar es el id\u00f3neo para tratar a estos animales, \u201c<em>Los chelines donde est\u00e1n estos animales son muy grandes, la estructura \u00e9stas como la de las residencias caninas de alto standing. Est\u00e1n equipadas con insonorizaci\u00f3n, con protecci\u00f3n t\u00e9rmica, con zona exterior e interior y dem\u00e1s<\/em>\u201d, describ\u00eda Laura Oliva.<\/p>\n<p>Conclu\u00eda Laura Oliva apuntando que en los \u00faltimos 10 y 15 a\u00f1os a nivel internacional ha habido mucha investigaci\u00f3n cient\u00edfica que se puede categorizar como seria y de muy alto nivel que no solo incluye las psicoterapias con los animales sino con la inclusi\u00f3n del animal en el mundo de la salud y la salud mental como un elemento facilitador en los procesos de sanaci\u00f3n o de rehabilitaci\u00f3n en el caso de la salud mental.<\/p>","protected":false},"excerpt":{"rendered":"<p>La Asociaci\u00f3n Conectadogs de Barcelona pone en marcha el proyecto CRAE, pionero en el \u00e1mbito nacional. Se trata de una terapia en la que perros y j\u00f3venes trabajan juntos para conseguir un bienestar com\u00fan. Los perros, en esto proyecto, son un factor de prevenci\u00f3n del suicidio infanto-juvenil. El proyecto CRAE [&hellip;]<\/p>\n","protected":false},"author":42,"featured_media":14809,"comment_status":"open","ping_status":"open","sticky":false,"template":"","format":"standard","meta":{"footnotes":""},"categories":[3,76],"tags":[],"class_list":["post-14808","post","type-post","status-publish","format-standard","has-post-thumbnail","hentry","category-actualidad","category-barcelona"],"yoast_head":"<!-- This site is optimized with the Yoast SEO plugin v27.5 - https:\/\/yoast.com\/product\/yoast-seo-wordpress\/ -->\n<title>Los perros para la prevenci\u00f3n del suicidio infanto-juvenil - Revista Rambla<\/title>\n<meta name=\"description\" content=\"Los perros, en esto proyecto, son un factor de prevenci\u00f3n del suicidio infanto-juvenil. La asociaci\u00f3n Conectadogs de Barcelona pone en marcha el proyecto...\" \/>\n<meta name=\"robots\" content=\"index, follow, max-snippet:-1, max-image-preview:large, max-video-preview:-1\" \/>\n<link rel=\"canonical\" href=\"https:\/\/www.revistarambla.com\/en\/los-perros-factor-prevencion-del-suicidio-infanto-juvenil\/\" \/>\n<meta property=\"og:locale\" content=\"en_GB\" \/>\n<meta property=\"og:type\" content=\"article\" \/>\n<meta property=\"og:title\" content=\"Los perros para la prevenci\u00f3n del suicidio infanto-juvenil - Revista Rambla\" \/>\n<meta property=\"og:description\" content=\"Los perros, en esto proyecto, son un factor de prevenci\u00f3n del suicidio infanto-juvenil. La asociaci\u00f3n Conectadogs de Barcelona pone en marcha el proyecto...\" \/>\n<meta property=\"og:url\" content=\"https:\/\/www.revistarambla.com\/en\/los-perros-factor-prevencion-del-suicidio-infanto-juvenil\/\" \/>\n<meta property=\"og:site_name\" content=\"Revista Rambla\" \/>\n<meta property=\"article:publisher\" content=\"https:\/\/www.facebook.com\/revistarambla\/\" \/>\n<meta property=\"article:author\" content=\"https:\/\/www.facebook.com\/mamen.m.lopez\" \/>\n<meta property=\"article:published_time\" content=\"2018-02-08T07:05:20+00:00\" \/>\n<meta property=\"article:modified_time\" content=\"2021-12-08T20:12:57+00:00\" \/>\n<meta property=\"og:image\" content=\"https:\/\/www.revistarambla.com\/wp-content\/uploads\/2018\/02\/REVISTARAMBLA-PERRITA-01.jpg\" \/>\n\t<meta property=\"og:image:width\" content=\"800\" \/>\n\t<meta property=\"og:image:height\" content=\"465\" \/>\n\t<meta property=\"og:image:type\" content=\"image\/jpeg\" \/>\n<meta name=\"author\" content=\"Mari Carmen Morcillo L\u00f3pez\" \/>\n<meta name=\"twitter:card\" content=\"summary_large_image\" \/>\n<meta name=\"twitter:creator\" content=\"@revistarambla\" \/>\n<meta name=\"twitter:site\" content=\"@revistarambla\" \/>\n<meta name=\"twitter:label1\" content=\"Written by\" \/>\n\t<meta name=\"twitter:data1\" content=\"Mari Carmen Morcillo L\u00f3pez\" \/>\n\t<meta name=\"twitter:label2\" content=\"Estimated reading time\" \/>\n\t<meta name=\"twitter:data2\" content=\"6 minutes\" \/>\n<script type=\"application\/ld+json\" class=\"yoast-schema-graph\">{\"@context\":\"https:\\\/\\\/schema.org\",\"@graph\":[{\"@type\":\"Article\",\"@id\":\"https:\\\/\\\/www.revistarambla.com\\\/los-perros-factor-prevencion-del-suicidio-infanto-juvenil\\\/#article\",\"isPartOf\":{\"@id\":\"https:\\\/\\\/www.revistarambla.com\\\/los-perros-factor-prevencion-del-suicidio-infanto-juvenil\\\/\"},\"author\":{\"name\":\"Mari Carmen Morcillo L\u00f3pez\",\"@id\":\"https:\\\/\\\/www.revistarambla.com\\\/#\\\/schema\\\/person\\\/484137421f6838db1b2b233040fa01f0\"},\"headline\":\"Los perros como factor de prevenci\u00f3n del suicidio infanto-juvenil\",\"datePublished\":\"2018-02-08T07:05:20+00:00\",\"dateModified\":\"2021-12-08T20:12:57+00:00\",\"mainEntityOfPage\":{\"@id\":\"https:\\\/\\\/www.revistarambla.com\\\/los-perros-factor-prevencion-del-suicidio-infanto-juvenil\\\/\"},\"wordCount\":1342,\"commentCount\":0,\"publisher\":{\"@id\":\"https:\\\/\\\/www.revistarambla.com\\\/#organization\"},\"image\":{\"@id\":\"https:\\\/\\\/www.revistarambla.com\\\/los-perros-factor-prevencion-del-suicidio-infanto-juvenil\\\/#primaryimage\"},\"thumbnailUrl\":\"https:\\\/\\\/www.revistarambla.com\\\/wp-content\\\/uploads\\\/2018\\\/02\\\/REVISTARAMBLA-PERRITA-01.jpg\",\"articleSection\":[\"Actualidad\",\"Barcelona\"],\"inLanguage\":\"en-GB\",\"potentialAction\":[{\"@type\":\"CommentAction\",\"name\":\"Comment\",\"target\":[\"https:\\\/\\\/www.revistarambla.com\\\/los-perros-factor-prevencion-del-suicidio-infanto-juvenil\\\/#respond\"]}]},{\"@type\":\"WebPage\",\"@id\":\"https:\\\/\\\/www.revistarambla.com\\\/los-perros-factor-prevencion-del-suicidio-infanto-juvenil\\\/\",\"url\":\"https:\\\/\\\/www.revistarambla.com\\\/los-perros-factor-prevencion-del-suicidio-infanto-juvenil\\\/\",\"name\":\"Los perros para la prevenci\u00f3n del suicidio infanto-juvenil - Revista Rambla\",\"isPartOf\":{\"@id\":\"https:\\\/\\\/www.revistarambla.com\\\/#website\"},\"primaryImageOfPage\":{\"@id\":\"https:\\\/\\\/www.revistarambla.com\\\/los-perros-factor-prevencion-del-suicidio-infanto-juvenil\\\/#primaryimage\"},\"image\":{\"@id\":\"https:\\\/\\\/www.revistarambla.com\\\/los-perros-factor-prevencion-del-suicidio-infanto-juvenil\\\/#primaryimage\"},\"thumbnailUrl\":\"https:\\\/\\\/www.revistarambla.com\\\/wp-content\\\/uploads\\\/2018\\\/02\\\/REVISTARAMBLA-PERRITA-01.jpg\",\"datePublished\":\"2018-02-08T07:05:20+00:00\",\"dateModified\":\"2021-12-08T20:12:57+00:00\",\"description\":\"Los perros, en esto proyecto, son un factor de prevenci\u00f3n del suicidio infanto-juvenil. La asociaci\u00f3n Conectadogs de Barcelona pone en marcha el proyecto...\",\"breadcrumb\":{\"@id\":\"https:\\\/\\\/www.revistarambla.com\\\/los-perros-factor-prevencion-del-suicidio-infanto-juvenil\\\/#breadcrumb\"},\"inLanguage\":\"en-GB\",\"potentialAction\":[{\"@type\":\"ReadAction\",\"target\":[\"https:\\\/\\\/www.revistarambla.com\\\/los-perros-factor-prevencion-del-suicidio-infanto-juvenil\\\/\"]}]},{\"@type\":\"ImageObject\",\"inLanguage\":\"en-GB\",\"@id\":\"https:\\\/\\\/www.revistarambla.com\\\/los-perros-factor-prevencion-del-suicidio-infanto-juvenil\\\/#primaryimage\",\"url\":\"https:\\\/\\\/www.revistarambla.com\\\/wp-content\\\/uploads\\\/2018\\\/02\\\/REVISTARAMBLA-PERRITA-01.jpg\",\"contentUrl\":\"https:\\\/\\\/www.revistarambla.com\\\/wp-content\\\/uploads\\\/2018\\\/02\\\/REVISTARAMBLA-PERRITA-01.jpg\",\"width\":800,\"height\":465},{\"@type\":\"BreadcrumbList\",\"@id\":\"https:\\\/\\\/www.revistarambla.com\\\/los-perros-factor-prevencion-del-suicidio-infanto-juvenil\\\/#breadcrumb\",\"itemListElement\":[{\"@type\":\"ListItem\",\"position\":1,\"name\":\"Portada\",\"item\":\"https:\\\/\\\/www.revistarambla.com\\\/\"},{\"@type\":\"ListItem\",\"position\":2,\"name\":\"Los perros como factor de prevenci\u00f3n del suicidio infanto-juvenil\"}]},{\"@type\":\"WebSite\",\"@id\":\"https:\\\/\\\/www.revistarambla.com\\\/#website\",\"url\":\"https:\\\/\\\/www.revistarambla.com\\\/\",\"name\":\"Revista Rambla Barcelona\",\"description\":\"Periodismo independiente\",\"publisher\":{\"@id\":\"https:\\\/\\\/www.revistarambla.com\\\/#organization\"},\"potentialAction\":[{\"@type\":\"SearchAction\",\"target\":{\"@type\":\"EntryPoint\",\"urlTemplate\":\"https:\\\/\\\/www.revistarambla.com\\\/?s={search_term_string}\"},\"query-input\":{\"@type\":\"PropertyValueSpecification\",\"valueRequired\":true,\"valueName\":\"search_term_string\"}}],\"inLanguage\":\"en-GB\"},{\"@type\":\"Organization\",\"@id\":\"https:\\\/\\\/www.revistarambla.com\\\/#organization\",\"name\":\"Revista Rambla\",\"url\":\"https:\\\/\\\/www.revistarambla.com\\\/\",\"logo\":{\"@type\":\"ImageObject\",\"inLanguage\":\"en-GB\",\"@id\":\"https:\\\/\\\/www.revistarambla.com\\\/#\\\/schema\\\/logo\\\/image\\\/\",\"url\":\"https:\\\/\\\/www.revistarambla.com\\\/wp-content\\\/uploads\\\/2020\\\/09\\\/banner_rambla_1900x600_BB.png\",\"contentUrl\":\"https:\\\/\\\/www.revistarambla.com\\\/wp-content\\\/uploads\\\/2020\\\/09\\\/banner_rambla_1900x600_BB.png\",\"width\":1900,\"height\":600,\"caption\":\"Revista Rambla\"},\"image\":{\"@id\":\"https:\\\/\\\/www.revistarambla.com\\\/#\\\/schema\\\/logo\\\/image\\\/\"},\"sameAs\":[\"https:\\\/\\\/www.facebook.com\\\/revistarambla\\\/\",\"https:\\\/\\\/x.com\\\/revistarambla\",\"https:\\\/\\\/www.instagram.com\\\/revista_rambla\",\"https:\\\/\\\/es.linkedin.com\\\/company\\\/revista-rambla\"]},{\"@type\":\"Person\",\"@id\":\"https:\\\/\\\/www.revistarambla.com\\\/#\\\/schema\\\/person\\\/484137421f6838db1b2b233040fa01f0\",\"name\":\"Mari Carmen Morcillo L\u00f3pez\",\"description\":\"Periodista.\",\"sameAs\":[\"https:\\\/\\\/www.facebook.com\\\/mamen.m.lopez\"]}]}<\/script>\n<!-- \/ Yoast SEO plugin. -->","yoast_head_json":{"title":"Los perros para la prevenci\u00f3n del suicidio infanto-juvenil - Revista Rambla","description":"Los perros, en esto proyecto, son un factor de prevenci\u00f3n del suicidio infanto-juvenil. La asociaci\u00f3n Conectadogs de Barcelona pone en marcha el proyecto...","robots":{"index":"index","follow":"follow","max-snippet":"max-snippet:-1","max-image-preview":"max-image-preview:large","max-video-preview":"max-video-preview:-1"},"canonical":"https:\/\/www.revistarambla.com\/en\/los-perros-factor-prevencion-del-suicidio-infanto-juvenil\/","og_locale":"en_GB","og_type":"article","og_title":"Los perros para la prevenci\u00f3n del suicidio infanto-juvenil - Revista Rambla","og_description":"Los perros, en esto proyecto, son un factor de prevenci\u00f3n del suicidio infanto-juvenil. La asociaci\u00f3n Conectadogs de Barcelona pone en marcha el proyecto...","og_url":"https:\/\/www.revistarambla.com\/en\/los-perros-factor-prevencion-del-suicidio-infanto-juvenil\/","og_site_name":"Revista Rambla","article_publisher":"https:\/\/www.facebook.com\/revistarambla\/","article_author":"https:\/\/www.facebook.com\/mamen.m.lopez","article_published_time":"2018-02-08T07:05:20+00:00","article_modified_time":"2021-12-08T20:12:57+00:00","og_image":[{"width":800,"height":465,"url":"https:\/\/www.revistarambla.com\/wp-content\/uploads\/2018\/02\/REVISTARAMBLA-PERRITA-01.jpg","type":"image\/jpeg"}],"author":"Mari Carmen Morcillo L\u00f3pez","twitter_card":"summary_large_image","twitter_creator":"@revistarambla","twitter_site":"@revistarambla","twitter_misc":{"Written by":"Mari Carmen Morcillo L\u00f3pez","Estimated reading time":"6 minutes"},"schema":{"@context":"https:\/\/schema.org","@graph":[{"@type":"Article","@id":"https:\/\/www.revistarambla.com\/los-perros-factor-prevencion-del-suicidio-infanto-juvenil\/#article","isPartOf":{"@id":"https:\/\/www.revistarambla.com\/los-perros-factor-prevencion-del-suicidio-infanto-juvenil\/"},"author":{"name":"Mari Carmen Morcillo L\u00f3pez","@id":"https:\/\/www.revistarambla.com\/#\/schema\/person\/484137421f6838db1b2b233040fa01f0"},"headline":"Los perros como factor de prevenci\u00f3n del suicidio infanto-juvenil","datePublished":"2018-02-08T07:05:20+00:00","dateModified":"2021-12-08T20:12:57+00:00","mainEntityOfPage":{"@id":"https:\/\/www.revistarambla.com\/los-perros-factor-prevencion-del-suicidio-infanto-juvenil\/"},"wordCount":1342,"commentCount":0,"publisher":{"@id":"https:\/\/www.revistarambla.com\/#organization"},"image":{"@id":"https:\/\/www.revistarambla.com\/los-perros-factor-prevencion-del-suicidio-infanto-juvenil\/#primaryimage"},"thumbnailUrl":"https:\/\/www.revistarambla.com\/wp-content\/uploads\/2018\/02\/REVISTARAMBLA-PERRITA-01.jpg","articleSection":["Actualidad","Barcelona"],"inLanguage":"en-GB","potentialAction":[{"@type":"CommentAction","name":"Comment","target":["https:\/\/www.revistarambla.com\/los-perros-factor-prevencion-del-suicidio-infanto-juvenil\/#respond"]}]},{"@type":"WebPage","@id":"https:\/\/www.revistarambla.com\/los-perros-factor-prevencion-del-suicidio-infanto-juvenil\/","url":"https:\/\/www.revistarambla.com\/los-perros-factor-prevencion-del-suicidio-infanto-juvenil\/","name":"Los perros para la prevenci\u00f3n del suicidio infanto-juvenil - Revista Rambla","isPartOf":{"@id":"https:\/\/www.revistarambla.com\/#website"},"primaryImageOfPage":{"@id":"https:\/\/www.revistarambla.com\/los-perros-factor-prevencion-del-suicidio-infanto-juvenil\/#primaryimage"},"image":{"@id":"https:\/\/www.revistarambla.com\/los-perros-factor-prevencion-del-suicidio-infanto-juvenil\/#primaryimage"},"thumbnailUrl":"https:\/\/www.revistarambla.com\/wp-content\/uploads\/2018\/02\/REVISTARAMBLA-PERRITA-01.jpg","datePublished":"2018-02-08T07:05:20+00:00","dateModified":"2021-12-08T20:12:57+00:00","description":"Los perros, en esto proyecto, son un factor de prevenci\u00f3n del suicidio infanto-juvenil. La asociaci\u00f3n Conectadogs de Barcelona pone en marcha el proyecto...","breadcrumb":{"@id":"https:\/\/www.revistarambla.com\/los-perros-factor-prevencion-del-suicidio-infanto-juvenil\/#breadcrumb"},"inLanguage":"en-GB","potentialAction":[{"@type":"ReadAction","target":["https:\/\/www.revistarambla.com\/los-perros-factor-prevencion-del-suicidio-infanto-juvenil\/"]}]},{"@type":"ImageObject","inLanguage":"en-GB","@id":"https:\/\/www.revistarambla.com\/los-perros-factor-prevencion-del-suicidio-infanto-juvenil\/#primaryimage","url":"https:\/\/www.revistarambla.com\/wp-content\/uploads\/2018\/02\/REVISTARAMBLA-PERRITA-01.jpg","contentUrl":"https:\/\/www.revistarambla.com\/wp-content\/uploads\/2018\/02\/REVISTARAMBLA-PERRITA-01.jpg","width":800,"height":465},{"@type":"BreadcrumbList","@id":"https:\/\/www.revistarambla.com\/los-perros-factor-prevencion-del-suicidio-infanto-juvenil\/#breadcrumb","itemListElement":[{"@type":"ListItem","position":1,"name":"Portada","item":"https:\/\/www.revistarambla.com\/"},{"@type":"ListItem","position":2,"name":"Los perros como factor de prevenci\u00f3n del suicidio infanto-juvenil"}]},{"@type":"WebSite","@id":"https:\/\/www.revistarambla.com\/#website","url":"https:\/\/www.revistarambla.com\/","name":"Revista Rambla Barcelona","description":"Periodismo independiente","publisher":{"@id":"https:\/\/www.revistarambla.com\/#organization"},"potentialAction":[{"@type":"SearchAction","target":{"@type":"EntryPoint","urlTemplate":"https:\/\/www.revistarambla.com\/?s={search_term_string}"},"query-input":{"@type":"PropertyValueSpecification","valueRequired":true,"valueName":"search_term_string"}}],"inLanguage":"en-GB"},{"@type":"Organization","@id":"https:\/\/www.revistarambla.com\/#organization","name":"Revista Rambla","url":"https:\/\/www.revistarambla.com\/","logo":{"@type":"ImageObject","inLanguage":"en-GB","@id":"https:\/\/www.revistarambla.com\/#\/schema\/logo\/image\/","url":"https:\/\/www.revistarambla.com\/wp-content\/uploads\/2020\/09\/banner_rambla_1900x600_BB.png","contentUrl":"https:\/\/www.revistarambla.com\/wp-content\/uploads\/2020\/09\/banner_rambla_1900x600_BB.png","width":1900,"height":600,"caption":"Revista Rambla"},"image":{"@id":"https:\/\/www.revistarambla.com\/#\/schema\/logo\/image\/"},"sameAs":["https:\/\/www.facebook.com\/revistarambla\/","https:\/\/x.com\/revistarambla","https:\/\/www.instagram.com\/revista_rambla","https:\/\/es.linkedin.com\/company\/revista-rambla"]},{"@type":"Person","@id":"https:\/\/www.revistarambla.com\/#\/schema\/person\/484137421f6838db1b2b233040fa01f0","name":"Mari Carmen Morcillo L\u00f3pez","description":"Periodista.","sameAs":["https:\/\/www.facebook.com\/mamen.m.lopez"]}]}},"_links":{"self":[{"href":"https:\/\/www.revistarambla.com\/en\/wp-json\/wp\/v2\/posts\/14808","targetHints":{"allow":["GET"]}}],"collection":[{"href":"https:\/\/www.revistarambla.com\/en\/wp-json\/wp\/v2\/posts"}],"about":[{"href":"https:\/\/www.revistarambla.com\/en\/wp-json\/wp\/v2\/types\/post"}],"author":[{"embeddable":true,"href":"https:\/\/www.revistarambla.com\/en\/wp-json\/wp\/v2\/users\/42"}],"replies":[{"embeddable":true,"href":"https:\/\/www.revistarambla.com\/en\/wp-json\/wp\/v2\/comments?post=14808"}],"version-history":[{"count":0,"href":"https:\/\/www.revistarambla.com\/en\/wp-json\/wp\/v2\/posts\/14808\/revisions"}],"wp:featuredmedia":[{"embeddable":true,"href":"https:\/\/www.revistarambla.com\/en\/wp-json\/wp\/v2\/media\/14809"}],"wp:attachment":[{"href":"https:\/\/www.revistarambla.com\/en\/wp-json\/wp\/v2\/media?parent=14808"}],"wp:term":[{"taxonomy":"category","embeddable":true,"href":"https:\/\/www.revistarambla.com\/en\/wp-json\/wp\/v2\/categories?post=14808"},{"taxonomy":"post_tag","embeddable":true,"href":"https:\/\/www.revistarambla.com\/en\/wp-json\/wp\/v2\/tags?post=14808"}],"curies":[{"name":"wp","href":"https:\/\/api.w.org\/{rel}","templated":true}]}}