{"id":1478,"date":"2012-03-17T06:14:58","date_gmt":"2012-03-17T06:14:58","guid":{"rendered":"https:\/\/www.revistarambla.com\/la-gran-depresion\/"},"modified":"2021-05-15T20:35:48","modified_gmt":"2021-05-15T18:35:48","slug":"la-gran-depresion","status":"publish","type":"post","link":"https:\/\/www.revistarambla.com\/en\/la-gran-depresion\/","title":{"rendered":"&#8216;La gran depresi\u00f3n&#8217;"},"content":{"rendered":"<p><img decoding=\"async\" class=\"aligncenter\" src=\"https:\/\/www.revistarambla.com\/wp-content\/uploads\/2012\/03\/loles%2002.jpg\" alt=\"alt\" width=\"550\" height=\"350\" \/><\/p>\n<p>En el Arteria Paral\u00b7lel se presenta la comedia La Gran Depresi\u00f3n, escrita y dirigida por Dunia Ayuso y F\u00e9lix Sabroso, que aparte de hacer guiones y dirigir pel\u00edculas (Perdona bonita, pero Lucas me quer\u00eda a mi), les encanta hacer comedias y dirigir teatro. En esta comedia han querido festejar lo femenino y escarbar en la contradicciones humanas, el miedo a la soledad, el abandono, el fracaso sentimental, la vejez\u2026<\/p>\n<p>En la rueda de prensa del d\u00eda anterior al estreno, Bibiana y Loles, recordaron las actuaciones que hicieron en el pasado, los diversos teatros y clubes que vieron nacer a estas artistas del espect\u00e1culo.\u00a0Barcelona llevaba tiempo esperando la actuaci\u00f3n de Loles Le\u00f3n y Bibiana Fern\u00e1ndez,<\/p>\n<p><img decoding=\"async\" class=\"alignright\" src=\"https:\/\/www.revistarambla.com\/wp-content\/uploads\/2012\/03\/loles%2003.jpg\" alt=\"alt\" width=\"209\" height=\"460\" \/>En el escenario una habitaci\u00f3n, sala de estar, dormitorio, espejos, sillas, mesas, cajas y un armario bazar. En escena dos mujeres que vienen de un pasado de amistad, celos y ri\u00f1as. Manuela (Loles Le\u00f3n) acude a la llamada de socorro de su (ex) amiga Marta (Bibiana Fern\u00e1ndez), \u00e9sta, ha intentado suicidarse, trag\u00e1ndose un arco iris de pastillas; repuesta, repasan sus vidas, sus desencuentros y desenga\u00f1os, sus momentos felices y sobretodo hablan de esa amistad perdida durante ocho a\u00f1os. Todo esto acompa\u00f1ado de chistes, y actuaciones c\u00f3micas, a modo de la comedia de los a\u00f1os cincuenta, comedia blanca. Algunas morcillas y escenas hilarantes, una Loles en su salsa que explota al m\u00e1ximo su capacidad c\u00f3mica. El desamor y la falta de perspectivas se cruzaran entre las dos mujeres, una Marta, rompe corazones, casada cinco veces y una Loles, que aprovecha esos a\u00f1os de desencuentro para formarse como psic\u00f3loga, intenta ayudar a su amiga cuando en realidad ella tambi\u00e9n necesita ayuda. Es la Gran Depresi\u00f3n.<\/p>\n<p>Las comparaciones de f\u00edsico entre Loles y Bibiana, se presta a la risa facil, pero esto es lo que hay, dos personajes cat\u00f3dicos que con su presencia hacen reir a los espectadores, cantan, bailan y hasta se permiten hacer alg\u00fan gui\u00f1o de actualidad, se sobreponen a los defectos y siguiendo un gui\u00f3n tragic\u00f3mico, parece hecho a medida de las actuantes, el elemento armario les sirve de juguete esc\u00e9nico para intercambiarse ropa, vestirse o desvestirse, Bibiana luce su cuerpo y Loles su palmito c\u00f3mico. Alguna m\u00fasica de fondo, un vecino pianista del piso de arriba y alguna canci\u00f3n cantada por Loles, unos bailes y al final una despedida a duo cantando una canci\u00f3n simb\u00f3lica, despu\u00e9s de hora y media de espect\u00e1culo, un homenaje a si mismas y al p\u00fablico.<\/p>\n<p>Algunos cortes de ritmo entre escenas y algunas discusiones y peleas a grito pelado del estilo tele5, rompen el fluido del espect\u00e1culo, aunque la trama no se resiente y el espect\u00e1culo contin\u00faa.<\/p>\n<p><img decoding=\"async\" class=\"aligncenter\" src=\"https:\/\/www.revistarambla.com\/wp-content\/uploads\/2012\/03\/loles%2004.jpg\" alt=\"alt\" width=\"550\" height=\"352\" \/><\/p>\n<ul>\n<li>Arteria Paral\u00b7lel<\/li>\n<li>Del 14 de marzo al 13 de mayo de 2012.<\/li>\n<li>La Gran Depresi\u00f3n<\/li>\n<li>Texto y Direcci\u00f3n: Dunia Ayuso y F\u00e9lix Sabroso<\/li>\n<li>Reparto: Bibiana Fern\u00e1ndez y Loles Le\u00f3n.<\/li>\n<\/ul>","protected":false},"excerpt":{"rendered":"<p>En el Arteria Paral\u00b7lel se presenta la comedia La Gran Depresi\u00f3n, escrita y dirigida por Dunia Ayuso y F\u00e9lix Sabroso, que aparte de hacer guiones y dirigir pel\u00edculas (Perdona bonita, pero Lucas me quer\u00eda a mi), les encanta hacer comedias y dirigir teatro. En esta comedia han querido festejar lo [&hellip;]<\/p>\n","protected":false},"author":1,"featured_media":0,"comment_status":"open","ping_status":"open","sticky":false,"template":"","format":"standard","meta":{"footnotes":""},"categories":[4,62],"tags":[],"class_list":["post-1478","post","type-post","status-publish","format-standard","hentry","category-cultura","category-teatro"],"yoast_head":"<!-- This site is optimized with the Yoast SEO plugin v27.5 - https:\/\/yoast.com\/product\/yoast-seo-wordpress\/ -->\n<title>&#039;La gran depresi\u00f3n&#039; - Revista Rambla<\/title>\n<meta name=\"robots\" content=\"index, follow, max-snippet:-1, max-image-preview:large, max-video-preview:-1\" \/>\n<link rel=\"canonical\" href=\"https:\/\/www.revistarambla.com\/en\/la-gran-depresion\/\" \/>\n<meta property=\"og:locale\" content=\"en_GB\" \/>\n<meta property=\"og:type\" content=\"article\" \/>\n<meta property=\"og:title\" content=\"&#039;La gran depresi\u00f3n&#039; - Revista Rambla\" \/>\n<meta property=\"og:description\" content=\"En el Arteria Paral\u00b7lel se presenta la comedia La Gran Depresi\u00f3n, escrita y dirigida por Dunia Ayuso y F\u00e9lix Sabroso, que aparte de hacer guiones y dirigir pel\u00edculas (Perdona bonita, pero Lucas me quer\u00eda a mi), les encanta hacer comedias y dirigir teatro. En esta comedia han querido festejar lo [&hellip;]\" \/>\n<meta property=\"og:url\" content=\"https:\/\/www.revistarambla.com\/en\/la-gran-depresion\/\" \/>\n<meta property=\"og:site_name\" content=\"Revista Rambla\" \/>\n<meta property=\"article:publisher\" content=\"https:\/\/www.facebook.com\/revistarambla\/\" \/>\n<meta property=\"article:published_time\" content=\"2012-03-17T06:14:58+00:00\" \/>\n<meta property=\"article:modified_time\" content=\"2021-05-15T18:35:48+00:00\" \/>\n<meta property=\"og:image\" content=\"https:\/\/i1.wp.com\/www.revistarambla.com\/wp-content\/uploads\/2012\/03\/bibi%2001.jpg?fit=250%2C170&ssl=1\" \/>\n\t<meta property=\"og:image:width\" content=\"250\" \/>\n\t<meta property=\"og:image:height\" content=\"170\" \/>\n\t<meta property=\"og:image:type\" content=\"image\/jpeg\" \/>\n<meta name=\"author\" content=\"Evelio G\u00f3mez\" \/>\n<meta name=\"twitter:card\" content=\"summary_large_image\" \/>\n<meta name=\"twitter:creator\" content=\"@revistarambla\" \/>\n<meta name=\"twitter:site\" content=\"@revistarambla\" \/>\n<meta name=\"twitter:label1\" content=\"Written by\" \/>\n\t<meta name=\"twitter:data1\" content=\"Evelio G\u00f3mez\" \/>\n\t<meta name=\"twitter:label2\" content=\"Estimated reading time\" \/>\n\t<meta name=\"twitter:data2\" content=\"3 minutes\" \/>\n<script type=\"application\/ld+json\" class=\"yoast-schema-graph\">{\"@context\":\"https:\\\/\\\/schema.org\",\"@graph\":[{\"@type\":\"Article\",\"@id\":\"https:\\\/\\\/www.revistarambla.com\\\/la-gran-depresion\\\/#article\",\"isPartOf\":{\"@id\":\"https:\\\/\\\/www.revistarambla.com\\\/la-gran-depresion\\\/\"},\"author\":{\"name\":\"Evelio G\u00f3mez\",\"@id\":\"https:\\\/\\\/www.revistarambla.com\\\/#\\\/schema\\\/person\\\/4a5652fc8c82df1f8593002d038cd79e\"},\"headline\":\"&#8216;La gran depresi\u00f3n&#8217;\",\"datePublished\":\"2012-03-17T06:14:58+00:00\",\"dateModified\":\"2021-05-15T18:35:48+00:00\",\"mainEntityOfPage\":{\"@id\":\"https:\\\/\\\/www.revistarambla.com\\\/la-gran-depresion\\\/\"},\"wordCount\":518,\"commentCount\":0,\"publisher\":{\"@id\":\"https:\\\/\\\/www.revistarambla.com\\\/#organization\"},\"image\":{\"@id\":\"https:\\\/\\\/www.revistarambla.com\\\/la-gran-depresion\\\/#primaryimage\"},\"thumbnailUrl\":\"https:\\\/\\\/www.revistarambla.com\\\/wp-content\\\/uploads\\\/2012\\\/03\\\/loles%2002.jpg\",\"articleSection\":[\"Cultura\",\"Teatro\"],\"inLanguage\":\"en-GB\",\"potentialAction\":[{\"@type\":\"CommentAction\",\"name\":\"Comment\",\"target\":[\"https:\\\/\\\/www.revistarambla.com\\\/la-gran-depresion\\\/#respond\"]}]},{\"@type\":\"WebPage\",\"@id\":\"https:\\\/\\\/www.revistarambla.com\\\/la-gran-depresion\\\/\",\"url\":\"https:\\\/\\\/www.revistarambla.com\\\/la-gran-depresion\\\/\",\"name\":\"'La gran depresi\u00f3n' - Revista Rambla\",\"isPartOf\":{\"@id\":\"https:\\\/\\\/www.revistarambla.com\\\/#website\"},\"primaryImageOfPage\":{\"@id\":\"https:\\\/\\\/www.revistarambla.com\\\/la-gran-depresion\\\/#primaryimage\"},\"image\":{\"@id\":\"https:\\\/\\\/www.revistarambla.com\\\/la-gran-depresion\\\/#primaryimage\"},\"thumbnailUrl\":\"https:\\\/\\\/www.revistarambla.com\\\/wp-content\\\/uploads\\\/2012\\\/03\\\/loles%2002.jpg\",\"datePublished\":\"2012-03-17T06:14:58+00:00\",\"dateModified\":\"2021-05-15T18:35:48+00:00\",\"breadcrumb\":{\"@id\":\"https:\\\/\\\/www.revistarambla.com\\\/la-gran-depresion\\\/#breadcrumb\"},\"inLanguage\":\"en-GB\",\"potentialAction\":[{\"@type\":\"ReadAction\",\"target\":[\"https:\\\/\\\/www.revistarambla.com\\\/la-gran-depresion\\\/\"]}]},{\"@type\":\"ImageObject\",\"inLanguage\":\"en-GB\",\"@id\":\"https:\\\/\\\/www.revistarambla.com\\\/la-gran-depresion\\\/#primaryimage\",\"url\":\"https:\\\/\\\/www.revistarambla.com\\\/wp-content\\\/uploads\\\/2012\\\/03\\\/loles%2002.jpg\",\"contentUrl\":\"https:\\\/\\\/www.revistarambla.com\\\/wp-content\\\/uploads\\\/2012\\\/03\\\/loles%2002.jpg\"},{\"@type\":\"BreadcrumbList\",\"@id\":\"https:\\\/\\\/www.revistarambla.com\\\/la-gran-depresion\\\/#breadcrumb\",\"itemListElement\":[{\"@type\":\"ListItem\",\"position\":1,\"name\":\"Portada\",\"item\":\"https:\\\/\\\/www.revistarambla.com\\\/\"},{\"@type\":\"ListItem\",\"position\":2,\"name\":\"&#8216;La gran depresi\u00f3n&#8217;\"}]},{\"@type\":\"WebSite\",\"@id\":\"https:\\\/\\\/www.revistarambla.com\\\/#website\",\"url\":\"https:\\\/\\\/www.revistarambla.com\\\/\",\"name\":\"Revista Rambla Barcelona\",\"description\":\"Periodismo independiente\",\"publisher\":{\"@id\":\"https:\\\/\\\/www.revistarambla.com\\\/#organization\"},\"potentialAction\":[{\"@type\":\"SearchAction\",\"target\":{\"@type\":\"EntryPoint\",\"urlTemplate\":\"https:\\\/\\\/www.revistarambla.com\\\/?s={search_term_string}\"},\"query-input\":{\"@type\":\"PropertyValueSpecification\",\"valueRequired\":true,\"valueName\":\"search_term_string\"}}],\"inLanguage\":\"en-GB\"},{\"@type\":\"Organization\",\"@id\":\"https:\\\/\\\/www.revistarambla.com\\\/#organization\",\"name\":\"Revista Rambla\",\"url\":\"https:\\\/\\\/www.revistarambla.com\\\/\",\"logo\":{\"@type\":\"ImageObject\",\"inLanguage\":\"en-GB\",\"@id\":\"https:\\\/\\\/www.revistarambla.com\\\/#\\\/schema\\\/logo\\\/image\\\/\",\"url\":\"https:\\\/\\\/www.revistarambla.com\\\/wp-content\\\/uploads\\\/2020\\\/09\\\/banner_rambla_1900x600_BB.png\",\"contentUrl\":\"https:\\\/\\\/www.revistarambla.com\\\/wp-content\\\/uploads\\\/2020\\\/09\\\/banner_rambla_1900x600_BB.png\",\"width\":1900,\"height\":600,\"caption\":\"Revista Rambla\"},\"image\":{\"@id\":\"https:\\\/\\\/www.revistarambla.com\\\/#\\\/schema\\\/logo\\\/image\\\/\"},\"sameAs\":[\"https:\\\/\\\/www.facebook.com\\\/revistarambla\\\/\",\"https:\\\/\\\/x.com\\\/revistarambla\",\"https:\\\/\\\/www.instagram.com\\\/revista_rambla\",\"https:\\\/\\\/es.linkedin.com\\\/company\\\/revista-rambla\"]},{\"@type\":\"Person\",\"@id\":\"https:\\\/\\\/www.revistarambla.com\\\/#\\\/schema\\\/person\\\/4a5652fc8c82df1f8593002d038cd79e\",\"name\":\"Evelio G\u00f3mez\",\"description\":\"Editor, dise\u00f1ador e ilustrador.\",\"sameAs\":[\"http:\\\/\\\/tipotapa.es\\\/\"]}]}<\/script>\n<!-- \/ Yoast SEO plugin. -->","yoast_head_json":{"title":"'La gran depresi\u00f3n' - Revista Rambla","robots":{"index":"index","follow":"follow","max-snippet":"max-snippet:-1","max-image-preview":"max-image-preview:large","max-video-preview":"max-video-preview:-1"},"canonical":"https:\/\/www.revistarambla.com\/en\/la-gran-depresion\/","og_locale":"en_GB","og_type":"article","og_title":"'La gran depresi\u00f3n' - Revista Rambla","og_description":"En el Arteria Paral\u00b7lel se presenta la comedia La Gran Depresi\u00f3n, escrita y dirigida por Dunia Ayuso y F\u00e9lix Sabroso, que aparte de hacer guiones y dirigir pel\u00edculas (Perdona bonita, pero Lucas me quer\u00eda a mi), les encanta hacer comedias y dirigir teatro. En esta comedia han querido festejar lo [&hellip;]","og_url":"https:\/\/www.revistarambla.com\/en\/la-gran-depresion\/","og_site_name":"Revista Rambla","article_publisher":"https:\/\/www.facebook.com\/revistarambla\/","article_published_time":"2012-03-17T06:14:58+00:00","article_modified_time":"2021-05-15T18:35:48+00:00","og_image":[{"width":250,"height":170,"url":"https:\/\/i1.wp.com\/www.revistarambla.com\/wp-content\/uploads\/2012\/03\/bibi 01.jpg?fit=250%2C170&ssl=1","type":"image\/jpeg"}],"author":"Evelio G\u00f3mez","twitter_card":"summary_large_image","twitter_creator":"@revistarambla","twitter_site":"@revistarambla","twitter_misc":{"Written by":"Evelio G\u00f3mez","Estimated reading time":"3 minutes"},"schema":{"@context":"https:\/\/schema.org","@graph":[{"@type":"Article","@id":"https:\/\/www.revistarambla.com\/la-gran-depresion\/#article","isPartOf":{"@id":"https:\/\/www.revistarambla.com\/la-gran-depresion\/"},"author":{"name":"Evelio G\u00f3mez","@id":"https:\/\/www.revistarambla.com\/#\/schema\/person\/4a5652fc8c82df1f8593002d038cd79e"},"headline":"&#8216;La gran depresi\u00f3n&#8217;","datePublished":"2012-03-17T06:14:58+00:00","dateModified":"2021-05-15T18:35:48+00:00","mainEntityOfPage":{"@id":"https:\/\/www.revistarambla.com\/la-gran-depresion\/"},"wordCount":518,"commentCount":0,"publisher":{"@id":"https:\/\/www.revistarambla.com\/#organization"},"image":{"@id":"https:\/\/www.revistarambla.com\/la-gran-depresion\/#primaryimage"},"thumbnailUrl":"https:\/\/www.revistarambla.com\/wp-content\/uploads\/2012\/03\/loles%2002.jpg","articleSection":["Cultura","Teatro"],"inLanguage":"en-GB","potentialAction":[{"@type":"CommentAction","name":"Comment","target":["https:\/\/www.revistarambla.com\/la-gran-depresion\/#respond"]}]},{"@type":"WebPage","@id":"https:\/\/www.revistarambla.com\/la-gran-depresion\/","url":"https:\/\/www.revistarambla.com\/la-gran-depresion\/","name":"'La gran depresi\u00f3n' - Revista Rambla","isPartOf":{"@id":"https:\/\/www.revistarambla.com\/#website"},"primaryImageOfPage":{"@id":"https:\/\/www.revistarambla.com\/la-gran-depresion\/#primaryimage"},"image":{"@id":"https:\/\/www.revistarambla.com\/la-gran-depresion\/#primaryimage"},"thumbnailUrl":"https:\/\/www.revistarambla.com\/wp-content\/uploads\/2012\/03\/loles%2002.jpg","datePublished":"2012-03-17T06:14:58+00:00","dateModified":"2021-05-15T18:35:48+00:00","breadcrumb":{"@id":"https:\/\/www.revistarambla.com\/la-gran-depresion\/#breadcrumb"},"inLanguage":"en-GB","potentialAction":[{"@type":"ReadAction","target":["https:\/\/www.revistarambla.com\/la-gran-depresion\/"]}]},{"@type":"ImageObject","inLanguage":"en-GB","@id":"https:\/\/www.revistarambla.com\/la-gran-depresion\/#primaryimage","url":"https:\/\/www.revistarambla.com\/wp-content\/uploads\/2012\/03\/loles%2002.jpg","contentUrl":"https:\/\/www.revistarambla.com\/wp-content\/uploads\/2012\/03\/loles%2002.jpg"},{"@type":"BreadcrumbList","@id":"https:\/\/www.revistarambla.com\/la-gran-depresion\/#breadcrumb","itemListElement":[{"@type":"ListItem","position":1,"name":"Portada","item":"https:\/\/www.revistarambla.com\/"},{"@type":"ListItem","position":2,"name":"&#8216;La gran depresi\u00f3n&#8217;"}]},{"@type":"WebSite","@id":"https:\/\/www.revistarambla.com\/#website","url":"https:\/\/www.revistarambla.com\/","name":"Revista Rambla Barcelona","description":"Periodismo independiente","publisher":{"@id":"https:\/\/www.revistarambla.com\/#organization"},"potentialAction":[{"@type":"SearchAction","target":{"@type":"EntryPoint","urlTemplate":"https:\/\/www.revistarambla.com\/?s={search_term_string}"},"query-input":{"@type":"PropertyValueSpecification","valueRequired":true,"valueName":"search_term_string"}}],"inLanguage":"en-GB"},{"@type":"Organization","@id":"https:\/\/www.revistarambla.com\/#organization","name":"Revista Rambla","url":"https:\/\/www.revistarambla.com\/","logo":{"@type":"ImageObject","inLanguage":"en-GB","@id":"https:\/\/www.revistarambla.com\/#\/schema\/logo\/image\/","url":"https:\/\/www.revistarambla.com\/wp-content\/uploads\/2020\/09\/banner_rambla_1900x600_BB.png","contentUrl":"https:\/\/www.revistarambla.com\/wp-content\/uploads\/2020\/09\/banner_rambla_1900x600_BB.png","width":1900,"height":600,"caption":"Revista Rambla"},"image":{"@id":"https:\/\/www.revistarambla.com\/#\/schema\/logo\/image\/"},"sameAs":["https:\/\/www.facebook.com\/revistarambla\/","https:\/\/x.com\/revistarambla","https:\/\/www.instagram.com\/revista_rambla","https:\/\/es.linkedin.com\/company\/revista-rambla"]},{"@type":"Person","@id":"https:\/\/www.revistarambla.com\/#\/schema\/person\/4a5652fc8c82df1f8593002d038cd79e","name":"Evelio G\u00f3mez","description":"Editor, dise\u00f1ador e ilustrador.","sameAs":["http:\/\/tipotapa.es\/"]}]}},"_links":{"self":[{"href":"https:\/\/www.revistarambla.com\/en\/wp-json\/wp\/v2\/posts\/1478","targetHints":{"allow":["GET"]}}],"collection":[{"href":"https:\/\/www.revistarambla.com\/en\/wp-json\/wp\/v2\/posts"}],"about":[{"href":"https:\/\/www.revistarambla.com\/en\/wp-json\/wp\/v2\/types\/post"}],"author":[{"embeddable":true,"href":"https:\/\/www.revistarambla.com\/en\/wp-json\/wp\/v2\/users\/1"}],"replies":[{"embeddable":true,"href":"https:\/\/www.revistarambla.com\/en\/wp-json\/wp\/v2\/comments?post=1478"}],"version-history":[{"count":0,"href":"https:\/\/www.revistarambla.com\/en\/wp-json\/wp\/v2\/posts\/1478\/revisions"}],"wp:attachment":[{"href":"https:\/\/www.revistarambla.com\/en\/wp-json\/wp\/v2\/media?parent=1478"}],"wp:term":[{"taxonomy":"category","embeddable":true,"href":"https:\/\/www.revistarambla.com\/en\/wp-json\/wp\/v2\/categories?post=1478"},{"taxonomy":"post_tag","embeddable":true,"href":"https:\/\/www.revistarambla.com\/en\/wp-json\/wp\/v2\/tags?post=1478"}],"curies":[{"name":"wp","href":"https:\/\/api.w.org\/{rel}","templated":true}]}}