{"id":14714,"date":"2018-02-01T10:35:28","date_gmt":"2018-02-01T08:35:28","guid":{"rendered":"https:\/\/www.revistarambla.com\/?p=14714"},"modified":"2021-04-02T13:23:18","modified_gmt":"2021-04-02T11:23:18","slug":"confeti-la-musica-enloquecen-invierno-salou","status":"publish","type":"post","link":"https:\/\/www.revistarambla.com\/en\/confeti-la-musica-enloquecen-invierno-salou\/","title":{"rendered":"El confeti y la m\u00fasica enloquecen el invierno de Salou"},"content":{"rendered":"<p>A lo largo de casi dos semanas, las calles de Salou se llenan de innumerables actividades l\u00fadico-festivas que tienen su punto \u00e1lgido en el Coso Blanco, uno de los actos m\u00e1s concurridos del invierno tarraconense y la expresi\u00f3n m\u00e1s especial de la identidad salouense. A pesar de caer en fechas pr\u00f3ximas a Carnaval, la organizaci\u00f3n y sus participantes no quiero compararlo.<\/p>\n<p><img decoding=\"async\" class=\"aligncenter size-full wp-image-14716\" src=\"https:\/\/www.revistarambla.com\/wp-content\/uploads\/2018\/02\/revistarambla-salou-02.jpg\" alt=\"\" width=\"800\" height=\"600\" srcset=\"https:\/\/www.revistarambla.com\/wp-content\/uploads\/2018\/02\/revistarambla-salou-02.jpg 800w, https:\/\/www.revistarambla.com\/wp-content\/uploads\/2018\/02\/revistarambla-salou-02-300x225.jpg 300w, https:\/\/www.revistarambla.com\/wp-content\/uploads\/2018\/02\/revistarambla-salou-02-768x576.jpg 768w, https:\/\/www.revistarambla.com\/wp-content\/uploads\/2018\/02\/revistarambla-salou-02-500x375.jpg 500w, https:\/\/www.revistarambla.com\/wp-content\/uploads\/2018\/02\/revistarambla-salou-02-140x105.jpg 140w, https:\/\/www.revistarambla.com\/wp-content\/uploads\/2018\/02\/revistarambla-salou-02-755x566.jpg 755w, https:\/\/www.revistarambla.com\/wp-content\/uploads\/2018\/02\/revistarambla-salou-02-577x433.jpg 577w, https:\/\/www.revistarambla.com\/wp-content\/uploads\/2018\/02\/revistarambla-salou-02-407x305.jpg 407w, https:\/\/www.revistarambla.com\/wp-content\/uploads\/2018\/02\/revistarambla-salou-02-678x509.jpg 678w, https:\/\/www.revistarambla.com\/wp-content\/uploads\/2018\/02\/revistarambla-salou-02-326x245.jpg 326w, https:\/\/www.revistarambla.com\/wp-content\/uploads\/2018\/02\/revistarambla-salou-02-80x60.jpg 80w, https:\/\/www.revistarambla.com\/wp-content\/uploads\/2018\/02\/revistarambla-salou-02-600x450.jpg 600w\" sizes=\"(max-width: 800px) 100vw, 800px\" \/><\/p>\n<p>La fiesta mayor de invierno de Salou tiene sus or\u00edgenes en las celebraciones en honor a Sant Antoni que se realizaban cuando el municipio todav\u00eda pertenec\u00eda a Vila-seca. El a\u00f1o 1981, una comisi\u00f3n de fiestas le dio el actual formato, con la creaci\u00f3n de un peque\u00f1o desfile que con los a\u00f1os se convertir\u00eda en el Coso Blanco y durante el cual se lanzaban peque\u00f1os recortes de peri\u00f3dicos en lugar de confeti. Desde 1995, el Ayuntamiento asume la organizaci\u00f3n de las celebraciones.<\/p>\n<p>Seg\u00fan explican las leyendas, el Coso Blanco empez\u00f3 como una broma entre unos amigos que en un momento de la fiesta se tiraban trozos de papel. En la actualidad se trata de un acto consolidado, que a\u00f1o tras a\u00f1o va incorporando novedades, con un aumento constante de su infraestructura y de las collas participantes.<\/p>\n<p>Los actos de la Fiesta Mayor de Salou empiezan el fin de semana anterior al Coso Blanco con el preg\u00f3n de inicio de fiestas y diversidad de actos para todas las edades: baile en el \u201cenvelat\u201d, baile de grupos, cine infantil, conciertos, pasacalles, encuentro de gigantes, actividades deportivas, nominaci\u00f3n de las \u201cpubillas\u201d, o herederas, etc.<\/p>\n<p>Sin duda, el acto m\u00e1s esperado y alocado de las fiestas es el desfile del Coso Blanco. En un momento determinado, en las calles Ciutat de Reus y Barcelona, la comitiva se detiene, se apaga la m\u00fasica de las carrozas y la iluminaci\u00f3n p\u00fablica, y empieza un espect\u00e1culo de sonido, confeti y luz que hace vibrar a las m\u00e1s de 20.000 personas que se re\u00fanen. Se encienden m\u00e1s de 550 mil vatios de luz y 175 mil vatios de sonido, y se lanzan, a trav\u00e9s de 20 ca\u00f1ones, m\u00e1s de 22 toneladas de confeti de papel. Hay inscritas 25 collas m\u00e1s la carroza de las \u201cpubillas\u201d. Se trata de toda una escenificaci\u00f3n que re\u00fane a miles de personas de la demarcaci\u00f3n de Tarragona y el resto de Catalu\u00f1a.<\/p>\n<p><strong>La secuencia ritual del Coso Blanco de Salou<\/strong><\/p>\n<p>La fiesta siempre tiene lugar el primer s\u00e1bado del mes de febrero, a excepci\u00f3n de alg\u00fan a\u00f1o que se ha avanzado para no coincidir con el Carnaval. La 38\u00aa edici\u00f3n del Coso Blanco tendr\u00e1 lugar este s\u00e1bado 4 de febrero empezar\u00e1 de buena ma\u00f1ana con mucha adrenalina. A las 6 y media, arranca una sesi\u00f3n de matinadas j\u00f3venes con una Xaranga. A las 11 de la ma\u00f1ana, hay una r\u00faa matinal en el que las carrozas participantes al Coso Blanco se lucen por diferentes calles y plazas del municipio. El recorrido empieza en la calle Advocat Gallego, sigue por las calles Carrilet, Barcelona, Jaume I hasta la Estaci\u00f3n de Autobuses, Barcelona, V\u00eda Roma y nuevamente en Advocat Gallego, lugar donde finaliza. Por la tarde, a las 6 y media, se produce la salida del desfile del Coso Blanco desde la calle Advocat Gallego. El itinerario sigue por las calles Carrilet, Joan Manuel Mu\u00f1oz, Ciutat de Reus, V\u00eda Roma, Barcelona, de las S\u00ednies, Ciutat de Reus, V\u00eda Roma y nuevamente Calle Barcelona, donde finaliza. Ya de noche, hay dos propuestas musicales en el Envelat para los que quieran continuar con la fiesta. A las 10 y media, concierto joven a cargo del grupo No Words y a las 12, baile con la orquestra los Montgrins.<\/p>\n<p><strong>\u00bfSab\u00edan que hay otro Coso Blanco\u2026?<\/strong><\/p>\n<p>Salou no es el \u00fanico municipio que celebra el Coso Blanco. El primer viernes del mes de julio, la poblaci\u00f3n de Castro Urdiales (Cantabria) celebra otro tipo de connotaci\u00f3n de la fiesta bajo el mismo apodo. Se trata tambi\u00e9n de una concentraci\u00f3n de color, de m\u00fasica y confeti. Es una de las festividades m\u00e1s importantes de la ciudad y est\u00e1 catalogada de Inter\u00e9s Tur\u00edstico Nacional.<\/p>\n<p>El evento central de El Coso Blanco de Castro Urdiales es el desfile de carrozas, bellamente confeccionadas y donde se demuestran las diversas creaciones art\u00edsticas realizadas por artesanos locales cuya calidad sorprende cada a\u00f1o a vecinos y visitantes.<\/p>\n<p>El pasacalle se desarrolla en el Parque Amestoy, donde se ameniza con la presencia de las autoridades de la ciudad, comparsas y numeroso p\u00fablico que se cita para seguir \u201cin situ\u201d la batalla de bolas de confeti y serpentinas. En las carrozas, que se empiezan a preparar con muchas semanas de antelaci\u00f3n, van j\u00f3venes y ni\u00f1os y ni\u00f1as de la localidad, entre ellos y ellas se escoge por una parte Miss Coso Blanco y por otra Miss i Mister Infantil.<\/p>\n<p>C\u00f3mo pre\u00e1mbulo del desfile de Castro Urdiales, sobre las 11 de la noche hay una exhibici\u00f3n de fuegos artificiales. Adem\u00e1s, se celebran dos monumentales verbenas con toro de fuego incluidas, que dan a la noche un ambiente de magia y color.<\/p>\n<p>Se trata de un Coso Blanco, al igual que el Salou, muy sentido por los vecinos y turistas. Tambi\u00e9n cabe destacar que durante los d\u00edas previos y posteriores Castro Urdiales organiza diversidad de actividades para prolongar el ambiente.<\/p>\n<p><img decoding=\"async\" class=\"aligncenter size-full wp-image-14717\" src=\"https:\/\/www.revistarambla.com\/wp-content\/uploads\/2018\/02\/revistarambla-salou-03.jpg\" alt=\"\" width=\"800\" height=\"450\" srcset=\"https:\/\/www.revistarambla.com\/wp-content\/uploads\/2018\/02\/revistarambla-salou-03.jpg 800w, https:\/\/www.revistarambla.com\/wp-content\/uploads\/2018\/02\/revistarambla-salou-03-300x169.jpg 300w, https:\/\/www.revistarambla.com\/wp-content\/uploads\/2018\/02\/revistarambla-salou-03-768x432.jpg 768w, https:\/\/www.revistarambla.com\/wp-content\/uploads\/2018\/02\/revistarambla-salou-03-500x281.jpg 500w, https:\/\/www.revistarambla.com\/wp-content\/uploads\/2018\/02\/revistarambla-salou-03-650x366.jpg 650w, https:\/\/www.revistarambla.com\/wp-content\/uploads\/2018\/02\/revistarambla-salou-03-458x258.jpg 458w, https:\/\/www.revistarambla.com\/wp-content\/uploads\/2018\/02\/revistarambla-salou-03-678x381.jpg 678w, https:\/\/www.revistarambla.com\/wp-content\/uploads\/2018\/02\/revistarambla-salou-03-600x338.jpg 600w\" sizes=\"(max-width: 800px) 100vw, 800px\" \/><\/p>","protected":false},"excerpt":{"rendered":"<p>A lo largo de casi dos semanas, las calles de Salou se llenan de innumerables actividades l\u00fadico-festivas que tienen su punto \u00e1lgido en el Coso Blanco, uno de los actos m\u00e1s concurridos del invierno tarraconense y la expresi\u00f3n m\u00e1s especial de la identidad salouense. A pesar de caer en fechas [&hellip;]<\/p>\n","protected":false},"author":3,"featured_media":14715,"comment_status":"open","ping_status":"open","sticky":false,"template":"","format":"standard","meta":{"footnotes":""},"categories":[6,66],"tags":[],"class_list":["post-14714","post","type-post","status-publish","format-standard","has-post-thumbnail","hentry","category-ocio","category-viajes"],"yoast_head":"<!-- This site is optimized with the Yoast SEO plugin v27.5 - https:\/\/yoast.com\/product\/yoast-seo-wordpress\/ -->\n<title>El confeti y la m\u00fasica enloquecen el invierno de Salou - Revista Rambla<\/title>\n<meta name=\"robots\" content=\"index, follow, max-snippet:-1, max-image-preview:large, max-video-preview:-1\" \/>\n<link rel=\"canonical\" href=\"https:\/\/www.revistarambla.com\/en\/confeti-la-musica-enloquecen-invierno-salou\/\" \/>\n<meta property=\"og:locale\" content=\"en_GB\" \/>\n<meta property=\"og:type\" content=\"article\" \/>\n<meta property=\"og:title\" content=\"El confeti y la m\u00fasica enloquecen el invierno de Salou - Revista Rambla\" \/>\n<meta property=\"og:description\" content=\"A lo largo de casi dos semanas, las calles de Salou se llenan de innumerables actividades l\u00fadico-festivas que tienen su punto \u00e1lgido en el Coso Blanco, uno de los actos m\u00e1s concurridos del invierno tarraconense y la expresi\u00f3n m\u00e1s especial de la identidad salouense. A pesar de caer en fechas [&hellip;]\" \/>\n<meta property=\"og:url\" content=\"https:\/\/www.revistarambla.com\/en\/confeti-la-musica-enloquecen-invierno-salou\/\" \/>\n<meta property=\"og:site_name\" content=\"Revista Rambla\" \/>\n<meta property=\"article:publisher\" content=\"https:\/\/www.facebook.com\/revistarambla\/\" \/>\n<meta property=\"article:author\" content=\"https:\/\/www.facebook.com\/revistarambla\" \/>\n<meta property=\"article:published_time\" content=\"2018-02-01T08:35:28+00:00\" \/>\n<meta property=\"article:modified_time\" content=\"2021-04-02T11:23:18+00:00\" \/>\n<meta property=\"og:image\" content=\"https:\/\/i0.wp.com\/www.revistarambla.com\/wp-content\/uploads\/2018\/02\/revistarambla-salou-01.jpg?fit=800%2C533&ssl=1\" \/>\n\t<meta property=\"og:image:width\" content=\"800\" \/>\n\t<meta property=\"og:image:height\" content=\"533\" \/>\n\t<meta property=\"og:image:type\" content=\"image\/jpeg\" \/>\n<meta name=\"author\" content=\"David Prats\" \/>\n<meta name=\"twitter:card\" content=\"summary_large_image\" \/>\n<meta name=\"twitter:creator\" content=\"@revistarambla\" \/>\n<meta name=\"twitter:site\" content=\"@revistarambla\" \/>\n<meta name=\"twitter:label1\" content=\"Written by\" \/>\n\t<meta name=\"twitter:data1\" content=\"David Prats\" \/>\n\t<meta name=\"twitter:label2\" content=\"Estimated reading time\" \/>\n\t<meta name=\"twitter:data2\" content=\"5 minutes\" \/>\n<script type=\"application\/ld+json\" class=\"yoast-schema-graph\">{\"@context\":\"https:\\\/\\\/schema.org\",\"@graph\":[{\"@type\":\"Article\",\"@id\":\"https:\\\/\\\/www.revistarambla.com\\\/confeti-la-musica-enloquecen-invierno-salou\\\/#article\",\"isPartOf\":{\"@id\":\"https:\\\/\\\/www.revistarambla.com\\\/confeti-la-musica-enloquecen-invierno-salou\\\/\"},\"author\":{\"name\":\"David Prats\",\"@id\":\"https:\\\/\\\/www.revistarambla.com\\\/#\\\/schema\\\/person\\\/a146a5a2550b94981a75131180e1bd9c\"},\"headline\":\"El confeti y la m\u00fasica enloquecen el invierno de Salou\",\"datePublished\":\"2018-02-01T08:35:28+00:00\",\"dateModified\":\"2021-04-02T11:23:18+00:00\",\"mainEntityOfPage\":{\"@id\":\"https:\\\/\\\/www.revistarambla.com\\\/confeti-la-musica-enloquecen-invierno-salou\\\/\"},\"wordCount\":942,\"commentCount\":0,\"publisher\":{\"@id\":\"https:\\\/\\\/www.revistarambla.com\\\/#organization\"},\"image\":{\"@id\":\"https:\\\/\\\/www.revistarambla.com\\\/confeti-la-musica-enloquecen-invierno-salou\\\/#primaryimage\"},\"thumbnailUrl\":\"https:\\\/\\\/www.revistarambla.com\\\/wp-content\\\/uploads\\\/2018\\\/02\\\/revistarambla-salou-01.jpg\",\"articleSection\":[\"Ocio\",\"Viajes\"],\"inLanguage\":\"en-GB\",\"potentialAction\":[{\"@type\":\"CommentAction\",\"name\":\"Comment\",\"target\":[\"https:\\\/\\\/www.revistarambla.com\\\/confeti-la-musica-enloquecen-invierno-salou\\\/#respond\"]}]},{\"@type\":\"WebPage\",\"@id\":\"https:\\\/\\\/www.revistarambla.com\\\/confeti-la-musica-enloquecen-invierno-salou\\\/\",\"url\":\"https:\\\/\\\/www.revistarambla.com\\\/confeti-la-musica-enloquecen-invierno-salou\\\/\",\"name\":\"El confeti y la m\u00fasica enloquecen el invierno de Salou - Revista Rambla\",\"isPartOf\":{\"@id\":\"https:\\\/\\\/www.revistarambla.com\\\/#website\"},\"primaryImageOfPage\":{\"@id\":\"https:\\\/\\\/www.revistarambla.com\\\/confeti-la-musica-enloquecen-invierno-salou\\\/#primaryimage\"},\"image\":{\"@id\":\"https:\\\/\\\/www.revistarambla.com\\\/confeti-la-musica-enloquecen-invierno-salou\\\/#primaryimage\"},\"thumbnailUrl\":\"https:\\\/\\\/www.revistarambla.com\\\/wp-content\\\/uploads\\\/2018\\\/02\\\/revistarambla-salou-01.jpg\",\"datePublished\":\"2018-02-01T08:35:28+00:00\",\"dateModified\":\"2021-04-02T11:23:18+00:00\",\"breadcrumb\":{\"@id\":\"https:\\\/\\\/www.revistarambla.com\\\/confeti-la-musica-enloquecen-invierno-salou\\\/#breadcrumb\"},\"inLanguage\":\"en-GB\",\"potentialAction\":[{\"@type\":\"ReadAction\",\"target\":[\"https:\\\/\\\/www.revistarambla.com\\\/confeti-la-musica-enloquecen-invierno-salou\\\/\"]}]},{\"@type\":\"ImageObject\",\"inLanguage\":\"en-GB\",\"@id\":\"https:\\\/\\\/www.revistarambla.com\\\/confeti-la-musica-enloquecen-invierno-salou\\\/#primaryimage\",\"url\":\"https:\\\/\\\/www.revistarambla.com\\\/wp-content\\\/uploads\\\/2018\\\/02\\\/revistarambla-salou-01.jpg\",\"contentUrl\":\"https:\\\/\\\/www.revistarambla.com\\\/wp-content\\\/uploads\\\/2018\\\/02\\\/revistarambla-salou-01.jpg\",\"width\":800,\"height\":533},{\"@type\":\"BreadcrumbList\",\"@id\":\"https:\\\/\\\/www.revistarambla.com\\\/confeti-la-musica-enloquecen-invierno-salou\\\/#breadcrumb\",\"itemListElement\":[{\"@type\":\"ListItem\",\"position\":1,\"name\":\"Portada\",\"item\":\"https:\\\/\\\/www.revistarambla.com\\\/\"},{\"@type\":\"ListItem\",\"position\":2,\"name\":\"El confeti y la m\u00fasica enloquecen el invierno de Salou\"}]},{\"@type\":\"WebSite\",\"@id\":\"https:\\\/\\\/www.revistarambla.com\\\/#website\",\"url\":\"https:\\\/\\\/www.revistarambla.com\\\/\",\"name\":\"Revista Rambla Barcelona\",\"description\":\"Periodismo independiente\",\"publisher\":{\"@id\":\"https:\\\/\\\/www.revistarambla.com\\\/#organization\"},\"potentialAction\":[{\"@type\":\"SearchAction\",\"target\":{\"@type\":\"EntryPoint\",\"urlTemplate\":\"https:\\\/\\\/www.revistarambla.com\\\/?s={search_term_string}\"},\"query-input\":{\"@type\":\"PropertyValueSpecification\",\"valueRequired\":true,\"valueName\":\"search_term_string\"}}],\"inLanguage\":\"en-GB\"},{\"@type\":\"Organization\",\"@id\":\"https:\\\/\\\/www.revistarambla.com\\\/#organization\",\"name\":\"Revista Rambla\",\"url\":\"https:\\\/\\\/www.revistarambla.com\\\/\",\"logo\":{\"@type\":\"ImageObject\",\"inLanguage\":\"en-GB\",\"@id\":\"https:\\\/\\\/www.revistarambla.com\\\/#\\\/schema\\\/logo\\\/image\\\/\",\"url\":\"https:\\\/\\\/www.revistarambla.com\\\/wp-content\\\/uploads\\\/2020\\\/09\\\/banner_rambla_1900x600_BB.png\",\"contentUrl\":\"https:\\\/\\\/www.revistarambla.com\\\/wp-content\\\/uploads\\\/2020\\\/09\\\/banner_rambla_1900x600_BB.png\",\"width\":1900,\"height\":600,\"caption\":\"Revista Rambla\"},\"image\":{\"@id\":\"https:\\\/\\\/www.revistarambla.com\\\/#\\\/schema\\\/logo\\\/image\\\/\"},\"sameAs\":[\"https:\\\/\\\/www.facebook.com\\\/revistarambla\\\/\",\"https:\\\/\\\/x.com\\\/revistarambla\",\"https:\\\/\\\/www.instagram.com\\\/revista_rambla\",\"https:\\\/\\\/es.linkedin.com\\\/company\\\/revista-rambla\"]},{\"@type\":\"Person\",\"@id\":\"https:\\\/\\\/www.revistarambla.com\\\/#\\\/schema\\\/person\\\/a146a5a2550b94981a75131180e1bd9c\",\"name\":\"David Prats\",\"sameAs\":[\"https:\\\/\\\/www.facebook.com\\\/revistarambla\",\"https:\\\/\\\/x.com\\\/revistarambla\"]}]}<\/script>\n<!-- \/ Yoast SEO plugin. -->","yoast_head_json":{"title":"El confeti y la m\u00fasica enloquecen el invierno de Salou - Revista Rambla","robots":{"index":"index","follow":"follow","max-snippet":"max-snippet:-1","max-image-preview":"max-image-preview:large","max-video-preview":"max-video-preview:-1"},"canonical":"https:\/\/www.revistarambla.com\/en\/confeti-la-musica-enloquecen-invierno-salou\/","og_locale":"en_GB","og_type":"article","og_title":"El confeti y la m\u00fasica enloquecen el invierno de Salou - Revista Rambla","og_description":"A lo largo de casi dos semanas, las calles de Salou se llenan de innumerables actividades l\u00fadico-festivas que tienen su punto \u00e1lgido en el Coso Blanco, uno de los actos m\u00e1s concurridos del invierno tarraconense y la expresi\u00f3n m\u00e1s especial de la identidad salouense. A pesar de caer en fechas [&hellip;]","og_url":"https:\/\/www.revistarambla.com\/en\/confeti-la-musica-enloquecen-invierno-salou\/","og_site_name":"Revista Rambla","article_publisher":"https:\/\/www.facebook.com\/revistarambla\/","article_author":"https:\/\/www.facebook.com\/revistarambla","article_published_time":"2018-02-01T08:35:28+00:00","article_modified_time":"2021-04-02T11:23:18+00:00","og_image":[{"width":800,"height":533,"url":"https:\/\/i0.wp.com\/www.revistarambla.com\/wp-content\/uploads\/2018\/02\/revistarambla-salou-01.jpg?fit=800%2C533&ssl=1","type":"image\/jpeg"}],"author":"David Prats","twitter_card":"summary_large_image","twitter_creator":"@revistarambla","twitter_site":"@revistarambla","twitter_misc":{"Written by":"David Prats","Estimated reading time":"5 minutes"},"schema":{"@context":"https:\/\/schema.org","@graph":[{"@type":"Article","@id":"https:\/\/www.revistarambla.com\/confeti-la-musica-enloquecen-invierno-salou\/#article","isPartOf":{"@id":"https:\/\/www.revistarambla.com\/confeti-la-musica-enloquecen-invierno-salou\/"},"author":{"name":"David Prats","@id":"https:\/\/www.revistarambla.com\/#\/schema\/person\/a146a5a2550b94981a75131180e1bd9c"},"headline":"El confeti y la m\u00fasica enloquecen el invierno de Salou","datePublished":"2018-02-01T08:35:28+00:00","dateModified":"2021-04-02T11:23:18+00:00","mainEntityOfPage":{"@id":"https:\/\/www.revistarambla.com\/confeti-la-musica-enloquecen-invierno-salou\/"},"wordCount":942,"commentCount":0,"publisher":{"@id":"https:\/\/www.revistarambla.com\/#organization"},"image":{"@id":"https:\/\/www.revistarambla.com\/confeti-la-musica-enloquecen-invierno-salou\/#primaryimage"},"thumbnailUrl":"https:\/\/www.revistarambla.com\/wp-content\/uploads\/2018\/02\/revistarambla-salou-01.jpg","articleSection":["Ocio","Viajes"],"inLanguage":"en-GB","potentialAction":[{"@type":"CommentAction","name":"Comment","target":["https:\/\/www.revistarambla.com\/confeti-la-musica-enloquecen-invierno-salou\/#respond"]}]},{"@type":"WebPage","@id":"https:\/\/www.revistarambla.com\/confeti-la-musica-enloquecen-invierno-salou\/","url":"https:\/\/www.revistarambla.com\/confeti-la-musica-enloquecen-invierno-salou\/","name":"El confeti y la m\u00fasica enloquecen el invierno de Salou - Revista Rambla","isPartOf":{"@id":"https:\/\/www.revistarambla.com\/#website"},"primaryImageOfPage":{"@id":"https:\/\/www.revistarambla.com\/confeti-la-musica-enloquecen-invierno-salou\/#primaryimage"},"image":{"@id":"https:\/\/www.revistarambla.com\/confeti-la-musica-enloquecen-invierno-salou\/#primaryimage"},"thumbnailUrl":"https:\/\/www.revistarambla.com\/wp-content\/uploads\/2018\/02\/revistarambla-salou-01.jpg","datePublished":"2018-02-01T08:35:28+00:00","dateModified":"2021-04-02T11:23:18+00:00","breadcrumb":{"@id":"https:\/\/www.revistarambla.com\/confeti-la-musica-enloquecen-invierno-salou\/#breadcrumb"},"inLanguage":"en-GB","potentialAction":[{"@type":"ReadAction","target":["https:\/\/www.revistarambla.com\/confeti-la-musica-enloquecen-invierno-salou\/"]}]},{"@type":"ImageObject","inLanguage":"en-GB","@id":"https:\/\/www.revistarambla.com\/confeti-la-musica-enloquecen-invierno-salou\/#primaryimage","url":"https:\/\/www.revistarambla.com\/wp-content\/uploads\/2018\/02\/revistarambla-salou-01.jpg","contentUrl":"https:\/\/www.revistarambla.com\/wp-content\/uploads\/2018\/02\/revistarambla-salou-01.jpg","width":800,"height":533},{"@type":"BreadcrumbList","@id":"https:\/\/www.revistarambla.com\/confeti-la-musica-enloquecen-invierno-salou\/#breadcrumb","itemListElement":[{"@type":"ListItem","position":1,"name":"Portada","item":"https:\/\/www.revistarambla.com\/"},{"@type":"ListItem","position":2,"name":"El confeti y la m\u00fasica enloquecen el invierno de Salou"}]},{"@type":"WebSite","@id":"https:\/\/www.revistarambla.com\/#website","url":"https:\/\/www.revistarambla.com\/","name":"Revista Rambla Barcelona","description":"Periodismo independiente","publisher":{"@id":"https:\/\/www.revistarambla.com\/#organization"},"potentialAction":[{"@type":"SearchAction","target":{"@type":"EntryPoint","urlTemplate":"https:\/\/www.revistarambla.com\/?s={search_term_string}"},"query-input":{"@type":"PropertyValueSpecification","valueRequired":true,"valueName":"search_term_string"}}],"inLanguage":"en-GB"},{"@type":"Organization","@id":"https:\/\/www.revistarambla.com\/#organization","name":"Revista Rambla","url":"https:\/\/www.revistarambla.com\/","logo":{"@type":"ImageObject","inLanguage":"en-GB","@id":"https:\/\/www.revistarambla.com\/#\/schema\/logo\/image\/","url":"https:\/\/www.revistarambla.com\/wp-content\/uploads\/2020\/09\/banner_rambla_1900x600_BB.png","contentUrl":"https:\/\/www.revistarambla.com\/wp-content\/uploads\/2020\/09\/banner_rambla_1900x600_BB.png","width":1900,"height":600,"caption":"Revista Rambla"},"image":{"@id":"https:\/\/www.revistarambla.com\/#\/schema\/logo\/image\/"},"sameAs":["https:\/\/www.facebook.com\/revistarambla\/","https:\/\/x.com\/revistarambla","https:\/\/www.instagram.com\/revista_rambla","https:\/\/es.linkedin.com\/company\/revista-rambla"]},{"@type":"Person","@id":"https:\/\/www.revistarambla.com\/#\/schema\/person\/a146a5a2550b94981a75131180e1bd9c","name":"David Prats","sameAs":["https:\/\/www.facebook.com\/revistarambla","https:\/\/x.com\/revistarambla"]}]}},"_links":{"self":[{"href":"https:\/\/www.revistarambla.com\/en\/wp-json\/wp\/v2\/posts\/14714","targetHints":{"allow":["GET"]}}],"collection":[{"href":"https:\/\/www.revistarambla.com\/en\/wp-json\/wp\/v2\/posts"}],"about":[{"href":"https:\/\/www.revistarambla.com\/en\/wp-json\/wp\/v2\/types\/post"}],"author":[{"embeddable":true,"href":"https:\/\/www.revistarambla.com\/en\/wp-json\/wp\/v2\/users\/3"}],"replies":[{"embeddable":true,"href":"https:\/\/www.revistarambla.com\/en\/wp-json\/wp\/v2\/comments?post=14714"}],"version-history":[{"count":0,"href":"https:\/\/www.revistarambla.com\/en\/wp-json\/wp\/v2\/posts\/14714\/revisions"}],"wp:featuredmedia":[{"embeddable":true,"href":"https:\/\/www.revistarambla.com\/en\/wp-json\/wp\/v2\/media\/14715"}],"wp:attachment":[{"href":"https:\/\/www.revistarambla.com\/en\/wp-json\/wp\/v2\/media?parent=14714"}],"wp:term":[{"taxonomy":"category","embeddable":true,"href":"https:\/\/www.revistarambla.com\/en\/wp-json\/wp\/v2\/categories?post=14714"},{"taxonomy":"post_tag","embeddable":true,"href":"https:\/\/www.revistarambla.com\/en\/wp-json\/wp\/v2\/tags?post=14714"}],"curies":[{"name":"wp","href":"https:\/\/api.w.org\/{rel}","templated":true}]}}