{"id":14709,"date":"2018-02-01T07:59:46","date_gmt":"2018-02-01T06:59:46","guid":{"rendered":"https:\/\/www.revistarambla.com\/?p=14709"},"modified":"2021-12-07T17:19:47","modified_gmt":"2021-12-07T16:19:47","slug":"vito-iniguez-sinkope-este-disco-lo-querido-ganas-primero-sacasemos-estuvieramos-empezando","status":"publish","type":"post","link":"https:\/\/www.revistarambla.com\/en\/vito-iniguez-sinkope-este-disco-lo-querido-ganas-primero-sacasemos-estuvieramos-empezando\/","title":{"rendered":"Vito I\u00f1iguez de S\u00ednkope: \u201cEste disco lo hemos querido hacer con ganas, como si fuera el primero que sac\u00e1semos. Como si estuvi\u00e9ramos empezando\u201d"},"content":{"rendered":"<p>El pasado 26 de enero, S\u00ednkope inici\u00f3 la gira correspondiente a su decimosegundo disco \u201cEl parque de los poetas\u201d. El lugar elegido por el grupo fue la sala 2 de Razzmatazz en Barcelona. Con 25 a\u00f1os a las espaldas y con letras cargadas de poes\u00eda y denuncia social demostraron que S\u00ednkope sigue manteniendo su estilo rebelde y a la vez rom\u00e1ntico intacto.<\/p>\n<figure id=\"attachment_14711\" aria-describedby=\"caption-attachment-14711\" style=\"width: 800px\" class=\"wp-caption aligncenter\"><img decoding=\"async\" class=\"wp-image-14711 size-full\" src=\"https:\/\/www.revistarambla.com\/wp-content\/uploads\/2018\/02\/R@MBLA-sinkope-03.jpg\" alt=\"\" width=\"800\" height=\"550\" srcset=\"https:\/\/www.revistarambla.com\/wp-content\/uploads\/2018\/02\/R@MBLA-sinkope-03.jpg 800w, https:\/\/www.revistarambla.com\/wp-content\/uploads\/2018\/02\/R@MBLA-sinkope-03-300x206.jpg 300w, https:\/\/www.revistarambla.com\/wp-content\/uploads\/2018\/02\/R@MBLA-sinkope-03-768x528.jpg 768w, https:\/\/www.revistarambla.com\/wp-content\/uploads\/2018\/02\/R@MBLA-sinkope-03-500x344.jpg 500w, https:\/\/www.revistarambla.com\/wp-content\/uploads\/2018\/02\/R@MBLA-sinkope-03-630x433.jpg 630w, https:\/\/www.revistarambla.com\/wp-content\/uploads\/2018\/02\/R@MBLA-sinkope-03-444x305.jpg 444w, https:\/\/www.revistarambla.com\/wp-content\/uploads\/2018\/02\/R@MBLA-sinkope-03-600x413.jpg 600w\" sizes=\"(max-width: 800px) 100vw, 800px\" \/><figcaption id=\"caption-attachment-14711\" class=\"wp-caption-text\">Sinkope<\/figcaption><\/figure>\n<p><span style=\"line-height: 1.5;\">S\u00ednkope no defraud\u00f3, su m\u00fasica hizo que el p\u00fablico asistente cantara y saltara de forma en\u00e9rgica al ritmo de las guitarras, bater\u00eda y bajo del grupo de rock. Si algo caracteriza al grupo es su sencillez y humildad, pues despu\u00e9s de 25 a\u00f1os y el \u00e9xito otorgado por una trayectoria implacable, Vito y el resto de integrantes parecen mostrarse modestos. As\u00ed lo confirmaba el vocalista, Vito I\u00f1iguez, \u201c<\/span><em style=\"line-height: 1.5;\">nos sentimos orgullos y realizados, pues al fin y al cabo era lo que quer\u00edamos, poder vivir de ello y, lo m\u00e1s importante, que te presten atenci\u00f3n, que la gente venga a tus bolos. Esto es m\u00e1s importante que el hecho de conseguir pasta, porque la pasta al fin y al cabo se va\u201d.<\/em><\/p>\n<p>El grupo quiso iniciar el concierto con su nuevo disco, El parque de los poetas. No obstante, el grupo no opt\u00f3 por interpretar en completo el \u00faltimo disco, pues tambi\u00e9n quisieron deleitar al p\u00fablico con canciones de discos m\u00e1s antiguos, sonando temas como <em>Cuando no te pones falda<\/em>, <em>Humo de contrabando<\/em>, <em>Le voy a cobrar a tus labios tus miradas<\/em> o <em>Matar se me olvida<\/em>. Algo destacable es la capacidad l\u00edrica del cantautor, Vito I\u00f1iguez, que asegura no descubrir en \u00e9l una sensibilidad hasta no escuchar a cantautores como Victor, Jara, Silvio Rodr\u00edguez e incluso Jarcha. Reconoc\u00eda que no se considera un lector de poes\u00eda empedernido, pues aseguraba con tono c\u00f3mico, \u201c<em>Yo no le\u00eda poes\u00eda, adem\u00e1s no iba a la Biblioteca porque era franquista y no me gustaba mucho<\/em>\u201d. No obstante, s\u00ed que afirm\u00f3 su gusto por comics como V\u00edbora, Totem, Cairo, Mortadelo\u2026<\/p>\n<p>Sus composiciones no han dejado de ser llamativas denuncias a cuestiones que en pleno siglo XXI parece mentira que puedan seguir existiendo. As\u00ed reflexiona el grupo acerca del poder de una denuncia apoyada entre soles y bemoles, \u201c<em>Si es que una canci\u00f3n alimenta m\u00e1s que el hambre<\/em>\u201d, aunque tambi\u00e9n les dejaba at\u00f3nitos algunos comportamientos de un p\u00fablico que parece mostrarse incoherente, pues parece no entender el sentido de sus letras: <em>\u201cMe doy cuenta de que mucha gente no entiende el sentido de los mensajes. Mucha gente no entiende lo que cuento en mis letras y pienso: Yo no estoy hablando de esto colega, yo estoy hablando de otra cosa\u2026\u201d.<\/em><\/p>\n<p>Con alusi\u00f3n al poder de la denuncia a trav\u00e9s de la canci\u00f3n, era necesario preguntar acerca de las movilizaciones promovidas por la plataforma Milana Bonita en la comunidad extreme\u00f1a desde hace unos meses atr\u00e1s. El grupo no pudo dejar de expresar un profundo rechazo a la introducci\u00f3n del AVE en la regi\u00f3n. Ferdi \u00abGato\u00bb Hern\u00e1ndez, bater\u00eda del grupo, indicaba que \u201c<em>la gente estaba empe\u00f1ada con el AVE en Extremadura. Los ecologistas no quer\u00edan que hubiera AVE en Extremadura. Lo que no puede ser que exijamos un AVE y no tengamos ni un tren que nos lleve a Madrid dignamente. Nosotros no podemos ir a Salamanca, no hay una red de comunicaciones digna, como tienen otras comunidades y la sociedad est\u00e1 empe\u00f1ada con el AVE. Y yo me pregunto para que quieres el AVE, si no vas a poder viajar en \u00e9l<\/em>\u201d. Respuesta que se vio reforzada por el bajista del grupo, Miguel \u00c1lvarez, que admit\u00eda conocer de cerca el problema del tren en Extremadura desde dentro, \u201c<em>Cuando un tren pasa por un t\u00fanel tiene que ir a 40 Kms\/h. Esos t\u00faneles llevan desde el siglo XVIII, por una raz\u00f3n hist\u00f3rica y por inter\u00e9s de algunos se\u00f1ores due\u00f1os de las minas que hab\u00eda por entonces, los caciques\u201d.<\/em><\/p>\n<p>El grupo quiso tambi\u00e9n hacer hincapi\u00e9 en qu\u00e9 en Extremadura hay esp\u00edritu de lucha, pero a\u00fan le queda un largo camino. Hern\u00e1ndez apuntaba que paulatinamente se van haciendo cosas, pero se\u00f1ala que en Extremadura hay un mill\u00f3n de habitantes y todos ellos se encuentran muy dispersos, por lo que la uni\u00f3n por la lucha se muestra complicada. No obstante, a\u00f1ad\u00eda que\u00a0\u00a0\u00a0\u00a0 \u201dexisten<em> movimientos como Campamento Dignidad, que tambi\u00e9n est\u00e1n haciendo cosas. El primer campamento dignidad fue en M\u00e9rida, que estuvieron tres meses afincados en la puerta del INEM en M\u00e9rida y se hicieron muchas cosas, fueron pioneros a nivel nacional, en la actualidad existen muchos campamentos dignidad (\u2026.)<\/em> <em>Es muy dif\u00edcil cambiar a una sociedad entera, es imposible. Adem\u00e1s de que hay una parte importante de la poblaci\u00f3n con edad avanzada, que son votantes del PSOE a \u201cjierro<\/em>\u201d\u201d<\/p>\n<p>Dejando atr\u00e1s las tem\u00e1ticas sociales y pol\u00edticas referentes a la comunidad extreme\u00f1a, la entrevista fue otra vez a parar al \u00e1mbito musical y m\u00e1s concretamente al \u00faltimo disco de la banda. Una de las canciones del disco, la cual recibe el nombre de <em>Si querer me va a doler<\/em>, pone de manifiesto el dolor que produce el querer a una persona. El cantautor no dudo en explicar el mensaje que quieres transmitir con este tema. \u00c9l mismo explicaba la importancia de distinguir dos verbos que, con frecuencia, son confundidos. <em>\u201cQuerer es poseer mientras que amar es libertad (\u2026) Si amas en realidad, tienes que dejar que la persona vuele y que haga lo que quiera y si no somos propiedad y a m\u00ed eso no me gusta. Lo de no te pongas esa falda, o no te pongas ese escote, no salgas as\u00ed y utilicen eso como una justificaci\u00f3n del amor que sientes por una persona me parece un error\u201d<\/em>.<\/p>\n<p>I\u00f1iguez concluy\u00f3 aportando su visi\u00f3n acerca a la pol\u00e9mica pol\u00edtica que actualmente tiene lugar en Catalu\u00f1a: la independencia, el refer\u00e9ndum y los presos pol\u00edticos\u2026 \u201c<em>A m\u00ed desde siempre me ha gustado decidir por m\u00ed mismo y siempre estoy a favor de que la gente decida por s\u00ed misma sea lo que sea (\u2026) A m\u00ed, a veces hasta me da envidia de que la gente salga y se manifieste y all\u00ed nos mostramos impasibles ante lo que ocurre. Tenemos que pensar m\u00e1s por nosotros mismos. Yo no estoy a favor de la independencia, pero si estoy a favor de que la gente decida<\/em>\u201d. Vito no dud\u00f3 en mostrar su enfado y malestar por el mal hacer del gobierno del Estado, <em>\u201cHan estado tapando los problemas que realmente importan, han dedicado tres meses a hablar de la independencia. Esto se podr\u00eda haber evitado si los hubieran escuchado. Hace 10 a\u00f1os eran 3 independentistas, y yo pregunto, \u00bfpor qu\u00e9 son tantos ahora? Esc\u00fachalos, \u00bfTan dif\u00edcil es entenderse?\u201d<\/em><\/p>\n<p>Durante los pr\u00f3ximos meses Sinkope recorrer\u00e1 la geograf\u00eda espa\u00f1ola presentando sus canciones. Estar\u00e1 el 16 de febrero en Valencia en la sala Repvblicca, el 17 tocar\u00e1n en Alicante en la sala Marearock. El 24 de febrero estar\u00e1n en la afamada sala madrile\u00f1a, la Riviera. El 2 de marzo tocaran en Bilbao en la sala Stage Live y un d\u00eda despu\u00e9s se podr\u00e1 disfrutar de su m\u00fasica en Salamanca en la sala Camelot. La gira del grupo extreme\u00f1o se alargar\u00e1 hasta verano, los d\u00edas 5, 6 y 7 de julio estar\u00e1n en Barbate (C\u00e1diz) dentro del marco del Festival Cabo de Plata. El grupo tambi\u00e9n forma parte del cartel del festival A Cop de Rock de Tarragona, los d\u00edas 20-21 de julio tocar\u00e1n en este festival y culminar\u00e1n la gira el d\u00eda 28 de julio en el festival Arbo Rock en Pontevedra.<\/p>\n<p><img decoding=\"async\" class=\"aligncenter size-full wp-image-14712\" src=\"https:\/\/www.revistarambla.com\/wp-content\/uploads\/2018\/02\/R@MBLA-sinkope-01.jpg\" alt=\"\" width=\"800\" height=\"484\" srcset=\"https:\/\/www.revistarambla.com\/wp-content\/uploads\/2018\/02\/R@MBLA-sinkope-01.jpg 800w, https:\/\/www.revistarambla.com\/wp-content\/uploads\/2018\/02\/R@MBLA-sinkope-01-300x182.jpg 300w, https:\/\/www.revistarambla.com\/wp-content\/uploads\/2018\/02\/R@MBLA-sinkope-01-768x465.jpg 768w, https:\/\/www.revistarambla.com\/wp-content\/uploads\/2018\/02\/R@MBLA-sinkope-01-500x303.jpg 500w, https:\/\/www.revistarambla.com\/wp-content\/uploads\/2018\/02\/R@MBLA-sinkope-01-650x393.jpg 650w, https:\/\/www.revistarambla.com\/wp-content\/uploads\/2018\/02\/R@MBLA-sinkope-01-458x277.jpg 458w, https:\/\/www.revistarambla.com\/wp-content\/uploads\/2018\/02\/R@MBLA-sinkope-01-600x363.jpg 600w\" sizes=\"(max-width: 800px) 100vw, 800px\" \/><\/p>","protected":false},"excerpt":{"rendered":"<p>El pasado 26 de enero, S\u00ednkope inici\u00f3 la gira correspondiente a su decimosegundo disco \u201cEl parque de los poetas\u201d. El lugar elegido por el grupo fue la sala 2 de Razzmatazz en Barcelona. Con 25 a\u00f1os a las espaldas y con letras cargadas de poes\u00eda y denuncia social demostraron que [&hellip;]<\/p>\n","protected":false},"author":19,"featured_media":14710,"comment_status":"open","ping_status":"open","sticky":false,"template":"","format":"standard","meta":{"footnotes":""},"categories":[4,65],"tags":[],"class_list":["post-14709","post","type-post","status-publish","format-standard","has-post-thumbnail","hentry","category-cultura","category-musica"],"yoast_head":"<!-- This site is optimized with the Yoast SEO plugin v27.5 - https:\/\/yoast.com\/product\/yoast-seo-wordpress\/ -->\n<title>Vito I\u00f1iguez de S\u00ednkope: \u201cEste disco lo hemos querido hacer con ganas, como si fuera el primero que sac\u00e1semos. Como si estuvi\u00e9ramos empezando\u201d - Revista Rambla<\/title>\n<meta name=\"robots\" content=\"index, follow, max-snippet:-1, max-image-preview:large, max-video-preview:-1\" \/>\n<link rel=\"canonical\" href=\"https:\/\/www.revistarambla.com\/en\/vito-iniguez-sinkope-este-disco-lo-querido-ganas-primero-sacasemos-estuvieramos-empezando\/\" \/>\n<meta property=\"og:locale\" content=\"en_GB\" \/>\n<meta property=\"og:type\" content=\"article\" \/>\n<meta property=\"og:title\" content=\"Vito I\u00f1iguez de S\u00ednkope: \u201cEste disco lo hemos querido hacer con ganas, como si fuera el primero que sac\u00e1semos. Como si estuvi\u00e9ramos empezando\u201d - Revista Rambla\" \/>\n<meta property=\"og:description\" content=\"El pasado 26 de enero, S\u00ednkope inici\u00f3 la gira correspondiente a su decimosegundo disco \u201cEl parque de los poetas\u201d. El lugar elegido por el grupo fue la sala 2 de Razzmatazz en Barcelona. Con 25 a\u00f1os a las espaldas y con letras cargadas de poes\u00eda y denuncia social demostraron que [&hellip;]\" \/>\n<meta property=\"og:url\" content=\"https:\/\/www.revistarambla.com\/en\/vito-iniguez-sinkope-este-disco-lo-querido-ganas-primero-sacasemos-estuvieramos-empezando\/\" \/>\n<meta property=\"og:site_name\" content=\"Revista Rambla\" \/>\n<meta property=\"article:publisher\" content=\"https:\/\/www.facebook.com\/revistarambla\/\" \/>\n<meta property=\"article:author\" content=\"https:\/\/www.facebook.com\/paula.marchalluque\" \/>\n<meta property=\"article:published_time\" content=\"2018-02-01T06:59:46+00:00\" \/>\n<meta property=\"article:modified_time\" content=\"2021-12-07T16:19:47+00:00\" \/>\n<meta property=\"og:image\" content=\"https:\/\/www.revistarambla.com\/wp-content\/uploads\/2018\/02\/R@MBLA-sinkope-02.jpg\" \/>\n\t<meta property=\"og:image:width\" content=\"800\" \/>\n\t<meta property=\"og:image:height\" content=\"502\" \/>\n\t<meta property=\"og:image:type\" content=\"image\/jpeg\" \/>\n<meta name=\"author\" content=\"Paula Marchal Luque\" \/>\n<meta name=\"twitter:card\" content=\"summary_large_image\" \/>\n<meta name=\"twitter:creator\" content=\"@MarchalPaula\" \/>\n<meta name=\"twitter:site\" content=\"@revistarambla\" \/>\n<meta name=\"twitter:label1\" content=\"Written by\" \/>\n\t<meta name=\"twitter:data1\" content=\"Paula Marchal Luque\" \/>\n\t<meta name=\"twitter:label2\" content=\"Estimated reading time\" \/>\n\t<meta name=\"twitter:data2\" content=\"6 minutes\" \/>\n<script type=\"application\/ld+json\" class=\"yoast-schema-graph\">{\"@context\":\"https:\\\/\\\/schema.org\",\"@graph\":[{\"@type\":\"Article\",\"@id\":\"https:\\\/\\\/www.revistarambla.com\\\/vito-iniguez-sinkope-este-disco-lo-querido-ganas-primero-sacasemos-estuvieramos-empezando\\\/#article\",\"isPartOf\":{\"@id\":\"https:\\\/\\\/www.revistarambla.com\\\/vito-iniguez-sinkope-este-disco-lo-querido-ganas-primero-sacasemos-estuvieramos-empezando\\\/\"},\"author\":{\"name\":\"Paula Marchal Luque\",\"@id\":\"https:\\\/\\\/www.revistarambla.com\\\/#\\\/schema\\\/person\\\/9be16aabd69f3f17629b43df9ab12932\"},\"headline\":\"Vito I\u00f1iguez de S\u00ednkope: \u201cEste disco lo hemos querido hacer con ganas, como si fuera el primero que sac\u00e1semos. Como si estuvi\u00e9ramos empezando\u201d\",\"datePublished\":\"2018-02-01T06:59:46+00:00\",\"dateModified\":\"2021-12-07T16:19:47+00:00\",\"mainEntityOfPage\":{\"@id\":\"https:\\\/\\\/www.revistarambla.com\\\/vito-iniguez-sinkope-este-disco-lo-querido-ganas-primero-sacasemos-estuvieramos-empezando\\\/\"},\"wordCount\":1371,\"commentCount\":0,\"publisher\":{\"@id\":\"https:\\\/\\\/www.revistarambla.com\\\/#organization\"},\"image\":{\"@id\":\"https:\\\/\\\/www.revistarambla.com\\\/vito-iniguez-sinkope-este-disco-lo-querido-ganas-primero-sacasemos-estuvieramos-empezando\\\/#primaryimage\"},\"thumbnailUrl\":\"https:\\\/\\\/www.revistarambla.com\\\/wp-content\\\/uploads\\\/2018\\\/02\\\/R@MBLA-sinkope-02.jpg\",\"articleSection\":[\"Cultura\",\"M\u00fasica\"],\"inLanguage\":\"en-GB\",\"potentialAction\":[{\"@type\":\"CommentAction\",\"name\":\"Comment\",\"target\":[\"https:\\\/\\\/www.revistarambla.com\\\/vito-iniguez-sinkope-este-disco-lo-querido-ganas-primero-sacasemos-estuvieramos-empezando\\\/#respond\"]}]},{\"@type\":\"WebPage\",\"@id\":\"https:\\\/\\\/www.revistarambla.com\\\/vito-iniguez-sinkope-este-disco-lo-querido-ganas-primero-sacasemos-estuvieramos-empezando\\\/\",\"url\":\"https:\\\/\\\/www.revistarambla.com\\\/vito-iniguez-sinkope-este-disco-lo-querido-ganas-primero-sacasemos-estuvieramos-empezando\\\/\",\"name\":\"Vito I\u00f1iguez de S\u00ednkope: \u201cEste disco lo hemos querido hacer con ganas, como si fuera el primero que sac\u00e1semos. Como si estuvi\u00e9ramos empezando\u201d - Revista Rambla\",\"isPartOf\":{\"@id\":\"https:\\\/\\\/www.revistarambla.com\\\/#website\"},\"primaryImageOfPage\":{\"@id\":\"https:\\\/\\\/www.revistarambla.com\\\/vito-iniguez-sinkope-este-disco-lo-querido-ganas-primero-sacasemos-estuvieramos-empezando\\\/#primaryimage\"},\"image\":{\"@id\":\"https:\\\/\\\/www.revistarambla.com\\\/vito-iniguez-sinkope-este-disco-lo-querido-ganas-primero-sacasemos-estuvieramos-empezando\\\/#primaryimage\"},\"thumbnailUrl\":\"https:\\\/\\\/www.revistarambla.com\\\/wp-content\\\/uploads\\\/2018\\\/02\\\/R@MBLA-sinkope-02.jpg\",\"datePublished\":\"2018-02-01T06:59:46+00:00\",\"dateModified\":\"2021-12-07T16:19:47+00:00\",\"breadcrumb\":{\"@id\":\"https:\\\/\\\/www.revistarambla.com\\\/vito-iniguez-sinkope-este-disco-lo-querido-ganas-primero-sacasemos-estuvieramos-empezando\\\/#breadcrumb\"},\"inLanguage\":\"en-GB\",\"potentialAction\":[{\"@type\":\"ReadAction\",\"target\":[\"https:\\\/\\\/www.revistarambla.com\\\/vito-iniguez-sinkope-este-disco-lo-querido-ganas-primero-sacasemos-estuvieramos-empezando\\\/\"]}]},{\"@type\":\"ImageObject\",\"inLanguage\":\"en-GB\",\"@id\":\"https:\\\/\\\/www.revistarambla.com\\\/vito-iniguez-sinkope-este-disco-lo-querido-ganas-primero-sacasemos-estuvieramos-empezando\\\/#primaryimage\",\"url\":\"https:\\\/\\\/www.revistarambla.com\\\/wp-content\\\/uploads\\\/2018\\\/02\\\/R@MBLA-sinkope-02.jpg\",\"contentUrl\":\"https:\\\/\\\/www.revistarambla.com\\\/wp-content\\\/uploads\\\/2018\\\/02\\\/R@MBLA-sinkope-02.jpg\",\"width\":800,\"height\":502},{\"@type\":\"BreadcrumbList\",\"@id\":\"https:\\\/\\\/www.revistarambla.com\\\/vito-iniguez-sinkope-este-disco-lo-querido-ganas-primero-sacasemos-estuvieramos-empezando\\\/#breadcrumb\",\"itemListElement\":[{\"@type\":\"ListItem\",\"position\":1,\"name\":\"Portada\",\"item\":\"https:\\\/\\\/www.revistarambla.com\\\/\"},{\"@type\":\"ListItem\",\"position\":2,\"name\":\"Vito I\u00f1iguez de S\u00ednkope: \u201cEste disco lo hemos querido hacer con ganas, como si fuera el primero que sac\u00e1semos. Como si estuvi\u00e9ramos empezando\u201d\"}]},{\"@type\":\"WebSite\",\"@id\":\"https:\\\/\\\/www.revistarambla.com\\\/#website\",\"url\":\"https:\\\/\\\/www.revistarambla.com\\\/\",\"name\":\"Revista Rambla Barcelona\",\"description\":\"Periodismo independiente\",\"publisher\":{\"@id\":\"https:\\\/\\\/www.revistarambla.com\\\/#organization\"},\"potentialAction\":[{\"@type\":\"SearchAction\",\"target\":{\"@type\":\"EntryPoint\",\"urlTemplate\":\"https:\\\/\\\/www.revistarambla.com\\\/?s={search_term_string}\"},\"query-input\":{\"@type\":\"PropertyValueSpecification\",\"valueRequired\":true,\"valueName\":\"search_term_string\"}}],\"inLanguage\":\"en-GB\"},{\"@type\":\"Organization\",\"@id\":\"https:\\\/\\\/www.revistarambla.com\\\/#organization\",\"name\":\"Revista Rambla\",\"url\":\"https:\\\/\\\/www.revistarambla.com\\\/\",\"logo\":{\"@type\":\"ImageObject\",\"inLanguage\":\"en-GB\",\"@id\":\"https:\\\/\\\/www.revistarambla.com\\\/#\\\/schema\\\/logo\\\/image\\\/\",\"url\":\"https:\\\/\\\/www.revistarambla.com\\\/wp-content\\\/uploads\\\/2020\\\/09\\\/banner_rambla_1900x600_BB.png\",\"contentUrl\":\"https:\\\/\\\/www.revistarambla.com\\\/wp-content\\\/uploads\\\/2020\\\/09\\\/banner_rambla_1900x600_BB.png\",\"width\":1900,\"height\":600,\"caption\":\"Revista Rambla\"},\"image\":{\"@id\":\"https:\\\/\\\/www.revistarambla.com\\\/#\\\/schema\\\/logo\\\/image\\\/\"},\"sameAs\":[\"https:\\\/\\\/www.facebook.com\\\/revistarambla\\\/\",\"https:\\\/\\\/x.com\\\/revistarambla\",\"https:\\\/\\\/www.instagram.com\\\/revista_rambla\",\"https:\\\/\\\/es.linkedin.com\\\/company\\\/revista-rambla\"]},{\"@type\":\"Person\",\"@id\":\"https:\\\/\\\/www.revistarambla.com\\\/#\\\/schema\\\/person\\\/9be16aabd69f3f17629b43df9ab12932\",\"name\":\"Paula Marchal Luque\",\"description\":\"Periodista especializada en m\u00fasica, cultura y sociedad.\",\"sameAs\":[\"https:\\\/\\\/www.facebook.com\\\/paula.marchalluque\",\"https:\\\/\\\/x.com\\\/MarchalPaula\"]}]}<\/script>\n<!-- \/ Yoast SEO plugin. -->","yoast_head_json":{"title":"Vito I\u00f1iguez de S\u00ednkope: \u201cEste disco lo hemos querido hacer con ganas, como si fuera el primero que sac\u00e1semos. Como si estuvi\u00e9ramos empezando\u201d - Revista Rambla","robots":{"index":"index","follow":"follow","max-snippet":"max-snippet:-1","max-image-preview":"max-image-preview:large","max-video-preview":"max-video-preview:-1"},"canonical":"https:\/\/www.revistarambla.com\/en\/vito-iniguez-sinkope-este-disco-lo-querido-ganas-primero-sacasemos-estuvieramos-empezando\/","og_locale":"en_GB","og_type":"article","og_title":"Vito I\u00f1iguez de S\u00ednkope: \u201cEste disco lo hemos querido hacer con ganas, como si fuera el primero que sac\u00e1semos. Como si estuvi\u00e9ramos empezando\u201d - Revista Rambla","og_description":"El pasado 26 de enero, S\u00ednkope inici\u00f3 la gira correspondiente a su decimosegundo disco \u201cEl parque de los poetas\u201d. El lugar elegido por el grupo fue la sala 2 de Razzmatazz en Barcelona. Con 25 a\u00f1os a las espaldas y con letras cargadas de poes\u00eda y denuncia social demostraron que [&hellip;]","og_url":"https:\/\/www.revistarambla.com\/en\/vito-iniguez-sinkope-este-disco-lo-querido-ganas-primero-sacasemos-estuvieramos-empezando\/","og_site_name":"Revista Rambla","article_publisher":"https:\/\/www.facebook.com\/revistarambla\/","article_author":"https:\/\/www.facebook.com\/paula.marchalluque","article_published_time":"2018-02-01T06:59:46+00:00","article_modified_time":"2021-12-07T16:19:47+00:00","og_image":[{"width":800,"height":502,"url":"https:\/\/www.revistarambla.com\/wp-content\/uploads\/2018\/02\/R@MBLA-sinkope-02.jpg","type":"image\/jpeg"}],"author":"Paula Marchal Luque","twitter_card":"summary_large_image","twitter_creator":"@MarchalPaula","twitter_site":"@revistarambla","twitter_misc":{"Written by":"Paula Marchal Luque","Estimated reading time":"6 minutes"},"schema":{"@context":"https:\/\/schema.org","@graph":[{"@type":"Article","@id":"https:\/\/www.revistarambla.com\/vito-iniguez-sinkope-este-disco-lo-querido-ganas-primero-sacasemos-estuvieramos-empezando\/#article","isPartOf":{"@id":"https:\/\/www.revistarambla.com\/vito-iniguez-sinkope-este-disco-lo-querido-ganas-primero-sacasemos-estuvieramos-empezando\/"},"author":{"name":"Paula Marchal Luque","@id":"https:\/\/www.revistarambla.com\/#\/schema\/person\/9be16aabd69f3f17629b43df9ab12932"},"headline":"Vito I\u00f1iguez de S\u00ednkope: \u201cEste disco lo hemos querido hacer con ganas, como si fuera el primero que sac\u00e1semos. Como si estuvi\u00e9ramos empezando\u201d","datePublished":"2018-02-01T06:59:46+00:00","dateModified":"2021-12-07T16:19:47+00:00","mainEntityOfPage":{"@id":"https:\/\/www.revistarambla.com\/vito-iniguez-sinkope-este-disco-lo-querido-ganas-primero-sacasemos-estuvieramos-empezando\/"},"wordCount":1371,"commentCount":0,"publisher":{"@id":"https:\/\/www.revistarambla.com\/#organization"},"image":{"@id":"https:\/\/www.revistarambla.com\/vito-iniguez-sinkope-este-disco-lo-querido-ganas-primero-sacasemos-estuvieramos-empezando\/#primaryimage"},"thumbnailUrl":"https:\/\/www.revistarambla.com\/wp-content\/uploads\/2018\/02\/R@MBLA-sinkope-02.jpg","articleSection":["Cultura","M\u00fasica"],"inLanguage":"en-GB","potentialAction":[{"@type":"CommentAction","name":"Comment","target":["https:\/\/www.revistarambla.com\/vito-iniguez-sinkope-este-disco-lo-querido-ganas-primero-sacasemos-estuvieramos-empezando\/#respond"]}]},{"@type":"WebPage","@id":"https:\/\/www.revistarambla.com\/vito-iniguez-sinkope-este-disco-lo-querido-ganas-primero-sacasemos-estuvieramos-empezando\/","url":"https:\/\/www.revistarambla.com\/vito-iniguez-sinkope-este-disco-lo-querido-ganas-primero-sacasemos-estuvieramos-empezando\/","name":"Vito I\u00f1iguez de S\u00ednkope: \u201cEste disco lo hemos querido hacer con ganas, como si fuera el primero que sac\u00e1semos. Como si estuvi\u00e9ramos empezando\u201d - Revista Rambla","isPartOf":{"@id":"https:\/\/www.revistarambla.com\/#website"},"primaryImageOfPage":{"@id":"https:\/\/www.revistarambla.com\/vito-iniguez-sinkope-este-disco-lo-querido-ganas-primero-sacasemos-estuvieramos-empezando\/#primaryimage"},"image":{"@id":"https:\/\/www.revistarambla.com\/vito-iniguez-sinkope-este-disco-lo-querido-ganas-primero-sacasemos-estuvieramos-empezando\/#primaryimage"},"thumbnailUrl":"https:\/\/www.revistarambla.com\/wp-content\/uploads\/2018\/02\/R@MBLA-sinkope-02.jpg","datePublished":"2018-02-01T06:59:46+00:00","dateModified":"2021-12-07T16:19:47+00:00","breadcrumb":{"@id":"https:\/\/www.revistarambla.com\/vito-iniguez-sinkope-este-disco-lo-querido-ganas-primero-sacasemos-estuvieramos-empezando\/#breadcrumb"},"inLanguage":"en-GB","potentialAction":[{"@type":"ReadAction","target":["https:\/\/www.revistarambla.com\/vito-iniguez-sinkope-este-disco-lo-querido-ganas-primero-sacasemos-estuvieramos-empezando\/"]}]},{"@type":"ImageObject","inLanguage":"en-GB","@id":"https:\/\/www.revistarambla.com\/vito-iniguez-sinkope-este-disco-lo-querido-ganas-primero-sacasemos-estuvieramos-empezando\/#primaryimage","url":"https:\/\/www.revistarambla.com\/wp-content\/uploads\/2018\/02\/R@MBLA-sinkope-02.jpg","contentUrl":"https:\/\/www.revistarambla.com\/wp-content\/uploads\/2018\/02\/R@MBLA-sinkope-02.jpg","width":800,"height":502},{"@type":"BreadcrumbList","@id":"https:\/\/www.revistarambla.com\/vito-iniguez-sinkope-este-disco-lo-querido-ganas-primero-sacasemos-estuvieramos-empezando\/#breadcrumb","itemListElement":[{"@type":"ListItem","position":1,"name":"Portada","item":"https:\/\/www.revistarambla.com\/"},{"@type":"ListItem","position":2,"name":"Vito I\u00f1iguez de S\u00ednkope: \u201cEste disco lo hemos querido hacer con ganas, como si fuera el primero que sac\u00e1semos. Como si estuvi\u00e9ramos empezando\u201d"}]},{"@type":"WebSite","@id":"https:\/\/www.revistarambla.com\/#website","url":"https:\/\/www.revistarambla.com\/","name":"Revista Rambla Barcelona","description":"Periodismo independiente","publisher":{"@id":"https:\/\/www.revistarambla.com\/#organization"},"potentialAction":[{"@type":"SearchAction","target":{"@type":"EntryPoint","urlTemplate":"https:\/\/www.revistarambla.com\/?s={search_term_string}"},"query-input":{"@type":"PropertyValueSpecification","valueRequired":true,"valueName":"search_term_string"}}],"inLanguage":"en-GB"},{"@type":"Organization","@id":"https:\/\/www.revistarambla.com\/#organization","name":"Revista Rambla","url":"https:\/\/www.revistarambla.com\/","logo":{"@type":"ImageObject","inLanguage":"en-GB","@id":"https:\/\/www.revistarambla.com\/#\/schema\/logo\/image\/","url":"https:\/\/www.revistarambla.com\/wp-content\/uploads\/2020\/09\/banner_rambla_1900x600_BB.png","contentUrl":"https:\/\/www.revistarambla.com\/wp-content\/uploads\/2020\/09\/banner_rambla_1900x600_BB.png","width":1900,"height":600,"caption":"Revista Rambla"},"image":{"@id":"https:\/\/www.revistarambla.com\/#\/schema\/logo\/image\/"},"sameAs":["https:\/\/www.facebook.com\/revistarambla\/","https:\/\/x.com\/revistarambla","https:\/\/www.instagram.com\/revista_rambla","https:\/\/es.linkedin.com\/company\/revista-rambla"]},{"@type":"Person","@id":"https:\/\/www.revistarambla.com\/#\/schema\/person\/9be16aabd69f3f17629b43df9ab12932","name":"Paula Marchal Luque","description":"Periodista especializada en m\u00fasica, cultura y sociedad.","sameAs":["https:\/\/www.facebook.com\/paula.marchalluque","https:\/\/x.com\/MarchalPaula"]}]}},"_links":{"self":[{"href":"https:\/\/www.revistarambla.com\/en\/wp-json\/wp\/v2\/posts\/14709","targetHints":{"allow":["GET"]}}],"collection":[{"href":"https:\/\/www.revistarambla.com\/en\/wp-json\/wp\/v2\/posts"}],"about":[{"href":"https:\/\/www.revistarambla.com\/en\/wp-json\/wp\/v2\/types\/post"}],"author":[{"embeddable":true,"href":"https:\/\/www.revistarambla.com\/en\/wp-json\/wp\/v2\/users\/19"}],"replies":[{"embeddable":true,"href":"https:\/\/www.revistarambla.com\/en\/wp-json\/wp\/v2\/comments?post=14709"}],"version-history":[{"count":0,"href":"https:\/\/www.revistarambla.com\/en\/wp-json\/wp\/v2\/posts\/14709\/revisions"}],"wp:featuredmedia":[{"embeddable":true,"href":"https:\/\/www.revistarambla.com\/en\/wp-json\/wp\/v2\/media\/14710"}],"wp:attachment":[{"href":"https:\/\/www.revistarambla.com\/en\/wp-json\/wp\/v2\/media?parent=14709"}],"wp:term":[{"taxonomy":"category","embeddable":true,"href":"https:\/\/www.revistarambla.com\/en\/wp-json\/wp\/v2\/categories?post=14709"},{"taxonomy":"post_tag","embeddable":true,"href":"https:\/\/www.revistarambla.com\/en\/wp-json\/wp\/v2\/tags?post=14709"}],"curies":[{"name":"wp","href":"https:\/\/api.w.org\/{rel}","templated":true}]}}