{"id":14703,"date":"2018-01-31T18:04:38","date_gmt":"2018-01-31T17:04:38","guid":{"rendered":"https:\/\/www.revistarambla.com\/?p=14703"},"modified":"2021-02-03T19:17:24","modified_gmt":"2021-02-03T18:17:24","slug":"inmunidades-e-impunidades","status":"publish","type":"post","link":"https:\/\/www.revistarambla.com\/en\/inmunidades-e-impunidades\/","title":{"rendered":"Inmunidades e impunidades"},"content":{"rendered":"<p>La voluntad del pueblo de Catalunya qued\u00f3 aplazada ayer, d\u00eda previsto para la investidura del presidente de la Generalitat, con Carles Puigdemont en el punto de mira. Roger Torrent afirma que quiere garantizar la inmunidad de Puigdemont y afrontar una sesi\u00f3n de proclamaci\u00f3n con todas las garant\u00edas. Parece ser que las autoridades del Parlament siguen confiando en que las resoluciones judiciales se ajusten a derecho y dejen de ser reinterpretaciones de ley a la carta.<\/p>\n<figure id=\"attachment_14705\" aria-describedby=\"caption-attachment-14705\" style=\"width: 300px\" class=\"wp-caption alignright\"><a href=\"https:\/\/www.revistarambla.com\/wp-content\/uploads\/2018\/01\/REVISTAR2MBLAPUIGDEMONT-02.jpg\"><img decoding=\"async\" class=\"wp-image-14705\" src=\"https:\/\/www.revistarambla.com\/wp-content\/uploads\/2018\/01\/REVISTAR2MBLAPUIGDEMONT-02.jpg\" alt=\"\" width=\"300\" height=\"548\" srcset=\"https:\/\/www.revistarambla.com\/wp-content\/uploads\/2018\/01\/REVISTAR2MBLAPUIGDEMONT-02.jpg 438w, https:\/\/www.revistarambla.com\/wp-content\/uploads\/2018\/01\/REVISTAR2MBLAPUIGDEMONT-02-164x300.jpg 164w, https:\/\/www.revistarambla.com\/wp-content\/uploads\/2018\/01\/REVISTAR2MBLAPUIGDEMONT-02-310x566.jpg 310w, https:\/\/www.revistarambla.com\/wp-content\/uploads\/2018\/01\/REVISTAR2MBLAPUIGDEMONT-02-237x433.jpg 237w, https:\/\/www.revistarambla.com\/wp-content\/uploads\/2018\/01\/REVISTAR2MBLAPUIGDEMONT-02-167x305.jpg 167w\" sizes=\"(max-width: 300px) 100vw, 300px\" \/><\/a><figcaption id=\"caption-attachment-14705\" class=\"wp-caption-text\">Ilustra Ricardo Jurado.<\/figcaption><\/figure>\n<p>El gobierno espa\u00f1ol desea con todas sus fuerzas hacer jaque mate al independentismo y dar en la diana con la detenci\u00f3n de Puigdemont, una imagen que seguramente no remover\u00eda nada en las consciencias europeas. Un deseo que nos ha dejado estampas tan grotescas como el registro del maletero del taxi que llevaba al diputado Xavier Dom\u00e8nech al Parlament, como si la neutralidad de su partido en el asunto catal\u00e1n fuese una estrategia para esconder \u201cfugitivos independentistas\u201d y ayudarles en su cometido.<\/p>\n<p>Puigdemont y el gobierno elegido en la pasada legislatura est\u00e1n gastando los \u00faltimos cartuchos que les quedan para hacer posible el sue\u00f1o catal\u00e1n de ver constituida su rep\u00fablica. Insisten en hacer prevalecer la voluntad del pueblo, aunque el muro del autoritarismo sea cada vez m\u00e1s alto. El castigo al proceso independentista es m\u00e1s que evidente y la impunidad de aquellos que viven amparados en los art\u00edculos de una Constituci\u00f3n obsoleta, tambi\u00e9n.<\/p>\n<p>Ya hace tres meses que el <em>president <\/em>Puigdemont y parte de su gobierno est\u00e1n establecidos en Bruselas. Adem\u00e1s de su imagen p\u00fablica, Puigdemont tambi\u00e9n ha tenido que ver atacada su intimidad al ser publicados unos mensajes privados con Toni Com\u00edn, resultado de la transgresi\u00f3n de la intimidad por parte de unos medios de comunicaci\u00f3n que hacen de los rumores y las habladur\u00edas una v\u00eda period\u00edstica.<\/p>\n<p>El d\u00eda de ayer se sald\u00f3 con dos detenciones de manifestantes por los hechos que se produjeron en el Parc de la Ciutadella y con la acusaci\u00f3n por parte de los partidos constitucionalistas hacia el pueblo catal\u00e1n de antipacifistas, intolerantes y totalitarios. El ultraje a la que est\u00e1 siendo sometida la poblaci\u00f3n y las autoridades de Catalunya es cada vez m\u00e1s insoportable. El cerco a la democracia es cada vez m\u00e1s estrecho. Cualquier movimiento a favor de la \u201ccausa secesionista\u201d va a quedar bloqueado. La historia reciente nos ha ense\u00f1ado hasta donde puede llegar el despotismo de aquellos que se creen due\u00f1os del pa\u00eds. Con este panorama, no es extra\u00f1o que los principales partidos independentistas, JxCat, ERC y la CUP no se pongan de acuerdo para establecer una hoja de ruta, las amenazas son muchas y no todos los partidos tienen la misma entereza para afrontar nuevas imputaciones.<\/p>\n<p>Las discrepancias que se est\u00e1n dando en el seno de estos tres partidos se mueven entre la decisi\u00f3n de desobedecer y afrontar las duras consecuencias o ganar tiempo para escuchar las alegaciones judiciales que no har\u00e1n otra cosa que obstaculizar la investidura. Ayer Roger Torrent, sin consulta previa, decidi\u00f3 aplazar el pleno hasta nuevo aviso. Los ciudadanos que apoyan a Puigdemont quedaron decepcionados. Las suposiciones sobre las estrategias de unos y de otros son variadas. Quiz\u00e1s, ni tan s\u00f3lo hay estrategia alguna. El desconcierto seguir\u00e1 siendo la t\u00f3nica y algunos ya hablan de convocar nuevas elecciones a la espera de medir y agotar la paciencia de los catalanes.<\/p>","protected":false},"excerpt":{"rendered":"<p>La voluntad del pueblo de Catalunya qued\u00f3 aplazada ayer, d\u00eda previsto para la investidura del presidente de la Generalitat, con Carles Puigdemont en el punto de mira. Roger Torrent afirma que quiere garantizar la inmunidad de Puigdemont y afrontar una sesi\u00f3n de proclamaci\u00f3n con todas las garant\u00edas. Parece ser que [&hellip;]<\/p>\n","protected":false},"author":15,"featured_media":14704,"comment_status":"open","ping_status":"open","sticky":false,"template":"","format":"standard","meta":{"footnotes":""},"categories":[72],"tags":[],"class_list":["post-14703","post","type-post","status-publish","format-standard","has-post-thumbnail","hentry","category-opinion"],"yoast_head":"<!-- This site is optimized with the Yoast SEO plugin v27.5 - https:\/\/yoast.com\/product\/yoast-seo-wordpress\/ -->\n<title>Inmunidades e impunidades - Revista Rambla<\/title>\n<meta name=\"robots\" content=\"index, follow, max-snippet:-1, max-image-preview:large, max-video-preview:-1\" \/>\n<link rel=\"canonical\" href=\"https:\/\/www.revistarambla.com\/en\/inmunidades-e-impunidades\/\" \/>\n<meta property=\"og:locale\" content=\"en_GB\" \/>\n<meta property=\"og:type\" content=\"article\" \/>\n<meta property=\"og:title\" content=\"Inmunidades e impunidades - Revista Rambla\" \/>\n<meta property=\"og:description\" content=\"La voluntad del pueblo de Catalunya qued\u00f3 aplazada ayer, d\u00eda previsto para la investidura del presidente de la Generalitat, con Carles Puigdemont en el punto de mira. Roger Torrent afirma que quiere garantizar la inmunidad de Puigdemont y afrontar una sesi\u00f3n de proclamaci\u00f3n con todas las garant\u00edas. Parece ser que [&hellip;]\" \/>\n<meta property=\"og:url\" content=\"https:\/\/www.revistarambla.com\/en\/inmunidades-e-impunidades\/\" \/>\n<meta property=\"og:site_name\" content=\"Revista Rambla\" \/>\n<meta property=\"article:publisher\" content=\"https:\/\/www.facebook.com\/revistarambla\/\" \/>\n<meta property=\"article:published_time\" content=\"2018-01-31T17:04:38+00:00\" \/>\n<meta property=\"article:modified_time\" content=\"2021-02-03T18:17:24+00:00\" \/>\n<meta property=\"og:image\" content=\"https:\/\/i1.wp.com\/www.revistarambla.com\/wp-content\/uploads\/2018\/01\/REVISTAR2MBLAPUIGDEMONT-01.jpg?fit=850%2C590&ssl=1\" \/>\n\t<meta property=\"og:image:width\" content=\"850\" \/>\n\t<meta property=\"og:image:height\" content=\"590\" \/>\n\t<meta property=\"og:image:type\" content=\"image\/jpeg\" \/>\n<meta name=\"author\" content=\"Marta P\u00e9rez\" \/>\n<meta name=\"twitter:card\" content=\"summary_large_image\" \/>\n<meta name=\"twitter:creator\" content=\"@revistarambla\" \/>\n<meta name=\"twitter:site\" content=\"@revistarambla\" \/>\n<meta name=\"twitter:label1\" content=\"Written by\" \/>\n\t<meta name=\"twitter:data1\" content=\"Marta P\u00e9rez\" \/>\n\t<meta name=\"twitter:label2\" content=\"Estimated reading time\" \/>\n\t<meta name=\"twitter:data2\" content=\"3 minutes\" \/>\n<script type=\"application\/ld+json\" class=\"yoast-schema-graph\">{\"@context\":\"https:\\\/\\\/schema.org\",\"@graph\":[{\"@type\":\"Article\",\"@id\":\"https:\\\/\\\/www.revistarambla.com\\\/inmunidades-e-impunidades\\\/#article\",\"isPartOf\":{\"@id\":\"https:\\\/\\\/www.revistarambla.com\\\/inmunidades-e-impunidades\\\/\"},\"author\":{\"name\":\"Marta P\u00e9rez\",\"@id\":\"https:\\\/\\\/www.revistarambla.com\\\/#\\\/schema\\\/person\\\/2b19179a8ace334b829ad72cc6e6ce97\"},\"headline\":\"Inmunidades e impunidades\",\"datePublished\":\"2018-01-31T17:04:38+00:00\",\"dateModified\":\"2021-02-03T18:17:24+00:00\",\"mainEntityOfPage\":{\"@id\":\"https:\\\/\\\/www.revistarambla.com\\\/inmunidades-e-impunidades\\\/\"},\"wordCount\":605,\"commentCount\":0,\"publisher\":{\"@id\":\"https:\\\/\\\/www.revistarambla.com\\\/#organization\"},\"image\":{\"@id\":\"https:\\\/\\\/www.revistarambla.com\\\/inmunidades-e-impunidades\\\/#primaryimage\"},\"thumbnailUrl\":\"https:\\\/\\\/www.revistarambla.com\\\/wp-content\\\/uploads\\\/2018\\\/01\\\/REVISTAR2MBLAPUIGDEMONT-01.jpg\",\"articleSection\":[\"Opiniones\"],\"inLanguage\":\"en-GB\",\"potentialAction\":[{\"@type\":\"CommentAction\",\"name\":\"Comment\",\"target\":[\"https:\\\/\\\/www.revistarambla.com\\\/inmunidades-e-impunidades\\\/#respond\"]}]},{\"@type\":\"WebPage\",\"@id\":\"https:\\\/\\\/www.revistarambla.com\\\/inmunidades-e-impunidades\\\/\",\"url\":\"https:\\\/\\\/www.revistarambla.com\\\/inmunidades-e-impunidades\\\/\",\"name\":\"Inmunidades e impunidades - Revista Rambla\",\"isPartOf\":{\"@id\":\"https:\\\/\\\/www.revistarambla.com\\\/#website\"},\"primaryImageOfPage\":{\"@id\":\"https:\\\/\\\/www.revistarambla.com\\\/inmunidades-e-impunidades\\\/#primaryimage\"},\"image\":{\"@id\":\"https:\\\/\\\/www.revistarambla.com\\\/inmunidades-e-impunidades\\\/#primaryimage\"},\"thumbnailUrl\":\"https:\\\/\\\/www.revistarambla.com\\\/wp-content\\\/uploads\\\/2018\\\/01\\\/REVISTAR2MBLAPUIGDEMONT-01.jpg\",\"datePublished\":\"2018-01-31T17:04:38+00:00\",\"dateModified\":\"2021-02-03T18:17:24+00:00\",\"breadcrumb\":{\"@id\":\"https:\\\/\\\/www.revistarambla.com\\\/inmunidades-e-impunidades\\\/#breadcrumb\"},\"inLanguage\":\"en-GB\",\"potentialAction\":[{\"@type\":\"ReadAction\",\"target\":[\"https:\\\/\\\/www.revistarambla.com\\\/inmunidades-e-impunidades\\\/\"]}]},{\"@type\":\"ImageObject\",\"inLanguage\":\"en-GB\",\"@id\":\"https:\\\/\\\/www.revistarambla.com\\\/inmunidades-e-impunidades\\\/#primaryimage\",\"url\":\"https:\\\/\\\/www.revistarambla.com\\\/wp-content\\\/uploads\\\/2018\\\/01\\\/REVISTAR2MBLAPUIGDEMONT-01.jpg\",\"contentUrl\":\"https:\\\/\\\/www.revistarambla.com\\\/wp-content\\\/uploads\\\/2018\\\/01\\\/REVISTAR2MBLAPUIGDEMONT-01.jpg\",\"width\":850,\"height\":590},{\"@type\":\"BreadcrumbList\",\"@id\":\"https:\\\/\\\/www.revistarambla.com\\\/inmunidades-e-impunidades\\\/#breadcrumb\",\"itemListElement\":[{\"@type\":\"ListItem\",\"position\":1,\"name\":\"Portada\",\"item\":\"https:\\\/\\\/www.revistarambla.com\\\/\"},{\"@type\":\"ListItem\",\"position\":2,\"name\":\"Inmunidades e impunidades\"}]},{\"@type\":\"WebSite\",\"@id\":\"https:\\\/\\\/www.revistarambla.com\\\/#website\",\"url\":\"https:\\\/\\\/www.revistarambla.com\\\/\",\"name\":\"Revista Rambla Barcelona\",\"description\":\"Periodismo independiente\",\"publisher\":{\"@id\":\"https:\\\/\\\/www.revistarambla.com\\\/#organization\"},\"potentialAction\":[{\"@type\":\"SearchAction\",\"target\":{\"@type\":\"EntryPoint\",\"urlTemplate\":\"https:\\\/\\\/www.revistarambla.com\\\/?s={search_term_string}\"},\"query-input\":{\"@type\":\"PropertyValueSpecification\",\"valueRequired\":true,\"valueName\":\"search_term_string\"}}],\"inLanguage\":\"en-GB\"},{\"@type\":\"Organization\",\"@id\":\"https:\\\/\\\/www.revistarambla.com\\\/#organization\",\"name\":\"Revista Rambla\",\"url\":\"https:\\\/\\\/www.revistarambla.com\\\/\",\"logo\":{\"@type\":\"ImageObject\",\"inLanguage\":\"en-GB\",\"@id\":\"https:\\\/\\\/www.revistarambla.com\\\/#\\\/schema\\\/logo\\\/image\\\/\",\"url\":\"https:\\\/\\\/www.revistarambla.com\\\/wp-content\\\/uploads\\\/2020\\\/09\\\/banner_rambla_1900x600_BB.png\",\"contentUrl\":\"https:\\\/\\\/www.revistarambla.com\\\/wp-content\\\/uploads\\\/2020\\\/09\\\/banner_rambla_1900x600_BB.png\",\"width\":1900,\"height\":600,\"caption\":\"Revista Rambla\"},\"image\":{\"@id\":\"https:\\\/\\\/www.revistarambla.com\\\/#\\\/schema\\\/logo\\\/image\\\/\"},\"sameAs\":[\"https:\\\/\\\/www.facebook.com\\\/revistarambla\\\/\",\"https:\\\/\\\/x.com\\\/revistarambla\",\"https:\\\/\\\/www.instagram.com\\\/revista_rambla\",\"https:\\\/\\\/es.linkedin.com\\\/company\\\/revista-rambla\"]},{\"@type\":\"Person\",\"@id\":\"https:\\\/\\\/www.revistarambla.com\\\/#\\\/schema\\\/person\\\/2b19179a8ace334b829ad72cc6e6ce97\",\"name\":\"Marta P\u00e9rez\",\"description\":\"Periodista.\"}]}<\/script>\n<!-- \/ Yoast SEO plugin. -->","yoast_head_json":{"title":"Inmunidades e impunidades - Revista Rambla","robots":{"index":"index","follow":"follow","max-snippet":"max-snippet:-1","max-image-preview":"max-image-preview:large","max-video-preview":"max-video-preview:-1"},"canonical":"https:\/\/www.revistarambla.com\/en\/inmunidades-e-impunidades\/","og_locale":"en_GB","og_type":"article","og_title":"Inmunidades e impunidades - Revista Rambla","og_description":"La voluntad del pueblo de Catalunya qued\u00f3 aplazada ayer, d\u00eda previsto para la investidura del presidente de la Generalitat, con Carles Puigdemont en el punto de mira. Roger Torrent afirma que quiere garantizar la inmunidad de Puigdemont y afrontar una sesi\u00f3n de proclamaci\u00f3n con todas las garant\u00edas. Parece ser que [&hellip;]","og_url":"https:\/\/www.revistarambla.com\/en\/inmunidades-e-impunidades\/","og_site_name":"Revista Rambla","article_publisher":"https:\/\/www.facebook.com\/revistarambla\/","article_published_time":"2018-01-31T17:04:38+00:00","article_modified_time":"2021-02-03T18:17:24+00:00","og_image":[{"width":850,"height":590,"url":"https:\/\/i1.wp.com\/www.revistarambla.com\/wp-content\/uploads\/2018\/01\/REVISTAR2MBLAPUIGDEMONT-01.jpg?fit=850%2C590&ssl=1","type":"image\/jpeg"}],"author":"Marta P\u00e9rez","twitter_card":"summary_large_image","twitter_creator":"@revistarambla","twitter_site":"@revistarambla","twitter_misc":{"Written by":"Marta P\u00e9rez","Estimated reading time":"3 minutes"},"schema":{"@context":"https:\/\/schema.org","@graph":[{"@type":"Article","@id":"https:\/\/www.revistarambla.com\/inmunidades-e-impunidades\/#article","isPartOf":{"@id":"https:\/\/www.revistarambla.com\/inmunidades-e-impunidades\/"},"author":{"name":"Marta P\u00e9rez","@id":"https:\/\/www.revistarambla.com\/#\/schema\/person\/2b19179a8ace334b829ad72cc6e6ce97"},"headline":"Inmunidades e impunidades","datePublished":"2018-01-31T17:04:38+00:00","dateModified":"2021-02-03T18:17:24+00:00","mainEntityOfPage":{"@id":"https:\/\/www.revistarambla.com\/inmunidades-e-impunidades\/"},"wordCount":605,"commentCount":0,"publisher":{"@id":"https:\/\/www.revistarambla.com\/#organization"},"image":{"@id":"https:\/\/www.revistarambla.com\/inmunidades-e-impunidades\/#primaryimage"},"thumbnailUrl":"https:\/\/www.revistarambla.com\/wp-content\/uploads\/2018\/01\/REVISTAR2MBLAPUIGDEMONT-01.jpg","articleSection":["Opiniones"],"inLanguage":"en-GB","potentialAction":[{"@type":"CommentAction","name":"Comment","target":["https:\/\/www.revistarambla.com\/inmunidades-e-impunidades\/#respond"]}]},{"@type":"WebPage","@id":"https:\/\/www.revistarambla.com\/inmunidades-e-impunidades\/","url":"https:\/\/www.revistarambla.com\/inmunidades-e-impunidades\/","name":"Inmunidades e impunidades - Revista Rambla","isPartOf":{"@id":"https:\/\/www.revistarambla.com\/#website"},"primaryImageOfPage":{"@id":"https:\/\/www.revistarambla.com\/inmunidades-e-impunidades\/#primaryimage"},"image":{"@id":"https:\/\/www.revistarambla.com\/inmunidades-e-impunidades\/#primaryimage"},"thumbnailUrl":"https:\/\/www.revistarambla.com\/wp-content\/uploads\/2018\/01\/REVISTAR2MBLAPUIGDEMONT-01.jpg","datePublished":"2018-01-31T17:04:38+00:00","dateModified":"2021-02-03T18:17:24+00:00","breadcrumb":{"@id":"https:\/\/www.revistarambla.com\/inmunidades-e-impunidades\/#breadcrumb"},"inLanguage":"en-GB","potentialAction":[{"@type":"ReadAction","target":["https:\/\/www.revistarambla.com\/inmunidades-e-impunidades\/"]}]},{"@type":"ImageObject","inLanguage":"en-GB","@id":"https:\/\/www.revistarambla.com\/inmunidades-e-impunidades\/#primaryimage","url":"https:\/\/www.revistarambla.com\/wp-content\/uploads\/2018\/01\/REVISTAR2MBLAPUIGDEMONT-01.jpg","contentUrl":"https:\/\/www.revistarambla.com\/wp-content\/uploads\/2018\/01\/REVISTAR2MBLAPUIGDEMONT-01.jpg","width":850,"height":590},{"@type":"BreadcrumbList","@id":"https:\/\/www.revistarambla.com\/inmunidades-e-impunidades\/#breadcrumb","itemListElement":[{"@type":"ListItem","position":1,"name":"Portada","item":"https:\/\/www.revistarambla.com\/"},{"@type":"ListItem","position":2,"name":"Inmunidades e impunidades"}]},{"@type":"WebSite","@id":"https:\/\/www.revistarambla.com\/#website","url":"https:\/\/www.revistarambla.com\/","name":"Revista Rambla Barcelona","description":"Periodismo independiente","publisher":{"@id":"https:\/\/www.revistarambla.com\/#organization"},"potentialAction":[{"@type":"SearchAction","target":{"@type":"EntryPoint","urlTemplate":"https:\/\/www.revistarambla.com\/?s={search_term_string}"},"query-input":{"@type":"PropertyValueSpecification","valueRequired":true,"valueName":"search_term_string"}}],"inLanguage":"en-GB"},{"@type":"Organization","@id":"https:\/\/www.revistarambla.com\/#organization","name":"Revista Rambla","url":"https:\/\/www.revistarambla.com\/","logo":{"@type":"ImageObject","inLanguage":"en-GB","@id":"https:\/\/www.revistarambla.com\/#\/schema\/logo\/image\/","url":"https:\/\/www.revistarambla.com\/wp-content\/uploads\/2020\/09\/banner_rambla_1900x600_BB.png","contentUrl":"https:\/\/www.revistarambla.com\/wp-content\/uploads\/2020\/09\/banner_rambla_1900x600_BB.png","width":1900,"height":600,"caption":"Revista Rambla"},"image":{"@id":"https:\/\/www.revistarambla.com\/#\/schema\/logo\/image\/"},"sameAs":["https:\/\/www.facebook.com\/revistarambla\/","https:\/\/x.com\/revistarambla","https:\/\/www.instagram.com\/revista_rambla","https:\/\/es.linkedin.com\/company\/revista-rambla"]},{"@type":"Person","@id":"https:\/\/www.revistarambla.com\/#\/schema\/person\/2b19179a8ace334b829ad72cc6e6ce97","name":"Marta P\u00e9rez","description":"Periodista."}]}},"_links":{"self":[{"href":"https:\/\/www.revistarambla.com\/en\/wp-json\/wp\/v2\/posts\/14703","targetHints":{"allow":["GET"]}}],"collection":[{"href":"https:\/\/www.revistarambla.com\/en\/wp-json\/wp\/v2\/posts"}],"about":[{"href":"https:\/\/www.revistarambla.com\/en\/wp-json\/wp\/v2\/types\/post"}],"author":[{"embeddable":true,"href":"https:\/\/www.revistarambla.com\/en\/wp-json\/wp\/v2\/users\/15"}],"replies":[{"embeddable":true,"href":"https:\/\/www.revistarambla.com\/en\/wp-json\/wp\/v2\/comments?post=14703"}],"version-history":[{"count":0,"href":"https:\/\/www.revistarambla.com\/en\/wp-json\/wp\/v2\/posts\/14703\/revisions"}],"wp:featuredmedia":[{"embeddable":true,"href":"https:\/\/www.revistarambla.com\/en\/wp-json\/wp\/v2\/media\/14704"}],"wp:attachment":[{"href":"https:\/\/www.revistarambla.com\/en\/wp-json\/wp\/v2\/media?parent=14703"}],"wp:term":[{"taxonomy":"category","embeddable":true,"href":"https:\/\/www.revistarambla.com\/en\/wp-json\/wp\/v2\/categories?post=14703"},{"taxonomy":"post_tag","embeddable":true,"href":"https:\/\/www.revistarambla.com\/en\/wp-json\/wp\/v2\/tags?post=14703"}],"curies":[{"name":"wp","href":"https:\/\/api.w.org\/{rel}","templated":true}]}}