{"id":14687,"date":"2018-01-31T06:03:00","date_gmt":"2018-01-31T05:03:00","guid":{"rendered":"https:\/\/www.revistarambla.com\/?p=14687"},"modified":"2021-12-08T21:13:26","modified_gmt":"2021-12-08T20:13:26","slug":"carnaval-del-parlament","status":"publish","type":"post","link":"https:\/\/www.revistarambla.com\/en\/carnaval-del-parlament\/","title":{"rendered":"El Carnaval del Parlament"},"content":{"rendered":"<p>El d\u00eda de hoy comenzaba con la noticia de que el presidente del Parlament, Roger Torrent, aplazaba el pleno de investidura. Desde hace d\u00edas se hab\u00eda convocado una protesta por la asociaci\u00f3n ANC y otras organizaciones independentistas para poner de manifiesto su apoyo a Puigdemont, que lleva exiliado en B\u00e9lgica desde poco despu\u00e9s de la celebraci\u00f3n del 1 de octubre. Puigdemont es el \u00fanico candidato a la presidencia de la Generalitat. El problema viene cuando este se\u00f1or se encuentra a muchos kil\u00f3metros de su feudo y la \u00fanica forma de presidir es de forma telem\u00e1tica. La posibilidad de que \u00e9ste se ponga al frente de la Generalitat cada vez se muestra m\u00e1s complicada. El TC (Tribunal Constitucional) le tiene prohibida la entrada a Espa\u00f1a, si pisa su feudo la posibilidad de entrar en prisi\u00f3n es muy alta.<\/p>\n<p><img decoding=\"async\" class=\"aligncenter size-full wp-image-14689\" src=\"https:\/\/www.revistarambla.com\/wp-content\/uploads\/2018\/01\/REVISTARAMBLA-PUIGDEMONT-02.jpg\" alt=\"\" width=\"800\" height=\"565\" srcset=\"https:\/\/www.revistarambla.com\/wp-content\/uploads\/2018\/01\/REVISTARAMBLA-PUIGDEMONT-02.jpg 800w, https:\/\/www.revistarambla.com\/wp-content\/uploads\/2018\/01\/REVISTARAMBLA-PUIGDEMONT-02-300x212.jpg 300w, https:\/\/www.revistarambla.com\/wp-content\/uploads\/2018\/01\/REVISTARAMBLA-PUIGDEMONT-02-768x542.jpg 768w, https:\/\/www.revistarambla.com\/wp-content\/uploads\/2018\/01\/REVISTARAMBLA-PUIGDEMONT-02-500x353.jpg 500w, https:\/\/www.revistarambla.com\/wp-content\/uploads\/2018\/01\/REVISTARAMBLA-PUIGDEMONT-02-613x433.jpg 613w, https:\/\/www.revistarambla.com\/wp-content\/uploads\/2018\/01\/REVISTARAMBLA-PUIGDEMONT-02-432x305.jpg 432w, https:\/\/www.revistarambla.com\/wp-content\/uploads\/2018\/01\/REVISTARAMBLA-PUIGDEMONT-02-600x424.jpg 600w\" sizes=\"(max-width: 800px) 100vw, 800px\" \/><\/p>\n<p>La decisi\u00f3n de aplazar la investidura del President ha ca\u00eddo como un jarro de agua fr\u00eda entre algunas de las coaliciones independentistas, de hecho, JxCAT exig\u00eda a Torrent que celebrara hoy la investidura. El mismo partido ha acusado al President del Parlament de no haber consensuado con ellos. Por otro lado, la CUP tambi\u00e9n ha criticado la decisi\u00f3n del presidente y le han pedido que rectificara y que mantuviera el pleno. La CUP, en su l\u00ednea, ha optado por ocupar sus esca\u00f1os en el Parlament a la hora que se hab\u00eda estimado en un principio para celebrar el pleno. De esta forma quer\u00edan protestar contra la decisi\u00f3n del presidente de la C\u00e1mara.<\/p>\n<p>Las asociaciones responsables de la protesta celebrada esta tarde han decidido seguir adelante con ella, a pesar de que la sesi\u00f3n de investidura quedara aplazada, pero no anulada; as\u00ed lo apuntaba el presidente del Parlament. Casi todos los manifestantes llevaban una careta de Puigdemont, aunque no necesariamente sobre el rostro, pues \u00e9sta deb\u00eda de ser muy inc\u00f3moda y la mayor\u00eda optaban por llevarla cubriendo las cabelleras. Aproximadamente a las 15:15 de la tarde las caretas se hab\u00edan terminado. La manifestaci\u00f3n lleg\u00f3 a su fin en el paseo Llu\u00eds Companys, en los aleda\u00f1os del Parlament, y all\u00ed muy cerca del Arc de Triunf se dieron algunos discursos en defensa de los resultados obtenidos en las elecciones y por la candidatura del presidente Puigdemont. A las 16 culmin\u00f3 la celebraci\u00f3n de la protesta. Hasta aqu\u00ed todo parec\u00eda ir bien\u2026<\/p>\n<p>Los manifestantes daban su opini\u00f3n en relaci\u00f3n al aplazamiento de la investidura. \u201c<em>Ellos saben lo que est\u00e1n haciendo y la gente est\u00e1 apoyando a quienes saben lo que est\u00e1n haciendo<\/em>\u201d. \u201c<em>Nosotros quer\u00edamos que la investidura se celebrara ya y no estamos de acuerdo con la decisi\u00f3n que ha tomado el President del Parlament, ahora toca esperar a que vuelva a convocar el pleno, nosotros a luchar por nuestros derechos, que es lo principal<\/em>\u201d. Tambi\u00e9n pon\u00edan de manifiesto su malestar por la actitud del Estado por no respetar, seg\u00fan sus declaraciones, los resultados de las urnas, indicando que seencontraban all\u00ed para <em>\u201creivindicar el resultado de las urnas que el gobierno espa\u00f1ol no quiere reconocer porque no respetan ni la propia Constituci\u00f3n\u201d<\/em>. Una asistente mostraba su deseo de que Puigdemont vuelva a ser el presidente de Catalu\u00f1a, \u201c<em>quiero que vuelva nuestro presidente, el que el pueblo eligi\u00f3 y el que el pueblo quiere\u201d.<\/em><\/p>\n<p>Tambi\u00e9n se vivieron momentos de tensi\u00f3n. Algunos de los asistentes a la manifestaci\u00f3n optaron por romper algunos de los candados de las puertas de acceso al parque de la Ciutadella y superaron el cord\u00f3n policial que hab\u00eda establecido los Mossos de Esquadra al grito de <em>\u201cEl pueblo manda, el gobierno obedece<\/em>\u00ab, <em>\u00abFuera las fuerzas de ocupaci\u00f3n\u00bb<\/em> <em>y \u00abLibertad presos pol\u00edticos\u00bb<\/em>. Se han vivido momentos de tensi\u00f3n, aunque afortunadamente no hay nada que lamentar.<\/p>\n<p>\u00bfQu\u00e9 pasar\u00e1 ahora? Parece que el panorama de Catalu\u00f1a sigue siendo bastante cr\u00edtico. De momento Puigdemont sigue siendo el candidato a la presidencia, mientras en el bloque independentista asoma la discrepancia. \u00bfTendr\u00e1 Catalu\u00f1a un President telem\u00e1tico o buscaran a otro candidato? \u00bfSe celebrar\u00e1n nuevas elecciones? \u00bfQu\u00e9 har\u00e1 el TC y el gobierno del Estado? \u00bfPermitir\u00e1n a Puigdemont la entrada al pa\u00eds o seguir\u00e1n manteniendo su orden de detenci\u00f3n contra el querido y amado President del pueblo catal\u00e1n?<\/p>\n<p>El carnaval acaba de empezar\u2026<\/p>\n<p><img decoding=\"async\" class=\"aligncenter size-full wp-image-14690\" src=\"https:\/\/www.revistarambla.com\/wp-content\/uploads\/2018\/01\/REVISTARAMBLA-PUIGDEMONT-03.jpg\" alt=\"\" width=\"800\" height=\"533\" srcset=\"https:\/\/www.revistarambla.com\/wp-content\/uploads\/2018\/01\/REVISTARAMBLA-PUIGDEMONT-03.jpg 800w, https:\/\/www.revistarambla.com\/wp-content\/uploads\/2018\/01\/REVISTARAMBLA-PUIGDEMONT-03-300x200.jpg 300w, https:\/\/www.revistarambla.com\/wp-content\/uploads\/2018\/01\/REVISTARAMBLA-PUIGDEMONT-03-768x512.jpg 768w, https:\/\/www.revistarambla.com\/wp-content\/uploads\/2018\/01\/REVISTARAMBLA-PUIGDEMONT-03-500x333.jpg 500w, https:\/\/www.revistarambla.com\/wp-content\/uploads\/2018\/01\/REVISTARAMBLA-PUIGDEMONT-03-650x433.jpg 650w, https:\/\/www.revistarambla.com\/wp-content\/uploads\/2018\/01\/REVISTARAMBLA-PUIGDEMONT-03-458x305.jpg 458w, https:\/\/www.revistarambla.com\/wp-content\/uploads\/2018\/01\/REVISTARAMBLA-PUIGDEMONT-03-600x400.jpg 600w\" sizes=\"(max-width: 800px) 100vw, 800px\" \/><\/p>","protected":false},"excerpt":{"rendered":"<p>El d\u00eda de hoy comenzaba con la noticia de que el presidente del Parlament, Roger Torrent, aplazaba el pleno de investidura. Desde hace d\u00edas se hab\u00eda convocado una protesta por la asociaci\u00f3n ANC y otras organizaciones independentistas para poner de manifiesto su apoyo a Puigdemont, que lleva exiliado en B\u00e9lgica [&hellip;]<\/p>\n","protected":false},"author":42,"featured_media":14688,"comment_status":"open","ping_status":"open","sticky":false,"template":"","format":"standard","meta":{"footnotes":""},"categories":[3,59],"tags":[],"class_list":["post-14687","post","type-post","status-publish","format-standard","has-post-thumbnail","hentry","category-actualidad","category-catalunya"],"yoast_head":"<!-- This site is optimized with the Yoast SEO plugin v27.5 - https:\/\/yoast.com\/product\/yoast-seo-wordpress\/ -->\n<title>El Carnaval del Parlament - Revista Rambla<\/title>\n<meta name=\"robots\" content=\"index, follow, max-snippet:-1, max-image-preview:large, max-video-preview:-1\" \/>\n<link rel=\"canonical\" href=\"https:\/\/www.revistarambla.com\/en\/carnaval-del-parlament\/\" \/>\n<meta property=\"og:locale\" content=\"en_GB\" \/>\n<meta property=\"og:type\" content=\"article\" \/>\n<meta property=\"og:title\" content=\"El Carnaval del Parlament - Revista Rambla\" \/>\n<meta property=\"og:description\" content=\"El d\u00eda de hoy comenzaba con la noticia de que el presidente del Parlament, Roger Torrent, aplazaba el pleno de investidura. Desde hace d\u00edas se hab\u00eda convocado una protesta por la asociaci\u00f3n ANC y otras organizaciones independentistas para poner de manifiesto su apoyo a Puigdemont, que lleva exiliado en B\u00e9lgica [&hellip;]\" \/>\n<meta property=\"og:url\" content=\"https:\/\/www.revistarambla.com\/en\/carnaval-del-parlament\/\" \/>\n<meta property=\"og:site_name\" content=\"Revista Rambla\" \/>\n<meta property=\"article:publisher\" content=\"https:\/\/www.facebook.com\/revistarambla\/\" \/>\n<meta property=\"article:author\" content=\"https:\/\/www.facebook.com\/mamen.m.lopez\" \/>\n<meta property=\"article:published_time\" content=\"2018-01-31T05:03:00+00:00\" \/>\n<meta property=\"article:modified_time\" content=\"2021-12-08T20:13:26+00:00\" \/>\n<meta property=\"og:image\" content=\"https:\/\/www.revistarambla.com\/wp-content\/uploads\/2018\/01\/REVISTARAMBLA-PUIGDEMONT-01.jpg\" \/>\n\t<meta property=\"og:image:width\" content=\"800\" \/>\n\t<meta property=\"og:image:height\" content=\"552\" \/>\n\t<meta property=\"og:image:type\" content=\"image\/jpeg\" \/>\n<meta name=\"author\" content=\"Mari Carmen Morcillo L\u00f3pez\" \/>\n<meta name=\"twitter:card\" content=\"summary_large_image\" \/>\n<meta name=\"twitter:creator\" content=\"@revistarambla\" \/>\n<meta name=\"twitter:site\" content=\"@revistarambla\" \/>\n<meta name=\"twitter:label1\" content=\"Written by\" \/>\n\t<meta name=\"twitter:data1\" content=\"Mari Carmen Morcillo L\u00f3pez\" \/>\n\t<meta name=\"twitter:label2\" content=\"Estimated reading time\" \/>\n\t<meta name=\"twitter:data2\" content=\"4 minutes\" \/>\n<script type=\"application\/ld+json\" class=\"yoast-schema-graph\">{\"@context\":\"https:\\\/\\\/schema.org\",\"@graph\":[{\"@type\":\"Article\",\"@id\":\"https:\\\/\\\/www.revistarambla.com\\\/carnaval-del-parlament\\\/#article\",\"isPartOf\":{\"@id\":\"https:\\\/\\\/www.revistarambla.com\\\/carnaval-del-parlament\\\/\"},\"author\":{\"name\":\"Mari Carmen Morcillo L\u00f3pez\",\"@id\":\"https:\\\/\\\/www.revistarambla.com\\\/#\\\/schema\\\/person\\\/484137421f6838db1b2b233040fa01f0\"},\"headline\":\"El Carnaval del Parlament\",\"datePublished\":\"2018-01-31T05:03:00+00:00\",\"dateModified\":\"2021-12-08T20:13:26+00:00\",\"mainEntityOfPage\":{\"@id\":\"https:\\\/\\\/www.revistarambla.com\\\/carnaval-del-parlament\\\/\"},\"wordCount\":758,\"commentCount\":0,\"publisher\":{\"@id\":\"https:\\\/\\\/www.revistarambla.com\\\/#organization\"},\"image\":{\"@id\":\"https:\\\/\\\/www.revistarambla.com\\\/carnaval-del-parlament\\\/#primaryimage\"},\"thumbnailUrl\":\"https:\\\/\\\/www.revistarambla.com\\\/wp-content\\\/uploads\\\/2018\\\/01\\\/REVISTARAMBLA-PUIGDEMONT-01.jpg\",\"articleSection\":[\"Actualidad\",\"Catalunya\"],\"inLanguage\":\"en-GB\",\"potentialAction\":[{\"@type\":\"CommentAction\",\"name\":\"Comment\",\"target\":[\"https:\\\/\\\/www.revistarambla.com\\\/carnaval-del-parlament\\\/#respond\"]}]},{\"@type\":\"WebPage\",\"@id\":\"https:\\\/\\\/www.revistarambla.com\\\/carnaval-del-parlament\\\/\",\"url\":\"https:\\\/\\\/www.revistarambla.com\\\/carnaval-del-parlament\\\/\",\"name\":\"El Carnaval del Parlament - Revista Rambla\",\"isPartOf\":{\"@id\":\"https:\\\/\\\/www.revistarambla.com\\\/#website\"},\"primaryImageOfPage\":{\"@id\":\"https:\\\/\\\/www.revistarambla.com\\\/carnaval-del-parlament\\\/#primaryimage\"},\"image\":{\"@id\":\"https:\\\/\\\/www.revistarambla.com\\\/carnaval-del-parlament\\\/#primaryimage\"},\"thumbnailUrl\":\"https:\\\/\\\/www.revistarambla.com\\\/wp-content\\\/uploads\\\/2018\\\/01\\\/REVISTARAMBLA-PUIGDEMONT-01.jpg\",\"datePublished\":\"2018-01-31T05:03:00+00:00\",\"dateModified\":\"2021-12-08T20:13:26+00:00\",\"breadcrumb\":{\"@id\":\"https:\\\/\\\/www.revistarambla.com\\\/carnaval-del-parlament\\\/#breadcrumb\"},\"inLanguage\":\"en-GB\",\"potentialAction\":[{\"@type\":\"ReadAction\",\"target\":[\"https:\\\/\\\/www.revistarambla.com\\\/carnaval-del-parlament\\\/\"]}]},{\"@type\":\"ImageObject\",\"inLanguage\":\"en-GB\",\"@id\":\"https:\\\/\\\/www.revistarambla.com\\\/carnaval-del-parlament\\\/#primaryimage\",\"url\":\"https:\\\/\\\/www.revistarambla.com\\\/wp-content\\\/uploads\\\/2018\\\/01\\\/REVISTARAMBLA-PUIGDEMONT-01.jpg\",\"contentUrl\":\"https:\\\/\\\/www.revistarambla.com\\\/wp-content\\\/uploads\\\/2018\\\/01\\\/REVISTARAMBLA-PUIGDEMONT-01.jpg\",\"width\":800,\"height\":552},{\"@type\":\"BreadcrumbList\",\"@id\":\"https:\\\/\\\/www.revistarambla.com\\\/carnaval-del-parlament\\\/#breadcrumb\",\"itemListElement\":[{\"@type\":\"ListItem\",\"position\":1,\"name\":\"Portada\",\"item\":\"https:\\\/\\\/www.revistarambla.com\\\/\"},{\"@type\":\"ListItem\",\"position\":2,\"name\":\"El Carnaval del Parlament\"}]},{\"@type\":\"WebSite\",\"@id\":\"https:\\\/\\\/www.revistarambla.com\\\/#website\",\"url\":\"https:\\\/\\\/www.revistarambla.com\\\/\",\"name\":\"Revista Rambla Barcelona\",\"description\":\"Periodismo independiente\",\"publisher\":{\"@id\":\"https:\\\/\\\/www.revistarambla.com\\\/#organization\"},\"potentialAction\":[{\"@type\":\"SearchAction\",\"target\":{\"@type\":\"EntryPoint\",\"urlTemplate\":\"https:\\\/\\\/www.revistarambla.com\\\/?s={search_term_string}\"},\"query-input\":{\"@type\":\"PropertyValueSpecification\",\"valueRequired\":true,\"valueName\":\"search_term_string\"}}],\"inLanguage\":\"en-GB\"},{\"@type\":\"Organization\",\"@id\":\"https:\\\/\\\/www.revistarambla.com\\\/#organization\",\"name\":\"Revista Rambla\",\"url\":\"https:\\\/\\\/www.revistarambla.com\\\/\",\"logo\":{\"@type\":\"ImageObject\",\"inLanguage\":\"en-GB\",\"@id\":\"https:\\\/\\\/www.revistarambla.com\\\/#\\\/schema\\\/logo\\\/image\\\/\",\"url\":\"https:\\\/\\\/www.revistarambla.com\\\/wp-content\\\/uploads\\\/2020\\\/09\\\/banner_rambla_1900x600_BB.png\",\"contentUrl\":\"https:\\\/\\\/www.revistarambla.com\\\/wp-content\\\/uploads\\\/2020\\\/09\\\/banner_rambla_1900x600_BB.png\",\"width\":1900,\"height\":600,\"caption\":\"Revista Rambla\"},\"image\":{\"@id\":\"https:\\\/\\\/www.revistarambla.com\\\/#\\\/schema\\\/logo\\\/image\\\/\"},\"sameAs\":[\"https:\\\/\\\/www.facebook.com\\\/revistarambla\\\/\",\"https:\\\/\\\/x.com\\\/revistarambla\",\"https:\\\/\\\/www.instagram.com\\\/revista_rambla\",\"https:\\\/\\\/es.linkedin.com\\\/company\\\/revista-rambla\"]},{\"@type\":\"Person\",\"@id\":\"https:\\\/\\\/www.revistarambla.com\\\/#\\\/schema\\\/person\\\/484137421f6838db1b2b233040fa01f0\",\"name\":\"Mari Carmen Morcillo L\u00f3pez\",\"description\":\"Periodista.\",\"sameAs\":[\"https:\\\/\\\/www.facebook.com\\\/mamen.m.lopez\"]}]}<\/script>\n<!-- \/ Yoast SEO plugin. -->","yoast_head_json":{"title":"El Carnaval del Parlament - Revista Rambla","robots":{"index":"index","follow":"follow","max-snippet":"max-snippet:-1","max-image-preview":"max-image-preview:large","max-video-preview":"max-video-preview:-1"},"canonical":"https:\/\/www.revistarambla.com\/en\/carnaval-del-parlament\/","og_locale":"en_GB","og_type":"article","og_title":"El Carnaval del Parlament - Revista Rambla","og_description":"El d\u00eda de hoy comenzaba con la noticia de que el presidente del Parlament, Roger Torrent, aplazaba el pleno de investidura. Desde hace d\u00edas se hab\u00eda convocado una protesta por la asociaci\u00f3n ANC y otras organizaciones independentistas para poner de manifiesto su apoyo a Puigdemont, que lleva exiliado en B\u00e9lgica [&hellip;]","og_url":"https:\/\/www.revistarambla.com\/en\/carnaval-del-parlament\/","og_site_name":"Revista Rambla","article_publisher":"https:\/\/www.facebook.com\/revistarambla\/","article_author":"https:\/\/www.facebook.com\/mamen.m.lopez","article_published_time":"2018-01-31T05:03:00+00:00","article_modified_time":"2021-12-08T20:13:26+00:00","og_image":[{"width":800,"height":552,"url":"https:\/\/www.revistarambla.com\/wp-content\/uploads\/2018\/01\/REVISTARAMBLA-PUIGDEMONT-01.jpg","type":"image\/jpeg"}],"author":"Mari Carmen Morcillo L\u00f3pez","twitter_card":"summary_large_image","twitter_creator":"@revistarambla","twitter_site":"@revistarambla","twitter_misc":{"Written by":"Mari Carmen Morcillo L\u00f3pez","Estimated reading time":"4 minutes"},"schema":{"@context":"https:\/\/schema.org","@graph":[{"@type":"Article","@id":"https:\/\/www.revistarambla.com\/carnaval-del-parlament\/#article","isPartOf":{"@id":"https:\/\/www.revistarambla.com\/carnaval-del-parlament\/"},"author":{"name":"Mari Carmen Morcillo L\u00f3pez","@id":"https:\/\/www.revistarambla.com\/#\/schema\/person\/484137421f6838db1b2b233040fa01f0"},"headline":"El Carnaval del Parlament","datePublished":"2018-01-31T05:03:00+00:00","dateModified":"2021-12-08T20:13:26+00:00","mainEntityOfPage":{"@id":"https:\/\/www.revistarambla.com\/carnaval-del-parlament\/"},"wordCount":758,"commentCount":0,"publisher":{"@id":"https:\/\/www.revistarambla.com\/#organization"},"image":{"@id":"https:\/\/www.revistarambla.com\/carnaval-del-parlament\/#primaryimage"},"thumbnailUrl":"https:\/\/www.revistarambla.com\/wp-content\/uploads\/2018\/01\/REVISTARAMBLA-PUIGDEMONT-01.jpg","articleSection":["Actualidad","Catalunya"],"inLanguage":"en-GB","potentialAction":[{"@type":"CommentAction","name":"Comment","target":["https:\/\/www.revistarambla.com\/carnaval-del-parlament\/#respond"]}]},{"@type":"WebPage","@id":"https:\/\/www.revistarambla.com\/carnaval-del-parlament\/","url":"https:\/\/www.revistarambla.com\/carnaval-del-parlament\/","name":"El Carnaval del Parlament - Revista Rambla","isPartOf":{"@id":"https:\/\/www.revistarambla.com\/#website"},"primaryImageOfPage":{"@id":"https:\/\/www.revistarambla.com\/carnaval-del-parlament\/#primaryimage"},"image":{"@id":"https:\/\/www.revistarambla.com\/carnaval-del-parlament\/#primaryimage"},"thumbnailUrl":"https:\/\/www.revistarambla.com\/wp-content\/uploads\/2018\/01\/REVISTARAMBLA-PUIGDEMONT-01.jpg","datePublished":"2018-01-31T05:03:00+00:00","dateModified":"2021-12-08T20:13:26+00:00","breadcrumb":{"@id":"https:\/\/www.revistarambla.com\/carnaval-del-parlament\/#breadcrumb"},"inLanguage":"en-GB","potentialAction":[{"@type":"ReadAction","target":["https:\/\/www.revistarambla.com\/carnaval-del-parlament\/"]}]},{"@type":"ImageObject","inLanguage":"en-GB","@id":"https:\/\/www.revistarambla.com\/carnaval-del-parlament\/#primaryimage","url":"https:\/\/www.revistarambla.com\/wp-content\/uploads\/2018\/01\/REVISTARAMBLA-PUIGDEMONT-01.jpg","contentUrl":"https:\/\/www.revistarambla.com\/wp-content\/uploads\/2018\/01\/REVISTARAMBLA-PUIGDEMONT-01.jpg","width":800,"height":552},{"@type":"BreadcrumbList","@id":"https:\/\/www.revistarambla.com\/carnaval-del-parlament\/#breadcrumb","itemListElement":[{"@type":"ListItem","position":1,"name":"Portada","item":"https:\/\/www.revistarambla.com\/"},{"@type":"ListItem","position":2,"name":"El Carnaval del Parlament"}]},{"@type":"WebSite","@id":"https:\/\/www.revistarambla.com\/#website","url":"https:\/\/www.revistarambla.com\/","name":"Revista Rambla Barcelona","description":"Periodismo independiente","publisher":{"@id":"https:\/\/www.revistarambla.com\/#organization"},"potentialAction":[{"@type":"SearchAction","target":{"@type":"EntryPoint","urlTemplate":"https:\/\/www.revistarambla.com\/?s={search_term_string}"},"query-input":{"@type":"PropertyValueSpecification","valueRequired":true,"valueName":"search_term_string"}}],"inLanguage":"en-GB"},{"@type":"Organization","@id":"https:\/\/www.revistarambla.com\/#organization","name":"Revista Rambla","url":"https:\/\/www.revistarambla.com\/","logo":{"@type":"ImageObject","inLanguage":"en-GB","@id":"https:\/\/www.revistarambla.com\/#\/schema\/logo\/image\/","url":"https:\/\/www.revistarambla.com\/wp-content\/uploads\/2020\/09\/banner_rambla_1900x600_BB.png","contentUrl":"https:\/\/www.revistarambla.com\/wp-content\/uploads\/2020\/09\/banner_rambla_1900x600_BB.png","width":1900,"height":600,"caption":"Revista Rambla"},"image":{"@id":"https:\/\/www.revistarambla.com\/#\/schema\/logo\/image\/"},"sameAs":["https:\/\/www.facebook.com\/revistarambla\/","https:\/\/x.com\/revistarambla","https:\/\/www.instagram.com\/revista_rambla","https:\/\/es.linkedin.com\/company\/revista-rambla"]},{"@type":"Person","@id":"https:\/\/www.revistarambla.com\/#\/schema\/person\/484137421f6838db1b2b233040fa01f0","name":"Mari Carmen Morcillo L\u00f3pez","description":"Periodista.","sameAs":["https:\/\/www.facebook.com\/mamen.m.lopez"]}]}},"_links":{"self":[{"href":"https:\/\/www.revistarambla.com\/en\/wp-json\/wp\/v2\/posts\/14687","targetHints":{"allow":["GET"]}}],"collection":[{"href":"https:\/\/www.revistarambla.com\/en\/wp-json\/wp\/v2\/posts"}],"about":[{"href":"https:\/\/www.revistarambla.com\/en\/wp-json\/wp\/v2\/types\/post"}],"author":[{"embeddable":true,"href":"https:\/\/www.revistarambla.com\/en\/wp-json\/wp\/v2\/users\/42"}],"replies":[{"embeddable":true,"href":"https:\/\/www.revistarambla.com\/en\/wp-json\/wp\/v2\/comments?post=14687"}],"version-history":[{"count":0,"href":"https:\/\/www.revistarambla.com\/en\/wp-json\/wp\/v2\/posts\/14687\/revisions"}],"wp:featuredmedia":[{"embeddable":true,"href":"https:\/\/www.revistarambla.com\/en\/wp-json\/wp\/v2\/media\/14688"}],"wp:attachment":[{"href":"https:\/\/www.revistarambla.com\/en\/wp-json\/wp\/v2\/media?parent=14687"}],"wp:term":[{"taxonomy":"category","embeddable":true,"href":"https:\/\/www.revistarambla.com\/en\/wp-json\/wp\/v2\/categories?post=14687"},{"taxonomy":"post_tag","embeddable":true,"href":"https:\/\/www.revistarambla.com\/en\/wp-json\/wp\/v2\/tags?post=14687"}],"curies":[{"name":"wp","href":"https:\/\/api.w.org\/{rel}","templated":true}]}}