{"id":14668,"date":"2018-01-29T18:38:52","date_gmt":"2018-01-29T17:38:52","guid":{"rendered":"https:\/\/www.revistarambla.com\/?p=14668"},"modified":"2021-12-16T20:40:41","modified_gmt":"2021-12-16T19:40:41","slug":"1-octubre-dia-la-historia-se-llego-supuso","status":"publish","type":"post","link":"https:\/\/www.revistarambla.com\/en\/1-octubre-dia-la-historia-se-llego-supuso\/","title":{"rendered":"1 de Octubre. Un d\u00eda para la historia. C\u00f3mo se lleg\u00f3 y qu\u00e9 supuso"},"content":{"rendered":"<p>Hace unas pocas semanas el ministro de interior del Gobierno de Espa\u00f1a Juan Ignacio Zoido declar\u00f3 ante los medios que el conjunto de las medidas que se hab\u00edan destinado para frenar el refer\u00e9ndum catal\u00e1n del 1 de octubre tuvieron un coste de 87 millones de euros.<\/p>\n<p>Aunque esta historia empez\u00f3 mucho antes pondremos la lupa en este \u00faltimo tercio de 2017, donde sin duda hemos vivido una cascada de acontecimientos pol\u00edticos que podr\u00edan catalogarse de \u201chist\u00f3ricos\u201d casi a diario, como acontecimientos de tales magnitudes estos han desatado grandes movilizaciones sociales por ambos bandos. Un breve resumen antes de continuar.<\/p>\n<h3><u>Cuando los motores solo estaban calent\u00e1ndose<\/u><\/h3>\n<p>Hay que tener claro cuales son los precedentes que han llevado a esta situaci\u00f3n, los comentamos por encima. En el 2006 se pacta en Madrid un estatuto para Catalu\u00f1a con Mas y Zapatero al frente (de espaldas al gobierno socialista de Maragall), este estatuto se aprob\u00f3 en refer\u00e9ndum (si, un refer\u00e9ndum legal en Catalu\u00f1a, no est\u00e1n so\u00f1ando), este estatuto ser\u00e1 recortado en 2010 por el Tribunal Constitucional desatando una gran manifestaci\u00f3n. CIU ganara las elecciones en ese mismo a\u00f1o y durante su legislatura dejara de lado sus recortes y pactos con el PP de Alicia Camacho y se centrara en el soberanismo ante la negativa de Rajoy a un pacto fiscal para Catalu\u00f1a. El panorama en el Parlament catal\u00e1n cambiara r\u00e1pidamente, con las elecciones anticipadas de 2012 y 2015 entran en juego fuerzas nuevas como la CUP y En com\u00fa Podem, mientras el PP i el PSOE se deshacen y Ciudadanos sabr\u00e1 recoger esos votos convirti\u00e9ndose en la oposici\u00f3n. Se realizar\u00e1 la consulta del N-9 no reconocida por el Estado, las elecciones forzar\u00e1n a Mas a dar un paso al lado si se quiere seguir con el proc\u00e9s, Puigdemont es investido presidente en enero de 2016. Durante el primer a\u00f1o el gobierno estar\u00e1 centrado en la aprobaci\u00f3n de los presupuestos, Puigdemont conseguir\u00e1 positivamente una moci\u00f3n de confianza. Llegamos as\u00ed al 2017 donde la hoja de ruta del proc\u00e9s catal\u00e0n ya se puso en marcha con unos presupuestos aprobados y una fuerza parlamentaria suficiente.<\/p>\n<p><a href=\"https:\/\/www.revistarambla.com\/wp-content\/uploads\/2018\/01\/revistarambla-policia-1.jpg\"><img decoding=\"async\" class=\"wp-image-14670 size-large\" src=\"https:\/\/www.revistarambla.com\/wp-content\/uploads\/2018\/01\/revistarambla-policia-1-1024x672.jpg\" alt=\"\" width=\"640\" height=\"420\" srcset=\"https:\/\/www.revistarambla.com\/wp-content\/uploads\/2018\/01\/revistarambla-policia-1-1024x672.jpg 1024w, https:\/\/www.revistarambla.com\/wp-content\/uploads\/2018\/01\/revistarambla-policia-1-300x197.jpg 300w, https:\/\/www.revistarambla.com\/wp-content\/uploads\/2018\/01\/revistarambla-policia-1-768x504.jpg 768w, https:\/\/www.revistarambla.com\/wp-content\/uploads\/2018\/01\/revistarambla-policia-1-500x328.jpg 500w, https:\/\/www.revistarambla.com\/wp-content\/uploads\/2018\/01\/revistarambla-policia-1-850x558.jpg 850w, https:\/\/www.revistarambla.com\/wp-content\/uploads\/2018\/01\/revistarambla-policia-1-650x427.jpg 650w, https:\/\/www.revistarambla.com\/wp-content\/uploads\/2018\/01\/revistarambla-policia-1-458x301.jpg 458w, https:\/\/www.revistarambla.com\/wp-content\/uploads\/2018\/01\/revistarambla-policia-1.jpg 1133w\" sizes=\"(max-width: 640px) 100vw, 640px\" \/><\/a><\/p>\n<p>Setiembre de 2017, el Parlament de Catalu\u00f1a aprueba la Ley del refer\u00e9ndum, con votos a favor de Junts pel S\u00ed y la Cup, y votos en contra de Ciudadanos, PP y PSOE, y abstenci\u00f3n de Catalunya Si que es pot . La fecha marcada es el 1 de octubre. Aqu\u00ed es donde la actualidad pol\u00edtica coger\u00e1 un ritmo vertiginoso.<\/p>\n<p>La respuesta inmediata des de Madrid fue alta y clara, el refer\u00e9ndum catal\u00e1n es ilegal y por lo tanto el gobierno de Espa\u00f1a tiene el deber de impedirlo por todos los medios. A este discurso se sumara tambi\u00e9n el PSOE de Pedro S\u00e1nchez, a lo que Podemos manifestar\u00e1 una posici\u00f3n pactista ya que entienden que hay una necesidad de di\u00e1logo para solucionar el conflicto el Catalu\u00f1a. En este punto se ha de decir que tanto Rajoy como Puigdemont parec\u00edan atados por su entorno, por un lado Rajoy no se vio capacitado para aflojar y sentarse a hablar con los catalanes independentistas consciente de lo que supondr\u00eda para su carrera pol\u00edtica, y por otro lado un Puigdemont que hab\u00eda arrancado un <em>proc\u00e9s<\/em> que con la masa social y pol\u00edtica que aglutino era imposible de detener.<\/p>\n<p>El Constitucional reacciono inmediatamente suspendiendo la Ley del Refer\u00e9ndum, y la Fiscal\u00eda del Gobierno puso una querella a la Mesa del Parlament de Catalu\u00f1a y su Gobierno. El siguiente paso ser\u00e1 que la Guardia Civil con colaboraci\u00f3n con los Mossos requisen las urnas y las papeletas para impedir el refer\u00e9ndum. Los d\u00edas siguientes las noticias empezaran anunciando registros de la Guardia Civil en f\u00e1bricas y centros en busca de material relacionado con el refer\u00e9ndum, esto provocara las primeras tensiones sociales. A esto seguir\u00e1n citaciones judiciales de los alcaldes que apoyaban el refer\u00e9ndum, as\u00ed como cierres de portales de internet oficiales del refer\u00e9ndum.<\/p>\n<p>A todo esto el gobierno espa\u00f1ol desplego a la polic\u00eda y la guardia civil por Catalu\u00f1a, el barco del Piol\u00edn amarrara en Barcelona el 20 de setiembre, se vivir\u00e1n momentos realmente bochornosos como el famoso \u201ca por ellos \u201cm\u00e1s propio de un filme del Gran Berlanga que no de la realidad de nuestro pa\u00eds. A parte el Gobierno utilizara todos sus recursos para el boicot al refer\u00e9ndum, intervenci\u00f3n de Correos, intervenci\u00f3n de los pagos de servicios esenciales y n\u00f3minas de la Generalitat, requisamientos de material de propaganda del refer\u00e9ndum\u2026.<\/p>\n<p>El panorama empezaba a ser preocupante, pues mostraba una realidad de divisi\u00f3n, a grandes rasgos ten\u00edamos un gran grupo que quer\u00eda la celebraci\u00f3n del refer\u00e9ndum (ya sea por independentismo o por el derecho a decidir) y otro gran grupo que ve\u00eda ilegal este acto y no estaba de acuerdo con su celebraci\u00f3n.<\/p>\n<p>La \u00faltima chispa antes del 1 de octubre fue el arresto de 14 personas, altos cargos del Gobierno catal\u00e1n, y los registros de los departamentos de Econom\u00eda, Exteriores, Trabajo y Gobernaci\u00f3n por orden judicial. Esto desatara grandes movilizaciones populares que duraran pr\u00e1cticamente una semana, la gente sale a la calle y exige que se acabe esta persecuci\u00f3n, reclama su derecho a votar. Durante estas manifestaciones que agruparon a millones de personas destac\u00f3 un ambiente pacifista donde la \u00fanica imagen \u201cviolenta que se puede sacar \u201c (y vaya si se hizo) fue la de un coche de polic\u00eda inhabilitado con personas encima. Los mossos de Escuadra actuaron como intermediarios entre la gente y los guardias civiles que estaban registrando los departamentos. Su mayor responsable Trapero ser\u00e1 llevado ante un tribunal i inhabilitado como consecuencia. La postura de Madrid segu\u00eda inmovilista, impedir el refer\u00e9ndum era su m\u00e1xima responsabilidad, advert\u00edan a Puigdemont que no siga por este camino.<\/p>\n<p>Con este clima se lleg\u00f3 al famoso 1 de octubre.<\/p>\n<h3>El 1 de octubre<\/h3>\n<p>Fue un d\u00eda donde gris, el cielo estaba nublado con chubascos espor\u00e1dicos en algunas zonas, realmente parec\u00eda una pel\u00edcula. A las 8 de la ma\u00f1ana cuando los mossos y la polic\u00eda fueron a impedir la apertura de los colegios se encontraron con una sorpresa, resulta que un gran n\u00famero de personas se qued\u00f3 a dormir en los colegios electorales para que no los cerraran por la ma\u00f1ana. El ambiente que se respiraba en esos centros era familiar, de fraternizaci\u00f3n, durante l fin de semana se abrieron esos colegios y se realizaron todo tipo de actividades populares para todo el mundo. La gente estaba unida con un prop\u00f3sito firme y digno: votar.<\/p>\n<p>Las autoridades advirtieron a las personas que estaban ocupando pac\u00edficamente los colegios que ten\u00edan jurisdicci\u00f3n para cerrarlos y que ten\u00edan que marcharse, ante la negativa las autoridades se marcharon, todo el mundo sab\u00eda que la cosa solo acaba de empezar. Los helic\u00f3pteros empezaron a sobrevolar las grandes ciudades con Barcelona y Girona en el punto de mira. Pronto en las noticias empezaron a retransmitir en directo las im\u00e1genes del colegio donde ten\u00eda que votar Puigdemont.<\/p>\n<p>La polic\u00eda nacional antidisturbios avanzaba, en frente la gente unida defendiendo como pod\u00edan los colegios, la tensi\u00f3n era insostenible y las cargar policiales mostraron unas im\u00e1genes que quedaran en el recuerdo para la posteridad. Con violencia la polic\u00eda consigui\u00f3 llevarse las urnas de muchos colegios electorales, las im\u00e1genes mostraban a gente llorando de impotencia. No obstante esa no fue la t\u00f3nica dominante, en muchos colegios la polic\u00eda no pudo acceder a las urnas debido a la resistencia pac\u00edfica de la gente y las trabas que pusieron escondi\u00e9ndolas o cambi\u00e1ndolas de sitio.<\/p>\n<p>Durante las primeras horas y pr\u00e1cticamente durante toda la ma\u00f1ana se vieron largu\u00edsimas colas en muchos centros, no avanzaban pues el sistema inform\u00e1tico se ca\u00eda constantemente. Las personas mayores ten\u00edan preferencia y despu\u00e9s de votar eran aplaudidas y ovacionadas por las multitudes. Entre algunas de las personalidades pol\u00edticas que se vieron votar est\u00e1n Puigdemont (el cual lo hizo en otro colegio finalmente), Junqueras, Forcadell, Ada Colau, Romeva y Anna Gabriel.<\/p>\n<p>Al mediod\u00eda en los telediarios se pod\u00eda escuchar como la vicepresidenta Soraya S\u00e1nchez de Santa Mar\u00eda y M\u00e9ndez de Vigo se jactaban de que la actuaci\u00f3n y fuerza que se estaba ejecutando en Catalunya era proporcional y necesaria. Pero seamos sinceros, cuesta pensar en proporcionalidad al ver las duras im\u00e1genes. Por la tarde las colas empezaron a agilizarse, y mucha gente que no ten\u00eda pensado votar, ya sea por discrepancia o miedo, decidi\u00f3 salir a la calle y ejercer su derecho. Despu\u00e9s de votar los voluntarios ped\u00edan a la gente que se quedaran en los colegios las puertas para proteger las urnas hasta el fin de la jornada electoral, y as\u00ed lo hicieron pues la mayor\u00eda de los colegios estaban rodeados. A las 8 las urnas empezaron a moverse y prepararse para el recuento.<\/p>\n<p>Es totalmente cierto que se cometieron much\u00edsimas irregularidades en el sistema de voto, des de votar en otro centro hasta dobles. Pero creo que todos coincidimos en que el resultado fue lo de menos, est\u00e1 claro que el resultado carece de toda validez legal, pero aquel 1 de octubre trat\u00f3 de independencia SI independencia NO, trat\u00f3 de que una gran mayor\u00eda de gente sali\u00f3 a la calle a opinar, a defender su derecho a decidir, a mostrar que los catalanes no ten\u00edan miedo.<\/p>\n<p>Cuando el Se\u00f1or Rajoy dijo que el 1 de octubre no se celebr\u00f3 ning\u00fan refer\u00e9ndum se ha de reconocer que dio en clavo, lo que se celebr\u00f3 fue algo mucho m\u00e1s importante que eso.<\/p>\n<p><u>La otra cara de Catalunya<\/u><\/p>\n<p>Cuando hablamos del panorama pol\u00edtico social de Catalu\u00f1a a menudo caemos en la trampa de solo tener en cuenta el boque independentista por su visualizaci\u00f3n en las calles, manifiestos y redes sociales. No obstante se ha de tener presente que efectivamente hay una parte importante de Catalu\u00f1a que no est\u00e1 de acuerdo con el rumbo que se ha tomado. Personas que se sientes catalanas y espa\u00f1olas y no quieren que la situaci\u00f3n cambie, los partidos pol\u00edticos a los que se acogen son Ciudadanos, PP y PSOE. Estos partidos se han mostrado durante meses indignados con las decisiones que ha tomado el bloque independentista, incluso apoyaron las actuaciones policiales. Su objetivo es acabar con el independentismo extremo para restablecer la Catalu\u00f1a de todos y todas, as\u00ed lo mostraron sus programas electorales en las \u00faltimas elecciones.<\/p>\n<p>Y para acaba de dibujar el cuadro pol\u00edtico hay que hablar de En com\u00fa Podem, los cuales est\u00e1n en contra de como Puigdemont y Rajoy han llevado la situaci\u00f3n, quieren dialogo y una soluci\u00f3n que no sea extrema, una soluci\u00f3n que no deje atr\u00e1s vencedores y vencidos.<\/p>\n<p>Esta otra Catalu\u00f1a juega un papel muy complicado hoy en d\u00eda, y los fallos de cualquier partido que no sepa jugar bien sus cartas pueden penalizar mucho y favorecer a los dem\u00e1s, un ejemplo de ello es el baj\u00f3n que ha dado el PPC en las \u00faltimas elecciones (sus peores resultados des de la democracia espa\u00f1ola), y como Ciudadanos ha sabio nutrirse de ello para coger una posici\u00f3n aun ms fuerte de la que ya ten\u00edan.<\/p>\n<h3>\u00bfY despu\u00e9s del 1-0, qu\u00e9?<\/h3>\n<p>Las consecuencias fueron r\u00e1pidas y directas, despu\u00e9s de una semana de expectaci\u00f3n con la posible DUI y 155 y una \u00faltima oportunidad para el dialogo (que el se\u00f1or Rajoy rechaz\u00f3) el Parlamento de Catalu\u00f1a declaro la Republica Catalana. Causa y efecto, horas despu\u00e9s era aplicado el art\u00edculo 155 de la Constituci\u00f3n espa\u00f1ola y la Republica quedaba suspendida. Como hemos dicho todo ha pasado muy r\u00e1pido, Catalu\u00f1a ha sido intervenida, Espa\u00f1a vuelve a tener presos pol\u00edticos y Catalu\u00f1a un presidente exiliado en Europa (alguien duda de que la historia no es c\u00edclica?) , unas elecciones impuestas des de la Moncloa, y ahora un debate de investidura que parece encallado.<\/p>\n<p>En este apartado me gustar\u00eda hacer un ejercicio de reflexi\u00f3n, ir m\u00e1s all\u00e1 de lo que las noticias nos cuentan d\u00eda a d\u00eda. Los grandes cambios pol\u00edticos siempre se han producido a partir de puntos de inflexi\u00f3n, puntos de no retorno, por desgracia la historia nos muestra que la mayor\u00eda de veces en estos puntos de inflexi\u00f3n la violencia ha estado presente, Espa\u00f1a no es una excepci\u00f3n. En los \u00faltimos 40 a\u00f1os este pa\u00eds parec\u00eda haber aprendido a encarar sus problemas con dialogo, negociaciones y concesiones.<\/p>\n<p>Me preocupa pensar que el 1-O haya sido realmente un punto de inflexi\u00f3n en Catalu\u00f1a y que los catalanes no puedan lo que este gobierno les ha hecho, me preocupa que las dos Catalu\u00f1as no puedan llegar a entenderse. Se me ocurre que lo primero que se ha de hacer es un ejercicio de coger la situaci\u00f3n con m\u00e1s perspectiva hablar no tanto des del sentimiento nacional y m\u00e1s des racional, algo realmente dif\u00edcil cuando ves que el gobierno no tiene ninguna intenci\u00f3n de sacar a los presos pol\u00edticos de la c\u00e1rcel.<\/p>\n<p>La dificultad se encuentra en que mientras se supone que tenemos que hacer este ejercicio de coger distancia con el conflicto para entenderlo y analizarlo adecuadamente cada d\u00eda aparecen nuevas razones para exaltarse. Estas \u00faltimas semanas hemos sabido que el Gobierno invirti\u00f3 87 millones de euros para detener e 1-O, y ahora nos cuentan c\u00f3mo est\u00e1n reforzando la vigilancia en todas las fronteras, registraran maleteros, incluso vigilancia a\u00e9rea por si Puigdemont decidiera llegar en ultraligero, todo para que no sea investido presidente. Me gustar\u00eda saber cu\u00e1ntos millones est\u00e1n destinando en todas estas operaciones, quiz\u00e1 los sabremos en unos meses. Creo que todo el mundo coincide en que este no es el camino a seguir. La realidad supera la ficci\u00f3n.<\/p>\n<p>As\u00ed pues encontramos en Catalu\u00f1a una situaci\u00f3n dif\u00edcil, que requiere mucha pol\u00edtica, dar y ceder por ambos lados. Una cosa es bien cierta, los catalanes hacen cosas.<\/p>","protected":false},"excerpt":{"rendered":"<p>Hace unas pocas semanas el ministro de interior del Gobierno de Espa\u00f1a Juan Ignacio Zoido declar\u00f3 ante los medios que el conjunto de las medidas que se hab\u00edan destinado para frenar el refer\u00e9ndum catal\u00e1n del 1 de octubre tuvieron un coste de 87 millones de euros. Aunque esta historia empez\u00f3 [&hellip;]<\/p>\n","protected":false},"author":64,"featured_media":14669,"comment_status":"open","ping_status":"open","sticky":false,"template":"","format":"standard","meta":{"footnotes":""},"categories":[72],"tags":[],"class_list":["post-14668","post","type-post","status-publish","format-standard","has-post-thumbnail","hentry","category-opinion"],"yoast_head":"<!-- This site is optimized with the Yoast SEO plugin v27.5 - https:\/\/yoast.com\/product\/yoast-seo-wordpress\/ -->\n<title>1 de Octubre. Un d\u00eda para la historia. C\u00f3mo se lleg\u00f3 y qu\u00e9 supuso - Revista Rambla<\/title>\n<meta name=\"robots\" content=\"index, follow, max-snippet:-1, max-image-preview:large, max-video-preview:-1\" \/>\n<link rel=\"canonical\" href=\"https:\/\/www.revistarambla.com\/en\/1-octubre-dia-la-historia-se-llego-supuso\/\" \/>\n<meta property=\"og:locale\" content=\"en_GB\" \/>\n<meta property=\"og:type\" content=\"article\" \/>\n<meta property=\"og:title\" content=\"1 de Octubre. Un d\u00eda para la historia. C\u00f3mo se lleg\u00f3 y qu\u00e9 supuso - Revista Rambla\" \/>\n<meta property=\"og:description\" content=\"Hace unas pocas semanas el ministro de interior del Gobierno de Espa\u00f1a Juan Ignacio Zoido declar\u00f3 ante los medios que el conjunto de las medidas que se hab\u00edan destinado para frenar el refer\u00e9ndum catal\u00e1n del 1 de octubre tuvieron un coste de 87 millones de euros. Aunque esta historia empez\u00f3 [&hellip;]\" \/>\n<meta property=\"og:url\" content=\"https:\/\/www.revistarambla.com\/en\/1-octubre-dia-la-historia-se-llego-supuso\/\" \/>\n<meta property=\"og:site_name\" content=\"Revista Rambla\" \/>\n<meta property=\"article:publisher\" content=\"https:\/\/www.facebook.com\/revistarambla\/\" \/>\n<meta property=\"article:published_time\" content=\"2018-01-29T17:38:52+00:00\" \/>\n<meta property=\"article:modified_time\" content=\"2021-12-16T19:40:41+00:00\" \/>\n<meta property=\"og:image\" content=\"https:\/\/www.revistarambla.com\/wp-content\/uploads\/2018\/01\/revistarambla-policia.jpg\" \/>\n\t<meta property=\"og:image:width\" content=\"1133\" \/>\n\t<meta property=\"og:image:height\" content=\"744\" \/>\n\t<meta property=\"og:image:type\" content=\"image\/jpeg\" \/>\n<meta name=\"author\" content=\"William Acero Peraire\" \/>\n<meta name=\"twitter:card\" content=\"summary_large_image\" \/>\n<meta name=\"twitter:creator\" content=\"@revistarambla\" \/>\n<meta name=\"twitter:site\" content=\"@revistarambla\" \/>\n<meta name=\"twitter:label1\" content=\"Written by\" \/>\n\t<meta name=\"twitter:data1\" content=\"William Acero Peraire\" \/>\n\t<meta name=\"twitter:label2\" content=\"Estimated reading time\" \/>\n\t<meta name=\"twitter:data2\" content=\"11 minutes\" \/>\n<script type=\"application\/ld+json\" class=\"yoast-schema-graph\">{\"@context\":\"https:\\\/\\\/schema.org\",\"@graph\":[{\"@type\":\"Article\",\"@id\":\"https:\\\/\\\/www.revistarambla.com\\\/1-octubre-dia-la-historia-se-llego-supuso\\\/#article\",\"isPartOf\":{\"@id\":\"https:\\\/\\\/www.revistarambla.com\\\/1-octubre-dia-la-historia-se-llego-supuso\\\/\"},\"author\":{\"name\":\"William Acero Peraire\",\"@id\":\"https:\\\/\\\/www.revistarambla.com\\\/#\\\/schema\\\/person\\\/10d7375349d9dfe42f2d993180c6651e\"},\"headline\":\"1 de Octubre. Un d\u00eda para la historia. C\u00f3mo se lleg\u00f3 y qu\u00e9 supuso\",\"datePublished\":\"2018-01-29T17:38:52+00:00\",\"dateModified\":\"2021-12-16T19:40:41+00:00\",\"mainEntityOfPage\":{\"@id\":\"https:\\\/\\\/www.revistarambla.com\\\/1-octubre-dia-la-historia-se-llego-supuso\\\/\"},\"wordCount\":2454,\"commentCount\":0,\"publisher\":{\"@id\":\"https:\\\/\\\/www.revistarambla.com\\\/#organization\"},\"image\":{\"@id\":\"https:\\\/\\\/www.revistarambla.com\\\/1-octubre-dia-la-historia-se-llego-supuso\\\/#primaryimage\"},\"thumbnailUrl\":\"https:\\\/\\\/www.revistarambla.com\\\/wp-content\\\/uploads\\\/2018\\\/01\\\/revistarambla-policia.jpg\",\"articleSection\":[\"Opiniones\"],\"inLanguage\":\"en-GB\",\"potentialAction\":[{\"@type\":\"CommentAction\",\"name\":\"Comment\",\"target\":[\"https:\\\/\\\/www.revistarambla.com\\\/1-octubre-dia-la-historia-se-llego-supuso\\\/#respond\"]}]},{\"@type\":\"WebPage\",\"@id\":\"https:\\\/\\\/www.revistarambla.com\\\/1-octubre-dia-la-historia-se-llego-supuso\\\/\",\"url\":\"https:\\\/\\\/www.revistarambla.com\\\/1-octubre-dia-la-historia-se-llego-supuso\\\/\",\"name\":\"1 de Octubre. Un d\u00eda para la historia. C\u00f3mo se lleg\u00f3 y qu\u00e9 supuso - Revista Rambla\",\"isPartOf\":{\"@id\":\"https:\\\/\\\/www.revistarambla.com\\\/#website\"},\"primaryImageOfPage\":{\"@id\":\"https:\\\/\\\/www.revistarambla.com\\\/1-octubre-dia-la-historia-se-llego-supuso\\\/#primaryimage\"},\"image\":{\"@id\":\"https:\\\/\\\/www.revistarambla.com\\\/1-octubre-dia-la-historia-se-llego-supuso\\\/#primaryimage\"},\"thumbnailUrl\":\"https:\\\/\\\/www.revistarambla.com\\\/wp-content\\\/uploads\\\/2018\\\/01\\\/revistarambla-policia.jpg\",\"datePublished\":\"2018-01-29T17:38:52+00:00\",\"dateModified\":\"2021-12-16T19:40:41+00:00\",\"breadcrumb\":{\"@id\":\"https:\\\/\\\/www.revistarambla.com\\\/1-octubre-dia-la-historia-se-llego-supuso\\\/#breadcrumb\"},\"inLanguage\":\"en-GB\",\"potentialAction\":[{\"@type\":\"ReadAction\",\"target\":[\"https:\\\/\\\/www.revistarambla.com\\\/1-octubre-dia-la-historia-se-llego-supuso\\\/\"]}]},{\"@type\":\"ImageObject\",\"inLanguage\":\"en-GB\",\"@id\":\"https:\\\/\\\/www.revistarambla.com\\\/1-octubre-dia-la-historia-se-llego-supuso\\\/#primaryimage\",\"url\":\"https:\\\/\\\/www.revistarambla.com\\\/wp-content\\\/uploads\\\/2018\\\/01\\\/revistarambla-policia.jpg\",\"contentUrl\":\"https:\\\/\\\/www.revistarambla.com\\\/wp-content\\\/uploads\\\/2018\\\/01\\\/revistarambla-policia.jpg\",\"width\":1133,\"height\":744},{\"@type\":\"BreadcrumbList\",\"@id\":\"https:\\\/\\\/www.revistarambla.com\\\/1-octubre-dia-la-historia-se-llego-supuso\\\/#breadcrumb\",\"itemListElement\":[{\"@type\":\"ListItem\",\"position\":1,\"name\":\"Portada\",\"item\":\"https:\\\/\\\/www.revistarambla.com\\\/\"},{\"@type\":\"ListItem\",\"position\":2,\"name\":\"1 de Octubre. Un d\u00eda para la historia. C\u00f3mo se lleg\u00f3 y qu\u00e9 supuso\"}]},{\"@type\":\"WebSite\",\"@id\":\"https:\\\/\\\/www.revistarambla.com\\\/#website\",\"url\":\"https:\\\/\\\/www.revistarambla.com\\\/\",\"name\":\"Revista Rambla Barcelona\",\"description\":\"Periodismo independiente\",\"publisher\":{\"@id\":\"https:\\\/\\\/www.revistarambla.com\\\/#organization\"},\"potentialAction\":[{\"@type\":\"SearchAction\",\"target\":{\"@type\":\"EntryPoint\",\"urlTemplate\":\"https:\\\/\\\/www.revistarambla.com\\\/?s={search_term_string}\"},\"query-input\":{\"@type\":\"PropertyValueSpecification\",\"valueRequired\":true,\"valueName\":\"search_term_string\"}}],\"inLanguage\":\"en-GB\"},{\"@type\":\"Organization\",\"@id\":\"https:\\\/\\\/www.revistarambla.com\\\/#organization\",\"name\":\"Revista Rambla\",\"url\":\"https:\\\/\\\/www.revistarambla.com\\\/\",\"logo\":{\"@type\":\"ImageObject\",\"inLanguage\":\"en-GB\",\"@id\":\"https:\\\/\\\/www.revistarambla.com\\\/#\\\/schema\\\/logo\\\/image\\\/\",\"url\":\"https:\\\/\\\/www.revistarambla.com\\\/wp-content\\\/uploads\\\/2020\\\/09\\\/banner_rambla_1900x600_BB.png\",\"contentUrl\":\"https:\\\/\\\/www.revistarambla.com\\\/wp-content\\\/uploads\\\/2020\\\/09\\\/banner_rambla_1900x600_BB.png\",\"width\":1900,\"height\":600,\"caption\":\"Revista Rambla\"},\"image\":{\"@id\":\"https:\\\/\\\/www.revistarambla.com\\\/#\\\/schema\\\/logo\\\/image\\\/\"},\"sameAs\":[\"https:\\\/\\\/www.facebook.com\\\/revistarambla\\\/\",\"https:\\\/\\\/x.com\\\/revistarambla\",\"https:\\\/\\\/www.instagram.com\\\/revista_rambla\",\"https:\\\/\\\/es.linkedin.com\\\/company\\\/revista-rambla\"]},{\"@type\":\"Person\",\"@id\":\"https:\\\/\\\/www.revistarambla.com\\\/#\\\/schema\\\/person\\\/10d7375349d9dfe42f2d993180c6651e\",\"name\":\"William Acero Peraire\",\"description\":\"Graduado en Historia.\"}]}<\/script>\n<!-- \/ Yoast SEO plugin. -->","yoast_head_json":{"title":"1 de Octubre. Un d\u00eda para la historia. C\u00f3mo se lleg\u00f3 y qu\u00e9 supuso - Revista Rambla","robots":{"index":"index","follow":"follow","max-snippet":"max-snippet:-1","max-image-preview":"max-image-preview:large","max-video-preview":"max-video-preview:-1"},"canonical":"https:\/\/www.revistarambla.com\/en\/1-octubre-dia-la-historia-se-llego-supuso\/","og_locale":"en_GB","og_type":"article","og_title":"1 de Octubre. Un d\u00eda para la historia. C\u00f3mo se lleg\u00f3 y qu\u00e9 supuso - Revista Rambla","og_description":"Hace unas pocas semanas el ministro de interior del Gobierno de Espa\u00f1a Juan Ignacio Zoido declar\u00f3 ante los medios que el conjunto de las medidas que se hab\u00edan destinado para frenar el refer\u00e9ndum catal\u00e1n del 1 de octubre tuvieron un coste de 87 millones de euros. Aunque esta historia empez\u00f3 [&hellip;]","og_url":"https:\/\/www.revistarambla.com\/en\/1-octubre-dia-la-historia-se-llego-supuso\/","og_site_name":"Revista Rambla","article_publisher":"https:\/\/www.facebook.com\/revistarambla\/","article_published_time":"2018-01-29T17:38:52+00:00","article_modified_time":"2021-12-16T19:40:41+00:00","og_image":[{"width":1133,"height":744,"url":"https:\/\/www.revistarambla.com\/wp-content\/uploads\/2018\/01\/revistarambla-policia.jpg","type":"image\/jpeg"}],"author":"William Acero Peraire","twitter_card":"summary_large_image","twitter_creator":"@revistarambla","twitter_site":"@revistarambla","twitter_misc":{"Written by":"William Acero Peraire","Estimated reading time":"11 minutes"},"schema":{"@context":"https:\/\/schema.org","@graph":[{"@type":"Article","@id":"https:\/\/www.revistarambla.com\/1-octubre-dia-la-historia-se-llego-supuso\/#article","isPartOf":{"@id":"https:\/\/www.revistarambla.com\/1-octubre-dia-la-historia-se-llego-supuso\/"},"author":{"name":"William Acero Peraire","@id":"https:\/\/www.revistarambla.com\/#\/schema\/person\/10d7375349d9dfe42f2d993180c6651e"},"headline":"1 de Octubre. Un d\u00eda para la historia. C\u00f3mo se lleg\u00f3 y qu\u00e9 supuso","datePublished":"2018-01-29T17:38:52+00:00","dateModified":"2021-12-16T19:40:41+00:00","mainEntityOfPage":{"@id":"https:\/\/www.revistarambla.com\/1-octubre-dia-la-historia-se-llego-supuso\/"},"wordCount":2454,"commentCount":0,"publisher":{"@id":"https:\/\/www.revistarambla.com\/#organization"},"image":{"@id":"https:\/\/www.revistarambla.com\/1-octubre-dia-la-historia-se-llego-supuso\/#primaryimage"},"thumbnailUrl":"https:\/\/www.revistarambla.com\/wp-content\/uploads\/2018\/01\/revistarambla-policia.jpg","articleSection":["Opiniones"],"inLanguage":"en-GB","potentialAction":[{"@type":"CommentAction","name":"Comment","target":["https:\/\/www.revistarambla.com\/1-octubre-dia-la-historia-se-llego-supuso\/#respond"]}]},{"@type":"WebPage","@id":"https:\/\/www.revistarambla.com\/1-octubre-dia-la-historia-se-llego-supuso\/","url":"https:\/\/www.revistarambla.com\/1-octubre-dia-la-historia-se-llego-supuso\/","name":"1 de Octubre. Un d\u00eda para la historia. C\u00f3mo se lleg\u00f3 y qu\u00e9 supuso - Revista Rambla","isPartOf":{"@id":"https:\/\/www.revistarambla.com\/#website"},"primaryImageOfPage":{"@id":"https:\/\/www.revistarambla.com\/1-octubre-dia-la-historia-se-llego-supuso\/#primaryimage"},"image":{"@id":"https:\/\/www.revistarambla.com\/1-octubre-dia-la-historia-se-llego-supuso\/#primaryimage"},"thumbnailUrl":"https:\/\/www.revistarambla.com\/wp-content\/uploads\/2018\/01\/revistarambla-policia.jpg","datePublished":"2018-01-29T17:38:52+00:00","dateModified":"2021-12-16T19:40:41+00:00","breadcrumb":{"@id":"https:\/\/www.revistarambla.com\/1-octubre-dia-la-historia-se-llego-supuso\/#breadcrumb"},"inLanguage":"en-GB","potentialAction":[{"@type":"ReadAction","target":["https:\/\/www.revistarambla.com\/1-octubre-dia-la-historia-se-llego-supuso\/"]}]},{"@type":"ImageObject","inLanguage":"en-GB","@id":"https:\/\/www.revistarambla.com\/1-octubre-dia-la-historia-se-llego-supuso\/#primaryimage","url":"https:\/\/www.revistarambla.com\/wp-content\/uploads\/2018\/01\/revistarambla-policia.jpg","contentUrl":"https:\/\/www.revistarambla.com\/wp-content\/uploads\/2018\/01\/revistarambla-policia.jpg","width":1133,"height":744},{"@type":"BreadcrumbList","@id":"https:\/\/www.revistarambla.com\/1-octubre-dia-la-historia-se-llego-supuso\/#breadcrumb","itemListElement":[{"@type":"ListItem","position":1,"name":"Portada","item":"https:\/\/www.revistarambla.com\/"},{"@type":"ListItem","position":2,"name":"1 de Octubre. Un d\u00eda para la historia. C\u00f3mo se lleg\u00f3 y qu\u00e9 supuso"}]},{"@type":"WebSite","@id":"https:\/\/www.revistarambla.com\/#website","url":"https:\/\/www.revistarambla.com\/","name":"Revista Rambla Barcelona","description":"Periodismo independiente","publisher":{"@id":"https:\/\/www.revistarambla.com\/#organization"},"potentialAction":[{"@type":"SearchAction","target":{"@type":"EntryPoint","urlTemplate":"https:\/\/www.revistarambla.com\/?s={search_term_string}"},"query-input":{"@type":"PropertyValueSpecification","valueRequired":true,"valueName":"search_term_string"}}],"inLanguage":"en-GB"},{"@type":"Organization","@id":"https:\/\/www.revistarambla.com\/#organization","name":"Revista Rambla","url":"https:\/\/www.revistarambla.com\/","logo":{"@type":"ImageObject","inLanguage":"en-GB","@id":"https:\/\/www.revistarambla.com\/#\/schema\/logo\/image\/","url":"https:\/\/www.revistarambla.com\/wp-content\/uploads\/2020\/09\/banner_rambla_1900x600_BB.png","contentUrl":"https:\/\/www.revistarambla.com\/wp-content\/uploads\/2020\/09\/banner_rambla_1900x600_BB.png","width":1900,"height":600,"caption":"Revista Rambla"},"image":{"@id":"https:\/\/www.revistarambla.com\/#\/schema\/logo\/image\/"},"sameAs":["https:\/\/www.facebook.com\/revistarambla\/","https:\/\/x.com\/revistarambla","https:\/\/www.instagram.com\/revista_rambla","https:\/\/es.linkedin.com\/company\/revista-rambla"]},{"@type":"Person","@id":"https:\/\/www.revistarambla.com\/#\/schema\/person\/10d7375349d9dfe42f2d993180c6651e","name":"William Acero Peraire","description":"Graduado en Historia."}]}},"_links":{"self":[{"href":"https:\/\/www.revistarambla.com\/en\/wp-json\/wp\/v2\/posts\/14668","targetHints":{"allow":["GET"]}}],"collection":[{"href":"https:\/\/www.revistarambla.com\/en\/wp-json\/wp\/v2\/posts"}],"about":[{"href":"https:\/\/www.revistarambla.com\/en\/wp-json\/wp\/v2\/types\/post"}],"author":[{"embeddable":true,"href":"https:\/\/www.revistarambla.com\/en\/wp-json\/wp\/v2\/users\/64"}],"replies":[{"embeddable":true,"href":"https:\/\/www.revistarambla.com\/en\/wp-json\/wp\/v2\/comments?post=14668"}],"version-history":[{"count":0,"href":"https:\/\/www.revistarambla.com\/en\/wp-json\/wp\/v2\/posts\/14668\/revisions"}],"wp:featuredmedia":[{"embeddable":true,"href":"https:\/\/www.revistarambla.com\/en\/wp-json\/wp\/v2\/media\/14669"}],"wp:attachment":[{"href":"https:\/\/www.revistarambla.com\/en\/wp-json\/wp\/v2\/media?parent=14668"}],"wp:term":[{"taxonomy":"category","embeddable":true,"href":"https:\/\/www.revistarambla.com\/en\/wp-json\/wp\/v2\/categories?post=14668"},{"taxonomy":"post_tag","embeddable":true,"href":"https:\/\/www.revistarambla.com\/en\/wp-json\/wp\/v2\/tags?post=14668"}],"curies":[{"name":"wp","href":"https:\/\/api.w.org\/{rel}","templated":true}]}}