{"id":14479,"date":"2018-01-14T09:37:51","date_gmt":"2018-01-14T08:37:51","guid":{"rendered":"https:\/\/www.revistarambla.com\/?p=14479"},"modified":"2021-12-16T20:40:56","modified_gmt":"2021-12-16T19:40:56","slug":"la-lucha-la-dignidad-los-geriatricos","status":"publish","type":"post","link":"https:\/\/www.revistarambla.com\/en\/la-lucha-la-dignidad-los-geriatricos\/","title":{"rendered":"La lucha por la dignidad de los geri\u00e1tricos"},"content":{"rendered":"<p>Este pasado 8 de enero en Barcelona hubo una concentraci\u00f3n por parte de CC.OO. en la calle Sepulveda. La concentraci\u00f3n era llamativa, pues la puesta en escena mostraba como los reyes magos tra\u00edan carb\u00f3n a la Conselleria de Traball de la Generalitat de Catalu\u00f1a mientras un grupo de personas mostraba su descontento hacia esta. El sector que estaba realizando las protestas era el geri\u00e1trico.<\/p>\n<p><img decoding=\"async\" class=\"aligncenter size-full wp-image-14481\" src=\"https:\/\/www.revistarambla.com\/wp-content\/uploads\/2018\/01\/gediatricos-02.jpg\" alt=\"\" width=\"800\" height=\"535\" srcset=\"https:\/\/www.revistarambla.com\/wp-content\/uploads\/2018\/01\/gediatricos-02.jpg 800w, https:\/\/www.revistarambla.com\/wp-content\/uploads\/2018\/01\/gediatricos-02-300x201.jpg 300w, https:\/\/www.revistarambla.com\/wp-content\/uploads\/2018\/01\/gediatricos-02-768x514.jpg 768w, https:\/\/www.revistarambla.com\/wp-content\/uploads\/2018\/01\/gediatricos-02-500x334.jpg 500w, https:\/\/www.revistarambla.com\/wp-content\/uploads\/2018\/01\/gediatricos-02-647x433.jpg 647w, https:\/\/www.revistarambla.com\/wp-content\/uploads\/2018\/01\/gediatricos-02-456x305.jpg 456w\" sizes=\"(max-width: 800px) 100vw, 800px\" \/><\/p>\n<p>En la convocatoria del acto desde CC.OO. se denunciaban una serie de carencias en este sector que afecta, tanto a trabajadoras y trabajadores, como a los propios residentes de los centros. Desde R@mbla hemos hablado con dos portavoces de CC.OO. Helena Motos y Anna Domingo para entender mejor esta serie de carencias. La intenci\u00f3n de este art\u00edculo no es aburrir con cifras y estad\u00edsticas sino plasmar una realidad actual.<\/p>\n<p>En primer lugar, nos dejaron claro que hay que tener claro que hablamos de un sector silencioso, para mejorarlo el primer paso es darle una voz propia i visibilizarlo a toda la sociedad, que se adquiera una conciencia de que nos afecta a todos puesto que todos llegaremos a la tercera edad. Adem\u00e1s gracias a los avances cient\u00edficos cada vez ser\u00e1 m\u00e1s prolongada esta etapa, no podemos cerrar los ojos. Entre los factores de que este sector no tenga la consideraci\u00f3n requerida puede residir el de su alta feminizaci\u00f3n (88 %), tenemos delante un sector profesional que no se ha valorado como se deb\u00eda.<\/p>\n<p>Una de las ra\u00edces del problema se encuentra en la mercantilizaci\u00f3n de este sector que cada vez va m\u00e1s en aumento. Hablamos de grandes empresas multinacionales que ven el \u00e1mbito de la geriatr\u00eda como una buena inversi\u00f3n rentable y con una proyecci\u00f3n de futuro a\u00fan mayor. Hablamos de grupos como Eulen Servicios Sociosanitarios, Sar Quavitae (DOMUS), Sanitas Mayores. Cierto es que una empresa que no es estrictamente p\u00fablica tiene que buscar un beneficio propio, pero lo que se critica desde los sindicatos es que este beneficio propio est\u00e1 condicionando directamente la calidad de vida de los ancianos residentes en geri\u00e1tricos a la vez que afecta a las condiciones laborales de los trabajadores\/as de estos centros.<\/p>\n<figure id=\"attachment_14482\" aria-describedby=\"caption-attachment-14482\" style=\"width: 322px\" class=\"wp-caption alignleft\"><img decoding=\"async\" class=\"wp-image-14482\" src=\"https:\/\/www.revistarambla.com\/wp-content\/uploads\/2018\/01\/gediatricos-03.jpg\" alt=\"\" width=\"322\" height=\"603\" srcset=\"https:\/\/www.revistarambla.com\/wp-content\/uploads\/2018\/01\/gediatricos-03.jpg 427w, https:\/\/www.revistarambla.com\/wp-content\/uploads\/2018\/01\/gediatricos-03-302x566.jpg 302w, https:\/\/www.revistarambla.com\/wp-content\/uploads\/2018\/01\/gediatricos-03-160x300.jpg 160w, https:\/\/www.revistarambla.com\/wp-content\/uploads\/2018\/01\/gediatricos-03-231x433.jpg 231w, https:\/\/www.revistarambla.com\/wp-content\/uploads\/2018\/01\/gediatricos-03-163x305.jpg 163w\" sizes=\"(max-width: 322px) 100vw, 322px\" \/><figcaption id=\"caption-attachment-14482\" class=\"wp-caption-text\">Helena Motos y Anna Domingo<\/figcaption><\/figure>\n<p>Uno de los mayores problemas es la falta de personal, y es que las nuevas generaciones la mayor\u00eda de veces cuando ven las condiciones laborales con las que se van a encontrar y la dureza no solo f\u00edsica (problemas de espalda, mu\u00f1ecas y articulaciones al tener que cargar con pesos \u201cmuertos\u201d) sino emocional que conlleva trabajar en geriatr\u00eda huyen a otros empleos.<\/p>\n<p>Helena Motos nos cuenta \u201c<em>Imaginaros tener que dar de comer a diez personas, realizar sus necesidades higi\u00e9nicas y ponerlos en la cama en una hora, es imposible, a que es f\u00e1cil deducir que alguien se queda sin comer?\u201d. <\/em>Esta afirmaci\u00f3n nos lleva a fijarnos en que los ratios establecidos para los trabajadores (actualmente 1,89 horas por asistencia a una persona) son completamente inviables y no se pueden aplicar a la realidad de los geri\u00e1tricos.<\/p>\n<p>Otro de los problemas es que los grandes grupos empresariales escatiman recursos y no respetan el convenio de les trabajadores para obtener una mayor beneficio. La respuesta de la Administraci\u00f3n ante este tipo de denuncias es que es un asunto que forma parte de la organizaci\u00f3n interna de la empresa. Una de las propuestas que se ha hecho en este sentido es que todas las empresas que no cumplan los m\u00ednimos del convenio no puedan concertarse. En las empresas cien por cien p\u00fablicas las condiciones laborales se han de respetar siempre, es cierto que de este tipo hay un n\u00famero muy reducido.<\/p>\n<p>As\u00ed pues el panorama hoy en d\u00eda pues es el siguiente, las trabajadoras est\u00e1n presionadas por la empresa, f\u00edsicamente con largas jornadas de trabajo (no siempre pagadas de manera regular) y presionadas emocionalmente en ver como es el d\u00eda a d\u00eda en estos centros no solo ya para ellas sino para los ancianos y ancianas de estos geri\u00e1tricos. \u201c<em>En los ojos de los abuelos ves tristeza y soledad, muchos solo quieren atenci\u00f3n\u201d <\/em>afirma Anna Domingo, hay que tener claro que trabajar en un centro de estos no es como trabajar en una f\u00e1brica donde tienes que realizar un n\u00famero determinado de piezas antes de que acabe el d\u00eda, hay que tener claro que se trata con personas de avanzada edad, con diferentes diagn\u00f3sticos, y que cada paciente es un mundo. En este sentido Helena Motos declar\u00f3 <em>\u201c A m\u00ed me preocupa una persona que no se vale por s\u00ed sola, y que por una empresa en cambi\u00f3 son 1850 euros<\/em> \u201d.<\/p>\n<p>Entre las diferentes v\u00edas de reivindicaci\u00f3n por las que apuesta CC.OO. en este sector se encuentran acampadas, manifestaciones u ocupaciones de departamentos. Aunque la Huelga es un derecho fundamental en este sector no se puede ejercer ya que los servicios siempre est\u00e1n bajo m\u00ednimos, es decir: Las plantillas son las mismas las del lunes son las mismas que las de domingo. Por lo tanto una huelga como tal es impensable. Se ha conseguido un acuerdo entre sindicatos y patronal, en el cual si se mejora el financiamiento se mejoraran los ratios antes comentados y se apostara por una introducci\u00f3n de m\u00e1s personal.<\/p>\n<p>En un informe de CC.OO. para el seguimiento de la implantaci\u00f3n del Sistema para la Autonom\u00eda y atenci\u00f3n a la dependencia se pueden observar las carencias de Catalu\u00f1a en comparaci\u00f3n con otras Comunidades. Las listas de espera m\u00e1s pronunciadas se dan en Catalu\u00f1a y Andaluc\u00eda (con el 1,2% de la poblaci\u00f3n en espera). Adem\u00e1s en los \u00faltimos meses estas listas a\u00fan se han incrementado m\u00e1s, en contraposici\u00f3n es una de las comunidades donde menos crece el porcentaje de beneficiarias con prestaci\u00f3n efectiva.<\/p>\n<p>De esta manera nos encontramos con una situaci\u00f3n dram\u00e1tica donde los problemas no vienen de los trabajadores, vienen de la Administraci\u00f3n, y desde CC.OO. tienen claro que es en ese \u00e1mbito donde hay que presionar y luchar.<\/p>\n<p>Ante el panorama pol\u00edtico de los \u00faltimos meses no han asegurado que muchos aspectos importantes han quedado tapados por el Proc\u00e9s y el 155, todo ha quedado desdibujado por el conflicto soberanista, muchos aspectos han quedado en un punto muerto. Pero CC.OO. tiene claro que no importa qu\u00e9 color tenga el partido o coalici\u00f3n que estar\u00e1 al mando del pr\u00f3ximo gobierno catal\u00e1n, sus objetivos no cambiar\u00e1n y seguir\u00e1n luchando para mejorarlas condiciones del sector geri\u00e1trico en Catalu\u00f1a.<\/p>","protected":false},"excerpt":{"rendered":"<p>Este pasado 8 de enero en Barcelona hubo una concentraci\u00f3n por parte de CC.OO. en la calle Sepulveda. La concentraci\u00f3n era llamativa, pues la puesta en escena mostraba como los reyes magos tra\u00edan carb\u00f3n a la Conselleria de Traball de la Generalitat de Catalu\u00f1a mientras un grupo de personas mostraba [&hellip;]<\/p>\n","protected":false},"author":64,"featured_media":14480,"comment_status":"open","ping_status":"open","sticky":false,"template":"","format":"standard","meta":{"footnotes":""},"categories":[3,59],"tags":[],"class_list":["post-14479","post","type-post","status-publish","format-standard","has-post-thumbnail","hentry","category-actualidad","category-catalunya"],"yoast_head":"<!-- This site is optimized with the Yoast SEO plugin v27.5 - https:\/\/yoast.com\/product\/yoast-seo-wordpress\/ -->\n<title>La lucha por la dignidad de los geri\u00e1tricos - Revista Rambla<\/title>\n<meta name=\"robots\" content=\"index, follow, max-snippet:-1, max-image-preview:large, max-video-preview:-1\" \/>\n<link rel=\"canonical\" href=\"https:\/\/www.revistarambla.com\/en\/la-lucha-la-dignidad-los-geriatricos\/\" \/>\n<meta property=\"og:locale\" content=\"en_GB\" \/>\n<meta property=\"og:type\" content=\"article\" \/>\n<meta property=\"og:title\" content=\"La lucha por la dignidad de los geri\u00e1tricos - Revista Rambla\" \/>\n<meta property=\"og:description\" content=\"Este pasado 8 de enero en Barcelona hubo una concentraci\u00f3n por parte de CC.OO. en la calle Sepulveda. La concentraci\u00f3n era llamativa, pues la puesta en escena mostraba como los reyes magos tra\u00edan carb\u00f3n a la Conselleria de Traball de la Generalitat de Catalu\u00f1a mientras un grupo de personas mostraba [&hellip;]\" \/>\n<meta property=\"og:url\" content=\"https:\/\/www.revistarambla.com\/en\/la-lucha-la-dignidad-los-geriatricos\/\" \/>\n<meta property=\"og:site_name\" content=\"Revista Rambla\" \/>\n<meta property=\"article:publisher\" content=\"https:\/\/www.facebook.com\/revistarambla\/\" \/>\n<meta property=\"article:published_time\" content=\"2018-01-14T08:37:51+00:00\" \/>\n<meta property=\"article:modified_time\" content=\"2021-12-16T19:40:56+00:00\" \/>\n<meta property=\"og:image\" content=\"https:\/\/www.revistarambla.com\/wp-content\/uploads\/2018\/01\/gediatricos-01.jpg\" \/>\n\t<meta property=\"og:image:width\" content=\"800\" \/>\n\t<meta property=\"og:image:height\" content=\"548\" \/>\n\t<meta property=\"og:image:type\" content=\"image\/jpeg\" \/>\n<meta name=\"author\" content=\"William Acero Peraire\" \/>\n<meta name=\"twitter:card\" content=\"summary_large_image\" \/>\n<meta name=\"twitter:creator\" content=\"@revistarambla\" \/>\n<meta name=\"twitter:site\" content=\"@revistarambla\" \/>\n<meta name=\"twitter:label1\" content=\"Written by\" \/>\n\t<meta name=\"twitter:data1\" content=\"William Acero Peraire\" \/>\n\t<meta name=\"twitter:label2\" content=\"Estimated reading time\" \/>\n\t<meta name=\"twitter:data2\" content=\"6 minutes\" \/>\n<script type=\"application\/ld+json\" class=\"yoast-schema-graph\">{\"@context\":\"https:\\\/\\\/schema.org\",\"@graph\":[{\"@type\":\"Article\",\"@id\":\"https:\\\/\\\/www.revistarambla.com\\\/la-lucha-la-dignidad-los-geriatricos\\\/#article\",\"isPartOf\":{\"@id\":\"https:\\\/\\\/www.revistarambla.com\\\/la-lucha-la-dignidad-los-geriatricos\\\/\"},\"author\":{\"name\":\"William Acero Peraire\",\"@id\":\"https:\\\/\\\/www.revistarambla.com\\\/#\\\/schema\\\/person\\\/10d7375349d9dfe42f2d993180c6651e\"},\"headline\":\"La lucha por la dignidad de los geri\u00e1tricos\",\"datePublished\":\"2018-01-14T08:37:51+00:00\",\"dateModified\":\"2021-12-16T19:40:56+00:00\",\"mainEntityOfPage\":{\"@id\":\"https:\\\/\\\/www.revistarambla.com\\\/la-lucha-la-dignidad-los-geriatricos\\\/\"},\"wordCount\":1150,\"commentCount\":0,\"publisher\":{\"@id\":\"https:\\\/\\\/www.revistarambla.com\\\/#organization\"},\"image\":{\"@id\":\"https:\\\/\\\/www.revistarambla.com\\\/la-lucha-la-dignidad-los-geriatricos\\\/#primaryimage\"},\"thumbnailUrl\":\"https:\\\/\\\/www.revistarambla.com\\\/wp-content\\\/uploads\\\/2018\\\/01\\\/gediatricos-01.jpg\",\"articleSection\":[\"Actualidad\",\"Catalunya\"],\"inLanguage\":\"en-GB\",\"potentialAction\":[{\"@type\":\"CommentAction\",\"name\":\"Comment\",\"target\":[\"https:\\\/\\\/www.revistarambla.com\\\/la-lucha-la-dignidad-los-geriatricos\\\/#respond\"]}]},{\"@type\":\"WebPage\",\"@id\":\"https:\\\/\\\/www.revistarambla.com\\\/la-lucha-la-dignidad-los-geriatricos\\\/\",\"url\":\"https:\\\/\\\/www.revistarambla.com\\\/la-lucha-la-dignidad-los-geriatricos\\\/\",\"name\":\"La lucha por la dignidad de los geri\u00e1tricos - Revista Rambla\",\"isPartOf\":{\"@id\":\"https:\\\/\\\/www.revistarambla.com\\\/#website\"},\"primaryImageOfPage\":{\"@id\":\"https:\\\/\\\/www.revistarambla.com\\\/la-lucha-la-dignidad-los-geriatricos\\\/#primaryimage\"},\"image\":{\"@id\":\"https:\\\/\\\/www.revistarambla.com\\\/la-lucha-la-dignidad-los-geriatricos\\\/#primaryimage\"},\"thumbnailUrl\":\"https:\\\/\\\/www.revistarambla.com\\\/wp-content\\\/uploads\\\/2018\\\/01\\\/gediatricos-01.jpg\",\"datePublished\":\"2018-01-14T08:37:51+00:00\",\"dateModified\":\"2021-12-16T19:40:56+00:00\",\"breadcrumb\":{\"@id\":\"https:\\\/\\\/www.revistarambla.com\\\/la-lucha-la-dignidad-los-geriatricos\\\/#breadcrumb\"},\"inLanguage\":\"en-GB\",\"potentialAction\":[{\"@type\":\"ReadAction\",\"target\":[\"https:\\\/\\\/www.revistarambla.com\\\/la-lucha-la-dignidad-los-geriatricos\\\/\"]}]},{\"@type\":\"ImageObject\",\"inLanguage\":\"en-GB\",\"@id\":\"https:\\\/\\\/www.revistarambla.com\\\/la-lucha-la-dignidad-los-geriatricos\\\/#primaryimage\",\"url\":\"https:\\\/\\\/www.revistarambla.com\\\/wp-content\\\/uploads\\\/2018\\\/01\\\/gediatricos-01.jpg\",\"contentUrl\":\"https:\\\/\\\/www.revistarambla.com\\\/wp-content\\\/uploads\\\/2018\\\/01\\\/gediatricos-01.jpg\",\"width\":800,\"height\":548},{\"@type\":\"BreadcrumbList\",\"@id\":\"https:\\\/\\\/www.revistarambla.com\\\/la-lucha-la-dignidad-los-geriatricos\\\/#breadcrumb\",\"itemListElement\":[{\"@type\":\"ListItem\",\"position\":1,\"name\":\"Portada\",\"item\":\"https:\\\/\\\/www.revistarambla.com\\\/\"},{\"@type\":\"ListItem\",\"position\":2,\"name\":\"La lucha por la dignidad de los geri\u00e1tricos\"}]},{\"@type\":\"WebSite\",\"@id\":\"https:\\\/\\\/www.revistarambla.com\\\/#website\",\"url\":\"https:\\\/\\\/www.revistarambla.com\\\/\",\"name\":\"Revista Rambla Barcelona\",\"description\":\"Periodismo independiente\",\"publisher\":{\"@id\":\"https:\\\/\\\/www.revistarambla.com\\\/#organization\"},\"potentialAction\":[{\"@type\":\"SearchAction\",\"target\":{\"@type\":\"EntryPoint\",\"urlTemplate\":\"https:\\\/\\\/www.revistarambla.com\\\/?s={search_term_string}\"},\"query-input\":{\"@type\":\"PropertyValueSpecification\",\"valueRequired\":true,\"valueName\":\"search_term_string\"}}],\"inLanguage\":\"en-GB\"},{\"@type\":\"Organization\",\"@id\":\"https:\\\/\\\/www.revistarambla.com\\\/#organization\",\"name\":\"Revista Rambla\",\"url\":\"https:\\\/\\\/www.revistarambla.com\\\/\",\"logo\":{\"@type\":\"ImageObject\",\"inLanguage\":\"en-GB\",\"@id\":\"https:\\\/\\\/www.revistarambla.com\\\/#\\\/schema\\\/logo\\\/image\\\/\",\"url\":\"https:\\\/\\\/www.revistarambla.com\\\/wp-content\\\/uploads\\\/2020\\\/09\\\/banner_rambla_1900x600_BB.png\",\"contentUrl\":\"https:\\\/\\\/www.revistarambla.com\\\/wp-content\\\/uploads\\\/2020\\\/09\\\/banner_rambla_1900x600_BB.png\",\"width\":1900,\"height\":600,\"caption\":\"Revista Rambla\"},\"image\":{\"@id\":\"https:\\\/\\\/www.revistarambla.com\\\/#\\\/schema\\\/logo\\\/image\\\/\"},\"sameAs\":[\"https:\\\/\\\/www.facebook.com\\\/revistarambla\\\/\",\"https:\\\/\\\/x.com\\\/revistarambla\",\"https:\\\/\\\/www.instagram.com\\\/revista_rambla\",\"https:\\\/\\\/es.linkedin.com\\\/company\\\/revista-rambla\"]},{\"@type\":\"Person\",\"@id\":\"https:\\\/\\\/www.revistarambla.com\\\/#\\\/schema\\\/person\\\/10d7375349d9dfe42f2d993180c6651e\",\"name\":\"William Acero Peraire\",\"description\":\"Graduado en Historia.\"}]}<\/script>\n<!-- \/ Yoast SEO plugin. -->","yoast_head_json":{"title":"La lucha por la dignidad de los geri\u00e1tricos - Revista Rambla","robots":{"index":"index","follow":"follow","max-snippet":"max-snippet:-1","max-image-preview":"max-image-preview:large","max-video-preview":"max-video-preview:-1"},"canonical":"https:\/\/www.revistarambla.com\/en\/la-lucha-la-dignidad-los-geriatricos\/","og_locale":"en_GB","og_type":"article","og_title":"La lucha por la dignidad de los geri\u00e1tricos - Revista Rambla","og_description":"Este pasado 8 de enero en Barcelona hubo una concentraci\u00f3n por parte de CC.OO. en la calle Sepulveda. La concentraci\u00f3n era llamativa, pues la puesta en escena mostraba como los reyes magos tra\u00edan carb\u00f3n a la Conselleria de Traball de la Generalitat de Catalu\u00f1a mientras un grupo de personas mostraba [&hellip;]","og_url":"https:\/\/www.revistarambla.com\/en\/la-lucha-la-dignidad-los-geriatricos\/","og_site_name":"Revista Rambla","article_publisher":"https:\/\/www.facebook.com\/revistarambla\/","article_published_time":"2018-01-14T08:37:51+00:00","article_modified_time":"2021-12-16T19:40:56+00:00","og_image":[{"width":800,"height":548,"url":"https:\/\/www.revistarambla.com\/wp-content\/uploads\/2018\/01\/gediatricos-01.jpg","type":"image\/jpeg"}],"author":"William Acero Peraire","twitter_card":"summary_large_image","twitter_creator":"@revistarambla","twitter_site":"@revistarambla","twitter_misc":{"Written by":"William Acero Peraire","Estimated reading time":"6 minutes"},"schema":{"@context":"https:\/\/schema.org","@graph":[{"@type":"Article","@id":"https:\/\/www.revistarambla.com\/la-lucha-la-dignidad-los-geriatricos\/#article","isPartOf":{"@id":"https:\/\/www.revistarambla.com\/la-lucha-la-dignidad-los-geriatricos\/"},"author":{"name":"William Acero Peraire","@id":"https:\/\/www.revistarambla.com\/#\/schema\/person\/10d7375349d9dfe42f2d993180c6651e"},"headline":"La lucha por la dignidad de los geri\u00e1tricos","datePublished":"2018-01-14T08:37:51+00:00","dateModified":"2021-12-16T19:40:56+00:00","mainEntityOfPage":{"@id":"https:\/\/www.revistarambla.com\/la-lucha-la-dignidad-los-geriatricos\/"},"wordCount":1150,"commentCount":0,"publisher":{"@id":"https:\/\/www.revistarambla.com\/#organization"},"image":{"@id":"https:\/\/www.revistarambla.com\/la-lucha-la-dignidad-los-geriatricos\/#primaryimage"},"thumbnailUrl":"https:\/\/www.revistarambla.com\/wp-content\/uploads\/2018\/01\/gediatricos-01.jpg","articleSection":["Actualidad","Catalunya"],"inLanguage":"en-GB","potentialAction":[{"@type":"CommentAction","name":"Comment","target":["https:\/\/www.revistarambla.com\/la-lucha-la-dignidad-los-geriatricos\/#respond"]}]},{"@type":"WebPage","@id":"https:\/\/www.revistarambla.com\/la-lucha-la-dignidad-los-geriatricos\/","url":"https:\/\/www.revistarambla.com\/la-lucha-la-dignidad-los-geriatricos\/","name":"La lucha por la dignidad de los geri\u00e1tricos - Revista Rambla","isPartOf":{"@id":"https:\/\/www.revistarambla.com\/#website"},"primaryImageOfPage":{"@id":"https:\/\/www.revistarambla.com\/la-lucha-la-dignidad-los-geriatricos\/#primaryimage"},"image":{"@id":"https:\/\/www.revistarambla.com\/la-lucha-la-dignidad-los-geriatricos\/#primaryimage"},"thumbnailUrl":"https:\/\/www.revistarambla.com\/wp-content\/uploads\/2018\/01\/gediatricos-01.jpg","datePublished":"2018-01-14T08:37:51+00:00","dateModified":"2021-12-16T19:40:56+00:00","breadcrumb":{"@id":"https:\/\/www.revistarambla.com\/la-lucha-la-dignidad-los-geriatricos\/#breadcrumb"},"inLanguage":"en-GB","potentialAction":[{"@type":"ReadAction","target":["https:\/\/www.revistarambla.com\/la-lucha-la-dignidad-los-geriatricos\/"]}]},{"@type":"ImageObject","inLanguage":"en-GB","@id":"https:\/\/www.revistarambla.com\/la-lucha-la-dignidad-los-geriatricos\/#primaryimage","url":"https:\/\/www.revistarambla.com\/wp-content\/uploads\/2018\/01\/gediatricos-01.jpg","contentUrl":"https:\/\/www.revistarambla.com\/wp-content\/uploads\/2018\/01\/gediatricos-01.jpg","width":800,"height":548},{"@type":"BreadcrumbList","@id":"https:\/\/www.revistarambla.com\/la-lucha-la-dignidad-los-geriatricos\/#breadcrumb","itemListElement":[{"@type":"ListItem","position":1,"name":"Portada","item":"https:\/\/www.revistarambla.com\/"},{"@type":"ListItem","position":2,"name":"La lucha por la dignidad de los geri\u00e1tricos"}]},{"@type":"WebSite","@id":"https:\/\/www.revistarambla.com\/#website","url":"https:\/\/www.revistarambla.com\/","name":"Revista Rambla Barcelona","description":"Periodismo independiente","publisher":{"@id":"https:\/\/www.revistarambla.com\/#organization"},"potentialAction":[{"@type":"SearchAction","target":{"@type":"EntryPoint","urlTemplate":"https:\/\/www.revistarambla.com\/?s={search_term_string}"},"query-input":{"@type":"PropertyValueSpecification","valueRequired":true,"valueName":"search_term_string"}}],"inLanguage":"en-GB"},{"@type":"Organization","@id":"https:\/\/www.revistarambla.com\/#organization","name":"Revista Rambla","url":"https:\/\/www.revistarambla.com\/","logo":{"@type":"ImageObject","inLanguage":"en-GB","@id":"https:\/\/www.revistarambla.com\/#\/schema\/logo\/image\/","url":"https:\/\/www.revistarambla.com\/wp-content\/uploads\/2020\/09\/banner_rambla_1900x600_BB.png","contentUrl":"https:\/\/www.revistarambla.com\/wp-content\/uploads\/2020\/09\/banner_rambla_1900x600_BB.png","width":1900,"height":600,"caption":"Revista Rambla"},"image":{"@id":"https:\/\/www.revistarambla.com\/#\/schema\/logo\/image\/"},"sameAs":["https:\/\/www.facebook.com\/revistarambla\/","https:\/\/x.com\/revistarambla","https:\/\/www.instagram.com\/revista_rambla","https:\/\/es.linkedin.com\/company\/revista-rambla"]},{"@type":"Person","@id":"https:\/\/www.revistarambla.com\/#\/schema\/person\/10d7375349d9dfe42f2d993180c6651e","name":"William Acero Peraire","description":"Graduado en Historia."}]}},"_links":{"self":[{"href":"https:\/\/www.revistarambla.com\/en\/wp-json\/wp\/v2\/posts\/14479","targetHints":{"allow":["GET"]}}],"collection":[{"href":"https:\/\/www.revistarambla.com\/en\/wp-json\/wp\/v2\/posts"}],"about":[{"href":"https:\/\/www.revistarambla.com\/en\/wp-json\/wp\/v2\/types\/post"}],"author":[{"embeddable":true,"href":"https:\/\/www.revistarambla.com\/en\/wp-json\/wp\/v2\/users\/64"}],"replies":[{"embeddable":true,"href":"https:\/\/www.revistarambla.com\/en\/wp-json\/wp\/v2\/comments?post=14479"}],"version-history":[{"count":0,"href":"https:\/\/www.revistarambla.com\/en\/wp-json\/wp\/v2\/posts\/14479\/revisions"}],"wp:featuredmedia":[{"embeddable":true,"href":"https:\/\/www.revistarambla.com\/en\/wp-json\/wp\/v2\/media\/14480"}],"wp:attachment":[{"href":"https:\/\/www.revistarambla.com\/en\/wp-json\/wp\/v2\/media?parent=14479"}],"wp:term":[{"taxonomy":"category","embeddable":true,"href":"https:\/\/www.revistarambla.com\/en\/wp-json\/wp\/v2\/categories?post=14479"},{"taxonomy":"post_tag","embeddable":true,"href":"https:\/\/www.revistarambla.com\/en\/wp-json\/wp\/v2\/tags?post=14479"}],"curies":[{"name":"wp","href":"https:\/\/api.w.org\/{rel}","templated":true}]}}