{"id":1424,"date":"2012-03-10T05:13:25","date_gmt":"2012-03-10T05:13:25","guid":{"rendered":"https:\/\/www.revistarambla.com\/lo-importante-es-que-los-ninos-plasmen-la-realidad-de-lo-que-ven\/"},"modified":"2021-05-15T20:58:37","modified_gmt":"2021-05-15T18:58:37","slug":"lo-importante-es-que-los-ninos-plasmen-la-realidad-de-lo-que-ven","status":"publish","type":"post","link":"https:\/\/www.revistarambla.com\/en\/lo-importante-es-que-los-ninos-plasmen-la-realidad-de-lo-que-ven\/","title":{"rendered":"Dom\u00edn\u00edque de Cacqueray: \u00abLo importante es que los ni\u00f1os plasmen la realidad de lo que ven\u00bb"},"content":{"rendered":"<p><img decoding=\"async\" class=\"alignright\" src=\"https:\/\/www.revistarambla.com\/wp-content\/uploads\/2012\/03\/cuentos%2002.jpg\" alt=\"alt\" width=\"317\" height=\"178\" \/><\/p>\n<p>Dom\u00edn\u00edque de Cacqueray es ilustrador, trabajaba en una empresa pero con la crisis lo despidieron y buscando ideas sobre qu\u00e9 hacer con su vida se le ocurri\u00f3 hacer un libro.\u00a0 \u201cMi sobrina estuvo en un campo de trabajo en Togo y se nos ocurri\u00f3 hacer cuentos tradicionales del lugar\u201d, explica Cacqueray.<\/p>\n<p>A partir de esta idea comienza a tomar forma un proyecto bastante peculiar. No se trata de llegar, conocer el lugar, hacer un texto e ilustrarlo con un dibujo. Las historias de los cuentos son las que los propios ciudadanos del poblado cuentan y de los dibujos se encargan los ni\u00f1os. La f\u00f3rmula es la siguiente; el equipo llega al pueblo, la gente cuenta historias, buscan un traductor y los ni\u00f1os en grupos de 4 hacen dibujos sobre un tema.<\/p>\n<p><img decoding=\"async\" class=\"alignright\" src=\"https:\/\/www.revistarambla.com\/wp-content\/uploads\/2012\/03\/cuentos%2003.jpg\" alt=\"alt\" width=\"230\" height=\"426\" \/>Se trata de ni\u00f1os entre 7 y 13 a\u00f1os que ilustran las historias de la gente. Nada m\u00e1s llegar, durante unos 15 d\u00edas \u201chacemos un taller de creatividad para los ni\u00f1os, no para que aprendieran a dibujar, si no para ense\u00f1arles a mezclar colores y distribuirlos\u201d, comenta el ilustrador. Se trata de que aprendan a mover el pincel y mezclar los colores, porque muchos de ellos no cuentan con material en las escuelas y otros ni tan siquiera tienen opci\u00f3n de acudir a ellas. En los talleres solo pueden participar 30 ni\u00f1os, porque no cuentan con m\u00e1s material y se procura que cada uno tenga un espacio especial dentro del libro.<\/p>\n<p>Cacqueray explica algunos de los problemas que surgen en cada viaje, confiesa que Togo fue un punto conflictivo por el r\u00e9gimen dictatorial, \u201cnos segu\u00eda la polic\u00eda, nos dec\u00edan que no pod\u00edamos hacer fotos, confiesa. Pero para el ilustrador el lugar m\u00e1s complicado ha sido Brasil, \u201cno encontr\u00e1bamos una estructura sobre la que apoyarnos, ni en la preparaci\u00f3n, ni en la idea, ni en el desarrollo -explica- ten\u00edan verg\u00fcenza de sus historias\u201d. Afortunadamente los problemas terminan con convertirse en divertidas historias, \u201cal final la gente siempre nos recibe muy bien en todas partes\u201d, admite el ilustrador.<\/p>\n<p>\u201cCuando volvemos y les ense\u00f1amos los libros es muy emocionante\u201d, afirma Dom\u00edn\u00edque de Cacqueray. Adem\u00e1s el 20% de los beneficios obtenidos con los libros realizan un proyecto en el pueblo. En Togo han construido una nueva aula para la escuela, en Brasil un centro cultural para ofrecer nuevas oportunidades de trabajo a las mujeres, en Nepal lo han destinado a un grupo de mujeres viudas\u00a0 y han creado un centro para ayudarles a mejorar su situaci\u00f3n y en Mali pretenden crear un Music Proyect, que se trata de un centro de animaci\u00f3n para multi actividades. Ya son cuatro los cuentos editados, con Palestina que ser\u00e1 el pr\u00f3ximo en llegar ser\u00e1n cinco y esto parece no tener fin porque\u00a0 \u201cse trata de continuar\u201d, aclara el ilustrador. \u201cEl pr\u00f3ximo destino seguramente ser\u00e1 Ruanda\u201d, confiesa orgulloso.<\/p>\n<p>Los libros incluyen un DVD con la vida del pueblo y est\u00e1n escritos en tres idiomas, catal\u00e1n, castellano y franc\u00e9s. No se venden en librer\u00edas, utilizan la venta directa mediante bibliotecas y algunos museos como el Museo de Juguetes de Figueres por ejemplo. Realizan una tirada de 2000 ejemplares por cada libro y el precio de estos ronda los 15\u20ac.<\/p>","protected":false},"excerpt":{"rendered":"<p>El ilustrador Dom\u00edn\u00edque de Cacqueray presenta una colecci\u00f3n de libros con historias personales y dibujos realizados por los ni\u00f1os de los poblados m\u00e1s rec\u00f3nditos del mundo<\/p>","protected":false},"author":1,"featured_media":0,"comment_status":"open","ping_status":"open","sticky":false,"template":"","format":"standard","meta":{"footnotes":""},"categories":[4,60],"tags":[],"class_list":["post-1424","post","type-post","status-publish","format-standard","hentry","category-cultura","category-libros"],"yoast_head":"<!-- This site is optimized with the Yoast SEO plugin v27.5 - https:\/\/yoast.com\/product\/yoast-seo-wordpress\/ -->\n<title>Dom\u00edn\u00edque de Cacqueray: &quot;Lo importante es que los ni\u00f1os plasmen la realidad de lo que ven&quot; - Revista Rambla<\/title>\n<meta name=\"robots\" content=\"index, follow, max-snippet:-1, max-image-preview:large, max-video-preview:-1\" \/>\n<link rel=\"canonical\" href=\"https:\/\/www.revistarambla.com\/en\/lo-importante-es-que-los-ninos-plasmen-la-realidad-de-lo-que-ven\/\" \/>\n<meta property=\"og:locale\" content=\"en_GB\" \/>\n<meta property=\"og:type\" content=\"article\" \/>\n<meta property=\"og:title\" content=\"Dom\u00edn\u00edque de Cacqueray: &quot;Lo importante es que los ni\u00f1os plasmen la realidad de lo que ven&quot; - Revista Rambla\" \/>\n<meta property=\"og:description\" content=\"El ilustrador Dom\u00edn\u00edque de Cacqueray presenta una colecci\u00f3n de libros con historias personales y dibujos realizados por los ni\u00f1os de los poblados m\u00e1s rec\u00f3nditos del mundo\" \/>\n<meta property=\"og:url\" content=\"https:\/\/www.revistarambla.com\/en\/lo-importante-es-que-los-ninos-plasmen-la-realidad-de-lo-que-ven\/\" \/>\n<meta property=\"og:site_name\" content=\"Revista Rambla\" \/>\n<meta property=\"article:publisher\" content=\"https:\/\/www.facebook.com\/revistarambla\/\" \/>\n<meta property=\"article:published_time\" content=\"2012-03-10T05:13:25+00:00\" \/>\n<meta property=\"article:modified_time\" content=\"2021-05-15T18:58:37+00:00\" \/>\n<meta property=\"og:image\" content=\"https:\/\/i0.wp.com\/www.revistarambla.com\/wp-content\/uploads\/2012\/03\/cuentos%2001.jpg?fit=250%2C145&ssl=1\" \/>\n\t<meta property=\"og:image:width\" content=\"250\" \/>\n\t<meta property=\"og:image:height\" content=\"145\" \/>\n\t<meta property=\"og:image:type\" content=\"image\/jpeg\" \/>\n<meta name=\"author\" content=\"Maitane Reguero\" \/>\n<meta name=\"twitter:card\" content=\"summary_large_image\" \/>\n<meta name=\"twitter:creator\" content=\"@revistarambla\" \/>\n<meta name=\"twitter:site\" content=\"@revistarambla\" \/>\n<meta name=\"twitter:label1\" content=\"Written by\" \/>\n\t<meta name=\"twitter:data1\" content=\"Maitane Reguero\" \/>\n\t<meta name=\"twitter:label2\" content=\"Estimated reading time\" \/>\n\t<meta name=\"twitter:data2\" content=\"3 minutes\" \/>\n<script type=\"application\/ld+json\" class=\"yoast-schema-graph\">{\"@context\":\"https:\\\/\\\/schema.org\",\"@graph\":[{\"@type\":\"Article\",\"@id\":\"https:\\\/\\\/www.revistarambla.com\\\/lo-importante-es-que-los-ninos-plasmen-la-realidad-de-lo-que-ven\\\/#article\",\"isPartOf\":{\"@id\":\"https:\\\/\\\/www.revistarambla.com\\\/lo-importante-es-que-los-ninos-plasmen-la-realidad-de-lo-que-ven\\\/\"},\"author\":{\"name\":\"Maitane Reguero\",\"@id\":\"https:\\\/\\\/www.revistarambla.com\\\/#\\\/schema\\\/person\\\/4a5652fc8c82df1f8593002d038cd79e\"},\"headline\":\"Dom\u00edn\u00edque de Cacqueray: \u00abLo importante es que los ni\u00f1os plasmen la realidad de lo que ven\u00bb\",\"datePublished\":\"2012-03-10T05:13:25+00:00\",\"dateModified\":\"2021-05-15T18:58:37+00:00\",\"mainEntityOfPage\":{\"@id\":\"https:\\\/\\\/www.revistarambla.com\\\/lo-importante-es-que-los-ninos-plasmen-la-realidad-de-lo-que-ven\\\/\"},\"wordCount\":578,\"commentCount\":0,\"publisher\":{\"@id\":\"https:\\\/\\\/www.revistarambla.com\\\/#organization\"},\"image\":{\"@id\":\"https:\\\/\\\/www.revistarambla.com\\\/lo-importante-es-que-los-ninos-plasmen-la-realidad-de-lo-que-ven\\\/#primaryimage\"},\"thumbnailUrl\":\"https:\\\/\\\/www.revistarambla.com\\\/wp-content\\\/uploads\\\/2012\\\/03\\\/cuentos%2002.jpg\",\"articleSection\":[\"Cultura\",\"Libros\"],\"inLanguage\":\"en-GB\",\"potentialAction\":[{\"@type\":\"CommentAction\",\"name\":\"Comment\",\"target\":[\"https:\\\/\\\/www.revistarambla.com\\\/lo-importante-es-que-los-ninos-plasmen-la-realidad-de-lo-que-ven\\\/#respond\"]}]},{\"@type\":\"WebPage\",\"@id\":\"https:\\\/\\\/www.revistarambla.com\\\/lo-importante-es-que-los-ninos-plasmen-la-realidad-de-lo-que-ven\\\/\",\"url\":\"https:\\\/\\\/www.revistarambla.com\\\/lo-importante-es-que-los-ninos-plasmen-la-realidad-de-lo-que-ven\\\/\",\"name\":\"Dom\u00edn\u00edque de Cacqueray: \\\"Lo importante es que los ni\u00f1os plasmen la realidad de lo que ven\\\" - Revista Rambla\",\"isPartOf\":{\"@id\":\"https:\\\/\\\/www.revistarambla.com\\\/#website\"},\"primaryImageOfPage\":{\"@id\":\"https:\\\/\\\/www.revistarambla.com\\\/lo-importante-es-que-los-ninos-plasmen-la-realidad-de-lo-que-ven\\\/#primaryimage\"},\"image\":{\"@id\":\"https:\\\/\\\/www.revistarambla.com\\\/lo-importante-es-que-los-ninos-plasmen-la-realidad-de-lo-que-ven\\\/#primaryimage\"},\"thumbnailUrl\":\"https:\\\/\\\/www.revistarambla.com\\\/wp-content\\\/uploads\\\/2012\\\/03\\\/cuentos%2002.jpg\",\"datePublished\":\"2012-03-10T05:13:25+00:00\",\"dateModified\":\"2021-05-15T18:58:37+00:00\",\"breadcrumb\":{\"@id\":\"https:\\\/\\\/www.revistarambla.com\\\/lo-importante-es-que-los-ninos-plasmen-la-realidad-de-lo-que-ven\\\/#breadcrumb\"},\"inLanguage\":\"en-GB\",\"potentialAction\":[{\"@type\":\"ReadAction\",\"target\":[\"https:\\\/\\\/www.revistarambla.com\\\/lo-importante-es-que-los-ninos-plasmen-la-realidad-de-lo-que-ven\\\/\"]}]},{\"@type\":\"ImageObject\",\"inLanguage\":\"en-GB\",\"@id\":\"https:\\\/\\\/www.revistarambla.com\\\/lo-importante-es-que-los-ninos-plasmen-la-realidad-de-lo-que-ven\\\/#primaryimage\",\"url\":\"https:\\\/\\\/www.revistarambla.com\\\/wp-content\\\/uploads\\\/2012\\\/03\\\/cuentos%2002.jpg\",\"contentUrl\":\"https:\\\/\\\/www.revistarambla.com\\\/wp-content\\\/uploads\\\/2012\\\/03\\\/cuentos%2002.jpg\"},{\"@type\":\"BreadcrumbList\",\"@id\":\"https:\\\/\\\/www.revistarambla.com\\\/lo-importante-es-que-los-ninos-plasmen-la-realidad-de-lo-que-ven\\\/#breadcrumb\",\"itemListElement\":[{\"@type\":\"ListItem\",\"position\":1,\"name\":\"Portada\",\"item\":\"https:\\\/\\\/www.revistarambla.com\\\/\"},{\"@type\":\"ListItem\",\"position\":2,\"name\":\"Dom\u00edn\u00edque de Cacqueray: \u00abLo importante es que los ni\u00f1os plasmen la realidad de lo que ven\u00bb\"}]},{\"@type\":\"WebSite\",\"@id\":\"https:\\\/\\\/www.revistarambla.com\\\/#website\",\"url\":\"https:\\\/\\\/www.revistarambla.com\\\/\",\"name\":\"Revista Rambla Barcelona\",\"description\":\"Periodismo independiente\",\"publisher\":{\"@id\":\"https:\\\/\\\/www.revistarambla.com\\\/#organization\"},\"potentialAction\":[{\"@type\":\"SearchAction\",\"target\":{\"@type\":\"EntryPoint\",\"urlTemplate\":\"https:\\\/\\\/www.revistarambla.com\\\/?s={search_term_string}\"},\"query-input\":{\"@type\":\"PropertyValueSpecification\",\"valueRequired\":true,\"valueName\":\"search_term_string\"}}],\"inLanguage\":\"en-GB\"},{\"@type\":\"Organization\",\"@id\":\"https:\\\/\\\/www.revistarambla.com\\\/#organization\",\"name\":\"Revista Rambla\",\"url\":\"https:\\\/\\\/www.revistarambla.com\\\/\",\"logo\":{\"@type\":\"ImageObject\",\"inLanguage\":\"en-GB\",\"@id\":\"https:\\\/\\\/www.revistarambla.com\\\/#\\\/schema\\\/logo\\\/image\\\/\",\"url\":\"https:\\\/\\\/www.revistarambla.com\\\/wp-content\\\/uploads\\\/2020\\\/09\\\/banner_rambla_1900x600_BB.png\",\"contentUrl\":\"https:\\\/\\\/www.revistarambla.com\\\/wp-content\\\/uploads\\\/2020\\\/09\\\/banner_rambla_1900x600_BB.png\",\"width\":1900,\"height\":600,\"caption\":\"Revista Rambla\"},\"image\":{\"@id\":\"https:\\\/\\\/www.revistarambla.com\\\/#\\\/schema\\\/logo\\\/image\\\/\"},\"sameAs\":[\"https:\\\/\\\/www.facebook.com\\\/revistarambla\\\/\",\"https:\\\/\\\/x.com\\\/revistarambla\",\"https:\\\/\\\/www.instagram.com\\\/revista_rambla\",\"https:\\\/\\\/es.linkedin.com\\\/company\\\/revista-rambla\"]},{\"@type\":\"Person\",\"@id\":\"https:\\\/\\\/www.revistarambla.com\\\/#\\\/schema\\\/person\\\/4a5652fc8c82df1f8593002d038cd79e\",\"name\":\"Maitane Reguero\",\"description\":\"Licenciada en Periodismo por la UPV\\\/EHU. Posgrado en Fotoperiodismo por la UAB.\"}]}<\/script>\n<!-- \/ Yoast SEO plugin. -->","yoast_head_json":{"title":"Dom\u00edn\u00edque de Cacqueray: \"Lo importante es que los ni\u00f1os plasmen la realidad de lo que ven\" - Revista Rambla","robots":{"index":"index","follow":"follow","max-snippet":"max-snippet:-1","max-image-preview":"max-image-preview:large","max-video-preview":"max-video-preview:-1"},"canonical":"https:\/\/www.revistarambla.com\/en\/lo-importante-es-que-los-ninos-plasmen-la-realidad-de-lo-que-ven\/","og_locale":"en_GB","og_type":"article","og_title":"Dom\u00edn\u00edque de Cacqueray: \"Lo importante es que los ni\u00f1os plasmen la realidad de lo que ven\" - Revista Rambla","og_description":"El ilustrador Dom\u00edn\u00edque de Cacqueray presenta una colecci\u00f3n de libros con historias personales y dibujos realizados por los ni\u00f1os de los poblados m\u00e1s rec\u00f3nditos del mundo","og_url":"https:\/\/www.revistarambla.com\/en\/lo-importante-es-que-los-ninos-plasmen-la-realidad-de-lo-que-ven\/","og_site_name":"Revista Rambla","article_publisher":"https:\/\/www.facebook.com\/revistarambla\/","article_published_time":"2012-03-10T05:13:25+00:00","article_modified_time":"2021-05-15T18:58:37+00:00","og_image":[{"width":250,"height":145,"url":"https:\/\/i0.wp.com\/www.revistarambla.com\/wp-content\/uploads\/2012\/03\/cuentos 01.jpg?fit=250%2C145&ssl=1","type":"image\/jpeg"}],"author":"Maitane Reguero","twitter_card":"summary_large_image","twitter_creator":"@revistarambla","twitter_site":"@revistarambla","twitter_misc":{"Written by":"Maitane Reguero","Estimated reading time":"3 minutes"},"schema":{"@context":"https:\/\/schema.org","@graph":[{"@type":"Article","@id":"https:\/\/www.revistarambla.com\/lo-importante-es-que-los-ninos-plasmen-la-realidad-de-lo-que-ven\/#article","isPartOf":{"@id":"https:\/\/www.revistarambla.com\/lo-importante-es-que-los-ninos-plasmen-la-realidad-de-lo-que-ven\/"},"author":{"name":"Maitane Reguero","@id":"https:\/\/www.revistarambla.com\/#\/schema\/person\/4a5652fc8c82df1f8593002d038cd79e"},"headline":"Dom\u00edn\u00edque de Cacqueray: \u00abLo importante es que los ni\u00f1os plasmen la realidad de lo que ven\u00bb","datePublished":"2012-03-10T05:13:25+00:00","dateModified":"2021-05-15T18:58:37+00:00","mainEntityOfPage":{"@id":"https:\/\/www.revistarambla.com\/lo-importante-es-que-los-ninos-plasmen-la-realidad-de-lo-que-ven\/"},"wordCount":578,"commentCount":0,"publisher":{"@id":"https:\/\/www.revistarambla.com\/#organization"},"image":{"@id":"https:\/\/www.revistarambla.com\/lo-importante-es-que-los-ninos-plasmen-la-realidad-de-lo-que-ven\/#primaryimage"},"thumbnailUrl":"https:\/\/www.revistarambla.com\/wp-content\/uploads\/2012\/03\/cuentos%2002.jpg","articleSection":["Cultura","Libros"],"inLanguage":"en-GB","potentialAction":[{"@type":"CommentAction","name":"Comment","target":["https:\/\/www.revistarambla.com\/lo-importante-es-que-los-ninos-plasmen-la-realidad-de-lo-que-ven\/#respond"]}]},{"@type":"WebPage","@id":"https:\/\/www.revistarambla.com\/lo-importante-es-que-los-ninos-plasmen-la-realidad-de-lo-que-ven\/","url":"https:\/\/www.revistarambla.com\/lo-importante-es-que-los-ninos-plasmen-la-realidad-de-lo-que-ven\/","name":"Dom\u00edn\u00edque de Cacqueray: \"Lo importante es que los ni\u00f1os plasmen la realidad de lo que ven\" - Revista Rambla","isPartOf":{"@id":"https:\/\/www.revistarambla.com\/#website"},"primaryImageOfPage":{"@id":"https:\/\/www.revistarambla.com\/lo-importante-es-que-los-ninos-plasmen-la-realidad-de-lo-que-ven\/#primaryimage"},"image":{"@id":"https:\/\/www.revistarambla.com\/lo-importante-es-que-los-ninos-plasmen-la-realidad-de-lo-que-ven\/#primaryimage"},"thumbnailUrl":"https:\/\/www.revistarambla.com\/wp-content\/uploads\/2012\/03\/cuentos%2002.jpg","datePublished":"2012-03-10T05:13:25+00:00","dateModified":"2021-05-15T18:58:37+00:00","breadcrumb":{"@id":"https:\/\/www.revistarambla.com\/lo-importante-es-que-los-ninos-plasmen-la-realidad-de-lo-que-ven\/#breadcrumb"},"inLanguage":"en-GB","potentialAction":[{"@type":"ReadAction","target":["https:\/\/www.revistarambla.com\/lo-importante-es-que-los-ninos-plasmen-la-realidad-de-lo-que-ven\/"]}]},{"@type":"ImageObject","inLanguage":"en-GB","@id":"https:\/\/www.revistarambla.com\/lo-importante-es-que-los-ninos-plasmen-la-realidad-de-lo-que-ven\/#primaryimage","url":"https:\/\/www.revistarambla.com\/wp-content\/uploads\/2012\/03\/cuentos%2002.jpg","contentUrl":"https:\/\/www.revistarambla.com\/wp-content\/uploads\/2012\/03\/cuentos%2002.jpg"},{"@type":"BreadcrumbList","@id":"https:\/\/www.revistarambla.com\/lo-importante-es-que-los-ninos-plasmen-la-realidad-de-lo-que-ven\/#breadcrumb","itemListElement":[{"@type":"ListItem","position":1,"name":"Portada","item":"https:\/\/www.revistarambla.com\/"},{"@type":"ListItem","position":2,"name":"Dom\u00edn\u00edque de Cacqueray: \u00abLo importante es que los ni\u00f1os plasmen la realidad de lo que ven\u00bb"}]},{"@type":"WebSite","@id":"https:\/\/www.revistarambla.com\/#website","url":"https:\/\/www.revistarambla.com\/","name":"Revista Rambla Barcelona","description":"Periodismo independiente","publisher":{"@id":"https:\/\/www.revistarambla.com\/#organization"},"potentialAction":[{"@type":"SearchAction","target":{"@type":"EntryPoint","urlTemplate":"https:\/\/www.revistarambla.com\/?s={search_term_string}"},"query-input":{"@type":"PropertyValueSpecification","valueRequired":true,"valueName":"search_term_string"}}],"inLanguage":"en-GB"},{"@type":"Organization","@id":"https:\/\/www.revistarambla.com\/#organization","name":"Revista Rambla","url":"https:\/\/www.revistarambla.com\/","logo":{"@type":"ImageObject","inLanguage":"en-GB","@id":"https:\/\/www.revistarambla.com\/#\/schema\/logo\/image\/","url":"https:\/\/www.revistarambla.com\/wp-content\/uploads\/2020\/09\/banner_rambla_1900x600_BB.png","contentUrl":"https:\/\/www.revistarambla.com\/wp-content\/uploads\/2020\/09\/banner_rambla_1900x600_BB.png","width":1900,"height":600,"caption":"Revista Rambla"},"image":{"@id":"https:\/\/www.revistarambla.com\/#\/schema\/logo\/image\/"},"sameAs":["https:\/\/www.facebook.com\/revistarambla\/","https:\/\/x.com\/revistarambla","https:\/\/www.instagram.com\/revista_rambla","https:\/\/es.linkedin.com\/company\/revista-rambla"]},{"@type":"Person","@id":"https:\/\/www.revistarambla.com\/#\/schema\/person\/4a5652fc8c82df1f8593002d038cd79e","name":"Maitane Reguero","description":"Licenciada en Periodismo por la UPV\/EHU. Posgrado en Fotoperiodismo por la UAB."}]}},"_links":{"self":[{"href":"https:\/\/www.revistarambla.com\/en\/wp-json\/wp\/v2\/posts\/1424","targetHints":{"allow":["GET"]}}],"collection":[{"href":"https:\/\/www.revistarambla.com\/en\/wp-json\/wp\/v2\/posts"}],"about":[{"href":"https:\/\/www.revistarambla.com\/en\/wp-json\/wp\/v2\/types\/post"}],"author":[{"embeddable":true,"href":"https:\/\/www.revistarambla.com\/en\/wp-json\/wp\/v2\/users\/1"}],"replies":[{"embeddable":true,"href":"https:\/\/www.revistarambla.com\/en\/wp-json\/wp\/v2\/comments?post=1424"}],"version-history":[{"count":0,"href":"https:\/\/www.revistarambla.com\/en\/wp-json\/wp\/v2\/posts\/1424\/revisions"}],"wp:attachment":[{"href":"https:\/\/www.revistarambla.com\/en\/wp-json\/wp\/v2\/media?parent=1424"}],"wp:term":[{"taxonomy":"category","embeddable":true,"href":"https:\/\/www.revistarambla.com\/en\/wp-json\/wp\/v2\/categories?post=1424"},{"taxonomy":"post_tag","embeddable":true,"href":"https:\/\/www.revistarambla.com\/en\/wp-json\/wp\/v2\/tags?post=1424"}],"curies":[{"name":"wp","href":"https:\/\/api.w.org\/{rel}","templated":true}]}}