{"id":1411,"date":"2012-03-06T06:51:29","date_gmt":"2012-03-06T05:51:29","guid":{"rendered":"https:\/\/www.revistarambla.com\/dossier-negro\/"},"modified":"2021-12-07T19:57:42","modified_gmt":"2021-12-07T18:57:42","slug":"dossier-negro","status":"publish","type":"post","link":"https:\/\/www.revistarambla.com\/en\/dossier-negro\/","title":{"rendered":"&#8216;Dossier Negro&#8217; de Francisco P\u00e9rez Caballero"},"content":{"rendered":"<p><img decoding=\"async\" class=\"alignright\" src=\"https:\/\/www.revistarambla.com\/wp-content\/uploads\/2012\/03\/Portada_Libro.jpg\" alt=\"alt\" width=\"304\" height=\"467\" \/>\u00bfQu\u00e9 convirti\u00f3 en un \u201cdepredador humano\u201d al Asesino de la Baraja? \u00bfQu\u00e9 buscaba en la Biblia el descuartizador de C\u00e1diz? \u00bfPor qu\u00e9 masacraron a su familia los temibles Alexander? \u00bfQu\u00e9 impuls\u00f3 a un asesino despiadado a recorrer media \u00c1frica para entregarse en Espa\u00f1a y confesar sus cr\u00edmenes? \u00bfQu\u00e9 hay de cierto en el cuento del hombre del saco?<\/p>\n<p>En este libro se re\u00fanen algunas de las historias que, a lo largo de mi carrera profesional, m\u00e1s me han sobrecogido. Son cr\u00f3nicas trepidantes, que atrapar\u00e1n al lector y que tal vez puedan servirle para ponerse a salvo. Y son realmente terror\u00edficas, porque todo lo que se cuenta en ellas es absolutamente real.<\/p>\n<p>Debido a mi especializaci\u00f3n en el periodismo de \u201ctinta roja\u201d, he podido estar a pocos cent\u00edmetros del Asesino de la Baraja; revivir el espantoso sufrimiento de la peque\u00f1a Rosita Fern\u00e1ndez, v\u00edctima de un horrible exorcismo en Almansa (Albacete); escuchar el fr\u00edo relato que hizo de su crimen el enigm\u00e1tico descuartizador de C\u00e1diz\u2026 son experiencias que cambian algo en el interior de uno.<\/p>\n<p>Aunque pueda parecer lo contrario, la mayor\u00eda de los protagonistas de estos sucesos apenas se diferencian de cualquiera de nosotros. Sencillamente, llegado el momento, han optado por el mal. S\u00f3lo conociendo estas historias que nos aterrorizan podremos estar preparados para afrontarlas. La informaci\u00f3n es la mejor arma de defensa y puede resultar decisiva a la hora de evitar convertirnos en una v\u00edctima. Y con este libro, el lector podr\u00e1 embarcarse en un entretenido viaje a la parte m\u00e1s siniestra de la mente humana.<\/p>\n<p>En la relaci\u00f3n de temas que abordamos en estas p\u00e1ginas hay desde sanguinarios asesinos en serie hasta misteriosos cr\u00edmenes sin resolver; desde odios larvados a lo largo de a\u00f1os que acaban en masacre, hasta incre\u00edbles sucesos con una presunta vertiente sobrenatural. Presentadas a modo de relato son, en efecto, historias asombrosas, pero completamente contrastadas. El libro, que consta de doce cap\u00edtulos, invita al lector a adentrarse en la parte m\u00e1s desconocida del ser humano, sin duda la m\u00e1s interesante, en un descenso a los infiernos de nuestra sociedad, de la mano de un periodista especializado en la informaci\u00f3n de sucesos, el reportero de las sombras de Cuarto Milenio.<\/p>\n<p>SOBRE EL AUTOR<\/p>\n<p><img decoding=\"async\" class=\"alignright\" src=\"https:\/\/www.revistarambla.com\/wp-content\/uploads\/2012\/03\/clip_image002.jpg\" alt=\"alt\" width=\"274\" height=\"169\" \/>Francisco P\u00e9rez Caballero (Madrid, 1979), es licenciado en Periodismo por la Universidad Complutense de Madrid. Especializado en el mundo del suceso, es coautor del Diccionario de Asesinos (Espasa, 2002). Ha trabajado como reportero en los programas \u201cD\u00eda a D\u00eda\u201d de Telecinco y \u201cMirando al mar\u201d y \u201cCada D\u00eda\u201d de Antena 3 TV. Actualmente forma parte del equipo de \u201cCuarto Milenio\u201d, con Iker Jim\u00e9nez, en Cuatro y participa como experto en el mundo del crimen en los programas \u201cMilenio 3\u201d y \u201cA Vivir Madrid\u201d, en la Cadena Ser. Adem\u00e1s, colabora como docente con la Universidad Camilo Jos\u00e9 Cela de Madrid.<\/p>","protected":false},"excerpt":{"rendered":"<p>\u00bfQu\u00e9 convirti\u00f3 en un \u201cdepredador humano\u201d al Asesino de la Baraja? \u00bfQu\u00e9 buscaba en la Biblia el descuartizador de C\u00e1diz? \u00bfPor qu\u00e9 masacraron a su familia los temibles Alexander? \u00bfQu\u00e9 impuls\u00f3 a un asesino despiadado a recorrer media \u00c1frica para entregarse en Espa\u00f1a y confesar sus cr\u00edmenes? \u00bfQu\u00e9 hay de [&hellip;]<\/p>\n","protected":false},"author":26,"featured_media":1408,"comment_status":"open","ping_status":"open","sticky":false,"template":"","format":"standard","meta":{"footnotes":""},"categories":[4,60],"tags":[],"class_list":["post-1411","post","type-post","status-publish","format-standard","has-post-thumbnail","hentry","category-cultura","category-libros"],"yoast_head":"<!-- This site is optimized with the Yoast SEO plugin v27.5 - https:\/\/yoast.com\/product\/yoast-seo-wordpress\/ -->\n<title>&#039;Dossier Negro&#039; de Francisco P\u00e9rez Caballero - Revista Rambla<\/title>\n<meta name=\"robots\" content=\"index, follow, max-snippet:-1, max-image-preview:large, max-video-preview:-1\" \/>\n<link rel=\"canonical\" href=\"https:\/\/www.revistarambla.com\/en\/dossier-negro\/\" \/>\n<meta property=\"og:locale\" content=\"en_GB\" \/>\n<meta property=\"og:type\" content=\"article\" \/>\n<meta property=\"og:title\" content=\"&#039;Dossier Negro&#039; de Francisco P\u00e9rez Caballero - Revista Rambla\" \/>\n<meta property=\"og:description\" content=\"\u00bfQu\u00e9 convirti\u00f3 en un \u201cdepredador humano\u201d al Asesino de la Baraja? \u00bfQu\u00e9 buscaba en la Biblia el descuartizador de C\u00e1diz? \u00bfPor qu\u00e9 masacraron a su familia los temibles Alexander? \u00bfQu\u00e9 impuls\u00f3 a un asesino despiadado a recorrer media \u00c1frica para entregarse en Espa\u00f1a y confesar sus cr\u00edmenes? \u00bfQu\u00e9 hay de [&hellip;]\" \/>\n<meta property=\"og:url\" content=\"https:\/\/www.revistarambla.com\/en\/dossier-negro\/\" \/>\n<meta property=\"og:site_name\" content=\"Revista Rambla\" \/>\n<meta property=\"article:publisher\" content=\"https:\/\/www.facebook.com\/revistarambla\/\" \/>\n<meta property=\"article:author\" content=\"https:\/\/www.facebook.com\/javiercoria7\" \/>\n<meta property=\"article:published_time\" content=\"2012-03-06T05:51:29+00:00\" \/>\n<meta property=\"article:modified_time\" content=\"2021-12-07T18:57:42+00:00\" \/>\n<meta property=\"og:image\" content=\"https:\/\/www.revistarambla.com\/wp-content\/uploads\/2012\/03\/clip_image002.jpg\" \/>\n\t<meta property=\"og:image:width\" content=\"250\" \/>\n\t<meta property=\"og:image:height\" content=\"154\" \/>\n\t<meta property=\"og:image:type\" content=\"image\/jpeg\" \/>\n<meta name=\"author\" content=\"Javier Coria\" \/>\n<meta name=\"twitter:card\" content=\"summary_large_image\" \/>\n<meta name=\"twitter:creator\" content=\"@JavierCoriaOk\" \/>\n<meta name=\"twitter:site\" content=\"@revistarambla\" \/>\n<meta name=\"twitter:label1\" content=\"Written by\" \/>\n\t<meta name=\"twitter:data1\" content=\"Javier Coria\" \/>\n\t<meta name=\"twitter:label2\" content=\"Estimated reading time\" \/>\n\t<meta name=\"twitter:data2\" content=\"3 minutes\" \/>\n<script type=\"application\/ld+json\" class=\"yoast-schema-graph\">{\"@context\":\"https:\\\/\\\/schema.org\",\"@graph\":[{\"@type\":\"Article\",\"@id\":\"https:\\\/\\\/www.revistarambla.com\\\/dossier-negro\\\/#article\",\"isPartOf\":{\"@id\":\"https:\\\/\\\/www.revistarambla.com\\\/dossier-negro\\\/\"},\"author\":{\"name\":\"Javier Coria\",\"@id\":\"https:\\\/\\\/www.revistarambla.com\\\/#\\\/schema\\\/person\\\/7f74cd8bc26a4556bf27d6cdd9c89c82\"},\"headline\":\"&#8216;Dossier Negro&#8217; de Francisco P\u00e9rez Caballero\",\"datePublished\":\"2012-03-06T05:51:29+00:00\",\"dateModified\":\"2021-12-07T18:57:42+00:00\",\"mainEntityOfPage\":{\"@id\":\"https:\\\/\\\/www.revistarambla.com\\\/dossier-negro\\\/\"},\"wordCount\":505,\"commentCount\":0,\"publisher\":{\"@id\":\"https:\\\/\\\/www.revistarambla.com\\\/#organization\"},\"image\":{\"@id\":\"https:\\\/\\\/www.revistarambla.com\\\/dossier-negro\\\/#primaryimage\"},\"thumbnailUrl\":\"https:\\\/\\\/www.revistarambla.com\\\/wp-content\\\/uploads\\\/2012\\\/03\\\/clip_image002.jpg\",\"articleSection\":[\"Cultura\",\"Libros\"],\"inLanguage\":\"en-GB\",\"potentialAction\":[{\"@type\":\"CommentAction\",\"name\":\"Comment\",\"target\":[\"https:\\\/\\\/www.revistarambla.com\\\/dossier-negro\\\/#respond\"]}]},{\"@type\":\"WebPage\",\"@id\":\"https:\\\/\\\/www.revistarambla.com\\\/dossier-negro\\\/\",\"url\":\"https:\\\/\\\/www.revistarambla.com\\\/dossier-negro\\\/\",\"name\":\"'Dossier Negro' de Francisco P\u00e9rez Caballero - Revista Rambla\",\"isPartOf\":{\"@id\":\"https:\\\/\\\/www.revistarambla.com\\\/#website\"},\"primaryImageOfPage\":{\"@id\":\"https:\\\/\\\/www.revistarambla.com\\\/dossier-negro\\\/#primaryimage\"},\"image\":{\"@id\":\"https:\\\/\\\/www.revistarambla.com\\\/dossier-negro\\\/#primaryimage\"},\"thumbnailUrl\":\"https:\\\/\\\/www.revistarambla.com\\\/wp-content\\\/uploads\\\/2012\\\/03\\\/clip_image002.jpg\",\"datePublished\":\"2012-03-06T05:51:29+00:00\",\"dateModified\":\"2021-12-07T18:57:42+00:00\",\"breadcrumb\":{\"@id\":\"https:\\\/\\\/www.revistarambla.com\\\/dossier-negro\\\/#breadcrumb\"},\"inLanguage\":\"en-GB\",\"potentialAction\":[{\"@type\":\"ReadAction\",\"target\":[\"https:\\\/\\\/www.revistarambla.com\\\/dossier-negro\\\/\"]}]},{\"@type\":\"ImageObject\",\"inLanguage\":\"en-GB\",\"@id\":\"https:\\\/\\\/www.revistarambla.com\\\/dossier-negro\\\/#primaryimage\",\"url\":\"https:\\\/\\\/www.revistarambla.com\\\/wp-content\\\/uploads\\\/2012\\\/03\\\/clip_image002.jpg\",\"contentUrl\":\"https:\\\/\\\/www.revistarambla.com\\\/wp-content\\\/uploads\\\/2012\\\/03\\\/clip_image002.jpg\",\"width\":250,\"height\":154,\"caption\":\"alt\"},{\"@type\":\"BreadcrumbList\",\"@id\":\"https:\\\/\\\/www.revistarambla.com\\\/dossier-negro\\\/#breadcrumb\",\"itemListElement\":[{\"@type\":\"ListItem\",\"position\":1,\"name\":\"Portada\",\"item\":\"https:\\\/\\\/www.revistarambla.com\\\/\"},{\"@type\":\"ListItem\",\"position\":2,\"name\":\"&#8216;Dossier Negro&#8217; de Francisco P\u00e9rez Caballero\"}]},{\"@type\":\"WebSite\",\"@id\":\"https:\\\/\\\/www.revistarambla.com\\\/#website\",\"url\":\"https:\\\/\\\/www.revistarambla.com\\\/\",\"name\":\"Revista Rambla Barcelona\",\"description\":\"Periodismo independiente\",\"publisher\":{\"@id\":\"https:\\\/\\\/www.revistarambla.com\\\/#organization\"},\"potentialAction\":[{\"@type\":\"SearchAction\",\"target\":{\"@type\":\"EntryPoint\",\"urlTemplate\":\"https:\\\/\\\/www.revistarambla.com\\\/?s={search_term_string}\"},\"query-input\":{\"@type\":\"PropertyValueSpecification\",\"valueRequired\":true,\"valueName\":\"search_term_string\"}}],\"inLanguage\":\"en-GB\"},{\"@type\":\"Organization\",\"@id\":\"https:\\\/\\\/www.revistarambla.com\\\/#organization\",\"name\":\"Revista Rambla\",\"url\":\"https:\\\/\\\/www.revistarambla.com\\\/\",\"logo\":{\"@type\":\"ImageObject\",\"inLanguage\":\"en-GB\",\"@id\":\"https:\\\/\\\/www.revistarambla.com\\\/#\\\/schema\\\/logo\\\/image\\\/\",\"url\":\"https:\\\/\\\/www.revistarambla.com\\\/wp-content\\\/uploads\\\/2020\\\/09\\\/banner_rambla_1900x600_BB.png\",\"contentUrl\":\"https:\\\/\\\/www.revistarambla.com\\\/wp-content\\\/uploads\\\/2020\\\/09\\\/banner_rambla_1900x600_BB.png\",\"width\":1900,\"height\":600,\"caption\":\"Revista Rambla\"},\"image\":{\"@id\":\"https:\\\/\\\/www.revistarambla.com\\\/#\\\/schema\\\/logo\\\/image\\\/\"},\"sameAs\":[\"https:\\\/\\\/www.facebook.com\\\/revistarambla\\\/\",\"https:\\\/\\\/x.com\\\/revistarambla\",\"https:\\\/\\\/www.instagram.com\\\/revista_rambla\",\"https:\\\/\\\/es.linkedin.com\\\/company\\\/revista-rambla\"]},{\"@type\":\"Person\",\"@id\":\"https:\\\/\\\/www.revistarambla.com\\\/#\\\/schema\\\/person\\\/7f74cd8bc26a4556bf27d6cdd9c89c82\",\"name\":\"Javier Coria\",\"description\":\"Periodista, fot\u00f3grafo, escritor e investigador.\",\"sameAs\":[\"https:\\\/\\\/javiercoria.blogspot.com\\\/\",\"https:\\\/\\\/www.facebook.com\\\/javiercoria7\",\"https:\\\/\\\/x.com\\\/JavierCoriaOk\"]}]}<\/script>\n<!-- \/ Yoast SEO plugin. -->","yoast_head_json":{"title":"'Dossier Negro' de Francisco P\u00e9rez Caballero - Revista Rambla","robots":{"index":"index","follow":"follow","max-snippet":"max-snippet:-1","max-image-preview":"max-image-preview:large","max-video-preview":"max-video-preview:-1"},"canonical":"https:\/\/www.revistarambla.com\/en\/dossier-negro\/","og_locale":"en_GB","og_type":"article","og_title":"'Dossier Negro' de Francisco P\u00e9rez Caballero - Revista Rambla","og_description":"\u00bfQu\u00e9 convirti\u00f3 en un \u201cdepredador humano\u201d al Asesino de la Baraja? \u00bfQu\u00e9 buscaba en la Biblia el descuartizador de C\u00e1diz? \u00bfPor qu\u00e9 masacraron a su familia los temibles Alexander? \u00bfQu\u00e9 impuls\u00f3 a un asesino despiadado a recorrer media \u00c1frica para entregarse en Espa\u00f1a y confesar sus cr\u00edmenes? \u00bfQu\u00e9 hay de [&hellip;]","og_url":"https:\/\/www.revistarambla.com\/en\/dossier-negro\/","og_site_name":"Revista Rambla","article_publisher":"https:\/\/www.facebook.com\/revistarambla\/","article_author":"https:\/\/www.facebook.com\/javiercoria7","article_published_time":"2012-03-06T05:51:29+00:00","article_modified_time":"2021-12-07T18:57:42+00:00","og_image":[{"width":250,"height":154,"url":"https:\/\/www.revistarambla.com\/wp-content\/uploads\/2012\/03\/clip_image002.jpg","type":"image\/jpeg"}],"author":"Javier Coria","twitter_card":"summary_large_image","twitter_creator":"@JavierCoriaOk","twitter_site":"@revistarambla","twitter_misc":{"Written by":"Javier Coria","Estimated reading time":"3 minutes"},"schema":{"@context":"https:\/\/schema.org","@graph":[{"@type":"Article","@id":"https:\/\/www.revistarambla.com\/dossier-negro\/#article","isPartOf":{"@id":"https:\/\/www.revistarambla.com\/dossier-negro\/"},"author":{"name":"Javier Coria","@id":"https:\/\/www.revistarambla.com\/#\/schema\/person\/7f74cd8bc26a4556bf27d6cdd9c89c82"},"headline":"&#8216;Dossier Negro&#8217; de Francisco P\u00e9rez Caballero","datePublished":"2012-03-06T05:51:29+00:00","dateModified":"2021-12-07T18:57:42+00:00","mainEntityOfPage":{"@id":"https:\/\/www.revistarambla.com\/dossier-negro\/"},"wordCount":505,"commentCount":0,"publisher":{"@id":"https:\/\/www.revistarambla.com\/#organization"},"image":{"@id":"https:\/\/www.revistarambla.com\/dossier-negro\/#primaryimage"},"thumbnailUrl":"https:\/\/www.revistarambla.com\/wp-content\/uploads\/2012\/03\/clip_image002.jpg","articleSection":["Cultura","Libros"],"inLanguage":"en-GB","potentialAction":[{"@type":"CommentAction","name":"Comment","target":["https:\/\/www.revistarambla.com\/dossier-negro\/#respond"]}]},{"@type":"WebPage","@id":"https:\/\/www.revistarambla.com\/dossier-negro\/","url":"https:\/\/www.revistarambla.com\/dossier-negro\/","name":"'Dossier Negro' de Francisco P\u00e9rez Caballero - Revista Rambla","isPartOf":{"@id":"https:\/\/www.revistarambla.com\/#website"},"primaryImageOfPage":{"@id":"https:\/\/www.revistarambla.com\/dossier-negro\/#primaryimage"},"image":{"@id":"https:\/\/www.revistarambla.com\/dossier-negro\/#primaryimage"},"thumbnailUrl":"https:\/\/www.revistarambla.com\/wp-content\/uploads\/2012\/03\/clip_image002.jpg","datePublished":"2012-03-06T05:51:29+00:00","dateModified":"2021-12-07T18:57:42+00:00","breadcrumb":{"@id":"https:\/\/www.revistarambla.com\/dossier-negro\/#breadcrumb"},"inLanguage":"en-GB","potentialAction":[{"@type":"ReadAction","target":["https:\/\/www.revistarambla.com\/dossier-negro\/"]}]},{"@type":"ImageObject","inLanguage":"en-GB","@id":"https:\/\/www.revistarambla.com\/dossier-negro\/#primaryimage","url":"https:\/\/www.revistarambla.com\/wp-content\/uploads\/2012\/03\/clip_image002.jpg","contentUrl":"https:\/\/www.revistarambla.com\/wp-content\/uploads\/2012\/03\/clip_image002.jpg","width":250,"height":154,"caption":"alt"},{"@type":"BreadcrumbList","@id":"https:\/\/www.revistarambla.com\/dossier-negro\/#breadcrumb","itemListElement":[{"@type":"ListItem","position":1,"name":"Portada","item":"https:\/\/www.revistarambla.com\/"},{"@type":"ListItem","position":2,"name":"&#8216;Dossier Negro&#8217; de Francisco P\u00e9rez Caballero"}]},{"@type":"WebSite","@id":"https:\/\/www.revistarambla.com\/#website","url":"https:\/\/www.revistarambla.com\/","name":"Revista Rambla Barcelona","description":"Periodismo independiente","publisher":{"@id":"https:\/\/www.revistarambla.com\/#organization"},"potentialAction":[{"@type":"SearchAction","target":{"@type":"EntryPoint","urlTemplate":"https:\/\/www.revistarambla.com\/?s={search_term_string}"},"query-input":{"@type":"PropertyValueSpecification","valueRequired":true,"valueName":"search_term_string"}}],"inLanguage":"en-GB"},{"@type":"Organization","@id":"https:\/\/www.revistarambla.com\/#organization","name":"Revista Rambla","url":"https:\/\/www.revistarambla.com\/","logo":{"@type":"ImageObject","inLanguage":"en-GB","@id":"https:\/\/www.revistarambla.com\/#\/schema\/logo\/image\/","url":"https:\/\/www.revistarambla.com\/wp-content\/uploads\/2020\/09\/banner_rambla_1900x600_BB.png","contentUrl":"https:\/\/www.revistarambla.com\/wp-content\/uploads\/2020\/09\/banner_rambla_1900x600_BB.png","width":1900,"height":600,"caption":"Revista Rambla"},"image":{"@id":"https:\/\/www.revistarambla.com\/#\/schema\/logo\/image\/"},"sameAs":["https:\/\/www.facebook.com\/revistarambla\/","https:\/\/x.com\/revistarambla","https:\/\/www.instagram.com\/revista_rambla","https:\/\/es.linkedin.com\/company\/revista-rambla"]},{"@type":"Person","@id":"https:\/\/www.revistarambla.com\/#\/schema\/person\/7f74cd8bc26a4556bf27d6cdd9c89c82","name":"Javier Coria","description":"Periodista, fot\u00f3grafo, escritor e investigador.","sameAs":["https:\/\/javiercoria.blogspot.com\/","https:\/\/www.facebook.com\/javiercoria7","https:\/\/x.com\/JavierCoriaOk"]}]}},"_links":{"self":[{"href":"https:\/\/www.revistarambla.com\/en\/wp-json\/wp\/v2\/posts\/1411","targetHints":{"allow":["GET"]}}],"collection":[{"href":"https:\/\/www.revistarambla.com\/en\/wp-json\/wp\/v2\/posts"}],"about":[{"href":"https:\/\/www.revistarambla.com\/en\/wp-json\/wp\/v2\/types\/post"}],"author":[{"embeddable":true,"href":"https:\/\/www.revistarambla.com\/en\/wp-json\/wp\/v2\/users\/26"}],"replies":[{"embeddable":true,"href":"https:\/\/www.revistarambla.com\/en\/wp-json\/wp\/v2\/comments?post=1411"}],"version-history":[{"count":0,"href":"https:\/\/www.revistarambla.com\/en\/wp-json\/wp\/v2\/posts\/1411\/revisions"}],"wp:featuredmedia":[{"embeddable":true,"href":"https:\/\/www.revistarambla.com\/en\/wp-json\/wp\/v2\/media\/1408"}],"wp:attachment":[{"href":"https:\/\/www.revistarambla.com\/en\/wp-json\/wp\/v2\/media?parent=1411"}],"wp:term":[{"taxonomy":"category","embeddable":true,"href":"https:\/\/www.revistarambla.com\/en\/wp-json\/wp\/v2\/categories?post=1411"},{"taxonomy":"post_tag","embeddable":true,"href":"https:\/\/www.revistarambla.com\/en\/wp-json\/wp\/v2\/tags?post=1411"}],"curies":[{"name":"wp","href":"https:\/\/api.w.org\/{rel}","templated":true}]}}