{"id":13910,"date":"2017-10-25T22:55:02","date_gmt":"2017-10-25T20:55:02","guid":{"rendered":"https:\/\/www.revistarambla.com\/?p=13910"},"modified":"2021-12-07T17:46:27","modified_gmt":"2021-12-07T16:46:27","slug":"ccuando-rajoy-asesino-a-montesquieu","status":"publish","type":"post","link":"https:\/\/www.revistarambla.com\/en\/ccuando-rajoy-asesino-a-montesquieu\/","title":{"rendered":"Cuando Rajoy asesin\u00f3 a Montesquieu"},"content":{"rendered":"<p>Con la anuencia del Senado (\u00a1por fin sabemos que sirve para algo, aunque ese algo sea perverso!), el gobierno de Mariano Rajoy trama un estado de excepci\u00f3n encubierto para Catalu\u00f1a, en el que todos los poderes del Estado queden sometidos a su voluntad personal, lo cual supone una franca violaci\u00f3n de los principios b\u00e1sicos de la democracia.<\/p>\n<figure id=\"attachment_13912\" aria-describedby=\"caption-attachment-13912\" style=\"width: 700px\" class=\"wp-caption aligncenter\"><img decoding=\"async\" class=\"wp-image-13912 size-full\" src=\"https:\/\/www.revistarambla.com\/wp-content\/uploads\/2017\/10\/mani-02-1-e1508964528685.jpg\" alt=\"\" width=\"700\" height=\"466\" srcset=\"https:\/\/www.revistarambla.com\/wp-content\/uploads\/2017\/10\/mani-02-1-e1508964528685.jpg 700w, https:\/\/www.revistarambla.com\/wp-content\/uploads\/2017\/10\/mani-02-1-e1508964528685-300x200.jpg 300w, https:\/\/www.revistarambla.com\/wp-content\/uploads\/2017\/10\/mani-02-1-e1508964528685-500x333.jpg 500w\" sizes=\"(max-width: 700px) 100vw, 700px\" \/><figcaption id=\"caption-attachment-13912\" class=\"wp-caption-text\">Foto: Francesc Sans.<\/figcaption><\/figure>\n<p>Aparte de su at\u00e1vica relaci\u00f3n con el franquismo, otro de los problemas de la Constituci\u00f3n espa\u00f1ola de 1978 estriba en la indefinici\u00f3n de buena parte de su articulado. As\u00ed ocurre con el art\u00edculo 155, ese n\u00famero m\u00e1gico que concita las esperanzas de los nacionalistas hispanos m\u00e1s sordos y ciegos ante la realidad catalana. Establece su texto que, si las autoridades de una comunidad aut\u00f3noma obran contra la ley o el inter\u00e9s general (es decir, si hacen como el Partido Popular en la trama G\u00fcrtel o como el Tribunal Constitucional cuando anul\u00f3 la ley auton\u00f3mica catalana contra la pobreza energ\u00e9tica), el gobierno central \u00abpodr\u00e1\u00a0 adoptar las medidas necesarias para obligar a aquella [la comunidad aut\u00f3noma implicada] al cumplimiento forzoso de dichas obligaciones o para la protecci\u00f3n del mencionado inter\u00e9s general\u00bb. Medidas que no se especifican \u2014es decir, ni se las nomina ni se les pone l\u00edmite\u2014 pero, eso s\u00ed, queda prescrito que su realizaci\u00f3n se basar\u00e1 en que \u00abel Gobierno podr\u00e1 dar instrucciones a todas las autoridades de las Comunidades Aut\u00f3nomas\u00bb. Al pie de la letra, la tarea del gobierno central en estos casos m\u00e1s parece de supervisi\u00f3n y direcci\u00f3n de la actuaci\u00f3n de las autoridades regionales, que de desmantelamiento de las instituciones auton\u00f3micas y usurpaci\u00f3n de las funciones de las mismas. Toda esta desmesura sobrevenida, todo este exceso decretal es propio de un gobierno d\u00e9bil pese a sus enormes prerrogativas; de un ejecutivo histri\u00f3nico que pretende consagrarse como superm\u00e1n de la legalidad despu\u00e9s de retratarse cual mat\u00f3n de barrio el pasado 1-O.<\/p>\n<p>Resulta curioso que los porrazos contra votantes pac\u00edficos no fueran el acto culminante, en su gravedad, del desquiciamiento gubernamental ante la crisis catalana. Ahora resulta que la inopia de Rajoy y el militarismo de S\u00e1enz de Santamar\u00eda, debidamente combinados, destilan la desfachatez de anunciar una posible convocatoria de elecciones auton\u00f3micas \u00a0\u2014una vez m\u00e1s, \u00bfen qu\u00e9 punto del art\u00edculo 155 se apoya el ejecutivo para pretender semejante maniobra?\u2014 cuyo resultado pr\u00e1ctico, la investidura de un nuevo <em>Honorable President<\/em>, no corresponder\u00eda al parlamento catal\u00e1n, expresi\u00f3n de la voluntad pol\u00edtica de los ciudadanos, sino al propio Rajoy, que quiere pasar a la historia de la teor\u00eda pol\u00edtica con la invenci\u00f3n de una nueva categor\u00eda legislativa, el parlamento mediatizado, intervenido y dome\u00f1ado. \u00bfSe acuerdan ustedes de un tal Charles Louis de Secondat, Se\u00f1or de la Br\u00e8de y Bar\u00f3n de Montesquieu, para los amigos Montesquieu, el ap\u00f3stol de la independencia entre los tres poderes (ejecutivo, legislativo y judicial)? Pues bien, el PP, que ya disfruta hozando en la confusi\u00f3n entre quien gobierna y quien acusa y juzga, va a dar el tiro de gracia en la nuca ideol\u00f3gica del ilustre pensador franc\u00e9s del siglo XVIII, cuya doctrina de la divisi\u00f3n de poderes est\u00e1 considerada como uno de los pilares te\u00f3ricos fundacionales de la democracia.<\/p>\n<p>Recapitulemos: o el presidente del gobierno central ha sufrido un ataque de estupidez\u00a0 \u2014quiz\u00e1 requiera asistencia m\u00e9dica\u2014 o los lerdos \u2014pero cong\u00e9nitos\u2014 son los ciudadanos a quienes les parece bien semejante barrabasada antidemocr\u00e1tica. Y por dem\u00e1s in\u00fatil, porque el escenario electoral, si montado por la carpinter\u00eda de la Moncloa, solo puede devenir en un desastre: o las elecciones son boicoteadas por los partidos soberanistas (incluidos Podemos y afines), con lo que no habr\u00e1 qu\u00f3rum que les confiera legitimidad representativa, o se reproduce la tesitura de una amplia mayor\u00eda del bando soberanista (Podemos y afines incluidos) y se renueva la reivindicaci\u00f3n de un refer\u00e9ndum de autodeterminaci\u00f3n. Ante esta segunda situaci\u00f3n, \u00bfde qu\u00e9 servir\u00eda la burda cirug\u00eda rajoyana en la presidencia de la Generalitat? \u00bfIba a imponer el se\u00f1or de la Moncloa a un colega para presidir un gobierno en minor\u00eda y por dem\u00e1s ileg\u00edtimo, no ya inestable en su debilidad representativa sino dinamitable a la primera liza parlamentaria?<\/p>\n<p>Moraleja para el presidente de Espa\u00f1a (como dijo Jeff Bush): se\u00f1or Rajoy, las autoridades sanitarias le recomiendan que <em>constitucione<\/em> con moderaci\u00f3n, porque es su responsabilidad. Y a\u00fan peor: la responsabilidad ser\u00e1 suya, pero el desastre caer\u00e1 sobre los ciudadanos.<\/p>\n<p>Mientras todo esto ocurre en la realidad virtual cuya verdadera semblanza protege el secreto sobre las deliberaciones del consejo de ministros, en la Catalu\u00f1a intervenida desde hace semanas por el ministro Montoro, afrentada a palos el pasado 1-O y desangrada econ\u00f3micamente por una clase empresarial fugitiva que tantos votos de catalanidad hizo siempre, la coalici\u00f3n parlamentaria mayoritaria parece progresivamente inclinada a consumar la DUI (Declaraci\u00f3n Unilateral de Independencia). Ya se habla con que hoy, jueves 26 de octubre de 2017, las luchas de la \u00faltima d\u00e9cada fructificar\u00e1n en esta proclama. Una soluci\u00f3n muy arriesgada y sin duda bella a efectos \u00e9picos, pero muy arriesgada y a la que pueden interponerse tres objeciones de distinto tipo.<\/p>\n<p>La primera, una pega democr\u00e1tica. \u00bfTienen este gobierno y este parlamento auton\u00f3micos legitimidad para proclamar la independencia en nombre de TODO el pueblo de Catalu\u00f1a? La respuesta es negativa, si se repara en que la mayor\u00eda absoluta de esca\u00f1os obtenida por los independentistas en las elecciones de 2015 no se corresponde con la mitad m\u00e1s uno (o m\u00e1s) del total de los votos. Son las bromas pesadas de la Ley d\u2019Hont. En su conjunto, el monto de los sufragios independentistas qued\u00f3 por debajo del list\u00f3n del cincuenta por ciento. Con semejante resultado, el gobierno de Puigdemont ten\u00eda derecho a gobernar y lo ha hecho; a pedir un refer\u00e9ndum y lo hizo, chocando contra la cerrilidad del gobierno central y sus sat\u00e9lites pol\u00edticos (Ciudadanos, PSOE), pero no puede arrogarse la representatividad demogr\u00e1fica que exige el hecho trascendental de la DUI, ni siquiera tras el refer\u00e9ndum del 1-O, cuyos resultados son m\u00e1s que difusos.<\/p>\n<figure id=\"attachment_13913\" aria-describedby=\"caption-attachment-13913\" style=\"width: 250px\" class=\"wp-caption alignleft\"><a href=\"https:\/\/www.revistarambla.com\/wp-content\/uploads\/2017\/10\/Montesquieu_1-e1508964658318.png\"><img decoding=\"async\" class=\"wp-image-13913 size-medium\" src=\"https:\/\/www.revistarambla.com\/wp-content\/uploads\/2017\/10\/Montesquieu_1-e1508964658318-250x300.png\" alt=\"\" width=\"250\" height=\"300\" srcset=\"https:\/\/www.revistarambla.com\/wp-content\/uploads\/2017\/10\/Montesquieu_1-e1508964658318-250x300.png 250w, https:\/\/www.revistarambla.com\/wp-content\/uploads\/2017\/10\/Montesquieu_1-e1508964658318.png 324w\" sizes=\"(max-width: 250px) 100vw, 250px\" \/><\/a><figcaption id=\"caption-attachment-13913\" class=\"wp-caption-text\">Montesquieu<\/figcaption><\/figure>\n<p>Precisamente con la consulta del primero de octubre tiene que ver la segunda objeci\u00f3n, de \u00edndole t\u00e1ctica. Fue una batalla simb\u00f3lica que el independentismo gan\u00f3 por goleada ante la opini\u00f3n p\u00fablica internacional, merced a los buenos modales de las fuerzas policiales y militares desplegadas en Catalu\u00f1a para la ocasi\u00f3n. Pero no hubo victoria absoluta. Las condiciones en que se realiz\u00f3 el refer\u00e9ndum no aportan la seguridad necesaria para proclamar resultados firmes. Y tambi\u00e9n hay que tener en cuenta el boicot de los catalanes que comulgan con el nacionalismo espa\u00f1ol. La DUI dejar\u00eda fuera de la Rep\u00fablica catalana a casi \u2014o sin casi\u2014 la mitad de la poblaci\u00f3n. Hasta el momento, la causa independentista no ha encontrado la manera de romper el <em>catenaccio<\/em> social que defiende las posiciones gubernamentales, y ser\u00eda una enorme irresponsabilidad desperdiciar con una declaraci\u00f3n de independencia que pueda parecer altiva, poco dada a la negociaci\u00f3n, la buena imagen de pueblo dialogante ganada a fuerza de sangre y hematomas el 1-O.<\/p>\n<p>Finalmente, puede haber una cr\u00edtica eficiente. La DUI no va a tener vigencia de ning\u00fan tipo, por lo menos a corto plazo. El gobierno catal\u00e1n tiene tan pocos medios materiales para hacerla tangible como le sobran al gobierno central para aplastarla a todos los efectos. Es cierto que las medidas de fuerza son insostenibles a medio y largo plazo sino se cae en la pura y dura dictadura, pero me parece igualmente di\u00e1fano que cabe ahorrar toda la cuota posible de sufrimiento a los pueblos, aunque est\u00e9n embargados en luchas decisivas para su futuro. Se entiende la fruici\u00f3n con que los sentimientos independentistas desatados ans\u00edan la pronta resoluci\u00f3n del conflicto, pero resulta evidente que las luchas son largas, se rebelan en su prolongaci\u00f3n contra los sentimientos y no siempre se ganan incondicionalmente, por cargado de raz\u00f3n que uno se considere. Para la DUI, las prisas tambi\u00e9n son malas consejeras.<\/p>\n<p>Este jueves esperamos salir de dudas. El colmo de la sensatez ser\u00eda, tal vez, que Puigdemont convoque elecciones aunque queden dentro del \u00e1mbito legislativo espa\u00f1ol, para aprovechar el tir\u00f3n proporcionado al soberanismo por el comportamiento est\u00f3lido del gobierno espa\u00f1ol en el 1-O y ese estado de excepci\u00f3n encubierto que se cierne sobre Catalu\u00f1a. Ya se ver\u00e1.<\/p>\n","protected":false},"excerpt":{"rendered":"<p>Con la anuencia del Senado (\u00a1por fin sabemos que sirve para algo, aunque ese algo sea perverso!), el gobierno de Mariano Rajoy trama un estado de excepci\u00f3n encubierto para Catalu\u00f1a, en el que todos los poderes del Estado queden sometidos a su voluntad personal, lo cual supone una franca violaci\u00f3n [&hellip;]<\/p>\n","protected":false},"author":21,"featured_media":13911,"comment_status":"open","ping_status":"open","sticky":false,"template":"","format":"standard","meta":{"footnotes":""},"categories":[72],"tags":[],"class_list":["post-13910","post","type-post","status-publish","format-standard","has-post-thumbnail","hentry","category-opinion"],"yoast_head":"<!-- This site is optimized with the Yoast SEO plugin v27.5 - https:\/\/yoast.com\/product\/yoast-seo-wordpress\/ -->\n<title>Cuando Rajoy asesin\u00f3 a Montesquieu - Revista Rambla<\/title>\n<meta name=\"robots\" content=\"index, follow, max-snippet:-1, max-image-preview:large, max-video-preview:-1\" \/>\n<link rel=\"canonical\" href=\"https:\/\/www.revistarambla.com\/en\/ccuando-rajoy-asesino-a-montesquieu\/\" \/>\n<meta property=\"og:locale\" content=\"en_GB\" \/>\n<meta property=\"og:type\" content=\"article\" \/>\n<meta property=\"og:title\" content=\"Cuando Rajoy asesin\u00f3 a Montesquieu - Revista Rambla\" \/>\n<meta property=\"og:description\" content=\"Con la anuencia del Senado (\u00a1por fin sabemos que sirve para algo, aunque ese algo sea perverso!), el gobierno de Mariano Rajoy trama un estado de excepci\u00f3n encubierto para Catalu\u00f1a, en el que todos los poderes del Estado queden sometidos a su voluntad personal, lo cual supone una franca violaci\u00f3n [&hellip;]\" \/>\n<meta property=\"og:url\" content=\"https:\/\/www.revistarambla.com\/en\/ccuando-rajoy-asesino-a-montesquieu\/\" \/>\n<meta property=\"og:site_name\" content=\"Revista Rambla\" \/>\n<meta property=\"article:publisher\" content=\"https:\/\/www.facebook.com\/revistarambla\/\" \/>\n<meta property=\"article:author\" content=\"https:\/\/www.facebook.com\/Ignacio.gonzalezorozco\" \/>\n<meta property=\"article:published_time\" content=\"2017-10-25T20:55:02+00:00\" \/>\n<meta property=\"article:modified_time\" content=\"2021-12-07T16:46:27+00:00\" \/>\n<meta property=\"og:image\" content=\"https:\/\/www.revistarambla.com\/wp-content\/uploads\/2017\/10\/mani-03-1-e1508964459665.jpg\" \/>\n\t<meta property=\"og:image:width\" content=\"700\" \/>\n\t<meta property=\"og:image:height\" content=\"466\" \/>\n\t<meta property=\"og:image:type\" content=\"image\/jpeg\" \/>\n<meta name=\"author\" content=\"Ignacio Gonz\u00e1lez Orozco\" \/>\n<meta name=\"twitter:card\" content=\"summary_large_image\" \/>\n<meta name=\"twitter:creator\" content=\"@iggonor\" \/>\n<meta name=\"twitter:site\" content=\"@revistarambla\" \/>\n<meta name=\"twitter:label1\" content=\"Written by\" \/>\n\t<meta name=\"twitter:data1\" content=\"Ignacio Gonz\u00e1lez Orozco\" \/>\n\t<meta name=\"twitter:label2\" content=\"Estimated reading time\" \/>\n\t<meta name=\"twitter:data2\" content=\"7 minutes\" \/>\n<script type=\"application\/ld+json\" class=\"yoast-schema-graph\">{\"@context\":\"https:\\\/\\\/schema.org\",\"@graph\":[{\"@type\":\"Article\",\"@id\":\"https:\\\/\\\/www.revistarambla.com\\\/ccuando-rajoy-asesino-a-montesquieu\\\/#article\",\"isPartOf\":{\"@id\":\"https:\\\/\\\/www.revistarambla.com\\\/ccuando-rajoy-asesino-a-montesquieu\\\/\"},\"author\":{\"name\":\"Ignacio Gonz\u00e1lez Orozco\",\"@id\":\"https:\\\/\\\/www.revistarambla.com\\\/#\\\/schema\\\/person\\\/f57e0b5bc0173cd6b95a123fd3fcca75\"},\"headline\":\"Cuando Rajoy asesin\u00f3 a Montesquieu\",\"datePublished\":\"2017-10-25T20:55:02+00:00\",\"dateModified\":\"2021-12-07T16:46:27+00:00\",\"mainEntityOfPage\":{\"@id\":\"https:\\\/\\\/www.revistarambla.com\\\/ccuando-rajoy-asesino-a-montesquieu\\\/\"},\"wordCount\":1505,\"commentCount\":0,\"publisher\":{\"@id\":\"https:\\\/\\\/www.revistarambla.com\\\/#organization\"},\"image\":{\"@id\":\"https:\\\/\\\/www.revistarambla.com\\\/ccuando-rajoy-asesino-a-montesquieu\\\/#primaryimage\"},\"thumbnailUrl\":\"https:\\\/\\\/www.revistarambla.com\\\/wp-content\\\/uploads\\\/2017\\\/10\\\/mani-03-1-e1508964459665.jpg\",\"articleSection\":[\"Opiniones\"],\"inLanguage\":\"en-GB\",\"potentialAction\":[{\"@type\":\"CommentAction\",\"name\":\"Comment\",\"target\":[\"https:\\\/\\\/www.revistarambla.com\\\/ccuando-rajoy-asesino-a-montesquieu\\\/#respond\"]}]},{\"@type\":\"WebPage\",\"@id\":\"https:\\\/\\\/www.revistarambla.com\\\/ccuando-rajoy-asesino-a-montesquieu\\\/\",\"url\":\"https:\\\/\\\/www.revistarambla.com\\\/ccuando-rajoy-asesino-a-montesquieu\\\/\",\"name\":\"Cuando Rajoy asesin\u00f3 a Montesquieu - Revista Rambla\",\"isPartOf\":{\"@id\":\"https:\\\/\\\/www.revistarambla.com\\\/#website\"},\"primaryImageOfPage\":{\"@id\":\"https:\\\/\\\/www.revistarambla.com\\\/ccuando-rajoy-asesino-a-montesquieu\\\/#primaryimage\"},\"image\":{\"@id\":\"https:\\\/\\\/www.revistarambla.com\\\/ccuando-rajoy-asesino-a-montesquieu\\\/#primaryimage\"},\"thumbnailUrl\":\"https:\\\/\\\/www.revistarambla.com\\\/wp-content\\\/uploads\\\/2017\\\/10\\\/mani-03-1-e1508964459665.jpg\",\"datePublished\":\"2017-10-25T20:55:02+00:00\",\"dateModified\":\"2021-12-07T16:46:27+00:00\",\"breadcrumb\":{\"@id\":\"https:\\\/\\\/www.revistarambla.com\\\/ccuando-rajoy-asesino-a-montesquieu\\\/#breadcrumb\"},\"inLanguage\":\"en-GB\",\"potentialAction\":[{\"@type\":\"ReadAction\",\"target\":[\"https:\\\/\\\/www.revistarambla.com\\\/ccuando-rajoy-asesino-a-montesquieu\\\/\"]}]},{\"@type\":\"ImageObject\",\"inLanguage\":\"en-GB\",\"@id\":\"https:\\\/\\\/www.revistarambla.com\\\/ccuando-rajoy-asesino-a-montesquieu\\\/#primaryimage\",\"url\":\"https:\\\/\\\/www.revistarambla.com\\\/wp-content\\\/uploads\\\/2017\\\/10\\\/mani-03-1-e1508964459665.jpg\",\"contentUrl\":\"https:\\\/\\\/www.revistarambla.com\\\/wp-content\\\/uploads\\\/2017\\\/10\\\/mani-03-1-e1508964459665.jpg\",\"width\":700,\"height\":466},{\"@type\":\"BreadcrumbList\",\"@id\":\"https:\\\/\\\/www.revistarambla.com\\\/ccuando-rajoy-asesino-a-montesquieu\\\/#breadcrumb\",\"itemListElement\":[{\"@type\":\"ListItem\",\"position\":1,\"name\":\"Portada\",\"item\":\"https:\\\/\\\/www.revistarambla.com\\\/\"},{\"@type\":\"ListItem\",\"position\":2,\"name\":\"Cuando Rajoy asesin\u00f3 a Montesquieu\"}]},{\"@type\":\"WebSite\",\"@id\":\"https:\\\/\\\/www.revistarambla.com\\\/#website\",\"url\":\"https:\\\/\\\/www.revistarambla.com\\\/\",\"name\":\"Revista Rambla Barcelona\",\"description\":\"Periodismo independiente\",\"publisher\":{\"@id\":\"https:\\\/\\\/www.revistarambla.com\\\/#organization\"},\"potentialAction\":[{\"@type\":\"SearchAction\",\"target\":{\"@type\":\"EntryPoint\",\"urlTemplate\":\"https:\\\/\\\/www.revistarambla.com\\\/?s={search_term_string}\"},\"query-input\":{\"@type\":\"PropertyValueSpecification\",\"valueRequired\":true,\"valueName\":\"search_term_string\"}}],\"inLanguage\":\"en-GB\"},{\"@type\":\"Organization\",\"@id\":\"https:\\\/\\\/www.revistarambla.com\\\/#organization\",\"name\":\"Revista Rambla\",\"url\":\"https:\\\/\\\/www.revistarambla.com\\\/\",\"logo\":{\"@type\":\"ImageObject\",\"inLanguage\":\"en-GB\",\"@id\":\"https:\\\/\\\/www.revistarambla.com\\\/#\\\/schema\\\/logo\\\/image\\\/\",\"url\":\"https:\\\/\\\/www.revistarambla.com\\\/wp-content\\\/uploads\\\/2020\\\/09\\\/banner_rambla_1900x600_BB.png\",\"contentUrl\":\"https:\\\/\\\/www.revistarambla.com\\\/wp-content\\\/uploads\\\/2020\\\/09\\\/banner_rambla_1900x600_BB.png\",\"width\":1900,\"height\":600,\"caption\":\"Revista Rambla\"},\"image\":{\"@id\":\"https:\\\/\\\/www.revistarambla.com\\\/#\\\/schema\\\/logo\\\/image\\\/\"},\"sameAs\":[\"https:\\\/\\\/www.facebook.com\\\/revistarambla\\\/\",\"https:\\\/\\\/x.com\\\/revistarambla\",\"https:\\\/\\\/www.instagram.com\\\/revista_rambla\",\"https:\\\/\\\/es.linkedin.com\\\/company\\\/revista-rambla\"]},{\"@type\":\"Person\",\"@id\":\"https:\\\/\\\/www.revistarambla.com\\\/#\\\/schema\\\/person\\\/f57e0b5bc0173cd6b95a123fd3fcca75\",\"name\":\"Ignacio Gonz\u00e1lez Orozco\",\"description\":\"Editor, periodista y escritor. Autor de libros como 'Annual: todas las guerras, todas las v\u00edctimas' o 'Amores y quebrantos', entre muchos otros.\",\"sameAs\":[\"https:\\\/\\\/www.facebook.com\\\/Ignacio.gonzalezorozco\",\"https:\\\/\\\/x.com\\\/iggonor\"]}]}<\/script>\n<!-- \/ Yoast SEO plugin. -->","yoast_head_json":{"title":"Cuando Rajoy asesin\u00f3 a Montesquieu - Revista Rambla","robots":{"index":"index","follow":"follow","max-snippet":"max-snippet:-1","max-image-preview":"max-image-preview:large","max-video-preview":"max-video-preview:-1"},"canonical":"https:\/\/www.revistarambla.com\/en\/ccuando-rajoy-asesino-a-montesquieu\/","og_locale":"en_GB","og_type":"article","og_title":"Cuando Rajoy asesin\u00f3 a Montesquieu - Revista Rambla","og_description":"Con la anuencia del Senado (\u00a1por fin sabemos que sirve para algo, aunque ese algo sea perverso!), el gobierno de Mariano Rajoy trama un estado de excepci\u00f3n encubierto para Catalu\u00f1a, en el que todos los poderes del Estado queden sometidos a su voluntad personal, lo cual supone una franca violaci\u00f3n [&hellip;]","og_url":"https:\/\/www.revistarambla.com\/en\/ccuando-rajoy-asesino-a-montesquieu\/","og_site_name":"Revista Rambla","article_publisher":"https:\/\/www.facebook.com\/revistarambla\/","article_author":"https:\/\/www.facebook.com\/Ignacio.gonzalezorozco","article_published_time":"2017-10-25T20:55:02+00:00","article_modified_time":"2021-12-07T16:46:27+00:00","og_image":[{"width":700,"height":466,"url":"https:\/\/www.revistarambla.com\/wp-content\/uploads\/2017\/10\/mani-03-1-e1508964459665.jpg","type":"image\/jpeg"}],"author":"Ignacio Gonz\u00e1lez Orozco","twitter_card":"summary_large_image","twitter_creator":"@iggonor","twitter_site":"@revistarambla","twitter_misc":{"Written by":"Ignacio Gonz\u00e1lez Orozco","Estimated reading time":"7 minutes"},"schema":{"@context":"https:\/\/schema.org","@graph":[{"@type":"Article","@id":"https:\/\/www.revistarambla.com\/ccuando-rajoy-asesino-a-montesquieu\/#article","isPartOf":{"@id":"https:\/\/www.revistarambla.com\/ccuando-rajoy-asesino-a-montesquieu\/"},"author":{"name":"Ignacio Gonz\u00e1lez Orozco","@id":"https:\/\/www.revistarambla.com\/#\/schema\/person\/f57e0b5bc0173cd6b95a123fd3fcca75"},"headline":"Cuando Rajoy asesin\u00f3 a Montesquieu","datePublished":"2017-10-25T20:55:02+00:00","dateModified":"2021-12-07T16:46:27+00:00","mainEntityOfPage":{"@id":"https:\/\/www.revistarambla.com\/ccuando-rajoy-asesino-a-montesquieu\/"},"wordCount":1505,"commentCount":0,"publisher":{"@id":"https:\/\/www.revistarambla.com\/#organization"},"image":{"@id":"https:\/\/www.revistarambla.com\/ccuando-rajoy-asesino-a-montesquieu\/#primaryimage"},"thumbnailUrl":"https:\/\/www.revistarambla.com\/wp-content\/uploads\/2017\/10\/mani-03-1-e1508964459665.jpg","articleSection":["Opiniones"],"inLanguage":"en-GB","potentialAction":[{"@type":"CommentAction","name":"Comment","target":["https:\/\/www.revistarambla.com\/ccuando-rajoy-asesino-a-montesquieu\/#respond"]}]},{"@type":"WebPage","@id":"https:\/\/www.revistarambla.com\/ccuando-rajoy-asesino-a-montesquieu\/","url":"https:\/\/www.revistarambla.com\/ccuando-rajoy-asesino-a-montesquieu\/","name":"Cuando Rajoy asesin\u00f3 a Montesquieu - Revista Rambla","isPartOf":{"@id":"https:\/\/www.revistarambla.com\/#website"},"primaryImageOfPage":{"@id":"https:\/\/www.revistarambla.com\/ccuando-rajoy-asesino-a-montesquieu\/#primaryimage"},"image":{"@id":"https:\/\/www.revistarambla.com\/ccuando-rajoy-asesino-a-montesquieu\/#primaryimage"},"thumbnailUrl":"https:\/\/www.revistarambla.com\/wp-content\/uploads\/2017\/10\/mani-03-1-e1508964459665.jpg","datePublished":"2017-10-25T20:55:02+00:00","dateModified":"2021-12-07T16:46:27+00:00","breadcrumb":{"@id":"https:\/\/www.revistarambla.com\/ccuando-rajoy-asesino-a-montesquieu\/#breadcrumb"},"inLanguage":"en-GB","potentialAction":[{"@type":"ReadAction","target":["https:\/\/www.revistarambla.com\/ccuando-rajoy-asesino-a-montesquieu\/"]}]},{"@type":"ImageObject","inLanguage":"en-GB","@id":"https:\/\/www.revistarambla.com\/ccuando-rajoy-asesino-a-montesquieu\/#primaryimage","url":"https:\/\/www.revistarambla.com\/wp-content\/uploads\/2017\/10\/mani-03-1-e1508964459665.jpg","contentUrl":"https:\/\/www.revistarambla.com\/wp-content\/uploads\/2017\/10\/mani-03-1-e1508964459665.jpg","width":700,"height":466},{"@type":"BreadcrumbList","@id":"https:\/\/www.revistarambla.com\/ccuando-rajoy-asesino-a-montesquieu\/#breadcrumb","itemListElement":[{"@type":"ListItem","position":1,"name":"Portada","item":"https:\/\/www.revistarambla.com\/"},{"@type":"ListItem","position":2,"name":"Cuando Rajoy asesin\u00f3 a Montesquieu"}]},{"@type":"WebSite","@id":"https:\/\/www.revistarambla.com\/#website","url":"https:\/\/www.revistarambla.com\/","name":"Revista Rambla Barcelona","description":"Periodismo independiente","publisher":{"@id":"https:\/\/www.revistarambla.com\/#organization"},"potentialAction":[{"@type":"SearchAction","target":{"@type":"EntryPoint","urlTemplate":"https:\/\/www.revistarambla.com\/?s={search_term_string}"},"query-input":{"@type":"PropertyValueSpecification","valueRequired":true,"valueName":"search_term_string"}}],"inLanguage":"en-GB"},{"@type":"Organization","@id":"https:\/\/www.revistarambla.com\/#organization","name":"Revista Rambla","url":"https:\/\/www.revistarambla.com\/","logo":{"@type":"ImageObject","inLanguage":"en-GB","@id":"https:\/\/www.revistarambla.com\/#\/schema\/logo\/image\/","url":"https:\/\/www.revistarambla.com\/wp-content\/uploads\/2020\/09\/banner_rambla_1900x600_BB.png","contentUrl":"https:\/\/www.revistarambla.com\/wp-content\/uploads\/2020\/09\/banner_rambla_1900x600_BB.png","width":1900,"height":600,"caption":"Revista Rambla"},"image":{"@id":"https:\/\/www.revistarambla.com\/#\/schema\/logo\/image\/"},"sameAs":["https:\/\/www.facebook.com\/revistarambla\/","https:\/\/x.com\/revistarambla","https:\/\/www.instagram.com\/revista_rambla","https:\/\/es.linkedin.com\/company\/revista-rambla"]},{"@type":"Person","@id":"https:\/\/www.revistarambla.com\/#\/schema\/person\/f57e0b5bc0173cd6b95a123fd3fcca75","name":"Ignacio Gonz\u00e1lez Orozco","description":"Editor, periodista y escritor. Autor de libros como 'Annual: todas las guerras, todas las v\u00edctimas' o 'Amores y quebrantos', entre muchos otros.","sameAs":["https:\/\/www.facebook.com\/Ignacio.gonzalezorozco","https:\/\/x.com\/iggonor"]}]}},"_links":{"self":[{"href":"https:\/\/www.revistarambla.com\/en\/wp-json\/wp\/v2\/posts\/13910","targetHints":{"allow":["GET"]}}],"collection":[{"href":"https:\/\/www.revistarambla.com\/en\/wp-json\/wp\/v2\/posts"}],"about":[{"href":"https:\/\/www.revistarambla.com\/en\/wp-json\/wp\/v2\/types\/post"}],"author":[{"embeddable":true,"href":"https:\/\/www.revistarambla.com\/en\/wp-json\/wp\/v2\/users\/21"}],"replies":[{"embeddable":true,"href":"https:\/\/www.revistarambla.com\/en\/wp-json\/wp\/v2\/comments?post=13910"}],"version-history":[{"count":0,"href":"https:\/\/www.revistarambla.com\/en\/wp-json\/wp\/v2\/posts\/13910\/revisions"}],"wp:featuredmedia":[{"embeddable":true,"href":"https:\/\/www.revistarambla.com\/en\/wp-json\/wp\/v2\/media\/13911"}],"wp:attachment":[{"href":"https:\/\/www.revistarambla.com\/en\/wp-json\/wp\/v2\/media?parent=13910"}],"wp:term":[{"taxonomy":"category","embeddable":true,"href":"https:\/\/www.revistarambla.com\/en\/wp-json\/wp\/v2\/categories?post=13910"},{"taxonomy":"post_tag","embeddable":true,"href":"https:\/\/www.revistarambla.com\/en\/wp-json\/wp\/v2\/tags?post=13910"}],"curies":[{"name":"wp","href":"https:\/\/api.w.org\/{rel}","templated":true}]}}