{"id":1381,"date":"2012-02-18T08:08:40","date_gmt":"2012-02-18T07:08:40","guid":{"rendered":"https:\/\/www.revistarambla.com\/polvo\/"},"modified":"2023-12-29T13:44:12","modified_gmt":"2023-12-29T12:44:12","slug":"polvo","status":"publish","type":"post","link":"https:\/\/www.revistarambla.com\/en\/polvo\/","title":{"rendered":"Polvo"},"content":{"rendered":"<div>\n<dl id=\"\">\n<dt>\n<p><figure style=\"width: 550px\" class=\"wp-caption aligncenter\"><img decoding=\"async\" src=\"https:\/\/www.revistarambla.com\/wp-content\/uploads\/2012\/02\/poema.jpg\" alt=\"alt\" width=\"550\" height=\"198\" \/><figcaption class=\"wp-caption-text\">Ilustra Evelio G\u00f3mez.<\/figcaption><\/figure><\/dt>\n<\/dl>\n<\/div>\n<h4 style=\"text-align: center;\"><em>Polvo<\/em><\/h4>\n<p style=\"text-align: center;\">Las coronas caprichosas del polvo<\/p>\n<p style=\"text-align: center;\">en el reino de la dejadez<\/p>\n<p style=\"text-align: center;\">que de vez en cuando voy destronando<\/p>\n<p style=\"text-align: center;\">con la autarqu\u00eda provisional de la higiene,<\/p>\n<p style=\"text-align: center;\">hasta que el polvo propine el \u00faltimo golpe de estado<\/p>\n<p style=\"text-align: center;\">y nos restituya,<\/p>\n<p style=\"text-align: center;\">deslucidos y desl\u00facidos,<\/p>\n<p style=\"text-align: center;\">al imperio del \u00e1caro, la dictadura de la nada.<\/p>\n<p style=\"text-align: center;\">Mota de polvo:<\/p>\n<p style=\"text-align: center;\">b\u00f3lido del viento,<\/p>\n<p style=\"text-align: center;\">roedor de la nada,<\/p>\n<p style=\"text-align: center;\">excremento del vac\u00edo en su hast\u00edo gris<\/p>\n<p style=\"text-align: center;\">crin de mugre,<\/p>\n<p style=\"text-align: center;\">mech\u00f3n de cardenal,<\/p>\n<p style=\"text-align: center;\">se engendra en la demolici\u00f3n, procrea en el escombro,<\/p>\n<p style=\"text-align: center;\">im\u00e1n de u\u00f1a y pelos con los que comparte<\/p>\n<p style=\"text-align: center;\">constancia de eternidad.<\/p>\n<p style=\"text-align: center;\">Heces del fuego, las brasas est\u00e1n quemadas<\/p>\n<p style=\"text-align: center;\">de tanta polvorienta permanencia.<\/p>\n<p style=\"text-align: center;\">Las llamas no quedan impunes,<\/p>\n<p style=\"text-align: center;\">con el legado de las cenizas,<\/p>\n<p style=\"text-align: center;\">el testimonio de las ruinas.<\/p>\n<p style=\"text-align: center;\">Desconocemos el pulso,<\/p>\n<p style=\"text-align: center;\">la intensidad del saludo,<\/p>\n<p style=\"text-align: center;\">las arrugas,<\/p>\n<p style=\"text-align: center;\">los pliegues,<\/p>\n<p style=\"text-align: center;\">el sudor,<\/p>\n<p style=\"text-align: center;\">las llagas<\/p>\n<p style=\"text-align: center;\">y la artritis<\/p>\n<p style=\"text-align: center;\">de la mano que un d\u00eda nos barrer\u00e1.<\/p>","protected":false},"excerpt":{"rendered":"<p>Polvo Las coronas caprichosas del polvo en el reino de la dejadez que de vez en cuando voy destronando con la autarqu\u00eda provisional de la higiene, hasta que el polvo propine el \u00faltimo golpe de estado y nos restituya, deslucidos y desl\u00facidos, al imperio del \u00e1caro, la dictadura de la [&hellip;]<\/p>\n","protected":false},"author":40,"featured_media":0,"comment_status":"open","ping_status":"open","sticky":false,"template":"","format":"standard","meta":{"footnotes":""},"categories":[75],"tags":[],"class_list":["post-1381","post","type-post","status-publish","format-standard","hentry","category-letras-y-cuentos"],"yoast_head":"<!-- This site is optimized with the Yoast SEO plugin v27.5 - https:\/\/yoast.com\/product\/yoast-seo-wordpress\/ -->\n<title>Polvo - Revista Rambla<\/title>\n<meta name=\"robots\" content=\"index, follow, max-snippet:-1, max-image-preview:large, max-video-preview:-1\" \/>\n<link rel=\"canonical\" href=\"https:\/\/www.revistarambla.com\/en\/polvo\/\" \/>\n<meta property=\"og:locale\" content=\"en_GB\" \/>\n<meta property=\"og:type\" content=\"article\" \/>\n<meta property=\"og:title\" content=\"Polvo - Revista Rambla\" \/>\n<meta property=\"og:description\" content=\"Polvo Las coronas caprichosas del polvo en el reino de la dejadez que de vez en cuando voy destronando con la autarqu\u00eda provisional de la higiene, hasta que el polvo propine el \u00faltimo golpe de estado y nos restituya, deslucidos y desl\u00facidos, al imperio del \u00e1caro, la dictadura de la [&hellip;]\" \/>\n<meta property=\"og:url\" content=\"https:\/\/www.revistarambla.com\/en\/polvo\/\" \/>\n<meta property=\"og:site_name\" content=\"Revista Rambla\" \/>\n<meta property=\"article:publisher\" content=\"https:\/\/www.facebook.com\/revistarambla\/\" \/>\n<meta property=\"article:author\" content=\"https:\/\/www.facebook.com\/carles.batalla.7\" \/>\n<meta property=\"article:published_time\" content=\"2012-02-18T07:08:40+00:00\" \/>\n<meta property=\"article:modified_time\" content=\"2023-12-29T12:44:12+00:00\" \/>\n<meta property=\"og:image\" content=\"https:\/\/www.revistarambla.com\/wp-content\/uploads\/2012\/02\/poema.jpg\" \/>\n<meta name=\"author\" content=\"Carles Batalla\" \/>\n<meta name=\"twitter:card\" content=\"summary_large_image\" \/>\n<meta name=\"twitter:creator\" content=\"@batallacarles\" \/>\n<meta name=\"twitter:site\" content=\"@revistarambla\" \/>\n<meta name=\"twitter:label1\" content=\"Written by\" \/>\n\t<meta name=\"twitter:data1\" content=\"Carles Batalla\" \/>\n\t<meta name=\"twitter:label2\" content=\"Estimated reading time\" \/>\n\t<meta name=\"twitter:data2\" content=\"1 minute\" \/>\n<script type=\"application\/ld+json\" class=\"yoast-schema-graph\">{\"@context\":\"https:\\\/\\\/schema.org\",\"@graph\":[{\"@type\":\"Article\",\"@id\":\"https:\\\/\\\/www.revistarambla.com\\\/polvo\\\/#article\",\"isPartOf\":{\"@id\":\"https:\\\/\\\/www.revistarambla.com\\\/polvo\\\/\"},\"author\":{\"name\":\"Carles Batalla\",\"@id\":\"https:\\\/\\\/www.revistarambla.com\\\/#\\\/schema\\\/person\\\/6929729dc40824a1c398a961398e6d97\"},\"headline\":\"Polvo\",\"datePublished\":\"2012-02-18T07:08:40+00:00\",\"dateModified\":\"2023-12-29T12:44:12+00:00\",\"mainEntityOfPage\":{\"@id\":\"https:\\\/\\\/www.revistarambla.com\\\/polvo\\\/\"},\"wordCount\":170,\"commentCount\":0,\"publisher\":{\"@id\":\"https:\\\/\\\/www.revistarambla.com\\\/#organization\"},\"image\":{\"@id\":\"https:\\\/\\\/www.revistarambla.com\\\/polvo\\\/#primaryimage\"},\"thumbnailUrl\":\"https:\\\/\\\/www.revistarambla.com\\\/wp-content\\\/uploads\\\/2012\\\/02\\\/poema.jpg\",\"articleSection\":[\"Letras y Cuentos\"],\"inLanguage\":\"en-GB\",\"potentialAction\":[{\"@type\":\"CommentAction\",\"name\":\"Comment\",\"target\":[\"https:\\\/\\\/www.revistarambla.com\\\/polvo\\\/#respond\"]}]},{\"@type\":\"WebPage\",\"@id\":\"https:\\\/\\\/www.revistarambla.com\\\/polvo\\\/\",\"url\":\"https:\\\/\\\/www.revistarambla.com\\\/polvo\\\/\",\"name\":\"Polvo - Revista Rambla\",\"isPartOf\":{\"@id\":\"https:\\\/\\\/www.revistarambla.com\\\/#website\"},\"primaryImageOfPage\":{\"@id\":\"https:\\\/\\\/www.revistarambla.com\\\/polvo\\\/#primaryimage\"},\"image\":{\"@id\":\"https:\\\/\\\/www.revistarambla.com\\\/polvo\\\/#primaryimage\"},\"thumbnailUrl\":\"https:\\\/\\\/www.revistarambla.com\\\/wp-content\\\/uploads\\\/2012\\\/02\\\/poema.jpg\",\"datePublished\":\"2012-02-18T07:08:40+00:00\",\"dateModified\":\"2023-12-29T12:44:12+00:00\",\"breadcrumb\":{\"@id\":\"https:\\\/\\\/www.revistarambla.com\\\/polvo\\\/#breadcrumb\"},\"inLanguage\":\"en-GB\",\"potentialAction\":[{\"@type\":\"ReadAction\",\"target\":[\"https:\\\/\\\/www.revistarambla.com\\\/polvo\\\/\"]}]},{\"@type\":\"ImageObject\",\"inLanguage\":\"en-GB\",\"@id\":\"https:\\\/\\\/www.revistarambla.com\\\/polvo\\\/#primaryimage\",\"url\":\"https:\\\/\\\/www.revistarambla.com\\\/wp-content\\\/uploads\\\/2012\\\/02\\\/poema.jpg\",\"contentUrl\":\"https:\\\/\\\/www.revistarambla.com\\\/wp-content\\\/uploads\\\/2012\\\/02\\\/poema.jpg\"},{\"@type\":\"BreadcrumbList\",\"@id\":\"https:\\\/\\\/www.revistarambla.com\\\/polvo\\\/#breadcrumb\",\"itemListElement\":[{\"@type\":\"ListItem\",\"position\":1,\"name\":\"Portada\",\"item\":\"https:\\\/\\\/www.revistarambla.com\\\/\"},{\"@type\":\"ListItem\",\"position\":2,\"name\":\"Polvo\"}]},{\"@type\":\"WebSite\",\"@id\":\"https:\\\/\\\/www.revistarambla.com\\\/#website\",\"url\":\"https:\\\/\\\/www.revistarambla.com\\\/\",\"name\":\"Revista Rambla Barcelona\",\"description\":\"Periodismo independiente\",\"publisher\":{\"@id\":\"https:\\\/\\\/www.revistarambla.com\\\/#organization\"},\"potentialAction\":[{\"@type\":\"SearchAction\",\"target\":{\"@type\":\"EntryPoint\",\"urlTemplate\":\"https:\\\/\\\/www.revistarambla.com\\\/?s={search_term_string}\"},\"query-input\":{\"@type\":\"PropertyValueSpecification\",\"valueRequired\":true,\"valueName\":\"search_term_string\"}}],\"inLanguage\":\"en-GB\"},{\"@type\":\"Organization\",\"@id\":\"https:\\\/\\\/www.revistarambla.com\\\/#organization\",\"name\":\"Revista Rambla\",\"url\":\"https:\\\/\\\/www.revistarambla.com\\\/\",\"logo\":{\"@type\":\"ImageObject\",\"inLanguage\":\"en-GB\",\"@id\":\"https:\\\/\\\/www.revistarambla.com\\\/#\\\/schema\\\/logo\\\/image\\\/\",\"url\":\"https:\\\/\\\/www.revistarambla.com\\\/wp-content\\\/uploads\\\/2020\\\/09\\\/banner_rambla_1900x600_BB.png\",\"contentUrl\":\"https:\\\/\\\/www.revistarambla.com\\\/wp-content\\\/uploads\\\/2020\\\/09\\\/banner_rambla_1900x600_BB.png\",\"width\":1900,\"height\":600,\"caption\":\"Revista Rambla\"},\"image\":{\"@id\":\"https:\\\/\\\/www.revistarambla.com\\\/#\\\/schema\\\/logo\\\/image\\\/\"},\"sameAs\":[\"https:\\\/\\\/www.facebook.com\\\/revistarambla\\\/\",\"https:\\\/\\\/x.com\\\/revistarambla\",\"https:\\\/\\\/www.instagram.com\\\/revista_rambla\",\"https:\\\/\\\/es.linkedin.com\\\/company\\\/revista-rambla\"]},{\"@type\":\"Person\",\"@id\":\"https:\\\/\\\/www.revistarambla.com\\\/#\\\/schema\\\/person\\\/6929729dc40824a1c398a961398e6d97\",\"name\":\"Carles Batalla\",\"description\":\"Periodista y poeta.\",\"sameAs\":[\"https:\\\/\\\/www.facebook.com\\\/carles.batalla.7\",\"https:\\\/\\\/x.com\\\/batallacarles\"]}]}<\/script>\n<!-- \/ Yoast SEO plugin. -->","yoast_head_json":{"title":"Polvo - Revista Rambla","robots":{"index":"index","follow":"follow","max-snippet":"max-snippet:-1","max-image-preview":"max-image-preview:large","max-video-preview":"max-video-preview:-1"},"canonical":"https:\/\/www.revistarambla.com\/en\/polvo\/","og_locale":"en_GB","og_type":"article","og_title":"Polvo - Revista Rambla","og_description":"Polvo Las coronas caprichosas del polvo en el reino de la dejadez que de vez en cuando voy destronando con la autarqu\u00eda provisional de la higiene, hasta que el polvo propine el \u00faltimo golpe de estado y nos restituya, deslucidos y desl\u00facidos, al imperio del \u00e1caro, la dictadura de la [&hellip;]","og_url":"https:\/\/www.revistarambla.com\/en\/polvo\/","og_site_name":"Revista Rambla","article_publisher":"https:\/\/www.facebook.com\/revistarambla\/","article_author":"https:\/\/www.facebook.com\/carles.batalla.7","article_published_time":"2012-02-18T07:08:40+00:00","article_modified_time":"2023-12-29T12:44:12+00:00","og_image":[{"url":"https:\/\/www.revistarambla.com\/wp-content\/uploads\/2012\/02\/poema.jpg","type":"","width":"","height":""}],"author":"Carles Batalla","twitter_card":"summary_large_image","twitter_creator":"@batallacarles","twitter_site":"@revistarambla","twitter_misc":{"Written by":"Carles Batalla","Estimated reading time":"1 minute"},"schema":{"@context":"https:\/\/schema.org","@graph":[{"@type":"Article","@id":"https:\/\/www.revistarambla.com\/polvo\/#article","isPartOf":{"@id":"https:\/\/www.revistarambla.com\/polvo\/"},"author":{"name":"Carles Batalla","@id":"https:\/\/www.revistarambla.com\/#\/schema\/person\/6929729dc40824a1c398a961398e6d97"},"headline":"Polvo","datePublished":"2012-02-18T07:08:40+00:00","dateModified":"2023-12-29T12:44:12+00:00","mainEntityOfPage":{"@id":"https:\/\/www.revistarambla.com\/polvo\/"},"wordCount":170,"commentCount":0,"publisher":{"@id":"https:\/\/www.revistarambla.com\/#organization"},"image":{"@id":"https:\/\/www.revistarambla.com\/polvo\/#primaryimage"},"thumbnailUrl":"https:\/\/www.revistarambla.com\/wp-content\/uploads\/2012\/02\/poema.jpg","articleSection":["Letras y Cuentos"],"inLanguage":"en-GB","potentialAction":[{"@type":"CommentAction","name":"Comment","target":["https:\/\/www.revistarambla.com\/polvo\/#respond"]}]},{"@type":"WebPage","@id":"https:\/\/www.revistarambla.com\/polvo\/","url":"https:\/\/www.revistarambla.com\/polvo\/","name":"Polvo - Revista Rambla","isPartOf":{"@id":"https:\/\/www.revistarambla.com\/#website"},"primaryImageOfPage":{"@id":"https:\/\/www.revistarambla.com\/polvo\/#primaryimage"},"image":{"@id":"https:\/\/www.revistarambla.com\/polvo\/#primaryimage"},"thumbnailUrl":"https:\/\/www.revistarambla.com\/wp-content\/uploads\/2012\/02\/poema.jpg","datePublished":"2012-02-18T07:08:40+00:00","dateModified":"2023-12-29T12:44:12+00:00","breadcrumb":{"@id":"https:\/\/www.revistarambla.com\/polvo\/#breadcrumb"},"inLanguage":"en-GB","potentialAction":[{"@type":"ReadAction","target":["https:\/\/www.revistarambla.com\/polvo\/"]}]},{"@type":"ImageObject","inLanguage":"en-GB","@id":"https:\/\/www.revistarambla.com\/polvo\/#primaryimage","url":"https:\/\/www.revistarambla.com\/wp-content\/uploads\/2012\/02\/poema.jpg","contentUrl":"https:\/\/www.revistarambla.com\/wp-content\/uploads\/2012\/02\/poema.jpg"},{"@type":"BreadcrumbList","@id":"https:\/\/www.revistarambla.com\/polvo\/#breadcrumb","itemListElement":[{"@type":"ListItem","position":1,"name":"Portada","item":"https:\/\/www.revistarambla.com\/"},{"@type":"ListItem","position":2,"name":"Polvo"}]},{"@type":"WebSite","@id":"https:\/\/www.revistarambla.com\/#website","url":"https:\/\/www.revistarambla.com\/","name":"Revista Rambla Barcelona","description":"Periodismo independiente","publisher":{"@id":"https:\/\/www.revistarambla.com\/#organization"},"potentialAction":[{"@type":"SearchAction","target":{"@type":"EntryPoint","urlTemplate":"https:\/\/www.revistarambla.com\/?s={search_term_string}"},"query-input":{"@type":"PropertyValueSpecification","valueRequired":true,"valueName":"search_term_string"}}],"inLanguage":"en-GB"},{"@type":"Organization","@id":"https:\/\/www.revistarambla.com\/#organization","name":"Revista Rambla","url":"https:\/\/www.revistarambla.com\/","logo":{"@type":"ImageObject","inLanguage":"en-GB","@id":"https:\/\/www.revistarambla.com\/#\/schema\/logo\/image\/","url":"https:\/\/www.revistarambla.com\/wp-content\/uploads\/2020\/09\/banner_rambla_1900x600_BB.png","contentUrl":"https:\/\/www.revistarambla.com\/wp-content\/uploads\/2020\/09\/banner_rambla_1900x600_BB.png","width":1900,"height":600,"caption":"Revista Rambla"},"image":{"@id":"https:\/\/www.revistarambla.com\/#\/schema\/logo\/image\/"},"sameAs":["https:\/\/www.facebook.com\/revistarambla\/","https:\/\/x.com\/revistarambla","https:\/\/www.instagram.com\/revista_rambla","https:\/\/es.linkedin.com\/company\/revista-rambla"]},{"@type":"Person","@id":"https:\/\/www.revistarambla.com\/#\/schema\/person\/6929729dc40824a1c398a961398e6d97","name":"Carles Batalla","description":"Periodista y poeta.","sameAs":["https:\/\/www.facebook.com\/carles.batalla.7","https:\/\/x.com\/batallacarles"]}]}},"_links":{"self":[{"href":"https:\/\/www.revistarambla.com\/en\/wp-json\/wp\/v2\/posts\/1381","targetHints":{"allow":["GET"]}}],"collection":[{"href":"https:\/\/www.revistarambla.com\/en\/wp-json\/wp\/v2\/posts"}],"about":[{"href":"https:\/\/www.revistarambla.com\/en\/wp-json\/wp\/v2\/types\/post"}],"author":[{"embeddable":true,"href":"https:\/\/www.revistarambla.com\/en\/wp-json\/wp\/v2\/users\/40"}],"replies":[{"embeddable":true,"href":"https:\/\/www.revistarambla.com\/en\/wp-json\/wp\/v2\/comments?post=1381"}],"version-history":[{"count":1,"href":"https:\/\/www.revistarambla.com\/en\/wp-json\/wp\/v2\/posts\/1381\/revisions"}],"predecessor-version":[{"id":57792,"href":"https:\/\/www.revistarambla.com\/en\/wp-json\/wp\/v2\/posts\/1381\/revisions\/57792"}],"wp:attachment":[{"href":"https:\/\/www.revistarambla.com\/en\/wp-json\/wp\/v2\/media?parent=1381"}],"wp:term":[{"taxonomy":"category","embeddable":true,"href":"https:\/\/www.revistarambla.com\/en\/wp-json\/wp\/v2\/categories?post=1381"},{"taxonomy":"post_tag","embeddable":true,"href":"https:\/\/www.revistarambla.com\/en\/wp-json\/wp\/v2\/tags?post=1381"}],"curies":[{"name":"wp","href":"https:\/\/api.w.org\/{rel}","templated":true}]}}