{"id":1377,"date":"2012-02-16T14:45:48","date_gmt":"2012-02-16T14:45:48","guid":{"rendered":"https:\/\/www.revistarambla.com\/la-contrarreforma-laboral-kema\/"},"modified":"2021-05-16T13:20:30","modified_gmt":"2021-05-16T11:20:30","slug":"la-contrarreforma-laboral-kema","status":"publish","type":"post","link":"https:\/\/www.revistarambla.com\/en\/la-contrarreforma-laboral-kema\/","title":{"rendered":"La contra-reforma laboral"},"content":{"rendered":"<p><img decoding=\"async\" class=\"alignright\" src=\"https:\/\/www.revistarambla.com\/wp-content\/uploads\/2012\/02\/work-glass-city-urban-wall-vehicle-1166347-pxhere.com_-300x200.jpg\" alt=\"\" width=\"339\" height=\"226\" \/>Todo el mundo lo sab\u00eda, la funci\u00f3n del PP en el gobierno no era generar empleo o defender los intereses de la mayor\u00eda de la poblaci\u00f3n, sino garantizar el pago de la deuda p\u00fablica y someter la soberan\u00eda del Estado espa\u00f1ol a los dictados de la Uni\u00f3n Europea y de los mercados financieros (ellos, \u00a1tan espa\u00f1oles!). Y as\u00ed ha sido.<\/p>\n<p>El Real Decreto-ley 3\/2012, de 10 de febrero, de medidas urgentes para la reforma del mercado laboral, implica una serie de cambios en la legislaci\u00f3n laboral de enorme relevancia:<\/p>\n<p>1. Se reduce la indemnizaci\u00f3n por despido improcedente de 45 d\u00edas \/ a\u00f1o, con un l\u00edmite de 42 mensualidades, a 33 d\u00edas con un l\u00edmite de 24 mensualidades.<br \/>\n2. Se crea un nuevo contrato indefinido con un periodo de prueba de 1 a\u00f1o.<br \/>\n3. Se facilita al empresario la posibilidad de modificar unilateralmente jornada, salario, horario y distribuci\u00f3n del tiempo de trabajo, trabajo a turnos, entre altas condiciones.<br \/>\n4. Se elimina la autorizaci\u00f3n administrativa a los despidos colectivos, lo que abrir\u00e1 la puerta a expedientes injustificados. Supone en la pr\u00e1ctica la generalizaci\u00f3n de las indemnizaciones de 20 d\u00edas.<br \/>\n5. Se prioriza el convenio de empresa frente al sectorial en las materias determinantes de la relaci\u00f3n laboral (lo que significa que el convenio de empresa podr\u00e1 regular condiciones inferiores al del sector).<br \/>\n6. Se podr\u00e1 despedir por faltar 9 d\u00edas justificadamente (por enfermedad o accidente no laboral) en un periodo de 2 meses.<\/p>\n<p>Y eso es s\u00f3lo un resumen. La mayor\u00eda absoluta del gobierno Rajoy garantiza que no habr\u00e1 cambios sustanciales en el texto de esta reforma que, adem\u00e1s, contar\u00e1 con el apoyo de CiU, que ya ha avanzado, en palabras de Duran i Lleida, que \u00abla reforma laboral que plantea el gobierno est\u00e1 bien orientada \u00ab. As\u00ed que, de nuevo, el Congreso de los Diputados vuelve a demostrar que no es otra cosa que un altavoz de los intereses del capital y la patronal (CEOE y CEPYME \u00abvaloran positivamente la Reforma Laboral aprobada en el Consejo de Ministros.\u00bb). En consecuencia, no nos queda nada m\u00e1s, a la mayor\u00eda de la poblaci\u00f3n que vamos a sufrir los efectos de estas medidas y de las que vendr\u00e1n, que organizar la resistencia.<\/p>\n<p>Pero hay que decirlo, Rajoy ya sab\u00eda que esta reforma le costar\u00eda una huelga general y est\u00e1 dispuesto a asumirla. As\u00ed que, ser\u00eda necesaria una movilizaci\u00f3n sostenida en el tiempo capaz de poner contra las cuerdas al gobierno y al propio entramado econ\u00f3mico-institucional y tumbar esta contrarreforma para ir m\u00e1s all\u00e1, hacia un cambio de modelo. Porque querer defender las concesiones del estado del bienestar dentro del campo de juego marcado por el parlamentarismo y el capitalismo se revela como una utop\u00eda (pocas cosas hay tan pat\u00e9ticas y, al mismo tiempo, tan heroicas y envidiables como las im\u00e1genes del pueblo griego tratando de asaltar el Parlamento. Edificio donde hace ya tiempo -y quiz\u00e1s nunca- no reside la soberan\u00eda nacional)<\/p>\n<p>Pero, \u00bfcon qu\u00e9 mimbres se puede construir esa resistencia y esa movilizaci\u00f3n sostenida? La realidad es que las organizaciones sindicales mayoritarias y el gran partido socialdem\u00f3crata est\u00e1n absolutamente desacreditados. Las primeras han sido desautorizadas y p\u00fablicamente despreciadas por el gobierno que ha legislado pasando por encima del acuerdo sindicatos-patronal firmado el 25 de enero. Y eso implica negar el estatus de agentes sociales a los sindicatos y, al mismo tiempo, cuestionar el \u00faltimo papel que estos se hab\u00edan arrogado ante la clase trabajadora para justificar su necesidad hist\u00f3rica: la de negociar las p\u00e9rdidas de derechos para hacerlas m\u00e1s suaves. El mensaje que ha lanzado el gobierno es claro: si los sindicatos, que han abandonado toda expectativa de defender el estado del bienestar y los derechos de los trabajadores y trabajadoras organizando e incendiando el conflicto social en la calle a cambio de una estrategia de negociaci\u00f3n y paz social, ya ni siquiera juegan ese papel, \u00bfpara qu\u00e9 sirven? Los mismos sindicatos, atrapados en una din\u00e1mica de acomodaci\u00f3n dentro de las estructuras del estado, no tienen nada clara la respuesta y por eso asistimos al espect\u00e1culo de ver dos viejos l\u00edderes sindicales dudando respecto a la convocatoria de una huelga general que es la acci\u00f3n m\u00ednima que se les reclama. Pero, \u00bfc\u00f3mo movilizar ahora a una clase trabajadora acostumbrada a ver fotos de los dirigentes sindicales d\u00e1ndose la mano con la patronal?, \u00bfc\u00f3mo lanzar a la lucha a unos trabajadores y trabajadoras que tantas veces han visto como desde las estructuras sindicales se frenaban convocatorias de huelgas en empresas mientras se firmaban desde arriba acuerdos vergonzosos? Tienen miedo. Y no es extra\u00f1o, porque el gobierno espera con ansia una convocatoria de huelga general que sea un fracaso para poder hundir definitivamente a los sindicatos (y no nos enga\u00f1emos, los sindicatos minoritarios no tienen suficiente estructura y madurez para ocupar el espacio de las dos grandes centrales sindicales que tienen encuadradas a la gran mayor\u00eda de los trabajadores afiliados).<\/p>\n<p>Y respecto al PSOE, poco que decir. Su gesti\u00f3n de la crisis, que abri\u00f3 el camino a las medidas que est\u00e1 adoptando estos d\u00edas el gobierno del PP, y su ligaz\u00f3n simbi\u00f3tica al capital, desde el Congreso de Suresnes como m\u00ednimo, lo sit\u00faan objetivamente como uno de los obst\u00e1culos a sobrepasar y no como una soluci\u00f3n. Desgraciadamente, la necesidad que tiene el sistema de disponer de un partido \u00abde izquierdas\u00bb con posibilidades de servir de recambio en el gobierno a la derecha ha hecho que buena parte de la clase trabajadora a\u00fan considere sentimentalmente al PSOE como un partido de clase, cuando la historia reciente nos ense\u00f1a que no es este su papel, sino el de hacer m\u00e1s pac\u00edfica la dictadura del capital mediante una apariencia de democracia formal.<\/p>\n<p>Respecto a los movimientos sociales, sean viejos o nuevos, a\u00fan est\u00e1n lejos de poder convocar movilizaciones sostenidas con objetivos pol\u00edticos definidos y que puedan arrastrar a la mayor\u00eda de la poblaci\u00f3n.<\/p>\n<p>Y, \u00bfentonces qu\u00e9? Las viejas f\u00f3rmulas repetidas como mantras a falta de nada mejor: proceso de acumulaci\u00f3n de fuerzas, desenmascarar las f\u00f3rmulas reformistas caducadas, recuperar la radicalidad de la teor\u00eda y la acci\u00f3n, cuestionar el papel central de las instituciones en las estrategias de oposici\u00f3n&#8230; Por supuesto que s\u00ed, pero mientras tanto, nos siguen cayendo encima contrarreformas que har\u00e1n m\u00e1s dif\u00edcil la construcci\u00f3n de una alternativa sist\u00e9mica radical.<\/p>","protected":false},"excerpt":{"rendered":"<p>Todo el mundo lo sab\u00eda, la funci\u00f3n del PP en el gobierno no era generar empleo o defender los intereses de la mayor\u00eda de la poblaci\u00f3n, sino garantizar el pago de la deuda p\u00fablica y someter la soberan\u00eda del Estado espa\u00f1ol a los dictados de la Uni\u00f3n Europea y de [&hellip;]<\/p>\n","protected":false},"author":1,"featured_media":32002,"comment_status":"open","ping_status":"open","sticky":false,"template":"","format":"standard","meta":{"footnotes":""},"categories":[72],"tags":[],"class_list":["post-1377","post","type-post","status-publish","format-standard","has-post-thumbnail","hentry","category-opinion"],"yoast_head":"<!-- This site is optimized with the Yoast SEO plugin v27.5 - https:\/\/yoast.com\/product\/yoast-seo-wordpress\/ -->\n<title>La contra-reforma laboral - Revista Rambla<\/title>\n<meta name=\"robots\" content=\"index, follow, max-snippet:-1, max-image-preview:large, max-video-preview:-1\" \/>\n<link rel=\"canonical\" href=\"https:\/\/www.revistarambla.com\/en\/la-contrarreforma-laboral-kema\/\" \/>\n<meta property=\"og:locale\" content=\"en_GB\" \/>\n<meta property=\"og:type\" content=\"article\" \/>\n<meta property=\"og:title\" content=\"La contra-reforma laboral - Revista Rambla\" \/>\n<meta property=\"og:description\" content=\"Todo el mundo lo sab\u00eda, la funci\u00f3n del PP en el gobierno no era generar empleo o defender los intereses de la mayor\u00eda de la poblaci\u00f3n, sino garantizar el pago de la deuda p\u00fablica y someter la soberan\u00eda del Estado espa\u00f1ol a los dictados de la Uni\u00f3n Europea y de [&hellip;]\" \/>\n<meta property=\"og:url\" content=\"https:\/\/www.revistarambla.com\/en\/la-contrarreforma-laboral-kema\/\" \/>\n<meta property=\"og:site_name\" content=\"Revista Rambla\" \/>\n<meta property=\"article:publisher\" content=\"https:\/\/www.facebook.com\/revistarambla\/\" \/>\n<meta property=\"article:published_time\" content=\"2012-02-16T14:45:48+00:00\" \/>\n<meta property=\"article:modified_time\" content=\"2021-05-16T11:20:30+00:00\" \/>\n<meta property=\"og:image\" content=\"https:\/\/i2.wp.com\/www.revistarambla.com\/wp-content\/uploads\/2012\/02\/work-glass-city-urban-wall-vehicle-1166347-pxhere.com_.jpg?fit=1024%2C683&ssl=1\" \/>\n\t<meta property=\"og:image:width\" content=\"1024\" \/>\n\t<meta property=\"og:image:height\" content=\"683\" \/>\n\t<meta property=\"og:image:type\" content=\"image\/jpeg\" \/>\n<meta name=\"author\" content=\"Ivan M.G.\" \/>\n<meta name=\"twitter:card\" content=\"summary_large_image\" \/>\n<meta name=\"twitter:creator\" content=\"@revistarambla\" \/>\n<meta name=\"twitter:site\" content=\"@revistarambla\" \/>\n<meta name=\"twitter:label1\" content=\"Written by\" \/>\n\t<meta name=\"twitter:data1\" content=\"Ivan M.G.\" \/>\n\t<meta name=\"twitter:label2\" content=\"Estimated reading time\" \/>\n\t<meta name=\"twitter:data2\" content=\"5 minutes\" \/>\n<script type=\"application\/ld+json\" class=\"yoast-schema-graph\">{\"@context\":\"https:\\\/\\\/schema.org\",\"@graph\":[{\"@type\":\"Article\",\"@id\":\"https:\\\/\\\/www.revistarambla.com\\\/la-contrarreforma-laboral-kema\\\/#article\",\"isPartOf\":{\"@id\":\"https:\\\/\\\/www.revistarambla.com\\\/la-contrarreforma-laboral-kema\\\/\"},\"author\":{\"name\":\"Ivan M.G.\",\"@id\":\"https:\\\/\\\/www.revistarambla.com\\\/#\\\/schema\\\/person\\\/4a5652fc8c82df1f8593002d038cd79e\"},\"headline\":\"La contra-reforma laboral\",\"datePublished\":\"2012-02-16T14:45:48+00:00\",\"dateModified\":\"2021-05-16T11:20:30+00:00\",\"mainEntityOfPage\":{\"@id\":\"https:\\\/\\\/www.revistarambla.com\\\/la-contrarreforma-laboral-kema\\\/\"},\"wordCount\":1117,\"commentCount\":0,\"publisher\":{\"@id\":\"https:\\\/\\\/www.revistarambla.com\\\/#organization\"},\"image\":{\"@id\":\"https:\\\/\\\/www.revistarambla.com\\\/la-contrarreforma-laboral-kema\\\/#primaryimage\"},\"thumbnailUrl\":\"https:\\\/\\\/www.revistarambla.com\\\/wp-content\\\/uploads\\\/2012\\\/02\\\/work-glass-city-urban-wall-vehicle-1166347-pxhere.com_.jpg\",\"articleSection\":[\"Opiniones\"],\"inLanguage\":\"en-GB\",\"potentialAction\":[{\"@type\":\"CommentAction\",\"name\":\"Comment\",\"target\":[\"https:\\\/\\\/www.revistarambla.com\\\/la-contrarreforma-laboral-kema\\\/#respond\"]}]},{\"@type\":\"WebPage\",\"@id\":\"https:\\\/\\\/www.revistarambla.com\\\/la-contrarreforma-laboral-kema\\\/\",\"url\":\"https:\\\/\\\/www.revistarambla.com\\\/la-contrarreforma-laboral-kema\\\/\",\"name\":\"La contra-reforma laboral - Revista Rambla\",\"isPartOf\":{\"@id\":\"https:\\\/\\\/www.revistarambla.com\\\/#website\"},\"primaryImageOfPage\":{\"@id\":\"https:\\\/\\\/www.revistarambla.com\\\/la-contrarreforma-laboral-kema\\\/#primaryimage\"},\"image\":{\"@id\":\"https:\\\/\\\/www.revistarambla.com\\\/la-contrarreforma-laboral-kema\\\/#primaryimage\"},\"thumbnailUrl\":\"https:\\\/\\\/www.revistarambla.com\\\/wp-content\\\/uploads\\\/2012\\\/02\\\/work-glass-city-urban-wall-vehicle-1166347-pxhere.com_.jpg\",\"datePublished\":\"2012-02-16T14:45:48+00:00\",\"dateModified\":\"2021-05-16T11:20:30+00:00\",\"breadcrumb\":{\"@id\":\"https:\\\/\\\/www.revistarambla.com\\\/la-contrarreforma-laboral-kema\\\/#breadcrumb\"},\"inLanguage\":\"en-GB\",\"potentialAction\":[{\"@type\":\"ReadAction\",\"target\":[\"https:\\\/\\\/www.revistarambla.com\\\/la-contrarreforma-laboral-kema\\\/\"]}]},{\"@type\":\"ImageObject\",\"inLanguage\":\"en-GB\",\"@id\":\"https:\\\/\\\/www.revistarambla.com\\\/la-contrarreforma-laboral-kema\\\/#primaryimage\",\"url\":\"https:\\\/\\\/www.revistarambla.com\\\/wp-content\\\/uploads\\\/2012\\\/02\\\/work-glass-city-urban-wall-vehicle-1166347-pxhere.com_.jpg\",\"contentUrl\":\"https:\\\/\\\/www.revistarambla.com\\\/wp-content\\\/uploads\\\/2012\\\/02\\\/work-glass-city-urban-wall-vehicle-1166347-pxhere.com_.jpg\",\"width\":1024,\"height\":683},{\"@type\":\"BreadcrumbList\",\"@id\":\"https:\\\/\\\/www.revistarambla.com\\\/la-contrarreforma-laboral-kema\\\/#breadcrumb\",\"itemListElement\":[{\"@type\":\"ListItem\",\"position\":1,\"name\":\"Portada\",\"item\":\"https:\\\/\\\/www.revistarambla.com\\\/\"},{\"@type\":\"ListItem\",\"position\":2,\"name\":\"La contra-reforma laboral\"}]},{\"@type\":\"WebSite\",\"@id\":\"https:\\\/\\\/www.revistarambla.com\\\/#website\",\"url\":\"https:\\\/\\\/www.revistarambla.com\\\/\",\"name\":\"Revista Rambla Barcelona\",\"description\":\"Periodismo independiente\",\"publisher\":{\"@id\":\"https:\\\/\\\/www.revistarambla.com\\\/#organization\"},\"potentialAction\":[{\"@type\":\"SearchAction\",\"target\":{\"@type\":\"EntryPoint\",\"urlTemplate\":\"https:\\\/\\\/www.revistarambla.com\\\/?s={search_term_string}\"},\"query-input\":{\"@type\":\"PropertyValueSpecification\",\"valueRequired\":true,\"valueName\":\"search_term_string\"}}],\"inLanguage\":\"en-GB\"},{\"@type\":\"Organization\",\"@id\":\"https:\\\/\\\/www.revistarambla.com\\\/#organization\",\"name\":\"Revista Rambla\",\"url\":\"https:\\\/\\\/www.revistarambla.com\\\/\",\"logo\":{\"@type\":\"ImageObject\",\"inLanguage\":\"en-GB\",\"@id\":\"https:\\\/\\\/www.revistarambla.com\\\/#\\\/schema\\\/logo\\\/image\\\/\",\"url\":\"https:\\\/\\\/www.revistarambla.com\\\/wp-content\\\/uploads\\\/2020\\\/09\\\/banner_rambla_1900x600_BB.png\",\"contentUrl\":\"https:\\\/\\\/www.revistarambla.com\\\/wp-content\\\/uploads\\\/2020\\\/09\\\/banner_rambla_1900x600_BB.png\",\"width\":1900,\"height\":600,\"caption\":\"Revista Rambla\"},\"image\":{\"@id\":\"https:\\\/\\\/www.revistarambla.com\\\/#\\\/schema\\\/logo\\\/image\\\/\"},\"sameAs\":[\"https:\\\/\\\/www.facebook.com\\\/revistarambla\\\/\",\"https:\\\/\\\/x.com\\\/revistarambla\",\"https:\\\/\\\/www.instagram.com\\\/revista_rambla\",\"https:\\\/\\\/es.linkedin.com\\\/company\\\/revista-rambla\"]},{\"@type\":\"Person\",\"@id\":\"https:\\\/\\\/www.revistarambla.com\\\/#\\\/schema\\\/person\\\/4a5652fc8c82df1f8593002d038cd79e\",\"name\":\"Ivan M.G.\"}]}<\/script>\n<!-- \/ Yoast SEO plugin. -->","yoast_head_json":{"title":"La contra-reforma laboral - Revista Rambla","robots":{"index":"index","follow":"follow","max-snippet":"max-snippet:-1","max-image-preview":"max-image-preview:large","max-video-preview":"max-video-preview:-1"},"canonical":"https:\/\/www.revistarambla.com\/en\/la-contrarreforma-laboral-kema\/","og_locale":"en_GB","og_type":"article","og_title":"La contra-reforma laboral - Revista Rambla","og_description":"Todo el mundo lo sab\u00eda, la funci\u00f3n del PP en el gobierno no era generar empleo o defender los intereses de la mayor\u00eda de la poblaci\u00f3n, sino garantizar el pago de la deuda p\u00fablica y someter la soberan\u00eda del Estado espa\u00f1ol a los dictados de la Uni\u00f3n Europea y de [&hellip;]","og_url":"https:\/\/www.revistarambla.com\/en\/la-contrarreforma-laboral-kema\/","og_site_name":"Revista Rambla","article_publisher":"https:\/\/www.facebook.com\/revistarambla\/","article_published_time":"2012-02-16T14:45:48+00:00","article_modified_time":"2021-05-16T11:20:30+00:00","og_image":[{"width":1024,"height":683,"url":"https:\/\/i2.wp.com\/www.revistarambla.com\/wp-content\/uploads\/2012\/02\/work-glass-city-urban-wall-vehicle-1166347-pxhere.com_.jpg?fit=1024%2C683&ssl=1","type":"image\/jpeg"}],"author":"Ivan M.G.","twitter_card":"summary_large_image","twitter_creator":"@revistarambla","twitter_site":"@revistarambla","twitter_misc":{"Written by":"Ivan M.G.","Estimated reading time":"5 minutes"},"schema":{"@context":"https:\/\/schema.org","@graph":[{"@type":"Article","@id":"https:\/\/www.revistarambla.com\/la-contrarreforma-laboral-kema\/#article","isPartOf":{"@id":"https:\/\/www.revistarambla.com\/la-contrarreforma-laboral-kema\/"},"author":{"name":"Ivan M.G.","@id":"https:\/\/www.revistarambla.com\/#\/schema\/person\/4a5652fc8c82df1f8593002d038cd79e"},"headline":"La contra-reforma laboral","datePublished":"2012-02-16T14:45:48+00:00","dateModified":"2021-05-16T11:20:30+00:00","mainEntityOfPage":{"@id":"https:\/\/www.revistarambla.com\/la-contrarreforma-laboral-kema\/"},"wordCount":1117,"commentCount":0,"publisher":{"@id":"https:\/\/www.revistarambla.com\/#organization"},"image":{"@id":"https:\/\/www.revistarambla.com\/la-contrarreforma-laboral-kema\/#primaryimage"},"thumbnailUrl":"https:\/\/www.revistarambla.com\/wp-content\/uploads\/2012\/02\/work-glass-city-urban-wall-vehicle-1166347-pxhere.com_.jpg","articleSection":["Opiniones"],"inLanguage":"en-GB","potentialAction":[{"@type":"CommentAction","name":"Comment","target":["https:\/\/www.revistarambla.com\/la-contrarreforma-laboral-kema\/#respond"]}]},{"@type":"WebPage","@id":"https:\/\/www.revistarambla.com\/la-contrarreforma-laboral-kema\/","url":"https:\/\/www.revistarambla.com\/la-contrarreforma-laboral-kema\/","name":"La contra-reforma laboral - Revista Rambla","isPartOf":{"@id":"https:\/\/www.revistarambla.com\/#website"},"primaryImageOfPage":{"@id":"https:\/\/www.revistarambla.com\/la-contrarreforma-laboral-kema\/#primaryimage"},"image":{"@id":"https:\/\/www.revistarambla.com\/la-contrarreforma-laboral-kema\/#primaryimage"},"thumbnailUrl":"https:\/\/www.revistarambla.com\/wp-content\/uploads\/2012\/02\/work-glass-city-urban-wall-vehicle-1166347-pxhere.com_.jpg","datePublished":"2012-02-16T14:45:48+00:00","dateModified":"2021-05-16T11:20:30+00:00","breadcrumb":{"@id":"https:\/\/www.revistarambla.com\/la-contrarreforma-laboral-kema\/#breadcrumb"},"inLanguage":"en-GB","potentialAction":[{"@type":"ReadAction","target":["https:\/\/www.revistarambla.com\/la-contrarreforma-laboral-kema\/"]}]},{"@type":"ImageObject","inLanguage":"en-GB","@id":"https:\/\/www.revistarambla.com\/la-contrarreforma-laboral-kema\/#primaryimage","url":"https:\/\/www.revistarambla.com\/wp-content\/uploads\/2012\/02\/work-glass-city-urban-wall-vehicle-1166347-pxhere.com_.jpg","contentUrl":"https:\/\/www.revistarambla.com\/wp-content\/uploads\/2012\/02\/work-glass-city-urban-wall-vehicle-1166347-pxhere.com_.jpg","width":1024,"height":683},{"@type":"BreadcrumbList","@id":"https:\/\/www.revistarambla.com\/la-contrarreforma-laboral-kema\/#breadcrumb","itemListElement":[{"@type":"ListItem","position":1,"name":"Portada","item":"https:\/\/www.revistarambla.com\/"},{"@type":"ListItem","position":2,"name":"La contra-reforma laboral"}]},{"@type":"WebSite","@id":"https:\/\/www.revistarambla.com\/#website","url":"https:\/\/www.revistarambla.com\/","name":"Revista Rambla Barcelona","description":"Periodismo independiente","publisher":{"@id":"https:\/\/www.revistarambla.com\/#organization"},"potentialAction":[{"@type":"SearchAction","target":{"@type":"EntryPoint","urlTemplate":"https:\/\/www.revistarambla.com\/?s={search_term_string}"},"query-input":{"@type":"PropertyValueSpecification","valueRequired":true,"valueName":"search_term_string"}}],"inLanguage":"en-GB"},{"@type":"Organization","@id":"https:\/\/www.revistarambla.com\/#organization","name":"Revista Rambla","url":"https:\/\/www.revistarambla.com\/","logo":{"@type":"ImageObject","inLanguage":"en-GB","@id":"https:\/\/www.revistarambla.com\/#\/schema\/logo\/image\/","url":"https:\/\/www.revistarambla.com\/wp-content\/uploads\/2020\/09\/banner_rambla_1900x600_BB.png","contentUrl":"https:\/\/www.revistarambla.com\/wp-content\/uploads\/2020\/09\/banner_rambla_1900x600_BB.png","width":1900,"height":600,"caption":"Revista Rambla"},"image":{"@id":"https:\/\/www.revistarambla.com\/#\/schema\/logo\/image\/"},"sameAs":["https:\/\/www.facebook.com\/revistarambla\/","https:\/\/x.com\/revistarambla","https:\/\/www.instagram.com\/revista_rambla","https:\/\/es.linkedin.com\/company\/revista-rambla"]},{"@type":"Person","@id":"https:\/\/www.revistarambla.com\/#\/schema\/person\/4a5652fc8c82df1f8593002d038cd79e","name":"Ivan M.G."}]}},"_links":{"self":[{"href":"https:\/\/www.revistarambla.com\/en\/wp-json\/wp\/v2\/posts\/1377","targetHints":{"allow":["GET"]}}],"collection":[{"href":"https:\/\/www.revistarambla.com\/en\/wp-json\/wp\/v2\/posts"}],"about":[{"href":"https:\/\/www.revistarambla.com\/en\/wp-json\/wp\/v2\/types\/post"}],"author":[{"embeddable":true,"href":"https:\/\/www.revistarambla.com\/en\/wp-json\/wp\/v2\/users\/1"}],"replies":[{"embeddable":true,"href":"https:\/\/www.revistarambla.com\/en\/wp-json\/wp\/v2\/comments?post=1377"}],"version-history":[{"count":0,"href":"https:\/\/www.revistarambla.com\/en\/wp-json\/wp\/v2\/posts\/1377\/revisions"}],"wp:featuredmedia":[{"embeddable":true,"href":"https:\/\/www.revistarambla.com\/en\/wp-json\/wp\/v2\/media\/32002"}],"wp:attachment":[{"href":"https:\/\/www.revistarambla.com\/en\/wp-json\/wp\/v2\/media?parent=1377"}],"wp:term":[{"taxonomy":"category","embeddable":true,"href":"https:\/\/www.revistarambla.com\/en\/wp-json\/wp\/v2\/categories?post=1377"},{"taxonomy":"post_tag","embeddable":true,"href":"https:\/\/www.revistarambla.com\/en\/wp-json\/wp\/v2\/tags?post=1377"}],"curies":[{"name":"wp","href":"https:\/\/api.w.org\/{rel}","templated":true}]}}