{"id":1376,"date":"2012-02-16T11:42:50","date_gmt":"2012-02-16T11:42:50","guid":{"rendered":"https:\/\/www.revistarambla.com\/delacroix-en-caixa-forum\/"},"modified":"2021-05-16T13:21:06","modified_gmt":"2021-05-16T11:21:06","slug":"delacroix-en-caixa-forum","status":"publish","type":"post","link":"https:\/\/www.revistarambla.com\/en\/delacroix-en-caixa-forum\/","title":{"rendered":"Delacroix en Caixa F\u00f2rum"},"content":{"rendered":"<p><img decoding=\"async\" class=\"alignright\" src=\"https:\/\/www.revistarambla.com\/wp-content\/uploads\/2012\/02\/23236-300x214.jpg\" alt=\"\" width=\"341\" height=\"243\" \/>Caixa Forum celebra su d\u00e9cimo aniversario con la mayor retrospectiva internacional en medio sigo sobre el pintor rom\u00e1ntico Delacroix (1798-1863). La exposici\u00f3n est\u00e1 organizada por Obra Social \u201cla Caixa\u201d y el Museo del Louvre y es la m\u00e1s completa que se ha realizado en Espa\u00f1a sobre la trayectoria del pintor franc\u00e9s. Con ella, se pretende dar a conocer una nueva imagen de Delacroix alejada de su asociaci\u00f3n con las grandes composiciones de tema hist\u00f3rico.<\/p>\n<p>Re\u00fane m\u00e1s de 130 obras procedentes de colecciones p\u00fablicas y privadas de Europa y Am\u00e9rica, que permiten reconstruir la evoluci\u00f3n del artista, desde sus inicios, cuando buscaba la inspiraci\u00f3n en creaciones art\u00edsticas y textos literarios, hasta la etapa final, marcada por la s\u00edntesis del conjunto de su obra. Se muestran bocetos, dibujos, acuarelas y grabados que ofrecen un testimonio de la vida interior del artista aproxim\u00e1ndolo a la sensibilidad contempor\u00e1nea. Referentes de la cultura visual como \u201cLa caza de los leones\u201d o \u201cMujeres de Argel en sus habitaciones\u201d, reflejan el atractivo de la muestra.<\/p>\n<p>Se trata de una exposici\u00f3n \u201cadaptada a todos los p\u00fablicos, pero tambi\u00e9n a los especialistas\u201d, seg\u00fan explic\u00f3 la directora general adjunta de la Fundaci\u00f3n \u201cla Caixa\u201d, Elisa Dur\u00e1n. El hilo conductor de la muestra aborda diversos g\u00e9neros que hacen que resulte interesante para los diferentes perfiles a los que est\u00e1 dirigida. Desde grandes pinturas de inspiraci\u00f3n hist\u00f3rica hasta obras religiosas o pinturas de animales. El nombre del artista franc\u00e9s acostumbra a asociarse a composiciones que transmiten sensaci\u00f3n de dramatismo, movimiento y color. La exposici\u00f3n propone dejar a un lado los enfrentamientos con las convenciones del arte neocl\u00e1sico y para ello propone una nueva visi\u00f3n de su obra.<\/p>\n<p>La inauguraci\u00f3n de Delacroix, el 15 de febrero, marca el inicio de los actos del d\u00e9cimo aniversario del centro cultural que permanecer\u00e1 en Caixa Forum hasta el 20 de mayo. La exposici\u00f3n convivir\u00e1 a partir del 16 de marzo con otra amplia retrospectiva sobre Goya a partir de los fondos que atesora el Museo del Prado. Gracias a ello, se podr\u00e1 contemplar la influencia que el arte de Delacroix tuvo en la figura del pintor espa\u00f1ol y la relaci\u00f3n de este con el arte del pa\u00eds.<\/p>","protected":false},"excerpt":{"rendered":"<p>Obra Social \u201cla Caixa\u201d presenta la mayor retrospectiva de Delacroix nunca vista en 50 a\u00f1os<\/p>","protected":false},"author":1,"featured_media":31979,"comment_status":"open","ping_status":"open","sticky":false,"template":"","format":"standard","meta":{"footnotes":""},"categories":[64,4],"tags":[],"class_list":["post-1376","post","type-post","status-publish","format-standard","has-post-thumbnail","hentry","category-arte","category-cultura"],"yoast_head":"<!-- This site is optimized with the Yoast SEO plugin v27.5 - https:\/\/yoast.com\/product\/yoast-seo-wordpress\/ -->\n<title>Delacroix en Caixa F\u00f2rum - Revista Rambla<\/title>\n<meta name=\"robots\" content=\"index, follow, max-snippet:-1, max-image-preview:large, max-video-preview:-1\" \/>\n<link rel=\"canonical\" href=\"https:\/\/www.revistarambla.com\/en\/delacroix-en-caixa-forum\/\" \/>\n<meta property=\"og:locale\" content=\"en_GB\" \/>\n<meta property=\"og:type\" content=\"article\" \/>\n<meta property=\"og:title\" content=\"Delacroix en Caixa F\u00f2rum - Revista Rambla\" \/>\n<meta property=\"og:description\" content=\"Obra Social \u201cla Caixa\u201d presenta la mayor retrospectiva de Delacroix nunca vista en 50 a\u00f1os\" \/>\n<meta property=\"og:url\" content=\"https:\/\/www.revistarambla.com\/en\/delacroix-en-caixa-forum\/\" \/>\n<meta property=\"og:site_name\" content=\"Revista Rambla\" \/>\n<meta property=\"article:publisher\" content=\"https:\/\/www.facebook.com\/revistarambla\/\" \/>\n<meta property=\"article:published_time\" content=\"2012-02-16T11:42:50+00:00\" \/>\n<meta property=\"article:modified_time\" content=\"2021-05-16T11:21:06+00:00\" \/>\n<meta property=\"og:image\" content=\"https:\/\/i0.wp.com\/www.revistarambla.com\/wp-content\/uploads\/2012\/02\/23236-scaled.jpg?fit=2048%2C1458&ssl=1\" \/>\n\t<meta property=\"og:image:width\" content=\"2048\" \/>\n\t<meta property=\"og:image:height\" content=\"1458\" \/>\n\t<meta property=\"og:image:type\" content=\"image\/jpeg\" \/>\n<meta name=\"author\" content=\"Maitane Reguero\" \/>\n<meta name=\"twitter:card\" content=\"summary_large_image\" \/>\n<meta name=\"twitter:creator\" content=\"@revistarambla\" \/>\n<meta name=\"twitter:site\" content=\"@revistarambla\" \/>\n<meta name=\"twitter:label1\" content=\"Written by\" \/>\n\t<meta name=\"twitter:data1\" content=\"Maitane Reguero\" \/>\n\t<meta name=\"twitter:label2\" content=\"Estimated reading time\" \/>\n\t<meta name=\"twitter:data2\" content=\"2 minutes\" \/>\n<script type=\"application\/ld+json\" class=\"yoast-schema-graph\">{\"@context\":\"https:\\\/\\\/schema.org\",\"@graph\":[{\"@type\":\"Article\",\"@id\":\"https:\\\/\\\/www.revistarambla.com\\\/delacroix-en-caixa-forum\\\/#article\",\"isPartOf\":{\"@id\":\"https:\\\/\\\/www.revistarambla.com\\\/delacroix-en-caixa-forum\\\/\"},\"author\":{\"name\":\"Maitane Reguero\",\"@id\":\"https:\\\/\\\/www.revistarambla.com\\\/#\\\/schema\\\/person\\\/4a5652fc8c82df1f8593002d038cd79e\"},\"headline\":\"Delacroix en Caixa F\u00f2rum\",\"datePublished\":\"2012-02-16T11:42:50+00:00\",\"dateModified\":\"2021-05-16T11:21:06+00:00\",\"mainEntityOfPage\":{\"@id\":\"https:\\\/\\\/www.revistarambla.com\\\/delacroix-en-caixa-forum\\\/\"},\"wordCount\":400,\"commentCount\":0,\"publisher\":{\"@id\":\"https:\\\/\\\/www.revistarambla.com\\\/#organization\"},\"image\":{\"@id\":\"https:\\\/\\\/www.revistarambla.com\\\/delacroix-en-caixa-forum\\\/#primaryimage\"},\"thumbnailUrl\":\"https:\\\/\\\/www.revistarambla.com\\\/wp-content\\\/uploads\\\/2012\\\/02\\\/23236-scaled.jpg\",\"articleSection\":[\"Arte\",\"Cultura\"],\"inLanguage\":\"en-GB\",\"potentialAction\":[{\"@type\":\"CommentAction\",\"name\":\"Comment\",\"target\":[\"https:\\\/\\\/www.revistarambla.com\\\/delacroix-en-caixa-forum\\\/#respond\"]}]},{\"@type\":\"WebPage\",\"@id\":\"https:\\\/\\\/www.revistarambla.com\\\/delacroix-en-caixa-forum\\\/\",\"url\":\"https:\\\/\\\/www.revistarambla.com\\\/delacroix-en-caixa-forum\\\/\",\"name\":\"Delacroix en Caixa F\u00f2rum - Revista Rambla\",\"isPartOf\":{\"@id\":\"https:\\\/\\\/www.revistarambla.com\\\/#website\"},\"primaryImageOfPage\":{\"@id\":\"https:\\\/\\\/www.revistarambla.com\\\/delacroix-en-caixa-forum\\\/#primaryimage\"},\"image\":{\"@id\":\"https:\\\/\\\/www.revistarambla.com\\\/delacroix-en-caixa-forum\\\/#primaryimage\"},\"thumbnailUrl\":\"https:\\\/\\\/www.revistarambla.com\\\/wp-content\\\/uploads\\\/2012\\\/02\\\/23236-scaled.jpg\",\"datePublished\":\"2012-02-16T11:42:50+00:00\",\"dateModified\":\"2021-05-16T11:21:06+00:00\",\"breadcrumb\":{\"@id\":\"https:\\\/\\\/www.revistarambla.com\\\/delacroix-en-caixa-forum\\\/#breadcrumb\"},\"inLanguage\":\"en-GB\",\"potentialAction\":[{\"@type\":\"ReadAction\",\"target\":[\"https:\\\/\\\/www.revistarambla.com\\\/delacroix-en-caixa-forum\\\/\"]}]},{\"@type\":\"ImageObject\",\"inLanguage\":\"en-GB\",\"@id\":\"https:\\\/\\\/www.revistarambla.com\\\/delacroix-en-caixa-forum\\\/#primaryimage\",\"url\":\"https:\\\/\\\/www.revistarambla.com\\\/wp-content\\\/uploads\\\/2012\\\/02\\\/23236-scaled.jpg\",\"contentUrl\":\"https:\\\/\\\/www.revistarambla.com\\\/wp-content\\\/uploads\\\/2012\\\/02\\\/23236-scaled.jpg\",\"width\":2048,\"height\":1458},{\"@type\":\"BreadcrumbList\",\"@id\":\"https:\\\/\\\/www.revistarambla.com\\\/delacroix-en-caixa-forum\\\/#breadcrumb\",\"itemListElement\":[{\"@type\":\"ListItem\",\"position\":1,\"name\":\"Portada\",\"item\":\"https:\\\/\\\/www.revistarambla.com\\\/\"},{\"@type\":\"ListItem\",\"position\":2,\"name\":\"Delacroix en Caixa F\u00f2rum\"}]},{\"@type\":\"WebSite\",\"@id\":\"https:\\\/\\\/www.revistarambla.com\\\/#website\",\"url\":\"https:\\\/\\\/www.revistarambla.com\\\/\",\"name\":\"Revista Rambla Barcelona\",\"description\":\"Periodismo independiente\",\"publisher\":{\"@id\":\"https:\\\/\\\/www.revistarambla.com\\\/#organization\"},\"potentialAction\":[{\"@type\":\"SearchAction\",\"target\":{\"@type\":\"EntryPoint\",\"urlTemplate\":\"https:\\\/\\\/www.revistarambla.com\\\/?s={search_term_string}\"},\"query-input\":{\"@type\":\"PropertyValueSpecification\",\"valueRequired\":true,\"valueName\":\"search_term_string\"}}],\"inLanguage\":\"en-GB\"},{\"@type\":\"Organization\",\"@id\":\"https:\\\/\\\/www.revistarambla.com\\\/#organization\",\"name\":\"Revista Rambla\",\"url\":\"https:\\\/\\\/www.revistarambla.com\\\/\",\"logo\":{\"@type\":\"ImageObject\",\"inLanguage\":\"en-GB\",\"@id\":\"https:\\\/\\\/www.revistarambla.com\\\/#\\\/schema\\\/logo\\\/image\\\/\",\"url\":\"https:\\\/\\\/www.revistarambla.com\\\/wp-content\\\/uploads\\\/2020\\\/09\\\/banner_rambla_1900x600_BB.png\",\"contentUrl\":\"https:\\\/\\\/www.revistarambla.com\\\/wp-content\\\/uploads\\\/2020\\\/09\\\/banner_rambla_1900x600_BB.png\",\"width\":1900,\"height\":600,\"caption\":\"Revista Rambla\"},\"image\":{\"@id\":\"https:\\\/\\\/www.revistarambla.com\\\/#\\\/schema\\\/logo\\\/image\\\/\"},\"sameAs\":[\"https:\\\/\\\/www.facebook.com\\\/revistarambla\\\/\",\"https:\\\/\\\/x.com\\\/revistarambla\",\"https:\\\/\\\/www.instagram.com\\\/revista_rambla\",\"https:\\\/\\\/es.linkedin.com\\\/company\\\/revista-rambla\"]},{\"@type\":\"Person\",\"@id\":\"https:\\\/\\\/www.revistarambla.com\\\/#\\\/schema\\\/person\\\/4a5652fc8c82df1f8593002d038cd79e\",\"name\":\"Maitane Reguero\",\"description\":\"Licenciada en Periodismo por la UPV\\\/EHU. Posgrado en Fotoperiodismo por la UAB.\"}]}<\/script>\n<!-- \/ Yoast SEO plugin. -->","yoast_head_json":{"title":"Delacroix en Caixa F\u00f2rum - Revista Rambla","robots":{"index":"index","follow":"follow","max-snippet":"max-snippet:-1","max-image-preview":"max-image-preview:large","max-video-preview":"max-video-preview:-1"},"canonical":"https:\/\/www.revistarambla.com\/en\/delacroix-en-caixa-forum\/","og_locale":"en_GB","og_type":"article","og_title":"Delacroix en Caixa F\u00f2rum - Revista Rambla","og_description":"Obra Social \u201cla Caixa\u201d presenta la mayor retrospectiva de Delacroix nunca vista en 50 a\u00f1os","og_url":"https:\/\/www.revistarambla.com\/en\/delacroix-en-caixa-forum\/","og_site_name":"Revista Rambla","article_publisher":"https:\/\/www.facebook.com\/revistarambla\/","article_published_time":"2012-02-16T11:42:50+00:00","article_modified_time":"2021-05-16T11:21:06+00:00","og_image":[{"width":2048,"height":1458,"url":"https:\/\/i0.wp.com\/www.revistarambla.com\/wp-content\/uploads\/2012\/02\/23236-scaled.jpg?fit=2048%2C1458&ssl=1","type":"image\/jpeg"}],"author":"Maitane Reguero","twitter_card":"summary_large_image","twitter_creator":"@revistarambla","twitter_site":"@revistarambla","twitter_misc":{"Written by":"Maitane Reguero","Estimated reading time":"2 minutes"},"schema":{"@context":"https:\/\/schema.org","@graph":[{"@type":"Article","@id":"https:\/\/www.revistarambla.com\/delacroix-en-caixa-forum\/#article","isPartOf":{"@id":"https:\/\/www.revistarambla.com\/delacroix-en-caixa-forum\/"},"author":{"name":"Maitane Reguero","@id":"https:\/\/www.revistarambla.com\/#\/schema\/person\/4a5652fc8c82df1f8593002d038cd79e"},"headline":"Delacroix en Caixa F\u00f2rum","datePublished":"2012-02-16T11:42:50+00:00","dateModified":"2021-05-16T11:21:06+00:00","mainEntityOfPage":{"@id":"https:\/\/www.revistarambla.com\/delacroix-en-caixa-forum\/"},"wordCount":400,"commentCount":0,"publisher":{"@id":"https:\/\/www.revistarambla.com\/#organization"},"image":{"@id":"https:\/\/www.revistarambla.com\/delacroix-en-caixa-forum\/#primaryimage"},"thumbnailUrl":"https:\/\/www.revistarambla.com\/wp-content\/uploads\/2012\/02\/23236-scaled.jpg","articleSection":["Arte","Cultura"],"inLanguage":"en-GB","potentialAction":[{"@type":"CommentAction","name":"Comment","target":["https:\/\/www.revistarambla.com\/delacroix-en-caixa-forum\/#respond"]}]},{"@type":"WebPage","@id":"https:\/\/www.revistarambla.com\/delacroix-en-caixa-forum\/","url":"https:\/\/www.revistarambla.com\/delacroix-en-caixa-forum\/","name":"Delacroix en Caixa F\u00f2rum - Revista Rambla","isPartOf":{"@id":"https:\/\/www.revistarambla.com\/#website"},"primaryImageOfPage":{"@id":"https:\/\/www.revistarambla.com\/delacroix-en-caixa-forum\/#primaryimage"},"image":{"@id":"https:\/\/www.revistarambla.com\/delacroix-en-caixa-forum\/#primaryimage"},"thumbnailUrl":"https:\/\/www.revistarambla.com\/wp-content\/uploads\/2012\/02\/23236-scaled.jpg","datePublished":"2012-02-16T11:42:50+00:00","dateModified":"2021-05-16T11:21:06+00:00","breadcrumb":{"@id":"https:\/\/www.revistarambla.com\/delacroix-en-caixa-forum\/#breadcrumb"},"inLanguage":"en-GB","potentialAction":[{"@type":"ReadAction","target":["https:\/\/www.revistarambla.com\/delacroix-en-caixa-forum\/"]}]},{"@type":"ImageObject","inLanguage":"en-GB","@id":"https:\/\/www.revistarambla.com\/delacroix-en-caixa-forum\/#primaryimage","url":"https:\/\/www.revistarambla.com\/wp-content\/uploads\/2012\/02\/23236-scaled.jpg","contentUrl":"https:\/\/www.revistarambla.com\/wp-content\/uploads\/2012\/02\/23236-scaled.jpg","width":2048,"height":1458},{"@type":"BreadcrumbList","@id":"https:\/\/www.revistarambla.com\/delacroix-en-caixa-forum\/#breadcrumb","itemListElement":[{"@type":"ListItem","position":1,"name":"Portada","item":"https:\/\/www.revistarambla.com\/"},{"@type":"ListItem","position":2,"name":"Delacroix en Caixa F\u00f2rum"}]},{"@type":"WebSite","@id":"https:\/\/www.revistarambla.com\/#website","url":"https:\/\/www.revistarambla.com\/","name":"Revista Rambla Barcelona","description":"Periodismo independiente","publisher":{"@id":"https:\/\/www.revistarambla.com\/#organization"},"potentialAction":[{"@type":"SearchAction","target":{"@type":"EntryPoint","urlTemplate":"https:\/\/www.revistarambla.com\/?s={search_term_string}"},"query-input":{"@type":"PropertyValueSpecification","valueRequired":true,"valueName":"search_term_string"}}],"inLanguage":"en-GB"},{"@type":"Organization","@id":"https:\/\/www.revistarambla.com\/#organization","name":"Revista Rambla","url":"https:\/\/www.revistarambla.com\/","logo":{"@type":"ImageObject","inLanguage":"en-GB","@id":"https:\/\/www.revistarambla.com\/#\/schema\/logo\/image\/","url":"https:\/\/www.revistarambla.com\/wp-content\/uploads\/2020\/09\/banner_rambla_1900x600_BB.png","contentUrl":"https:\/\/www.revistarambla.com\/wp-content\/uploads\/2020\/09\/banner_rambla_1900x600_BB.png","width":1900,"height":600,"caption":"Revista Rambla"},"image":{"@id":"https:\/\/www.revistarambla.com\/#\/schema\/logo\/image\/"},"sameAs":["https:\/\/www.facebook.com\/revistarambla\/","https:\/\/x.com\/revistarambla","https:\/\/www.instagram.com\/revista_rambla","https:\/\/es.linkedin.com\/company\/revista-rambla"]},{"@type":"Person","@id":"https:\/\/www.revistarambla.com\/#\/schema\/person\/4a5652fc8c82df1f8593002d038cd79e","name":"Maitane Reguero","description":"Licenciada en Periodismo por la UPV\/EHU. Posgrado en Fotoperiodismo por la UAB."}]}},"_links":{"self":[{"href":"https:\/\/www.revistarambla.com\/en\/wp-json\/wp\/v2\/posts\/1376","targetHints":{"allow":["GET"]}}],"collection":[{"href":"https:\/\/www.revistarambla.com\/en\/wp-json\/wp\/v2\/posts"}],"about":[{"href":"https:\/\/www.revistarambla.com\/en\/wp-json\/wp\/v2\/types\/post"}],"author":[{"embeddable":true,"href":"https:\/\/www.revistarambla.com\/en\/wp-json\/wp\/v2\/users\/1"}],"replies":[{"embeddable":true,"href":"https:\/\/www.revistarambla.com\/en\/wp-json\/wp\/v2\/comments?post=1376"}],"version-history":[{"count":0,"href":"https:\/\/www.revistarambla.com\/en\/wp-json\/wp\/v2\/posts\/1376\/revisions"}],"wp:featuredmedia":[{"embeddable":true,"href":"https:\/\/www.revistarambla.com\/en\/wp-json\/wp\/v2\/media\/31979"}],"wp:attachment":[{"href":"https:\/\/www.revistarambla.com\/en\/wp-json\/wp\/v2\/media?parent=1376"}],"wp:term":[{"taxonomy":"category","embeddable":true,"href":"https:\/\/www.revistarambla.com\/en\/wp-json\/wp\/v2\/categories?post=1376"},{"taxonomy":"post_tag","embeddable":true,"href":"https:\/\/www.revistarambla.com\/en\/wp-json\/wp\/v2\/tags?post=1376"}],"curies":[{"name":"wp","href":"https:\/\/api.w.org\/{rel}","templated":true}]}}