{"id":13745,"date":"2017-10-10T23:46:16","date_gmt":"2017-10-10T21:46:16","guid":{"rendered":"https:\/\/www.revistarambla.com\/?p=13745"},"modified":"2021-04-02T13:36:57","modified_gmt":"2021-04-02T11:36:57","slug":"puigdemont-pone-la-pelota-en-el-tejado-de-rajoy","status":"publish","type":"post","link":"https:\/\/www.revistarambla.com\/en\/puigdemont-pone-la-pelota-en-el-tejado-de-rajoy\/","title":{"rendered":"Puigdemont pone la pelota en el tejado de Rajoy"},"content":{"rendered":"<p style=\"text-align: left;\">El president de la Generalitat, Carles Puigdemont, ha declarado este martes la independencia de Catalunya en aplicaci\u00f3n de la ley del refer\u00e9ndum, pero ha suspendido sus efectos para \u00abdialogar\u00bb.<\/p>\n<p style=\"text-align: left;\">\u00a0\u201cAsumo al presentarles los resultados del refer\u00e9ndum, ante todos ustedes y nuestros conciudadanos, el mandato del pueblo de que Catalunya se convierta en un Estado independiente en forma de rep\u00fablica\u201d. As\u00ed sonaba el discurso de Carles Puigdemont en el Parlament cuando, acto seguido y en un ejercicio de \u201cresponsabilidad y generosidad\u201d, continuaba: \u201cproponemos que el Parlament suspenda los efectos de la declaraci\u00f3n de independencia para que en las pr\u00f3ximas semanas emprendamos un di\u00e1logo sin el cual no es posible llegar a una soluci\u00f3n acordada\u201d. Un di\u00e1logo al que no ha marcado plazos y sobre el que ha asegurado que existen propuestas de mediaci\u00f3n conocidas y otras no tan conocidas.<\/p>\n<p style=\"text-align: left;\"><img decoding=\"async\" class=\"aligncenter size-full wp-image-13747\" src=\"https:\/\/www.revistarambla.com\/wp-content\/uploads\/2017\/10\/362635.jpg\" alt=\"\" width=\"2665\" height=\"1777\" srcset=\"https:\/\/www.revistarambla.com\/wp-content\/uploads\/2017\/10\/362635.jpg 2665w, https:\/\/www.revistarambla.com\/wp-content\/uploads\/2017\/10\/362635-300x200.jpg 300w, https:\/\/www.revistarambla.com\/wp-content\/uploads\/2017\/10\/362635-768x512.jpg 768w, https:\/\/www.revistarambla.com\/wp-content\/uploads\/2017\/10\/362635-1024x683.jpg 1024w, https:\/\/www.revistarambla.com\/wp-content\/uploads\/2017\/10\/362635-500x333.jpg 500w\" sizes=\"(max-width: 2665px) 100vw, 2665px\" \/><\/p>\n<p style=\"text-align: left;\">Puigdemont ha pronunciado un discurso de tono templado, con reiteradas referencias a la responsabilidad y el di\u00e1logo, que solo se ha alterado cuando ha denunciado la violencia policial del 1 de octubre. Tambi\u00e9n ha pedido a la ciudadan\u00eda que siga expres\u00e1ndose libre y pac\u00edficamente, a las empresas que no usen su poder para \u201catemorizar\u201d a los catalanes y a la UE \u201cque se implique y vele por los valores fundacionales de la Uni\u00f3n\u201d.<\/p>\n<p style=\"text-align: left;\">Mientras los diputados de JxS\u00ed ovacionaban las palabras del president al concluir el discurso, los miembros de la CUP no han aplaudido y se han quedado sentados en sus esca\u00f1os. Minutos m\u00e1s tarde, una decepcionada Anna Gabriel expresaba su rechazo a la propuesta de Puigdemont de negociar con \u201cun Estado espa\u00f1ol que despliega sin verg\u00fcenza sus fuerzas policiales y militares por todo el territorio, usando t\u00e9cnicas de terror\u201d. La diputada de la CUP en el Parlament ha advertido al president de la Generalitat de que no renunciar\u00e1 a la rep\u00fablica catalana ya que \u201cno se puede suspender la voluntad de dos millones de catalanes que votaron \u2018s\u00ed\u2019 el 1 de octubre\u201d.<\/p>\n<p style=\"text-align: left;\">Las palabras de Puigdemont han descontentado tambi\u00e9n a la portavoz de C\u2019s, In\u00e9s Arrimadas, que ha tildado a los independentistas de ser \u201cel peor nacionalismo que hay en Europa\u201d, una Europa que, asegura, \u201cno va a escucharles\u201d. En la misma l\u00ednea se ha mostrado el l\u00edder del PP en Catalunya, Xavier Garc\u00eda Albiol, quien ha visto lo acontecido hoy en el Parlament como un \u201cgolpe de estado\u201d y \u201cacto subversivo\u201d. Albiol ha dado un portazo a la mediaci\u00f3n, asegurando que no va a haber ninguna rep\u00fablica independiente de Catalunya ya que no existen \u201cpropuestas asumibles desde la legalidad\u201d.<\/p>\n<p style=\"text-align: left;\">Por su parte, el primer secretario del PSC, Miquel Iceta, ha instado al president a dejar claro que el Parlament no ha declarado la independencia y ha criticado la ambig\u00fcedad de las palabras de Puigdemont. Tambi\u00e9n ha dicho que la votaci\u00f3n del 1 de octubre no fue un refer\u00e9ndum y que \u201cel 38,47% no es el pueblo de Catalunya, y una minor\u00eda no puede imponerse a la mayor\u00eda\u201d. Para Iceta la \u00fanica salida a la situaci\u00f3n actual es convocar elecciones auton\u00f3micas.<\/p>\n<p style=\"text-align: left;\">Sin embargo, no todo han sido malas caras para Puigdemont. En el mismo pleno, el presidente de Catalunya S\u00ed que es Pot, Llu\u00eds Rabell, ha agradecido la llamada al di\u00e1logo por parte del president: \u201cQuiero entender que la declaraci\u00f3n de hoy es una puerta abierta al di\u00e1logo que piden millones de personas y, por ello, le agradecemos sus palabras\u201d. Puigdemont tambi\u00e9n ha recibido el apoyo de Pablo Iglesias que, escasos minutos despu\u00e9s de la comparecencia, ha reconocido su \u201csensatez\u201d que \u201cno habr\u00e1 contentado a todos los sectores de Junts pel S\u00ed\u201d. Iglesias ha insistido en que el Gobierno del PP debe aceptar la \u201cplurinacionalidad\u201d de Espa\u00f1a y contemplar la celebraci\u00f3n de un refer\u00e9ndum pactado. El l\u00edder de IU, Alberto Garz\u00f3n, tambi\u00e9n ha celebrado la decisi\u00f3n de Puigdemont afirmando que \u201ces una buena noticia que no se haya declarado la independencia\u201d y que ha llegado la hora de que \u201cel Gobierno recoja ese guante y aproveche esta oportunidad para abrir di\u00e1logo\u201d.<\/p>\n<p style=\"text-align: left;\">Con el discurso de hoy, Puigdemont ha puesto en marcha la independencia de Catalu\u00f1a pero ha echado el freno de mano. Ante los 358 medios internacionales acreditados en el Parlament, ha mandado un mensaje al mundo de que Catalu\u00f1a quiere la independencia votando. Tambi\u00e9n ha puesto entre la espada y la pared a Moncloa, que pueden optar por mirar hacia otro lado o buscar una soluci\u00f3n al conflicto. La pelota cae en el tejado de Mariano Rajoy.<\/p>\n<p style=\"text-align: left;\"><img decoding=\"async\" class=\"aligncenter size-full wp-image-13748\" src=\"https:\/\/www.revistarambla.com\/wp-content\/uploads\/2017\/10\/362675.jpg\" alt=\"\" width=\"2666\" height=\"1777\" srcset=\"https:\/\/www.revistarambla.com\/wp-content\/uploads\/2017\/10\/362675.jpg 2666w, https:\/\/www.revistarambla.com\/wp-content\/uploads\/2017\/10\/362675-300x200.jpg 300w, https:\/\/www.revistarambla.com\/wp-content\/uploads\/2017\/10\/362675-768x512.jpg 768w, https:\/\/www.revistarambla.com\/wp-content\/uploads\/2017\/10\/362675-1024x683.jpg 1024w, https:\/\/www.revistarambla.com\/wp-content\/uploads\/2017\/10\/362675-500x333.jpg 500w\" sizes=\"(max-width: 2666px) 100vw, 2666px\" \/><\/p>","protected":false},"excerpt":{"rendered":"<p>El president de la Generalitat, Carles Puigdemont, ha declarado este martes la independencia de Catalunya en aplicaci\u00f3n de la ley del refer\u00e9ndum, pero ha suspendido sus efectos para \u00abdialogar\u00bb. \u00a0\u201cAsumo al presentarles los resultados del refer\u00e9ndum, ante todos ustedes y nuestros conciudadanos, el mandato del pueblo de que Catalunya se [&hellip;]<\/p>\n","protected":false},"author":3,"featured_media":13748,"comment_status":"open","ping_status":"open","sticky":false,"template":"","format":"standard","meta":{"footnotes":""},"categories":[3,59],"tags":[],"class_list":["post-13745","post","type-post","status-publish","format-standard","has-post-thumbnail","hentry","category-actualidad","category-catalunya"],"yoast_head":"<!-- This site is optimized with the Yoast SEO plugin v27.5 - https:\/\/yoast.com\/product\/yoast-seo-wordpress\/ -->\n<title>Puigdemont pone la pelota en el tejado de Rajoy - Revista Rambla<\/title>\n<meta name=\"robots\" content=\"index, follow, max-snippet:-1, max-image-preview:large, max-video-preview:-1\" \/>\n<link rel=\"canonical\" href=\"https:\/\/www.revistarambla.com\/en\/puigdemont-pone-la-pelota-en-el-tejado-de-rajoy\/\" \/>\n<meta property=\"og:locale\" content=\"en_GB\" \/>\n<meta property=\"og:type\" content=\"article\" \/>\n<meta property=\"og:title\" content=\"Puigdemont pone la pelota en el tejado de Rajoy - Revista Rambla\" \/>\n<meta property=\"og:description\" content=\"El president de la Generalitat, Carles Puigdemont, ha declarado este martes la independencia de Catalunya en aplicaci\u00f3n de la ley del refer\u00e9ndum, pero ha suspendido sus efectos para \u00abdialogar\u00bb. \u00a0\u201cAsumo al presentarles los resultados del refer\u00e9ndum, ante todos ustedes y nuestros conciudadanos, el mandato del pueblo de que Catalunya se [&hellip;]\" \/>\n<meta property=\"og:url\" content=\"https:\/\/www.revistarambla.com\/en\/puigdemont-pone-la-pelota-en-el-tejado-de-rajoy\/\" \/>\n<meta property=\"og:site_name\" content=\"Revista Rambla\" \/>\n<meta property=\"article:publisher\" content=\"https:\/\/www.facebook.com\/revistarambla\/\" \/>\n<meta property=\"article:author\" content=\"https:\/\/www.facebook.com\/revistarambla\" \/>\n<meta property=\"article:published_time\" content=\"2017-10-10T21:46:16+00:00\" \/>\n<meta property=\"article:modified_time\" content=\"2021-04-02T11:36:57+00:00\" \/>\n<meta property=\"og:image\" content=\"https:\/\/i1.wp.com\/www.revistarambla.com\/wp-content\/uploads\/2017\/10\/362675.jpg?fit=2666%2C1777&ssl=1\" \/>\n\t<meta property=\"og:image:width\" content=\"2666\" \/>\n\t<meta property=\"og:image:height\" content=\"1777\" \/>\n\t<meta property=\"og:image:type\" content=\"image\/jpeg\" \/>\n<meta name=\"author\" content=\"Raquel Vilella\" \/>\n<meta name=\"twitter:card\" content=\"summary_large_image\" \/>\n<meta name=\"twitter:creator\" content=\"@revistarambla\" \/>\n<meta name=\"twitter:site\" content=\"@revistarambla\" \/>\n<meta name=\"twitter:label1\" content=\"Written by\" \/>\n\t<meta name=\"twitter:data1\" content=\"Raquel Vilella\" \/>\n\t<meta name=\"twitter:label2\" content=\"Estimated reading time\" \/>\n\t<meta name=\"twitter:data2\" content=\"4 minutes\" \/>\n<script type=\"application\/ld+json\" class=\"yoast-schema-graph\">{\"@context\":\"https:\\\/\\\/schema.org\",\"@graph\":[{\"@type\":\"Article\",\"@id\":\"https:\\\/\\\/www.revistarambla.com\\\/puigdemont-pone-la-pelota-en-el-tejado-de-rajoy\\\/#article\",\"isPartOf\":{\"@id\":\"https:\\\/\\\/www.revistarambla.com\\\/puigdemont-pone-la-pelota-en-el-tejado-de-rajoy\\\/\"},\"author\":{\"name\":\"Raquel Vilella\",\"@id\":\"https:\\\/\\\/www.revistarambla.com\\\/#\\\/schema\\\/person\\\/a146a5a2550b94981a75131180e1bd9c\"},\"headline\":\"Puigdemont pone la pelota en el tejado de Rajoy\",\"datePublished\":\"2017-10-10T21:46:16+00:00\",\"dateModified\":\"2021-04-02T11:36:57+00:00\",\"mainEntityOfPage\":{\"@id\":\"https:\\\/\\\/www.revistarambla.com\\\/puigdemont-pone-la-pelota-en-el-tejado-de-rajoy\\\/\"},\"wordCount\":798,\"commentCount\":0,\"publisher\":{\"@id\":\"https:\\\/\\\/www.revistarambla.com\\\/#organization\"},\"image\":{\"@id\":\"https:\\\/\\\/www.revistarambla.com\\\/puigdemont-pone-la-pelota-en-el-tejado-de-rajoy\\\/#primaryimage\"},\"thumbnailUrl\":\"https:\\\/\\\/www.revistarambla.com\\\/wp-content\\\/uploads\\\/2017\\\/10\\\/362675.jpg\",\"articleSection\":[\"Actualidad\",\"Catalunya\"],\"inLanguage\":\"en-GB\",\"potentialAction\":[{\"@type\":\"CommentAction\",\"name\":\"Comment\",\"target\":[\"https:\\\/\\\/www.revistarambla.com\\\/puigdemont-pone-la-pelota-en-el-tejado-de-rajoy\\\/#respond\"]}]},{\"@type\":\"WebPage\",\"@id\":\"https:\\\/\\\/www.revistarambla.com\\\/puigdemont-pone-la-pelota-en-el-tejado-de-rajoy\\\/\",\"url\":\"https:\\\/\\\/www.revistarambla.com\\\/puigdemont-pone-la-pelota-en-el-tejado-de-rajoy\\\/\",\"name\":\"Puigdemont pone la pelota en el tejado de Rajoy - Revista Rambla\",\"isPartOf\":{\"@id\":\"https:\\\/\\\/www.revistarambla.com\\\/#website\"},\"primaryImageOfPage\":{\"@id\":\"https:\\\/\\\/www.revistarambla.com\\\/puigdemont-pone-la-pelota-en-el-tejado-de-rajoy\\\/#primaryimage\"},\"image\":{\"@id\":\"https:\\\/\\\/www.revistarambla.com\\\/puigdemont-pone-la-pelota-en-el-tejado-de-rajoy\\\/#primaryimage\"},\"thumbnailUrl\":\"https:\\\/\\\/www.revistarambla.com\\\/wp-content\\\/uploads\\\/2017\\\/10\\\/362675.jpg\",\"datePublished\":\"2017-10-10T21:46:16+00:00\",\"dateModified\":\"2021-04-02T11:36:57+00:00\",\"breadcrumb\":{\"@id\":\"https:\\\/\\\/www.revistarambla.com\\\/puigdemont-pone-la-pelota-en-el-tejado-de-rajoy\\\/#breadcrumb\"},\"inLanguage\":\"en-GB\",\"potentialAction\":[{\"@type\":\"ReadAction\",\"target\":[\"https:\\\/\\\/www.revistarambla.com\\\/puigdemont-pone-la-pelota-en-el-tejado-de-rajoy\\\/\"]}]},{\"@type\":\"ImageObject\",\"inLanguage\":\"en-GB\",\"@id\":\"https:\\\/\\\/www.revistarambla.com\\\/puigdemont-pone-la-pelota-en-el-tejado-de-rajoy\\\/#primaryimage\",\"url\":\"https:\\\/\\\/www.revistarambla.com\\\/wp-content\\\/uploads\\\/2017\\\/10\\\/362675.jpg\",\"contentUrl\":\"https:\\\/\\\/www.revistarambla.com\\\/wp-content\\\/uploads\\\/2017\\\/10\\\/362675.jpg\",\"width\":2666,\"height\":1777},{\"@type\":\"BreadcrumbList\",\"@id\":\"https:\\\/\\\/www.revistarambla.com\\\/puigdemont-pone-la-pelota-en-el-tejado-de-rajoy\\\/#breadcrumb\",\"itemListElement\":[{\"@type\":\"ListItem\",\"position\":1,\"name\":\"Portada\",\"item\":\"https:\\\/\\\/www.revistarambla.com\\\/\"},{\"@type\":\"ListItem\",\"position\":2,\"name\":\"Puigdemont pone la pelota en el tejado de Rajoy\"}]},{\"@type\":\"WebSite\",\"@id\":\"https:\\\/\\\/www.revistarambla.com\\\/#website\",\"url\":\"https:\\\/\\\/www.revistarambla.com\\\/\",\"name\":\"Revista Rambla Barcelona\",\"description\":\"Periodismo independiente\",\"publisher\":{\"@id\":\"https:\\\/\\\/www.revistarambla.com\\\/#organization\"},\"potentialAction\":[{\"@type\":\"SearchAction\",\"target\":{\"@type\":\"EntryPoint\",\"urlTemplate\":\"https:\\\/\\\/www.revistarambla.com\\\/?s={search_term_string}\"},\"query-input\":{\"@type\":\"PropertyValueSpecification\",\"valueRequired\":true,\"valueName\":\"search_term_string\"}}],\"inLanguage\":\"en-GB\"},{\"@type\":\"Organization\",\"@id\":\"https:\\\/\\\/www.revistarambla.com\\\/#organization\",\"name\":\"Revista Rambla\",\"url\":\"https:\\\/\\\/www.revistarambla.com\\\/\",\"logo\":{\"@type\":\"ImageObject\",\"inLanguage\":\"en-GB\",\"@id\":\"https:\\\/\\\/www.revistarambla.com\\\/#\\\/schema\\\/logo\\\/image\\\/\",\"url\":\"https:\\\/\\\/www.revistarambla.com\\\/wp-content\\\/uploads\\\/2020\\\/09\\\/banner_rambla_1900x600_BB.png\",\"contentUrl\":\"https:\\\/\\\/www.revistarambla.com\\\/wp-content\\\/uploads\\\/2020\\\/09\\\/banner_rambla_1900x600_BB.png\",\"width\":1900,\"height\":600,\"caption\":\"Revista Rambla\"},\"image\":{\"@id\":\"https:\\\/\\\/www.revistarambla.com\\\/#\\\/schema\\\/logo\\\/image\\\/\"},\"sameAs\":[\"https:\\\/\\\/www.facebook.com\\\/revistarambla\\\/\",\"https:\\\/\\\/x.com\\\/revistarambla\",\"https:\\\/\\\/www.instagram.com\\\/revista_rambla\",\"https:\\\/\\\/es.linkedin.com\\\/company\\\/revista-rambla\"]},{\"@type\":\"Person\",\"@id\":\"https:\\\/\\\/www.revistarambla.com\\\/#\\\/schema\\\/person\\\/a146a5a2550b94981a75131180e1bd9c\",\"name\":\"Raquel Vilella\",\"description\":\"Periodista y profesora.\",\"sameAs\":[\"https:\\\/\\\/www.facebook.com\\\/revistarambla\",\"https:\\\/\\\/x.com\\\/revistarambla\"]}]}<\/script>\n<!-- \/ Yoast SEO plugin. -->","yoast_head_json":{"title":"Puigdemont pone la pelota en el tejado de Rajoy - Revista Rambla","robots":{"index":"index","follow":"follow","max-snippet":"max-snippet:-1","max-image-preview":"max-image-preview:large","max-video-preview":"max-video-preview:-1"},"canonical":"https:\/\/www.revistarambla.com\/en\/puigdemont-pone-la-pelota-en-el-tejado-de-rajoy\/","og_locale":"en_GB","og_type":"article","og_title":"Puigdemont pone la pelota en el tejado de Rajoy - Revista Rambla","og_description":"El president de la Generalitat, Carles Puigdemont, ha declarado este martes la independencia de Catalunya en aplicaci\u00f3n de la ley del refer\u00e9ndum, pero ha suspendido sus efectos para \u00abdialogar\u00bb. \u00a0\u201cAsumo al presentarles los resultados del refer\u00e9ndum, ante todos ustedes y nuestros conciudadanos, el mandato del pueblo de que Catalunya se [&hellip;]","og_url":"https:\/\/www.revistarambla.com\/en\/puigdemont-pone-la-pelota-en-el-tejado-de-rajoy\/","og_site_name":"Revista Rambla","article_publisher":"https:\/\/www.facebook.com\/revistarambla\/","article_author":"https:\/\/www.facebook.com\/revistarambla","article_published_time":"2017-10-10T21:46:16+00:00","article_modified_time":"2021-04-02T11:36:57+00:00","og_image":[{"width":2666,"height":1777,"url":"https:\/\/i1.wp.com\/www.revistarambla.com\/wp-content\/uploads\/2017\/10\/362675.jpg?fit=2666%2C1777&ssl=1","type":"image\/jpeg"}],"author":"Raquel Vilella","twitter_card":"summary_large_image","twitter_creator":"@revistarambla","twitter_site":"@revistarambla","twitter_misc":{"Written by":"Raquel Vilella","Estimated reading time":"4 minutes"},"schema":{"@context":"https:\/\/schema.org","@graph":[{"@type":"Article","@id":"https:\/\/www.revistarambla.com\/puigdemont-pone-la-pelota-en-el-tejado-de-rajoy\/#article","isPartOf":{"@id":"https:\/\/www.revistarambla.com\/puigdemont-pone-la-pelota-en-el-tejado-de-rajoy\/"},"author":{"name":"Raquel Vilella","@id":"https:\/\/www.revistarambla.com\/#\/schema\/person\/a146a5a2550b94981a75131180e1bd9c"},"headline":"Puigdemont pone la pelota en el tejado de Rajoy","datePublished":"2017-10-10T21:46:16+00:00","dateModified":"2021-04-02T11:36:57+00:00","mainEntityOfPage":{"@id":"https:\/\/www.revistarambla.com\/puigdemont-pone-la-pelota-en-el-tejado-de-rajoy\/"},"wordCount":798,"commentCount":0,"publisher":{"@id":"https:\/\/www.revistarambla.com\/#organization"},"image":{"@id":"https:\/\/www.revistarambla.com\/puigdemont-pone-la-pelota-en-el-tejado-de-rajoy\/#primaryimage"},"thumbnailUrl":"https:\/\/www.revistarambla.com\/wp-content\/uploads\/2017\/10\/362675.jpg","articleSection":["Actualidad","Catalunya"],"inLanguage":"en-GB","potentialAction":[{"@type":"CommentAction","name":"Comment","target":["https:\/\/www.revistarambla.com\/puigdemont-pone-la-pelota-en-el-tejado-de-rajoy\/#respond"]}]},{"@type":"WebPage","@id":"https:\/\/www.revistarambla.com\/puigdemont-pone-la-pelota-en-el-tejado-de-rajoy\/","url":"https:\/\/www.revistarambla.com\/puigdemont-pone-la-pelota-en-el-tejado-de-rajoy\/","name":"Puigdemont pone la pelota en el tejado de Rajoy - Revista Rambla","isPartOf":{"@id":"https:\/\/www.revistarambla.com\/#website"},"primaryImageOfPage":{"@id":"https:\/\/www.revistarambla.com\/puigdemont-pone-la-pelota-en-el-tejado-de-rajoy\/#primaryimage"},"image":{"@id":"https:\/\/www.revistarambla.com\/puigdemont-pone-la-pelota-en-el-tejado-de-rajoy\/#primaryimage"},"thumbnailUrl":"https:\/\/www.revistarambla.com\/wp-content\/uploads\/2017\/10\/362675.jpg","datePublished":"2017-10-10T21:46:16+00:00","dateModified":"2021-04-02T11:36:57+00:00","breadcrumb":{"@id":"https:\/\/www.revistarambla.com\/puigdemont-pone-la-pelota-en-el-tejado-de-rajoy\/#breadcrumb"},"inLanguage":"en-GB","potentialAction":[{"@type":"ReadAction","target":["https:\/\/www.revistarambla.com\/puigdemont-pone-la-pelota-en-el-tejado-de-rajoy\/"]}]},{"@type":"ImageObject","inLanguage":"en-GB","@id":"https:\/\/www.revistarambla.com\/puigdemont-pone-la-pelota-en-el-tejado-de-rajoy\/#primaryimage","url":"https:\/\/www.revistarambla.com\/wp-content\/uploads\/2017\/10\/362675.jpg","contentUrl":"https:\/\/www.revistarambla.com\/wp-content\/uploads\/2017\/10\/362675.jpg","width":2666,"height":1777},{"@type":"BreadcrumbList","@id":"https:\/\/www.revistarambla.com\/puigdemont-pone-la-pelota-en-el-tejado-de-rajoy\/#breadcrumb","itemListElement":[{"@type":"ListItem","position":1,"name":"Portada","item":"https:\/\/www.revistarambla.com\/"},{"@type":"ListItem","position":2,"name":"Puigdemont pone la pelota en el tejado de Rajoy"}]},{"@type":"WebSite","@id":"https:\/\/www.revistarambla.com\/#website","url":"https:\/\/www.revistarambla.com\/","name":"Revista Rambla Barcelona","description":"Periodismo independiente","publisher":{"@id":"https:\/\/www.revistarambla.com\/#organization"},"potentialAction":[{"@type":"SearchAction","target":{"@type":"EntryPoint","urlTemplate":"https:\/\/www.revistarambla.com\/?s={search_term_string}"},"query-input":{"@type":"PropertyValueSpecification","valueRequired":true,"valueName":"search_term_string"}}],"inLanguage":"en-GB"},{"@type":"Organization","@id":"https:\/\/www.revistarambla.com\/#organization","name":"Revista Rambla","url":"https:\/\/www.revistarambla.com\/","logo":{"@type":"ImageObject","inLanguage":"en-GB","@id":"https:\/\/www.revistarambla.com\/#\/schema\/logo\/image\/","url":"https:\/\/www.revistarambla.com\/wp-content\/uploads\/2020\/09\/banner_rambla_1900x600_BB.png","contentUrl":"https:\/\/www.revistarambla.com\/wp-content\/uploads\/2020\/09\/banner_rambla_1900x600_BB.png","width":1900,"height":600,"caption":"Revista Rambla"},"image":{"@id":"https:\/\/www.revistarambla.com\/#\/schema\/logo\/image\/"},"sameAs":["https:\/\/www.facebook.com\/revistarambla\/","https:\/\/x.com\/revistarambla","https:\/\/www.instagram.com\/revista_rambla","https:\/\/es.linkedin.com\/company\/revista-rambla"]},{"@type":"Person","@id":"https:\/\/www.revistarambla.com\/#\/schema\/person\/a146a5a2550b94981a75131180e1bd9c","name":"Raquel Vilella","description":"Periodista y profesora.","sameAs":["https:\/\/www.facebook.com\/revistarambla","https:\/\/x.com\/revistarambla"]}]}},"_links":{"self":[{"href":"https:\/\/www.revistarambla.com\/en\/wp-json\/wp\/v2\/posts\/13745","targetHints":{"allow":["GET"]}}],"collection":[{"href":"https:\/\/www.revistarambla.com\/en\/wp-json\/wp\/v2\/posts"}],"about":[{"href":"https:\/\/www.revistarambla.com\/en\/wp-json\/wp\/v2\/types\/post"}],"author":[{"embeddable":true,"href":"https:\/\/www.revistarambla.com\/en\/wp-json\/wp\/v2\/users\/3"}],"replies":[{"embeddable":true,"href":"https:\/\/www.revistarambla.com\/en\/wp-json\/wp\/v2\/comments?post=13745"}],"version-history":[{"count":0,"href":"https:\/\/www.revistarambla.com\/en\/wp-json\/wp\/v2\/posts\/13745\/revisions"}],"wp:featuredmedia":[{"embeddable":true,"href":"https:\/\/www.revistarambla.com\/en\/wp-json\/wp\/v2\/media\/13748"}],"wp:attachment":[{"href":"https:\/\/www.revistarambla.com\/en\/wp-json\/wp\/v2\/media?parent=13745"}],"wp:term":[{"taxonomy":"category","embeddable":true,"href":"https:\/\/www.revistarambla.com\/en\/wp-json\/wp\/v2\/categories?post=13745"},{"taxonomy":"post_tag","embeddable":true,"href":"https:\/\/www.revistarambla.com\/en\/wp-json\/wp\/v2\/tags?post=13745"}],"curies":[{"name":"wp","href":"https:\/\/api.w.org\/{rel}","templated":true}]}}