{"id":1374,"date":"2012-02-13T14:27:46","date_gmt":"2012-02-13T14:27:46","guid":{"rendered":"https:\/\/www.revistarambla.com\/protestas-por-los-recortes-en-la-educacion-publica\/"},"modified":"2021-05-16T13:22:25","modified_gmt":"2021-05-16T11:22:25","slug":"protestas-por-los-recortes-en-la-educacion-publica","status":"publish","type":"post","link":"https:\/\/www.revistarambla.com\/en\/protestas-por-los-recortes-en-la-educacion-publica\/","title":{"rendered":"Protestas por los recortes en la educaci\u00f3n p\u00fablica"},"content":{"rendered":"<p>El plan de s\u00e1bado tarde empieza a repetirse cada fin de semana en la ciudad condal. Esta vez les toca el turno a los profesores, padres, madres, alumnos y sindicatos. El motivo tambi\u00e9n se repite, los recortes en la educaci\u00f3n p\u00fablica. No es que Barcelona no ofrezca planes alternativos en los que invertir el tiempo, es que la Generalitat se empe\u00f1a en anunciar medidas por las que nadie est\u00e1 dispuesto a pasar.<\/p>\n<p><img decoding=\"async\" class=\"aligncenter\" src=\"https:\/\/www.revistarambla.com\/wp-content\/uploads\/2012\/02\/profes%2001.jpg\" alt=\"alt\" width=\"550\" height=\"349\" \/><\/p>\n<p>La protesta que adem\u00e1s coincidi\u00f3 con la celebraci\u00f3n de las fiestas de invierno de Santa Eulalia, congreg\u00f3 en la plaza Sant Jaume a unas 2.000 personas. La marea amarilla se camuflaba entre el ambiente festivo en el que se mezclaban pancartas y proclamas con tambores y gigantes. Todo es v\u00e1lido cuando se trata de hacerse escuchar y mostrar una vez m\u00e1s su rechazo frente al tijeretazo del gobierno de Artur Mas. Seg\u00fan la comunidad educativa, estos recortes perjudicar\u00e1n seriamente la calidad de la formaci\u00f3n en escuelas e institutos, pese a que la Generalitat lo niega reiteradamente y se escuda en la herencia recibida de la izquierda.<\/p>\n<p>Los recortes en la educaci\u00f3n p\u00fablica supondr\u00e1n mayor desigualdad social y las personas con rentas menores saldr\u00e1n perjudicadas una vez m\u00e1s. El secretario general de CCOO en Catalu\u00f1a, Joan Carles Gallego se ha pronunciado en contra de los recortes a\u00f1adiendo que se trata de medidas \u201cenormemente injustas\u201d. Rosa Ca\u00f1adell, representante del sindicato USTEC ha advertido que la comunidad educativa reivindicar\u00e1 una escuela p\u00fablica de todos. \u00abNo estamos dispuestos a que nos la roben\u00bb, ha informado.<\/p>\n<p>El presupuesto del Departamento de Ense\u00f1anza para 2012 es de 4.595,9 millones de euros, 238,5 millones menos que el del pasado 2011. esto significa que en dos a\u00f1os CiU ha recortado el presupuesto destinado a educaci\u00f3n un 12% a pesar de contar con unos 100.000 alumnos m\u00e1s, seg\u00fan reconoci\u00f3 Irene Rigau, consejera de educaci\u00f3n de la Generalitat. Sin embargo, parece que ya est\u00e1n pensando en qu\u00e9 invertir el dinero que se ahorre con la reducci\u00f3n de sueldos de los docentes. Pretenden emplearlo en combatir el fracaso escolar, que en Catalu\u00f1a ronda el 30%.<\/p>\n<p>Esto es lo que Artur Mas denomina \u201coptimizar recursos\u201d y lo que el resto de poblaci\u00f3n llamamos vulgarmente \u201cabsurdez\u201d. Si se trata de privatizar, estaremos aumentando las desigualdades, lo que supone marginaci\u00f3n y es precisamente ese distanciamiento el que lleva al fracaso escolar. \u00bfNo resulta contradictorio que Mas est\u00e9 pensando invertir en algo que est\u00e1 generando \u00e9l mismo?. Contradi<\/p>\n<p><img decoding=\"async\" class=\"aligncenter\" src=\"https:\/\/www.revistarambla.com\/wp-content\/uploads\/2012\/02\/profes%2002.jpg\" alt=\"alt\" width=\"550\" height=\"309\" \/><\/p>","protected":false},"excerpt":{"rendered":"<p>Profesores, padres y alumnos protestan por el tijeretazo del gobierno de Artur Mas en la escuela p\u00fablica<\/p>","protected":false},"author":1,"featured_media":0,"comment_status":"open","ping_status":"open","sticky":false,"template":"","format":"standard","meta":{"footnotes":""},"categories":[3,76],"tags":[],"class_list":["post-1374","post","type-post","status-publish","format-standard","hentry","category-actualidad","category-barcelona"],"yoast_head":"<!-- This site is optimized with the Yoast SEO plugin v27.5 - https:\/\/yoast.com\/product\/yoast-seo-wordpress\/ -->\n<title>Protestas por los recortes en la educaci\u00f3n p\u00fablica - Revista Rambla<\/title>\n<meta name=\"robots\" content=\"index, follow, max-snippet:-1, max-image-preview:large, max-video-preview:-1\" \/>\n<link rel=\"canonical\" href=\"https:\/\/www.revistarambla.com\/en\/protestas-por-los-recortes-en-la-educacion-publica\/\" \/>\n<meta property=\"og:locale\" content=\"en_GB\" \/>\n<meta property=\"og:type\" content=\"article\" \/>\n<meta property=\"og:title\" content=\"Protestas por los recortes en la educaci\u00f3n p\u00fablica - Revista Rambla\" \/>\n<meta property=\"og:description\" content=\"Profesores, padres y alumnos protestan por el tijeretazo del gobierno de Artur Mas en la escuela p\u00fablica\" \/>\n<meta property=\"og:url\" content=\"https:\/\/www.revistarambla.com\/en\/protestas-por-los-recortes-en-la-educacion-publica\/\" \/>\n<meta property=\"og:site_name\" content=\"Revista Rambla\" \/>\n<meta property=\"article:publisher\" content=\"https:\/\/www.facebook.com\/revistarambla\/\" \/>\n<meta property=\"article:published_time\" content=\"2012-02-13T14:27:46+00:00\" \/>\n<meta property=\"article:modified_time\" content=\"2021-05-16T11:22:25+00:00\" \/>\n<meta property=\"og:image\" content=\"https:\/\/i0.wp.com\/www.revistarambla.com\/wp-content\/uploads\/2012\/02\/profes%2000.jpg?fit=250%2C159&ssl=1\" \/>\n\t<meta property=\"og:image:width\" content=\"250\" \/>\n\t<meta property=\"og:image:height\" content=\"159\" \/>\n\t<meta property=\"og:image:type\" content=\"image\/jpeg\" \/>\n<meta name=\"author\" content=\"Maitane Reguero\" \/>\n<meta name=\"twitter:card\" content=\"summary_large_image\" \/>\n<meta name=\"twitter:creator\" content=\"@revistarambla\" \/>\n<meta name=\"twitter:site\" content=\"@revistarambla\" \/>\n<meta name=\"twitter:label1\" content=\"Written by\" \/>\n\t<meta name=\"twitter:data1\" content=\"Maitane Reguero\" \/>\n\t<meta name=\"twitter:label2\" content=\"Estimated reading time\" \/>\n\t<meta name=\"twitter:data2\" content=\"3 minutes\" \/>\n<script type=\"application\/ld+json\" class=\"yoast-schema-graph\">{\"@context\":\"https:\\\/\\\/schema.org\",\"@graph\":[{\"@type\":\"Article\",\"@id\":\"https:\\\/\\\/www.revistarambla.com\\\/protestas-por-los-recortes-en-la-educacion-publica\\\/#article\",\"isPartOf\":{\"@id\":\"https:\\\/\\\/www.revistarambla.com\\\/protestas-por-los-recortes-en-la-educacion-publica\\\/\"},\"author\":{\"name\":\"Maitane Reguero\",\"@id\":\"https:\\\/\\\/www.revistarambla.com\\\/#\\\/schema\\\/person\\\/4a5652fc8c82df1f8593002d038cd79e\"},\"headline\":\"Protestas por los recortes en la educaci\u00f3n p\u00fablica\",\"datePublished\":\"2012-02-13T14:27:46+00:00\",\"dateModified\":\"2021-05-16T11:22:25+00:00\",\"mainEntityOfPage\":{\"@id\":\"https:\\\/\\\/www.revistarambla.com\\\/protestas-por-los-recortes-en-la-educacion-publica\\\/\"},\"wordCount\":439,\"commentCount\":0,\"publisher\":{\"@id\":\"https:\\\/\\\/www.revistarambla.com\\\/#organization\"},\"image\":{\"@id\":\"https:\\\/\\\/www.revistarambla.com\\\/protestas-por-los-recortes-en-la-educacion-publica\\\/#primaryimage\"},\"thumbnailUrl\":\"https:\\\/\\\/www.revistarambla.com\\\/wp-content\\\/uploads\\\/2012\\\/02\\\/profes%2001.jpg\",\"articleSection\":[\"Actualidad\",\"Barcelona\"],\"inLanguage\":\"en-GB\",\"potentialAction\":[{\"@type\":\"CommentAction\",\"name\":\"Comment\",\"target\":[\"https:\\\/\\\/www.revistarambla.com\\\/protestas-por-los-recortes-en-la-educacion-publica\\\/#respond\"]}]},{\"@type\":\"WebPage\",\"@id\":\"https:\\\/\\\/www.revistarambla.com\\\/protestas-por-los-recortes-en-la-educacion-publica\\\/\",\"url\":\"https:\\\/\\\/www.revistarambla.com\\\/protestas-por-los-recortes-en-la-educacion-publica\\\/\",\"name\":\"Protestas por los recortes en la educaci\u00f3n p\u00fablica - Revista Rambla\",\"isPartOf\":{\"@id\":\"https:\\\/\\\/www.revistarambla.com\\\/#website\"},\"primaryImageOfPage\":{\"@id\":\"https:\\\/\\\/www.revistarambla.com\\\/protestas-por-los-recortes-en-la-educacion-publica\\\/#primaryimage\"},\"image\":{\"@id\":\"https:\\\/\\\/www.revistarambla.com\\\/protestas-por-los-recortes-en-la-educacion-publica\\\/#primaryimage\"},\"thumbnailUrl\":\"https:\\\/\\\/www.revistarambla.com\\\/wp-content\\\/uploads\\\/2012\\\/02\\\/profes%2001.jpg\",\"datePublished\":\"2012-02-13T14:27:46+00:00\",\"dateModified\":\"2021-05-16T11:22:25+00:00\",\"breadcrumb\":{\"@id\":\"https:\\\/\\\/www.revistarambla.com\\\/protestas-por-los-recortes-en-la-educacion-publica\\\/#breadcrumb\"},\"inLanguage\":\"en-GB\",\"potentialAction\":[{\"@type\":\"ReadAction\",\"target\":[\"https:\\\/\\\/www.revistarambla.com\\\/protestas-por-los-recortes-en-la-educacion-publica\\\/\"]}]},{\"@type\":\"ImageObject\",\"inLanguage\":\"en-GB\",\"@id\":\"https:\\\/\\\/www.revistarambla.com\\\/protestas-por-los-recortes-en-la-educacion-publica\\\/#primaryimage\",\"url\":\"https:\\\/\\\/www.revistarambla.com\\\/wp-content\\\/uploads\\\/2012\\\/02\\\/profes%2001.jpg\",\"contentUrl\":\"https:\\\/\\\/www.revistarambla.com\\\/wp-content\\\/uploads\\\/2012\\\/02\\\/profes%2001.jpg\"},{\"@type\":\"BreadcrumbList\",\"@id\":\"https:\\\/\\\/www.revistarambla.com\\\/protestas-por-los-recortes-en-la-educacion-publica\\\/#breadcrumb\",\"itemListElement\":[{\"@type\":\"ListItem\",\"position\":1,\"name\":\"Portada\",\"item\":\"https:\\\/\\\/www.revistarambla.com\\\/\"},{\"@type\":\"ListItem\",\"position\":2,\"name\":\"Protestas por los recortes en la educaci\u00f3n p\u00fablica\"}]},{\"@type\":\"WebSite\",\"@id\":\"https:\\\/\\\/www.revistarambla.com\\\/#website\",\"url\":\"https:\\\/\\\/www.revistarambla.com\\\/\",\"name\":\"Revista Rambla Barcelona\",\"description\":\"Periodismo independiente\",\"publisher\":{\"@id\":\"https:\\\/\\\/www.revistarambla.com\\\/#organization\"},\"potentialAction\":[{\"@type\":\"SearchAction\",\"target\":{\"@type\":\"EntryPoint\",\"urlTemplate\":\"https:\\\/\\\/www.revistarambla.com\\\/?s={search_term_string}\"},\"query-input\":{\"@type\":\"PropertyValueSpecification\",\"valueRequired\":true,\"valueName\":\"search_term_string\"}}],\"inLanguage\":\"en-GB\"},{\"@type\":\"Organization\",\"@id\":\"https:\\\/\\\/www.revistarambla.com\\\/#organization\",\"name\":\"Revista Rambla\",\"url\":\"https:\\\/\\\/www.revistarambla.com\\\/\",\"logo\":{\"@type\":\"ImageObject\",\"inLanguage\":\"en-GB\",\"@id\":\"https:\\\/\\\/www.revistarambla.com\\\/#\\\/schema\\\/logo\\\/image\\\/\",\"url\":\"https:\\\/\\\/www.revistarambla.com\\\/wp-content\\\/uploads\\\/2020\\\/09\\\/banner_rambla_1900x600_BB.png\",\"contentUrl\":\"https:\\\/\\\/www.revistarambla.com\\\/wp-content\\\/uploads\\\/2020\\\/09\\\/banner_rambla_1900x600_BB.png\",\"width\":1900,\"height\":600,\"caption\":\"Revista Rambla\"},\"image\":{\"@id\":\"https:\\\/\\\/www.revistarambla.com\\\/#\\\/schema\\\/logo\\\/image\\\/\"},\"sameAs\":[\"https:\\\/\\\/www.facebook.com\\\/revistarambla\\\/\",\"https:\\\/\\\/x.com\\\/revistarambla\",\"https:\\\/\\\/www.instagram.com\\\/revista_rambla\",\"https:\\\/\\\/es.linkedin.com\\\/company\\\/revista-rambla\"]},{\"@type\":\"Person\",\"@id\":\"https:\\\/\\\/www.revistarambla.com\\\/#\\\/schema\\\/person\\\/4a5652fc8c82df1f8593002d038cd79e\",\"name\":\"Maitane Reguero\",\"description\":\"Licenciada en Periodismo por la UPV\\\/EHU. Posgrado en Fotoperiodismo por la UAB.\"}]}<\/script>\n<!-- \/ Yoast SEO plugin. -->","yoast_head_json":{"title":"Protestas por los recortes en la educaci\u00f3n p\u00fablica - Revista Rambla","robots":{"index":"index","follow":"follow","max-snippet":"max-snippet:-1","max-image-preview":"max-image-preview:large","max-video-preview":"max-video-preview:-1"},"canonical":"https:\/\/www.revistarambla.com\/en\/protestas-por-los-recortes-en-la-educacion-publica\/","og_locale":"en_GB","og_type":"article","og_title":"Protestas por los recortes en la educaci\u00f3n p\u00fablica - Revista Rambla","og_description":"Profesores, padres y alumnos protestan por el tijeretazo del gobierno de Artur Mas en la escuela p\u00fablica","og_url":"https:\/\/www.revistarambla.com\/en\/protestas-por-los-recortes-en-la-educacion-publica\/","og_site_name":"Revista Rambla","article_publisher":"https:\/\/www.facebook.com\/revistarambla\/","article_published_time":"2012-02-13T14:27:46+00:00","article_modified_time":"2021-05-16T11:22:25+00:00","og_image":[{"width":250,"height":159,"url":"https:\/\/i0.wp.com\/www.revistarambla.com\/wp-content\/uploads\/2012\/02\/profes 00.jpg?fit=250%2C159&ssl=1","type":"image\/jpeg"}],"author":"Maitane Reguero","twitter_card":"summary_large_image","twitter_creator":"@revistarambla","twitter_site":"@revistarambla","twitter_misc":{"Written by":"Maitane Reguero","Estimated reading time":"3 minutes"},"schema":{"@context":"https:\/\/schema.org","@graph":[{"@type":"Article","@id":"https:\/\/www.revistarambla.com\/protestas-por-los-recortes-en-la-educacion-publica\/#article","isPartOf":{"@id":"https:\/\/www.revistarambla.com\/protestas-por-los-recortes-en-la-educacion-publica\/"},"author":{"name":"Maitane Reguero","@id":"https:\/\/www.revistarambla.com\/#\/schema\/person\/4a5652fc8c82df1f8593002d038cd79e"},"headline":"Protestas por los recortes en la educaci\u00f3n p\u00fablica","datePublished":"2012-02-13T14:27:46+00:00","dateModified":"2021-05-16T11:22:25+00:00","mainEntityOfPage":{"@id":"https:\/\/www.revistarambla.com\/protestas-por-los-recortes-en-la-educacion-publica\/"},"wordCount":439,"commentCount":0,"publisher":{"@id":"https:\/\/www.revistarambla.com\/#organization"},"image":{"@id":"https:\/\/www.revistarambla.com\/protestas-por-los-recortes-en-la-educacion-publica\/#primaryimage"},"thumbnailUrl":"https:\/\/www.revistarambla.com\/wp-content\/uploads\/2012\/02\/profes%2001.jpg","articleSection":["Actualidad","Barcelona"],"inLanguage":"en-GB","potentialAction":[{"@type":"CommentAction","name":"Comment","target":["https:\/\/www.revistarambla.com\/protestas-por-los-recortes-en-la-educacion-publica\/#respond"]}]},{"@type":"WebPage","@id":"https:\/\/www.revistarambla.com\/protestas-por-los-recortes-en-la-educacion-publica\/","url":"https:\/\/www.revistarambla.com\/protestas-por-los-recortes-en-la-educacion-publica\/","name":"Protestas por los recortes en la educaci\u00f3n p\u00fablica - Revista Rambla","isPartOf":{"@id":"https:\/\/www.revistarambla.com\/#website"},"primaryImageOfPage":{"@id":"https:\/\/www.revistarambla.com\/protestas-por-los-recortes-en-la-educacion-publica\/#primaryimage"},"image":{"@id":"https:\/\/www.revistarambla.com\/protestas-por-los-recortes-en-la-educacion-publica\/#primaryimage"},"thumbnailUrl":"https:\/\/www.revistarambla.com\/wp-content\/uploads\/2012\/02\/profes%2001.jpg","datePublished":"2012-02-13T14:27:46+00:00","dateModified":"2021-05-16T11:22:25+00:00","breadcrumb":{"@id":"https:\/\/www.revistarambla.com\/protestas-por-los-recortes-en-la-educacion-publica\/#breadcrumb"},"inLanguage":"en-GB","potentialAction":[{"@type":"ReadAction","target":["https:\/\/www.revistarambla.com\/protestas-por-los-recortes-en-la-educacion-publica\/"]}]},{"@type":"ImageObject","inLanguage":"en-GB","@id":"https:\/\/www.revistarambla.com\/protestas-por-los-recortes-en-la-educacion-publica\/#primaryimage","url":"https:\/\/www.revistarambla.com\/wp-content\/uploads\/2012\/02\/profes%2001.jpg","contentUrl":"https:\/\/www.revistarambla.com\/wp-content\/uploads\/2012\/02\/profes%2001.jpg"},{"@type":"BreadcrumbList","@id":"https:\/\/www.revistarambla.com\/protestas-por-los-recortes-en-la-educacion-publica\/#breadcrumb","itemListElement":[{"@type":"ListItem","position":1,"name":"Portada","item":"https:\/\/www.revistarambla.com\/"},{"@type":"ListItem","position":2,"name":"Protestas por los recortes en la educaci\u00f3n p\u00fablica"}]},{"@type":"WebSite","@id":"https:\/\/www.revistarambla.com\/#website","url":"https:\/\/www.revistarambla.com\/","name":"Revista Rambla Barcelona","description":"Periodismo independiente","publisher":{"@id":"https:\/\/www.revistarambla.com\/#organization"},"potentialAction":[{"@type":"SearchAction","target":{"@type":"EntryPoint","urlTemplate":"https:\/\/www.revistarambla.com\/?s={search_term_string}"},"query-input":{"@type":"PropertyValueSpecification","valueRequired":true,"valueName":"search_term_string"}}],"inLanguage":"en-GB"},{"@type":"Organization","@id":"https:\/\/www.revistarambla.com\/#organization","name":"Revista Rambla","url":"https:\/\/www.revistarambla.com\/","logo":{"@type":"ImageObject","inLanguage":"en-GB","@id":"https:\/\/www.revistarambla.com\/#\/schema\/logo\/image\/","url":"https:\/\/www.revistarambla.com\/wp-content\/uploads\/2020\/09\/banner_rambla_1900x600_BB.png","contentUrl":"https:\/\/www.revistarambla.com\/wp-content\/uploads\/2020\/09\/banner_rambla_1900x600_BB.png","width":1900,"height":600,"caption":"Revista Rambla"},"image":{"@id":"https:\/\/www.revistarambla.com\/#\/schema\/logo\/image\/"},"sameAs":["https:\/\/www.facebook.com\/revistarambla\/","https:\/\/x.com\/revistarambla","https:\/\/www.instagram.com\/revista_rambla","https:\/\/es.linkedin.com\/company\/revista-rambla"]},{"@type":"Person","@id":"https:\/\/www.revistarambla.com\/#\/schema\/person\/4a5652fc8c82df1f8593002d038cd79e","name":"Maitane Reguero","description":"Licenciada en Periodismo por la UPV\/EHU. Posgrado en Fotoperiodismo por la UAB."}]}},"_links":{"self":[{"href":"https:\/\/www.revistarambla.com\/en\/wp-json\/wp\/v2\/posts\/1374","targetHints":{"allow":["GET"]}}],"collection":[{"href":"https:\/\/www.revistarambla.com\/en\/wp-json\/wp\/v2\/posts"}],"about":[{"href":"https:\/\/www.revistarambla.com\/en\/wp-json\/wp\/v2\/types\/post"}],"author":[{"embeddable":true,"href":"https:\/\/www.revistarambla.com\/en\/wp-json\/wp\/v2\/users\/1"}],"replies":[{"embeddable":true,"href":"https:\/\/www.revistarambla.com\/en\/wp-json\/wp\/v2\/comments?post=1374"}],"version-history":[{"count":0,"href":"https:\/\/www.revistarambla.com\/en\/wp-json\/wp\/v2\/posts\/1374\/revisions"}],"wp:attachment":[{"href":"https:\/\/www.revistarambla.com\/en\/wp-json\/wp\/v2\/media?parent=1374"}],"wp:term":[{"taxonomy":"category","embeddable":true,"href":"https:\/\/www.revistarambla.com\/en\/wp-json\/wp\/v2\/categories?post=1374"},{"taxonomy":"post_tag","embeddable":true,"href":"https:\/\/www.revistarambla.com\/en\/wp-json\/wp\/v2\/tags?post=1374"}],"curies":[{"name":"wp","href":"https:\/\/api.w.org\/{rel}","templated":true}]}}