{"id":13726,"date":"2017-10-04T09:57:00","date_gmt":"2017-10-04T07:57:00","guid":{"rendered":"https:\/\/www.revistarambla.com\/?p=13726"},"modified":"2021-12-07T17:47:16","modified_gmt":"2021-12-07T16:47:16","slug":"las-calles-seran-siempre-nuestras-aunque-el-rey-no-se-entere","status":"publish","type":"post","link":"https:\/\/www.revistarambla.com\/en\/las-calles-seran-siempre-nuestras-aunque-el-rey-no-se-entere\/","title":{"rendered":"\u00ab\u00a1Las calles ser\u00e1n siempre nuestras!\u00bb, aunque el rey no se entere"},"content":{"rendered":"<p>Barcelona parec\u00eda vivir un domingo de agosto durante las primeras 18 horas del d\u00eda 3 de octubre de 2017. El p\u00e1lpito de la ciudad estaba adormecido por el seguimiento del paro general convocado por centrales sindicales, asociaciones civiles y partidos pol\u00edticos nacionalistas y de izquierda, como protesta por la violencia de las fuerzas policiales y militares enviadas a Catalu\u00f1a por el gobierno espa\u00f1ol. Solo la zona de Pla\u00e7a Universitat se anim\u00f3 a mediod\u00eda, con ocasi\u00f3n de una enorme convocatoria estudiantil secundada por otras organizaciones (300.000 asistentes, seg\u00fan c\u00e1lculo de la Gu\u00e0rdia Urbana de Barcelona). Tambi\u00e9n hubo concentraciones en distintas escuelas e institutos, escenario de la brutalidad de la fuerza expedicionaria, y ante las sedes de los partidos Popular y Ciudadanos, y tambi\u00e9n de la Delegaci\u00f3n del Gobierno. La mayor\u00eda de los rostros expresaban tristeza e indignaci\u00f3n por igual, y en no pocos se trasluc\u00eda una rabia contenida.<\/p>\n<p><img decoding=\"async\" class=\"aligncenter size-full wp-image-13728\" src=\"https:\/\/www.revistarambla.com\/wp-content\/uploads\/2017\/10\/catalunya-100.jpg\" alt=\"\" width=\"869\" height=\"580\" srcset=\"https:\/\/www.revistarambla.com\/wp-content\/uploads\/2017\/10\/catalunya-100.jpg 869w, https:\/\/www.revistarambla.com\/wp-content\/uploads\/2017\/10\/catalunya-100-300x200.jpg 300w, https:\/\/www.revistarambla.com\/wp-content\/uploads\/2017\/10\/catalunya-100-768x513.jpg 768w, https:\/\/www.revistarambla.com\/wp-content\/uploads\/2017\/10\/catalunya-100-500x334.jpg 500w\" sizes=\"(max-width: 869px) 100vw, 869px\" \/><\/p>\n<p>A lo largo de las horas, redes sociales atiborradas de mensajes y bulos advirtieron de la presencia de miembros de la Polic\u00eda Nacional y la Guardia Civil infiltrados entre los nutridos grupos de personas que recorr\u00edan la ciudad como piquetes informativos. El nerviosismo estall\u00f3 en la calle de Cartagena, donde el aparatoso despiste de un corpulento manifestante provoc\u00f3 suspicacias, primero, y estigmatizaci\u00f3n, despu\u00e9s, por parte de sus compa\u00f1eros de ronda. Un bombero all\u00ed presente, conocido suyo, asegur\u00f3 que se trataba de una persona de confianza, pero la tensi\u00f3n generada le oblig\u00f3 a abandonar el lugar.<\/p>\n<p>Aunque el gobierno auton\u00f3mico anunci\u00f3 en su momento que los funcionarios sumados al paro cobrar\u00edan \u00edntegra su n\u00f3mina, el Ministerio de Hacienda amenaz\u00f3 con descontar de los salarios la jornada no trabajada (recu\u00e9rdese que el gobierno central tiene intervenidas las cuentas de la Generalitat). Siempre queda la duda de si Montoro tomar\u00e1 esta medida \u2014\u00bflo har\u00e1?\u2014 como un castigo a los d\u00edscolos y sediciosos o como una manera de sisar un buen pu\u00f1ado de euros en beneficio de sus maltrechas cuentas p\u00fablicas.<\/p>\n<p>A las seis de la tarde empezaba la gran manifestaci\u00f3n unitaria del d\u00eda, que recorri\u00f3 de cabo a rabo el Passeig de Gr\u00e0cia, desde los Jardinets hasta la Pla\u00e7a de Catalunya. Entre tanto, la Pla\u00e7a Universitat se convirti\u00f3 tambi\u00e9n en lugar de concentraci\u00f3n. En el servicio de orden de la manifestaci\u00f3n destacaban los uniformes de los bomberos, elevados a la categor\u00eda de h\u00e9roes populares durante los sucesos del pasado domingo. A nadie pas\u00f3 por alto la presencia de personas con banderas espa\u00f1olas, votantes del \u00abNo\u00bb que se manifestaban junto a los del \u00abS\u00ed\u00bb en defensa de las libertades civiles.<\/p>\n<p><img decoding=\"async\" class=\"aligncenter size-full wp-image-13730\" src=\"https:\/\/www.revistarambla.com\/wp-content\/uploads\/2017\/10\/catalunya-102.jpg\" alt=\"\" width=\"869\" height=\"520\" srcset=\"https:\/\/www.revistarambla.com\/wp-content\/uploads\/2017\/10\/catalunya-102.jpg 869w, https:\/\/www.revistarambla.com\/wp-content\/uploads\/2017\/10\/catalunya-102-300x180.jpg 300w, https:\/\/www.revistarambla.com\/wp-content\/uploads\/2017\/10\/catalunya-102-768x460.jpg 768w, https:\/\/www.revistarambla.com\/wp-content\/uploads\/2017\/10\/catalunya-102-500x299.jpg 500w\" sizes=\"(max-width: 869px) 100vw, 869px\" \/>Reci\u00e9n iniciada la manifestaci\u00f3n fue difundida la noticia de que Felipe de Borb\u00f3n, jefe del Estado espa\u00f1ol, se dirigir\u00eda al pa\u00eds por televisi\u00f3n a las nueve de la noche\u2026 aprovechando que ese mi\u00e9rcoles no hab\u00eda partidos de la Copa de Europa.<\/p>\n<p>Miles de personas recorrieron el Passeig de Gr\u00e0cia en pos del lema \u00abContra la represi\u00f3n y en defensa de las libertades\u00bb y al grito de \u00abLas calles ser\u00e1n siempre nuestras\u00bb. Los sesenta metros de anchura de esta v\u00eda urbana estaban por completo abarrotados, as\u00ed como los cruces con las calles que la atraviesan. La cabecera de la marcha lleg\u00f3 a su destino cuando a\u00fan se amontonaban miles de personas en su cola. Hubo tambi\u00e9n quien aprovech\u00f3 la convocatoria para exhibir pancartas contra los recortes en el gasto social, pecado capital tanto del gobierno central como de la administraci\u00f3n auton\u00f3mica catalana.<\/p>\n<p>A la convocatoria principal afluyeron otras marchas menores, o discurrieron en paralelo a aquella, de modo que el centro de Barcelona se convirti\u00f3 en un pac\u00edfico hervidero de protestas ciudadanas (alrededor de 700.000 personas, en estimaci\u00f3n de la Gu\u00e0rdia Urbana). Tambi\u00e9n hubo manifestaciones con numeroso p\u00fablico en Lleida, Girona y Tarragona, as\u00ed como en otras muchas localidades de la comunidad aut\u00f3noma.<\/p>\n<p>A las nueve en punto Felipe de Borb\u00f3n se asom\u00f3 a las pantallas de los televisores. Muy serio e intentando que su voz ligera sonara a grave, incluso se permiti\u00f3 alg\u00fan gesto manual de sesgo autoritario, como de profe cabreado. Este hombre que ocupa la m\u00e1s alta jerarqu\u00eda p\u00fablica sin haber accedido a ella por m\u00e9rito personal alguno ni elecci\u00f3n popular, se permiti\u00f3 actuar como juez de las desavenencias ideol\u00f3gicas de la ciudadan\u00eda achacando todas las culpas de la crisis al gobierno de la Generalitat; inst\u00f3 a \u00abasegurar el orden constitucional\u00bb e ignor\u00f3 a los ciudadanos que por no pensar como \u00e9l \u2014pero siendo a\u00fan espa\u00f1oles\u2014 recibieron la brutal tunda del pasado domingo. En suma, dio lastima ver a un sujeto tan \u00abpreparado\u00bb, con tantos a\u00f1os de estudio de la ret\u00f3rica, convertido en marioneta del ventr\u00edlocuo af\u00e1sico que es Mariano Rajoy. Por lo menos aprob\u00f3 el examen de lectura del comunicado, arenga de trinchera, panfleto maniqueo, bodrio cuasi belicista carente de m\u00ednimo reconocimiento al dolor ajeno \u2014provocado por las fuerzas policiales y militares que le rinden pleites\u00eda\u2014 y olvidado de cualquier llamada al di\u00e1logo. Una verg\u00fcenza m\u00e1s.<\/p>\n<p>Ya se sabe que el rey reina, pero no gobierna\u2026 Aunque no est\u00e1 incapacitado para objetar sobre cuanto Soraya le pase por escrito. Por ello, no hubiera estado mal que a\u00f1adiera alg\u00fan retoque humanitario y dialogante al gui\u00f3n gubernamental. Distender y mediar son tareas propias de su funci\u00f3n constitucional, pero Felipe de Borb\u00f3n ha decidido actuar no como el jefe del Estado de todos, sino como rey de quienes est\u00e1n con \u00e9l. Quiz\u00e1 comulgue plenamente con la inspiraci\u00f3n frentista del discurso, qui\u00e9n sabe. En el fondo, la crisis catalana vuelve a mostrar las contradicciones de una instituci\u00f3n caduca y manifiestamente suprimible como es la monarqu\u00eda.<\/p>\n<p><img decoding=\"async\" class=\"aligncenter size-full wp-image-13729\" src=\"https:\/\/www.revistarambla.com\/wp-content\/uploads\/2017\/10\/catalunya-101.jpg\" alt=\"\" width=\"869\" height=\"559\" srcset=\"https:\/\/www.revistarambla.com\/wp-content\/uploads\/2017\/10\/catalunya-101.jpg 869w, https:\/\/www.revistarambla.com\/wp-content\/uploads\/2017\/10\/catalunya-101-300x193.jpg 300w, https:\/\/www.revistarambla.com\/wp-content\/uploads\/2017\/10\/catalunya-101-768x494.jpg 768w, https:\/\/www.revistarambla.com\/wp-content\/uploads\/2017\/10\/catalunya-101-500x322.jpg 500w\" sizes=\"(max-width: 869px) 100vw, 869px\" \/><\/p>","protected":false},"excerpt":{"rendered":"<p>Barcelona parec\u00eda vivir un domingo de agosto durante las primeras 18 horas del d\u00eda 3 de octubre de 2017. El p\u00e1lpito de la ciudad estaba adormecido por el seguimiento del paro general convocado por centrales sindicales, asociaciones civiles y partidos pol\u00edticos nacionalistas y de izquierda, como protesta por la violencia [&hellip;]<\/p>\n","protected":false},"author":21,"featured_media":13727,"comment_status":"open","ping_status":"open","sticky":false,"template":"","format":"standard","meta":{"footnotes":""},"categories":[3,59],"tags":[],"class_list":["post-13726","post","type-post","status-publish","format-standard","has-post-thumbnail","hentry","category-actualidad","category-catalunya"],"yoast_head":"<!-- This site is optimized with the Yoast SEO plugin v27.5 - https:\/\/yoast.com\/product\/yoast-seo-wordpress\/ -->\n<title>\u00ab\u00a1Las calles ser\u00e1n siempre nuestras!\u00bb, aunque el rey no se entere - Revista Rambla<\/title>\n<meta name=\"robots\" content=\"index, follow, max-snippet:-1, max-image-preview:large, max-video-preview:-1\" \/>\n<link rel=\"canonical\" href=\"https:\/\/www.revistarambla.com\/en\/las-calles-seran-siempre-nuestras-aunque-el-rey-no-se-entere\/\" \/>\n<meta property=\"og:locale\" content=\"en_GB\" \/>\n<meta property=\"og:type\" content=\"article\" \/>\n<meta property=\"og:title\" content=\"\u00ab\u00a1Las calles ser\u00e1n siempre nuestras!\u00bb, aunque el rey no se entere - Revista Rambla\" \/>\n<meta property=\"og:description\" content=\"Barcelona parec\u00eda vivir un domingo de agosto durante las primeras 18 horas del d\u00eda 3 de octubre de 2017. El p\u00e1lpito de la ciudad estaba adormecido por el seguimiento del paro general convocado por centrales sindicales, asociaciones civiles y partidos pol\u00edticos nacionalistas y de izquierda, como protesta por la violencia [&hellip;]\" \/>\n<meta property=\"og:url\" content=\"https:\/\/www.revistarambla.com\/en\/las-calles-seran-siempre-nuestras-aunque-el-rey-no-se-entere\/\" \/>\n<meta property=\"og:site_name\" content=\"Revista Rambla\" \/>\n<meta property=\"article:publisher\" content=\"https:\/\/www.facebook.com\/revistarambla\/\" \/>\n<meta property=\"article:author\" content=\"https:\/\/www.facebook.com\/Ignacio.gonzalezorozco\" \/>\n<meta property=\"article:published_time\" content=\"2017-10-04T07:57:00+00:00\" \/>\n<meta property=\"article:modified_time\" content=\"2021-12-07T16:47:16+00:00\" \/>\n<meta property=\"og:image\" content=\"https:\/\/www.revistarambla.com\/wp-content\/uploads\/2017\/10\/catalunya-103.jpg\" \/>\n\t<meta property=\"og:image:width\" content=\"869\" \/>\n\t<meta property=\"og:image:height\" content=\"610\" \/>\n\t<meta property=\"og:image:type\" content=\"image\/jpeg\" \/>\n<meta name=\"author\" content=\"Ignacio Gonz\u00e1lez Orozco\" \/>\n<meta name=\"twitter:card\" content=\"summary_large_image\" \/>\n<meta name=\"twitter:creator\" content=\"@iggonor\" \/>\n<meta name=\"twitter:site\" content=\"@revistarambla\" \/>\n<meta name=\"twitter:label1\" content=\"Written by\" \/>\n\t<meta name=\"twitter:data1\" content=\"Ignacio Gonz\u00e1lez Orozco\" \/>\n\t<meta name=\"twitter:label2\" content=\"Estimated reading time\" \/>\n\t<meta name=\"twitter:data2\" content=\"5 minutes\" \/>\n<script type=\"application\/ld+json\" class=\"yoast-schema-graph\">{\"@context\":\"https:\\\/\\\/schema.org\",\"@graph\":[{\"@type\":\"Article\",\"@id\":\"https:\\\/\\\/www.revistarambla.com\\\/las-calles-seran-siempre-nuestras-aunque-el-rey-no-se-entere\\\/#article\",\"isPartOf\":{\"@id\":\"https:\\\/\\\/www.revistarambla.com\\\/las-calles-seran-siempre-nuestras-aunque-el-rey-no-se-entere\\\/\"},\"author\":{\"name\":\"Ignacio Gonz\u00e1lez Orozco\",\"@id\":\"https:\\\/\\\/www.revistarambla.com\\\/#\\\/schema\\\/person\\\/f57e0b5bc0173cd6b95a123fd3fcca75\"},\"headline\":\"\u00ab\u00a1Las calles ser\u00e1n siempre nuestras!\u00bb, aunque el rey no se entere\",\"datePublished\":\"2017-10-04T07:57:00+00:00\",\"dateModified\":\"2021-12-07T16:47:16+00:00\",\"mainEntityOfPage\":{\"@id\":\"https:\\\/\\\/www.revistarambla.com\\\/las-calles-seran-siempre-nuestras-aunque-el-rey-no-se-entere\\\/\"},\"wordCount\":1019,\"commentCount\":0,\"publisher\":{\"@id\":\"https:\\\/\\\/www.revistarambla.com\\\/#organization\"},\"image\":{\"@id\":\"https:\\\/\\\/www.revistarambla.com\\\/las-calles-seran-siempre-nuestras-aunque-el-rey-no-se-entere\\\/#primaryimage\"},\"thumbnailUrl\":\"https:\\\/\\\/www.revistarambla.com\\\/wp-content\\\/uploads\\\/2017\\\/10\\\/catalunya-103.jpg\",\"articleSection\":[\"Actualidad\",\"Catalunya\"],\"inLanguage\":\"en-GB\",\"potentialAction\":[{\"@type\":\"CommentAction\",\"name\":\"Comment\",\"target\":[\"https:\\\/\\\/www.revistarambla.com\\\/las-calles-seran-siempre-nuestras-aunque-el-rey-no-se-entere\\\/#respond\"]}]},{\"@type\":\"WebPage\",\"@id\":\"https:\\\/\\\/www.revistarambla.com\\\/las-calles-seran-siempre-nuestras-aunque-el-rey-no-se-entere\\\/\",\"url\":\"https:\\\/\\\/www.revistarambla.com\\\/las-calles-seran-siempre-nuestras-aunque-el-rey-no-se-entere\\\/\",\"name\":\"\u00ab\u00a1Las calles ser\u00e1n siempre nuestras!\u00bb, aunque el rey no se entere - Revista Rambla\",\"isPartOf\":{\"@id\":\"https:\\\/\\\/www.revistarambla.com\\\/#website\"},\"primaryImageOfPage\":{\"@id\":\"https:\\\/\\\/www.revistarambla.com\\\/las-calles-seran-siempre-nuestras-aunque-el-rey-no-se-entere\\\/#primaryimage\"},\"image\":{\"@id\":\"https:\\\/\\\/www.revistarambla.com\\\/las-calles-seran-siempre-nuestras-aunque-el-rey-no-se-entere\\\/#primaryimage\"},\"thumbnailUrl\":\"https:\\\/\\\/www.revistarambla.com\\\/wp-content\\\/uploads\\\/2017\\\/10\\\/catalunya-103.jpg\",\"datePublished\":\"2017-10-04T07:57:00+00:00\",\"dateModified\":\"2021-12-07T16:47:16+00:00\",\"breadcrumb\":{\"@id\":\"https:\\\/\\\/www.revistarambla.com\\\/las-calles-seran-siempre-nuestras-aunque-el-rey-no-se-entere\\\/#breadcrumb\"},\"inLanguage\":\"en-GB\",\"potentialAction\":[{\"@type\":\"ReadAction\",\"target\":[\"https:\\\/\\\/www.revistarambla.com\\\/las-calles-seran-siempre-nuestras-aunque-el-rey-no-se-entere\\\/\"]}]},{\"@type\":\"ImageObject\",\"inLanguage\":\"en-GB\",\"@id\":\"https:\\\/\\\/www.revistarambla.com\\\/las-calles-seran-siempre-nuestras-aunque-el-rey-no-se-entere\\\/#primaryimage\",\"url\":\"https:\\\/\\\/www.revistarambla.com\\\/wp-content\\\/uploads\\\/2017\\\/10\\\/catalunya-103.jpg\",\"contentUrl\":\"https:\\\/\\\/www.revistarambla.com\\\/wp-content\\\/uploads\\\/2017\\\/10\\\/catalunya-103.jpg\",\"width\":869,\"height\":610},{\"@type\":\"BreadcrumbList\",\"@id\":\"https:\\\/\\\/www.revistarambla.com\\\/las-calles-seran-siempre-nuestras-aunque-el-rey-no-se-entere\\\/#breadcrumb\",\"itemListElement\":[{\"@type\":\"ListItem\",\"position\":1,\"name\":\"Portada\",\"item\":\"https:\\\/\\\/www.revistarambla.com\\\/\"},{\"@type\":\"ListItem\",\"position\":2,\"name\":\"\u00ab\u00a1Las calles ser\u00e1n siempre nuestras!\u00bb, aunque el rey no se entere\"}]},{\"@type\":\"WebSite\",\"@id\":\"https:\\\/\\\/www.revistarambla.com\\\/#website\",\"url\":\"https:\\\/\\\/www.revistarambla.com\\\/\",\"name\":\"Revista Rambla Barcelona\",\"description\":\"Periodismo independiente\",\"publisher\":{\"@id\":\"https:\\\/\\\/www.revistarambla.com\\\/#organization\"},\"potentialAction\":[{\"@type\":\"SearchAction\",\"target\":{\"@type\":\"EntryPoint\",\"urlTemplate\":\"https:\\\/\\\/www.revistarambla.com\\\/?s={search_term_string}\"},\"query-input\":{\"@type\":\"PropertyValueSpecification\",\"valueRequired\":true,\"valueName\":\"search_term_string\"}}],\"inLanguage\":\"en-GB\"},{\"@type\":\"Organization\",\"@id\":\"https:\\\/\\\/www.revistarambla.com\\\/#organization\",\"name\":\"Revista Rambla\",\"url\":\"https:\\\/\\\/www.revistarambla.com\\\/\",\"logo\":{\"@type\":\"ImageObject\",\"inLanguage\":\"en-GB\",\"@id\":\"https:\\\/\\\/www.revistarambla.com\\\/#\\\/schema\\\/logo\\\/image\\\/\",\"url\":\"https:\\\/\\\/www.revistarambla.com\\\/wp-content\\\/uploads\\\/2020\\\/09\\\/banner_rambla_1900x600_BB.png\",\"contentUrl\":\"https:\\\/\\\/www.revistarambla.com\\\/wp-content\\\/uploads\\\/2020\\\/09\\\/banner_rambla_1900x600_BB.png\",\"width\":1900,\"height\":600,\"caption\":\"Revista Rambla\"},\"image\":{\"@id\":\"https:\\\/\\\/www.revistarambla.com\\\/#\\\/schema\\\/logo\\\/image\\\/\"},\"sameAs\":[\"https:\\\/\\\/www.facebook.com\\\/revistarambla\\\/\",\"https:\\\/\\\/x.com\\\/revistarambla\",\"https:\\\/\\\/www.instagram.com\\\/revista_rambla\",\"https:\\\/\\\/es.linkedin.com\\\/company\\\/revista-rambla\"]},{\"@type\":\"Person\",\"@id\":\"https:\\\/\\\/www.revistarambla.com\\\/#\\\/schema\\\/person\\\/f57e0b5bc0173cd6b95a123fd3fcca75\",\"name\":\"Ignacio Gonz\u00e1lez Orozco\",\"description\":\"Editor, periodista y escritor. Autor de libros como 'Annual: todas las guerras, todas las v\u00edctimas' o 'Amores y quebrantos', entre muchos otros.\",\"sameAs\":[\"https:\\\/\\\/www.facebook.com\\\/Ignacio.gonzalezorozco\",\"https:\\\/\\\/x.com\\\/iggonor\"]}]}<\/script>\n<!-- \/ Yoast SEO plugin. -->","yoast_head_json":{"title":"\u00ab\u00a1Las calles ser\u00e1n siempre nuestras!\u00bb, aunque el rey no se entere - Revista Rambla","robots":{"index":"index","follow":"follow","max-snippet":"max-snippet:-1","max-image-preview":"max-image-preview:large","max-video-preview":"max-video-preview:-1"},"canonical":"https:\/\/www.revistarambla.com\/en\/las-calles-seran-siempre-nuestras-aunque-el-rey-no-se-entere\/","og_locale":"en_GB","og_type":"article","og_title":"\u00ab\u00a1Las calles ser\u00e1n siempre nuestras!\u00bb, aunque el rey no se entere - Revista Rambla","og_description":"Barcelona parec\u00eda vivir un domingo de agosto durante las primeras 18 horas del d\u00eda 3 de octubre de 2017. El p\u00e1lpito de la ciudad estaba adormecido por el seguimiento del paro general convocado por centrales sindicales, asociaciones civiles y partidos pol\u00edticos nacionalistas y de izquierda, como protesta por la violencia [&hellip;]","og_url":"https:\/\/www.revistarambla.com\/en\/las-calles-seran-siempre-nuestras-aunque-el-rey-no-se-entere\/","og_site_name":"Revista Rambla","article_publisher":"https:\/\/www.facebook.com\/revistarambla\/","article_author":"https:\/\/www.facebook.com\/Ignacio.gonzalezorozco","article_published_time":"2017-10-04T07:57:00+00:00","article_modified_time":"2021-12-07T16:47:16+00:00","og_image":[{"width":869,"height":610,"url":"https:\/\/www.revistarambla.com\/wp-content\/uploads\/2017\/10\/catalunya-103.jpg","type":"image\/jpeg"}],"author":"Ignacio Gonz\u00e1lez Orozco","twitter_card":"summary_large_image","twitter_creator":"@iggonor","twitter_site":"@revistarambla","twitter_misc":{"Written by":"Ignacio Gonz\u00e1lez Orozco","Estimated reading time":"5 minutes"},"schema":{"@context":"https:\/\/schema.org","@graph":[{"@type":"Article","@id":"https:\/\/www.revistarambla.com\/las-calles-seran-siempre-nuestras-aunque-el-rey-no-se-entere\/#article","isPartOf":{"@id":"https:\/\/www.revistarambla.com\/las-calles-seran-siempre-nuestras-aunque-el-rey-no-se-entere\/"},"author":{"name":"Ignacio Gonz\u00e1lez Orozco","@id":"https:\/\/www.revistarambla.com\/#\/schema\/person\/f57e0b5bc0173cd6b95a123fd3fcca75"},"headline":"\u00ab\u00a1Las calles ser\u00e1n siempre nuestras!\u00bb, aunque el rey no se entere","datePublished":"2017-10-04T07:57:00+00:00","dateModified":"2021-12-07T16:47:16+00:00","mainEntityOfPage":{"@id":"https:\/\/www.revistarambla.com\/las-calles-seran-siempre-nuestras-aunque-el-rey-no-se-entere\/"},"wordCount":1019,"commentCount":0,"publisher":{"@id":"https:\/\/www.revistarambla.com\/#organization"},"image":{"@id":"https:\/\/www.revistarambla.com\/las-calles-seran-siempre-nuestras-aunque-el-rey-no-se-entere\/#primaryimage"},"thumbnailUrl":"https:\/\/www.revistarambla.com\/wp-content\/uploads\/2017\/10\/catalunya-103.jpg","articleSection":["Actualidad","Catalunya"],"inLanguage":"en-GB","potentialAction":[{"@type":"CommentAction","name":"Comment","target":["https:\/\/www.revistarambla.com\/las-calles-seran-siempre-nuestras-aunque-el-rey-no-se-entere\/#respond"]}]},{"@type":"WebPage","@id":"https:\/\/www.revistarambla.com\/las-calles-seran-siempre-nuestras-aunque-el-rey-no-se-entere\/","url":"https:\/\/www.revistarambla.com\/las-calles-seran-siempre-nuestras-aunque-el-rey-no-se-entere\/","name":"\u00ab\u00a1Las calles ser\u00e1n siempre nuestras!\u00bb, aunque el rey no se entere - Revista Rambla","isPartOf":{"@id":"https:\/\/www.revistarambla.com\/#website"},"primaryImageOfPage":{"@id":"https:\/\/www.revistarambla.com\/las-calles-seran-siempre-nuestras-aunque-el-rey-no-se-entere\/#primaryimage"},"image":{"@id":"https:\/\/www.revistarambla.com\/las-calles-seran-siempre-nuestras-aunque-el-rey-no-se-entere\/#primaryimage"},"thumbnailUrl":"https:\/\/www.revistarambla.com\/wp-content\/uploads\/2017\/10\/catalunya-103.jpg","datePublished":"2017-10-04T07:57:00+00:00","dateModified":"2021-12-07T16:47:16+00:00","breadcrumb":{"@id":"https:\/\/www.revistarambla.com\/las-calles-seran-siempre-nuestras-aunque-el-rey-no-se-entere\/#breadcrumb"},"inLanguage":"en-GB","potentialAction":[{"@type":"ReadAction","target":["https:\/\/www.revistarambla.com\/las-calles-seran-siempre-nuestras-aunque-el-rey-no-se-entere\/"]}]},{"@type":"ImageObject","inLanguage":"en-GB","@id":"https:\/\/www.revistarambla.com\/las-calles-seran-siempre-nuestras-aunque-el-rey-no-se-entere\/#primaryimage","url":"https:\/\/www.revistarambla.com\/wp-content\/uploads\/2017\/10\/catalunya-103.jpg","contentUrl":"https:\/\/www.revistarambla.com\/wp-content\/uploads\/2017\/10\/catalunya-103.jpg","width":869,"height":610},{"@type":"BreadcrumbList","@id":"https:\/\/www.revistarambla.com\/las-calles-seran-siempre-nuestras-aunque-el-rey-no-se-entere\/#breadcrumb","itemListElement":[{"@type":"ListItem","position":1,"name":"Portada","item":"https:\/\/www.revistarambla.com\/"},{"@type":"ListItem","position":2,"name":"\u00ab\u00a1Las calles ser\u00e1n siempre nuestras!\u00bb, aunque el rey no se entere"}]},{"@type":"WebSite","@id":"https:\/\/www.revistarambla.com\/#website","url":"https:\/\/www.revistarambla.com\/","name":"Revista Rambla Barcelona","description":"Periodismo independiente","publisher":{"@id":"https:\/\/www.revistarambla.com\/#organization"},"potentialAction":[{"@type":"SearchAction","target":{"@type":"EntryPoint","urlTemplate":"https:\/\/www.revistarambla.com\/?s={search_term_string}"},"query-input":{"@type":"PropertyValueSpecification","valueRequired":true,"valueName":"search_term_string"}}],"inLanguage":"en-GB"},{"@type":"Organization","@id":"https:\/\/www.revistarambla.com\/#organization","name":"Revista Rambla","url":"https:\/\/www.revistarambla.com\/","logo":{"@type":"ImageObject","inLanguage":"en-GB","@id":"https:\/\/www.revistarambla.com\/#\/schema\/logo\/image\/","url":"https:\/\/www.revistarambla.com\/wp-content\/uploads\/2020\/09\/banner_rambla_1900x600_BB.png","contentUrl":"https:\/\/www.revistarambla.com\/wp-content\/uploads\/2020\/09\/banner_rambla_1900x600_BB.png","width":1900,"height":600,"caption":"Revista Rambla"},"image":{"@id":"https:\/\/www.revistarambla.com\/#\/schema\/logo\/image\/"},"sameAs":["https:\/\/www.facebook.com\/revistarambla\/","https:\/\/x.com\/revistarambla","https:\/\/www.instagram.com\/revista_rambla","https:\/\/es.linkedin.com\/company\/revista-rambla"]},{"@type":"Person","@id":"https:\/\/www.revistarambla.com\/#\/schema\/person\/f57e0b5bc0173cd6b95a123fd3fcca75","name":"Ignacio Gonz\u00e1lez Orozco","description":"Editor, periodista y escritor. Autor de libros como 'Annual: todas las guerras, todas las v\u00edctimas' o 'Amores y quebrantos', entre muchos otros.","sameAs":["https:\/\/www.facebook.com\/Ignacio.gonzalezorozco","https:\/\/x.com\/iggonor"]}]}},"_links":{"self":[{"href":"https:\/\/www.revistarambla.com\/en\/wp-json\/wp\/v2\/posts\/13726","targetHints":{"allow":["GET"]}}],"collection":[{"href":"https:\/\/www.revistarambla.com\/en\/wp-json\/wp\/v2\/posts"}],"about":[{"href":"https:\/\/www.revistarambla.com\/en\/wp-json\/wp\/v2\/types\/post"}],"author":[{"embeddable":true,"href":"https:\/\/www.revistarambla.com\/en\/wp-json\/wp\/v2\/users\/21"}],"replies":[{"embeddable":true,"href":"https:\/\/www.revistarambla.com\/en\/wp-json\/wp\/v2\/comments?post=13726"}],"version-history":[{"count":0,"href":"https:\/\/www.revistarambla.com\/en\/wp-json\/wp\/v2\/posts\/13726\/revisions"}],"wp:featuredmedia":[{"embeddable":true,"href":"https:\/\/www.revistarambla.com\/en\/wp-json\/wp\/v2\/media\/13727"}],"wp:attachment":[{"href":"https:\/\/www.revistarambla.com\/en\/wp-json\/wp\/v2\/media?parent=13726"}],"wp:term":[{"taxonomy":"category","embeddable":true,"href":"https:\/\/www.revistarambla.com\/en\/wp-json\/wp\/v2\/categories?post=13726"},{"taxonomy":"post_tag","embeddable":true,"href":"https:\/\/www.revistarambla.com\/en\/wp-json\/wp\/v2\/tags?post=13726"}],"curies":[{"name":"wp","href":"https:\/\/api.w.org\/{rel}","templated":true}]}}