{"id":13698,"date":"2017-10-02T14:13:07","date_gmt":"2017-10-02T12:13:07","guid":{"rendered":"https:\/\/www.revistarambla.com\/?p=13698"},"modified":"2021-04-02T13:40:13","modified_gmt":"2021-04-02T11:40:13","slug":"usamos-nuestros-telefonos-moviles-como-router","status":"publish","type":"post","link":"https:\/\/www.revistarambla.com\/en\/usamos-nuestros-telefonos-moviles-como-router\/","title":{"rendered":"\u201cUsamos nuestros tel\u00e9fonos m\u00f3viles como router\u201d"},"content":{"rendered":"<p style=\"text-align: left;\">Los colegios electorales de Rub\u00ed se salvaron de las cargas policiales en un refer\u00e9ndum muy pac\u00edfico pero lleno de obst\u00e1culos inform\u00e1ticos. La alcaldesa de Rub\u00ed, Ana Mar\u00eda Mart\u00ednez (PSC), decidi\u00f3 no poner ninguna facilidad a sus ciudadanos para que estos pudieran votar en el refer\u00e9ndum del 1 de octubre y no cedi\u00f3 ning\u00fan espacio municipal. As\u00ed lo comunicaba hace cosa de un mes en una carta dirigida al president Puigdemont que compart\u00eda con orgullo en sus redes sociales. A pesar de esto, ayer los rubinenses contaron con siete espacios donde poder depositar su voto: cinco institutos, un centro de d\u00eda para la tercera edad y un centro de atenci\u00f3n primaria.<\/p>\n<p style=\"text-align: left;\">Como en el resto de Catalunya, centenares de personas pasaron la noche en los colegios electorales de Rub\u00ed para mantenerlos abiertos y garantizar el refer\u00e9ndum. Algunos vecinos pr\u00f3ximos a uno de los institutos, descontentos con esta situaci\u00f3n, lanzaron huevos y petardos a los ciudadanos que ocupaban el colegio con el prop\u00f3sito, fallido, de ahuyentarlos. \u00a0Fue alrededor de las cinco de la madrugada cuando los rubinenses empezaron a concentrarse en masa ante las puertas de los espacios de votaci\u00f3n. Entre ellos, Albert, de diecinueve a\u00f1os, nos explic\u00f3 que llegaba con el objetivo de hacer de voluntario en una mesa. Dicho y hecho, cuando los apoderados pidieron voluntarios para constituir las mesas, Albert se posicion\u00f3 el primero de la cola para \u201cpoder vivir en primera persona una jornada hist\u00f3rica\u201d.<\/p>\n<p style=\"text-align: left;\"><img decoding=\"async\" class=\"aligncenter size-full wp-image-13705\" src=\"https:\/\/www.revistarambla.com\/wp-content\/uploads\/2017\/10\/Captura-1.jpg\" alt=\"\" width=\"944\" height=\"555\" srcset=\"https:\/\/www.revistarambla.com\/wp-content\/uploads\/2017\/10\/Captura-1.jpg 944w, https:\/\/www.revistarambla.com\/wp-content\/uploads\/2017\/10\/Captura-1-300x176.jpg 300w, https:\/\/www.revistarambla.com\/wp-content\/uploads\/2017\/10\/Captura-1-768x452.jpg 768w, https:\/\/www.revistarambla.com\/wp-content\/uploads\/2017\/10\/Captura-1-500x294.jpg 500w\" sizes=\"(max-width: 944px) 100vw, 944px\" \/><\/p>\n<p style=\"text-align: left;\">Hacia las siete de la ma\u00f1ana, agentes de los Mossos se acercaron a los colegios donde pasar\u00edan el resto del d\u00eda y, ante la imposibilidad de acceder a los recintos, levantaron acta. La jornada empez\u00f3 con bastante retraso debido a la intervenci\u00f3n del dominio por parte de la autoridad judicial y a varios problemas inform\u00e1ticos que se repitieron a lo largo del d\u00eda. \u201cNos cortaron el wifi y tuvimos que trabajar compartiendo los datos de nuestros tel\u00e9fonos m\u00f3viles y us\u00e1ndolos como router\u201d, explica Albert. Finalmente, la organizaci\u00f3n mont\u00f3 un router, pero se encontr\u00f3 con otro problema: fallos en la web. Esther, apoderada de ERC en otro instituto de Rub\u00ed, nos explica que la web ca\u00eda constantemente y que los miembros de las mesas se vieron obligados en muchas ocasiones a \u201ccontabilizar los votos de manera manual y pasarlos posteriormente al sistema inform\u00e1tico\u201d. Adem\u00e1s, los voluntarios recib\u00edan constantemente mensajes de la organizaci\u00f3n con distintas direcciones IP para solventar la situaci\u00f3n.<\/p>\n<p style=\"text-align: left;\">Los problemas inform\u00e1ticos no fueron los \u00fanicos obst\u00e1culos que se encontraron en los colegios electorales de Rub\u00ed. Como en muchos lugares de Catalu\u00f1a, los rubinenses pasaron el d\u00eda tensos ante la posible llegada de los cuerpos de seguridad. Ariadna, voluntaria en una mesa electoral, nos narra los nervios vividos cuando recibieron el aviso de que la Guardia Civil estaba en Castellbisbal, municipio vecino. Los medios publicaban, a las cuatro de la tarde, im\u00e1genes de la Guardia Civil cargando contra estudiantes menores de edad a 5 kms de donde estaban Albert y Ariadna. \u201cNuestra reacci\u00f3n fue esconder las urnas\u201d, explica la voluntaria, \u201csolo nos quedamos con una que, de alguna forma, ser\u00eda la sacrificada si la Guardia Civil entraba en el colegio\u201d. Cuando esa \u00fanica urna se llenaba de muchas papeletas \u201cla cambi\u00e1bamos por una que estuviera m\u00e1s vac\u00eda, para sacrificar menos votos\u201d, a\u00f1ade Albert.<\/p>\n<p style=\"text-align: left;\">A pesar de la tensi\u00f3n, la ciudad de Rub\u00ed vivi\u00f3 el refer\u00e9ndum de forma pac\u00edfica sin tener que lamentar ning\u00fan episodio de violencia policial como los que, lamentablemente, protagonizaron la jornada de ayer. De hecho, los voluntarios, apoderados, vocales y presidentes de mesa destacan ilusionados distintos aspectos de la jornada. Entre ellos, la colaboraci\u00f3n de los rubinenses al traerles alimentos y bebidas, la gran ovaci\u00f3n a los bomberos de la Generalitat cuando llegaban a los colegios para ejercer su derecho a voto, y la profesionalidad de los Mossos d\u2019Esquadra.<\/p>\n<p style=\"text-align: left;\">A las nueve de la noche, despu\u00e9s del recuento de votos, las urnas vac\u00edas fueron trasladadas desde los distintos colegios electorales hasta la estaci\u00f3n de Rub\u00ed, acompa\u00f1adas por una comitiva de gente. Una vez all\u00ed, se apilaron y, a su alrededor, centenares de rubinenses entonaron Els Segadors y lemas como \u201chem votat\u201d y \u201cels carrers seran sempre nostres\u201d.<\/p>\n<p style=\"text-align: left;\">El Comit\u00e9 de Defensa del Refer\u00e9ndum ha publicado los resultados provisionales de Rub\u00ed, con una participaci\u00f3n de 16.730 votos. El \u201cs\u00ed\u201d se impone con un 85,8% de los votos mientras que el \u201cno\u201d se acerca a los 2.000, superando en tres puntos y medio la media catalana. Esto \u00faltimo no sorprende teniendo en cuenta que Rub\u00ed es una ciudad que se suele asociar con una orientaci\u00f3n distante al independentismo. De hecho, fue el \u00fanico municipio catal\u00e1n donde se celebr\u00f3, el 6 de diciembre, un acto en favor de la Constituci\u00f3n. Por este motivo, a\u00fan es m\u00e1s destacable el car\u00e1cter pac\u00edfico de la jornada del 1 de octubre.<\/p>\n<p><img decoding=\"async\" class=\"size-full wp-image-13699 alignleft\" src=\"https:\/\/www.revistarambla.com\/wp-content\/uploads\/2017\/10\/DLE46eNWkAA7reh.jpg\" alt=\"\" width=\"1200\" height=\"900\" srcset=\"https:\/\/www.revistarambla.com\/wp-content\/uploads\/2017\/10\/DLE46eNWkAA7reh.jpg 1200w, https:\/\/www.revistarambla.com\/wp-content\/uploads\/2017\/10\/DLE46eNWkAA7reh-300x225.jpg 300w, https:\/\/www.revistarambla.com\/wp-content\/uploads\/2017\/10\/DLE46eNWkAA7reh-768x576.jpg 768w, https:\/\/www.revistarambla.com\/wp-content\/uploads\/2017\/10\/DLE46eNWkAA7reh-1024x768.jpg 1024w, https:\/\/www.revistarambla.com\/wp-content\/uploads\/2017\/10\/DLE46eNWkAA7reh-500x375.jpg 500w, https:\/\/www.revistarambla.com\/wp-content\/uploads\/2017\/10\/DLE46eNWkAA7reh-140x105.jpg 140w, https:\/\/www.revistarambla.com\/wp-content\/uploads\/2017\/10\/DLE46eNWkAA7reh-678x509.jpg 678w, https:\/\/www.revistarambla.com\/wp-content\/uploads\/2017\/10\/DLE46eNWkAA7reh-326x245.jpg 326w, https:\/\/www.revistarambla.com\/wp-content\/uploads\/2017\/10\/DLE46eNWkAA7reh-80x60.jpg 80w\" sizes=\"(max-width: 1200px) 100vw, 1200px\" \/><\/p>","protected":false},"excerpt":{"rendered":"<p>Los colegios electorales de Rub\u00ed se salvaron de las cargas policiales en un refer\u00e9ndum muy pac\u00edfico pero lleno de obst\u00e1culos inform\u00e1ticos. La alcaldesa de Rub\u00ed, Ana Mar\u00eda Mart\u00ednez (PSC), decidi\u00f3 no poner ninguna facilidad a sus ciudadanos para que estos pudieran votar en el refer\u00e9ndum del 1 de octubre y [&hellip;]<\/p>\n","protected":false},"author":3,"featured_media":13699,"comment_status":"open","ping_status":"open","sticky":false,"template":"","format":"standard","meta":{"footnotes":""},"categories":[3,59],"tags":[],"class_list":["post-13698","post","type-post","status-publish","format-standard","has-post-thumbnail","hentry","category-actualidad","category-catalunya"],"yoast_head":"<!-- This site is optimized with the Yoast SEO plugin v27.5 - https:\/\/yoast.com\/product\/yoast-seo-wordpress\/ -->\n<title>\u201cUsamos nuestros tel\u00e9fonos m\u00f3viles como router\u201d - Revista Rambla<\/title>\n<meta name=\"robots\" content=\"index, follow, max-snippet:-1, max-image-preview:large, max-video-preview:-1\" \/>\n<link rel=\"canonical\" href=\"https:\/\/www.revistarambla.com\/en\/usamos-nuestros-telefonos-moviles-como-router\/\" \/>\n<meta property=\"og:locale\" content=\"en_GB\" \/>\n<meta property=\"og:type\" content=\"article\" \/>\n<meta property=\"og:title\" content=\"\u201cUsamos nuestros tel\u00e9fonos m\u00f3viles como router\u201d - Revista Rambla\" \/>\n<meta property=\"og:description\" content=\"Los colegios electorales de Rub\u00ed se salvaron de las cargas policiales en un refer\u00e9ndum muy pac\u00edfico pero lleno de obst\u00e1culos inform\u00e1ticos. La alcaldesa de Rub\u00ed, Ana Mar\u00eda Mart\u00ednez (PSC), decidi\u00f3 no poner ninguna facilidad a sus ciudadanos para que estos pudieran votar en el refer\u00e9ndum del 1 de octubre y [&hellip;]\" \/>\n<meta property=\"og:url\" content=\"https:\/\/www.revistarambla.com\/en\/usamos-nuestros-telefonos-moviles-como-router\/\" \/>\n<meta property=\"og:site_name\" content=\"Revista Rambla\" \/>\n<meta property=\"article:publisher\" content=\"https:\/\/www.facebook.com\/revistarambla\/\" \/>\n<meta property=\"article:author\" content=\"https:\/\/www.facebook.com\/revistarambla\" \/>\n<meta property=\"article:published_time\" content=\"2017-10-02T12:13:07+00:00\" \/>\n<meta property=\"article:modified_time\" content=\"2021-04-02T11:40:13+00:00\" \/>\n<meta property=\"og:image\" content=\"https:\/\/i2.wp.com\/www.revistarambla.com\/wp-content\/uploads\/2017\/10\/DLE46eNWkAA7reh.jpg?fit=1200%2C900&ssl=1\" \/>\n\t<meta property=\"og:image:width\" content=\"1200\" \/>\n\t<meta property=\"og:image:height\" content=\"900\" \/>\n\t<meta property=\"og:image:type\" content=\"image\/jpeg\" \/>\n<meta name=\"author\" content=\"Raquel Vilella\" \/>\n<meta name=\"twitter:card\" content=\"summary_large_image\" \/>\n<meta name=\"twitter:creator\" content=\"@revistarambla\" \/>\n<meta name=\"twitter:site\" content=\"@revistarambla\" \/>\n<meta name=\"twitter:label1\" content=\"Written by\" \/>\n\t<meta name=\"twitter:data1\" content=\"Raquel Vilella\" \/>\n\t<meta name=\"twitter:label2\" content=\"Estimated reading time\" \/>\n\t<meta name=\"twitter:data2\" content=\"4 minutes\" \/>\n<script type=\"application\/ld+json\" class=\"yoast-schema-graph\">{\"@context\":\"https:\\\/\\\/schema.org\",\"@graph\":[{\"@type\":\"Article\",\"@id\":\"https:\\\/\\\/www.revistarambla.com\\\/usamos-nuestros-telefonos-moviles-como-router\\\/#article\",\"isPartOf\":{\"@id\":\"https:\\\/\\\/www.revistarambla.com\\\/usamos-nuestros-telefonos-moviles-como-router\\\/\"},\"author\":{\"name\":\"Raquel Vilella\",\"@id\":\"https:\\\/\\\/www.revistarambla.com\\\/#\\\/schema\\\/person\\\/a146a5a2550b94981a75131180e1bd9c\"},\"headline\":\"\u201cUsamos nuestros tel\u00e9fonos m\u00f3viles como router\u201d\",\"datePublished\":\"2017-10-02T12:13:07+00:00\",\"dateModified\":\"2021-04-02T11:40:13+00:00\",\"mainEntityOfPage\":{\"@id\":\"https:\\\/\\\/www.revistarambla.com\\\/usamos-nuestros-telefonos-moviles-como-router\\\/\"},\"wordCount\":860,\"commentCount\":0,\"publisher\":{\"@id\":\"https:\\\/\\\/www.revistarambla.com\\\/#organization\"},\"image\":{\"@id\":\"https:\\\/\\\/www.revistarambla.com\\\/usamos-nuestros-telefonos-moviles-como-router\\\/#primaryimage\"},\"thumbnailUrl\":\"https:\\\/\\\/www.revistarambla.com\\\/wp-content\\\/uploads\\\/2017\\\/10\\\/DLE46eNWkAA7reh.jpg\",\"articleSection\":[\"Actualidad\",\"Catalunya\"],\"inLanguage\":\"en-GB\",\"potentialAction\":[{\"@type\":\"CommentAction\",\"name\":\"Comment\",\"target\":[\"https:\\\/\\\/www.revistarambla.com\\\/usamos-nuestros-telefonos-moviles-como-router\\\/#respond\"]}]},{\"@type\":\"WebPage\",\"@id\":\"https:\\\/\\\/www.revistarambla.com\\\/usamos-nuestros-telefonos-moviles-como-router\\\/\",\"url\":\"https:\\\/\\\/www.revistarambla.com\\\/usamos-nuestros-telefonos-moviles-como-router\\\/\",\"name\":\"\u201cUsamos nuestros tel\u00e9fonos m\u00f3viles como router\u201d - Revista Rambla\",\"isPartOf\":{\"@id\":\"https:\\\/\\\/www.revistarambla.com\\\/#website\"},\"primaryImageOfPage\":{\"@id\":\"https:\\\/\\\/www.revistarambla.com\\\/usamos-nuestros-telefonos-moviles-como-router\\\/#primaryimage\"},\"image\":{\"@id\":\"https:\\\/\\\/www.revistarambla.com\\\/usamos-nuestros-telefonos-moviles-como-router\\\/#primaryimage\"},\"thumbnailUrl\":\"https:\\\/\\\/www.revistarambla.com\\\/wp-content\\\/uploads\\\/2017\\\/10\\\/DLE46eNWkAA7reh.jpg\",\"datePublished\":\"2017-10-02T12:13:07+00:00\",\"dateModified\":\"2021-04-02T11:40:13+00:00\",\"breadcrumb\":{\"@id\":\"https:\\\/\\\/www.revistarambla.com\\\/usamos-nuestros-telefonos-moviles-como-router\\\/#breadcrumb\"},\"inLanguage\":\"en-GB\",\"potentialAction\":[{\"@type\":\"ReadAction\",\"target\":[\"https:\\\/\\\/www.revistarambla.com\\\/usamos-nuestros-telefonos-moviles-como-router\\\/\"]}]},{\"@type\":\"ImageObject\",\"inLanguage\":\"en-GB\",\"@id\":\"https:\\\/\\\/www.revistarambla.com\\\/usamos-nuestros-telefonos-moviles-como-router\\\/#primaryimage\",\"url\":\"https:\\\/\\\/www.revistarambla.com\\\/wp-content\\\/uploads\\\/2017\\\/10\\\/DLE46eNWkAA7reh.jpg\",\"contentUrl\":\"https:\\\/\\\/www.revistarambla.com\\\/wp-content\\\/uploads\\\/2017\\\/10\\\/DLE46eNWkAA7reh.jpg\",\"width\":1200,\"height\":900},{\"@type\":\"BreadcrumbList\",\"@id\":\"https:\\\/\\\/www.revistarambla.com\\\/usamos-nuestros-telefonos-moviles-como-router\\\/#breadcrumb\",\"itemListElement\":[{\"@type\":\"ListItem\",\"position\":1,\"name\":\"Portada\",\"item\":\"https:\\\/\\\/www.revistarambla.com\\\/\"},{\"@type\":\"ListItem\",\"position\":2,\"name\":\"\u201cUsamos nuestros tel\u00e9fonos m\u00f3viles como router\u201d\"}]},{\"@type\":\"WebSite\",\"@id\":\"https:\\\/\\\/www.revistarambla.com\\\/#website\",\"url\":\"https:\\\/\\\/www.revistarambla.com\\\/\",\"name\":\"Revista Rambla Barcelona\",\"description\":\"Periodismo independiente\",\"publisher\":{\"@id\":\"https:\\\/\\\/www.revistarambla.com\\\/#organization\"},\"potentialAction\":[{\"@type\":\"SearchAction\",\"target\":{\"@type\":\"EntryPoint\",\"urlTemplate\":\"https:\\\/\\\/www.revistarambla.com\\\/?s={search_term_string}\"},\"query-input\":{\"@type\":\"PropertyValueSpecification\",\"valueRequired\":true,\"valueName\":\"search_term_string\"}}],\"inLanguage\":\"en-GB\"},{\"@type\":\"Organization\",\"@id\":\"https:\\\/\\\/www.revistarambla.com\\\/#organization\",\"name\":\"Revista Rambla\",\"url\":\"https:\\\/\\\/www.revistarambla.com\\\/\",\"logo\":{\"@type\":\"ImageObject\",\"inLanguage\":\"en-GB\",\"@id\":\"https:\\\/\\\/www.revistarambla.com\\\/#\\\/schema\\\/logo\\\/image\\\/\",\"url\":\"https:\\\/\\\/www.revistarambla.com\\\/wp-content\\\/uploads\\\/2020\\\/09\\\/banner_rambla_1900x600_BB.png\",\"contentUrl\":\"https:\\\/\\\/www.revistarambla.com\\\/wp-content\\\/uploads\\\/2020\\\/09\\\/banner_rambla_1900x600_BB.png\",\"width\":1900,\"height\":600,\"caption\":\"Revista Rambla\"},\"image\":{\"@id\":\"https:\\\/\\\/www.revistarambla.com\\\/#\\\/schema\\\/logo\\\/image\\\/\"},\"sameAs\":[\"https:\\\/\\\/www.facebook.com\\\/revistarambla\\\/\",\"https:\\\/\\\/x.com\\\/revistarambla\",\"https:\\\/\\\/www.instagram.com\\\/revista_rambla\",\"https:\\\/\\\/es.linkedin.com\\\/company\\\/revista-rambla\"]},{\"@type\":\"Person\",\"@id\":\"https:\\\/\\\/www.revistarambla.com\\\/#\\\/schema\\\/person\\\/a146a5a2550b94981a75131180e1bd9c\",\"name\":\"Raquel Vilella\",\"description\":\"Periodista y profesora.\",\"sameAs\":[\"https:\\\/\\\/www.facebook.com\\\/revistarambla\",\"https:\\\/\\\/x.com\\\/revistarambla\"]}]}<\/script>\n<!-- \/ Yoast SEO plugin. -->","yoast_head_json":{"title":"\u201cUsamos nuestros tel\u00e9fonos m\u00f3viles como router\u201d - Revista Rambla","robots":{"index":"index","follow":"follow","max-snippet":"max-snippet:-1","max-image-preview":"max-image-preview:large","max-video-preview":"max-video-preview:-1"},"canonical":"https:\/\/www.revistarambla.com\/en\/usamos-nuestros-telefonos-moviles-como-router\/","og_locale":"en_GB","og_type":"article","og_title":"\u201cUsamos nuestros tel\u00e9fonos m\u00f3viles como router\u201d - Revista Rambla","og_description":"Los colegios electorales de Rub\u00ed se salvaron de las cargas policiales en un refer\u00e9ndum muy pac\u00edfico pero lleno de obst\u00e1culos inform\u00e1ticos. La alcaldesa de Rub\u00ed, Ana Mar\u00eda Mart\u00ednez (PSC), decidi\u00f3 no poner ninguna facilidad a sus ciudadanos para que estos pudieran votar en el refer\u00e9ndum del 1 de octubre y [&hellip;]","og_url":"https:\/\/www.revistarambla.com\/en\/usamos-nuestros-telefonos-moviles-como-router\/","og_site_name":"Revista Rambla","article_publisher":"https:\/\/www.facebook.com\/revistarambla\/","article_author":"https:\/\/www.facebook.com\/revistarambla","article_published_time":"2017-10-02T12:13:07+00:00","article_modified_time":"2021-04-02T11:40:13+00:00","og_image":[{"width":1200,"height":900,"url":"https:\/\/i2.wp.com\/www.revistarambla.com\/wp-content\/uploads\/2017\/10\/DLE46eNWkAA7reh.jpg?fit=1200%2C900&ssl=1","type":"image\/jpeg"}],"author":"Raquel Vilella","twitter_card":"summary_large_image","twitter_creator":"@revistarambla","twitter_site":"@revistarambla","twitter_misc":{"Written by":"Raquel Vilella","Estimated reading time":"4 minutes"},"schema":{"@context":"https:\/\/schema.org","@graph":[{"@type":"Article","@id":"https:\/\/www.revistarambla.com\/usamos-nuestros-telefonos-moviles-como-router\/#article","isPartOf":{"@id":"https:\/\/www.revistarambla.com\/usamos-nuestros-telefonos-moviles-como-router\/"},"author":{"name":"Raquel Vilella","@id":"https:\/\/www.revistarambla.com\/#\/schema\/person\/a146a5a2550b94981a75131180e1bd9c"},"headline":"\u201cUsamos nuestros tel\u00e9fonos m\u00f3viles como router\u201d","datePublished":"2017-10-02T12:13:07+00:00","dateModified":"2021-04-02T11:40:13+00:00","mainEntityOfPage":{"@id":"https:\/\/www.revistarambla.com\/usamos-nuestros-telefonos-moviles-como-router\/"},"wordCount":860,"commentCount":0,"publisher":{"@id":"https:\/\/www.revistarambla.com\/#organization"},"image":{"@id":"https:\/\/www.revistarambla.com\/usamos-nuestros-telefonos-moviles-como-router\/#primaryimage"},"thumbnailUrl":"https:\/\/www.revistarambla.com\/wp-content\/uploads\/2017\/10\/DLE46eNWkAA7reh.jpg","articleSection":["Actualidad","Catalunya"],"inLanguage":"en-GB","potentialAction":[{"@type":"CommentAction","name":"Comment","target":["https:\/\/www.revistarambla.com\/usamos-nuestros-telefonos-moviles-como-router\/#respond"]}]},{"@type":"WebPage","@id":"https:\/\/www.revistarambla.com\/usamos-nuestros-telefonos-moviles-como-router\/","url":"https:\/\/www.revistarambla.com\/usamos-nuestros-telefonos-moviles-como-router\/","name":"\u201cUsamos nuestros tel\u00e9fonos m\u00f3viles como router\u201d - Revista Rambla","isPartOf":{"@id":"https:\/\/www.revistarambla.com\/#website"},"primaryImageOfPage":{"@id":"https:\/\/www.revistarambla.com\/usamos-nuestros-telefonos-moviles-como-router\/#primaryimage"},"image":{"@id":"https:\/\/www.revistarambla.com\/usamos-nuestros-telefonos-moviles-como-router\/#primaryimage"},"thumbnailUrl":"https:\/\/www.revistarambla.com\/wp-content\/uploads\/2017\/10\/DLE46eNWkAA7reh.jpg","datePublished":"2017-10-02T12:13:07+00:00","dateModified":"2021-04-02T11:40:13+00:00","breadcrumb":{"@id":"https:\/\/www.revistarambla.com\/usamos-nuestros-telefonos-moviles-como-router\/#breadcrumb"},"inLanguage":"en-GB","potentialAction":[{"@type":"ReadAction","target":["https:\/\/www.revistarambla.com\/usamos-nuestros-telefonos-moviles-como-router\/"]}]},{"@type":"ImageObject","inLanguage":"en-GB","@id":"https:\/\/www.revistarambla.com\/usamos-nuestros-telefonos-moviles-como-router\/#primaryimage","url":"https:\/\/www.revistarambla.com\/wp-content\/uploads\/2017\/10\/DLE46eNWkAA7reh.jpg","contentUrl":"https:\/\/www.revistarambla.com\/wp-content\/uploads\/2017\/10\/DLE46eNWkAA7reh.jpg","width":1200,"height":900},{"@type":"BreadcrumbList","@id":"https:\/\/www.revistarambla.com\/usamos-nuestros-telefonos-moviles-como-router\/#breadcrumb","itemListElement":[{"@type":"ListItem","position":1,"name":"Portada","item":"https:\/\/www.revistarambla.com\/"},{"@type":"ListItem","position":2,"name":"\u201cUsamos nuestros tel\u00e9fonos m\u00f3viles como router\u201d"}]},{"@type":"WebSite","@id":"https:\/\/www.revistarambla.com\/#website","url":"https:\/\/www.revistarambla.com\/","name":"Revista Rambla Barcelona","description":"Periodismo independiente","publisher":{"@id":"https:\/\/www.revistarambla.com\/#organization"},"potentialAction":[{"@type":"SearchAction","target":{"@type":"EntryPoint","urlTemplate":"https:\/\/www.revistarambla.com\/?s={search_term_string}"},"query-input":{"@type":"PropertyValueSpecification","valueRequired":true,"valueName":"search_term_string"}}],"inLanguage":"en-GB"},{"@type":"Organization","@id":"https:\/\/www.revistarambla.com\/#organization","name":"Revista Rambla","url":"https:\/\/www.revistarambla.com\/","logo":{"@type":"ImageObject","inLanguage":"en-GB","@id":"https:\/\/www.revistarambla.com\/#\/schema\/logo\/image\/","url":"https:\/\/www.revistarambla.com\/wp-content\/uploads\/2020\/09\/banner_rambla_1900x600_BB.png","contentUrl":"https:\/\/www.revistarambla.com\/wp-content\/uploads\/2020\/09\/banner_rambla_1900x600_BB.png","width":1900,"height":600,"caption":"Revista Rambla"},"image":{"@id":"https:\/\/www.revistarambla.com\/#\/schema\/logo\/image\/"},"sameAs":["https:\/\/www.facebook.com\/revistarambla\/","https:\/\/x.com\/revistarambla","https:\/\/www.instagram.com\/revista_rambla","https:\/\/es.linkedin.com\/company\/revista-rambla"]},{"@type":"Person","@id":"https:\/\/www.revistarambla.com\/#\/schema\/person\/a146a5a2550b94981a75131180e1bd9c","name":"Raquel Vilella","description":"Periodista y profesora.","sameAs":["https:\/\/www.facebook.com\/revistarambla","https:\/\/x.com\/revistarambla"]}]}},"_links":{"self":[{"href":"https:\/\/www.revistarambla.com\/en\/wp-json\/wp\/v2\/posts\/13698","targetHints":{"allow":["GET"]}}],"collection":[{"href":"https:\/\/www.revistarambla.com\/en\/wp-json\/wp\/v2\/posts"}],"about":[{"href":"https:\/\/www.revistarambla.com\/en\/wp-json\/wp\/v2\/types\/post"}],"author":[{"embeddable":true,"href":"https:\/\/www.revistarambla.com\/en\/wp-json\/wp\/v2\/users\/3"}],"replies":[{"embeddable":true,"href":"https:\/\/www.revistarambla.com\/en\/wp-json\/wp\/v2\/comments?post=13698"}],"version-history":[{"count":0,"href":"https:\/\/www.revistarambla.com\/en\/wp-json\/wp\/v2\/posts\/13698\/revisions"}],"wp:featuredmedia":[{"embeddable":true,"href":"https:\/\/www.revistarambla.com\/en\/wp-json\/wp\/v2\/media\/13699"}],"wp:attachment":[{"href":"https:\/\/www.revistarambla.com\/en\/wp-json\/wp\/v2\/media?parent=13698"}],"wp:term":[{"taxonomy":"category","embeddable":true,"href":"https:\/\/www.revistarambla.com\/en\/wp-json\/wp\/v2\/categories?post=13698"},{"taxonomy":"post_tag","embeddable":true,"href":"https:\/\/www.revistarambla.com\/en\/wp-json\/wp\/v2\/tags?post=13698"}],"curies":[{"name":"wp","href":"https:\/\/api.w.org\/{rel}","templated":true}]}}