{"id":13692,"date":"2017-10-02T07:00:40","date_gmt":"2017-10-02T05:00:40","guid":{"rendered":"https:\/\/www.revistarambla.com\/?p=13692"},"modified":"2021-02-04T19:15:31","modified_gmt":"2021-02-04T18:15:31","slug":"granada-con-catalunya","status":"publish","type":"post","link":"https:\/\/www.revistarambla.com\/en\/granada-con-catalunya\/","title":{"rendered":"Granada con Catalunya"},"content":{"rendered":"<p>La ciudad de Granada ha respaldado el derecho a decidir del pueblo catal\u00e1n con una manifestaci\u00f3n el mismo d\u00eda en el que Catalu\u00f1a votaba su refer\u00e9ndum de independencia. O lo intentaba, porque las noticias que llegan es que la impotencia del gobierno de Madrid se ha transformado en una violencia nunca vista en las muchas concentraciones multitudinarias que han realizado las organizaciones independentistas en los \u00faltimos cinco a\u00f1os.<\/p>\n<p><img decoding=\"async\" class=\"aligncenter size-full wp-image-13694\" src=\"https:\/\/www.revistarambla.com\/wp-content\/uploads\/2017\/10\/granada-02.jpg\" alt=\"\" width=\"1111\" height=\"655\" srcset=\"https:\/\/www.revistarambla.com\/wp-content\/uploads\/2017\/10\/granada-02.jpg 1111w, https:\/\/www.revistarambla.com\/wp-content\/uploads\/2017\/10\/granada-02-300x177.jpg 300w, https:\/\/www.revistarambla.com\/wp-content\/uploads\/2017\/10\/granada-02-768x453.jpg 768w, https:\/\/www.revistarambla.com\/wp-content\/uploads\/2017\/10\/granada-02-1024x604.jpg 1024w, https:\/\/www.revistarambla.com\/wp-content\/uploads\/2017\/10\/granada-02-500x295.jpg 500w\" sizes=\"(max-width: 1111px) 100vw, 1111px\" \/><\/p>\n<p>El sabado, 30 de septiembre) Granada fue presa de una fiebre rojigualda, como si la ciudad celebrara un congreso de estanqueros. Donde con mayor fervor ondearon de banderas, fue en las avenidas que hoy recorrer\u00e1 la manifestaci\u00f3n: calle Reyes Cat\u00f3licos, plaza de Isabel la Cat\u00f3lica y Gran V\u00eda de Col\u00f3n (s\u00f3lo los nombres ya dan un cierto repel\u00fas), lo que no augura nada bueno. Y es que \u00e9sta es la zona donde viven los ricos del lugar, esa burgues\u00eda que Federico Garc\u00eda Lorca defini\u00f3 en 1936 como la peor de Espa\u00f1a.<\/p>\n<p>Minutos antes de medio d\u00eda, cuando est\u00e1 previsto que la cabecera se ponga en marcha, unos cientos de manifestantes llenan la plaza del Carmen, donde se encuentra el ayuntamiento granadino, un antiguo convento carmelita coronado por una pol\u00e9mica escultura ecuestre del artista Guillermo P\u00e9rez Villalta. Hay casi tantas banderas como cabezas, siendo su <em>best-seller<\/em> la andaluza \u201cestelada\u201d, tambi\u00e9n las del Sindicato Andaluz de Trabajadores, rojas, tricolor y la de algunos partidos de la izquierda extraparlamentaria. Al ritmo que crece la concentraci\u00f3n, van apareciendo algunas esteladas catalanas \u2013versi\u00f3n azul (conservadora) y amarilla (izquierdista), aunque esa sutileza aqu\u00ed pasa desapercibida\u2013.<\/p>\n<p>Antes de que arranque la cabecera, aparece la primera provocaci\u00f3n en forma de una atractiva joven vestida de rojo, con una bandera borb\u00f3nica constitucional, que es la moda de este oto\u00f1o. Suben los decibelios sin llegar la cosa a mayores. Cuando la joven se aburre de adoptar poses toreras, se va con cara de satisfacci\u00f3n.<\/p>\n<p>La pancarta que encabeza la marcha tiene el dibujo de una urna donde una mano introduce una \u201csenyera\u201d, y la leyenda: EL PUEBLO ANDALUZ POR EL DERECHO A DECIDIR. Cuando arranca la manifestaci\u00f3n, mi ojo de mal cubero me dice que ya hemos superado el millar de catalano-solidarios. Hasta llegar a la Gran V\u00eda, todo transcurre con normalidad y gran sorpresa de los turistas que deambulan buscando la Catedral y\/o la Alhambra. Quiz\u00e1s ya pasemos de los dos mil, pero tambi\u00e9n van apareciendo los provocadores envueltos en banderas de una Constituci\u00f3n que no votaron y que ahora la gritan a cada instante. Estamos en territorio comanche, en la Gran V\u00eda no viven jornaleros. Muchos paseantes sin banderas, como algunas se\u00f1oras enjoyadas que salen de misa, cantan por lo bajinis \u201cyo zoy esta\u00f1\u00f3, espa\u00f1\u00f3 espa\u00f1\u00f3\u201d mientras miran pasar la manifestaci\u00f3n con cara de asco.<\/p>\n<p>Los uniformados hacen un trabajo espl\u00e9ndido apartando a los provocadores con empujones suaves y frases intimidatorias. S\u00f3lo aparecen las porras en el momento que un manifestante pierde la paciencia y descarga su bandera en la cabeza de un ciclista que, enfundado en un \u201cmaillot\u201d de la selecci\u00f3n espa\u00f1ola de f\u00fatbol, se ha puesto a increpar la marcha. Pero las enfundan otra vez sin utilizarlas.<\/p>\n<p>Los ciclistas deportivos han debido de desayunar criadillas de toro, porque son varios los que detienen sus caras bicis para insultar las ideas y a los participantes de la marcha. Se lleva la palma un hombre de largas patillas que dirige la marcha, meg\u00e1fono en mano, pero como se trata de un \u201cveterano de guerra\u201d, ni se inmuta. Un ciclista exaltado lo sigue durante un buen trecho dirigi\u00e9ndole los m\u00e1s horribles y personalizados insultos.<\/p>\n<p>La Subdelegaci\u00f3n del Gobierno se encuentra en el centenario Palacio M\u00fcller, casi al final de la Gran V\u00eda. (El nombre viene de sus primeros propietarios, una familia de arist\u00f3cratas alemanes que llegaron a Granada con el emperador Carlos I, y que no disolvieron sus apellidos porque, durante siglos, regresaban a Alemania para casarse.) Al llegar la cabecera de la manifestaci\u00f3n, la gente se coloca al rededor de la pancarta y el hombre de las patillas y el temple, lee el manifiesto. Tambi\u00e9n da instrucciones para como disolvernos \u2013sin prisas\u2013 evitando a los grupos de provocadores, que han crecido y se han organizado como una peque\u00f1a manifestaci\u00f3n ilegal que corta la retirada por la Gran V\u00eda.<\/p>\n<p>Por la megafon\u00eda suena la sardana La Santa Espina (<em>Som i serem gent catalana \/ tant si es vol com si no es vol, \/ que no hi ha terra m\u00e9s ufana \/ sota la capa del sol<\/em>), al tiempo que descubro que me he quedado sin bater\u00eda en la c\u00e1mara. Es el momento de abandonar la manifestaci\u00f3n. Marcho en direcci\u00f3n de la avenida de la Constituci\u00f3n, poniendo cara de turista cada vez que me cruzo con una bandera espa\u00f1ola.<\/p>\n<p><img decoding=\"async\" class=\"aligncenter size-full wp-image-13695\" src=\"https:\/\/www.revistarambla.com\/wp-content\/uploads\/2017\/10\/granada-03.jpg\" alt=\"\" width=\"1093\" height=\"773\" srcset=\"https:\/\/www.revistarambla.com\/wp-content\/uploads\/2017\/10\/granada-03.jpg 1093w, https:\/\/www.revistarambla.com\/wp-content\/uploads\/2017\/10\/granada-03-300x212.jpg 300w, https:\/\/www.revistarambla.com\/wp-content\/uploads\/2017\/10\/granada-03-768x543.jpg 768w, https:\/\/www.revistarambla.com\/wp-content\/uploads\/2017\/10\/granada-03-1024x724.jpg 1024w, https:\/\/www.revistarambla.com\/wp-content\/uploads\/2017\/10\/granada-03-500x354.jpg 500w\" sizes=\"(max-width: 1093px) 100vw, 1093px\" \/><\/p>","protected":false},"excerpt":{"rendered":"<p>La ciudad de Granada ha respaldado el derecho a decidir del pueblo catal\u00e1n con una manifestaci\u00f3n el mismo d\u00eda en el que Catalu\u00f1a votaba su refer\u00e9ndum de independencia. O lo intentaba, porque las noticias que llegan es que la impotencia del gobierno de Madrid se ha transformado en una violencia [&hellip;]<\/p>\n","protected":false},"author":15,"featured_media":13693,"comment_status":"open","ping_status":"open","sticky":false,"template":"","format":"standard","meta":{"footnotes":""},"categories":[3,59,58],"tags":[],"class_list":["post-13692","post","type-post","status-publish","format-standard","has-post-thumbnail","hentry","category-actualidad","category-catalunya","category-estado-espanol"],"yoast_head":"<!-- This site is optimized with the Yoast SEO plugin v27.5 - https:\/\/yoast.com\/product\/yoast-seo-wordpress\/ -->\n<title>Granada con Catalunya - Revista Rambla<\/title>\n<meta name=\"robots\" content=\"index, follow, max-snippet:-1, max-image-preview:large, max-video-preview:-1\" \/>\n<link rel=\"canonical\" href=\"https:\/\/www.revistarambla.com\/en\/granada-con-catalunya\/\" \/>\n<meta property=\"og:locale\" content=\"en_GB\" \/>\n<meta property=\"og:type\" content=\"article\" \/>\n<meta property=\"og:title\" content=\"Granada con Catalunya - Revista Rambla\" \/>\n<meta property=\"og:description\" content=\"La ciudad de Granada ha respaldado el derecho a decidir del pueblo catal\u00e1n con una manifestaci\u00f3n el mismo d\u00eda en el que Catalu\u00f1a votaba su refer\u00e9ndum de independencia. O lo intentaba, porque las noticias que llegan es que la impotencia del gobierno de Madrid se ha transformado en una violencia [&hellip;]\" \/>\n<meta property=\"og:url\" content=\"https:\/\/www.revistarambla.com\/en\/granada-con-catalunya\/\" \/>\n<meta property=\"og:site_name\" content=\"Revista Rambla\" \/>\n<meta property=\"article:publisher\" content=\"https:\/\/www.facebook.com\/revistarambla\/\" \/>\n<meta property=\"article:published_time\" content=\"2017-10-02T05:00:40+00:00\" \/>\n<meta property=\"article:modified_time\" content=\"2021-02-04T18:15:31+00:00\" \/>\n<meta property=\"og:image\" content=\"https:\/\/i2.wp.com\/www.revistarambla.com\/wp-content\/uploads\/2017\/10\/granada-04.jpg?fit=618%2C462&ssl=1\" \/>\n\t<meta property=\"og:image:width\" content=\"618\" \/>\n\t<meta property=\"og:image:height\" content=\"462\" \/>\n\t<meta property=\"og:image:type\" content=\"image\/jpeg\" \/>\n<meta name=\"author\" content=\"Josep M. Maya\" \/>\n<meta name=\"twitter:card\" content=\"summary_large_image\" \/>\n<meta name=\"twitter:creator\" content=\"@revistarambla\" \/>\n<meta name=\"twitter:site\" content=\"@revistarambla\" \/>\n<meta name=\"twitter:label1\" content=\"Written by\" \/>\n\t<meta name=\"twitter:data1\" content=\"Josep M. Maya\" \/>\n\t<meta name=\"twitter:label2\" content=\"Estimated reading time\" \/>\n\t<meta name=\"twitter:data2\" content=\"4 minutes\" \/>\n<script type=\"application\/ld+json\" class=\"yoast-schema-graph\">{\"@context\":\"https:\\\/\\\/schema.org\",\"@graph\":[{\"@type\":\"Article\",\"@id\":\"https:\\\/\\\/www.revistarambla.com\\\/granada-con-catalunya\\\/#article\",\"isPartOf\":{\"@id\":\"https:\\\/\\\/www.revistarambla.com\\\/granada-con-catalunya\\\/\"},\"author\":{\"name\":\"Josep M. Maya\",\"@id\":\"https:\\\/\\\/www.revistarambla.com\\\/#\\\/schema\\\/person\\\/2b19179a8ace334b829ad72cc6e6ce97\"},\"headline\":\"Granada con Catalunya\",\"datePublished\":\"2017-10-02T05:00:40+00:00\",\"dateModified\":\"2021-02-04T18:15:31+00:00\",\"mainEntityOfPage\":{\"@id\":\"https:\\\/\\\/www.revistarambla.com\\\/granada-con-catalunya\\\/\"},\"wordCount\":846,\"commentCount\":0,\"publisher\":{\"@id\":\"https:\\\/\\\/www.revistarambla.com\\\/#organization\"},\"image\":{\"@id\":\"https:\\\/\\\/www.revistarambla.com\\\/granada-con-catalunya\\\/#primaryimage\"},\"thumbnailUrl\":\"https:\\\/\\\/www.revistarambla.com\\\/wp-content\\\/uploads\\\/2017\\\/10\\\/granada-04.jpg\",\"articleSection\":[\"Actualidad\",\"Catalunya\",\"Estado Espa\u00f1ol\"],\"inLanguage\":\"en-GB\",\"potentialAction\":[{\"@type\":\"CommentAction\",\"name\":\"Comment\",\"target\":[\"https:\\\/\\\/www.revistarambla.com\\\/granada-con-catalunya\\\/#respond\"]}]},{\"@type\":\"WebPage\",\"@id\":\"https:\\\/\\\/www.revistarambla.com\\\/granada-con-catalunya\\\/\",\"url\":\"https:\\\/\\\/www.revistarambla.com\\\/granada-con-catalunya\\\/\",\"name\":\"Granada con Catalunya - Revista Rambla\",\"isPartOf\":{\"@id\":\"https:\\\/\\\/www.revistarambla.com\\\/#website\"},\"primaryImageOfPage\":{\"@id\":\"https:\\\/\\\/www.revistarambla.com\\\/granada-con-catalunya\\\/#primaryimage\"},\"image\":{\"@id\":\"https:\\\/\\\/www.revistarambla.com\\\/granada-con-catalunya\\\/#primaryimage\"},\"thumbnailUrl\":\"https:\\\/\\\/www.revistarambla.com\\\/wp-content\\\/uploads\\\/2017\\\/10\\\/granada-04.jpg\",\"datePublished\":\"2017-10-02T05:00:40+00:00\",\"dateModified\":\"2021-02-04T18:15:31+00:00\",\"breadcrumb\":{\"@id\":\"https:\\\/\\\/www.revistarambla.com\\\/granada-con-catalunya\\\/#breadcrumb\"},\"inLanguage\":\"en-GB\",\"potentialAction\":[{\"@type\":\"ReadAction\",\"target\":[\"https:\\\/\\\/www.revistarambla.com\\\/granada-con-catalunya\\\/\"]}]},{\"@type\":\"ImageObject\",\"inLanguage\":\"en-GB\",\"@id\":\"https:\\\/\\\/www.revistarambla.com\\\/granada-con-catalunya\\\/#primaryimage\",\"url\":\"https:\\\/\\\/www.revistarambla.com\\\/wp-content\\\/uploads\\\/2017\\\/10\\\/granada-04.jpg\",\"contentUrl\":\"https:\\\/\\\/www.revistarambla.com\\\/wp-content\\\/uploads\\\/2017\\\/10\\\/granada-04.jpg\",\"width\":618,\"height\":462},{\"@type\":\"BreadcrumbList\",\"@id\":\"https:\\\/\\\/www.revistarambla.com\\\/granada-con-catalunya\\\/#breadcrumb\",\"itemListElement\":[{\"@type\":\"ListItem\",\"position\":1,\"name\":\"Portada\",\"item\":\"https:\\\/\\\/www.revistarambla.com\\\/\"},{\"@type\":\"ListItem\",\"position\":2,\"name\":\"Granada con Catalunya\"}]},{\"@type\":\"WebSite\",\"@id\":\"https:\\\/\\\/www.revistarambla.com\\\/#website\",\"url\":\"https:\\\/\\\/www.revistarambla.com\\\/\",\"name\":\"Revista Rambla Barcelona\",\"description\":\"Periodismo independiente\",\"publisher\":{\"@id\":\"https:\\\/\\\/www.revistarambla.com\\\/#organization\"},\"potentialAction\":[{\"@type\":\"SearchAction\",\"target\":{\"@type\":\"EntryPoint\",\"urlTemplate\":\"https:\\\/\\\/www.revistarambla.com\\\/?s={search_term_string}\"},\"query-input\":{\"@type\":\"PropertyValueSpecification\",\"valueRequired\":true,\"valueName\":\"search_term_string\"}}],\"inLanguage\":\"en-GB\"},{\"@type\":\"Organization\",\"@id\":\"https:\\\/\\\/www.revistarambla.com\\\/#organization\",\"name\":\"Revista Rambla\",\"url\":\"https:\\\/\\\/www.revistarambla.com\\\/\",\"logo\":{\"@type\":\"ImageObject\",\"inLanguage\":\"en-GB\",\"@id\":\"https:\\\/\\\/www.revistarambla.com\\\/#\\\/schema\\\/logo\\\/image\\\/\",\"url\":\"https:\\\/\\\/www.revistarambla.com\\\/wp-content\\\/uploads\\\/2020\\\/09\\\/banner_rambla_1900x600_BB.png\",\"contentUrl\":\"https:\\\/\\\/www.revistarambla.com\\\/wp-content\\\/uploads\\\/2020\\\/09\\\/banner_rambla_1900x600_BB.png\",\"width\":1900,\"height\":600,\"caption\":\"Revista Rambla\"},\"image\":{\"@id\":\"https:\\\/\\\/www.revistarambla.com\\\/#\\\/schema\\\/logo\\\/image\\\/\"},\"sameAs\":[\"https:\\\/\\\/www.facebook.com\\\/revistarambla\\\/\",\"https:\\\/\\\/x.com\\\/revistarambla\",\"https:\\\/\\\/www.instagram.com\\\/revista_rambla\",\"https:\\\/\\\/es.linkedin.com\\\/company\\\/revista-rambla\"]},{\"@type\":\"Person\",\"@id\":\"https:\\\/\\\/www.revistarambla.com\\\/#\\\/schema\\\/person\\\/2b19179a8ace334b829ad72cc6e6ce97\",\"name\":\"Josep M. Maya\"}]}<\/script>\n<!-- \/ Yoast SEO plugin. -->","yoast_head_json":{"title":"Granada con Catalunya - Revista Rambla","robots":{"index":"index","follow":"follow","max-snippet":"max-snippet:-1","max-image-preview":"max-image-preview:large","max-video-preview":"max-video-preview:-1"},"canonical":"https:\/\/www.revistarambla.com\/en\/granada-con-catalunya\/","og_locale":"en_GB","og_type":"article","og_title":"Granada con Catalunya - Revista Rambla","og_description":"La ciudad de Granada ha respaldado el derecho a decidir del pueblo catal\u00e1n con una manifestaci\u00f3n el mismo d\u00eda en el que Catalu\u00f1a votaba su refer\u00e9ndum de independencia. O lo intentaba, porque las noticias que llegan es que la impotencia del gobierno de Madrid se ha transformado en una violencia [&hellip;]","og_url":"https:\/\/www.revistarambla.com\/en\/granada-con-catalunya\/","og_site_name":"Revista Rambla","article_publisher":"https:\/\/www.facebook.com\/revistarambla\/","article_published_time":"2017-10-02T05:00:40+00:00","article_modified_time":"2021-02-04T18:15:31+00:00","og_image":[{"width":618,"height":462,"url":"https:\/\/i2.wp.com\/www.revistarambla.com\/wp-content\/uploads\/2017\/10\/granada-04.jpg?fit=618%2C462&ssl=1","type":"image\/jpeg"}],"author":"Josep M. Maya","twitter_card":"summary_large_image","twitter_creator":"@revistarambla","twitter_site":"@revistarambla","twitter_misc":{"Written by":"Josep M. Maya","Estimated reading time":"4 minutes"},"schema":{"@context":"https:\/\/schema.org","@graph":[{"@type":"Article","@id":"https:\/\/www.revistarambla.com\/granada-con-catalunya\/#article","isPartOf":{"@id":"https:\/\/www.revistarambla.com\/granada-con-catalunya\/"},"author":{"name":"Josep M. Maya","@id":"https:\/\/www.revistarambla.com\/#\/schema\/person\/2b19179a8ace334b829ad72cc6e6ce97"},"headline":"Granada con Catalunya","datePublished":"2017-10-02T05:00:40+00:00","dateModified":"2021-02-04T18:15:31+00:00","mainEntityOfPage":{"@id":"https:\/\/www.revistarambla.com\/granada-con-catalunya\/"},"wordCount":846,"commentCount":0,"publisher":{"@id":"https:\/\/www.revistarambla.com\/#organization"},"image":{"@id":"https:\/\/www.revistarambla.com\/granada-con-catalunya\/#primaryimage"},"thumbnailUrl":"https:\/\/www.revistarambla.com\/wp-content\/uploads\/2017\/10\/granada-04.jpg","articleSection":["Actualidad","Catalunya","Estado Espa\u00f1ol"],"inLanguage":"en-GB","potentialAction":[{"@type":"CommentAction","name":"Comment","target":["https:\/\/www.revistarambla.com\/granada-con-catalunya\/#respond"]}]},{"@type":"WebPage","@id":"https:\/\/www.revistarambla.com\/granada-con-catalunya\/","url":"https:\/\/www.revistarambla.com\/granada-con-catalunya\/","name":"Granada con Catalunya - Revista Rambla","isPartOf":{"@id":"https:\/\/www.revistarambla.com\/#website"},"primaryImageOfPage":{"@id":"https:\/\/www.revistarambla.com\/granada-con-catalunya\/#primaryimage"},"image":{"@id":"https:\/\/www.revistarambla.com\/granada-con-catalunya\/#primaryimage"},"thumbnailUrl":"https:\/\/www.revistarambla.com\/wp-content\/uploads\/2017\/10\/granada-04.jpg","datePublished":"2017-10-02T05:00:40+00:00","dateModified":"2021-02-04T18:15:31+00:00","breadcrumb":{"@id":"https:\/\/www.revistarambla.com\/granada-con-catalunya\/#breadcrumb"},"inLanguage":"en-GB","potentialAction":[{"@type":"ReadAction","target":["https:\/\/www.revistarambla.com\/granada-con-catalunya\/"]}]},{"@type":"ImageObject","inLanguage":"en-GB","@id":"https:\/\/www.revistarambla.com\/granada-con-catalunya\/#primaryimage","url":"https:\/\/www.revistarambla.com\/wp-content\/uploads\/2017\/10\/granada-04.jpg","contentUrl":"https:\/\/www.revistarambla.com\/wp-content\/uploads\/2017\/10\/granada-04.jpg","width":618,"height":462},{"@type":"BreadcrumbList","@id":"https:\/\/www.revistarambla.com\/granada-con-catalunya\/#breadcrumb","itemListElement":[{"@type":"ListItem","position":1,"name":"Portada","item":"https:\/\/www.revistarambla.com\/"},{"@type":"ListItem","position":2,"name":"Granada con Catalunya"}]},{"@type":"WebSite","@id":"https:\/\/www.revistarambla.com\/#website","url":"https:\/\/www.revistarambla.com\/","name":"Revista Rambla Barcelona","description":"Periodismo independiente","publisher":{"@id":"https:\/\/www.revistarambla.com\/#organization"},"potentialAction":[{"@type":"SearchAction","target":{"@type":"EntryPoint","urlTemplate":"https:\/\/www.revistarambla.com\/?s={search_term_string}"},"query-input":{"@type":"PropertyValueSpecification","valueRequired":true,"valueName":"search_term_string"}}],"inLanguage":"en-GB"},{"@type":"Organization","@id":"https:\/\/www.revistarambla.com\/#organization","name":"Revista Rambla","url":"https:\/\/www.revistarambla.com\/","logo":{"@type":"ImageObject","inLanguage":"en-GB","@id":"https:\/\/www.revistarambla.com\/#\/schema\/logo\/image\/","url":"https:\/\/www.revistarambla.com\/wp-content\/uploads\/2020\/09\/banner_rambla_1900x600_BB.png","contentUrl":"https:\/\/www.revistarambla.com\/wp-content\/uploads\/2020\/09\/banner_rambla_1900x600_BB.png","width":1900,"height":600,"caption":"Revista Rambla"},"image":{"@id":"https:\/\/www.revistarambla.com\/#\/schema\/logo\/image\/"},"sameAs":["https:\/\/www.facebook.com\/revistarambla\/","https:\/\/x.com\/revistarambla","https:\/\/www.instagram.com\/revista_rambla","https:\/\/es.linkedin.com\/company\/revista-rambla"]},{"@type":"Person","@id":"https:\/\/www.revistarambla.com\/#\/schema\/person\/2b19179a8ace334b829ad72cc6e6ce97","name":"Josep M. Maya"}]}},"_links":{"self":[{"href":"https:\/\/www.revistarambla.com\/en\/wp-json\/wp\/v2\/posts\/13692","targetHints":{"allow":["GET"]}}],"collection":[{"href":"https:\/\/www.revistarambla.com\/en\/wp-json\/wp\/v2\/posts"}],"about":[{"href":"https:\/\/www.revistarambla.com\/en\/wp-json\/wp\/v2\/types\/post"}],"author":[{"embeddable":true,"href":"https:\/\/www.revistarambla.com\/en\/wp-json\/wp\/v2\/users\/15"}],"replies":[{"embeddable":true,"href":"https:\/\/www.revistarambla.com\/en\/wp-json\/wp\/v2\/comments?post=13692"}],"version-history":[{"count":0,"href":"https:\/\/www.revistarambla.com\/en\/wp-json\/wp\/v2\/posts\/13692\/revisions"}],"wp:featuredmedia":[{"embeddable":true,"href":"https:\/\/www.revistarambla.com\/en\/wp-json\/wp\/v2\/media\/13693"}],"wp:attachment":[{"href":"https:\/\/www.revistarambla.com\/en\/wp-json\/wp\/v2\/media?parent=13692"}],"wp:term":[{"taxonomy":"category","embeddable":true,"href":"https:\/\/www.revistarambla.com\/en\/wp-json\/wp\/v2\/categories?post=13692"},{"taxonomy":"post_tag","embeddable":true,"href":"https:\/\/www.revistarambla.com\/en\/wp-json\/wp\/v2\/tags?post=13692"}],"curies":[{"name":"wp","href":"https:\/\/api.w.org\/{rel}","templated":true}]}}