{"id":13652,"date":"2017-09-29T07:15:08","date_gmt":"2017-09-29T05:15:08","guid":{"rendered":"https:\/\/www.revistarambla.com\/?p=13652"},"modified":"2021-02-04T19:19:24","modified_gmt":"2021-02-04T18:19:24","slug":"las-calles-seran-siempre-nuestras","status":"publish","type":"post","link":"https:\/\/www.revistarambla.com\/en\/las-calles-seran-siempre-nuestras\/","title":{"rendered":"Los estudiantes: \u00abLas calles ser\u00e1n siempre nuestras\u00bb"},"content":{"rendered":"<p>Miles de estudiantes se manifestaron ayer en Barcelona <a href=\"https:\/\/www.revistarambla.com\/por-un-si-republicano-en-el-referendum-del-1-de-octubre\/\">para reclamar que se celebre el refer\u00e9ndum<\/a>. La de ayer fue una de las manifestaciones del movimiento estudiantil m\u00e1s masivas que se han visto en los \u00faltimos a\u00f1os.<\/p>\n<p>\u00abLos estudiantes lo tienen claro: el 1 de octubre se tiene que votar para poder decidir el futuro de Catalu\u00f1a\u00bb, defendi\u00f3 la portavoz de Universidades por la Rep\u00fablica, Marta Rosique. \u00abLos j\u00f3venes somos los que m\u00e1s viviremos los efectos de todo este proceso, y por ello es importante que continuamos al frente de la lucha\u00bb, sentenciaba Juan.<\/p>\n<p><img decoding=\"async\" class=\"aligncenter size-full wp-image-13654\" src=\"https:\/\/www.revistarambla.com\/wp-content\/uploads\/2017\/09\/estudiantes-02.jpg\" alt=\"\" width=\"833\" height=\"487\" srcset=\"https:\/\/www.revistarambla.com\/wp-content\/uploads\/2017\/09\/estudiantes-02.jpg 833w, https:\/\/www.revistarambla.com\/wp-content\/uploads\/2017\/09\/estudiantes-02-300x175.jpg 300w, https:\/\/www.revistarambla.com\/wp-content\/uploads\/2017\/09\/estudiantes-02-768x449.jpg 768w, https:\/\/www.revistarambla.com\/wp-content\/uploads\/2017\/09\/estudiantes-02-500x292.jpg 500w\" sizes=\"(max-width: 833px) 100vw, 833px\" \/><\/p>\n<p>La manifestaci\u00f3n tuvo lugar en el marco de las huelgas convocadas en los centros educativos esta semana. Los institutos, que inicialmente s\u00f3lo deb\u00edan hacer mi\u00e9rcoles y jueves, ampliaron la huelga en toda la semana para evitar un control policial de los centros, mientras que las universidades pararon las clases ayer y hoy.<\/p>\n<p>La plaza Universitat de Barcelona fue el punto de partida de una protesta que lleg\u00f3 hasta la plaza de los. La cabecera abri\u00f3 camino con una pancarta con el lema \u00abVaciamos las aulas, defendemos el refer\u00e9ndum\u00bb, seguida por una estelada de grandes dimensiones.<\/p>\n<p>La protesta es el acto principal de las jornadas de huelga estudiantil que hay convocadas para este jueves y viernes en favor del refer\u00e9ndum del 1-O y en contra de la represi\u00f3n del Estado para detenerlo. La manifestaci\u00f3n se inici\u00f3 en la plaza Universitat, ha seguido por la Gran V\u00eda y ha terminado poco despu\u00e9s de las 14 h en la plaza de Sants.<\/p>\n<p>Los estudiantes han recibido el apoyo de un grupo de bomberos que se han sumado a la manifestaci\u00f3n corriente por el lateral de la Gran Via. Los estudiantes les han aplaudido y una veintena se han puesto a correr.<\/p>\n<p>Los \u00fanicos incidentes durante la manifestaci\u00f3n se han producido cuando unos encapuchados han hecho pintadas en una oficina de Bankia, pero el resto de los estudiantes les han pitado y los han llamado \u00abFuera, fuera!\u00bb. Aparte de eso, un grupo minoritario ha tirado petardos, pero los Bomberos los han parado; \u00abNo violencia!\u00bb, Gritaron los manifestantes.<\/p>\n<p>El seguimiento de la huelga en las universidades convocada por la plataforma Universidades por la Rep\u00fablica tiene hoy un seguimiento masivo en las universidades p\u00fablicas, con entre un 80% y un 90% de las clases suspendidas. Seg\u00fan ha informado la Secretar\u00eda de Universidades e Investigaci\u00f3n de la Generalitat, en la Universidad de Barcelona (UB), la m\u00e1s importante de Catalu\u00f1a, con m\u00e1s de 60.000 alumnos, es donde la actividad docente se ha suspendido completamente, a las facultades de Filosof\u00eda y de Geograf\u00eda e Historia.<\/p>\n<p>Tambi\u00e9n se han cancelado el 90% de las clases en Farmacia y Ciencias de la Alimentaci\u00f3n del campus de la Diagonal, y el seguimiento de la huelga en la UB ha sido superior al 80% en la mayor\u00eda de los centros.<\/p>\n<p>En la Universidad Aut\u00f3noma de Barcelona (UAB) no se han impartido clases en las facultades de Ciencias de la Comunicaci\u00f3n; Ciencias Pol\u00edticas y Sociolog\u00eda; derecho; Econom\u00eda y Empresa; Filosof\u00eda y Letras; Psicolog\u00eda, y Traducci\u00f3n e Interpretaci\u00f3n, mientras que en el resto de las facultades el seguimiento ha sido irregular. En la Universidad Polit\u00e9cnica de Catalu\u00f1a (UPC) el seguimiento de la huelga ha sido mayoritario en las escuelas t\u00e9cnicas superiores (ETS) de arquitectura de Barcelona y del Vall\u00e8s, as\u00ed como en las escuelas de Manresa y de Vilanova y la Geltr\u00fa.<\/p>\n<p>La Universidad Pompeu Fabra (UPF) fue la \u00fanica en la que el rector decidi\u00f3 ayer suspender toda la actividad acad\u00e9mica de este jueves y viernes en apoyo de la huelga estudiantil y por las circunstancias pol\u00edticas que vive Catalu\u00f1a.<\/p>\n<p>En la Universidad de Lleida (UdL) hoy no hay clases, porque no es d\u00eda lectivo en esta universidad por festividad local y, por tanto, est\u00e1 cerrada. En la Universidad de Girona (UdG), la actividad docente se ha suspendido completamente a las facultades de Educaci\u00f3n y Psicolog\u00eda y de Letras y, en el resto de centros, el seguimiento de la convocatoria de huelga ha sido superior al 90% .<\/p>\n<p>En la Universidad Rovira i Virgili (URV), el seguimiento de la convocatoria de huelga ha sido mayoritario en todos los campus, especialmente en el de Bellisens y de Tierras del Ebro, as\u00ed como en la Facultad de Medicina y Ciencias de la Salud. En el caso de la Facultad de Turismo y Geograf\u00eda, y la sede de El Vendrell, la incidencia de la huelga ha sido del 100%, seg\u00fan Universidades.<\/p>\n<p>Uno de los hechos m\u00e1s destacados de esta protesta es que a diferencia de otros cortes de la AP-7 no se han vivido momentos de tensi\u00f3n entre los estudiantes y los conductores. M\u00e1s all\u00e1 de los gritos de los manifestantes con c\u00e1nticos como \u00abVotaremos\u00bb, \u00abHuelga general\u00bb, \u00abLas calles ser\u00e1n siempre nuestras\u00bb o, incluso, \u00abLa AP-7 ser\u00e1 siempre nuestra\u00bb, el silencio dominaba entre coches, camiones y motos donde no se sent\u00eda pr\u00e1cticamente ni una queja. El hecho se ha interpretado como un apoyo a la protesta en defensa del refer\u00e9ndum, ya que, una vez los estudiantes han abandonado la autopista y se ha restablecido la circulaci\u00f3n, muchos conductores han hecho sonar las bocinas para apoyar a los alumnos, que hac\u00edan ondear las banderas en el lateral de la carretera<\/p>\n<p>[meta_gallery_slider id=\u00bb13657&#8243; autoplay=\u00bbtrue\u00bb dots=\u00bbfalse\u00bb show_title=\u00bbfalse\u00bb show_caption=\u00bbfalse\u00bb]<\/p>\n","protected":false},"excerpt":{"rendered":"<p>Miles de estudiantes se manifestaron ayer en Barcelona para reclamar que se celebre el refer\u00e9ndum. La de ayer fue una de las manifestaciones del movimiento estudiantil m\u00e1s masivas que se han visto en los \u00faltimos a\u00f1os. \u00abLos estudiantes lo tienen claro: el 1 de octubre se tiene que votar para [&hellip;]<\/p>\n","protected":false},"author":15,"featured_media":13653,"comment_status":"open","ping_status":"open","sticky":false,"template":"","format":"standard","meta":{"footnotes":""},"categories":[3,59],"tags":[],"class_list":["post-13652","post","type-post","status-publish","format-standard","has-post-thumbnail","hentry","category-actualidad","category-catalunya"],"yoast_head":"<!-- This site is optimized with the Yoast SEO plugin v27.5 - https:\/\/yoast.com\/product\/yoast-seo-wordpress\/ -->\n<title>Los estudiantes: &quot;Las calles ser\u00e1n siempre nuestras&quot; - Revista Rambla<\/title>\n<meta name=\"description\" content=\"&quot;Los estudiantes lo tienen claro: el 1 de octubre se tiene que votar para poder decidir el futuro de Catalu\u00f1a&quot;, dice la portavoz, Marta Rosique.\" \/>\n<meta name=\"robots\" content=\"index, follow, max-snippet:-1, max-image-preview:large, max-video-preview:-1\" \/>\n<link rel=\"canonical\" href=\"https:\/\/www.revistarambla.com\/en\/las-calles-seran-siempre-nuestras\/\" \/>\n<meta property=\"og:locale\" content=\"en_GB\" \/>\n<meta property=\"og:type\" content=\"article\" \/>\n<meta property=\"og:title\" content=\"Los estudiantes: &quot;Las calles ser\u00e1n siempre nuestras&quot; - Revista Rambla\" \/>\n<meta property=\"og:description\" content=\"&quot;Los estudiantes lo tienen claro: el 1 de octubre se tiene que votar para poder decidir el futuro de Catalu\u00f1a&quot;, dice la portavoz, Marta Rosique.\" \/>\n<meta property=\"og:url\" content=\"https:\/\/www.revistarambla.com\/en\/las-calles-seran-siempre-nuestras\/\" \/>\n<meta property=\"og:site_name\" content=\"Revista Rambla\" \/>\n<meta property=\"article:publisher\" content=\"https:\/\/www.facebook.com\/revistarambla\/\" \/>\n<meta property=\"article:published_time\" content=\"2017-09-29T05:15:08+00:00\" \/>\n<meta property=\"article:modified_time\" content=\"2021-02-04T18:19:24+00:00\" \/>\n<meta property=\"og:image\" content=\"https:\/\/i2.wp.com\/www.revistarambla.com\/wp-content\/uploads\/2017\/09\/estudiantes-01.jpg?fit=850%2C568&ssl=1\" \/>\n\t<meta property=\"og:image:width\" content=\"850\" \/>\n\t<meta property=\"og:image:height\" content=\"568\" \/>\n\t<meta property=\"og:image:type\" content=\"image\/jpeg\" \/>\n<meta name=\"author\" content=\"Francesc Sans Duch\" \/>\n<meta name=\"twitter:card\" content=\"summary_large_image\" \/>\n<meta name=\"twitter:creator\" content=\"@revistarambla\" \/>\n<meta name=\"twitter:site\" content=\"@revistarambla\" \/>\n<meta name=\"twitter:label1\" content=\"Written by\" \/>\n\t<meta name=\"twitter:data1\" content=\"Francesc Sans Duch\" \/>\n\t<meta name=\"twitter:label2\" content=\"Estimated reading time\" \/>\n\t<meta name=\"twitter:data2\" content=\"5 minutes\" \/>\n<script type=\"application\/ld+json\" class=\"yoast-schema-graph\">{\"@context\":\"https:\\\/\\\/schema.org\",\"@graph\":[{\"@type\":\"Article\",\"@id\":\"https:\\\/\\\/www.revistarambla.com\\\/las-calles-seran-siempre-nuestras\\\/#article\",\"isPartOf\":{\"@id\":\"https:\\\/\\\/www.revistarambla.com\\\/las-calles-seran-siempre-nuestras\\\/\"},\"author\":{\"name\":\"Francesc Sans Duch\",\"@id\":\"https:\\\/\\\/www.revistarambla.com\\\/#\\\/schema\\\/person\\\/2b19179a8ace334b829ad72cc6e6ce97\"},\"headline\":\"Los estudiantes: \u00abLas calles ser\u00e1n siempre nuestras\u00bb\",\"datePublished\":\"2017-09-29T05:15:08+00:00\",\"dateModified\":\"2021-02-04T18:19:24+00:00\",\"mainEntityOfPage\":{\"@id\":\"https:\\\/\\\/www.revistarambla.com\\\/las-calles-seran-siempre-nuestras\\\/\"},\"wordCount\":940,\"commentCount\":0,\"publisher\":{\"@id\":\"https:\\\/\\\/www.revistarambla.com\\\/#organization\"},\"image\":{\"@id\":\"https:\\\/\\\/www.revistarambla.com\\\/las-calles-seran-siempre-nuestras\\\/#primaryimage\"},\"thumbnailUrl\":\"https:\\\/\\\/www.revistarambla.com\\\/wp-content\\\/uploads\\\/2017\\\/09\\\/estudiantes-01.jpg\",\"articleSection\":[\"Actualidad\",\"Catalunya\"],\"inLanguage\":\"en-GB\",\"potentialAction\":[{\"@type\":\"CommentAction\",\"name\":\"Comment\",\"target\":[\"https:\\\/\\\/www.revistarambla.com\\\/las-calles-seran-siempre-nuestras\\\/#respond\"]}]},{\"@type\":\"WebPage\",\"@id\":\"https:\\\/\\\/www.revistarambla.com\\\/las-calles-seran-siempre-nuestras\\\/\",\"url\":\"https:\\\/\\\/www.revistarambla.com\\\/las-calles-seran-siempre-nuestras\\\/\",\"name\":\"Los estudiantes: \\\"Las calles ser\u00e1n siempre nuestras\\\" - Revista Rambla\",\"isPartOf\":{\"@id\":\"https:\\\/\\\/www.revistarambla.com\\\/#website\"},\"primaryImageOfPage\":{\"@id\":\"https:\\\/\\\/www.revistarambla.com\\\/las-calles-seran-siempre-nuestras\\\/#primaryimage\"},\"image\":{\"@id\":\"https:\\\/\\\/www.revistarambla.com\\\/las-calles-seran-siempre-nuestras\\\/#primaryimage\"},\"thumbnailUrl\":\"https:\\\/\\\/www.revistarambla.com\\\/wp-content\\\/uploads\\\/2017\\\/09\\\/estudiantes-01.jpg\",\"datePublished\":\"2017-09-29T05:15:08+00:00\",\"dateModified\":\"2021-02-04T18:19:24+00:00\",\"description\":\"\\\"Los estudiantes lo tienen claro: el 1 de octubre se tiene que votar para poder decidir el futuro de Catalu\u00f1a\\\", dice la portavoz, Marta Rosique.\",\"breadcrumb\":{\"@id\":\"https:\\\/\\\/www.revistarambla.com\\\/las-calles-seran-siempre-nuestras\\\/#breadcrumb\"},\"inLanguage\":\"en-GB\",\"potentialAction\":[{\"@type\":\"ReadAction\",\"target\":[\"https:\\\/\\\/www.revistarambla.com\\\/las-calles-seran-siempre-nuestras\\\/\"]}]},{\"@type\":\"ImageObject\",\"inLanguage\":\"en-GB\",\"@id\":\"https:\\\/\\\/www.revistarambla.com\\\/las-calles-seran-siempre-nuestras\\\/#primaryimage\",\"url\":\"https:\\\/\\\/www.revistarambla.com\\\/wp-content\\\/uploads\\\/2017\\\/09\\\/estudiantes-01.jpg\",\"contentUrl\":\"https:\\\/\\\/www.revistarambla.com\\\/wp-content\\\/uploads\\\/2017\\\/09\\\/estudiantes-01.jpg\",\"width\":850,\"height\":568},{\"@type\":\"BreadcrumbList\",\"@id\":\"https:\\\/\\\/www.revistarambla.com\\\/las-calles-seran-siempre-nuestras\\\/#breadcrumb\",\"itemListElement\":[{\"@type\":\"ListItem\",\"position\":1,\"name\":\"Portada\",\"item\":\"https:\\\/\\\/www.revistarambla.com\\\/\"},{\"@type\":\"ListItem\",\"position\":2,\"name\":\"Los estudiantes: \u00abLas calles ser\u00e1n siempre nuestras\u00bb\"}]},{\"@type\":\"WebSite\",\"@id\":\"https:\\\/\\\/www.revistarambla.com\\\/#website\",\"url\":\"https:\\\/\\\/www.revistarambla.com\\\/\",\"name\":\"Revista Rambla Barcelona\",\"description\":\"Periodismo independiente\",\"publisher\":{\"@id\":\"https:\\\/\\\/www.revistarambla.com\\\/#organization\"},\"potentialAction\":[{\"@type\":\"SearchAction\",\"target\":{\"@type\":\"EntryPoint\",\"urlTemplate\":\"https:\\\/\\\/www.revistarambla.com\\\/?s={search_term_string}\"},\"query-input\":{\"@type\":\"PropertyValueSpecification\",\"valueRequired\":true,\"valueName\":\"search_term_string\"}}],\"inLanguage\":\"en-GB\"},{\"@type\":\"Organization\",\"@id\":\"https:\\\/\\\/www.revistarambla.com\\\/#organization\",\"name\":\"Revista Rambla\",\"url\":\"https:\\\/\\\/www.revistarambla.com\\\/\",\"logo\":{\"@type\":\"ImageObject\",\"inLanguage\":\"en-GB\",\"@id\":\"https:\\\/\\\/www.revistarambla.com\\\/#\\\/schema\\\/logo\\\/image\\\/\",\"url\":\"https:\\\/\\\/www.revistarambla.com\\\/wp-content\\\/uploads\\\/2020\\\/09\\\/banner_rambla_1900x600_BB.png\",\"contentUrl\":\"https:\\\/\\\/www.revistarambla.com\\\/wp-content\\\/uploads\\\/2020\\\/09\\\/banner_rambla_1900x600_BB.png\",\"width\":1900,\"height\":600,\"caption\":\"Revista Rambla\"},\"image\":{\"@id\":\"https:\\\/\\\/www.revistarambla.com\\\/#\\\/schema\\\/logo\\\/image\\\/\"},\"sameAs\":[\"https:\\\/\\\/www.facebook.com\\\/revistarambla\\\/\",\"https:\\\/\\\/x.com\\\/revistarambla\",\"https:\\\/\\\/www.instagram.com\\\/revista_rambla\",\"https:\\\/\\\/es.linkedin.com\\\/company\\\/revista-rambla\"]},{\"@type\":\"Person\",\"@id\":\"https:\\\/\\\/www.revistarambla.com\\\/#\\\/schema\\\/person\\\/2b19179a8ace334b829ad72cc6e6ce97\",\"name\":\"Francesc Sans Duch\",\"sameAs\":[\"https:\\\/\\\/www.revistarambla.com\\\/\"]}]}<\/script>\n<!-- \/ Yoast SEO plugin. -->","yoast_head_json":{"title":"Los estudiantes: \"Las calles ser\u00e1n siempre nuestras\" - Revista Rambla","description":"\"Los estudiantes lo tienen claro: el 1 de octubre se tiene que votar para poder decidir el futuro de Catalu\u00f1a\", dice la portavoz, Marta Rosique.","robots":{"index":"index","follow":"follow","max-snippet":"max-snippet:-1","max-image-preview":"max-image-preview:large","max-video-preview":"max-video-preview:-1"},"canonical":"https:\/\/www.revistarambla.com\/en\/las-calles-seran-siempre-nuestras\/","og_locale":"en_GB","og_type":"article","og_title":"Los estudiantes: \"Las calles ser\u00e1n siempre nuestras\" - Revista Rambla","og_description":"\"Los estudiantes lo tienen claro: el 1 de octubre se tiene que votar para poder decidir el futuro de Catalu\u00f1a\", dice la portavoz, Marta Rosique.","og_url":"https:\/\/www.revistarambla.com\/en\/las-calles-seran-siempre-nuestras\/","og_site_name":"Revista Rambla","article_publisher":"https:\/\/www.facebook.com\/revistarambla\/","article_published_time":"2017-09-29T05:15:08+00:00","article_modified_time":"2021-02-04T18:19:24+00:00","og_image":[{"width":850,"height":568,"url":"https:\/\/i2.wp.com\/www.revistarambla.com\/wp-content\/uploads\/2017\/09\/estudiantes-01.jpg?fit=850%2C568&ssl=1","type":"image\/jpeg"}],"author":"Francesc Sans Duch","twitter_card":"summary_large_image","twitter_creator":"@revistarambla","twitter_site":"@revistarambla","twitter_misc":{"Written by":"Francesc Sans Duch","Estimated reading time":"5 minutes"},"schema":{"@context":"https:\/\/schema.org","@graph":[{"@type":"Article","@id":"https:\/\/www.revistarambla.com\/las-calles-seran-siempre-nuestras\/#article","isPartOf":{"@id":"https:\/\/www.revistarambla.com\/las-calles-seran-siempre-nuestras\/"},"author":{"name":"Francesc Sans Duch","@id":"https:\/\/www.revistarambla.com\/#\/schema\/person\/2b19179a8ace334b829ad72cc6e6ce97"},"headline":"Los estudiantes: \u00abLas calles ser\u00e1n siempre nuestras\u00bb","datePublished":"2017-09-29T05:15:08+00:00","dateModified":"2021-02-04T18:19:24+00:00","mainEntityOfPage":{"@id":"https:\/\/www.revistarambla.com\/las-calles-seran-siempre-nuestras\/"},"wordCount":940,"commentCount":0,"publisher":{"@id":"https:\/\/www.revistarambla.com\/#organization"},"image":{"@id":"https:\/\/www.revistarambla.com\/las-calles-seran-siempre-nuestras\/#primaryimage"},"thumbnailUrl":"https:\/\/www.revistarambla.com\/wp-content\/uploads\/2017\/09\/estudiantes-01.jpg","articleSection":["Actualidad","Catalunya"],"inLanguage":"en-GB","potentialAction":[{"@type":"CommentAction","name":"Comment","target":["https:\/\/www.revistarambla.com\/las-calles-seran-siempre-nuestras\/#respond"]}]},{"@type":"WebPage","@id":"https:\/\/www.revistarambla.com\/las-calles-seran-siempre-nuestras\/","url":"https:\/\/www.revistarambla.com\/las-calles-seran-siempre-nuestras\/","name":"Los estudiantes: \"Las calles ser\u00e1n siempre nuestras\" - Revista Rambla","isPartOf":{"@id":"https:\/\/www.revistarambla.com\/#website"},"primaryImageOfPage":{"@id":"https:\/\/www.revistarambla.com\/las-calles-seran-siempre-nuestras\/#primaryimage"},"image":{"@id":"https:\/\/www.revistarambla.com\/las-calles-seran-siempre-nuestras\/#primaryimage"},"thumbnailUrl":"https:\/\/www.revistarambla.com\/wp-content\/uploads\/2017\/09\/estudiantes-01.jpg","datePublished":"2017-09-29T05:15:08+00:00","dateModified":"2021-02-04T18:19:24+00:00","description":"\"Los estudiantes lo tienen claro: el 1 de octubre se tiene que votar para poder decidir el futuro de Catalu\u00f1a\", dice la portavoz, Marta Rosique.","breadcrumb":{"@id":"https:\/\/www.revistarambla.com\/las-calles-seran-siempre-nuestras\/#breadcrumb"},"inLanguage":"en-GB","potentialAction":[{"@type":"ReadAction","target":["https:\/\/www.revistarambla.com\/las-calles-seran-siempre-nuestras\/"]}]},{"@type":"ImageObject","inLanguage":"en-GB","@id":"https:\/\/www.revistarambla.com\/las-calles-seran-siempre-nuestras\/#primaryimage","url":"https:\/\/www.revistarambla.com\/wp-content\/uploads\/2017\/09\/estudiantes-01.jpg","contentUrl":"https:\/\/www.revistarambla.com\/wp-content\/uploads\/2017\/09\/estudiantes-01.jpg","width":850,"height":568},{"@type":"BreadcrumbList","@id":"https:\/\/www.revistarambla.com\/las-calles-seran-siempre-nuestras\/#breadcrumb","itemListElement":[{"@type":"ListItem","position":1,"name":"Portada","item":"https:\/\/www.revistarambla.com\/"},{"@type":"ListItem","position":2,"name":"Los estudiantes: \u00abLas calles ser\u00e1n siempre nuestras\u00bb"}]},{"@type":"WebSite","@id":"https:\/\/www.revistarambla.com\/#website","url":"https:\/\/www.revistarambla.com\/","name":"Revista Rambla Barcelona","description":"Periodismo independiente","publisher":{"@id":"https:\/\/www.revistarambla.com\/#organization"},"potentialAction":[{"@type":"SearchAction","target":{"@type":"EntryPoint","urlTemplate":"https:\/\/www.revistarambla.com\/?s={search_term_string}"},"query-input":{"@type":"PropertyValueSpecification","valueRequired":true,"valueName":"search_term_string"}}],"inLanguage":"en-GB"},{"@type":"Organization","@id":"https:\/\/www.revistarambla.com\/#organization","name":"Revista Rambla","url":"https:\/\/www.revistarambla.com\/","logo":{"@type":"ImageObject","inLanguage":"en-GB","@id":"https:\/\/www.revistarambla.com\/#\/schema\/logo\/image\/","url":"https:\/\/www.revistarambla.com\/wp-content\/uploads\/2020\/09\/banner_rambla_1900x600_BB.png","contentUrl":"https:\/\/www.revistarambla.com\/wp-content\/uploads\/2020\/09\/banner_rambla_1900x600_BB.png","width":1900,"height":600,"caption":"Revista Rambla"},"image":{"@id":"https:\/\/www.revistarambla.com\/#\/schema\/logo\/image\/"},"sameAs":["https:\/\/www.facebook.com\/revistarambla\/","https:\/\/x.com\/revistarambla","https:\/\/www.instagram.com\/revista_rambla","https:\/\/es.linkedin.com\/company\/revista-rambla"]},{"@type":"Person","@id":"https:\/\/www.revistarambla.com\/#\/schema\/person\/2b19179a8ace334b829ad72cc6e6ce97","name":"Francesc Sans Duch","sameAs":["https:\/\/www.revistarambla.com\/"]}]}},"_links":{"self":[{"href":"https:\/\/www.revistarambla.com\/en\/wp-json\/wp\/v2\/posts\/13652","targetHints":{"allow":["GET"]}}],"collection":[{"href":"https:\/\/www.revistarambla.com\/en\/wp-json\/wp\/v2\/posts"}],"about":[{"href":"https:\/\/www.revistarambla.com\/en\/wp-json\/wp\/v2\/types\/post"}],"author":[{"embeddable":true,"href":"https:\/\/www.revistarambla.com\/en\/wp-json\/wp\/v2\/users\/15"}],"replies":[{"embeddable":true,"href":"https:\/\/www.revistarambla.com\/en\/wp-json\/wp\/v2\/comments?post=13652"}],"version-history":[{"count":0,"href":"https:\/\/www.revistarambla.com\/en\/wp-json\/wp\/v2\/posts\/13652\/revisions"}],"wp:featuredmedia":[{"embeddable":true,"href":"https:\/\/www.revistarambla.com\/en\/wp-json\/wp\/v2\/media\/13653"}],"wp:attachment":[{"href":"https:\/\/www.revistarambla.com\/en\/wp-json\/wp\/v2\/media?parent=13652"}],"wp:term":[{"taxonomy":"category","embeddable":true,"href":"https:\/\/www.revistarambla.com\/en\/wp-json\/wp\/v2\/categories?post=13652"},{"taxonomy":"post_tag","embeddable":true,"href":"https:\/\/www.revistarambla.com\/en\/wp-json\/wp\/v2\/tags?post=13652"}],"curies":[{"name":"wp","href":"https:\/\/api.w.org\/{rel}","templated":true}]}}