{"id":13640,"date":"2017-09-25T07:53:49","date_gmt":"2017-09-25T05:53:49","guid":{"rendered":"https:\/\/www.revistarambla.com\/?p=13640"},"modified":"2021-12-08T16:48:31","modified_gmt":"2021-12-08T15:48:31","slug":"lola-montalvo-la-falta-de-enfermeras-pone-en-peligro-la-salud","status":"publish","type":"post","link":"https:\/\/www.revistarambla.com\/en\/lola-montalvo-la-falta-de-enfermeras-pone-en-peligro-la-salud\/","title":{"rendered":"Lola Montalvo: \u201cLa falta de enfermeras pone en peligro la salud\u201d"},"content":{"rendered":"<p>Lola Montalvo acaba de publicar su libro \u201cHistoria de una enfermera\u201d. Narra la historia de dos mujeres, Marina y Marian, que en \u00e9pocas diferentes han trabajado de enfermeras. En este relato apasionado sobre dos enfermeras, Marina desarroll\u00f3 su profesi\u00f3n en los a\u00f1os 40. Marian trabaja en el sistema sanitario actual, seg\u00fan la ficci\u00f3n ideada por Lola Montalvo. Un homenaje a una profesi\u00f3n poco valorada.<\/p>\n<figure id=\"attachment_13642\" aria-describedby=\"caption-attachment-13642\" style=\"width: 900px\" class=\"wp-caption aligncenter\"><img decoding=\"async\" class=\"wp-image-13642 size-full\" src=\"https:\/\/www.revistarambla.com\/wp-content\/uploads\/2017\/09\/ENFERMERA-02.jpg\" width=\"900\" height=\"600\" srcset=\"https:\/\/www.revistarambla.com\/wp-content\/uploads\/2017\/09\/ENFERMERA-02.jpg 900w, https:\/\/www.revistarambla.com\/wp-content\/uploads\/2017\/09\/ENFERMERA-02-300x200.jpg 300w, https:\/\/www.revistarambla.com\/wp-content\/uploads\/2017\/09\/ENFERMERA-02-768x512.jpg 768w, https:\/\/www.revistarambla.com\/wp-content\/uploads\/2017\/09\/ENFERMERA-02-500x333.jpg 500w\" sizes=\"(max-width: 900px) 100vw, 900px\" \/><figcaption id=\"caption-attachment-13642\" class=\"wp-caption-text\">Lola Montalvo<\/figcaption><\/figure>\n<p>\u00bf<strong>Por qu\u00e9 poca gente conoce el trabajo de una enfermera y, por tanto, se la valora tan poco?<\/strong><\/p>\n<p>En cierto que, en general, el trabajo que llevamos a cabo las enfermeras solo lo conocen los que han sufrido problemas de salud o enfermedades, suyas o de familiares, que les ha obligado acudir a los servicios sanitarios. Casi todos conocemos a nuestro m\u00e9dico de familia, pero casi nadie conoce a su enfermero del Centro de Salud\u2026 muchos no saben ni que existen.<\/p>\n<p><strong>Digamos que no se han sabido vender.<\/strong><\/p>\n<p>Creo que, en parte, es culpa nuestra y, sobre todo, de nuestros representantes. No hemos sabido <em>vender<\/em> nuestra labor, dejar patente lo necesario de nuestro papel para todas las personas, tanto en salud como en enfermedad, en todas las etapas de la vida, desde antes de nacer hasta despu\u00e9s de la muerte. Estamos presentes en centros educativos, residencias, centros de especialidades, ambulancias de urgencias sanitarias y de bomberos, centros de salud, centros de rehabilitaci\u00f3n, centros diagn\u00f3sticos, en hospitales, en empresas, en el ej\u00e9rcito, en servicios de urgencias. Las administraciones p\u00fablicas dan m\u00e1s importancia a curar y no tanto a los cuidados,<strong> c<\/strong>uidados que, aparte de curar, ayudan a las personas a mantenerse sanos o a llevar una vida lo m\u00e1s completa posible aunque se sufra una enfermedad cr\u00f3nica o una discapacidad, se tenga la edad que se tenga.<\/p>\n<p><strong>\u00bfY qu\u00e9 ganar\u00eda su sector si fuese m\u00e1s reconocido?<\/strong><\/p>\n<p>Tener visibilidad supone que se valore nuestra labor y eso hoy d\u00eda no sucede. Tener visibilidad permite estar en los lugares donde se toman decisiones y hoy d\u00eda no estamos presentes en todos los foros en los que se decide nuestro futuro\u2026 es m\u00e1s: son otros los que deciden nuestro futuro y nuestra capacidad de obrar. Esto deber\u00eda cambiar.<\/p>\n<p><strong>\u00a0<\/strong><strong>\u00bfCu\u00e1l es la situaci\u00f3n que viven las enfermeras en esta \u00e9poca post-recortes? \u00bfLa crisis a\u00fan se deja notar en la Sanidad espa\u00f1ola?<\/strong><\/p>\n<p>Bueno, los recortes a\u00fan persisten. O sea que nos encontramos en plena etapa de escasez de recursos humanos y materiales que a las enfermeras nos afectan de forma dura y directa. Los ratios de enfermeras con respecto a la poblaci\u00f3n, comparados con los de la UE, son rid\u00edculos. Estos cupos se congelan y hay bajas o permisos que no se cubren, plantas y servicios de primaria y especializada que se cierran. Y los que se conservan, quedan tan en precario que suponen una sobrecarga de trabajo para sus profesionales, a veces insostenible. En ciertas residencias no hay enfermeros por la noche o hay uno solo para varias plantas y cientos de residentes, por poner un ejemplo conocido.<\/p>\n<p><strong>\u00bfY eso nos afecta como ciudadanos?<\/strong><\/p>\n<p>Estudios recientes indican que la falta de enfermeras, permitir unos ratios de enfermeras con respecto a la poblaci\u00f3n por debajo de lo conveniente, pone en peligro la salud, la seguridad y la vida de las personas a las que atendemos. Como resultado de esta penosa situaci\u00f3n muchos enfermeros han emigrado a otros pa\u00edses, mientras que aqu\u00ed los que tienen la suerte de tener trabajo lo hacen en condiciones penosas, sobrecargados y sobre explotados, en precario, con contratos de d\u00edas o incluso de horas\u2026<\/p>\n<p><strong>Me lo tem\u00eda\u2026 \u00bfY qu\u00e9 pensar\u00eda Marian, uno de los dos personajes de su libro, de la sanidad que exist\u00eda en la \u00e9poca de Marina? \u00bfY si Marian pudiera viajar en la m\u00e1quina del tiempo hacia atr\u00e1s?<\/strong><\/p>\n<p>Marian seguro que conoce de donde viene y sabe c\u00f3mo trabajaban las enfermeras en esos a\u00f1os de la posguerra y la dictadura franquista. Lo que s\u00ed es cierto es que ella no se sentir\u00eda c\u00f3moda con la forma en que se trabajaba en esa \u00e9poca, unos tiempos extremadamente machistas donde las mujeres eran siempre personas en plano de inferioridad, supeditadas al hombre. Marian no podr\u00eda sentirse c\u00f3moda en un medio laboral en el que ella no pudiera tomar decisiones con total libertad en el \u00e1mbito de su labor y de los cuidados que est\u00e1 capacitada para proporcionar a los enfermos que atiende.<\/p>\n<p><strong>Y Marina, \u00bfqu\u00e9 pensar\u00eda de las condiciones de trabajo de la \u00e9poca de Marian si pudiera tele transportarse al 2017?<\/strong><\/p>\n<p>Marina conoce la forma de trabajar de las enfermeras en la actualidad y las observa con una mezcla de admiraci\u00f3n y orgullo, dado que lo que est\u00e1n logrando las enfermeras en la actualidad, su capacidad de avanzar, de investigar, de generar conocimiento cient\u00edfico y lo que ello supone, se ha logrado gracias al trabajo y al bagaje de enfermeras como Marina. No hemos llegado a lo que somos hoy d\u00eda \u2014aunque no todos lo puedan apreciar o deseen hacerlo\u2014, por arte de magia o por generaci\u00f3n espont\u00e1nea. Somos lo que somos gracias a todos los que han sido enfermeros antes que nosotros y han aportado a esta profesi\u00f3n su trabajo, su curiosidad, su esfuerzo y sus ganas de ir m\u00e1s all\u00e1.<\/p>\n<p><strong>\u00bfEs cierto que muchos profesionales no tienen vocaci\u00f3n y han entrado en este mundo por la influencia de las series de televisi\u00f3n?<\/strong><\/p>\n<p>Es cierto que muchos enfermeros han estudiado Enfermer\u00eda sin vocaci\u00f3n, supongo que algo similar sucede en otras profesiones sanitarias. Solo en mi promoci\u00f3n conoc\u00ed unos cuantos y durante mi experiencia asistencial he conocido a otros tantos. Pero es que la vocaci\u00f3n no es imprescindible, el gusto por este trabajo se puede adquirir durante la formaci\u00f3n o una vez que uno empieza a trabajar. Lo que es impensable es poder ser un buen profesional si, al fin y al cabo, no te gusta lo que haces, no te gustan las personas y no tienes empat\u00eda, cualidad humana imprescindible, a mi parecer, para llevar a cabo este trabajo.<\/p>\n<p><strong>\u00bfLa influencia de las series de televisi\u00f3n es cierta?<\/strong><\/p>\n<p>S\u00ed, s\u00ed. Conoc\u00ed a dos personas relativamente cercanas que se lanzaron a estudiar gracias a una serie de TV que se emit\u00eda hace unos a\u00f1os, en la que mostraban un mundo hospitalario bastante <em>sui generis<\/em> pero que logr\u00f3 despertar en algunos j\u00f3venes las ganas por estudiar enfermer\u00eda o medicina. Cualquier camino es bueno, siempre y cuando una vez que ejerzas tu trabajo te resulte gratificante, te emocione y est\u00e9s dispuesto a realizar aqu\u00e9llos esfuerzos que te permitan hacerlo lo mejor posible.<\/p>\n<p><strong>\u00bfHay que cuidar a la persona? \u00bfAl enfermo? \u00bfA la enfermedad?<\/strong><\/p>\n<p>El \u00fanico foco, y del que jam\u00e1s debemos apartar la vista, es la persona\u2026 est\u00e9 sana o enferma. Cada persona es \u00fanica y vive su salud y su enfermedad de forma distinta a otra. Adem\u00e1s, la forma de vivir cada circunstancia que nos afecta a nuestro nivel de salud va cambiando con los a\u00f1os, con la edad y la experiencia.<\/p>\n<p><strong>\u00bfHan que ser multidisciplinares y psic\u00f3logas tambi\u00e9n, no s\u00f3lo enfermeras?<\/strong><\/p>\n<p>Es que durante nuestra formaci\u00f3n universitaria a las enfermeras nos ense\u00f1an a considerar a la persona desde su perspectiva biol\u00f3gica: cuerpo, fisiolog\u00eda, anatom\u00eda, patolog\u00edas, crecimiento, envejecimiento&#8230; Tambi\u00e9n, sociol\u00f3gica. Es decir, el ser humano en el entorno social, con su familia, escuela, amigos, grupos, clases, entorno laboral. Y desde la perspectiva psicol\u00f3gica: lo que sientes como persona que piensa, que vive, que se relaciona, que aprende, que cree, que asume, que se frustra, que se alegra, que reacciona ante las vicisitudes. Nunca se puede separar una esfera de las dem\u00e1s. Se debe observar a la persona en el conjunto de todas ellas.<\/p>\n<p><strong>Su madre luch\u00f3 para que cumpliera su sue\u00f1o. \u00bfQu\u00e9 pasaba en su familia que no le dejaban elegir este camino?<\/strong><\/p>\n<p>Mi madre me educ\u00f3 en la filosof\u00eda del esfuerzo, me ense\u00f1\u00f3 que solo con trabajo podr\u00eda conseguir lo que me propusiera, que nadie me regalar\u00eda nada, que deb\u00eda tener ambici\u00f3n por lograr mis sue\u00f1os, que nunca me deb\u00eda rendir. Ciertos problemas econ\u00f3micos familiares junto al machismo de mi padre me pusieron dolorosas trabas para permitirme estudiar lo que yo quer\u00eda, que no era otra cosa que FP Auxiliar de Enfermer\u00eda. Para m\u00ed una carrera universitaria era casi como viajar a la Luna: un sue\u00f1o. Mi madre se enfrent\u00f3 a la negativa que se me impon\u00eda de forma cerril y me ayud\u00f3 a lograr matricularme en lo que deseaba. Tras Auxiliar estudi\u00e9 T\u00e9cnico de Laboratorio, consegu\u00ed una beca, saqu\u00e9 muy buena nota para acceder a la universidad y un d\u00eda me vi en un aula de la Escuela de Enfermer\u00eda\u2026, indiscutiblemente el d\u00eda m\u00e1s feliz de mi vida. Gracias a mi madre y, una vez convencido de ello, gracias a mi padre, hoy soy lo que soy.<\/p>\n<p><strong>Su hija, o una chica joven de su familia, le dice hoy que quiere ser enfermera. \u00bfQu\u00e9 motivos le da para que lo sea? \u00bfY para que no lo sea?<\/strong><\/p>\n<p>Para m\u00ed es muy dif\u00edcil explicar de forma breve lo que supone mi profesi\u00f3n. Yo la considero la m\u00e1s bonita del mundo. Me gusta mi trabajo y me gusta lo que mi trabajo proporciona a las personas que atiendo y cuido. Me gusta aprender de las personas con las que trabajo, de los enfermos, de los familiares y cuidadores. Creo que, cuando una persona desea ser enfermera solo debe de saber que no es una profesi\u00f3n f\u00e1cil, que implica ciertos sacrificios\u2026<\/p>\n<p><strong>Desde luego\u2026<\/strong><\/p>\n<p>\u2026 es que tendr\u00e1s que estudiar toda tu vida profesional si quieres hacer un buen trabajo, que nos expone a la parte menos bonita de la existencia humana, al dolor, a la muerte, al sufrimiento\u2026 y te lleva, en ocasiones, a ser v\u00edctima de agresiones verbales o f\u00edsicas. Pero tambi\u00e9n nos acerca a la parte m\u00e1s maravillosa de las personas. Ves la dignidad en el dolor, la superaci\u00f3n, la solidaridad, la capacidad de llevar una vida plena aun sufriendo una enfermad o con una discapacidad importante\u2026 Te muestra de primera mano, y en primera fila, de lo que las personas son capaces ante la muerte, la enfermedad o el sufrimiento.<\/p>\n<p><strong>\u00a0<\/strong><strong>\u00bfUn consejo para esa joven que quiere ser enfermera?<\/strong><\/p>\n<p>M\u00e1s que consejo, que no me veo capaz de dar ninguno, creo que nadie deber\u00eda estudiar una profesi\u00f3n sanitaria si no tiene empat\u00eda o no se ve capaz de desarrollar habilidades en este aspecto.<\/p>\n<p><strong>Como nutricionista y experta en diet\u00e9tica, \u00bfla comida cura?<\/strong><\/p>\n<p>Esa tendencia que existe hoy d\u00eda de atribuir a los alimentos poderes extraordinarios o curativos me resulta inquietante porque genera expectativas que casi siempre son falsas. Creo que hay personas que se est\u00e1n enriqueciendo vendiendo humo con dietas a base de alimentos milagrosos o dietas <em>detox<\/em> que tienen escaso fundamento o las nulas propiedades de ciertas bebidas alcoh\u00f3licas en procesos cardiovasculares.<\/p>\n<p><strong>Pero comer bien mejora la salud.<\/strong><\/p>\n<p>Es cierto que hay algunos alimentos que tienen propiedades que nos pueden servir de ayuda en ciertos procesos, como es el caso de los ar\u00e1ndanos o la fibra de los vegetales, por nombrar alg\u00fan ejemplo. En general, los alimentos no curan nada, aunque s\u00ed se puede afirmar que una dieta saludable con alimentos frescos y no procesados, abundante en frutas y verduras te permite estar sano mucho m\u00e1s tiempo e, incluso, te protege de ciertas enfermedades. Eso, junto a realizar ejercicio f\u00edsico de forma habitual, evitar el sobrepeso, no fumar, evitar las bebidas alcoh\u00f3licas\u2026 tendr\u00eda el \u00abefecto milagroso\u00bb que todos buscan y desean.<\/p>\n<p><strong>\u00bfLa comida Bio es el futuro?<\/strong><\/p>\n<p>Este tipo de producci\u00f3n est\u00e1 en constante crecimiento y supongo que s\u00ed puede suponer un medio que llene nuestros mercados en un futuro. Hoy d\u00eda, estos alimentos suelen suponer, por regla general, un coste mayor para el consumidor y para muchos bolsillos demasiado magros; as\u00ed que no son una opci\u00f3n en la cesta de la compra de todos. Tendr\u00e1n que aumentar mucho m\u00e1s su producci\u00f3n y abaratar costes para que lleguen a ser una opci\u00f3n asequible para todos los hogares.<\/p>","protected":false},"excerpt":{"rendered":"<p>Lola Montalvo acaba de publicar su libro \u201cHistoria de una enfermera\u201d. Narra la historia de dos mujeres, Marina y Marian, que en \u00e9pocas diferentes han trabajado de enfermeras. En este relato apasionado sobre dos enfermeras, Marina desarroll\u00f3 su profesi\u00f3n en los a\u00f1os 40. Marian trabaja en el sistema sanitario actual, [&hellip;]<\/p>\n","protected":false},"author":33,"featured_media":13641,"comment_status":"open","ping_status":"open","sticky":false,"template":"","format":"standard","meta":{"footnotes":""},"categories":[4,60],"tags":[],"class_list":["post-13640","post","type-post","status-publish","format-standard","has-post-thumbnail","hentry","category-cultura","category-libros"],"yoast_head":"<!-- This site is optimized with the Yoast SEO plugin v27.5 - https:\/\/yoast.com\/product\/yoast-seo-wordpress\/ -->\n<title>Lola Montalvo: \u201cLa falta de enfermeras pone en peligro la salud\u201d - Revista Rambla<\/title>\n<meta name=\"robots\" content=\"index, follow, max-snippet:-1, max-image-preview:large, max-video-preview:-1\" \/>\n<link rel=\"canonical\" href=\"https:\/\/www.revistarambla.com\/en\/lola-montalvo-la-falta-de-enfermeras-pone-en-peligro-la-salud\/\" \/>\n<meta property=\"og:locale\" content=\"en_GB\" \/>\n<meta property=\"og:type\" content=\"article\" \/>\n<meta property=\"og:title\" content=\"Lola Montalvo: \u201cLa falta de enfermeras pone en peligro la salud\u201d - Revista Rambla\" \/>\n<meta property=\"og:description\" content=\"Lola Montalvo acaba de publicar su libro \u201cHistoria de una enfermera\u201d. Narra la historia de dos mujeres, Marina y Marian, que en \u00e9pocas diferentes han trabajado de enfermeras. En este relato apasionado sobre dos enfermeras, Marina desarroll\u00f3 su profesi\u00f3n en los a\u00f1os 40. Marian trabaja en el sistema sanitario actual, [&hellip;]\" \/>\n<meta property=\"og:url\" content=\"https:\/\/www.revistarambla.com\/en\/lola-montalvo-la-falta-de-enfermeras-pone-en-peligro-la-salud\/\" \/>\n<meta property=\"og:site_name\" content=\"Revista Rambla\" \/>\n<meta property=\"article:publisher\" content=\"https:\/\/www.facebook.com\/revistarambla\/\" \/>\n<meta property=\"article:published_time\" content=\"2017-09-25T05:53:49+00:00\" \/>\n<meta property=\"article:modified_time\" content=\"2021-12-08T15:48:31+00:00\" \/>\n<meta property=\"og:image\" content=\"https:\/\/www.revistarambla.com\/wp-content\/uploads\/2017\/09\/ENFERMERA-01.jpg\" \/>\n\t<meta property=\"og:image:width\" content=\"622\" \/>\n\t<meta property=\"og:image:height\" content=\"338\" \/>\n\t<meta property=\"og:image:type\" content=\"image\/jpeg\" \/>\n<meta name=\"author\" content=\"\u00c0lex M. Franquet\" \/>\n<meta name=\"twitter:card\" content=\"summary_large_image\" \/>\n<meta name=\"twitter:creator\" content=\"@revistarambla\" \/>\n<meta name=\"twitter:site\" content=\"@revistarambla\" \/>\n<meta name=\"twitter:label1\" content=\"Written by\" \/>\n\t<meta name=\"twitter:data1\" content=\"\u00c0lex M. Franquet\" \/>\n\t<meta name=\"twitter:label2\" content=\"Estimated reading time\" \/>\n\t<meta name=\"twitter:data2\" content=\"9 minutes\" \/>\n<script type=\"application\/ld+json\" class=\"yoast-schema-graph\">{\"@context\":\"https:\\\/\\\/schema.org\",\"@graph\":[{\"@type\":\"Article\",\"@id\":\"https:\\\/\\\/www.revistarambla.com\\\/lola-montalvo-la-falta-de-enfermeras-pone-en-peligro-la-salud\\\/#article\",\"isPartOf\":{\"@id\":\"https:\\\/\\\/www.revistarambla.com\\\/lola-montalvo-la-falta-de-enfermeras-pone-en-peligro-la-salud\\\/\"},\"author\":{\"name\":\"\u00c0lex M. Franquet\",\"@id\":\"https:\\\/\\\/www.revistarambla.com\\\/#\\\/schema\\\/person\\\/f970e20c8f452a7910eb4defa5fe7d7d\"},\"headline\":\"Lola Montalvo: \u201cLa falta de enfermeras pone en peligro la salud\u201d\",\"datePublished\":\"2017-09-25T05:53:49+00:00\",\"dateModified\":\"2021-12-08T15:48:31+00:00\",\"mainEntityOfPage\":{\"@id\":\"https:\\\/\\\/www.revistarambla.com\\\/lola-montalvo-la-falta-de-enfermeras-pone-en-peligro-la-salud\\\/\"},\"wordCount\":2132,\"commentCount\":0,\"publisher\":{\"@id\":\"https:\\\/\\\/www.revistarambla.com\\\/#organization\"},\"image\":{\"@id\":\"https:\\\/\\\/www.revistarambla.com\\\/lola-montalvo-la-falta-de-enfermeras-pone-en-peligro-la-salud\\\/#primaryimage\"},\"thumbnailUrl\":\"https:\\\/\\\/www.revistarambla.com\\\/wp-content\\\/uploads\\\/2017\\\/09\\\/ENFERMERA-01.jpg\",\"articleSection\":[\"Cultura\",\"Libros\"],\"inLanguage\":\"en-GB\",\"potentialAction\":[{\"@type\":\"CommentAction\",\"name\":\"Comment\",\"target\":[\"https:\\\/\\\/www.revistarambla.com\\\/lola-montalvo-la-falta-de-enfermeras-pone-en-peligro-la-salud\\\/#respond\"]}]},{\"@type\":\"WebPage\",\"@id\":\"https:\\\/\\\/www.revistarambla.com\\\/lola-montalvo-la-falta-de-enfermeras-pone-en-peligro-la-salud\\\/\",\"url\":\"https:\\\/\\\/www.revistarambla.com\\\/lola-montalvo-la-falta-de-enfermeras-pone-en-peligro-la-salud\\\/\",\"name\":\"Lola Montalvo: \u201cLa falta de enfermeras pone en peligro la salud\u201d - Revista Rambla\",\"isPartOf\":{\"@id\":\"https:\\\/\\\/www.revistarambla.com\\\/#website\"},\"primaryImageOfPage\":{\"@id\":\"https:\\\/\\\/www.revistarambla.com\\\/lola-montalvo-la-falta-de-enfermeras-pone-en-peligro-la-salud\\\/#primaryimage\"},\"image\":{\"@id\":\"https:\\\/\\\/www.revistarambla.com\\\/lola-montalvo-la-falta-de-enfermeras-pone-en-peligro-la-salud\\\/#primaryimage\"},\"thumbnailUrl\":\"https:\\\/\\\/www.revistarambla.com\\\/wp-content\\\/uploads\\\/2017\\\/09\\\/ENFERMERA-01.jpg\",\"datePublished\":\"2017-09-25T05:53:49+00:00\",\"dateModified\":\"2021-12-08T15:48:31+00:00\",\"breadcrumb\":{\"@id\":\"https:\\\/\\\/www.revistarambla.com\\\/lola-montalvo-la-falta-de-enfermeras-pone-en-peligro-la-salud\\\/#breadcrumb\"},\"inLanguage\":\"en-GB\",\"potentialAction\":[{\"@type\":\"ReadAction\",\"target\":[\"https:\\\/\\\/www.revistarambla.com\\\/lola-montalvo-la-falta-de-enfermeras-pone-en-peligro-la-salud\\\/\"]}]},{\"@type\":\"ImageObject\",\"inLanguage\":\"en-GB\",\"@id\":\"https:\\\/\\\/www.revistarambla.com\\\/lola-montalvo-la-falta-de-enfermeras-pone-en-peligro-la-salud\\\/#primaryimage\",\"url\":\"https:\\\/\\\/www.revistarambla.com\\\/wp-content\\\/uploads\\\/2017\\\/09\\\/ENFERMERA-01.jpg\",\"contentUrl\":\"https:\\\/\\\/www.revistarambla.com\\\/wp-content\\\/uploads\\\/2017\\\/09\\\/ENFERMERA-01.jpg\",\"width\":622,\"height\":338},{\"@type\":\"BreadcrumbList\",\"@id\":\"https:\\\/\\\/www.revistarambla.com\\\/lola-montalvo-la-falta-de-enfermeras-pone-en-peligro-la-salud\\\/#breadcrumb\",\"itemListElement\":[{\"@type\":\"ListItem\",\"position\":1,\"name\":\"Portada\",\"item\":\"https:\\\/\\\/www.revistarambla.com\\\/\"},{\"@type\":\"ListItem\",\"position\":2,\"name\":\"Lola Montalvo: \u201cLa falta de enfermeras pone en peligro la salud\u201d\"}]},{\"@type\":\"WebSite\",\"@id\":\"https:\\\/\\\/www.revistarambla.com\\\/#website\",\"url\":\"https:\\\/\\\/www.revistarambla.com\\\/\",\"name\":\"Revista Rambla Barcelona\",\"description\":\"Periodismo independiente\",\"publisher\":{\"@id\":\"https:\\\/\\\/www.revistarambla.com\\\/#organization\"},\"potentialAction\":[{\"@type\":\"SearchAction\",\"target\":{\"@type\":\"EntryPoint\",\"urlTemplate\":\"https:\\\/\\\/www.revistarambla.com\\\/?s={search_term_string}\"},\"query-input\":{\"@type\":\"PropertyValueSpecification\",\"valueRequired\":true,\"valueName\":\"search_term_string\"}}],\"inLanguage\":\"en-GB\"},{\"@type\":\"Organization\",\"@id\":\"https:\\\/\\\/www.revistarambla.com\\\/#organization\",\"name\":\"Revista Rambla\",\"url\":\"https:\\\/\\\/www.revistarambla.com\\\/\",\"logo\":{\"@type\":\"ImageObject\",\"inLanguage\":\"en-GB\",\"@id\":\"https:\\\/\\\/www.revistarambla.com\\\/#\\\/schema\\\/logo\\\/image\\\/\",\"url\":\"https:\\\/\\\/www.revistarambla.com\\\/wp-content\\\/uploads\\\/2020\\\/09\\\/banner_rambla_1900x600_BB.png\",\"contentUrl\":\"https:\\\/\\\/www.revistarambla.com\\\/wp-content\\\/uploads\\\/2020\\\/09\\\/banner_rambla_1900x600_BB.png\",\"width\":1900,\"height\":600,\"caption\":\"Revista Rambla\"},\"image\":{\"@id\":\"https:\\\/\\\/www.revistarambla.com\\\/#\\\/schema\\\/logo\\\/image\\\/\"},\"sameAs\":[\"https:\\\/\\\/www.facebook.com\\\/revistarambla\\\/\",\"https:\\\/\\\/x.com\\\/revistarambla\",\"https:\\\/\\\/www.instagram.com\\\/revista_rambla\",\"https:\\\/\\\/es.linkedin.com\\\/company\\\/revista-rambla\"]},{\"@type\":\"Person\",\"@id\":\"https:\\\/\\\/www.revistarambla.com\\\/#\\\/schema\\\/person\\\/f970e20c8f452a7910eb4defa5fe7d7d\",\"name\":\"\u00c0lex M. Franquet\",\"description\":\"-\",\"sameAs\":[\"https:\\\/\\\/www.revistarambla.com\\\/\"]}]}<\/script>\n<!-- \/ Yoast SEO plugin. -->","yoast_head_json":{"title":"Lola Montalvo: \u201cLa falta de enfermeras pone en peligro la salud\u201d - Revista Rambla","robots":{"index":"index","follow":"follow","max-snippet":"max-snippet:-1","max-image-preview":"max-image-preview:large","max-video-preview":"max-video-preview:-1"},"canonical":"https:\/\/www.revistarambla.com\/en\/lola-montalvo-la-falta-de-enfermeras-pone-en-peligro-la-salud\/","og_locale":"en_GB","og_type":"article","og_title":"Lola Montalvo: \u201cLa falta de enfermeras pone en peligro la salud\u201d - Revista Rambla","og_description":"Lola Montalvo acaba de publicar su libro \u201cHistoria de una enfermera\u201d. Narra la historia de dos mujeres, Marina y Marian, que en \u00e9pocas diferentes han trabajado de enfermeras. En este relato apasionado sobre dos enfermeras, Marina desarroll\u00f3 su profesi\u00f3n en los a\u00f1os 40. Marian trabaja en el sistema sanitario actual, [&hellip;]","og_url":"https:\/\/www.revistarambla.com\/en\/lola-montalvo-la-falta-de-enfermeras-pone-en-peligro-la-salud\/","og_site_name":"Revista Rambla","article_publisher":"https:\/\/www.facebook.com\/revistarambla\/","article_published_time":"2017-09-25T05:53:49+00:00","article_modified_time":"2021-12-08T15:48:31+00:00","og_image":[{"width":622,"height":338,"url":"https:\/\/www.revistarambla.com\/wp-content\/uploads\/2017\/09\/ENFERMERA-01.jpg","type":"image\/jpeg"}],"author":"\u00c0lex M. Franquet","twitter_card":"summary_large_image","twitter_creator":"@revistarambla","twitter_site":"@revistarambla","twitter_misc":{"Written by":"\u00c0lex M. Franquet","Estimated reading time":"9 minutes"},"schema":{"@context":"https:\/\/schema.org","@graph":[{"@type":"Article","@id":"https:\/\/www.revistarambla.com\/lola-montalvo-la-falta-de-enfermeras-pone-en-peligro-la-salud\/#article","isPartOf":{"@id":"https:\/\/www.revistarambla.com\/lola-montalvo-la-falta-de-enfermeras-pone-en-peligro-la-salud\/"},"author":{"name":"\u00c0lex M. Franquet","@id":"https:\/\/www.revistarambla.com\/#\/schema\/person\/f970e20c8f452a7910eb4defa5fe7d7d"},"headline":"Lola Montalvo: \u201cLa falta de enfermeras pone en peligro la salud\u201d","datePublished":"2017-09-25T05:53:49+00:00","dateModified":"2021-12-08T15:48:31+00:00","mainEntityOfPage":{"@id":"https:\/\/www.revistarambla.com\/lola-montalvo-la-falta-de-enfermeras-pone-en-peligro-la-salud\/"},"wordCount":2132,"commentCount":0,"publisher":{"@id":"https:\/\/www.revistarambla.com\/#organization"},"image":{"@id":"https:\/\/www.revistarambla.com\/lola-montalvo-la-falta-de-enfermeras-pone-en-peligro-la-salud\/#primaryimage"},"thumbnailUrl":"https:\/\/www.revistarambla.com\/wp-content\/uploads\/2017\/09\/ENFERMERA-01.jpg","articleSection":["Cultura","Libros"],"inLanguage":"en-GB","potentialAction":[{"@type":"CommentAction","name":"Comment","target":["https:\/\/www.revistarambla.com\/lola-montalvo-la-falta-de-enfermeras-pone-en-peligro-la-salud\/#respond"]}]},{"@type":"WebPage","@id":"https:\/\/www.revistarambla.com\/lola-montalvo-la-falta-de-enfermeras-pone-en-peligro-la-salud\/","url":"https:\/\/www.revistarambla.com\/lola-montalvo-la-falta-de-enfermeras-pone-en-peligro-la-salud\/","name":"Lola Montalvo: \u201cLa falta de enfermeras pone en peligro la salud\u201d - Revista Rambla","isPartOf":{"@id":"https:\/\/www.revistarambla.com\/#website"},"primaryImageOfPage":{"@id":"https:\/\/www.revistarambla.com\/lola-montalvo-la-falta-de-enfermeras-pone-en-peligro-la-salud\/#primaryimage"},"image":{"@id":"https:\/\/www.revistarambla.com\/lola-montalvo-la-falta-de-enfermeras-pone-en-peligro-la-salud\/#primaryimage"},"thumbnailUrl":"https:\/\/www.revistarambla.com\/wp-content\/uploads\/2017\/09\/ENFERMERA-01.jpg","datePublished":"2017-09-25T05:53:49+00:00","dateModified":"2021-12-08T15:48:31+00:00","breadcrumb":{"@id":"https:\/\/www.revistarambla.com\/lola-montalvo-la-falta-de-enfermeras-pone-en-peligro-la-salud\/#breadcrumb"},"inLanguage":"en-GB","potentialAction":[{"@type":"ReadAction","target":["https:\/\/www.revistarambla.com\/lola-montalvo-la-falta-de-enfermeras-pone-en-peligro-la-salud\/"]}]},{"@type":"ImageObject","inLanguage":"en-GB","@id":"https:\/\/www.revistarambla.com\/lola-montalvo-la-falta-de-enfermeras-pone-en-peligro-la-salud\/#primaryimage","url":"https:\/\/www.revistarambla.com\/wp-content\/uploads\/2017\/09\/ENFERMERA-01.jpg","contentUrl":"https:\/\/www.revistarambla.com\/wp-content\/uploads\/2017\/09\/ENFERMERA-01.jpg","width":622,"height":338},{"@type":"BreadcrumbList","@id":"https:\/\/www.revistarambla.com\/lola-montalvo-la-falta-de-enfermeras-pone-en-peligro-la-salud\/#breadcrumb","itemListElement":[{"@type":"ListItem","position":1,"name":"Portada","item":"https:\/\/www.revistarambla.com\/"},{"@type":"ListItem","position":2,"name":"Lola Montalvo: \u201cLa falta de enfermeras pone en peligro la salud\u201d"}]},{"@type":"WebSite","@id":"https:\/\/www.revistarambla.com\/#website","url":"https:\/\/www.revistarambla.com\/","name":"Revista Rambla Barcelona","description":"Periodismo independiente","publisher":{"@id":"https:\/\/www.revistarambla.com\/#organization"},"potentialAction":[{"@type":"SearchAction","target":{"@type":"EntryPoint","urlTemplate":"https:\/\/www.revistarambla.com\/?s={search_term_string}"},"query-input":{"@type":"PropertyValueSpecification","valueRequired":true,"valueName":"search_term_string"}}],"inLanguage":"en-GB"},{"@type":"Organization","@id":"https:\/\/www.revistarambla.com\/#organization","name":"Revista Rambla","url":"https:\/\/www.revistarambla.com\/","logo":{"@type":"ImageObject","inLanguage":"en-GB","@id":"https:\/\/www.revistarambla.com\/#\/schema\/logo\/image\/","url":"https:\/\/www.revistarambla.com\/wp-content\/uploads\/2020\/09\/banner_rambla_1900x600_BB.png","contentUrl":"https:\/\/www.revistarambla.com\/wp-content\/uploads\/2020\/09\/banner_rambla_1900x600_BB.png","width":1900,"height":600,"caption":"Revista Rambla"},"image":{"@id":"https:\/\/www.revistarambla.com\/#\/schema\/logo\/image\/"},"sameAs":["https:\/\/www.facebook.com\/revistarambla\/","https:\/\/x.com\/revistarambla","https:\/\/www.instagram.com\/revista_rambla","https:\/\/es.linkedin.com\/company\/revista-rambla"]},{"@type":"Person","@id":"https:\/\/www.revistarambla.com\/#\/schema\/person\/f970e20c8f452a7910eb4defa5fe7d7d","name":"\u00c0lex M. Franquet","description":"-","sameAs":["https:\/\/www.revistarambla.com\/"]}]}},"_links":{"self":[{"href":"https:\/\/www.revistarambla.com\/en\/wp-json\/wp\/v2\/posts\/13640","targetHints":{"allow":["GET"]}}],"collection":[{"href":"https:\/\/www.revistarambla.com\/en\/wp-json\/wp\/v2\/posts"}],"about":[{"href":"https:\/\/www.revistarambla.com\/en\/wp-json\/wp\/v2\/types\/post"}],"author":[{"embeddable":true,"href":"https:\/\/www.revistarambla.com\/en\/wp-json\/wp\/v2\/users\/33"}],"replies":[{"embeddable":true,"href":"https:\/\/www.revistarambla.com\/en\/wp-json\/wp\/v2\/comments?post=13640"}],"version-history":[{"count":0,"href":"https:\/\/www.revistarambla.com\/en\/wp-json\/wp\/v2\/posts\/13640\/revisions"}],"wp:featuredmedia":[{"embeddable":true,"href":"https:\/\/www.revistarambla.com\/en\/wp-json\/wp\/v2\/media\/13641"}],"wp:attachment":[{"href":"https:\/\/www.revistarambla.com\/en\/wp-json\/wp\/v2\/media?parent=13640"}],"wp:term":[{"taxonomy":"category","embeddable":true,"href":"https:\/\/www.revistarambla.com\/en\/wp-json\/wp\/v2\/categories?post=13640"},{"taxonomy":"post_tag","embeddable":true,"href":"https:\/\/www.revistarambla.com\/en\/wp-json\/wp\/v2\/tags?post=13640"}],"curies":[{"name":"wp","href":"https:\/\/api.w.org\/{rel}","templated":true}]}}