{"id":13576,"date":"2017-09-21T07:37:53","date_gmt":"2017-09-21T05:37:53","guid":{"rendered":"https:\/\/www.revistarambla.com\/?p=13576"},"modified":"2021-04-02T13:45:41","modified_gmt":"2021-04-02T11:45:41","slug":"mas-dignos-libres-y-democraticos","status":"publish","type":"post","link":"https:\/\/www.revistarambla.com\/en\/mas-dignos-libres-y-democraticos\/","title":{"rendered":"M\u00e1s dignos, libres y democr\u00e1ticos"},"content":{"rendered":"<p>A los nacionalistas espa\u00f1oles les est\u00e1 pasando por encima la voluntad, de una gran parte del pueblo catal\u00e1n, de decidir si quieren seguir siendo parte del Estado Espa\u00f1ol o convertirse en una rep\u00fablica soberana. El derecho de autodeterminaci\u00f3n no est\u00e1 recogido en una Constituci\u00f3n que fue elaborada con los poderes del franquismo manejando la direcci\u00f3n e imponiendo el art\u00edculo 2, que forma parte del ADN de la derecha m\u00e1s reaccionaria y que tantos muertos ha provocado en la historia del Estado: \u201cla Constituci\u00f3n se fundamenta en la indisoluble unidad de la naci\u00f3n espa\u00f1ola, patria com\u00fan e indivisible de todos los espa\u00f1oles\u2026\u201c. Indisoluble unidad e indivisible. El derecho a la autodeterminaci\u00f3n no cabe en este marco.<\/p>\n<p>&nbsp;<\/p>\n<p><img decoding=\"async\" class=\"aligncenter size-full wp-image-13578\" src=\"https:\/\/www.revistarambla.com\/wp-content\/uploads\/2017\/09\/placa-Sol-Madrid-suport-Votarem_1873023053_47131778_1500x1000.jpg\" alt=\"\" width=\"1500\" height=\"1000\" srcset=\"https:\/\/www.revistarambla.com\/wp-content\/uploads\/2017\/09\/placa-Sol-Madrid-suport-Votarem_1873023053_47131778_1500x1000.jpg 1500w, https:\/\/www.revistarambla.com\/wp-content\/uploads\/2017\/09\/placa-Sol-Madrid-suport-Votarem_1873023053_47131778_1500x1000-300x200.jpg 300w, https:\/\/www.revistarambla.com\/wp-content\/uploads\/2017\/09\/placa-Sol-Madrid-suport-Votarem_1873023053_47131778_1500x1000-768x512.jpg 768w, https:\/\/www.revistarambla.com\/wp-content\/uploads\/2017\/09\/placa-Sol-Madrid-suport-Votarem_1873023053_47131778_1500x1000-1024x683.jpg 1024w, https:\/\/www.revistarambla.com\/wp-content\/uploads\/2017\/09\/placa-Sol-Madrid-suport-Votarem_1873023053_47131778_1500x1000-500x333.jpg 500w\" sizes=\"(max-width: 1500px) 100vw, 1500px\" \/><\/p>\n<p>El art\u00edculo 23.1 nos dice que \u201clos ciudadanos tienen el derecho a participar en los asuntos p\u00fablicos, directamente o por medio de representantes\u2026\u201c. Excepto en aquellos asuntos que afecten a la indisoluble unidad de la naci\u00f3n espa\u00f1ola y al jefe del Estado, el rey, s\u00edmbolo de su unidad y permanencia. Si en aquel momento se hubiera incluido un art\u00edculo que pusiera en peligro la unidad de la naci\u00f3n se habr\u00edan escuchado ruidos de sable por parte del ej\u00e9rcito y el fascismo espa\u00f1ol hubiera ense\u00f1ado los dientes. Esta amenaza condicion\u00f3 el articulado y convirti\u00f3 la democracia formal en una defectuosa. La Transici\u00f3n bebi\u00f3 de la esperanza de muchos ciudadanos pero tambi\u00e9n de la amenaza y del miedo. El Estado Espa\u00f1ol ten\u00eda as\u00ed dos prohibiciones. No pod\u00edamos elegir convertirnos en una rep\u00fablica ni separarnos de la naci\u00f3n espa\u00f1ola. Al final los ciudadanos tienen el derecho a participar en aquellos asuntos que se les permite participar. Las l\u00edneas rojas no se pueden traspasar.<\/p>\n<p>A los espa\u00f1oles nos educaron para rechazar las aspiraciones nacionalistas [las de los otros] e independentistas. \u00a1Qu\u00e9 van a hacer sin nosotros! \u00a1No podr\u00e1n sobrevivir! \u00a1Su idioma es minoritario e irrelevante! Los independentistas son reaccionarios, intolerantes y terroristas. Fue un lavado de cerebro en toda regla en el que participaron los poderes p\u00fablicos y los grandes medios de comunicaci\u00f3n. Las conversaciones se tensaban cuando se argumentaba a favor de la posibilidad de que pudieran decidir. Afirmar que exist\u00eda este derecho era como si estuvieras a favor de ETA o Terra Lliure. Te convert\u00eda en un simpatizante de los terroristas y en un enemigo del Estado. A veces la condescendencia era la herramienta argumentativa para abordar a un defensor del derecho de un pueblo a decidir su propio camino. Esa seguridad de que la independencia era imposible les elevaba por encima de los dem\u00e1s y se burlaban o desde\u00f1aban al oponente. Hoy la sonrisa se ha convertido en una pat\u00e9tica mueca petrificada.<\/p>\n<p>La Constituci\u00f3n y las leyes fueron construidas conscientemente para evitar la divisi\u00f3n del Estado. Mejor dicho: para evitar un ejercicio democr\u00e1tico. Por eso saltarse una legalidad ileg\u00edtima es un deber democr\u00e1tico de cualquier persona que se considere a s\u00ed misma dem\u00f3crata. El argumento de la legalidad es, en realidad, una trampa dial\u00e9ctica que viene a significar volver al redil. Nos dicen que respetemos una legalidad que no permite ejercer un derecho democr\u00e1tico para volver a entrar en el juego de las leyes que impiden, retrasan o proh\u00edben ese derecho. Nos dicen que respetemos la sacrosanta Constituci\u00f3n que se fundamenta en la indisoluble naci\u00f3n espa\u00f1ola. Esa Constituci\u00f3n que tantas dificultades presenta para ser retocada o reformada excepto si se trata del art\u00edculo 135. Si el Govern ha optado por desobedecer es porque no ha habido otra opci\u00f3n hasta el momento. Marear la perdiz no entraba dentro de sus planes.<\/p>\n<p>Los nacionalistas espa\u00f1oles hablan de atentado contra la democracia y nos dicen que \u00e9ste no es el camino. Nos dicen que hay que establecer un di\u00e1logo y llegar a acuerdos, que no aceptaron en las \u00faltimas d\u00e9cadas, y ahora, ante la firmeza catalana, se pliegan de forma impostada. Ninguno de ellos habla de eliminar el art\u00edculo 2 ni de permitir al pueblo catal\u00e1n y al resto del Estado votar sobre aspectos fundamentales como permanecer juntos o convertirnos en una rep\u00fablica. Solo nos dicen que este no es el camino y que hay que utilizar las herramientas del Estado democr\u00e1tico. El mismo que durante d\u00e9cadas ha maniobrado para evitarlo. \u00bfQu\u00e9 garant\u00edas se tiene para iniciar un di\u00e1logo de verdad? Ninguna. Solo hay palabras sin voluntad alguna. Al menos mientras el Partido Popular siga teniendo la sart\u00e9n por el mango.<\/p>\n<p>La maquinaria del Estado est\u00e1 en pleno funcionamiento. Se pretende criminalizar a los pol\u00edticos catalanes partidarios del refer\u00e9ndum, a los ciudadanos que quieren votar, a las empresas que colaboren en el proceso, se amenaza a los funcionarios y alcaldes, se proh\u00edben actos. \u00bfQu\u00e9 van a hacer? \u00bfMeterlos en la c\u00e1rcel? \u00bfReprimirlos democr\u00e1ticamente? Nada que nos tenga que sorprender. Cuando el Estado se siente amenazado act\u00faa de la misma forma. No pocos ciudadanos piden mano dura. Algunos gritan \u00a1c\u00e1rcel! Est\u00e1n bien entrenados. Son el sost\u00e9n de un Estado represor. Sus ideas y argumentos son los que el Estado les ha proporcionado. No son producto de la reflexi\u00f3n sino de las tripas y de los unos contra los otros. Ni siquiera son conscientes de que por mucho que griten \u00a1democracia! est\u00e1n negando un ejercicio democr\u00e1tico y que la historia est\u00e1 llena de actos de desobediencia a leyes escritas que han convertido a los pa\u00edses en m\u00e1s dignos, libres y democr\u00e1ticos.<\/p>\n<p><em>LoQSomos<\/em><\/p>\n","protected":false},"excerpt":{"rendered":"<p>A los nacionalistas espa\u00f1oles les est\u00e1 pasando por encima la voluntad, de una gran parte del pueblo catal\u00e1n, de decidir si quieren seguir siendo parte del Estado Espa\u00f1ol o convertirse en una rep\u00fablica soberana. El derecho de autodeterminaci\u00f3n no est\u00e1 recogido en una Constituci\u00f3n que fue elaborada con los poderes [&hellip;]<\/p>\n","protected":false},"author":3,"featured_media":13577,"comment_status":"open","ping_status":"open","sticky":false,"template":"","format":"standard","meta":{"footnotes":""},"categories":[3,59,58],"tags":[],"class_list":["post-13576","post","type-post","status-publish","format-standard","has-post-thumbnail","hentry","category-actualidad","category-catalunya","category-estado-espanol"],"yoast_head":"<!-- This site is optimized with the Yoast SEO plugin v27.5 - https:\/\/yoast.com\/product\/yoast-seo-wordpress\/ -->\n<title>M\u00e1s dignos, libres y democr\u00e1ticos - Revista Rambla<\/title>\n<meta name=\"robots\" content=\"index, follow, max-snippet:-1, max-image-preview:large, max-video-preview:-1\" \/>\n<link rel=\"canonical\" href=\"https:\/\/www.revistarambla.com\/en\/mas-dignos-libres-y-democraticos\/\" \/>\n<meta property=\"og:locale\" content=\"en_GB\" \/>\n<meta property=\"og:type\" content=\"article\" \/>\n<meta property=\"og:title\" content=\"M\u00e1s dignos, libres y democr\u00e1ticos - Revista Rambla\" \/>\n<meta property=\"og:description\" content=\"A los nacionalistas espa\u00f1oles les est\u00e1 pasando por encima la voluntad, de una gran parte del pueblo catal\u00e1n, de decidir si quieren seguir siendo parte del Estado Espa\u00f1ol o convertirse en una rep\u00fablica soberana. El derecho de autodeterminaci\u00f3n no est\u00e1 recogido en una Constituci\u00f3n que fue elaborada con los poderes [&hellip;]\" \/>\n<meta property=\"og:url\" content=\"https:\/\/www.revistarambla.com\/en\/mas-dignos-libres-y-democraticos\/\" \/>\n<meta property=\"og:site_name\" content=\"Revista Rambla\" \/>\n<meta property=\"article:publisher\" content=\"https:\/\/www.facebook.com\/revistarambla\/\" \/>\n<meta property=\"article:author\" content=\"https:\/\/www.facebook.com\/revistarambla\" \/>\n<meta property=\"article:published_time\" content=\"2017-09-21T05:37:53+00:00\" \/>\n<meta property=\"article:modified_time\" content=\"2021-04-02T11:45:41+00:00\" \/>\n<meta property=\"og:image\" content=\"https:\/\/i0.wp.com\/www.revistarambla.com\/wp-content\/uploads\/2017\/09\/149652_20170920193138__KR_9697_thumb_722.jpg?fit=722%2C406&ssl=1\" \/>\n\t<meta property=\"og:image:width\" content=\"722\" \/>\n\t<meta property=\"og:image:height\" content=\"406\" \/>\n\t<meta property=\"og:image:type\" content=\"image\/jpeg\" \/>\n<meta name=\"author\" content=\"Juan Gabalaui\" \/>\n<meta name=\"twitter:card\" content=\"summary_large_image\" \/>\n<meta name=\"twitter:creator\" content=\"@revistarambla\" \/>\n<meta name=\"twitter:site\" content=\"@revistarambla\" \/>\n<meta name=\"twitter:label1\" content=\"Written by\" \/>\n\t<meta name=\"twitter:data1\" content=\"Juan Gabalaui\" \/>\n\t<meta name=\"twitter:label2\" content=\"Estimated reading time\" \/>\n\t<meta name=\"twitter:data2\" content=\"5 minutes\" \/>\n<script type=\"application\/ld+json\" class=\"yoast-schema-graph\">{\"@context\":\"https:\\\/\\\/schema.org\",\"@graph\":[{\"@type\":\"Article\",\"@id\":\"https:\\\/\\\/www.revistarambla.com\\\/mas-dignos-libres-y-democraticos\\\/#article\",\"isPartOf\":{\"@id\":\"https:\\\/\\\/www.revistarambla.com\\\/mas-dignos-libres-y-democraticos\\\/\"},\"author\":{\"name\":\"Juan Gabalaui\",\"@id\":\"https:\\\/\\\/www.revistarambla.com\\\/#\\\/schema\\\/person\\\/a146a5a2550b94981a75131180e1bd9c\"},\"headline\":\"M\u00e1s dignos, libres y democr\u00e1ticos\",\"datePublished\":\"2017-09-21T05:37:53+00:00\",\"dateModified\":\"2021-04-02T11:45:41+00:00\",\"mainEntityOfPage\":{\"@id\":\"https:\\\/\\\/www.revistarambla.com\\\/mas-dignos-libres-y-democraticos\\\/\"},\"wordCount\":970,\"commentCount\":0,\"publisher\":{\"@id\":\"https:\\\/\\\/www.revistarambla.com\\\/#organization\"},\"image\":{\"@id\":\"https:\\\/\\\/www.revistarambla.com\\\/mas-dignos-libres-y-democraticos\\\/#primaryimage\"},\"thumbnailUrl\":\"https:\\\/\\\/www.revistarambla.com\\\/wp-content\\\/uploads\\\/2017\\\/09\\\/149652_20170920193138__KR_9697_thumb_722.jpg\",\"articleSection\":[\"Actualidad\",\"Catalunya\",\"Estado Espa\u00f1ol\"],\"inLanguage\":\"en-GB\",\"potentialAction\":[{\"@type\":\"CommentAction\",\"name\":\"Comment\",\"target\":[\"https:\\\/\\\/www.revistarambla.com\\\/mas-dignos-libres-y-democraticos\\\/#respond\"]}]},{\"@type\":\"WebPage\",\"@id\":\"https:\\\/\\\/www.revistarambla.com\\\/mas-dignos-libres-y-democraticos\\\/\",\"url\":\"https:\\\/\\\/www.revistarambla.com\\\/mas-dignos-libres-y-democraticos\\\/\",\"name\":\"M\u00e1s dignos, libres y democr\u00e1ticos - Revista Rambla\",\"isPartOf\":{\"@id\":\"https:\\\/\\\/www.revistarambla.com\\\/#website\"},\"primaryImageOfPage\":{\"@id\":\"https:\\\/\\\/www.revistarambla.com\\\/mas-dignos-libres-y-democraticos\\\/#primaryimage\"},\"image\":{\"@id\":\"https:\\\/\\\/www.revistarambla.com\\\/mas-dignos-libres-y-democraticos\\\/#primaryimage\"},\"thumbnailUrl\":\"https:\\\/\\\/www.revistarambla.com\\\/wp-content\\\/uploads\\\/2017\\\/09\\\/149652_20170920193138__KR_9697_thumb_722.jpg\",\"datePublished\":\"2017-09-21T05:37:53+00:00\",\"dateModified\":\"2021-04-02T11:45:41+00:00\",\"breadcrumb\":{\"@id\":\"https:\\\/\\\/www.revistarambla.com\\\/mas-dignos-libres-y-democraticos\\\/#breadcrumb\"},\"inLanguage\":\"en-GB\",\"potentialAction\":[{\"@type\":\"ReadAction\",\"target\":[\"https:\\\/\\\/www.revistarambla.com\\\/mas-dignos-libres-y-democraticos\\\/\"]}]},{\"@type\":\"ImageObject\",\"inLanguage\":\"en-GB\",\"@id\":\"https:\\\/\\\/www.revistarambla.com\\\/mas-dignos-libres-y-democraticos\\\/#primaryimage\",\"url\":\"https:\\\/\\\/www.revistarambla.com\\\/wp-content\\\/uploads\\\/2017\\\/09\\\/149652_20170920193138__KR_9697_thumb_722.jpg\",\"contentUrl\":\"https:\\\/\\\/www.revistarambla.com\\\/wp-content\\\/uploads\\\/2017\\\/09\\\/149652_20170920193138__KR_9697_thumb_722.jpg\",\"width\":722,\"height\":406},{\"@type\":\"BreadcrumbList\",\"@id\":\"https:\\\/\\\/www.revistarambla.com\\\/mas-dignos-libres-y-democraticos\\\/#breadcrumb\",\"itemListElement\":[{\"@type\":\"ListItem\",\"position\":1,\"name\":\"Portada\",\"item\":\"https:\\\/\\\/www.revistarambla.com\\\/\"},{\"@type\":\"ListItem\",\"position\":2,\"name\":\"M\u00e1s dignos, libres y democr\u00e1ticos\"}]},{\"@type\":\"WebSite\",\"@id\":\"https:\\\/\\\/www.revistarambla.com\\\/#website\",\"url\":\"https:\\\/\\\/www.revistarambla.com\\\/\",\"name\":\"Revista Rambla Barcelona\",\"description\":\"Periodismo independiente\",\"publisher\":{\"@id\":\"https:\\\/\\\/www.revistarambla.com\\\/#organization\"},\"potentialAction\":[{\"@type\":\"SearchAction\",\"target\":{\"@type\":\"EntryPoint\",\"urlTemplate\":\"https:\\\/\\\/www.revistarambla.com\\\/?s={search_term_string}\"},\"query-input\":{\"@type\":\"PropertyValueSpecification\",\"valueRequired\":true,\"valueName\":\"search_term_string\"}}],\"inLanguage\":\"en-GB\"},{\"@type\":\"Organization\",\"@id\":\"https:\\\/\\\/www.revistarambla.com\\\/#organization\",\"name\":\"Revista Rambla\",\"url\":\"https:\\\/\\\/www.revistarambla.com\\\/\",\"logo\":{\"@type\":\"ImageObject\",\"inLanguage\":\"en-GB\",\"@id\":\"https:\\\/\\\/www.revistarambla.com\\\/#\\\/schema\\\/logo\\\/image\\\/\",\"url\":\"https:\\\/\\\/www.revistarambla.com\\\/wp-content\\\/uploads\\\/2020\\\/09\\\/banner_rambla_1900x600_BB.png\",\"contentUrl\":\"https:\\\/\\\/www.revistarambla.com\\\/wp-content\\\/uploads\\\/2020\\\/09\\\/banner_rambla_1900x600_BB.png\",\"width\":1900,\"height\":600,\"caption\":\"Revista Rambla\"},\"image\":{\"@id\":\"https:\\\/\\\/www.revistarambla.com\\\/#\\\/schema\\\/logo\\\/image\\\/\"},\"sameAs\":[\"https:\\\/\\\/www.facebook.com\\\/revistarambla\\\/\",\"https:\\\/\\\/x.com\\\/revistarambla\",\"https:\\\/\\\/www.instagram.com\\\/revista_rambla\",\"https:\\\/\\\/es.linkedin.com\\\/company\\\/revista-rambla\"]},{\"@type\":\"Person\",\"@id\":\"https:\\\/\\\/www.revistarambla.com\\\/#\\\/schema\\\/person\\\/a146a5a2550b94981a75131180e1bd9c\",\"name\":\"Juan Gabalaui\",\"sameAs\":[\"https:\\\/\\\/www.facebook.com\\\/revistarambla\",\"https:\\\/\\\/x.com\\\/revistarambla\"]}]}<\/script>\n<!-- \/ Yoast SEO plugin. -->","yoast_head_json":{"title":"M\u00e1s dignos, libres y democr\u00e1ticos - Revista Rambla","robots":{"index":"index","follow":"follow","max-snippet":"max-snippet:-1","max-image-preview":"max-image-preview:large","max-video-preview":"max-video-preview:-1"},"canonical":"https:\/\/www.revistarambla.com\/en\/mas-dignos-libres-y-democraticos\/","og_locale":"en_GB","og_type":"article","og_title":"M\u00e1s dignos, libres y democr\u00e1ticos - Revista Rambla","og_description":"A los nacionalistas espa\u00f1oles les est\u00e1 pasando por encima la voluntad, de una gran parte del pueblo catal\u00e1n, de decidir si quieren seguir siendo parte del Estado Espa\u00f1ol o convertirse en una rep\u00fablica soberana. El derecho de autodeterminaci\u00f3n no est\u00e1 recogido en una Constituci\u00f3n que fue elaborada con los poderes [&hellip;]","og_url":"https:\/\/www.revistarambla.com\/en\/mas-dignos-libres-y-democraticos\/","og_site_name":"Revista Rambla","article_publisher":"https:\/\/www.facebook.com\/revistarambla\/","article_author":"https:\/\/www.facebook.com\/revistarambla","article_published_time":"2017-09-21T05:37:53+00:00","article_modified_time":"2021-04-02T11:45:41+00:00","og_image":[{"width":722,"height":406,"url":"https:\/\/i0.wp.com\/www.revistarambla.com\/wp-content\/uploads\/2017\/09\/149652_20170920193138__KR_9697_thumb_722.jpg?fit=722%2C406&ssl=1","type":"image\/jpeg"}],"author":"Juan Gabalaui","twitter_card":"summary_large_image","twitter_creator":"@revistarambla","twitter_site":"@revistarambla","twitter_misc":{"Written by":"Juan Gabalaui","Estimated reading time":"5 minutes"},"schema":{"@context":"https:\/\/schema.org","@graph":[{"@type":"Article","@id":"https:\/\/www.revistarambla.com\/mas-dignos-libres-y-democraticos\/#article","isPartOf":{"@id":"https:\/\/www.revistarambla.com\/mas-dignos-libres-y-democraticos\/"},"author":{"name":"Juan Gabalaui","@id":"https:\/\/www.revistarambla.com\/#\/schema\/person\/a146a5a2550b94981a75131180e1bd9c"},"headline":"M\u00e1s dignos, libres y democr\u00e1ticos","datePublished":"2017-09-21T05:37:53+00:00","dateModified":"2021-04-02T11:45:41+00:00","mainEntityOfPage":{"@id":"https:\/\/www.revistarambla.com\/mas-dignos-libres-y-democraticos\/"},"wordCount":970,"commentCount":0,"publisher":{"@id":"https:\/\/www.revistarambla.com\/#organization"},"image":{"@id":"https:\/\/www.revistarambla.com\/mas-dignos-libres-y-democraticos\/#primaryimage"},"thumbnailUrl":"https:\/\/www.revistarambla.com\/wp-content\/uploads\/2017\/09\/149652_20170920193138__KR_9697_thumb_722.jpg","articleSection":["Actualidad","Catalunya","Estado Espa\u00f1ol"],"inLanguage":"en-GB","potentialAction":[{"@type":"CommentAction","name":"Comment","target":["https:\/\/www.revistarambla.com\/mas-dignos-libres-y-democraticos\/#respond"]}]},{"@type":"WebPage","@id":"https:\/\/www.revistarambla.com\/mas-dignos-libres-y-democraticos\/","url":"https:\/\/www.revistarambla.com\/mas-dignos-libres-y-democraticos\/","name":"M\u00e1s dignos, libres y democr\u00e1ticos - Revista Rambla","isPartOf":{"@id":"https:\/\/www.revistarambla.com\/#website"},"primaryImageOfPage":{"@id":"https:\/\/www.revistarambla.com\/mas-dignos-libres-y-democraticos\/#primaryimage"},"image":{"@id":"https:\/\/www.revistarambla.com\/mas-dignos-libres-y-democraticos\/#primaryimage"},"thumbnailUrl":"https:\/\/www.revistarambla.com\/wp-content\/uploads\/2017\/09\/149652_20170920193138__KR_9697_thumb_722.jpg","datePublished":"2017-09-21T05:37:53+00:00","dateModified":"2021-04-02T11:45:41+00:00","breadcrumb":{"@id":"https:\/\/www.revistarambla.com\/mas-dignos-libres-y-democraticos\/#breadcrumb"},"inLanguage":"en-GB","potentialAction":[{"@type":"ReadAction","target":["https:\/\/www.revistarambla.com\/mas-dignos-libres-y-democraticos\/"]}]},{"@type":"ImageObject","inLanguage":"en-GB","@id":"https:\/\/www.revistarambla.com\/mas-dignos-libres-y-democraticos\/#primaryimage","url":"https:\/\/www.revistarambla.com\/wp-content\/uploads\/2017\/09\/149652_20170920193138__KR_9697_thumb_722.jpg","contentUrl":"https:\/\/www.revistarambla.com\/wp-content\/uploads\/2017\/09\/149652_20170920193138__KR_9697_thumb_722.jpg","width":722,"height":406},{"@type":"BreadcrumbList","@id":"https:\/\/www.revistarambla.com\/mas-dignos-libres-y-democraticos\/#breadcrumb","itemListElement":[{"@type":"ListItem","position":1,"name":"Portada","item":"https:\/\/www.revistarambla.com\/"},{"@type":"ListItem","position":2,"name":"M\u00e1s dignos, libres y democr\u00e1ticos"}]},{"@type":"WebSite","@id":"https:\/\/www.revistarambla.com\/#website","url":"https:\/\/www.revistarambla.com\/","name":"Revista Rambla Barcelona","description":"Periodismo independiente","publisher":{"@id":"https:\/\/www.revistarambla.com\/#organization"},"potentialAction":[{"@type":"SearchAction","target":{"@type":"EntryPoint","urlTemplate":"https:\/\/www.revistarambla.com\/?s={search_term_string}"},"query-input":{"@type":"PropertyValueSpecification","valueRequired":true,"valueName":"search_term_string"}}],"inLanguage":"en-GB"},{"@type":"Organization","@id":"https:\/\/www.revistarambla.com\/#organization","name":"Revista Rambla","url":"https:\/\/www.revistarambla.com\/","logo":{"@type":"ImageObject","inLanguage":"en-GB","@id":"https:\/\/www.revistarambla.com\/#\/schema\/logo\/image\/","url":"https:\/\/www.revistarambla.com\/wp-content\/uploads\/2020\/09\/banner_rambla_1900x600_BB.png","contentUrl":"https:\/\/www.revistarambla.com\/wp-content\/uploads\/2020\/09\/banner_rambla_1900x600_BB.png","width":1900,"height":600,"caption":"Revista Rambla"},"image":{"@id":"https:\/\/www.revistarambla.com\/#\/schema\/logo\/image\/"},"sameAs":["https:\/\/www.facebook.com\/revistarambla\/","https:\/\/x.com\/revistarambla","https:\/\/www.instagram.com\/revista_rambla","https:\/\/es.linkedin.com\/company\/revista-rambla"]},{"@type":"Person","@id":"https:\/\/www.revistarambla.com\/#\/schema\/person\/a146a5a2550b94981a75131180e1bd9c","name":"Juan Gabalaui","sameAs":["https:\/\/www.facebook.com\/revistarambla","https:\/\/x.com\/revistarambla"]}]}},"_links":{"self":[{"href":"https:\/\/www.revistarambla.com\/en\/wp-json\/wp\/v2\/posts\/13576","targetHints":{"allow":["GET"]}}],"collection":[{"href":"https:\/\/www.revistarambla.com\/en\/wp-json\/wp\/v2\/posts"}],"about":[{"href":"https:\/\/www.revistarambla.com\/en\/wp-json\/wp\/v2\/types\/post"}],"author":[{"embeddable":true,"href":"https:\/\/www.revistarambla.com\/en\/wp-json\/wp\/v2\/users\/3"}],"replies":[{"embeddable":true,"href":"https:\/\/www.revistarambla.com\/en\/wp-json\/wp\/v2\/comments?post=13576"}],"version-history":[{"count":0,"href":"https:\/\/www.revistarambla.com\/en\/wp-json\/wp\/v2\/posts\/13576\/revisions"}],"wp:featuredmedia":[{"embeddable":true,"href":"https:\/\/www.revistarambla.com\/en\/wp-json\/wp\/v2\/media\/13577"}],"wp:attachment":[{"href":"https:\/\/www.revistarambla.com\/en\/wp-json\/wp\/v2\/media?parent=13576"}],"wp:term":[{"taxonomy":"category","embeddable":true,"href":"https:\/\/www.revistarambla.com\/en\/wp-json\/wp\/v2\/categories?post=13576"},{"taxonomy":"post_tag","embeddable":true,"href":"https:\/\/www.revistarambla.com\/en\/wp-json\/wp\/v2\/tags?post=13576"}],"curies":[{"name":"wp","href":"https:\/\/api.w.org\/{rel}","templated":true}]}}