{"id":13460,"date":"2017-09-06T07:25:20","date_gmt":"2017-09-06T05:25:20","guid":{"rendered":"https:\/\/www.revistarambla.com\/?p=13460"},"modified":"2021-02-04T20:45:35","modified_gmt":"2021-02-04T19:45:35","slug":"madrid-no-tinc-por","status":"publish","type":"post","link":"https:\/\/www.revistarambla.com\/en\/madrid-no-tinc-por\/","title":{"rendered":"Madrid: \u201cNo tinc por!\u201d"},"content":{"rendered":"<p><strong><a href=\"https:\/\/www.revistarambla.com\/wp-content\/uploads\/2017\/09\/Madrid-no-tinc-por.png\"><img decoding=\"async\" class=\"alignright wp-image-13462 size-medium\" src=\"https:\/\/www.revistarambla.com\/wp-content\/uploads\/2017\/09\/Madrid-no-tinc-por-300x165.png\" alt=\"\" width=\"300\" height=\"165\" srcset=\"https:\/\/www.revistarambla.com\/wp-content\/uploads\/2017\/09\/Madrid-no-tinc-por-300x165.png 300w, https:\/\/www.revistarambla.com\/wp-content\/uploads\/2017\/09\/Madrid-no-tinc-por-768x423.png 768w, https:\/\/www.revistarambla.com\/wp-content\/uploads\/2017\/09\/Madrid-no-tinc-por-500x276.png 500w, https:\/\/www.revistarambla.com\/wp-content\/uploads\/2017\/09\/Madrid-no-tinc-por.png 882w\" sizes=\"(max-width: 300px) 100vw, 300px\" \/><\/a><\/strong>El pasado s\u00e1bado 26 de agosto, a las 18 horas, vecinas y vecinos de Madrid, han querido realizar tambi\u00e9n su homenaje al pueblo de Catalunya, frente a la puerta de la librer\u00eda Blanquerna, centro neur\u00e1lgico de la cultura catalana en la capital, expresando el rechazo a los recientes atentados, al mismo tiempo que se apoyaba al pueblo de Catalunya.<\/p>\n<p>En esta convocatoria casi\u00a0\u201cexpr\u00e9s\u201d\u00a0que en unas horas y del\u00a0\u201cboca a oreja\u201d\u00a0juntaba a varias decenas madrile\u00f1os, a escasos metros de la madrile\u00f1a fuente de\u00a0La Cibeles.\u00a0La puerta de la Librer\u00eda Blanquerna ya se encontraba abarrotada de flores, cientos de mensajes de solidaridad, dejados en estos d\u00edas por madrile\u00f1os y visitantes de todo el mundo.<\/p>\n<p><strong><em>\u201cQueremos mostrar nuestra solidaridad con todo el pueblo catal\u00e1n y las gentes venidas de otros lugares que se encontraban all\u00ed; nuestras m\u00e1s sentidas condolencias a familiares y amigos de las v\u00edctimas, a quienes enviamos un abrazo solidario\u201d.<\/em><\/strong><\/p>\n<p>No al terrorismo yihadista, ni a quienes lo alimentan, ni en Madrid, ni en Barcelona, ni en Siria, ni ning\u00fan lugar del mundo.<\/p>\n<p>No al belicismo.<\/p>\n<p>No al racismo.<\/p>\n<p>Por la paz y la solidaridad entre pueblos.<\/p>\n<p>\u00a1No tenemos miedo! No tinc por!\u201d<\/p>\n<p>El homenaje prosegu\u00eda con la lectura de varios poemas en catal\u00e1n y castellano, versos de <strong>Mart\u00ed i Pol<\/strong>, <strong>Ovidi Montllor<\/strong>, <strong>Lorca<\/strong> y <strong>Gloria Fuertes<\/strong>.<\/p>\n<p>El cierre del acto se hac\u00eda con un minuto de silencio por las quince v\u00edctimas de los recientes atentados y por todas las v\u00edctimas de estas guerras en el resto de pa\u00edses, no s\u00f3lo europeos, incluidas las v\u00edctimas de los bombardeos de aviones occidentales.<\/p>\n<p><strong>Un acto humilde y espont\u00e1neo cargado de cari\u00f1o y solidaridad desde el coraz\u00f3n del Estado espa\u00f1ol hacia la Catalunya libre y soberana.<\/strong><\/p>\n<p>#NoTenemosMiedo\u00a0 #NoTincPor\u00a0 #Madrile\u00f1asConCatalunya<\/p>\n<p>&nbsp;<\/p>\n<p>&nbsp;<\/p>","protected":false},"excerpt":{"rendered":"<p>El pasado s\u00e1bado 26 de agosto, a las 18 horas, vecinas y vecinos de Madrid, han querido realizar tambi\u00e9n su homenaje al pueblo de Catalunya, frente a la puerta de la librer\u00eda Blanquerna, centro neur\u00e1lgico de la cultura catalana en la capital, expresando el rechazo a los recientes atentados, al [&hellip;]<\/p>\n","protected":false},"author":3,"featured_media":13461,"comment_status":"open","ping_status":"open","sticky":false,"template":"","format":"standard","meta":{"footnotes":""},"categories":[3,59,58],"tags":[],"class_list":["post-13460","post","type-post","status-publish","format-standard","has-post-thumbnail","hentry","category-actualidad","category-catalunya","category-estado-espanol"],"yoast_head":"<!-- This site is optimized with the Yoast SEO plugin v27.5 - https:\/\/yoast.com\/product\/yoast-seo-wordpress\/ -->\n<title>Madrid: \u201cNo tinc por!\u201d - Revista Rambla<\/title>\n<meta name=\"robots\" content=\"index, follow, max-snippet:-1, max-image-preview:large, max-video-preview:-1\" \/>\n<link rel=\"canonical\" href=\"https:\/\/www.revistarambla.com\/en\/madrid-no-tinc-por\/\" \/>\n<meta property=\"og:locale\" content=\"en_GB\" \/>\n<meta property=\"og:type\" content=\"article\" \/>\n<meta property=\"og:title\" content=\"Madrid: \u201cNo tinc por!\u201d - Revista Rambla\" \/>\n<meta property=\"og:description\" content=\"El pasado s\u00e1bado 26 de agosto, a las 18 horas, vecinas y vecinos de Madrid, han querido realizar tambi\u00e9n su homenaje al pueblo de Catalunya, frente a la puerta de la librer\u00eda Blanquerna, centro neur\u00e1lgico de la cultura catalana en la capital, expresando el rechazo a los recientes atentados, al [&hellip;]\" \/>\n<meta property=\"og:url\" content=\"https:\/\/www.revistarambla.com\/en\/madrid-no-tinc-por\/\" \/>\n<meta property=\"og:site_name\" content=\"Revista Rambla\" \/>\n<meta property=\"article:publisher\" content=\"https:\/\/www.facebook.com\/revistarambla\/\" \/>\n<meta property=\"article:author\" content=\"https:\/\/www.facebook.com\/revistarambla\" \/>\n<meta property=\"article:published_time\" content=\"2017-09-06T05:25:20+00:00\" \/>\n<meta property=\"article:modified_time\" content=\"2021-02-04T19:45:35+00:00\" \/>\n<meta property=\"og:image\" content=\"https:\/\/i0.wp.com\/www.revistarambla.com\/wp-content\/uploads\/2017\/09\/hqdefault.jpg?fit=480%2C360&ssl=1\" \/>\n\t<meta property=\"og:image:width\" content=\"480\" \/>\n\t<meta property=\"og:image:height\" content=\"360\" \/>\n\t<meta property=\"og:image:type\" content=\"image\/jpeg\" \/>\n<meta name=\"author\" content=\"R@mbla\" \/>\n<meta name=\"twitter:card\" content=\"summary_large_image\" \/>\n<meta name=\"twitter:creator\" content=\"@revistarambla\" \/>\n<meta name=\"twitter:site\" content=\"@revistarambla\" \/>\n<meta name=\"twitter:label1\" content=\"Written by\" \/>\n\t<meta name=\"twitter:data1\" content=\"R@mbla\" \/>\n\t<meta name=\"twitter:label2\" content=\"Estimated reading time\" \/>\n\t<meta name=\"twitter:data2\" content=\"2 minutes\" \/>\n<script type=\"application\/ld+json\" class=\"yoast-schema-graph\">{\"@context\":\"https:\\\/\\\/schema.org\",\"@graph\":[{\"@type\":\"Article\",\"@id\":\"https:\\\/\\\/www.revistarambla.com\\\/madrid-no-tinc-por\\\/#article\",\"isPartOf\":{\"@id\":\"https:\\\/\\\/www.revistarambla.com\\\/madrid-no-tinc-por\\\/\"},\"author\":{\"name\":\"R@mbla\",\"@id\":\"https:\\\/\\\/www.revistarambla.com\\\/#\\\/schema\\\/person\\\/a146a5a2550b94981a75131180e1bd9c\"},\"headline\":\"Madrid: \u201cNo tinc por!\u201d\",\"datePublished\":\"2017-09-06T05:25:20+00:00\",\"dateModified\":\"2021-02-04T19:45:35+00:00\",\"mainEntityOfPage\":{\"@id\":\"https:\\\/\\\/www.revistarambla.com\\\/madrid-no-tinc-por\\\/\"},\"wordCount\":321,\"commentCount\":0,\"publisher\":{\"@id\":\"https:\\\/\\\/www.revistarambla.com\\\/#organization\"},\"image\":{\"@id\":\"https:\\\/\\\/www.revistarambla.com\\\/madrid-no-tinc-por\\\/#primaryimage\"},\"thumbnailUrl\":\"https:\\\/\\\/www.revistarambla.com\\\/wp-content\\\/uploads\\\/2017\\\/09\\\/hqdefault.jpg\",\"articleSection\":[\"Actualidad\",\"Catalunya\",\"Estado Espa\u00f1ol\"],\"inLanguage\":\"en-GB\",\"potentialAction\":[{\"@type\":\"CommentAction\",\"name\":\"Comment\",\"target\":[\"https:\\\/\\\/www.revistarambla.com\\\/madrid-no-tinc-por\\\/#respond\"]}]},{\"@type\":\"WebPage\",\"@id\":\"https:\\\/\\\/www.revistarambla.com\\\/madrid-no-tinc-por\\\/\",\"url\":\"https:\\\/\\\/www.revistarambla.com\\\/madrid-no-tinc-por\\\/\",\"name\":\"Madrid: \u201cNo tinc por!\u201d - Revista Rambla\",\"isPartOf\":{\"@id\":\"https:\\\/\\\/www.revistarambla.com\\\/#website\"},\"primaryImageOfPage\":{\"@id\":\"https:\\\/\\\/www.revistarambla.com\\\/madrid-no-tinc-por\\\/#primaryimage\"},\"image\":{\"@id\":\"https:\\\/\\\/www.revistarambla.com\\\/madrid-no-tinc-por\\\/#primaryimage\"},\"thumbnailUrl\":\"https:\\\/\\\/www.revistarambla.com\\\/wp-content\\\/uploads\\\/2017\\\/09\\\/hqdefault.jpg\",\"datePublished\":\"2017-09-06T05:25:20+00:00\",\"dateModified\":\"2021-02-04T19:45:35+00:00\",\"breadcrumb\":{\"@id\":\"https:\\\/\\\/www.revistarambla.com\\\/madrid-no-tinc-por\\\/#breadcrumb\"},\"inLanguage\":\"en-GB\",\"potentialAction\":[{\"@type\":\"ReadAction\",\"target\":[\"https:\\\/\\\/www.revistarambla.com\\\/madrid-no-tinc-por\\\/\"]}]},{\"@type\":\"ImageObject\",\"inLanguage\":\"en-GB\",\"@id\":\"https:\\\/\\\/www.revistarambla.com\\\/madrid-no-tinc-por\\\/#primaryimage\",\"url\":\"https:\\\/\\\/www.revistarambla.com\\\/wp-content\\\/uploads\\\/2017\\\/09\\\/hqdefault.jpg\",\"contentUrl\":\"https:\\\/\\\/www.revistarambla.com\\\/wp-content\\\/uploads\\\/2017\\\/09\\\/hqdefault.jpg\",\"width\":480,\"height\":360},{\"@type\":\"BreadcrumbList\",\"@id\":\"https:\\\/\\\/www.revistarambla.com\\\/madrid-no-tinc-por\\\/#breadcrumb\",\"itemListElement\":[{\"@type\":\"ListItem\",\"position\":1,\"name\":\"Portada\",\"item\":\"https:\\\/\\\/www.revistarambla.com\\\/\"},{\"@type\":\"ListItem\",\"position\":2,\"name\":\"Madrid: \u201cNo tinc por!\u201d\"}]},{\"@type\":\"WebSite\",\"@id\":\"https:\\\/\\\/www.revistarambla.com\\\/#website\",\"url\":\"https:\\\/\\\/www.revistarambla.com\\\/\",\"name\":\"Revista Rambla Barcelona\",\"description\":\"Periodismo independiente\",\"publisher\":{\"@id\":\"https:\\\/\\\/www.revistarambla.com\\\/#organization\"},\"potentialAction\":[{\"@type\":\"SearchAction\",\"target\":{\"@type\":\"EntryPoint\",\"urlTemplate\":\"https:\\\/\\\/www.revistarambla.com\\\/?s={search_term_string}\"},\"query-input\":{\"@type\":\"PropertyValueSpecification\",\"valueRequired\":true,\"valueName\":\"search_term_string\"}}],\"inLanguage\":\"en-GB\"},{\"@type\":\"Organization\",\"@id\":\"https:\\\/\\\/www.revistarambla.com\\\/#organization\",\"name\":\"Revista Rambla\",\"url\":\"https:\\\/\\\/www.revistarambla.com\\\/\",\"logo\":{\"@type\":\"ImageObject\",\"inLanguage\":\"en-GB\",\"@id\":\"https:\\\/\\\/www.revistarambla.com\\\/#\\\/schema\\\/logo\\\/image\\\/\",\"url\":\"https:\\\/\\\/www.revistarambla.com\\\/wp-content\\\/uploads\\\/2020\\\/09\\\/banner_rambla_1900x600_BB.png\",\"contentUrl\":\"https:\\\/\\\/www.revistarambla.com\\\/wp-content\\\/uploads\\\/2020\\\/09\\\/banner_rambla_1900x600_BB.png\",\"width\":1900,\"height\":600,\"caption\":\"Revista Rambla\"},\"image\":{\"@id\":\"https:\\\/\\\/www.revistarambla.com\\\/#\\\/schema\\\/logo\\\/image\\\/\"},\"sameAs\":[\"https:\\\/\\\/www.facebook.com\\\/revistarambla\\\/\",\"https:\\\/\\\/x.com\\\/revistarambla\",\"https:\\\/\\\/www.instagram.com\\\/revista_rambla\",\"https:\\\/\\\/es.linkedin.com\\\/company\\\/revista-rambla\"]},{\"@type\":\"Person\",\"@id\":\"https:\\\/\\\/www.revistarambla.com\\\/#\\\/schema\\\/person\\\/a146a5a2550b94981a75131180e1bd9c\",\"name\":\"R@mbla\",\"description\":\"Este art\u00edculo ha sido redactado y\\\/o validado por el equipo de redacci\u00f3n de Revista Rambla.\",\"sameAs\":[\"https:\\\/\\\/www.revistarambla.com\\\/\",\"https:\\\/\\\/www.facebook.com\\\/revistarambla\",\"https:\\\/\\\/x.com\\\/revistarambla\"]}]}<\/script>\n<!-- \/ Yoast SEO plugin. -->","yoast_head_json":{"title":"Madrid: \u201cNo tinc por!\u201d - Revista Rambla","robots":{"index":"index","follow":"follow","max-snippet":"max-snippet:-1","max-image-preview":"max-image-preview:large","max-video-preview":"max-video-preview:-1"},"canonical":"https:\/\/www.revistarambla.com\/en\/madrid-no-tinc-por\/","og_locale":"en_GB","og_type":"article","og_title":"Madrid: \u201cNo tinc por!\u201d - Revista Rambla","og_description":"El pasado s\u00e1bado 26 de agosto, a las 18 horas, vecinas y vecinos de Madrid, han querido realizar tambi\u00e9n su homenaje al pueblo de Catalunya, frente a la puerta de la librer\u00eda Blanquerna, centro neur\u00e1lgico de la cultura catalana en la capital, expresando el rechazo a los recientes atentados, al [&hellip;]","og_url":"https:\/\/www.revistarambla.com\/en\/madrid-no-tinc-por\/","og_site_name":"Revista Rambla","article_publisher":"https:\/\/www.facebook.com\/revistarambla\/","article_author":"https:\/\/www.facebook.com\/revistarambla","article_published_time":"2017-09-06T05:25:20+00:00","article_modified_time":"2021-02-04T19:45:35+00:00","og_image":[{"width":480,"height":360,"url":"https:\/\/i0.wp.com\/www.revistarambla.com\/wp-content\/uploads\/2017\/09\/hqdefault.jpg?fit=480%2C360&ssl=1","type":"image\/jpeg"}],"author":"R@mbla","twitter_card":"summary_large_image","twitter_creator":"@revistarambla","twitter_site":"@revistarambla","twitter_misc":{"Written by":"R@mbla","Estimated reading time":"2 minutes"},"schema":{"@context":"https:\/\/schema.org","@graph":[{"@type":"Article","@id":"https:\/\/www.revistarambla.com\/madrid-no-tinc-por\/#article","isPartOf":{"@id":"https:\/\/www.revistarambla.com\/madrid-no-tinc-por\/"},"author":{"name":"R@mbla","@id":"https:\/\/www.revistarambla.com\/#\/schema\/person\/a146a5a2550b94981a75131180e1bd9c"},"headline":"Madrid: \u201cNo tinc por!\u201d","datePublished":"2017-09-06T05:25:20+00:00","dateModified":"2021-02-04T19:45:35+00:00","mainEntityOfPage":{"@id":"https:\/\/www.revistarambla.com\/madrid-no-tinc-por\/"},"wordCount":321,"commentCount":0,"publisher":{"@id":"https:\/\/www.revistarambla.com\/#organization"},"image":{"@id":"https:\/\/www.revistarambla.com\/madrid-no-tinc-por\/#primaryimage"},"thumbnailUrl":"https:\/\/www.revistarambla.com\/wp-content\/uploads\/2017\/09\/hqdefault.jpg","articleSection":["Actualidad","Catalunya","Estado Espa\u00f1ol"],"inLanguage":"en-GB","potentialAction":[{"@type":"CommentAction","name":"Comment","target":["https:\/\/www.revistarambla.com\/madrid-no-tinc-por\/#respond"]}]},{"@type":"WebPage","@id":"https:\/\/www.revistarambla.com\/madrid-no-tinc-por\/","url":"https:\/\/www.revistarambla.com\/madrid-no-tinc-por\/","name":"Madrid: \u201cNo tinc por!\u201d - Revista Rambla","isPartOf":{"@id":"https:\/\/www.revistarambla.com\/#website"},"primaryImageOfPage":{"@id":"https:\/\/www.revistarambla.com\/madrid-no-tinc-por\/#primaryimage"},"image":{"@id":"https:\/\/www.revistarambla.com\/madrid-no-tinc-por\/#primaryimage"},"thumbnailUrl":"https:\/\/www.revistarambla.com\/wp-content\/uploads\/2017\/09\/hqdefault.jpg","datePublished":"2017-09-06T05:25:20+00:00","dateModified":"2021-02-04T19:45:35+00:00","breadcrumb":{"@id":"https:\/\/www.revistarambla.com\/madrid-no-tinc-por\/#breadcrumb"},"inLanguage":"en-GB","potentialAction":[{"@type":"ReadAction","target":["https:\/\/www.revistarambla.com\/madrid-no-tinc-por\/"]}]},{"@type":"ImageObject","inLanguage":"en-GB","@id":"https:\/\/www.revistarambla.com\/madrid-no-tinc-por\/#primaryimage","url":"https:\/\/www.revistarambla.com\/wp-content\/uploads\/2017\/09\/hqdefault.jpg","contentUrl":"https:\/\/www.revistarambla.com\/wp-content\/uploads\/2017\/09\/hqdefault.jpg","width":480,"height":360},{"@type":"BreadcrumbList","@id":"https:\/\/www.revistarambla.com\/madrid-no-tinc-por\/#breadcrumb","itemListElement":[{"@type":"ListItem","position":1,"name":"Portada","item":"https:\/\/www.revistarambla.com\/"},{"@type":"ListItem","position":2,"name":"Madrid: \u201cNo tinc por!\u201d"}]},{"@type":"WebSite","@id":"https:\/\/www.revistarambla.com\/#website","url":"https:\/\/www.revistarambla.com\/","name":"Revista Rambla Barcelona","description":"Periodismo independiente","publisher":{"@id":"https:\/\/www.revistarambla.com\/#organization"},"potentialAction":[{"@type":"SearchAction","target":{"@type":"EntryPoint","urlTemplate":"https:\/\/www.revistarambla.com\/?s={search_term_string}"},"query-input":{"@type":"PropertyValueSpecification","valueRequired":true,"valueName":"search_term_string"}}],"inLanguage":"en-GB"},{"@type":"Organization","@id":"https:\/\/www.revistarambla.com\/#organization","name":"Revista Rambla","url":"https:\/\/www.revistarambla.com\/","logo":{"@type":"ImageObject","inLanguage":"en-GB","@id":"https:\/\/www.revistarambla.com\/#\/schema\/logo\/image\/","url":"https:\/\/www.revistarambla.com\/wp-content\/uploads\/2020\/09\/banner_rambla_1900x600_BB.png","contentUrl":"https:\/\/www.revistarambla.com\/wp-content\/uploads\/2020\/09\/banner_rambla_1900x600_BB.png","width":1900,"height":600,"caption":"Revista Rambla"},"image":{"@id":"https:\/\/www.revistarambla.com\/#\/schema\/logo\/image\/"},"sameAs":["https:\/\/www.facebook.com\/revistarambla\/","https:\/\/x.com\/revistarambla","https:\/\/www.instagram.com\/revista_rambla","https:\/\/es.linkedin.com\/company\/revista-rambla"]},{"@type":"Person","@id":"https:\/\/www.revistarambla.com\/#\/schema\/person\/a146a5a2550b94981a75131180e1bd9c","name":"R@mbla","description":"Este art\u00edculo ha sido redactado y\/o validado por el equipo de redacci\u00f3n de Revista Rambla.","sameAs":["https:\/\/www.revistarambla.com\/","https:\/\/www.facebook.com\/revistarambla","https:\/\/x.com\/revistarambla"]}]}},"_links":{"self":[{"href":"https:\/\/www.revistarambla.com\/en\/wp-json\/wp\/v2\/posts\/13460","targetHints":{"allow":["GET"]}}],"collection":[{"href":"https:\/\/www.revistarambla.com\/en\/wp-json\/wp\/v2\/posts"}],"about":[{"href":"https:\/\/www.revistarambla.com\/en\/wp-json\/wp\/v2\/types\/post"}],"author":[{"embeddable":true,"href":"https:\/\/www.revistarambla.com\/en\/wp-json\/wp\/v2\/users\/3"}],"replies":[{"embeddable":true,"href":"https:\/\/www.revistarambla.com\/en\/wp-json\/wp\/v2\/comments?post=13460"}],"version-history":[{"count":0,"href":"https:\/\/www.revistarambla.com\/en\/wp-json\/wp\/v2\/posts\/13460\/revisions"}],"wp:featuredmedia":[{"embeddable":true,"href":"https:\/\/www.revistarambla.com\/en\/wp-json\/wp\/v2\/media\/13461"}],"wp:attachment":[{"href":"https:\/\/www.revistarambla.com\/en\/wp-json\/wp\/v2\/media?parent=13460"}],"wp:term":[{"taxonomy":"category","embeddable":true,"href":"https:\/\/www.revistarambla.com\/en\/wp-json\/wp\/v2\/categories?post=13460"},{"taxonomy":"post_tag","embeddable":true,"href":"https:\/\/www.revistarambla.com\/en\/wp-json\/wp\/v2\/tags?post=13460"}],"curies":[{"name":"wp","href":"https:\/\/api.w.org\/{rel}","templated":true}]}}