{"id":1335,"date":"2012-01-30T08:51:25","date_gmt":"2012-01-30T08:51:25","guid":{"rendered":"https:\/\/www.revistarambla.com\/miles-de-personas-se-manifiestan-contra-los-recortes-en-barcelona\/"},"modified":"2021-05-16T17:21:12","modified_gmt":"2021-05-16T15:21:12","slug":"miles-de-personas-se-manifiestan-contra-los-recortes-en-barcelona","status":"publish","type":"post","link":"https:\/\/www.revistarambla.com\/en\/miles-de-personas-se-manifiestan-contra-los-recortes-en-barcelona\/","title":{"rendered":"Miles de personas se manifiestan contra los recortes en Barcelona"},"content":{"rendered":"<p><img decoding=\"async\" class=\"alignright\" src=\"https:\/\/www.revistarambla.com\/wp-content\/uploads\/2012\/01\/mani%2000%281%29.jpg\" alt=\"alt\" width=\"337\" height=\"245\" \/>Miles de personas se manifestaron en Barcelona en protesta de la pol\u00edtica de recortes del gobierno. A pesar de la lluvia el movimiento congreg\u00f3 unos 20.000 manifestantes seg\u00fan\u00a0 fuentes del Ayuntamiento, 15.000 seg\u00fan la Conselleria de Interior y 150.000 seg\u00fan la organizaci\u00f3n. \u201cNo a la dictadura\u201d o \u201cparemos los recortes\u201d son algunos de los lemas que encabezaban la marcha. A golpe de silbatos y gritos como, \u201cno hay pan para tanto chorizo\u201d desfilaban los l\u00edderes de UGT, CCOO o ICV entre otros.<\/p>\n<p>La manifestaci\u00f3n transcurri\u00f3 sin problemas atravesando en centro de la ciudad, en un recorrido que comenz\u00f3 en Plaza Catalu\u00f1a\u00a0 y finaliz\u00f3 en el Parque de la Ciudadela. El momento m\u00e1s cr\u00edtico tuvo lugar en el punto final, cuando los manifestantes intentaban llevar a cabo la lectura de un manifiesto. La intenci\u00f3n de los organizadores era que la lectura se realizase en el Parque de la Ciudadela, cosa que fue posible al encontrarse cerrado y custodiado por la Guardia Urbana. Ante tal panorama, un grupo de unas 300 personas tuvo que forzar la puerta de acceso al recinto para poder\u00a0 Parlament, protegido tambi\u00e9n por vallas y custodiado por una quincena de furgones de los Mossos d&#8217;Esquadra.<\/p>\n<p>La concentraci\u00f3n se dividi\u00f3 en dos convocatorias, los de \u201cF\u00f2rum Social Catal\u00e0\u201d y la plataforma \u201cProu Retallades\u201d con el soporte de CCOO, UGT y PSC entre otros, para criticar los efectos negativos sobre servicios p\u00fablicos esenciales como la sanidad y la educaci\u00f3n. La primera convocatoria tuvo lugar en Girona, donde unas 800 personas unieron fuerzas contra el sistema financiero y las pol\u00edticas de ajuste de la Generalitat. Los manifestantes persiguen un inter\u00e9s com\u00fan, que no es otro que impedir que el Gobierno termine con el Estado de Bienestar y favorezca intereses privados. Exigen un modelo alternativo para salir de la crisis que vaya en contra del fraude y la evasi\u00f3n fiscal. En Tarragona y en Lleida tambi\u00e9n han querido unirse a la causa en una concentraci\u00f3n que arrancaba poco m\u00e1s tarde que la de Barcelona.<\/p>","protected":false},"excerpt":{"rendered":"<p>Unas 150.000 personas seg\u00fan la organizaci\u00f3n, se manifestaron contra los recortes de la Generalitat. Girona, Tarragona y Lleida tambi\u00e9n participaron en la movilizaci\u00f3n<\/p>","protected":false},"author":1,"featured_media":0,"comment_status":"open","ping_status":"open","sticky":false,"template":"","format":"standard","meta":{"footnotes":""},"categories":[3,76],"tags":[],"class_list":["post-1335","post","type-post","status-publish","format-standard","hentry","category-actualidad","category-barcelona"],"yoast_head":"<!-- This site is optimized with the Yoast SEO plugin v27.5 - https:\/\/yoast.com\/product\/yoast-seo-wordpress\/ -->\n<title>Miles de personas se manifiestan contra los recortes en Barcelona - Revista Rambla<\/title>\n<meta name=\"robots\" content=\"index, follow, max-snippet:-1, max-image-preview:large, max-video-preview:-1\" \/>\n<link rel=\"canonical\" href=\"https:\/\/www.revistarambla.com\/en\/miles-de-personas-se-manifiestan-contra-los-recortes-en-barcelona\/\" \/>\n<meta property=\"og:locale\" content=\"en_GB\" \/>\n<meta property=\"og:type\" content=\"article\" \/>\n<meta property=\"og:title\" content=\"Miles de personas se manifiestan contra los recortes en Barcelona - Revista Rambla\" \/>\n<meta property=\"og:description\" content=\"Unas 150.000 personas seg\u00fan la organizaci\u00f3n, se manifestaron contra los recortes de la Generalitat. Girona, Tarragona y Lleida tambi\u00e9n participaron en la movilizaci\u00f3n\" \/>\n<meta property=\"og:url\" content=\"https:\/\/www.revistarambla.com\/en\/miles-de-personas-se-manifiestan-contra-los-recortes-en-barcelona\/\" \/>\n<meta property=\"og:site_name\" content=\"Revista Rambla\" \/>\n<meta property=\"article:publisher\" content=\"https:\/\/www.facebook.com\/revistarambla\/\" \/>\n<meta property=\"article:published_time\" content=\"2012-01-30T08:51:25+00:00\" \/>\n<meta property=\"article:modified_time\" content=\"2021-05-16T15:21:12+00:00\" \/>\n<meta property=\"og:image\" content=\"https:\/\/i2.wp.com\/www.revistarambla.com\/wp-content\/uploads\/2012\/01\/mani%2000(1).jpg?fit=250%2C182&ssl=1\" \/>\n\t<meta property=\"og:image:width\" content=\"250\" \/>\n\t<meta property=\"og:image:height\" content=\"182\" \/>\n\t<meta property=\"og:image:type\" content=\"image\/jpeg\" \/>\n<meta name=\"author\" content=\"Maitane Reguero\" \/>\n<meta name=\"twitter:card\" content=\"summary_large_image\" \/>\n<meta name=\"twitter:creator\" content=\"@revistarambla\" \/>\n<meta name=\"twitter:site\" content=\"@revistarambla\" \/>\n<meta name=\"twitter:label1\" content=\"Written by\" \/>\n\t<meta name=\"twitter:data1\" content=\"Maitane Reguero\" \/>\n\t<meta name=\"twitter:label2\" content=\"Estimated reading time\" \/>\n\t<meta name=\"twitter:data2\" content=\"2 minutes\" \/>\n<script type=\"application\/ld+json\" class=\"yoast-schema-graph\">{\"@context\":\"https:\\\/\\\/schema.org\",\"@graph\":[{\"@type\":\"Article\",\"@id\":\"https:\\\/\\\/www.revistarambla.com\\\/miles-de-personas-se-manifiestan-contra-los-recortes-en-barcelona\\\/#article\",\"isPartOf\":{\"@id\":\"https:\\\/\\\/www.revistarambla.com\\\/miles-de-personas-se-manifiestan-contra-los-recortes-en-barcelona\\\/\"},\"author\":{\"name\":\"Maitane Reguero\",\"@id\":\"https:\\\/\\\/www.revistarambla.com\\\/#\\\/schema\\\/person\\\/4a5652fc8c82df1f8593002d038cd79e\"},\"headline\":\"Miles de personas se manifiestan contra los recortes en Barcelona\",\"datePublished\":\"2012-01-30T08:51:25+00:00\",\"dateModified\":\"2021-05-16T15:21:12+00:00\",\"mainEntityOfPage\":{\"@id\":\"https:\\\/\\\/www.revistarambla.com\\\/miles-de-personas-se-manifiestan-contra-los-recortes-en-barcelona\\\/\"},\"wordCount\":361,\"commentCount\":0,\"publisher\":{\"@id\":\"https:\\\/\\\/www.revistarambla.com\\\/#organization\"},\"image\":{\"@id\":\"https:\\\/\\\/www.revistarambla.com\\\/miles-de-personas-se-manifiestan-contra-los-recortes-en-barcelona\\\/#primaryimage\"},\"thumbnailUrl\":\"https:\\\/\\\/www.revistarambla.com\\\/wp-content\\\/uploads\\\/2012\\\/01\\\/mani%2000%281%29.jpg\",\"articleSection\":[\"Actualidad\",\"Barcelona\"],\"inLanguage\":\"en-GB\",\"potentialAction\":[{\"@type\":\"CommentAction\",\"name\":\"Comment\",\"target\":[\"https:\\\/\\\/www.revistarambla.com\\\/miles-de-personas-se-manifiestan-contra-los-recortes-en-barcelona\\\/#respond\"]}]},{\"@type\":\"WebPage\",\"@id\":\"https:\\\/\\\/www.revistarambla.com\\\/miles-de-personas-se-manifiestan-contra-los-recortes-en-barcelona\\\/\",\"url\":\"https:\\\/\\\/www.revistarambla.com\\\/miles-de-personas-se-manifiestan-contra-los-recortes-en-barcelona\\\/\",\"name\":\"Miles de personas se manifiestan contra los recortes en Barcelona - Revista Rambla\",\"isPartOf\":{\"@id\":\"https:\\\/\\\/www.revistarambla.com\\\/#website\"},\"primaryImageOfPage\":{\"@id\":\"https:\\\/\\\/www.revistarambla.com\\\/miles-de-personas-se-manifiestan-contra-los-recortes-en-barcelona\\\/#primaryimage\"},\"image\":{\"@id\":\"https:\\\/\\\/www.revistarambla.com\\\/miles-de-personas-se-manifiestan-contra-los-recortes-en-barcelona\\\/#primaryimage\"},\"thumbnailUrl\":\"https:\\\/\\\/www.revistarambla.com\\\/wp-content\\\/uploads\\\/2012\\\/01\\\/mani%2000%281%29.jpg\",\"datePublished\":\"2012-01-30T08:51:25+00:00\",\"dateModified\":\"2021-05-16T15:21:12+00:00\",\"breadcrumb\":{\"@id\":\"https:\\\/\\\/www.revistarambla.com\\\/miles-de-personas-se-manifiestan-contra-los-recortes-en-barcelona\\\/#breadcrumb\"},\"inLanguage\":\"en-GB\",\"potentialAction\":[{\"@type\":\"ReadAction\",\"target\":[\"https:\\\/\\\/www.revistarambla.com\\\/miles-de-personas-se-manifiestan-contra-los-recortes-en-barcelona\\\/\"]}]},{\"@type\":\"ImageObject\",\"inLanguage\":\"en-GB\",\"@id\":\"https:\\\/\\\/www.revistarambla.com\\\/miles-de-personas-se-manifiestan-contra-los-recortes-en-barcelona\\\/#primaryimage\",\"url\":\"https:\\\/\\\/www.revistarambla.com\\\/wp-content\\\/uploads\\\/2012\\\/01\\\/mani%2000%281%29.jpg\",\"contentUrl\":\"https:\\\/\\\/www.revistarambla.com\\\/wp-content\\\/uploads\\\/2012\\\/01\\\/mani%2000%281%29.jpg\"},{\"@type\":\"BreadcrumbList\",\"@id\":\"https:\\\/\\\/www.revistarambla.com\\\/miles-de-personas-se-manifiestan-contra-los-recortes-en-barcelona\\\/#breadcrumb\",\"itemListElement\":[{\"@type\":\"ListItem\",\"position\":1,\"name\":\"Portada\",\"item\":\"https:\\\/\\\/www.revistarambla.com\\\/\"},{\"@type\":\"ListItem\",\"position\":2,\"name\":\"Miles de personas se manifiestan contra los recortes en Barcelona\"}]},{\"@type\":\"WebSite\",\"@id\":\"https:\\\/\\\/www.revistarambla.com\\\/#website\",\"url\":\"https:\\\/\\\/www.revistarambla.com\\\/\",\"name\":\"Revista Rambla Barcelona\",\"description\":\"Periodismo independiente\",\"publisher\":{\"@id\":\"https:\\\/\\\/www.revistarambla.com\\\/#organization\"},\"potentialAction\":[{\"@type\":\"SearchAction\",\"target\":{\"@type\":\"EntryPoint\",\"urlTemplate\":\"https:\\\/\\\/www.revistarambla.com\\\/?s={search_term_string}\"},\"query-input\":{\"@type\":\"PropertyValueSpecification\",\"valueRequired\":true,\"valueName\":\"search_term_string\"}}],\"inLanguage\":\"en-GB\"},{\"@type\":\"Organization\",\"@id\":\"https:\\\/\\\/www.revistarambla.com\\\/#organization\",\"name\":\"Revista Rambla\",\"url\":\"https:\\\/\\\/www.revistarambla.com\\\/\",\"logo\":{\"@type\":\"ImageObject\",\"inLanguage\":\"en-GB\",\"@id\":\"https:\\\/\\\/www.revistarambla.com\\\/#\\\/schema\\\/logo\\\/image\\\/\",\"url\":\"https:\\\/\\\/www.revistarambla.com\\\/wp-content\\\/uploads\\\/2020\\\/09\\\/banner_rambla_1900x600_BB.png\",\"contentUrl\":\"https:\\\/\\\/www.revistarambla.com\\\/wp-content\\\/uploads\\\/2020\\\/09\\\/banner_rambla_1900x600_BB.png\",\"width\":1900,\"height\":600,\"caption\":\"Revista Rambla\"},\"image\":{\"@id\":\"https:\\\/\\\/www.revistarambla.com\\\/#\\\/schema\\\/logo\\\/image\\\/\"},\"sameAs\":[\"https:\\\/\\\/www.facebook.com\\\/revistarambla\\\/\",\"https:\\\/\\\/x.com\\\/revistarambla\",\"https:\\\/\\\/www.instagram.com\\\/revista_rambla\",\"https:\\\/\\\/es.linkedin.com\\\/company\\\/revista-rambla\"]},{\"@type\":\"Person\",\"@id\":\"https:\\\/\\\/www.revistarambla.com\\\/#\\\/schema\\\/person\\\/4a5652fc8c82df1f8593002d038cd79e\",\"name\":\"Maitane Reguero\",\"description\":\"Licenciada en Periodismo por la UPV\\\/EHU. Posgrado en Fotoperiodismo por la UAB.\"}]}<\/script>\n<!-- \/ Yoast SEO plugin. -->","yoast_head_json":{"title":"Miles de personas se manifiestan contra los recortes en Barcelona - Revista Rambla","robots":{"index":"index","follow":"follow","max-snippet":"max-snippet:-1","max-image-preview":"max-image-preview:large","max-video-preview":"max-video-preview:-1"},"canonical":"https:\/\/www.revistarambla.com\/en\/miles-de-personas-se-manifiestan-contra-los-recortes-en-barcelona\/","og_locale":"en_GB","og_type":"article","og_title":"Miles de personas se manifiestan contra los recortes en Barcelona - Revista Rambla","og_description":"Unas 150.000 personas seg\u00fan la organizaci\u00f3n, se manifestaron contra los recortes de la Generalitat. Girona, Tarragona y Lleida tambi\u00e9n participaron en la movilizaci\u00f3n","og_url":"https:\/\/www.revistarambla.com\/en\/miles-de-personas-se-manifiestan-contra-los-recortes-en-barcelona\/","og_site_name":"Revista Rambla","article_publisher":"https:\/\/www.facebook.com\/revistarambla\/","article_published_time":"2012-01-30T08:51:25+00:00","article_modified_time":"2021-05-16T15:21:12+00:00","og_image":[{"width":250,"height":182,"url":"https:\/\/i2.wp.com\/www.revistarambla.com\/wp-content\/uploads\/2012\/01\/mani 00(1).jpg?fit=250%2C182&ssl=1","type":"image\/jpeg"}],"author":"Maitane Reguero","twitter_card":"summary_large_image","twitter_creator":"@revistarambla","twitter_site":"@revistarambla","twitter_misc":{"Written by":"Maitane Reguero","Estimated reading time":"2 minutes"},"schema":{"@context":"https:\/\/schema.org","@graph":[{"@type":"Article","@id":"https:\/\/www.revistarambla.com\/miles-de-personas-se-manifiestan-contra-los-recortes-en-barcelona\/#article","isPartOf":{"@id":"https:\/\/www.revistarambla.com\/miles-de-personas-se-manifiestan-contra-los-recortes-en-barcelona\/"},"author":{"name":"Maitane Reguero","@id":"https:\/\/www.revistarambla.com\/#\/schema\/person\/4a5652fc8c82df1f8593002d038cd79e"},"headline":"Miles de personas se manifiestan contra los recortes en Barcelona","datePublished":"2012-01-30T08:51:25+00:00","dateModified":"2021-05-16T15:21:12+00:00","mainEntityOfPage":{"@id":"https:\/\/www.revistarambla.com\/miles-de-personas-se-manifiestan-contra-los-recortes-en-barcelona\/"},"wordCount":361,"commentCount":0,"publisher":{"@id":"https:\/\/www.revistarambla.com\/#organization"},"image":{"@id":"https:\/\/www.revistarambla.com\/miles-de-personas-se-manifiestan-contra-los-recortes-en-barcelona\/#primaryimage"},"thumbnailUrl":"https:\/\/www.revistarambla.com\/wp-content\/uploads\/2012\/01\/mani%2000%281%29.jpg","articleSection":["Actualidad","Barcelona"],"inLanguage":"en-GB","potentialAction":[{"@type":"CommentAction","name":"Comment","target":["https:\/\/www.revistarambla.com\/miles-de-personas-se-manifiestan-contra-los-recortes-en-barcelona\/#respond"]}]},{"@type":"WebPage","@id":"https:\/\/www.revistarambla.com\/miles-de-personas-se-manifiestan-contra-los-recortes-en-barcelona\/","url":"https:\/\/www.revistarambla.com\/miles-de-personas-se-manifiestan-contra-los-recortes-en-barcelona\/","name":"Miles de personas se manifiestan contra los recortes en Barcelona - Revista Rambla","isPartOf":{"@id":"https:\/\/www.revistarambla.com\/#website"},"primaryImageOfPage":{"@id":"https:\/\/www.revistarambla.com\/miles-de-personas-se-manifiestan-contra-los-recortes-en-barcelona\/#primaryimage"},"image":{"@id":"https:\/\/www.revistarambla.com\/miles-de-personas-se-manifiestan-contra-los-recortes-en-barcelona\/#primaryimage"},"thumbnailUrl":"https:\/\/www.revistarambla.com\/wp-content\/uploads\/2012\/01\/mani%2000%281%29.jpg","datePublished":"2012-01-30T08:51:25+00:00","dateModified":"2021-05-16T15:21:12+00:00","breadcrumb":{"@id":"https:\/\/www.revistarambla.com\/miles-de-personas-se-manifiestan-contra-los-recortes-en-barcelona\/#breadcrumb"},"inLanguage":"en-GB","potentialAction":[{"@type":"ReadAction","target":["https:\/\/www.revistarambla.com\/miles-de-personas-se-manifiestan-contra-los-recortes-en-barcelona\/"]}]},{"@type":"ImageObject","inLanguage":"en-GB","@id":"https:\/\/www.revistarambla.com\/miles-de-personas-se-manifiestan-contra-los-recortes-en-barcelona\/#primaryimage","url":"https:\/\/www.revistarambla.com\/wp-content\/uploads\/2012\/01\/mani%2000%281%29.jpg","contentUrl":"https:\/\/www.revistarambla.com\/wp-content\/uploads\/2012\/01\/mani%2000%281%29.jpg"},{"@type":"BreadcrumbList","@id":"https:\/\/www.revistarambla.com\/miles-de-personas-se-manifiestan-contra-los-recortes-en-barcelona\/#breadcrumb","itemListElement":[{"@type":"ListItem","position":1,"name":"Portada","item":"https:\/\/www.revistarambla.com\/"},{"@type":"ListItem","position":2,"name":"Miles de personas se manifiestan contra los recortes en Barcelona"}]},{"@type":"WebSite","@id":"https:\/\/www.revistarambla.com\/#website","url":"https:\/\/www.revistarambla.com\/","name":"Revista Rambla Barcelona","description":"Periodismo independiente","publisher":{"@id":"https:\/\/www.revistarambla.com\/#organization"},"potentialAction":[{"@type":"SearchAction","target":{"@type":"EntryPoint","urlTemplate":"https:\/\/www.revistarambla.com\/?s={search_term_string}"},"query-input":{"@type":"PropertyValueSpecification","valueRequired":true,"valueName":"search_term_string"}}],"inLanguage":"en-GB"},{"@type":"Organization","@id":"https:\/\/www.revistarambla.com\/#organization","name":"Revista Rambla","url":"https:\/\/www.revistarambla.com\/","logo":{"@type":"ImageObject","inLanguage":"en-GB","@id":"https:\/\/www.revistarambla.com\/#\/schema\/logo\/image\/","url":"https:\/\/www.revistarambla.com\/wp-content\/uploads\/2020\/09\/banner_rambla_1900x600_BB.png","contentUrl":"https:\/\/www.revistarambla.com\/wp-content\/uploads\/2020\/09\/banner_rambla_1900x600_BB.png","width":1900,"height":600,"caption":"Revista Rambla"},"image":{"@id":"https:\/\/www.revistarambla.com\/#\/schema\/logo\/image\/"},"sameAs":["https:\/\/www.facebook.com\/revistarambla\/","https:\/\/x.com\/revistarambla","https:\/\/www.instagram.com\/revista_rambla","https:\/\/es.linkedin.com\/company\/revista-rambla"]},{"@type":"Person","@id":"https:\/\/www.revistarambla.com\/#\/schema\/person\/4a5652fc8c82df1f8593002d038cd79e","name":"Maitane Reguero","description":"Licenciada en Periodismo por la UPV\/EHU. Posgrado en Fotoperiodismo por la UAB."}]}},"_links":{"self":[{"href":"https:\/\/www.revistarambla.com\/en\/wp-json\/wp\/v2\/posts\/1335","targetHints":{"allow":["GET"]}}],"collection":[{"href":"https:\/\/www.revistarambla.com\/en\/wp-json\/wp\/v2\/posts"}],"about":[{"href":"https:\/\/www.revistarambla.com\/en\/wp-json\/wp\/v2\/types\/post"}],"author":[{"embeddable":true,"href":"https:\/\/www.revistarambla.com\/en\/wp-json\/wp\/v2\/users\/1"}],"replies":[{"embeddable":true,"href":"https:\/\/www.revistarambla.com\/en\/wp-json\/wp\/v2\/comments?post=1335"}],"version-history":[{"count":0,"href":"https:\/\/www.revistarambla.com\/en\/wp-json\/wp\/v2\/posts\/1335\/revisions"}],"wp:attachment":[{"href":"https:\/\/www.revistarambla.com\/en\/wp-json\/wp\/v2\/media?parent=1335"}],"wp:term":[{"taxonomy":"category","embeddable":true,"href":"https:\/\/www.revistarambla.com\/en\/wp-json\/wp\/v2\/categories?post=1335"},{"taxonomy":"post_tag","embeddable":true,"href":"https:\/\/www.revistarambla.com\/en\/wp-json\/wp\/v2\/tags?post=1335"}],"curies":[{"name":"wp","href":"https:\/\/api.w.org\/{rel}","templated":true}]}}