{"id":13284,"date":"2017-08-01T08:23:37","date_gmt":"2017-08-01T06:23:37","guid":{"rendered":"https:\/\/www.revistarambla.com\/?p=13284"},"modified":"2021-12-08T18:07:04","modified_gmt":"2021-12-08T17:07:04","slug":"el-padre-del-mas-alla","status":"publish","type":"post","link":"https:\/\/www.revistarambla.com\/en\/el-padre-del-mas-alla\/","title":{"rendered":"El padre del m\u00e1s all\u00e1"},"content":{"rendered":"<p style=\"text-align: justify;\">La cultura occidental est\u00e1 tan homogeneizada que no podemos considerar que persistan en su manifestaci\u00f3n rasgos nacionales de ning\u00fan tipo. El cedazo anglosaj\u00f3n a reducido todos los contenidos a un c\u00f3digo universal cuyo patr\u00f3n es siempre el d\u00f3lar.<\/p>\n<p style=\"text-align: justify;\"><a href=\"https:\/\/www.revistarambla.com\/wp-content\/uploads\/2017\/08\/le-fils-de-jean-3.jpg\"><img decoding=\"async\" class=\"alignright wp-image-13286 size-medium\" src=\"https:\/\/www.revistarambla.com\/wp-content\/uploads\/2017\/08\/le-fils-de-jean-3-300x162.jpg\" alt=\"\" width=\"300\" height=\"162\" srcset=\"https:\/\/www.revistarambla.com\/wp-content\/uploads\/2017\/08\/le-fils-de-jean-3-300x162.jpg 300w, https:\/\/www.revistarambla.com\/wp-content\/uploads\/2017\/08\/le-fils-de-jean-3-500x270.jpg 500w, https:\/\/www.revistarambla.com\/wp-content\/uploads\/2017\/08\/le-fils-de-jean-3.jpg 652w\" sizes=\"(max-width: 300px) 100vw, 300px\" \/><\/a>Y si hablamos del mundo cinematogr\u00e1fico, la cosa se complica debido a que la proporci\u00f3n entre arte e industria es comparable a las partes del iceberg, que muestra un trocito peque\u00f1o (la pel\u00edcula) y esconde una mole de tramas e intereses econ\u00f3micos tan compleja como cualquier empresa que gestione millones y emplee a cientos de trabajadores.<\/p>\n<p style=\"text-align: justify;\">Pero existe un peque\u00f1o rasgo en la cinematograf\u00eda francesa que persiste con una terquedad m\u00e1s propia de Ast\u00e9rix que de la globalizaci\u00f3n econ\u00f3mica. Se trata de esa capacidad de coger a dos actores y cuatro euros y construir una historia interesante, honesta, cre\u00edble y de una calidad art\u00edstica muy superior a la media.<\/p>\n<p style=\"text-align: justify;\">\u201cEl hijo de Jean\u201d (\u201cLe fils de Jean\u201d, 1915) es un claro ejemplo. Parte de una premisa que es casi un t\u00f3pico (o un subg\u00e9nero) del cine: adulto descubre la identidad de su padre biol\u00f3gico, del que no ten\u00eda ninguna informaci\u00f3n, y realiza un largo viaje para conocerlo, a \u00e9l y a sus hermanastros\u2026 \u00bfLes suena?<\/p>\n<p style=\"text-align: justify;\">El director Philippe Lioret (conocido entre nosotros por su pel\u00edcula \u201cWellcome\u201d, 2009) utiliza a su favor la simpleza argumental, haciendo que la historia crezca con naturalidad y el \u00fanico atractivo de unas interpretaciones impecables, realizadas por actores desconocidos, lo que reincide en la verosimilitud de su trabajo. Se nos crea la expectativa visual del paisaje canadiense y la excursi\u00f3n a un lago\u2026 pero la historia no lo necesita, porque llegados a ese punto, la red de mentiras y medias verdades ya nos ha empezado a atrapar, hasta llegar un punto en que todo es lo contrario de lo que parec\u00eda. Y la historia termina con la misma sencillez con la que empez\u00f3, pero dej\u00e1ndonos la sensaci\u00f3n de que el drama familiar que hemos descubierto a tenido la misma intensidad de un thriller con monta\u00f1as de cad\u00e1veres y coches destrozados.<\/p>\n<p style=\"text-align: justify;\">Las interpretaciones son naturales y cre\u00edbles hasta en los tres ni\u00f1os que aparecen. Quiz\u00e1s Mathieu (Pierre Deladonchamps) el protagonista parisino de 33 a\u00f1os configura un papel excesivamente ejemplar, capaz de ganar el premio al mejor yerno del a\u00f1o. En cambio Pierre (Gabriel Arcand, el actor maduro) empieza pareciendo el tonto del tel\u00e9fono y termina cautiv\u00e1ndonos cuando ense\u00f1a a sus nietas la correcta interpretaci\u00f3n al piano del Vals n\u00ba 10 de Chopin. Ambos fueron nominados sin \u00e9xito a los premios C\u00e9sar.<\/p>\n<p style=\"text-align: justify;\">A destacar el sutil <em>macguffin<\/em> que le da encanto y continuidad a la trama. Se trata de un cuadro de reducidas dimensiones y bastante valor que recibe Mathieu como herencia de su desconocido padre. Pese a lo mucho que aparece en la trama y en la pantalla, nunca lo vemos completo.<\/p>","protected":false},"excerpt":{"rendered":"<p>La cultura occidental est\u00e1 tan homogeneizada que no podemos considerar que persistan en su manifestaci\u00f3n rasgos nacionales de ning\u00fan tipo. El cedazo anglosaj\u00f3n a reducido todos los contenidos a un c\u00f3digo universal cuyo patr\u00f3n es siempre el d\u00f3lar. Y si hablamos del mundo cinematogr\u00e1fico, la cosa se complica debido a [&hellip;]<\/p>\n","protected":false},"author":38,"featured_media":13285,"comment_status":"open","ping_status":"open","sticky":false,"template":"","format":"standard","meta":{"footnotes":""},"categories":[61,4],"tags":[],"class_list":["post-13284","post","type-post","status-publish","format-standard","has-post-thumbnail","hentry","category-cine","category-cultura"],"yoast_head":"<!-- This site is optimized with the Yoast SEO plugin v27.5 - https:\/\/yoast.com\/product\/yoast-seo-wordpress\/ -->\n<title>El padre del m\u00e1s all\u00e1 - Revista Rambla<\/title>\n<meta name=\"robots\" content=\"index, follow, max-snippet:-1, max-image-preview:large, max-video-preview:-1\" \/>\n<link rel=\"canonical\" href=\"https:\/\/www.revistarambla.com\/en\/el-padre-del-mas-alla\/\" \/>\n<meta property=\"og:locale\" content=\"en_GB\" \/>\n<meta property=\"og:type\" content=\"article\" \/>\n<meta property=\"og:title\" content=\"El padre del m\u00e1s all\u00e1 - Revista Rambla\" \/>\n<meta property=\"og:description\" content=\"La cultura occidental est\u00e1 tan homogeneizada que no podemos considerar que persistan en su manifestaci\u00f3n rasgos nacionales de ning\u00fan tipo. El cedazo anglosaj\u00f3n a reducido todos los contenidos a un c\u00f3digo universal cuyo patr\u00f3n es siempre el d\u00f3lar. Y si hablamos del mundo cinematogr\u00e1fico, la cosa se complica debido a [&hellip;]\" \/>\n<meta property=\"og:url\" content=\"https:\/\/www.revistarambla.com\/en\/el-padre-del-mas-alla\/\" \/>\n<meta property=\"og:site_name\" content=\"Revista Rambla\" \/>\n<meta property=\"article:publisher\" content=\"https:\/\/www.facebook.com\/revistarambla\/\" \/>\n<meta property=\"article:published_time\" content=\"2017-08-01T06:23:37+00:00\" \/>\n<meta property=\"article:modified_time\" content=\"2021-12-08T17:07:04+00:00\" \/>\n<meta property=\"og:image\" content=\"https:\/\/www.revistarambla.com\/wp-content\/uploads\/2017\/08\/le_fils_de_jean-01.jpg\" \/>\n\t<meta property=\"og:image:width\" content=\"680\" \/>\n\t<meta property=\"og:image:height\" content=\"383\" \/>\n\t<meta property=\"og:image:type\" content=\"image\/jpeg\" \/>\n<meta name=\"author\" content=\"Arturo Colado\" \/>\n<meta name=\"twitter:card\" content=\"summary_large_image\" \/>\n<meta name=\"twitter:creator\" content=\"@revistarambla\" \/>\n<meta name=\"twitter:site\" content=\"@revistarambla\" \/>\n<meta name=\"twitter:label1\" content=\"Written by\" \/>\n\t<meta name=\"twitter:data1\" content=\"Arturo Colado\" \/>\n\t<meta name=\"twitter:label2\" content=\"Estimated reading time\" \/>\n\t<meta name=\"twitter:data2\" content=\"3 minutes\" \/>\n<script type=\"application\/ld+json\" class=\"yoast-schema-graph\">{\"@context\":\"https:\\\/\\\/schema.org\",\"@graph\":[{\"@type\":\"Article\",\"@id\":\"https:\\\/\\\/www.revistarambla.com\\\/el-padre-del-mas-alla\\\/#article\",\"isPartOf\":{\"@id\":\"https:\\\/\\\/www.revistarambla.com\\\/el-padre-del-mas-alla\\\/\"},\"author\":{\"name\":\"Arturo Colado\",\"@id\":\"https:\\\/\\\/www.revistarambla.com\\\/#\\\/schema\\\/person\\\/3e95aac48c632310b49a7be0f7220cc6\"},\"headline\":\"El padre del m\u00e1s all\u00e1\",\"datePublished\":\"2017-08-01T06:23:37+00:00\",\"dateModified\":\"2021-12-08T17:07:04+00:00\",\"mainEntityOfPage\":{\"@id\":\"https:\\\/\\\/www.revistarambla.com\\\/el-padre-del-mas-alla\\\/\"},\"wordCount\":516,\"commentCount\":0,\"publisher\":{\"@id\":\"https:\\\/\\\/www.revistarambla.com\\\/#organization\"},\"image\":{\"@id\":\"https:\\\/\\\/www.revistarambla.com\\\/el-padre-del-mas-alla\\\/#primaryimage\"},\"thumbnailUrl\":\"https:\\\/\\\/www.revistarambla.com\\\/wp-content\\\/uploads\\\/2017\\\/08\\\/le_fils_de_jean-01.jpg\",\"articleSection\":[\"Cine &amp; Series\",\"Cultura\"],\"inLanguage\":\"en-GB\",\"potentialAction\":[{\"@type\":\"CommentAction\",\"name\":\"Comment\",\"target\":[\"https:\\\/\\\/www.revistarambla.com\\\/el-padre-del-mas-alla\\\/#respond\"]}]},{\"@type\":\"WebPage\",\"@id\":\"https:\\\/\\\/www.revistarambla.com\\\/el-padre-del-mas-alla\\\/\",\"url\":\"https:\\\/\\\/www.revistarambla.com\\\/el-padre-del-mas-alla\\\/\",\"name\":\"El padre del m\u00e1s all\u00e1 - Revista Rambla\",\"isPartOf\":{\"@id\":\"https:\\\/\\\/www.revistarambla.com\\\/#website\"},\"primaryImageOfPage\":{\"@id\":\"https:\\\/\\\/www.revistarambla.com\\\/el-padre-del-mas-alla\\\/#primaryimage\"},\"image\":{\"@id\":\"https:\\\/\\\/www.revistarambla.com\\\/el-padre-del-mas-alla\\\/#primaryimage\"},\"thumbnailUrl\":\"https:\\\/\\\/www.revistarambla.com\\\/wp-content\\\/uploads\\\/2017\\\/08\\\/le_fils_de_jean-01.jpg\",\"datePublished\":\"2017-08-01T06:23:37+00:00\",\"dateModified\":\"2021-12-08T17:07:04+00:00\",\"breadcrumb\":{\"@id\":\"https:\\\/\\\/www.revistarambla.com\\\/el-padre-del-mas-alla\\\/#breadcrumb\"},\"inLanguage\":\"en-GB\",\"potentialAction\":[{\"@type\":\"ReadAction\",\"target\":[\"https:\\\/\\\/www.revistarambla.com\\\/el-padre-del-mas-alla\\\/\"]}]},{\"@type\":\"ImageObject\",\"inLanguage\":\"en-GB\",\"@id\":\"https:\\\/\\\/www.revistarambla.com\\\/el-padre-del-mas-alla\\\/#primaryimage\",\"url\":\"https:\\\/\\\/www.revistarambla.com\\\/wp-content\\\/uploads\\\/2017\\\/08\\\/le_fils_de_jean-01.jpg\",\"contentUrl\":\"https:\\\/\\\/www.revistarambla.com\\\/wp-content\\\/uploads\\\/2017\\\/08\\\/le_fils_de_jean-01.jpg\",\"width\":680,\"height\":383},{\"@type\":\"BreadcrumbList\",\"@id\":\"https:\\\/\\\/www.revistarambla.com\\\/el-padre-del-mas-alla\\\/#breadcrumb\",\"itemListElement\":[{\"@type\":\"ListItem\",\"position\":1,\"name\":\"Portada\",\"item\":\"https:\\\/\\\/www.revistarambla.com\\\/\"},{\"@type\":\"ListItem\",\"position\":2,\"name\":\"El padre del m\u00e1s all\u00e1\"}]},{\"@type\":\"WebSite\",\"@id\":\"https:\\\/\\\/www.revistarambla.com\\\/#website\",\"url\":\"https:\\\/\\\/www.revistarambla.com\\\/\",\"name\":\"Revista Rambla Barcelona\",\"description\":\"Periodismo independiente\",\"publisher\":{\"@id\":\"https:\\\/\\\/www.revistarambla.com\\\/#organization\"},\"potentialAction\":[{\"@type\":\"SearchAction\",\"target\":{\"@type\":\"EntryPoint\",\"urlTemplate\":\"https:\\\/\\\/www.revistarambla.com\\\/?s={search_term_string}\"},\"query-input\":{\"@type\":\"PropertyValueSpecification\",\"valueRequired\":true,\"valueName\":\"search_term_string\"}}],\"inLanguage\":\"en-GB\"},{\"@type\":\"Organization\",\"@id\":\"https:\\\/\\\/www.revistarambla.com\\\/#organization\",\"name\":\"Revista Rambla\",\"url\":\"https:\\\/\\\/www.revistarambla.com\\\/\",\"logo\":{\"@type\":\"ImageObject\",\"inLanguage\":\"en-GB\",\"@id\":\"https:\\\/\\\/www.revistarambla.com\\\/#\\\/schema\\\/logo\\\/image\\\/\",\"url\":\"https:\\\/\\\/www.revistarambla.com\\\/wp-content\\\/uploads\\\/2020\\\/09\\\/banner_rambla_1900x600_BB.png\",\"contentUrl\":\"https:\\\/\\\/www.revistarambla.com\\\/wp-content\\\/uploads\\\/2020\\\/09\\\/banner_rambla_1900x600_BB.png\",\"width\":1900,\"height\":600,\"caption\":\"Revista Rambla\"},\"image\":{\"@id\":\"https:\\\/\\\/www.revistarambla.com\\\/#\\\/schema\\\/logo\\\/image\\\/\"},\"sameAs\":[\"https:\\\/\\\/www.facebook.com\\\/revistarambla\\\/\",\"https:\\\/\\\/x.com\\\/revistarambla\",\"https:\\\/\\\/www.instagram.com\\\/revista_rambla\",\"https:\\\/\\\/es.linkedin.com\\\/company\\\/revista-rambla\"]},{\"@type\":\"Person\",\"@id\":\"https:\\\/\\\/www.revistarambla.com\\\/#\\\/schema\\\/person\\\/3e95aac48c632310b49a7be0f7220cc6\",\"name\":\"Arturo Colado\",\"description\":\"Licenciado en Ciencias Pol\u00edticas y de la Administraci\u00f3n por la UAB.\",\"sameAs\":[\"https:\\\/\\\/es.linkedin.com\\\/in\\\/arturo-colado-386a3082\"]}]}<\/script>\n<!-- \/ Yoast SEO plugin. -->","yoast_head_json":{"title":"El padre del m\u00e1s all\u00e1 - Revista Rambla","robots":{"index":"index","follow":"follow","max-snippet":"max-snippet:-1","max-image-preview":"max-image-preview:large","max-video-preview":"max-video-preview:-1"},"canonical":"https:\/\/www.revistarambla.com\/en\/el-padre-del-mas-alla\/","og_locale":"en_GB","og_type":"article","og_title":"El padre del m\u00e1s all\u00e1 - Revista Rambla","og_description":"La cultura occidental est\u00e1 tan homogeneizada que no podemos considerar que persistan en su manifestaci\u00f3n rasgos nacionales de ning\u00fan tipo. El cedazo anglosaj\u00f3n a reducido todos los contenidos a un c\u00f3digo universal cuyo patr\u00f3n es siempre el d\u00f3lar. Y si hablamos del mundo cinematogr\u00e1fico, la cosa se complica debido a [&hellip;]","og_url":"https:\/\/www.revistarambla.com\/en\/el-padre-del-mas-alla\/","og_site_name":"Revista Rambla","article_publisher":"https:\/\/www.facebook.com\/revistarambla\/","article_published_time":"2017-08-01T06:23:37+00:00","article_modified_time":"2021-12-08T17:07:04+00:00","og_image":[{"width":680,"height":383,"url":"https:\/\/www.revistarambla.com\/wp-content\/uploads\/2017\/08\/le_fils_de_jean-01.jpg","type":"image\/jpeg"}],"author":"Arturo Colado","twitter_card":"summary_large_image","twitter_creator":"@revistarambla","twitter_site":"@revistarambla","twitter_misc":{"Written by":"Arturo Colado","Estimated reading time":"3 minutes"},"schema":{"@context":"https:\/\/schema.org","@graph":[{"@type":"Article","@id":"https:\/\/www.revistarambla.com\/el-padre-del-mas-alla\/#article","isPartOf":{"@id":"https:\/\/www.revistarambla.com\/el-padre-del-mas-alla\/"},"author":{"name":"Arturo Colado","@id":"https:\/\/www.revistarambla.com\/#\/schema\/person\/3e95aac48c632310b49a7be0f7220cc6"},"headline":"El padre del m\u00e1s all\u00e1","datePublished":"2017-08-01T06:23:37+00:00","dateModified":"2021-12-08T17:07:04+00:00","mainEntityOfPage":{"@id":"https:\/\/www.revistarambla.com\/el-padre-del-mas-alla\/"},"wordCount":516,"commentCount":0,"publisher":{"@id":"https:\/\/www.revistarambla.com\/#organization"},"image":{"@id":"https:\/\/www.revistarambla.com\/el-padre-del-mas-alla\/#primaryimage"},"thumbnailUrl":"https:\/\/www.revistarambla.com\/wp-content\/uploads\/2017\/08\/le_fils_de_jean-01.jpg","articleSection":["Cine &amp; Series","Cultura"],"inLanguage":"en-GB","potentialAction":[{"@type":"CommentAction","name":"Comment","target":["https:\/\/www.revistarambla.com\/el-padre-del-mas-alla\/#respond"]}]},{"@type":"WebPage","@id":"https:\/\/www.revistarambla.com\/el-padre-del-mas-alla\/","url":"https:\/\/www.revistarambla.com\/el-padre-del-mas-alla\/","name":"El padre del m\u00e1s all\u00e1 - Revista Rambla","isPartOf":{"@id":"https:\/\/www.revistarambla.com\/#website"},"primaryImageOfPage":{"@id":"https:\/\/www.revistarambla.com\/el-padre-del-mas-alla\/#primaryimage"},"image":{"@id":"https:\/\/www.revistarambla.com\/el-padre-del-mas-alla\/#primaryimage"},"thumbnailUrl":"https:\/\/www.revistarambla.com\/wp-content\/uploads\/2017\/08\/le_fils_de_jean-01.jpg","datePublished":"2017-08-01T06:23:37+00:00","dateModified":"2021-12-08T17:07:04+00:00","breadcrumb":{"@id":"https:\/\/www.revistarambla.com\/el-padre-del-mas-alla\/#breadcrumb"},"inLanguage":"en-GB","potentialAction":[{"@type":"ReadAction","target":["https:\/\/www.revistarambla.com\/el-padre-del-mas-alla\/"]}]},{"@type":"ImageObject","inLanguage":"en-GB","@id":"https:\/\/www.revistarambla.com\/el-padre-del-mas-alla\/#primaryimage","url":"https:\/\/www.revistarambla.com\/wp-content\/uploads\/2017\/08\/le_fils_de_jean-01.jpg","contentUrl":"https:\/\/www.revistarambla.com\/wp-content\/uploads\/2017\/08\/le_fils_de_jean-01.jpg","width":680,"height":383},{"@type":"BreadcrumbList","@id":"https:\/\/www.revistarambla.com\/el-padre-del-mas-alla\/#breadcrumb","itemListElement":[{"@type":"ListItem","position":1,"name":"Portada","item":"https:\/\/www.revistarambla.com\/"},{"@type":"ListItem","position":2,"name":"El padre del m\u00e1s all\u00e1"}]},{"@type":"WebSite","@id":"https:\/\/www.revistarambla.com\/#website","url":"https:\/\/www.revistarambla.com\/","name":"Revista Rambla Barcelona","description":"Periodismo independiente","publisher":{"@id":"https:\/\/www.revistarambla.com\/#organization"},"potentialAction":[{"@type":"SearchAction","target":{"@type":"EntryPoint","urlTemplate":"https:\/\/www.revistarambla.com\/?s={search_term_string}"},"query-input":{"@type":"PropertyValueSpecification","valueRequired":true,"valueName":"search_term_string"}}],"inLanguage":"en-GB"},{"@type":"Organization","@id":"https:\/\/www.revistarambla.com\/#organization","name":"Revista Rambla","url":"https:\/\/www.revistarambla.com\/","logo":{"@type":"ImageObject","inLanguage":"en-GB","@id":"https:\/\/www.revistarambla.com\/#\/schema\/logo\/image\/","url":"https:\/\/www.revistarambla.com\/wp-content\/uploads\/2020\/09\/banner_rambla_1900x600_BB.png","contentUrl":"https:\/\/www.revistarambla.com\/wp-content\/uploads\/2020\/09\/banner_rambla_1900x600_BB.png","width":1900,"height":600,"caption":"Revista Rambla"},"image":{"@id":"https:\/\/www.revistarambla.com\/#\/schema\/logo\/image\/"},"sameAs":["https:\/\/www.facebook.com\/revistarambla\/","https:\/\/x.com\/revistarambla","https:\/\/www.instagram.com\/revista_rambla","https:\/\/es.linkedin.com\/company\/revista-rambla"]},{"@type":"Person","@id":"https:\/\/www.revistarambla.com\/#\/schema\/person\/3e95aac48c632310b49a7be0f7220cc6","name":"Arturo Colado","description":"Licenciado en Ciencias Pol\u00edticas y de la Administraci\u00f3n por la UAB.","sameAs":["https:\/\/es.linkedin.com\/in\/arturo-colado-386a3082"]}]}},"_links":{"self":[{"href":"https:\/\/www.revistarambla.com\/en\/wp-json\/wp\/v2\/posts\/13284","targetHints":{"allow":["GET"]}}],"collection":[{"href":"https:\/\/www.revistarambla.com\/en\/wp-json\/wp\/v2\/posts"}],"about":[{"href":"https:\/\/www.revistarambla.com\/en\/wp-json\/wp\/v2\/types\/post"}],"author":[{"embeddable":true,"href":"https:\/\/www.revistarambla.com\/en\/wp-json\/wp\/v2\/users\/38"}],"replies":[{"embeddable":true,"href":"https:\/\/www.revistarambla.com\/en\/wp-json\/wp\/v2\/comments?post=13284"}],"version-history":[{"count":0,"href":"https:\/\/www.revistarambla.com\/en\/wp-json\/wp\/v2\/posts\/13284\/revisions"}],"wp:featuredmedia":[{"embeddable":true,"href":"https:\/\/www.revistarambla.com\/en\/wp-json\/wp\/v2\/media\/13285"}],"wp:attachment":[{"href":"https:\/\/www.revistarambla.com\/en\/wp-json\/wp\/v2\/media?parent=13284"}],"wp:term":[{"taxonomy":"category","embeddable":true,"href":"https:\/\/www.revistarambla.com\/en\/wp-json\/wp\/v2\/categories?post=13284"},{"taxonomy":"post_tag","embeddable":true,"href":"https:\/\/www.revistarambla.com\/en\/wp-json\/wp\/v2\/tags?post=13284"}],"curies":[{"name":"wp","href":"https:\/\/api.w.org\/{rel}","templated":true}]}}