{"id":1324,"date":"2012-01-27T17:21:18","date_gmt":"2012-01-27T17:21:18","guid":{"rendered":"https:\/\/www.revistarambla.com\/iya-esta-aqui-barnasants\/"},"modified":"2021-05-16T17:30:28","modified_gmt":"2021-05-16T15:30:28","slug":"iya-esta-aqui-barnasants","status":"publish","type":"post","link":"https:\/\/www.revistarambla.com\/en\/iya-esta-aqui-barnasants\/","title":{"rendered":"\u00a1Ya est\u00e1 aqu\u00ed Barnasants!"},"content":{"rendered":"<p><img decoding=\"async\" class=\"aligncenter\" src=\"https:\/\/www.revistarambla.com\/wp-content\/uploads\/2012\/01\/nitdetrovadores-11168.jpg\" alt=\"festival barnasants\" width=\"1350\" height=\"822\" \/><\/p>\n<p>El festival de canciones de autor arranca con propuestas emergentes y apuestan por la consolidaci\u00f3n de los cantautores m\u00e1s j\u00f3venes. Desde el jueves 26 de enero y durante todo el fin de semana, desfilar\u00e1n por los diferentes locales de Barcelona artistas como T\u00farnez &amp; Ses\u00e9, Pedro Barruezo, Cris Juanico o Carme Canela entre muchos otros.<\/p>\n<p>Sanjosex ha sido en esta ocasi\u00f3n encargado de inaugurar la diecisieteava edici\u00f3n del festival en Luz de Gas aprovechando as\u00ed el cierre de la gira \u201cAl marge d&#8217;un cam\u00ed\u201d. El grupo, ya consolidado, se abre puertas hacia nuevas metas internacionales. Otro de los autores del Festival es Barruezo quien acaba de publicar un disco \u201cinspirado en poes\u00eda, vida y obra de m\u00edsticos de la edad medieval\u201d, seg\u00fan sus propias palabras. Lo que intentan los artistas es reivindicar el modo de vida m\u00edstico bajo la idea de que hoy en d\u00eda tambi\u00e9n es posible una vida as\u00ed. Para el menorqu\u00edn Cris Juanico Barnasants es \u201cuna fant\u00e1stica opci\u00f3n para acercar los conciertos al p\u00fablico\u201d. El autor presenta \u201cDues pedres\u201d un disco que solamente se puede adquirir en sus directos. Carme Canela pondr\u00e1 voz a las letras de Jordi Matas con un jazz original que trata de plasmar las cosas m\u00e1s simples de la vida cotidiana.<\/p>\n<p>\u201cBarnasants cuenta con la complicidad de los artistas\u201d, comentaba Pere Camps creador y director del Festival. Durante la presentaci\u00f3n del evento, Camps mostr\u00f3 su lado m\u00e1s cr\u00edtico haciendo especial hincapi\u00e9 en el momento de crisis en el que vivimos y a\u00f1adiendo adem\u00e1s, que los recortes que estamos sufriendo \u201cno son econ\u00f3micos, sino pol\u00edticos\u201d. Las cosas, claras.<\/p>\n<p>Pese a ello,\u00a0 gracias a la colaboraci\u00f3n de los artistas, Barnasants tiene programados alrededor de cien conciertos a lo largo de los meses de febrero y marzo que finalizar\u00e1n el 7 de abril. Hasta entonces, personajes como Dani Flaco, Ab\u00fas o Pere Vilanova amenizar\u00e1n los fines de semana de la ciudad condal.<\/p>","protected":false},"excerpt":{"rendered":"<p>Bajo el lema \u201cLas ideas no viven sin organizaci\u00f3n\u201d comienza la diecisieteava edici\u00f3n del festival Barnasants, una fiesta de canciones de autor que durar\u00e1 hasta el 7 de abril y que ofrecer\u00e1 alrededor de cien conciertos<\/p>","protected":false},"author":1,"featured_media":20064,"comment_status":"open","ping_status":"open","sticky":false,"template":"","format":"standard","meta":{"footnotes":""},"categories":[4,65],"tags":[],"class_list":["post-1324","post","type-post","status-publish","format-standard","has-post-thumbnail","hentry","category-cultura","category-musica"],"yoast_head":"<!-- This site is optimized with the Yoast SEO plugin v27.5 - https:\/\/yoast.com\/product\/yoast-seo-wordpress\/ -->\n<title>\u00a1Ya est\u00e1 aqu\u00ed el festival Barnasants! - Revista Rambla (M\u00fasica)<\/title>\n<meta name=\"description\" content=\"Bajo el lema \u201cLas ideas no viven sin organizaci\u00f3n\u201d comienza la diecisieteava edici\u00f3n del Barnasants, un Festival de canciones de autor que durar\u00e1 hasta e...\" \/>\n<meta name=\"robots\" content=\"index, follow, max-snippet:-1, max-image-preview:large, max-video-preview:-1\" \/>\n<link rel=\"canonical\" href=\"https:\/\/www.revistarambla.com\/en\/iya-esta-aqui-barnasants\/\" \/>\n<meta property=\"og:locale\" content=\"en_GB\" \/>\n<meta property=\"og:type\" content=\"article\" \/>\n<meta property=\"og:title\" content=\"\u00a1Ya est\u00e1 aqu\u00ed el festival Barnasants! - Revista Rambla (M\u00fasica)\" \/>\n<meta property=\"og:description\" content=\"Bajo el lema \u201cLas ideas no viven sin organizaci\u00f3n\u201d comienza la diecisieteava edici\u00f3n del Barnasants, un Festival de canciones de autor que durar\u00e1 hasta e...\" \/>\n<meta property=\"og:url\" content=\"https:\/\/www.revistarambla.com\/en\/iya-esta-aqui-barnasants\/\" \/>\n<meta property=\"og:site_name\" content=\"Revista Rambla\" \/>\n<meta property=\"article:publisher\" content=\"https:\/\/www.facebook.com\/revistarambla\/\" \/>\n<meta property=\"article:published_time\" content=\"2012-01-27T17:21:18+00:00\" \/>\n<meta property=\"article:modified_time\" content=\"2021-05-16T15:30:28+00:00\" \/>\n<meta property=\"og:image\" content=\"https:\/\/i0.wp.com\/www.revistarambla.com\/wp-content\/uploads\/2012\/01\/nitdetrovadores-11168.jpg?fit=1350%2C822&ssl=1\" \/>\n\t<meta property=\"og:image:width\" content=\"1350\" \/>\n\t<meta property=\"og:image:height\" content=\"822\" \/>\n\t<meta property=\"og:image:type\" content=\"image\/jpeg\" \/>\n<meta name=\"author\" content=\"Maitane Reguero\" \/>\n<meta name=\"twitter:card\" content=\"summary_large_image\" \/>\n<meta name=\"twitter:creator\" content=\"@revistarambla\" \/>\n<meta name=\"twitter:site\" content=\"@revistarambla\" \/>\n<meta name=\"twitter:label1\" content=\"Written by\" \/>\n\t<meta name=\"twitter:data1\" content=\"Maitane Reguero\" \/>\n\t<meta name=\"twitter:label2\" content=\"Estimated reading time\" \/>\n\t<meta name=\"twitter:data2\" content=\"2 minutes\" \/>\n<script type=\"application\/ld+json\" class=\"yoast-schema-graph\">{\"@context\":\"https:\\\/\\\/schema.org\",\"@graph\":[{\"@type\":\"Article\",\"@id\":\"https:\\\/\\\/www.revistarambla.com\\\/iya-esta-aqui-barnasants\\\/#article\",\"isPartOf\":{\"@id\":\"https:\\\/\\\/www.revistarambla.com\\\/iya-esta-aqui-barnasants\\\/\"},\"author\":{\"name\":\"Maitane Reguero\",\"@id\":\"https:\\\/\\\/www.revistarambla.com\\\/#\\\/schema\\\/person\\\/4a5652fc8c82df1f8593002d038cd79e\"},\"headline\":\"\u00a1Ya est\u00e1 aqu\u00ed Barnasants!\",\"datePublished\":\"2012-01-27T17:21:18+00:00\",\"dateModified\":\"2021-05-16T15:30:28+00:00\",\"mainEntityOfPage\":{\"@id\":\"https:\\\/\\\/www.revistarambla.com\\\/iya-esta-aqui-barnasants\\\/\"},\"wordCount\":348,\"commentCount\":0,\"publisher\":{\"@id\":\"https:\\\/\\\/www.revistarambla.com\\\/#organization\"},\"image\":{\"@id\":\"https:\\\/\\\/www.revistarambla.com\\\/iya-esta-aqui-barnasants\\\/#primaryimage\"},\"thumbnailUrl\":\"https:\\\/\\\/www.revistarambla.com\\\/wp-content\\\/uploads\\\/2012\\\/01\\\/nitdetrovadores-11168.jpg\",\"articleSection\":[\"Cultura\",\"M\u00fasica\"],\"inLanguage\":\"en-GB\",\"potentialAction\":[{\"@type\":\"CommentAction\",\"name\":\"Comment\",\"target\":[\"https:\\\/\\\/www.revistarambla.com\\\/iya-esta-aqui-barnasants\\\/#respond\"]}]},{\"@type\":\"WebPage\",\"@id\":\"https:\\\/\\\/www.revistarambla.com\\\/iya-esta-aqui-barnasants\\\/\",\"url\":\"https:\\\/\\\/www.revistarambla.com\\\/iya-esta-aqui-barnasants\\\/\",\"name\":\"\u00a1Ya est\u00e1 aqu\u00ed el festival Barnasants! - Revista Rambla (M\u00fasica)\",\"isPartOf\":{\"@id\":\"https:\\\/\\\/www.revistarambla.com\\\/#website\"},\"primaryImageOfPage\":{\"@id\":\"https:\\\/\\\/www.revistarambla.com\\\/iya-esta-aqui-barnasants\\\/#primaryimage\"},\"image\":{\"@id\":\"https:\\\/\\\/www.revistarambla.com\\\/iya-esta-aqui-barnasants\\\/#primaryimage\"},\"thumbnailUrl\":\"https:\\\/\\\/www.revistarambla.com\\\/wp-content\\\/uploads\\\/2012\\\/01\\\/nitdetrovadores-11168.jpg\",\"datePublished\":\"2012-01-27T17:21:18+00:00\",\"dateModified\":\"2021-05-16T15:30:28+00:00\",\"description\":\"Bajo el lema \u201cLas ideas no viven sin organizaci\u00f3n\u201d comienza la diecisieteava edici\u00f3n del Barnasants, un Festival de canciones de autor que durar\u00e1 hasta e...\",\"breadcrumb\":{\"@id\":\"https:\\\/\\\/www.revistarambla.com\\\/iya-esta-aqui-barnasants\\\/#breadcrumb\"},\"inLanguage\":\"en-GB\",\"potentialAction\":[{\"@type\":\"ReadAction\",\"target\":[\"https:\\\/\\\/www.revistarambla.com\\\/iya-esta-aqui-barnasants\\\/\"]}]},{\"@type\":\"ImageObject\",\"inLanguage\":\"en-GB\",\"@id\":\"https:\\\/\\\/www.revistarambla.com\\\/iya-esta-aqui-barnasants\\\/#primaryimage\",\"url\":\"https:\\\/\\\/www.revistarambla.com\\\/wp-content\\\/uploads\\\/2012\\\/01\\\/nitdetrovadores-11168.jpg\",\"contentUrl\":\"https:\\\/\\\/www.revistarambla.com\\\/wp-content\\\/uploads\\\/2012\\\/01\\\/nitdetrovadores-11168.jpg\",\"width\":1350,\"height\":822,\"caption\":\"barnasants\"},{\"@type\":\"BreadcrumbList\",\"@id\":\"https:\\\/\\\/www.revistarambla.com\\\/iya-esta-aqui-barnasants\\\/#breadcrumb\",\"itemListElement\":[{\"@type\":\"ListItem\",\"position\":1,\"name\":\"Portada\",\"item\":\"https:\\\/\\\/www.revistarambla.com\\\/\"},{\"@type\":\"ListItem\",\"position\":2,\"name\":\"\u00a1Ya est\u00e1 aqu\u00ed Barnasants!\"}]},{\"@type\":\"WebSite\",\"@id\":\"https:\\\/\\\/www.revistarambla.com\\\/#website\",\"url\":\"https:\\\/\\\/www.revistarambla.com\\\/\",\"name\":\"Revista Rambla Barcelona\",\"description\":\"Periodismo independiente\",\"publisher\":{\"@id\":\"https:\\\/\\\/www.revistarambla.com\\\/#organization\"},\"potentialAction\":[{\"@type\":\"SearchAction\",\"target\":{\"@type\":\"EntryPoint\",\"urlTemplate\":\"https:\\\/\\\/www.revistarambla.com\\\/?s={search_term_string}\"},\"query-input\":{\"@type\":\"PropertyValueSpecification\",\"valueRequired\":true,\"valueName\":\"search_term_string\"}}],\"inLanguage\":\"en-GB\"},{\"@type\":\"Organization\",\"@id\":\"https:\\\/\\\/www.revistarambla.com\\\/#organization\",\"name\":\"Revista Rambla\",\"url\":\"https:\\\/\\\/www.revistarambla.com\\\/\",\"logo\":{\"@type\":\"ImageObject\",\"inLanguage\":\"en-GB\",\"@id\":\"https:\\\/\\\/www.revistarambla.com\\\/#\\\/schema\\\/logo\\\/image\\\/\",\"url\":\"https:\\\/\\\/www.revistarambla.com\\\/wp-content\\\/uploads\\\/2020\\\/09\\\/banner_rambla_1900x600_BB.png\",\"contentUrl\":\"https:\\\/\\\/www.revistarambla.com\\\/wp-content\\\/uploads\\\/2020\\\/09\\\/banner_rambla_1900x600_BB.png\",\"width\":1900,\"height\":600,\"caption\":\"Revista Rambla\"},\"image\":{\"@id\":\"https:\\\/\\\/www.revistarambla.com\\\/#\\\/schema\\\/logo\\\/image\\\/\"},\"sameAs\":[\"https:\\\/\\\/www.facebook.com\\\/revistarambla\\\/\",\"https:\\\/\\\/x.com\\\/revistarambla\",\"https:\\\/\\\/www.instagram.com\\\/revista_rambla\",\"https:\\\/\\\/es.linkedin.com\\\/company\\\/revista-rambla\"]},{\"@type\":\"Person\",\"@id\":\"https:\\\/\\\/www.revistarambla.com\\\/#\\\/schema\\\/person\\\/4a5652fc8c82df1f8593002d038cd79e\",\"name\":\"Maitane Reguero\",\"description\":\"Licenciada en Periodismo por la UPV\\\/EHU. Posgrado en Fotoperiodismo por la UAB.\"}]}<\/script>\n<!-- \/ Yoast SEO plugin. -->","yoast_head_json":{"title":"\u00a1Ya est\u00e1 aqu\u00ed el festival Barnasants! - Revista Rambla (M\u00fasica)","description":"Bajo el lema \u201cLas ideas no viven sin organizaci\u00f3n\u201d comienza la diecisieteava edici\u00f3n del Barnasants, un Festival de canciones de autor que durar\u00e1 hasta e...","robots":{"index":"index","follow":"follow","max-snippet":"max-snippet:-1","max-image-preview":"max-image-preview:large","max-video-preview":"max-video-preview:-1"},"canonical":"https:\/\/www.revistarambla.com\/en\/iya-esta-aqui-barnasants\/","og_locale":"en_GB","og_type":"article","og_title":"\u00a1Ya est\u00e1 aqu\u00ed el festival Barnasants! - Revista Rambla (M\u00fasica)","og_description":"Bajo el lema \u201cLas ideas no viven sin organizaci\u00f3n\u201d comienza la diecisieteava edici\u00f3n del Barnasants, un Festival de canciones de autor que durar\u00e1 hasta e...","og_url":"https:\/\/www.revistarambla.com\/en\/iya-esta-aqui-barnasants\/","og_site_name":"Revista Rambla","article_publisher":"https:\/\/www.facebook.com\/revistarambla\/","article_published_time":"2012-01-27T17:21:18+00:00","article_modified_time":"2021-05-16T15:30:28+00:00","og_image":[{"width":1350,"height":822,"url":"https:\/\/i0.wp.com\/www.revistarambla.com\/wp-content\/uploads\/2012\/01\/nitdetrovadores-11168.jpg?fit=1350%2C822&ssl=1","type":"image\/jpeg"}],"author":"Maitane Reguero","twitter_card":"summary_large_image","twitter_creator":"@revistarambla","twitter_site":"@revistarambla","twitter_misc":{"Written by":"Maitane Reguero","Estimated reading time":"2 minutes"},"schema":{"@context":"https:\/\/schema.org","@graph":[{"@type":"Article","@id":"https:\/\/www.revistarambla.com\/iya-esta-aqui-barnasants\/#article","isPartOf":{"@id":"https:\/\/www.revistarambla.com\/iya-esta-aqui-barnasants\/"},"author":{"name":"Maitane Reguero","@id":"https:\/\/www.revistarambla.com\/#\/schema\/person\/4a5652fc8c82df1f8593002d038cd79e"},"headline":"\u00a1Ya est\u00e1 aqu\u00ed Barnasants!","datePublished":"2012-01-27T17:21:18+00:00","dateModified":"2021-05-16T15:30:28+00:00","mainEntityOfPage":{"@id":"https:\/\/www.revistarambla.com\/iya-esta-aqui-barnasants\/"},"wordCount":348,"commentCount":0,"publisher":{"@id":"https:\/\/www.revistarambla.com\/#organization"},"image":{"@id":"https:\/\/www.revistarambla.com\/iya-esta-aqui-barnasants\/#primaryimage"},"thumbnailUrl":"https:\/\/www.revistarambla.com\/wp-content\/uploads\/2012\/01\/nitdetrovadores-11168.jpg","articleSection":["Cultura","M\u00fasica"],"inLanguage":"en-GB","potentialAction":[{"@type":"CommentAction","name":"Comment","target":["https:\/\/www.revistarambla.com\/iya-esta-aqui-barnasants\/#respond"]}]},{"@type":"WebPage","@id":"https:\/\/www.revistarambla.com\/iya-esta-aqui-barnasants\/","url":"https:\/\/www.revistarambla.com\/iya-esta-aqui-barnasants\/","name":"\u00a1Ya est\u00e1 aqu\u00ed el festival Barnasants! - Revista Rambla (M\u00fasica)","isPartOf":{"@id":"https:\/\/www.revistarambla.com\/#website"},"primaryImageOfPage":{"@id":"https:\/\/www.revistarambla.com\/iya-esta-aqui-barnasants\/#primaryimage"},"image":{"@id":"https:\/\/www.revistarambla.com\/iya-esta-aqui-barnasants\/#primaryimage"},"thumbnailUrl":"https:\/\/www.revistarambla.com\/wp-content\/uploads\/2012\/01\/nitdetrovadores-11168.jpg","datePublished":"2012-01-27T17:21:18+00:00","dateModified":"2021-05-16T15:30:28+00:00","description":"Bajo el lema \u201cLas ideas no viven sin organizaci\u00f3n\u201d comienza la diecisieteava edici\u00f3n del Barnasants, un Festival de canciones de autor que durar\u00e1 hasta e...","breadcrumb":{"@id":"https:\/\/www.revistarambla.com\/iya-esta-aqui-barnasants\/#breadcrumb"},"inLanguage":"en-GB","potentialAction":[{"@type":"ReadAction","target":["https:\/\/www.revistarambla.com\/iya-esta-aqui-barnasants\/"]}]},{"@type":"ImageObject","inLanguage":"en-GB","@id":"https:\/\/www.revistarambla.com\/iya-esta-aqui-barnasants\/#primaryimage","url":"https:\/\/www.revistarambla.com\/wp-content\/uploads\/2012\/01\/nitdetrovadores-11168.jpg","contentUrl":"https:\/\/www.revistarambla.com\/wp-content\/uploads\/2012\/01\/nitdetrovadores-11168.jpg","width":1350,"height":822,"caption":"barnasants"},{"@type":"BreadcrumbList","@id":"https:\/\/www.revistarambla.com\/iya-esta-aqui-barnasants\/#breadcrumb","itemListElement":[{"@type":"ListItem","position":1,"name":"Portada","item":"https:\/\/www.revistarambla.com\/"},{"@type":"ListItem","position":2,"name":"\u00a1Ya est\u00e1 aqu\u00ed Barnasants!"}]},{"@type":"WebSite","@id":"https:\/\/www.revistarambla.com\/#website","url":"https:\/\/www.revistarambla.com\/","name":"Revista Rambla Barcelona","description":"Periodismo independiente","publisher":{"@id":"https:\/\/www.revistarambla.com\/#organization"},"potentialAction":[{"@type":"SearchAction","target":{"@type":"EntryPoint","urlTemplate":"https:\/\/www.revistarambla.com\/?s={search_term_string}"},"query-input":{"@type":"PropertyValueSpecification","valueRequired":true,"valueName":"search_term_string"}}],"inLanguage":"en-GB"},{"@type":"Organization","@id":"https:\/\/www.revistarambla.com\/#organization","name":"Revista Rambla","url":"https:\/\/www.revistarambla.com\/","logo":{"@type":"ImageObject","inLanguage":"en-GB","@id":"https:\/\/www.revistarambla.com\/#\/schema\/logo\/image\/","url":"https:\/\/www.revistarambla.com\/wp-content\/uploads\/2020\/09\/banner_rambla_1900x600_BB.png","contentUrl":"https:\/\/www.revistarambla.com\/wp-content\/uploads\/2020\/09\/banner_rambla_1900x600_BB.png","width":1900,"height":600,"caption":"Revista Rambla"},"image":{"@id":"https:\/\/www.revistarambla.com\/#\/schema\/logo\/image\/"},"sameAs":["https:\/\/www.facebook.com\/revistarambla\/","https:\/\/x.com\/revistarambla","https:\/\/www.instagram.com\/revista_rambla","https:\/\/es.linkedin.com\/company\/revista-rambla"]},{"@type":"Person","@id":"https:\/\/www.revistarambla.com\/#\/schema\/person\/4a5652fc8c82df1f8593002d038cd79e","name":"Maitane Reguero","description":"Licenciada en Periodismo por la UPV\/EHU. Posgrado en Fotoperiodismo por la UAB."}]}},"_links":{"self":[{"href":"https:\/\/www.revistarambla.com\/en\/wp-json\/wp\/v2\/posts\/1324","targetHints":{"allow":["GET"]}}],"collection":[{"href":"https:\/\/www.revistarambla.com\/en\/wp-json\/wp\/v2\/posts"}],"about":[{"href":"https:\/\/www.revistarambla.com\/en\/wp-json\/wp\/v2\/types\/post"}],"author":[{"embeddable":true,"href":"https:\/\/www.revistarambla.com\/en\/wp-json\/wp\/v2\/users\/1"}],"replies":[{"embeddable":true,"href":"https:\/\/www.revistarambla.com\/en\/wp-json\/wp\/v2\/comments?post=1324"}],"version-history":[{"count":0,"href":"https:\/\/www.revistarambla.com\/en\/wp-json\/wp\/v2\/posts\/1324\/revisions"}],"wp:featuredmedia":[{"embeddable":true,"href":"https:\/\/www.revistarambla.com\/en\/wp-json\/wp\/v2\/media\/20064"}],"wp:attachment":[{"href":"https:\/\/www.revistarambla.com\/en\/wp-json\/wp\/v2\/media?parent=1324"}],"wp:term":[{"taxonomy":"category","embeddable":true,"href":"https:\/\/www.revistarambla.com\/en\/wp-json\/wp\/v2\/categories?post=1324"},{"taxonomy":"post_tag","embeddable":true,"href":"https:\/\/www.revistarambla.com\/en\/wp-json\/wp\/v2\/tags?post=1324"}],"curies":[{"name":"wp","href":"https:\/\/api.w.org\/{rel}","templated":true}]}}