{"id":13231,"date":"2017-07-10T19:55:01","date_gmt":"2017-07-10T17:55:01","guid":{"rendered":"https:\/\/www.revistarambla.com\/?p=13231"},"modified":"2021-12-08T18:07:19","modified_gmt":"2021-12-08T17:07:19","slug":"entre-los-dos-youre-ugly-too-2015","status":"publish","type":"post","link":"https:\/\/www.revistarambla.com\/en\/entre-los-dos-youre-ugly-too-2015\/","title":{"rendered":"Entre los dos (You\u2019re ugly too, 2015)"},"content":{"rendered":"<p><b><a href=\"https:\/\/www.revistarambla.com\/wp-content\/uploads\/2017\/07\/Entre-los-dos.-Imagen-2.jpg\"><img decoding=\"async\" class=\"wp-image-13234 size-medium alignright\" src=\"https:\/\/www.revistarambla.com\/wp-content\/uploads\/2017\/07\/Entre-los-dos.-Imagen-2-300x206.jpg\" alt=\"\" width=\"300\" height=\"206\" srcset=\"https:\/\/www.revistarambla.com\/wp-content\/uploads\/2017\/07\/Entre-los-dos.-Imagen-2-300x206.jpg 300w, https:\/\/www.revistarambla.com\/wp-content\/uploads\/2017\/07\/Entre-los-dos.-Imagen-2-768x527.jpg 768w, https:\/\/www.revistarambla.com\/wp-content\/uploads\/2017\/07\/Entre-los-dos.-Imagen-2-1024x703.jpg 1024w, https:\/\/www.revistarambla.com\/wp-content\/uploads\/2017\/07\/Entre-los-dos.-Imagen-2-500x343.jpg 500w, https:\/\/www.revistarambla.com\/wp-content\/uploads\/2017\/07\/Entre-los-dos.-Imagen-2.jpg 1170w\" sizes=\"(max-width: 300px) 100vw, 300px\" \/><\/a><\/b>La \u00f3pera prima de Mark Noonan, que llega a nuestro pa\u00eds con casi dos a\u00f1os de retraso, nos demuestra, en tan s\u00f3lo 82 minutos, que no es necesario ser original ni recargado si las cosas se cuentan bien y con cari\u00f1o.<\/p>\n<p style=\"text-align: left;\"><span style=\"font-weight: 400;\">Un inicio sin palabras nos muestra a los dos personajes de la historia: Stacy (Lauren Kinsella), ni\u00f1a precoz de 11 a\u00f1os que supura descaro y amargura para paliar sus propias desgracias vitales, a la que diagnostican narcolepsia y Will (Aidan Gillen), cuarent\u00f3n que sale de c\u00e1rcel para cuidar a Stacy, su sobrina, tras la muerte de su madre.<\/span><\/p>\n<p style=\"text-align: left;\"><span style=\"font-weight: 400;\">Un inicio sin palabras, sin grandes efectos visuales, con primeros y medios planos, con una m\u00fasica casi imperceptible y con una fotograf\u00eda que atrapa y no suelta hasta los cr\u00e9ditos finales. Y que exuda emoci\u00f3n, sin alardes, en una historia que no cuenta nada nuevo, pero lo cuenta de forma excelente.<\/span><\/p>\n<p style=\"text-align: left;\"><span style=\"font-weight: 400;\">La principal baza de la cinta es, por tanto, su sencillez, su bella simpleza y su cotidianidad. La historia se centra, casi en exclusiva, en la relaci\u00f3n de Will y Stacy, dos personas que sufren por motivos diferentes, pero que no buscan redenci\u00f3n ni aceptaci\u00f3n, sino limitarse a tener una vida lo m\u00e1s normal posible, bajo las circunstancias que les ha tocado sortear. A lo largo de la cinta, con calma, pero sin histrionismos, ambos personajes van estrechando la distancia inicial que les separa y avistan una salida al final del tortuoso camino. Hay conflicto, s\u00ed, pero se puede superar.<\/span><\/p>\n<p style=\"text-align: left;\"><span style=\"font-weight: 400;\">El otro acierto de la historia es su realismo. A pesar de leves acontecimientos forzados (nimios, pero existentes), acompa\u00f1amos a nuestros protagonistas a trav\u00e9s de una serie de acciones cotidianas, rehogadas de un sumiso, pero, a la vez, sarc\u00e1stico, sentido del humor, Situaciones veros\u00edmiles, con personajes reales, aunque, cierto es, donde los secundarios quedan reducidos en demas\u00eda a sutiles pinceladas (Tibor (George Pistereanu), marido de Emilie (Erika Sainte), inter\u00e9s amoroso de Will, es poco m\u00e1s que un accesorio para la historia). Pero te sientes tan atrapado por los avatares de Will y Stacy, que tampoco importa demasiado. Menci\u00f3n especial merece la \u00faltima conversaci\u00f3n entre Will y Emilie, en la que se resuelve todo de forma tan sutil que ni tan siquiera Will parece ser consciente de ello.<\/span><\/p>\n<p style=\"text-align: left;\"><span style=\"font-weight: 400;\">Incluso la narcolepsia de Stacy acabar\u00e1 desembocando en un mcguffin de manual, que permitir\u00e1 un devenir de acontecimientos l\u00f3gico y razonable.<\/span><\/p>\n<p style=\"text-align: left;\"><span style=\"font-weight: 400;\">La qu\u00edmica entre Kinsella y Gillen es tan fuerte, como la historia necesita. <\/span><\/p>\n<p style=\"text-align: left;\"><span style=\"font-weight: 400;\">La joven actriz consigue que un personaje que pod\u00eda caer en una irritante caricatura de ni\u00f1a-adulta (como, por ejemplo, Ellen Page en \u201c<\/span><i><span style=\"font-weight: 400;\">Juno<\/span><\/i><span style=\"font-weight: 400;\">\u201d) resulte tierno en su tosquedad y empaticemos con esa sensibilidad que intenta mantener escondida con base a soltar verdades sin cortapisas por su boca. <\/span><\/p>\n<p style=\"text-align: left;\"><span style=\"font-weight: 400;\">Gillen, por su parte, mantiene su excelente nivel de actuaci\u00f3n habitual. El actor irland\u00e9s, conocido para el gran p\u00fablico por sus televisivos papeles en \u201c<\/span><i><span style=\"font-weight: 400;\">The wire<\/span><\/i><span style=\"font-weight: 400;\">\u201d, donde encarn\u00f3 al concejal Thomas Carcetti, aspirante a alcalde de Baltimore, y \u201c<\/span><i><span style=\"font-weight: 400;\">Juego de tronos<\/span><\/i><span style=\"font-weight: 400;\">\u201d, donde se pone en la piel del \u00ednclito Petyr Baelish, alias \u201cMe\u00f1ique\u201d, hace gala de un registro de expresiones soberbio, pero contenido, en el que sus ojos muestran lo que sus labios se niegan a comunicar. Su inicial actitud socarrona, se disgrega en m\u00faltiples capas de sentimientos a medida que vamos conociendo, a trav\u00e9s de sus reacciones a las propias reacciones de Stacy, m\u00e1s y m\u00e1s sobre su historia y su modo de ver las cosas. Ryan Gosling deber\u00eda tomar nota, para aprender a diferenciar la contenci\u00f3n del hieratismo.<\/span><\/p>\n<p style=\"text-align: left;\"><span style=\"font-weight: 400;\">Como se ha mencionado anteriormente, los papeles de Sainte y Pistereanu (en especial este \u00faltimo) carecen de gran profundidad. Sirven, sin embargo, para ofrecer un punto de vista alternativo a los protagonistas y para que conciban esperanzas. Algo que necesitan como el respirar. No ofrecen una gran actuaci\u00f3n, pero su presencia se torna imprescindible para entender las emociones de Will y Stacy.<\/span><\/p>\n<p style=\"text-align: left;\"><span style=\"font-weight: 400;\">Por \u00faltimo, es imposible disociar dos aspectos claves para entender la peque\u00f1a grandiosidad de \u201c<\/span><i><span style=\"font-weight: 400;\">Entre los dos<\/span><\/i><span style=\"font-weight: 400;\">\u201d: la fotograf\u00eda de Tom Comerford y la banda sonora de David Geragthy.<\/span><\/p>\n<p style=\"text-align: left;\"><span style=\"font-weight: 400;\">Comerford logra transmitir calidez de unos paisajes abruptos, toscos, objetivamente horrendos. Igual que los personajes de la cinta, los tristes parajes que transcurren por la cinta encierran una luminosidad sucinta, pero abrumadora. Sus premeditados desenfoques del entorno, sus destellos de sol indirectos nos transportan al interior de las almas de los personajes y tratan de mostrarnos, en una poco sutil, pero efectiva met\u00e1fora, la belleza que irradian.<\/span><\/p>\n<p style=\"text-align: left;\"><span style=\"font-weight: 400;\">Geragthy logra, a su vez, reforzar cada imagen con una serie de composiciones (en concreto, tres, con un leitmotiv simplemente precioso con el que se cierra la pel\u00edcula) conscientemente intimistas, donde abundan los acordes suaves de guitarra. Se dedica a reforzar, sin aparente esfuerzo, los silencios de los personajes, fuente, parad\u00f3jicamente, clave para entender sus emociones. Es de agradecer que una pel\u00edcula irlandesa evite caer en el t\u00f3pico celta.<\/span><\/p>\n<p style=\"text-align: left;\"><span style=\"font-weight: 400;\">En definitiva, \u201c<\/span><i><span style=\"font-weight: 400;\">Entre los dos<\/span><\/i><span style=\"font-weight: 400;\">\u201d es una delicia para los sentidos, toda vez que no trata de embotarlos ni de imponer c\u00f3mo hemos de sentirnos cuando la vemos. Elude la manipulaci\u00f3n, pero no la emoci\u00f3n. Esquiva la cursiler\u00eda, pero no la sensibilidad. <\/span><\/p>\n<p style=\"text-align: left;\"><span style=\"font-weight: 400;\">Y nos demuestra que, la distribuci\u00f3n en Espa\u00f1a es lo suficientemente desastrosa, o el p\u00fablico mentalmente holgaz\u00e1n, como para que esta pel\u00edcula no sea m\u00e1s conocida.<\/span><\/p>\n<p><img decoding=\"async\" class=\"size-full wp-image-13235 aligncenter\" src=\"https:\/\/www.revistarambla.com\/wp-content\/uploads\/2017\/07\/Entre-los-dos.-Imagen-1.jpg\" alt=\"\" width=\"720\" height=\"304\" srcset=\"https:\/\/www.revistarambla.com\/wp-content\/uploads\/2017\/07\/Entre-los-dos.-Imagen-1.jpg 720w, https:\/\/www.revistarambla.com\/wp-content\/uploads\/2017\/07\/Entre-los-dos.-Imagen-1-300x127.jpg 300w, https:\/\/www.revistarambla.com\/wp-content\/uploads\/2017\/07\/Entre-los-dos.-Imagen-1-500x211.jpg 500w\" sizes=\"(max-width: 720px) 100vw, 720px\" \/><\/p>","protected":false},"excerpt":{"rendered":"<p>La \u00f3pera prima de Mark Noonan, que llega a nuestro pa\u00eds con casi dos a\u00f1os de retraso, nos demuestra, en tan s\u00f3lo 82 minutos, que no es necesario ser original ni recargado si las cosas se cuentan bien y con cari\u00f1o. Un inicio sin palabras nos muestra a los dos [&hellip;]<\/p>\n","protected":false},"author":38,"featured_media":13238,"comment_status":"open","ping_status":"open","sticky":false,"template":"","format":"standard","meta":{"footnotes":""},"categories":[61,4],"tags":[],"class_list":["post-13231","post","type-post","status-publish","format-standard","has-post-thumbnail","hentry","category-cine","category-cultura"],"yoast_head":"<!-- This site is optimized with the Yoast SEO plugin v27.5 - https:\/\/yoast.com\/product\/yoast-seo-wordpress\/ -->\n<title>Entre los dos (You\u2019re ugly too, 2015) - Revista Rambla<\/title>\n<meta name=\"robots\" content=\"index, follow, max-snippet:-1, max-image-preview:large, max-video-preview:-1\" \/>\n<link rel=\"canonical\" href=\"https:\/\/www.revistarambla.com\/en\/entre-los-dos-youre-ugly-too-2015\/\" \/>\n<meta property=\"og:locale\" content=\"en_GB\" \/>\n<meta property=\"og:type\" content=\"article\" \/>\n<meta property=\"og:title\" content=\"Entre los dos (You\u2019re ugly too, 2015) - Revista Rambla\" \/>\n<meta property=\"og:description\" content=\"La \u00f3pera prima de Mark Noonan, que llega a nuestro pa\u00eds con casi dos a\u00f1os de retraso, nos demuestra, en tan s\u00f3lo 82 minutos, que no es necesario ser original ni recargado si las cosas se cuentan bien y con cari\u00f1o. Un inicio sin palabras nos muestra a los dos [&hellip;]\" \/>\n<meta property=\"og:url\" content=\"https:\/\/www.revistarambla.com\/en\/entre-los-dos-youre-ugly-too-2015\/\" \/>\n<meta property=\"og:site_name\" content=\"Revista Rambla\" \/>\n<meta property=\"article:publisher\" content=\"https:\/\/www.facebook.com\/revistarambla\/\" \/>\n<meta property=\"article:published_time\" content=\"2017-07-10T17:55:01+00:00\" \/>\n<meta property=\"article:modified_time\" content=\"2021-12-08T17:07:19+00:00\" \/>\n<meta property=\"og:image\" content=\"https:\/\/www.revistarambla.com\/wp-content\/uploads\/2017\/07\/foto-youre-ugly-too.jpg\" \/>\n\t<meta property=\"og:image:width\" content=\"1968\" \/>\n\t<meta property=\"og:image:height\" content=\"1000\" \/>\n\t<meta property=\"og:image:type\" content=\"image\/jpeg\" \/>\n<meta name=\"author\" content=\"Arturo Colado\" \/>\n<meta name=\"twitter:card\" content=\"summary_large_image\" \/>\n<meta name=\"twitter:creator\" content=\"@revistarambla\" \/>\n<meta name=\"twitter:site\" content=\"@revistarambla\" \/>\n<meta name=\"twitter:label1\" content=\"Written by\" \/>\n\t<meta name=\"twitter:data1\" content=\"Arturo Colado\" \/>\n\t<meta name=\"twitter:label2\" content=\"Estimated reading time\" \/>\n\t<meta name=\"twitter:data2\" content=\"5 minutes\" \/>\n<script type=\"application\/ld+json\" class=\"yoast-schema-graph\">{\"@context\":\"https:\\\/\\\/schema.org\",\"@graph\":[{\"@type\":\"Article\",\"@id\":\"https:\\\/\\\/www.revistarambla.com\\\/entre-los-dos-youre-ugly-too-2015\\\/#article\",\"isPartOf\":{\"@id\":\"https:\\\/\\\/www.revistarambla.com\\\/entre-los-dos-youre-ugly-too-2015\\\/\"},\"author\":{\"name\":\"Arturo Colado\",\"@id\":\"https:\\\/\\\/www.revistarambla.com\\\/#\\\/schema\\\/person\\\/3e95aac48c632310b49a7be0f7220cc6\"},\"headline\":\"Entre los dos (You\u2019re ugly too, 2015)\",\"datePublished\":\"2017-07-10T17:55:01+00:00\",\"dateModified\":\"2021-12-08T17:07:19+00:00\",\"mainEntityOfPage\":{\"@id\":\"https:\\\/\\\/www.revistarambla.com\\\/entre-los-dos-youre-ugly-too-2015\\\/\"},\"wordCount\":945,\"commentCount\":0,\"publisher\":{\"@id\":\"https:\\\/\\\/www.revistarambla.com\\\/#organization\"},\"image\":{\"@id\":\"https:\\\/\\\/www.revistarambla.com\\\/entre-los-dos-youre-ugly-too-2015\\\/#primaryimage\"},\"thumbnailUrl\":\"https:\\\/\\\/www.revistarambla.com\\\/wp-content\\\/uploads\\\/2017\\\/07\\\/foto-youre-ugly-too.jpg\",\"articleSection\":[\"Cine &amp; Series\",\"Cultura\"],\"inLanguage\":\"en-GB\",\"potentialAction\":[{\"@type\":\"CommentAction\",\"name\":\"Comment\",\"target\":[\"https:\\\/\\\/www.revistarambla.com\\\/entre-los-dos-youre-ugly-too-2015\\\/#respond\"]}]},{\"@type\":\"WebPage\",\"@id\":\"https:\\\/\\\/www.revistarambla.com\\\/entre-los-dos-youre-ugly-too-2015\\\/\",\"url\":\"https:\\\/\\\/www.revistarambla.com\\\/entre-los-dos-youre-ugly-too-2015\\\/\",\"name\":\"Entre los dos (You\u2019re ugly too, 2015) - Revista Rambla\",\"isPartOf\":{\"@id\":\"https:\\\/\\\/www.revistarambla.com\\\/#website\"},\"primaryImageOfPage\":{\"@id\":\"https:\\\/\\\/www.revistarambla.com\\\/entre-los-dos-youre-ugly-too-2015\\\/#primaryimage\"},\"image\":{\"@id\":\"https:\\\/\\\/www.revistarambla.com\\\/entre-los-dos-youre-ugly-too-2015\\\/#primaryimage\"},\"thumbnailUrl\":\"https:\\\/\\\/www.revistarambla.com\\\/wp-content\\\/uploads\\\/2017\\\/07\\\/foto-youre-ugly-too.jpg\",\"datePublished\":\"2017-07-10T17:55:01+00:00\",\"dateModified\":\"2021-12-08T17:07:19+00:00\",\"breadcrumb\":{\"@id\":\"https:\\\/\\\/www.revistarambla.com\\\/entre-los-dos-youre-ugly-too-2015\\\/#breadcrumb\"},\"inLanguage\":\"en-GB\",\"potentialAction\":[{\"@type\":\"ReadAction\",\"target\":[\"https:\\\/\\\/www.revistarambla.com\\\/entre-los-dos-youre-ugly-too-2015\\\/\"]}]},{\"@type\":\"ImageObject\",\"inLanguage\":\"en-GB\",\"@id\":\"https:\\\/\\\/www.revistarambla.com\\\/entre-los-dos-youre-ugly-too-2015\\\/#primaryimage\",\"url\":\"https:\\\/\\\/www.revistarambla.com\\\/wp-content\\\/uploads\\\/2017\\\/07\\\/foto-youre-ugly-too.jpg\",\"contentUrl\":\"https:\\\/\\\/www.revistarambla.com\\\/wp-content\\\/uploads\\\/2017\\\/07\\\/foto-youre-ugly-too.jpg\",\"width\":1968,\"height\":1000},{\"@type\":\"BreadcrumbList\",\"@id\":\"https:\\\/\\\/www.revistarambla.com\\\/entre-los-dos-youre-ugly-too-2015\\\/#breadcrumb\",\"itemListElement\":[{\"@type\":\"ListItem\",\"position\":1,\"name\":\"Portada\",\"item\":\"https:\\\/\\\/www.revistarambla.com\\\/\"},{\"@type\":\"ListItem\",\"position\":2,\"name\":\"Entre los dos (You\u2019re ugly too, 2015)\"}]},{\"@type\":\"WebSite\",\"@id\":\"https:\\\/\\\/www.revistarambla.com\\\/#website\",\"url\":\"https:\\\/\\\/www.revistarambla.com\\\/\",\"name\":\"Revista Rambla Barcelona\",\"description\":\"Periodismo independiente\",\"publisher\":{\"@id\":\"https:\\\/\\\/www.revistarambla.com\\\/#organization\"},\"potentialAction\":[{\"@type\":\"SearchAction\",\"target\":{\"@type\":\"EntryPoint\",\"urlTemplate\":\"https:\\\/\\\/www.revistarambla.com\\\/?s={search_term_string}\"},\"query-input\":{\"@type\":\"PropertyValueSpecification\",\"valueRequired\":true,\"valueName\":\"search_term_string\"}}],\"inLanguage\":\"en-GB\"},{\"@type\":\"Organization\",\"@id\":\"https:\\\/\\\/www.revistarambla.com\\\/#organization\",\"name\":\"Revista Rambla\",\"url\":\"https:\\\/\\\/www.revistarambla.com\\\/\",\"logo\":{\"@type\":\"ImageObject\",\"inLanguage\":\"en-GB\",\"@id\":\"https:\\\/\\\/www.revistarambla.com\\\/#\\\/schema\\\/logo\\\/image\\\/\",\"url\":\"https:\\\/\\\/www.revistarambla.com\\\/wp-content\\\/uploads\\\/2020\\\/09\\\/banner_rambla_1900x600_BB.png\",\"contentUrl\":\"https:\\\/\\\/www.revistarambla.com\\\/wp-content\\\/uploads\\\/2020\\\/09\\\/banner_rambla_1900x600_BB.png\",\"width\":1900,\"height\":600,\"caption\":\"Revista Rambla\"},\"image\":{\"@id\":\"https:\\\/\\\/www.revistarambla.com\\\/#\\\/schema\\\/logo\\\/image\\\/\"},\"sameAs\":[\"https:\\\/\\\/www.facebook.com\\\/revistarambla\\\/\",\"https:\\\/\\\/x.com\\\/revistarambla\",\"https:\\\/\\\/www.instagram.com\\\/revista_rambla\",\"https:\\\/\\\/es.linkedin.com\\\/company\\\/revista-rambla\"]},{\"@type\":\"Person\",\"@id\":\"https:\\\/\\\/www.revistarambla.com\\\/#\\\/schema\\\/person\\\/3e95aac48c632310b49a7be0f7220cc6\",\"name\":\"Arturo Colado\",\"description\":\"Licenciado en Ciencias Pol\u00edticas y de la Administraci\u00f3n por la UAB.\",\"sameAs\":[\"https:\\\/\\\/es.linkedin.com\\\/in\\\/arturo-colado-386a3082\"]}]}<\/script>\n<!-- \/ Yoast SEO plugin. -->","yoast_head_json":{"title":"Entre los dos (You\u2019re ugly too, 2015) - Revista Rambla","robots":{"index":"index","follow":"follow","max-snippet":"max-snippet:-1","max-image-preview":"max-image-preview:large","max-video-preview":"max-video-preview:-1"},"canonical":"https:\/\/www.revistarambla.com\/en\/entre-los-dos-youre-ugly-too-2015\/","og_locale":"en_GB","og_type":"article","og_title":"Entre los dos (You\u2019re ugly too, 2015) - Revista Rambla","og_description":"La \u00f3pera prima de Mark Noonan, que llega a nuestro pa\u00eds con casi dos a\u00f1os de retraso, nos demuestra, en tan s\u00f3lo 82 minutos, que no es necesario ser original ni recargado si las cosas se cuentan bien y con cari\u00f1o. Un inicio sin palabras nos muestra a los dos [&hellip;]","og_url":"https:\/\/www.revistarambla.com\/en\/entre-los-dos-youre-ugly-too-2015\/","og_site_name":"Revista Rambla","article_publisher":"https:\/\/www.facebook.com\/revistarambla\/","article_published_time":"2017-07-10T17:55:01+00:00","article_modified_time":"2021-12-08T17:07:19+00:00","og_image":[{"width":1968,"height":1000,"url":"https:\/\/www.revistarambla.com\/wp-content\/uploads\/2017\/07\/foto-youre-ugly-too.jpg","type":"image\/jpeg"}],"author":"Arturo Colado","twitter_card":"summary_large_image","twitter_creator":"@revistarambla","twitter_site":"@revistarambla","twitter_misc":{"Written by":"Arturo Colado","Estimated reading time":"5 minutes"},"schema":{"@context":"https:\/\/schema.org","@graph":[{"@type":"Article","@id":"https:\/\/www.revistarambla.com\/entre-los-dos-youre-ugly-too-2015\/#article","isPartOf":{"@id":"https:\/\/www.revistarambla.com\/entre-los-dos-youre-ugly-too-2015\/"},"author":{"name":"Arturo Colado","@id":"https:\/\/www.revistarambla.com\/#\/schema\/person\/3e95aac48c632310b49a7be0f7220cc6"},"headline":"Entre los dos (You\u2019re ugly too, 2015)","datePublished":"2017-07-10T17:55:01+00:00","dateModified":"2021-12-08T17:07:19+00:00","mainEntityOfPage":{"@id":"https:\/\/www.revistarambla.com\/entre-los-dos-youre-ugly-too-2015\/"},"wordCount":945,"commentCount":0,"publisher":{"@id":"https:\/\/www.revistarambla.com\/#organization"},"image":{"@id":"https:\/\/www.revistarambla.com\/entre-los-dos-youre-ugly-too-2015\/#primaryimage"},"thumbnailUrl":"https:\/\/www.revistarambla.com\/wp-content\/uploads\/2017\/07\/foto-youre-ugly-too.jpg","articleSection":["Cine &amp; Series","Cultura"],"inLanguage":"en-GB","potentialAction":[{"@type":"CommentAction","name":"Comment","target":["https:\/\/www.revistarambla.com\/entre-los-dos-youre-ugly-too-2015\/#respond"]}]},{"@type":"WebPage","@id":"https:\/\/www.revistarambla.com\/entre-los-dos-youre-ugly-too-2015\/","url":"https:\/\/www.revistarambla.com\/entre-los-dos-youre-ugly-too-2015\/","name":"Entre los dos (You\u2019re ugly too, 2015) - Revista Rambla","isPartOf":{"@id":"https:\/\/www.revistarambla.com\/#website"},"primaryImageOfPage":{"@id":"https:\/\/www.revistarambla.com\/entre-los-dos-youre-ugly-too-2015\/#primaryimage"},"image":{"@id":"https:\/\/www.revistarambla.com\/entre-los-dos-youre-ugly-too-2015\/#primaryimage"},"thumbnailUrl":"https:\/\/www.revistarambla.com\/wp-content\/uploads\/2017\/07\/foto-youre-ugly-too.jpg","datePublished":"2017-07-10T17:55:01+00:00","dateModified":"2021-12-08T17:07:19+00:00","breadcrumb":{"@id":"https:\/\/www.revistarambla.com\/entre-los-dos-youre-ugly-too-2015\/#breadcrumb"},"inLanguage":"en-GB","potentialAction":[{"@type":"ReadAction","target":["https:\/\/www.revistarambla.com\/entre-los-dos-youre-ugly-too-2015\/"]}]},{"@type":"ImageObject","inLanguage":"en-GB","@id":"https:\/\/www.revistarambla.com\/entre-los-dos-youre-ugly-too-2015\/#primaryimage","url":"https:\/\/www.revistarambla.com\/wp-content\/uploads\/2017\/07\/foto-youre-ugly-too.jpg","contentUrl":"https:\/\/www.revistarambla.com\/wp-content\/uploads\/2017\/07\/foto-youre-ugly-too.jpg","width":1968,"height":1000},{"@type":"BreadcrumbList","@id":"https:\/\/www.revistarambla.com\/entre-los-dos-youre-ugly-too-2015\/#breadcrumb","itemListElement":[{"@type":"ListItem","position":1,"name":"Portada","item":"https:\/\/www.revistarambla.com\/"},{"@type":"ListItem","position":2,"name":"Entre los dos (You\u2019re ugly too, 2015)"}]},{"@type":"WebSite","@id":"https:\/\/www.revistarambla.com\/#website","url":"https:\/\/www.revistarambla.com\/","name":"Revista Rambla Barcelona","description":"Periodismo independiente","publisher":{"@id":"https:\/\/www.revistarambla.com\/#organization"},"potentialAction":[{"@type":"SearchAction","target":{"@type":"EntryPoint","urlTemplate":"https:\/\/www.revistarambla.com\/?s={search_term_string}"},"query-input":{"@type":"PropertyValueSpecification","valueRequired":true,"valueName":"search_term_string"}}],"inLanguage":"en-GB"},{"@type":"Organization","@id":"https:\/\/www.revistarambla.com\/#organization","name":"Revista Rambla","url":"https:\/\/www.revistarambla.com\/","logo":{"@type":"ImageObject","inLanguage":"en-GB","@id":"https:\/\/www.revistarambla.com\/#\/schema\/logo\/image\/","url":"https:\/\/www.revistarambla.com\/wp-content\/uploads\/2020\/09\/banner_rambla_1900x600_BB.png","contentUrl":"https:\/\/www.revistarambla.com\/wp-content\/uploads\/2020\/09\/banner_rambla_1900x600_BB.png","width":1900,"height":600,"caption":"Revista Rambla"},"image":{"@id":"https:\/\/www.revistarambla.com\/#\/schema\/logo\/image\/"},"sameAs":["https:\/\/www.facebook.com\/revistarambla\/","https:\/\/x.com\/revistarambla","https:\/\/www.instagram.com\/revista_rambla","https:\/\/es.linkedin.com\/company\/revista-rambla"]},{"@type":"Person","@id":"https:\/\/www.revistarambla.com\/#\/schema\/person\/3e95aac48c632310b49a7be0f7220cc6","name":"Arturo Colado","description":"Licenciado en Ciencias Pol\u00edticas y de la Administraci\u00f3n por la UAB.","sameAs":["https:\/\/es.linkedin.com\/in\/arturo-colado-386a3082"]}]}},"_links":{"self":[{"href":"https:\/\/www.revistarambla.com\/en\/wp-json\/wp\/v2\/posts\/13231","targetHints":{"allow":["GET"]}}],"collection":[{"href":"https:\/\/www.revistarambla.com\/en\/wp-json\/wp\/v2\/posts"}],"about":[{"href":"https:\/\/www.revistarambla.com\/en\/wp-json\/wp\/v2\/types\/post"}],"author":[{"embeddable":true,"href":"https:\/\/www.revistarambla.com\/en\/wp-json\/wp\/v2\/users\/38"}],"replies":[{"embeddable":true,"href":"https:\/\/www.revistarambla.com\/en\/wp-json\/wp\/v2\/comments?post=13231"}],"version-history":[{"count":0,"href":"https:\/\/www.revistarambla.com\/en\/wp-json\/wp\/v2\/posts\/13231\/revisions"}],"wp:featuredmedia":[{"embeddable":true,"href":"https:\/\/www.revistarambla.com\/en\/wp-json\/wp\/v2\/media\/13238"}],"wp:attachment":[{"href":"https:\/\/www.revistarambla.com\/en\/wp-json\/wp\/v2\/media?parent=13231"}],"wp:term":[{"taxonomy":"category","embeddable":true,"href":"https:\/\/www.revistarambla.com\/en\/wp-json\/wp\/v2\/categories?post=13231"},{"taxonomy":"post_tag","embeddable":true,"href":"https:\/\/www.revistarambla.com\/en\/wp-json\/wp\/v2\/tags?post=13231"}],"curies":[{"name":"wp","href":"https:\/\/api.w.org\/{rel}","templated":true}]}}