{"id":1316,"date":"2012-01-24T19:59:35","date_gmt":"2012-01-24T18:59:35","guid":{"rendered":"https:\/\/www.revistarambla.com\/pantalla-global\/"},"modified":"2021-12-28T18:56:59","modified_gmt":"2021-12-28T17:56:59","slug":"pantalla-global","status":"publish","type":"post","link":"https:\/\/www.revistarambla.com\/en\/pantalla-global\/","title":{"rendered":"Pantalla global"},"content":{"rendered":"<p>El Centro de Cultura Contempor\u00e1neo de Barcelona (CCCB) presenta la exposici\u00f3n Pantalla Global, del 24 de enero al 28 de mayo de 2012. La muestra est\u00e1 basada en el libro hom\u00f3nimo de Gilles Lipovetsky y Jean Serroy, comisarios de la exposici\u00f3n junto con Andr\u00e9s Hispano. El objetivo de esta exposici\u00f3n es ense\u00f1ar el poder que han obtenido las pantallas en todas sus versiones desde la creaci\u00f3n del cine. Gracias a los nuevos avances tecnol\u00f3gicos ha habido una proliferaci\u00f3n de pantallas influyendo en nuestra cultura y en nuestra forma de relacionarnos con el mundo. Jean Serroy asegura que se ha creado una \u201cnueva galaxia h\u00edpermoderna de pantallas\u201d y que ahora conocemos en mundo a trav\u00e9s de la pantalla y no con la experiencia personal. Incluso a\u00f1ade que la nueva \u201cbiblia\u201d es el Facebook\u00a0 y Youtube.<\/p>\n<p>Pantalla Global est\u00e1 estructurada en dos partes, la presencial y la virtual. En la parte presencial es donde el visitante puede venir al CCCB para ver la influencia de las pantallas en los diferentes \u00e1mbitos que han escogido Lipovetsky y Serroy como son las estrellas, historia, pol\u00edtica, deportes, publicidad, exceso, vigilancia y juego. Todo presentado en una gran tri-pantalla de 150 metros. La parte virtual se ha creado un entorno virtual paralelo a la exposici\u00f3n donde el usuario podr\u00e1 visitar esta exposici\u00f3n a trav\u00e9s de la pantalla del ordenador. La intenci\u00f3n es crear un paisaje medi\u00e1tico en transformaci\u00f3n profunda, un nuevo territorio donde el cine y la televisi\u00f3n ya no son los medios hegem\u00f3nicos.<\/p>\n<p><img decoding=\"async\" class=\"aligncenter\" src=\"https:\/\/www.revistarambla.com\/wp-content\/uploads\/2012\/01\/pantallita-300x168.jpg\" alt=\"\" width=\"700\" height=\"392\" \/><\/p>\n<p>A su mismo tiempo, la exposici\u00f3n presencial est\u00e1 basada en dos aspectos, la parte del campo que es la visi\u00f3n que tienen los comisarios sobre la influencia de las pantallas en el mundo h\u00edpermoderno y el contracampo creada por la visi\u00f3n que aportan alrededor de 170 v\u00eddeos elaborados por los mismos usuarios. Durante toda la presentaci\u00f3n de la muestra seguir\u00e1 abierta la posibilidad de que los espectadores puedan participar con sus v\u00eddeos.<\/p>\n<p>Esta exposici\u00f3n es la segunda fase de un proyecto que empez\u00f3 el pasado 1 de Octubre con la activaci\u00f3n de la plataforma virtual de Pantalla Global. El objetivo era dar a conocer el trabajo de incubaci\u00f3n del proyecto expositivo, aportar ideas, textos, bibliograf\u00eda y sobre todo conseguir la participaci\u00f3n activa de los usuarios mediante el env\u00edo de v\u00eddeos para poder crear el contracampo. Pantalla Global continuar\u00e1 con una tercera fase con la creaci\u00f3n de un archivo que permita registrar la evoluci\u00f3n conceptual y formal del proyecto.<\/p>","protected":false},"excerpt":{"rendered":"<p>El Centro de Cultura Contempor\u00e1neo de Barcelona (CCCB) presenta la exposici\u00f3n Pantalla Global, del 24 de enero al 28 de mayo de 2012. La muestra est\u00e1 basada en el libro hom\u00f3nimo de Gilles Lipovetsky y Jean Serroy, comisarios de la exposici\u00f3n junto con Andr\u00e9s Hispano. El objetivo de esta exposici\u00f3n [&hellip;]<\/p>\n","protected":false},"author":84,"featured_media":31873,"comment_status":"open","ping_status":"open","sticky":false,"template":"","format":"standard","meta":{"footnotes":""},"categories":[4],"tags":[],"class_list":["post-1316","post","type-post","status-publish","format-standard","has-post-thumbnail","hentry","category-cultura"],"yoast_head":"<!-- This site is optimized with the Yoast SEO plugin v27.5 - https:\/\/yoast.com\/product\/yoast-seo-wordpress\/ -->\n<title>Pantalla global - Revista Rambla<\/title>\n<meta name=\"robots\" content=\"index, follow, max-snippet:-1, max-image-preview:large, max-video-preview:-1\" \/>\n<link rel=\"canonical\" href=\"https:\/\/www.revistarambla.com\/en\/pantalla-global\/\" \/>\n<meta property=\"og:locale\" content=\"en_GB\" \/>\n<meta property=\"og:type\" content=\"article\" \/>\n<meta property=\"og:title\" content=\"Pantalla global - Revista Rambla\" \/>\n<meta property=\"og:description\" content=\"El Centro de Cultura Contempor\u00e1neo de Barcelona (CCCB) presenta la exposici\u00f3n Pantalla Global, del 24 de enero al 28 de mayo de 2012. La muestra est\u00e1 basada en el libro hom\u00f3nimo de Gilles Lipovetsky y Jean Serroy, comisarios de la exposici\u00f3n junto con Andr\u00e9s Hispano. El objetivo de esta exposici\u00f3n [&hellip;]\" \/>\n<meta property=\"og:url\" content=\"https:\/\/www.revistarambla.com\/en\/pantalla-global\/\" \/>\n<meta property=\"og:site_name\" content=\"Revista Rambla\" \/>\n<meta property=\"article:publisher\" content=\"https:\/\/www.facebook.com\/revistarambla\/\" \/>\n<meta property=\"article:author\" content=\"https:\/\/www.facebook.com\/pau.marmana\" \/>\n<meta property=\"article:published_time\" content=\"2012-01-24T18:59:35+00:00\" \/>\n<meta property=\"article:modified_time\" content=\"2021-12-28T17:56:59+00:00\" \/>\n<meta property=\"og:image\" content=\"https:\/\/www.revistarambla.com\/wp-content\/uploads\/2012\/01\/pantallita.jpg\" \/>\n\t<meta property=\"og:image:width\" content=\"1000\" \/>\n\t<meta property=\"og:image:height\" content=\"560\" \/>\n\t<meta property=\"og:image:type\" content=\"image\/jpeg\" \/>\n<meta name=\"author\" content=\"Pau Marma\u00f1a Mezquita\" \/>\n<meta name=\"twitter:card\" content=\"summary_large_image\" \/>\n<meta name=\"twitter:creator\" content=\"@revistarambla\" \/>\n<meta name=\"twitter:site\" content=\"@revistarambla\" \/>\n<meta name=\"twitter:label1\" content=\"Written by\" \/>\n\t<meta name=\"twitter:data1\" content=\"Pau Marma\u00f1a Mezquita\" \/>\n\t<meta name=\"twitter:label2\" content=\"Estimated reading time\" \/>\n\t<meta name=\"twitter:data2\" content=\"2 minutes\" \/>\n<script type=\"application\/ld+json\" class=\"yoast-schema-graph\">{\"@context\":\"https:\\\/\\\/schema.org\",\"@graph\":[{\"@type\":\"Article\",\"@id\":\"https:\\\/\\\/www.revistarambla.com\\\/pantalla-global\\\/#article\",\"isPartOf\":{\"@id\":\"https:\\\/\\\/www.revistarambla.com\\\/pantalla-global\\\/\"},\"author\":{\"name\":\"Pau Marma\u00f1a Mezquita\",\"@id\":\"https:\\\/\\\/www.revistarambla.com\\\/#\\\/schema\\\/person\\\/fff6a692cd5586127025779521866f03\"},\"headline\":\"Pantalla global\",\"datePublished\":\"2012-01-24T18:59:35+00:00\",\"dateModified\":\"2021-12-28T17:56:59+00:00\",\"mainEntityOfPage\":{\"@id\":\"https:\\\/\\\/www.revistarambla.com\\\/pantalla-global\\\/\"},\"wordCount\":440,\"commentCount\":0,\"publisher\":{\"@id\":\"https:\\\/\\\/www.revistarambla.com\\\/#organization\"},\"image\":{\"@id\":\"https:\\\/\\\/www.revistarambla.com\\\/pantalla-global\\\/#primaryimage\"},\"thumbnailUrl\":\"https:\\\/\\\/www.revistarambla.com\\\/wp-content\\\/uploads\\\/2012\\\/01\\\/pantallita.jpg\",\"articleSection\":[\"Cultura\"],\"inLanguage\":\"en-GB\",\"potentialAction\":[{\"@type\":\"CommentAction\",\"name\":\"Comment\",\"target\":[\"https:\\\/\\\/www.revistarambla.com\\\/pantalla-global\\\/#respond\"]}]},{\"@type\":\"WebPage\",\"@id\":\"https:\\\/\\\/www.revistarambla.com\\\/pantalla-global\\\/\",\"url\":\"https:\\\/\\\/www.revistarambla.com\\\/pantalla-global\\\/\",\"name\":\"Pantalla global - Revista Rambla\",\"isPartOf\":{\"@id\":\"https:\\\/\\\/www.revistarambla.com\\\/#website\"},\"primaryImageOfPage\":{\"@id\":\"https:\\\/\\\/www.revistarambla.com\\\/pantalla-global\\\/#primaryimage\"},\"image\":{\"@id\":\"https:\\\/\\\/www.revistarambla.com\\\/pantalla-global\\\/#primaryimage\"},\"thumbnailUrl\":\"https:\\\/\\\/www.revistarambla.com\\\/wp-content\\\/uploads\\\/2012\\\/01\\\/pantallita.jpg\",\"datePublished\":\"2012-01-24T18:59:35+00:00\",\"dateModified\":\"2021-12-28T17:56:59+00:00\",\"breadcrumb\":{\"@id\":\"https:\\\/\\\/www.revistarambla.com\\\/pantalla-global\\\/#breadcrumb\"},\"inLanguage\":\"en-GB\",\"potentialAction\":[{\"@type\":\"ReadAction\",\"target\":[\"https:\\\/\\\/www.revistarambla.com\\\/pantalla-global\\\/\"]}]},{\"@type\":\"ImageObject\",\"inLanguage\":\"en-GB\",\"@id\":\"https:\\\/\\\/www.revistarambla.com\\\/pantalla-global\\\/#primaryimage\",\"url\":\"https:\\\/\\\/www.revistarambla.com\\\/wp-content\\\/uploads\\\/2012\\\/01\\\/pantallita.jpg\",\"contentUrl\":\"https:\\\/\\\/www.revistarambla.com\\\/wp-content\\\/uploads\\\/2012\\\/01\\\/pantallita.jpg\",\"width\":1000,\"height\":560},{\"@type\":\"BreadcrumbList\",\"@id\":\"https:\\\/\\\/www.revistarambla.com\\\/pantalla-global\\\/#breadcrumb\",\"itemListElement\":[{\"@type\":\"ListItem\",\"position\":1,\"name\":\"Portada\",\"item\":\"https:\\\/\\\/www.revistarambla.com\\\/\"},{\"@type\":\"ListItem\",\"position\":2,\"name\":\"Pantalla global\"}]},{\"@type\":\"WebSite\",\"@id\":\"https:\\\/\\\/www.revistarambla.com\\\/#website\",\"url\":\"https:\\\/\\\/www.revistarambla.com\\\/\",\"name\":\"Revista Rambla Barcelona\",\"description\":\"Periodismo independiente\",\"publisher\":{\"@id\":\"https:\\\/\\\/www.revistarambla.com\\\/#organization\"},\"potentialAction\":[{\"@type\":\"SearchAction\",\"target\":{\"@type\":\"EntryPoint\",\"urlTemplate\":\"https:\\\/\\\/www.revistarambla.com\\\/?s={search_term_string}\"},\"query-input\":{\"@type\":\"PropertyValueSpecification\",\"valueRequired\":true,\"valueName\":\"search_term_string\"}}],\"inLanguage\":\"en-GB\"},{\"@type\":\"Organization\",\"@id\":\"https:\\\/\\\/www.revistarambla.com\\\/#organization\",\"name\":\"Revista Rambla\",\"url\":\"https:\\\/\\\/www.revistarambla.com\\\/\",\"logo\":{\"@type\":\"ImageObject\",\"inLanguage\":\"en-GB\",\"@id\":\"https:\\\/\\\/www.revistarambla.com\\\/#\\\/schema\\\/logo\\\/image\\\/\",\"url\":\"https:\\\/\\\/www.revistarambla.com\\\/wp-content\\\/uploads\\\/2020\\\/09\\\/banner_rambla_1900x600_BB.png\",\"contentUrl\":\"https:\\\/\\\/www.revistarambla.com\\\/wp-content\\\/uploads\\\/2020\\\/09\\\/banner_rambla_1900x600_BB.png\",\"width\":1900,\"height\":600,\"caption\":\"Revista Rambla\"},\"image\":{\"@id\":\"https:\\\/\\\/www.revistarambla.com\\\/#\\\/schema\\\/logo\\\/image\\\/\"},\"sameAs\":[\"https:\\\/\\\/www.facebook.com\\\/revistarambla\\\/\",\"https:\\\/\\\/x.com\\\/revistarambla\",\"https:\\\/\\\/www.instagram.com\\\/revista_rambla\",\"https:\\\/\\\/es.linkedin.com\\\/company\\\/revista-rambla\"]},{\"@type\":\"Person\",\"@id\":\"https:\\\/\\\/www.revistarambla.com\\\/#\\\/schema\\\/person\\\/fff6a692cd5586127025779521866f03\",\"name\":\"Pau Marma\u00f1a Mezquita\",\"description\":\"Periodista vinarocense\u200b.\",\"sameAs\":[\"https:\\\/\\\/www.facebook.com\\\/pau.marmana\",\"https:\\\/\\\/www.instagram.com\\\/pauet82\\\/?hl=es\"]}]}<\/script>\n<!-- \/ Yoast SEO plugin. -->","yoast_head_json":{"title":"Pantalla global - Revista Rambla","robots":{"index":"index","follow":"follow","max-snippet":"max-snippet:-1","max-image-preview":"max-image-preview:large","max-video-preview":"max-video-preview:-1"},"canonical":"https:\/\/www.revistarambla.com\/en\/pantalla-global\/","og_locale":"en_GB","og_type":"article","og_title":"Pantalla global - Revista Rambla","og_description":"El Centro de Cultura Contempor\u00e1neo de Barcelona (CCCB) presenta la exposici\u00f3n Pantalla Global, del 24 de enero al 28 de mayo de 2012. La muestra est\u00e1 basada en el libro hom\u00f3nimo de Gilles Lipovetsky y Jean Serroy, comisarios de la exposici\u00f3n junto con Andr\u00e9s Hispano. El objetivo de esta exposici\u00f3n [&hellip;]","og_url":"https:\/\/www.revistarambla.com\/en\/pantalla-global\/","og_site_name":"Revista Rambla","article_publisher":"https:\/\/www.facebook.com\/revistarambla\/","article_author":"https:\/\/www.facebook.com\/pau.marmana","article_published_time":"2012-01-24T18:59:35+00:00","article_modified_time":"2021-12-28T17:56:59+00:00","og_image":[{"width":1000,"height":560,"url":"https:\/\/www.revistarambla.com\/wp-content\/uploads\/2012\/01\/pantallita.jpg","type":"image\/jpeg"}],"author":"Pau Marma\u00f1a Mezquita","twitter_card":"summary_large_image","twitter_creator":"@revistarambla","twitter_site":"@revistarambla","twitter_misc":{"Written by":"Pau Marma\u00f1a Mezquita","Estimated reading time":"2 minutes"},"schema":{"@context":"https:\/\/schema.org","@graph":[{"@type":"Article","@id":"https:\/\/www.revistarambla.com\/pantalla-global\/#article","isPartOf":{"@id":"https:\/\/www.revistarambla.com\/pantalla-global\/"},"author":{"name":"Pau Marma\u00f1a Mezquita","@id":"https:\/\/www.revistarambla.com\/#\/schema\/person\/fff6a692cd5586127025779521866f03"},"headline":"Pantalla global","datePublished":"2012-01-24T18:59:35+00:00","dateModified":"2021-12-28T17:56:59+00:00","mainEntityOfPage":{"@id":"https:\/\/www.revistarambla.com\/pantalla-global\/"},"wordCount":440,"commentCount":0,"publisher":{"@id":"https:\/\/www.revistarambla.com\/#organization"},"image":{"@id":"https:\/\/www.revistarambla.com\/pantalla-global\/#primaryimage"},"thumbnailUrl":"https:\/\/www.revistarambla.com\/wp-content\/uploads\/2012\/01\/pantallita.jpg","articleSection":["Cultura"],"inLanguage":"en-GB","potentialAction":[{"@type":"CommentAction","name":"Comment","target":["https:\/\/www.revistarambla.com\/pantalla-global\/#respond"]}]},{"@type":"WebPage","@id":"https:\/\/www.revistarambla.com\/pantalla-global\/","url":"https:\/\/www.revistarambla.com\/pantalla-global\/","name":"Pantalla global - Revista Rambla","isPartOf":{"@id":"https:\/\/www.revistarambla.com\/#website"},"primaryImageOfPage":{"@id":"https:\/\/www.revistarambla.com\/pantalla-global\/#primaryimage"},"image":{"@id":"https:\/\/www.revistarambla.com\/pantalla-global\/#primaryimage"},"thumbnailUrl":"https:\/\/www.revistarambla.com\/wp-content\/uploads\/2012\/01\/pantallita.jpg","datePublished":"2012-01-24T18:59:35+00:00","dateModified":"2021-12-28T17:56:59+00:00","breadcrumb":{"@id":"https:\/\/www.revistarambla.com\/pantalla-global\/#breadcrumb"},"inLanguage":"en-GB","potentialAction":[{"@type":"ReadAction","target":["https:\/\/www.revistarambla.com\/pantalla-global\/"]}]},{"@type":"ImageObject","inLanguage":"en-GB","@id":"https:\/\/www.revistarambla.com\/pantalla-global\/#primaryimage","url":"https:\/\/www.revistarambla.com\/wp-content\/uploads\/2012\/01\/pantallita.jpg","contentUrl":"https:\/\/www.revistarambla.com\/wp-content\/uploads\/2012\/01\/pantallita.jpg","width":1000,"height":560},{"@type":"BreadcrumbList","@id":"https:\/\/www.revistarambla.com\/pantalla-global\/#breadcrumb","itemListElement":[{"@type":"ListItem","position":1,"name":"Portada","item":"https:\/\/www.revistarambla.com\/"},{"@type":"ListItem","position":2,"name":"Pantalla global"}]},{"@type":"WebSite","@id":"https:\/\/www.revistarambla.com\/#website","url":"https:\/\/www.revistarambla.com\/","name":"Revista Rambla Barcelona","description":"Periodismo independiente","publisher":{"@id":"https:\/\/www.revistarambla.com\/#organization"},"potentialAction":[{"@type":"SearchAction","target":{"@type":"EntryPoint","urlTemplate":"https:\/\/www.revistarambla.com\/?s={search_term_string}"},"query-input":{"@type":"PropertyValueSpecification","valueRequired":true,"valueName":"search_term_string"}}],"inLanguage":"en-GB"},{"@type":"Organization","@id":"https:\/\/www.revistarambla.com\/#organization","name":"Revista Rambla","url":"https:\/\/www.revistarambla.com\/","logo":{"@type":"ImageObject","inLanguage":"en-GB","@id":"https:\/\/www.revistarambla.com\/#\/schema\/logo\/image\/","url":"https:\/\/www.revistarambla.com\/wp-content\/uploads\/2020\/09\/banner_rambla_1900x600_BB.png","contentUrl":"https:\/\/www.revistarambla.com\/wp-content\/uploads\/2020\/09\/banner_rambla_1900x600_BB.png","width":1900,"height":600,"caption":"Revista Rambla"},"image":{"@id":"https:\/\/www.revistarambla.com\/#\/schema\/logo\/image\/"},"sameAs":["https:\/\/www.facebook.com\/revistarambla\/","https:\/\/x.com\/revistarambla","https:\/\/www.instagram.com\/revista_rambla","https:\/\/es.linkedin.com\/company\/revista-rambla"]},{"@type":"Person","@id":"https:\/\/www.revistarambla.com\/#\/schema\/person\/fff6a692cd5586127025779521866f03","name":"Pau Marma\u00f1a Mezquita","description":"Periodista vinarocense\u200b.","sameAs":["https:\/\/www.facebook.com\/pau.marmana","https:\/\/www.instagram.com\/pauet82\/?hl=es"]}]}},"_links":{"self":[{"href":"https:\/\/www.revistarambla.com\/en\/wp-json\/wp\/v2\/posts\/1316","targetHints":{"allow":["GET"]}}],"collection":[{"href":"https:\/\/www.revistarambla.com\/en\/wp-json\/wp\/v2\/posts"}],"about":[{"href":"https:\/\/www.revistarambla.com\/en\/wp-json\/wp\/v2\/types\/post"}],"author":[{"embeddable":true,"href":"https:\/\/www.revistarambla.com\/en\/wp-json\/wp\/v2\/users\/84"}],"replies":[{"embeddable":true,"href":"https:\/\/www.revistarambla.com\/en\/wp-json\/wp\/v2\/comments?post=1316"}],"version-history":[{"count":0,"href":"https:\/\/www.revistarambla.com\/en\/wp-json\/wp\/v2\/posts\/1316\/revisions"}],"wp:featuredmedia":[{"embeddable":true,"href":"https:\/\/www.revistarambla.com\/en\/wp-json\/wp\/v2\/media\/31873"}],"wp:attachment":[{"href":"https:\/\/www.revistarambla.com\/en\/wp-json\/wp\/v2\/media?parent=1316"}],"wp:term":[{"taxonomy":"category","embeddable":true,"href":"https:\/\/www.revistarambla.com\/en\/wp-json\/wp\/v2\/categories?post=1316"},{"taxonomy":"post_tag","embeddable":true,"href":"https:\/\/www.revistarambla.com\/en\/wp-json\/wp\/v2\/tags?post=1316"}],"curies":[{"name":"wp","href":"https:\/\/api.w.org\/{rel}","templated":true}]}}