{"id":1315,"date":"2012-01-24T08:04:17","date_gmt":"2012-01-24T07:04:17","guid":{"rendered":"https:\/\/www.revistarambla.com\/el-machismo-que-no-cesa\/"},"modified":"2022-09-15T18:03:41","modified_gmt":"2022-09-15T16:03:41","slug":"el-machismo-que-no-cesa","status":"publish","type":"post","link":"https:\/\/www.revistarambla.com\/en\/el-machismo-que-no-cesa\/","title":{"rendered":"El machismo que no cesa"},"content":{"rendered":"<p>En Barcelona, su patria y la m\u00eda,\u00a0 el 9 de diciembre pasado, el Secretario de Familia del Departament de Benestar Social i Familia de la Generalitat de Catalunya D. Ram\u00f3n Terrassa inaugur\u00f3 un simposium de la Asociaci\u00f3n ACAPASE, la Asociaci\u00f3n Catalana de Padres Separados, con el falso y camel\u00edstico t\u00edtulo de Primer Simposium de Violencia Familiar.<\/p>\n<p>El se\u00f1or Terrassa\u00a0 inaugur\u00f3 el acto con toda normalidad, como si se tratase de un congreso de expertos dispuestos a debatir seriamente la mayor lacra social que padecemos en toda Espa\u00f1a, la violencia contra las mujeres. M\u00e1s tarde se sentar\u00eda en la misma silla y a la misma mesa el juez Serrano de Sevilla, que ha logrado ser algo famoso gracias a su defensa de los maltratadores de mujeres, a los que considera v\u00edctimas de denuncias falsas. Por prevaricar en una resoluci\u00f3n de un proceso de familia ha sido condenado por el Consejo General del Poder Judicial. Sus argumentos son conocidos en el \u00e1mbito del feminismo y de los medios de comunicaci\u00f3n, especialmente televisivos, siempre tan proclives a dar pantalla y voz a los defensores de la teor\u00eda de las falsas denuncias por maltrato. Este ilustre juez se ha convertido en portavoz de la campa\u00f1a orquestada por las asociaciones de hombres- la mayor\u00eda de cuyos asociados han sido condenados por apalear a su esposa o a su novia- asegurando que las estad\u00edsticas oficiales de los cr\u00edmenes machistas est\u00e1n ama\u00f1adas por los grupos feministas, que las denuncias de malos tratos son falsas y que los hombres son v\u00edctimas de la conspiraci\u00f3n de las \u201cfeminazis\u201d como denominan a los movimientos feministas.\u00a0 Supongo que utilizan esta terminolog\u00eda porque los nazis son ellos.<\/p>\n<p>Lo m\u00e1s escandaloso del acontecimiento no es que el se\u00f1or Serrano siga en su puesto de juez, dictando resoluciones, ni que las asociaciones de esos \u201cnazis\u201d organicen simposiums -no sabemos con que financiaci\u00f3n-, sino que el representante institucional de la Generalitat, en el \u00e1mbito de estas competencias, les de la bienvenida, abra oficialmente el acto, y la ponente del Departament de Interior, la Coordinadora General de Soporte a la V\u00edctima, Sra. Alba Alfageme, escuche con atenci\u00f3n la diatriba del se\u00f1or Serrano sobre el sometimiento y la persecuci\u00f3n a que \u201cest\u00e1n sometidos los magistrados que no comulgan con la ideolog\u00eda de g\u00e9nero del feminismo m\u00e1s radical\u201d, vertida en su presencia p\u00fablicamente.<\/p>\n<p>La Gaceta, que nos informa triunfalmente del acontecimiento, con el mismo entusiasmo con que lo haria de un Congreso del Ku-Kux-Klan, nos dice que el simposium pretende ofrecer una visi\u00f3n de la Violencia Familiar en sus m\u00faltiples direcciones m\u00e1s realista que el punto de vista exclusivamente femenino, y cuenta que cerr\u00f3 la Jornada Julio Bronchal, psic\u00f3logo Forense experto en dict\u00e1menes de familias conflictivas \u201cquien tambi\u00e9n es muy cr\u00edtico con el delirio al que nos llevan las pol\u00edticas de familia\u201d. Este psic\u00f3logo, autonombrado experto, ha sido a su vez condenado por violencia de g\u00e9nero y malos tratos.<\/p>\n<p>Como organizador principal, naturalmente, el se\u00f1or Angel Ant\u00f3n Llapart, Presidente de la Confederaci\u00f3n de Asociaciones de Padres Separados, que repiti\u00f3 los argumentos que se han convertido ya en un mantra de esas asociaciones, que los hombres est\u00e1n discriminados al pedir la custodia compartida. Los participantes, que comparten varias sentencias por malos tratos a mujeres, \u00a0negaron los datos oficiales de femicidios y malos tratos, por lo que se prestaron a colaborar \u00abcomo ya hab\u00edan hablado con ambos directores generales de la Generalitat\u00bb en realizar dichas encuestas. Como ven han sido muy bien recibidos en Catalunya.<\/p>\n<p>El simposio fue un \u00e9xito del machismo, aunque s\u00f3lo acudieron 30 personas. Los participantes se dedicaron a calumniar y a verter infundios contra las mujeres, y se enfrentaron agresivamente a la se\u00f1ora Alfageme por no dar datos de los hombres maltratados y asesinados a manos de sus mujeres (seg\u00fan ellos son un 60% de los asesinados). Incluso un participante, reconociendo haber sido condenado y haber estado en la c\u00e1rcel por violencia machista, pidi\u00f3 m\u00e1s justicia y seriedad en los datos, porque seg\u00fan \u00e9l \u00abhay muchos hombres en su situaci\u00f3n\u00bb.<\/p>\n<p>Lo m\u00e1s grave de todo es que la Generalitat ha estado desde el principio dando apoyo organizativo a todo el simposio, ha cedido su logo, ha enviado ponentes de varios departamentos, lo ha publicitado en su web, y ha abierto el acto con uno de sus m\u00e1ximos representantes.<\/p>\n<p>Dado que el Departament de Familia tiene entre sus competencias la lucha contra la violencia de g\u00e9nero, y la gesti\u00f3n del Institut Catal\u00e0 de les Dones, \u00bfPuede uno de su m\u00e1ximos representantes sentarse delante de una pancarta de la Asociaci\u00f3n ACAPASE, que defiende que la mayor\u00eda de denuncias por violencia de g\u00e9nero y de abusos a menores son falsas, y que cree que las leyes que debe defender el propio Departament son \u00abhechas por feminazis\u201d?<\/p>\n<p>Sab\u00edamos que con el cambio pol\u00edtico en Catalunya cambiar\u00eda tambi\u00e9n el talante del anterior gobierno, pero lo que no pod\u00edamos esperar es que los responsables de la protecci\u00f3n y seguridad de las mujeres acogieran amablemente a sus maltratadores y les dieran foros y espacios para hacer apolog\u00eda de la violencia machista. Lo que difundieron en esa jornada los de ACAPASE, en otros pa\u00edses m\u00e1s civilizados, hubiera sido un delito de odio sexista.<\/p>","protected":false},"excerpt":{"rendered":"<p>En Barcelona, su patria y la m\u00eda,\u00a0 el 9 de diciembre pasado, el Secretario de Familia del Departament de Benestar Social i Familia de la Generalitat de Catalunya D. Ram\u00f3n Terrassa inaugur\u00f3 un simposium de la Asociaci\u00f3n ACAPASE, la Asociaci\u00f3n Catalana de Padres Separados, con el falso y camel\u00edstico t\u00edtulo [&hellip;]<\/p>\n","protected":false},"author":195,"featured_media":3467,"comment_status":"open","ping_status":"open","sticky":false,"template":"","format":"standard","meta":{"footnotes":""},"categories":[72],"tags":[],"class_list":["post-1315","post","type-post","status-publish","format-standard","has-post-thumbnail","hentry","category-opinion"],"yoast_head":"<!-- This site is optimized with the Yoast SEO plugin v27.5 - https:\/\/yoast.com\/product\/yoast-seo-wordpress\/ -->\n<title>El machismo que no cesa - Revista Rambla<\/title>\n<meta name=\"robots\" content=\"index, follow, max-snippet:-1, max-image-preview:large, max-video-preview:-1\" \/>\n<link rel=\"canonical\" href=\"https:\/\/www.revistarambla.com\/en\/el-machismo-que-no-cesa\/\" \/>\n<meta property=\"og:locale\" content=\"en_GB\" \/>\n<meta property=\"og:type\" content=\"article\" \/>\n<meta property=\"og:title\" content=\"El machismo que no cesa - Revista Rambla\" \/>\n<meta property=\"og:description\" content=\"En Barcelona, su patria y la m\u00eda,\u00a0 el 9 de diciembre pasado, el Secretario de Familia del Departament de Benestar Social i Familia de la Generalitat de Catalunya D. Ram\u00f3n Terrassa inaugur\u00f3 un simposium de la Asociaci\u00f3n ACAPASE, la Asociaci\u00f3n Catalana de Padres Separados, con el falso y camel\u00edstico t\u00edtulo [&hellip;]\" \/>\n<meta property=\"og:url\" content=\"https:\/\/www.revistarambla.com\/en\/el-machismo-que-no-cesa\/\" \/>\n<meta property=\"og:site_name\" content=\"Revista Rambla\" \/>\n<meta property=\"article:publisher\" content=\"https:\/\/www.facebook.com\/revistarambla\/\" \/>\n<meta property=\"article:author\" content=\"https:\/\/www.facebook.com\/LidiaFalconONeill\" \/>\n<meta property=\"article:published_time\" content=\"2012-01-24T07:04:17+00:00\" \/>\n<meta property=\"article:modified_time\" content=\"2022-09-15T16:03:41+00:00\" \/>\n<meta property=\"og:image\" content=\"https:\/\/www.revistarambla.com\/wp-content\/uploads\/2013\/06\/LIBRO%20LIDIA%20FALCON0_02.jpg\" \/>\n\t<meta property=\"og:image:width\" content=\"700\" \/>\n\t<meta property=\"og:image:height\" content=\"401\" \/>\n\t<meta property=\"og:image:type\" content=\"image\/jpeg\" \/>\n<meta name=\"author\" content=\"Lidia Falc\u00f3n O&#039;Neill\" \/>\n<meta name=\"twitter:card\" content=\"summary_large_image\" \/>\n<meta name=\"twitter:creator\" content=\"@lidiafalconone1\" \/>\n<meta name=\"twitter:site\" content=\"@revistarambla\" \/>\n<meta name=\"twitter:label1\" content=\"Written by\" \/>\n\t<meta name=\"twitter:data1\" content=\"Lidia Falc\u00f3n O&#039;Neill\" \/>\n\t<meta name=\"twitter:label2\" content=\"Estimated reading time\" \/>\n\t<meta name=\"twitter:data2\" content=\"4 minutes\" \/>\n<script type=\"application\/ld+json\" class=\"yoast-schema-graph\">{\"@context\":\"https:\\\/\\\/schema.org\",\"@graph\":[{\"@type\":\"Article\",\"@id\":\"https:\\\/\\\/www.revistarambla.com\\\/el-machismo-que-no-cesa\\\/#article\",\"isPartOf\":{\"@id\":\"https:\\\/\\\/www.revistarambla.com\\\/el-machismo-que-no-cesa\\\/\"},\"author\":{\"name\":\"Lidia Falc\u00f3n O'Neill\",\"@id\":\"https:\\\/\\\/www.revistarambla.com\\\/#\\\/schema\\\/person\\\/392779b85580130e6e8571537676d3dd\"},\"headline\":\"El machismo que no cesa\",\"datePublished\":\"2012-01-24T07:04:17+00:00\",\"dateModified\":\"2022-09-15T16:03:41+00:00\",\"mainEntityOfPage\":{\"@id\":\"https:\\\/\\\/www.revistarambla.com\\\/el-machismo-que-no-cesa\\\/\"},\"wordCount\":935,\"commentCount\":0,\"publisher\":{\"@id\":\"https:\\\/\\\/www.revistarambla.com\\\/#organization\"},\"image\":{\"@id\":\"https:\\\/\\\/www.revistarambla.com\\\/el-machismo-que-no-cesa\\\/#primaryimage\"},\"thumbnailUrl\":\"https:\\\/\\\/www.revistarambla.com\\\/wp-content\\\/uploads\\\/2013\\\/06\\\/LIBRO LIDIA FALCON0_02.jpg\",\"articleSection\":[\"Opiniones\"],\"inLanguage\":\"en-GB\",\"potentialAction\":[{\"@type\":\"CommentAction\",\"name\":\"Comment\",\"target\":[\"https:\\\/\\\/www.revistarambla.com\\\/el-machismo-que-no-cesa\\\/#respond\"]}]},{\"@type\":\"WebPage\",\"@id\":\"https:\\\/\\\/www.revistarambla.com\\\/el-machismo-que-no-cesa\\\/\",\"url\":\"https:\\\/\\\/www.revistarambla.com\\\/el-machismo-que-no-cesa\\\/\",\"name\":\"El machismo que no cesa - Revista Rambla\",\"isPartOf\":{\"@id\":\"https:\\\/\\\/www.revistarambla.com\\\/#website\"},\"primaryImageOfPage\":{\"@id\":\"https:\\\/\\\/www.revistarambla.com\\\/el-machismo-que-no-cesa\\\/#primaryimage\"},\"image\":{\"@id\":\"https:\\\/\\\/www.revistarambla.com\\\/el-machismo-que-no-cesa\\\/#primaryimage\"},\"thumbnailUrl\":\"https:\\\/\\\/www.revistarambla.com\\\/wp-content\\\/uploads\\\/2013\\\/06\\\/LIBRO LIDIA FALCON0_02.jpg\",\"datePublished\":\"2012-01-24T07:04:17+00:00\",\"dateModified\":\"2022-09-15T16:03:41+00:00\",\"breadcrumb\":{\"@id\":\"https:\\\/\\\/www.revistarambla.com\\\/el-machismo-que-no-cesa\\\/#breadcrumb\"},\"inLanguage\":\"en-GB\",\"potentialAction\":[{\"@type\":\"ReadAction\",\"target\":[\"https:\\\/\\\/www.revistarambla.com\\\/el-machismo-que-no-cesa\\\/\"]}]},{\"@type\":\"ImageObject\",\"inLanguage\":\"en-GB\",\"@id\":\"https:\\\/\\\/www.revistarambla.com\\\/el-machismo-que-no-cesa\\\/#primaryimage\",\"url\":\"https:\\\/\\\/www.revistarambla.com\\\/wp-content\\\/uploads\\\/2013\\\/06\\\/LIBRO LIDIA FALCON0_02.jpg\",\"contentUrl\":\"https:\\\/\\\/www.revistarambla.com\\\/wp-content\\\/uploads\\\/2013\\\/06\\\/LIBRO LIDIA FALCON0_02.jpg\",\"width\":700,\"height\":401,\"caption\":\"alt\"},{\"@type\":\"BreadcrumbList\",\"@id\":\"https:\\\/\\\/www.revistarambla.com\\\/el-machismo-que-no-cesa\\\/#breadcrumb\",\"itemListElement\":[{\"@type\":\"ListItem\",\"position\":1,\"name\":\"Portada\",\"item\":\"https:\\\/\\\/www.revistarambla.com\\\/\"},{\"@type\":\"ListItem\",\"position\":2,\"name\":\"El machismo que no cesa\"}]},{\"@type\":\"WebSite\",\"@id\":\"https:\\\/\\\/www.revistarambla.com\\\/#website\",\"url\":\"https:\\\/\\\/www.revistarambla.com\\\/\",\"name\":\"Revista Rambla Barcelona\",\"description\":\"Periodismo independiente\",\"publisher\":{\"@id\":\"https:\\\/\\\/www.revistarambla.com\\\/#organization\"},\"potentialAction\":[{\"@type\":\"SearchAction\",\"target\":{\"@type\":\"EntryPoint\",\"urlTemplate\":\"https:\\\/\\\/www.revistarambla.com\\\/?s={search_term_string}\"},\"query-input\":{\"@type\":\"PropertyValueSpecification\",\"valueRequired\":true,\"valueName\":\"search_term_string\"}}],\"inLanguage\":\"en-GB\"},{\"@type\":\"Organization\",\"@id\":\"https:\\\/\\\/www.revistarambla.com\\\/#organization\",\"name\":\"Revista Rambla\",\"url\":\"https:\\\/\\\/www.revistarambla.com\\\/\",\"logo\":{\"@type\":\"ImageObject\",\"inLanguage\":\"en-GB\",\"@id\":\"https:\\\/\\\/www.revistarambla.com\\\/#\\\/schema\\\/logo\\\/image\\\/\",\"url\":\"https:\\\/\\\/www.revistarambla.com\\\/wp-content\\\/uploads\\\/2020\\\/09\\\/banner_rambla_1900x600_BB.png\",\"contentUrl\":\"https:\\\/\\\/www.revistarambla.com\\\/wp-content\\\/uploads\\\/2020\\\/09\\\/banner_rambla_1900x600_BB.png\",\"width\":1900,\"height\":600,\"caption\":\"Revista Rambla\"},\"image\":{\"@id\":\"https:\\\/\\\/www.revistarambla.com\\\/#\\\/schema\\\/logo\\\/image\\\/\"},\"sameAs\":[\"https:\\\/\\\/www.facebook.com\\\/revistarambla\\\/\",\"https:\\\/\\\/x.com\\\/revistarambla\",\"https:\\\/\\\/www.instagram.com\\\/revista_rambla\",\"https:\\\/\\\/es.linkedin.com\\\/company\\\/revista-rambla\"]},{\"@type\":\"Person\",\"@id\":\"https:\\\/\\\/www.revistarambla.com\\\/#\\\/schema\\\/person\\\/392779b85580130e6e8571537676d3dd\",\"name\":\"Lidia Falc\u00f3n O'Neill\",\"description\":\"Pol\u00edtica y escritora. Presidenta del Partido Feminista de Espa\u00f1a.\",\"sameAs\":[\"https:\\\/\\\/partidofeminista.es\\\/\",\"https:\\\/\\\/www.facebook.com\\\/LidiaFalconONeill\",\"https:\\\/\\\/x.com\\\/lidiafalconone1\"]}]}<\/script>\n<!-- \/ Yoast SEO plugin. -->","yoast_head_json":{"title":"El machismo que no cesa - Revista Rambla","robots":{"index":"index","follow":"follow","max-snippet":"max-snippet:-1","max-image-preview":"max-image-preview:large","max-video-preview":"max-video-preview:-1"},"canonical":"https:\/\/www.revistarambla.com\/en\/el-machismo-que-no-cesa\/","og_locale":"en_GB","og_type":"article","og_title":"El machismo que no cesa - Revista Rambla","og_description":"En Barcelona, su patria y la m\u00eda,\u00a0 el 9 de diciembre pasado, el Secretario de Familia del Departament de Benestar Social i Familia de la Generalitat de Catalunya D. Ram\u00f3n Terrassa inaugur\u00f3 un simposium de la Asociaci\u00f3n ACAPASE, la Asociaci\u00f3n Catalana de Padres Separados, con el falso y camel\u00edstico t\u00edtulo [&hellip;]","og_url":"https:\/\/www.revistarambla.com\/en\/el-machismo-que-no-cesa\/","og_site_name":"Revista Rambla","article_publisher":"https:\/\/www.facebook.com\/revistarambla\/","article_author":"https:\/\/www.facebook.com\/LidiaFalconONeill","article_published_time":"2012-01-24T07:04:17+00:00","article_modified_time":"2022-09-15T16:03:41+00:00","og_image":[{"width":700,"height":401,"url":"https:\/\/www.revistarambla.com\/wp-content\/uploads\/2013\/06\/LIBRO LIDIA FALCON0_02.jpg","type":"image\/jpeg"}],"author":"Lidia Falc\u00f3n O'Neill","twitter_card":"summary_large_image","twitter_creator":"@lidiafalconone1","twitter_site":"@revistarambla","twitter_misc":{"Written by":"Lidia Falc\u00f3n O'Neill","Estimated reading time":"4 minutes"},"schema":{"@context":"https:\/\/schema.org","@graph":[{"@type":"Article","@id":"https:\/\/www.revistarambla.com\/el-machismo-que-no-cesa\/#article","isPartOf":{"@id":"https:\/\/www.revistarambla.com\/el-machismo-que-no-cesa\/"},"author":{"name":"Lidia Falc\u00f3n O'Neill","@id":"https:\/\/www.revistarambla.com\/#\/schema\/person\/392779b85580130e6e8571537676d3dd"},"headline":"El machismo que no cesa","datePublished":"2012-01-24T07:04:17+00:00","dateModified":"2022-09-15T16:03:41+00:00","mainEntityOfPage":{"@id":"https:\/\/www.revistarambla.com\/el-machismo-que-no-cesa\/"},"wordCount":935,"commentCount":0,"publisher":{"@id":"https:\/\/www.revistarambla.com\/#organization"},"image":{"@id":"https:\/\/www.revistarambla.com\/el-machismo-que-no-cesa\/#primaryimage"},"thumbnailUrl":"https:\/\/www.revistarambla.com\/wp-content\/uploads\/2013\/06\/LIBRO LIDIA FALCON0_02.jpg","articleSection":["Opiniones"],"inLanguage":"en-GB","potentialAction":[{"@type":"CommentAction","name":"Comment","target":["https:\/\/www.revistarambla.com\/el-machismo-que-no-cesa\/#respond"]}]},{"@type":"WebPage","@id":"https:\/\/www.revistarambla.com\/el-machismo-que-no-cesa\/","url":"https:\/\/www.revistarambla.com\/el-machismo-que-no-cesa\/","name":"El machismo que no cesa - Revista Rambla","isPartOf":{"@id":"https:\/\/www.revistarambla.com\/#website"},"primaryImageOfPage":{"@id":"https:\/\/www.revistarambla.com\/el-machismo-que-no-cesa\/#primaryimage"},"image":{"@id":"https:\/\/www.revistarambla.com\/el-machismo-que-no-cesa\/#primaryimage"},"thumbnailUrl":"https:\/\/www.revistarambla.com\/wp-content\/uploads\/2013\/06\/LIBRO LIDIA FALCON0_02.jpg","datePublished":"2012-01-24T07:04:17+00:00","dateModified":"2022-09-15T16:03:41+00:00","breadcrumb":{"@id":"https:\/\/www.revistarambla.com\/el-machismo-que-no-cesa\/#breadcrumb"},"inLanguage":"en-GB","potentialAction":[{"@type":"ReadAction","target":["https:\/\/www.revistarambla.com\/el-machismo-que-no-cesa\/"]}]},{"@type":"ImageObject","inLanguage":"en-GB","@id":"https:\/\/www.revistarambla.com\/el-machismo-que-no-cesa\/#primaryimage","url":"https:\/\/www.revistarambla.com\/wp-content\/uploads\/2013\/06\/LIBRO LIDIA FALCON0_02.jpg","contentUrl":"https:\/\/www.revistarambla.com\/wp-content\/uploads\/2013\/06\/LIBRO LIDIA FALCON0_02.jpg","width":700,"height":401,"caption":"alt"},{"@type":"BreadcrumbList","@id":"https:\/\/www.revistarambla.com\/el-machismo-que-no-cesa\/#breadcrumb","itemListElement":[{"@type":"ListItem","position":1,"name":"Portada","item":"https:\/\/www.revistarambla.com\/"},{"@type":"ListItem","position":2,"name":"El machismo que no cesa"}]},{"@type":"WebSite","@id":"https:\/\/www.revistarambla.com\/#website","url":"https:\/\/www.revistarambla.com\/","name":"Revista Rambla Barcelona","description":"Periodismo independiente","publisher":{"@id":"https:\/\/www.revistarambla.com\/#organization"},"potentialAction":[{"@type":"SearchAction","target":{"@type":"EntryPoint","urlTemplate":"https:\/\/www.revistarambla.com\/?s={search_term_string}"},"query-input":{"@type":"PropertyValueSpecification","valueRequired":true,"valueName":"search_term_string"}}],"inLanguage":"en-GB"},{"@type":"Organization","@id":"https:\/\/www.revistarambla.com\/#organization","name":"Revista Rambla","url":"https:\/\/www.revistarambla.com\/","logo":{"@type":"ImageObject","inLanguage":"en-GB","@id":"https:\/\/www.revistarambla.com\/#\/schema\/logo\/image\/","url":"https:\/\/www.revistarambla.com\/wp-content\/uploads\/2020\/09\/banner_rambla_1900x600_BB.png","contentUrl":"https:\/\/www.revistarambla.com\/wp-content\/uploads\/2020\/09\/banner_rambla_1900x600_BB.png","width":1900,"height":600,"caption":"Revista Rambla"},"image":{"@id":"https:\/\/www.revistarambla.com\/#\/schema\/logo\/image\/"},"sameAs":["https:\/\/www.facebook.com\/revistarambla\/","https:\/\/x.com\/revistarambla","https:\/\/www.instagram.com\/revista_rambla","https:\/\/es.linkedin.com\/company\/revista-rambla"]},{"@type":"Person","@id":"https:\/\/www.revistarambla.com\/#\/schema\/person\/392779b85580130e6e8571537676d3dd","name":"Lidia Falc\u00f3n O'Neill","description":"Pol\u00edtica y escritora. Presidenta del Partido Feminista de Espa\u00f1a.","sameAs":["https:\/\/partidofeminista.es\/","https:\/\/www.facebook.com\/LidiaFalconONeill","https:\/\/x.com\/lidiafalconone1"]}]}},"_links":{"self":[{"href":"https:\/\/www.revistarambla.com\/en\/wp-json\/wp\/v2\/posts\/1315","targetHints":{"allow":["GET"]}}],"collection":[{"href":"https:\/\/www.revistarambla.com\/en\/wp-json\/wp\/v2\/posts"}],"about":[{"href":"https:\/\/www.revistarambla.com\/en\/wp-json\/wp\/v2\/types\/post"}],"author":[{"embeddable":true,"href":"https:\/\/www.revistarambla.com\/en\/wp-json\/wp\/v2\/users\/195"}],"replies":[{"embeddable":true,"href":"https:\/\/www.revistarambla.com\/en\/wp-json\/wp\/v2\/comments?post=1315"}],"version-history":[{"count":1,"href":"https:\/\/www.revistarambla.com\/en\/wp-json\/wp\/v2\/posts\/1315\/revisions"}],"predecessor-version":[{"id":46722,"href":"https:\/\/www.revistarambla.com\/en\/wp-json\/wp\/v2\/posts\/1315\/revisions\/46722"}],"wp:featuredmedia":[{"embeddable":true,"href":"https:\/\/www.revistarambla.com\/en\/wp-json\/wp\/v2\/media\/3467"}],"wp:attachment":[{"href":"https:\/\/www.revistarambla.com\/en\/wp-json\/wp\/v2\/media?parent=1315"}],"wp:term":[{"taxonomy":"category","embeddable":true,"href":"https:\/\/www.revistarambla.com\/en\/wp-json\/wp\/v2\/categories?post=1315"},{"taxonomy":"post_tag","embeddable":true,"href":"https:\/\/www.revistarambla.com\/en\/wp-json\/wp\/v2\/tags?post=1315"}],"curies":[{"name":"wp","href":"https:\/\/api.w.org\/{rel}","templated":true}]}}