{"id":13135,"date":"2017-07-02T07:07:01","date_gmt":"2017-07-02T05:07:01","guid":{"rendered":"https:\/\/www.revistarambla.com\/?p=13135"},"modified":"2021-04-02T17:09:45","modified_gmt":"2021-04-02T15:09:45","slug":"nuestros-hijos-son-luchadores-sociales-no-delincuentes","status":"publish","type":"post","link":"https:\/\/www.revistarambla.com\/en\/nuestros-hijos-son-luchadores-sociales-no-delincuentes\/","title":{"rendered":"\u00abNuestros hijos son luchadores sociales, no delincuentes\u2026\u00bb"},"content":{"rendered":"<p><strong><a href=\"https:\/\/www.revistarambla.com\/wp-content\/uploads\/2017\/07\/Rueda-prensa-La-Trinchera-LQS.jpg\"><img decoding=\"async\" class=\"wp-image-13137 size-medium alignright\" src=\"https:\/\/www.revistarambla.com\/wp-content\/uploads\/2017\/07\/Rueda-prensa-La-Trinchera-LQS-300x177.jpg\" alt=\"\" width=\"300\" height=\"177\" srcset=\"https:\/\/www.revistarambla.com\/wp-content\/uploads\/2017\/07\/Rueda-prensa-La-Trinchera-LQS-300x177.jpg 300w, https:\/\/www.revistarambla.com\/wp-content\/uploads\/2017\/07\/Rueda-prensa-La-Trinchera-LQS-768x452.jpg 768w, https:\/\/www.revistarambla.com\/wp-content\/uploads\/2017\/07\/Rueda-prensa-La-Trinchera-LQS-500x294.jpg 500w, https:\/\/www.revistarambla.com\/wp-content\/uploads\/2017\/07\/Rueda-prensa-La-Trinchera-LQS.jpg 907w\" sizes=\"(max-width: 300px) 100vw, 300px\" \/><\/a><\/strong>Habla Susana, madre de uno de los detenidos en el desalojo ilegal y violento de los okupas de la casa \u201cLa Trinchera\u201d, sede de la Coordinadora Antifascista de Madrid:<\/p>\n<p style=\"text-align: left;\">Somos los padres y las madres de los j\u00f3venes detenidos el d\u00eda 18 de Junio cuando la polic\u00eda antidisturbios desaloj\u00f3 una casa ocupada en la calle Infanta Mercedes de Madrid.<\/p>\n<p style=\"text-align: left;\">Nuestros hijos fueron golpeados insistentemente. Las marcas que tienen en el cuerpo nos hacen imaginar una brutalidad y ensa\u00f1amiento incre\u00edbles, as\u00ed como una violencia descontrolada ejercida contra ellos.<\/p>\n<p style=\"text-align: left;\">A trav\u00e9s de ellos sabemos la narraci\u00f3n sobre c\u00f3mo ocurrieron las cosas, pero ahora necesitamos saber, tanto como padres como ciudadanos responsables, la versi\u00f3n de la Delegaci\u00f3n del Gobierno.<\/p>\n<p style=\"text-align: left;\">Como nos resulta inexplicable, dif\u00edcil de encajar y de digerir esta intervenci\u00f3n de la Polic\u00eda, es por ello que nos dirigimos a la Delegada del Gobierno para que nos explique las siguientes dudas:<\/p>\n<p style=\"text-align: left;\">\u00bfPor qu\u00e9 la Polic\u00eda que fue a desalojar la casa, no avis\u00f3 a las personas que estaban dentro del edificio de que iban a proceder al desalojo? Y por otra parte, \u00bfd\u00f3nde estaba la orden de desalojo?<\/p>\n<p style=\"text-align: left;\">Una vez dentro, sabemos que nuestros hijos no mostraron resistencia y mucho menos ataque, y entonces cuando los j\u00f3venes estaban en el suelo con las manos en la nuca en posici\u00f3n de NO RESISTENCIA, \u00bfpor qu\u00e9 la Polic\u00eda no les respet\u00f3 y procedi\u00f3 a identificarlos sin utilizar la fuerza?<\/p>\n<p style=\"text-align: left;\">\u00bfPor qu\u00e9 no se permiti\u00f3 la asistencia sanitaria a los detenidos que hab\u00edan solicitado este servicio como consecuencia de la actuaci\u00f3n policial?<\/p>\n<p style=\"text-align: left;\">\u00bfPor qu\u00e9 en Comisar\u00eda se les tuvo esposados y sentados en un banco mirando al suelo, sin darles de beber agua durante m\u00e1s de 5 horas, en uno de los d\u00edas m\u00e1s calurosos del a\u00f1o?<\/p>\n<p style=\"text-align: left;\">\u00bfPor qu\u00e9 al quejarse los detenidos de que las esposas estaban tan fuertemente apretadas que les estaban provocando hinchaz\u00f3n de las manos y p\u00e9rdida de sensibilidad en los dedos, la polic\u00eda les contest\u00f3 que no ten\u00edan las llaves?<\/p>\n<p style=\"text-align: left;\">\u00bfPor qu\u00e9 al comunicar uno de los detenidos que le estaban subiendo las pulsaciones por un problema card\u00edaco que presentaba, y al detectar el SAMUR que la frecuencia card\u00edaca la ten\u00eda en 115, no fue trasladado a un hospital, cuando los antecedentes de esa persona as\u00ed lo requer\u00edan y les hab\u00eda comunicado al SAMUR y a la Polic\u00eda que sufr\u00eda arritmias card\u00edacas?<\/p>\n<p style=\"text-align: left;\">\u00bfPor qu\u00e9 la Polic\u00eda sab\u00eda a qui\u00e9n quer\u00eda detener, antes de proceder a la filiaci\u00f3n de los detenidos?<\/p>\n<p style=\"text-align: left;\">Sra. Delegada del Gobierno, al salir del Juzgado, los detenidos tuvieron que ir a un hospital donde se les detect\u00f3:<\/p>\n<p style=\"text-align: left;\">\u2013 Contusiones occipitales<\/p>\n<p style=\"text-align: left;\">\u2013 Traumatismos craneoencef\u00e1licos<\/p>\n<p style=\"text-align: left;\">\u2013 Contusiones y fracturas en mano que precisaron vendajes y escayolas.<\/p>\n<p style=\"text-align: left;\">\u2013 Uno de ellos tuvo que ser ingresado para realizar una intervenci\u00f3n quir\u00fargica card\u00edaca al objeto de solucionar su taquicardia.<\/p>\n<p style=\"text-align: left;\">Sra. Delegada del Gobierno, nos gustar\u00eda como padres afectados y por el buen funcionamiento y respeto de la instituci\u00f3n que usted preside, nos diera una respuesta a estas cuestiones.<\/p>\n<p style=\"text-align: left;\"><strong>Habla Lola, de \u201cMadres contra la Represi\u00f3n\u201d:<\/strong><\/p>\n<p style=\"text-align: left;\">Voy a empezar mi intervenci\u00f3n con unos datos sacados de un informe elaborado por la Coordinadora para la Prevenci\u00f3n de la Tortura.<\/p>\n<p style=\"text-align: left;\">Durante el periodo 2004-2014, es decir, en 10 a\u00f1os, en el Estado espa\u00f1ol, se han conocido 7582 casos contrastados de tortura, maltrato, trato inhumano o degradante por parte de los diferentes Cuerpos de \u201cSeguridad\u201d del Estado, ya sea bajo custodia como por ejemplo comisar\u00edas o en el transcurso de intervenciones policiales como por ejemplo en manifestaciones, desalojos, etc.\u2026<\/p>\n<p style=\"text-align: left;\">Esta cifra corresponde s\u00f3lo a los casos que se han denunciado judicial o socialmente. Faltan todos los casos no denunciados y que son silenciados por miedo a sufrir represalias.<\/p>\n<p style=\"text-align: left;\">Basta poner en cualquier buscador de internet las palabras, represi\u00f3n policial Espa\u00f1a, y pinchar en im\u00e1genes para ver reflejada en ellas la forma tan brutal como se trata a las personas que protestan, en su inmensa mayor\u00eda gente joven.<\/p>\n<p style=\"text-align: left;\">\u00bfQu\u00e9 es lo que pretenden con este maltrato? Sembrar el terror y meter mucho miedo porque el miedo paraliza y para mantener este sistema capitalista con las crisis a las que nos someten necesitan gente sumisa, que no se queje. Necesitan a la juventud anestesiada para que no proteste, para que no propague el germen de la lucha, para que no se desarrolle en libertad.<\/p>\n<p style=\"text-align: left;\">Les sobra la juventud concienciada que no se conforma con todos los recortes que nos aplican, la juventud que quiere estudiar y formarse, que quiere trabajar dignamente sin ser explotados, que quieren poder acceder a una vivienda digna para poder desarrollar su vida adulta. A los cuerpos de \u201cseguridad\u201d del Estado al servicio del capital no les tiembla el pulso ni dudan a la hora de apalear, insultar, vejar y machacar a esta juventud para que abandonen su lucha.<\/p>\n<p style=\"text-align: left;\">Por desgracia, este caso de represi\u00f3n policial de los j\u00f3venes de La Trinchera no es el primero ni ser\u00e1 el \u00faltimo y siempre tendr\u00e1 lugar contra nuestra juventud, la juventud de izquierdas, solidaria y antiracista. Sin embargo vemos c\u00f3mo campan a sus anchas con total impunidad los nazis y las nazis por esta ciudad. Vemos c\u00f3mo ocupan edificios p\u00fablicos importantes, incluido palacetes, y a la hora de desalojarles despu\u00e9s de unos a\u00f1os de uso, lo hacen amablemente y siempre y cuando tienen otro disponible para ocupar.<\/p>\n<p style=\"text-align: left;\">Es descarada la diferencia de trato por parte de unos cuerpos remunerados con dinero p\u00fablico.<\/p>\n<p style=\"text-align: left;\">\u00bfAcaso pagamos para que se ensa\u00f1en con nuestra juventud?<\/p>\n<p style=\"text-align: left;\">Nuestros hijos y nuestras hijas son luchadoras sociales y no delincuentes, los delincuentes son qui\u00e9nes roban el dinero p\u00fablico llev\u00e1ndonos a la miseria y esclavitud con la colaboraci\u00f3n del poder judicial, pol\u00edtico, policial y medi\u00e1tico. No se persigue y castiga a los corruptos y sin embargo se apalea y persigue a nuestros hijos nuestras hijas.<\/p>\n<p style=\"text-align: left;\">No les hemos parido para que les destruyan. No vamos a parar de luchar hasta que no cambiemos esto. Ojal\u00e1 muchas madres y muchos padres se unieran a nosotras en esta lucha\u2026 Otro gallo nos cantar\u00eda.<\/p>\n<p style=\"text-align: left;\">Para mostrar el apoyo a los detenidos han creado la Plataforma <strong>Los Cinco de La Trinchera<\/strong> para llevar toda la informaci\u00f3n de los detenidos<\/p>","protected":false},"excerpt":{"rendered":"<p>Habla Susana, madre de uno de los detenidos en el desalojo ilegal y violento de los okupas de la casa \u201cLa Trinchera\u201d, sede de la Coordinadora Antifascista de Madrid: Somos los padres y las madres de los j\u00f3venes detenidos el d\u00eda 18 de Junio cuando la polic\u00eda antidisturbios desaloj\u00f3 una [&hellip;]<\/p>\n","protected":false},"author":3,"featured_media":13136,"comment_status":"open","ping_status":"open","sticky":false,"template":"","format":"standard","meta":{"footnotes":""},"categories":[3,58],"tags":[],"class_list":["post-13135","post","type-post","status-publish","format-standard","has-post-thumbnail","hentry","category-actualidad","category-estado-espanol"],"yoast_head":"<!-- This site is optimized with the Yoast SEO plugin v27.5 - https:\/\/yoast.com\/product\/yoast-seo-wordpress\/ -->\n<title>&quot;Nuestros hijos son luchadores sociales, no delincuentes\u2026&quot; - Revista Rambla<\/title>\n<meta name=\"robots\" content=\"index, follow, max-snippet:-1, max-image-preview:large, max-video-preview:-1\" \/>\n<link rel=\"canonical\" href=\"https:\/\/www.revistarambla.com\/en\/nuestros-hijos-son-luchadores-sociales-no-delincuentes\/\" \/>\n<meta property=\"og:locale\" content=\"en_GB\" \/>\n<meta property=\"og:type\" content=\"article\" \/>\n<meta property=\"og:title\" content=\"&quot;Nuestros hijos son luchadores sociales, no delincuentes\u2026&quot; - Revista Rambla\" \/>\n<meta property=\"og:description\" content=\"Habla Susana, madre de uno de los detenidos en el desalojo ilegal y violento de los okupas de la casa \u201cLa Trinchera\u201d, sede de la Coordinadora Antifascista de Madrid: Somos los padres y las madres de los j\u00f3venes detenidos el d\u00eda 18 de Junio cuando la polic\u00eda antidisturbios desaloj\u00f3 una [&hellip;]\" \/>\n<meta property=\"og:url\" content=\"https:\/\/www.revistarambla.com\/en\/nuestros-hijos-son-luchadores-sociales-no-delincuentes\/\" \/>\n<meta property=\"og:site_name\" content=\"Revista Rambla\" \/>\n<meta property=\"article:publisher\" content=\"https:\/\/www.facebook.com\/revistarambla\/\" \/>\n<meta property=\"article:author\" content=\"https:\/\/www.facebook.com\/revistarambla\" \/>\n<meta property=\"article:published_time\" content=\"2017-07-02T05:07:01+00:00\" \/>\n<meta property=\"article:modified_time\" content=\"2021-04-02T15:09:45+00:00\" \/>\n<meta property=\"og:image\" content=\"https:\/\/i2.wp.com\/www.revistarambla.com\/wp-content\/uploads\/2017\/07\/trinchera-okupas.jpg?fit=619%2C348&ssl=1\" \/>\n\t<meta property=\"og:image:width\" content=\"619\" \/>\n\t<meta property=\"og:image:height\" content=\"348\" \/>\n\t<meta property=\"og:image:type\" content=\"image\/jpeg\" \/>\n<meta name=\"author\" content=\"Madres contra la Represi\u00f3n\" \/>\n<meta name=\"twitter:card\" content=\"summary_large_image\" \/>\n<meta name=\"twitter:creator\" content=\"@revistarambla\" \/>\n<meta name=\"twitter:site\" content=\"@revistarambla\" \/>\n<meta name=\"twitter:label1\" content=\"Written by\" \/>\n\t<meta name=\"twitter:data1\" content=\"Madres contra la Represi\u00f3n\" \/>\n\t<meta name=\"twitter:label2\" content=\"Estimated reading time\" \/>\n\t<meta name=\"twitter:data2\" content=\"5 minutes\" \/>\n<script type=\"application\/ld+json\" class=\"yoast-schema-graph\">{\"@context\":\"https:\\\/\\\/schema.org\",\"@graph\":[{\"@type\":\"Article\",\"@id\":\"https:\\\/\\\/www.revistarambla.com\\\/nuestros-hijos-son-luchadores-sociales-no-delincuentes\\\/#article\",\"isPartOf\":{\"@id\":\"https:\\\/\\\/www.revistarambla.com\\\/nuestros-hijos-son-luchadores-sociales-no-delincuentes\\\/\"},\"author\":{\"name\":\"Madres contra la Represi\u00f3n\",\"@id\":\"https:\\\/\\\/www.revistarambla.com\\\/#\\\/schema\\\/person\\\/a146a5a2550b94981a75131180e1bd9c\"},\"headline\":\"\u00abNuestros hijos son luchadores sociales, no delincuentes\u2026\u00bb\",\"datePublished\":\"2017-07-02T05:07:01+00:00\",\"dateModified\":\"2021-04-02T15:09:45+00:00\",\"mainEntityOfPage\":{\"@id\":\"https:\\\/\\\/www.revistarambla.com\\\/nuestros-hijos-son-luchadores-sociales-no-delincuentes\\\/\"},\"wordCount\":1094,\"commentCount\":0,\"publisher\":{\"@id\":\"https:\\\/\\\/www.revistarambla.com\\\/#organization\"},\"image\":{\"@id\":\"https:\\\/\\\/www.revistarambla.com\\\/nuestros-hijos-son-luchadores-sociales-no-delincuentes\\\/#primaryimage\"},\"thumbnailUrl\":\"https:\\\/\\\/www.revistarambla.com\\\/wp-content\\\/uploads\\\/2017\\\/07\\\/trinchera-okupas.jpg\",\"articleSection\":[\"Actualidad\",\"Estado Espa\u00f1ol\"],\"inLanguage\":\"en-GB\",\"potentialAction\":[{\"@type\":\"CommentAction\",\"name\":\"Comment\",\"target\":[\"https:\\\/\\\/www.revistarambla.com\\\/nuestros-hijos-son-luchadores-sociales-no-delincuentes\\\/#respond\"]}]},{\"@type\":\"WebPage\",\"@id\":\"https:\\\/\\\/www.revistarambla.com\\\/nuestros-hijos-son-luchadores-sociales-no-delincuentes\\\/\",\"url\":\"https:\\\/\\\/www.revistarambla.com\\\/nuestros-hijos-son-luchadores-sociales-no-delincuentes\\\/\",\"name\":\"\\\"Nuestros hijos son luchadores sociales, no delincuentes\u2026\\\" - Revista Rambla\",\"isPartOf\":{\"@id\":\"https:\\\/\\\/www.revistarambla.com\\\/#website\"},\"primaryImageOfPage\":{\"@id\":\"https:\\\/\\\/www.revistarambla.com\\\/nuestros-hijos-son-luchadores-sociales-no-delincuentes\\\/#primaryimage\"},\"image\":{\"@id\":\"https:\\\/\\\/www.revistarambla.com\\\/nuestros-hijos-son-luchadores-sociales-no-delincuentes\\\/#primaryimage\"},\"thumbnailUrl\":\"https:\\\/\\\/www.revistarambla.com\\\/wp-content\\\/uploads\\\/2017\\\/07\\\/trinchera-okupas.jpg\",\"datePublished\":\"2017-07-02T05:07:01+00:00\",\"dateModified\":\"2021-04-02T15:09:45+00:00\",\"breadcrumb\":{\"@id\":\"https:\\\/\\\/www.revistarambla.com\\\/nuestros-hijos-son-luchadores-sociales-no-delincuentes\\\/#breadcrumb\"},\"inLanguage\":\"en-GB\",\"potentialAction\":[{\"@type\":\"ReadAction\",\"target\":[\"https:\\\/\\\/www.revistarambla.com\\\/nuestros-hijos-son-luchadores-sociales-no-delincuentes\\\/\"]}]},{\"@type\":\"ImageObject\",\"inLanguage\":\"en-GB\",\"@id\":\"https:\\\/\\\/www.revistarambla.com\\\/nuestros-hijos-son-luchadores-sociales-no-delincuentes\\\/#primaryimage\",\"url\":\"https:\\\/\\\/www.revistarambla.com\\\/wp-content\\\/uploads\\\/2017\\\/07\\\/trinchera-okupas.jpg\",\"contentUrl\":\"https:\\\/\\\/www.revistarambla.com\\\/wp-content\\\/uploads\\\/2017\\\/07\\\/trinchera-okupas.jpg\",\"width\":619,\"height\":348},{\"@type\":\"BreadcrumbList\",\"@id\":\"https:\\\/\\\/www.revistarambla.com\\\/nuestros-hijos-son-luchadores-sociales-no-delincuentes\\\/#breadcrumb\",\"itemListElement\":[{\"@type\":\"ListItem\",\"position\":1,\"name\":\"Portada\",\"item\":\"https:\\\/\\\/www.revistarambla.com\\\/\"},{\"@type\":\"ListItem\",\"position\":2,\"name\":\"\u00abNuestros hijos son luchadores sociales, no delincuentes\u2026\u00bb\"}]},{\"@type\":\"WebSite\",\"@id\":\"https:\\\/\\\/www.revistarambla.com\\\/#website\",\"url\":\"https:\\\/\\\/www.revistarambla.com\\\/\",\"name\":\"Revista Rambla Barcelona\",\"description\":\"Periodismo independiente\",\"publisher\":{\"@id\":\"https:\\\/\\\/www.revistarambla.com\\\/#organization\"},\"potentialAction\":[{\"@type\":\"SearchAction\",\"target\":{\"@type\":\"EntryPoint\",\"urlTemplate\":\"https:\\\/\\\/www.revistarambla.com\\\/?s={search_term_string}\"},\"query-input\":{\"@type\":\"PropertyValueSpecification\",\"valueRequired\":true,\"valueName\":\"search_term_string\"}}],\"inLanguage\":\"en-GB\"},{\"@type\":\"Organization\",\"@id\":\"https:\\\/\\\/www.revistarambla.com\\\/#organization\",\"name\":\"Revista Rambla\",\"url\":\"https:\\\/\\\/www.revistarambla.com\\\/\",\"logo\":{\"@type\":\"ImageObject\",\"inLanguage\":\"en-GB\",\"@id\":\"https:\\\/\\\/www.revistarambla.com\\\/#\\\/schema\\\/logo\\\/image\\\/\",\"url\":\"https:\\\/\\\/www.revistarambla.com\\\/wp-content\\\/uploads\\\/2020\\\/09\\\/banner_rambla_1900x600_BB.png\",\"contentUrl\":\"https:\\\/\\\/www.revistarambla.com\\\/wp-content\\\/uploads\\\/2020\\\/09\\\/banner_rambla_1900x600_BB.png\",\"width\":1900,\"height\":600,\"caption\":\"Revista Rambla\"},\"image\":{\"@id\":\"https:\\\/\\\/www.revistarambla.com\\\/#\\\/schema\\\/logo\\\/image\\\/\"},\"sameAs\":[\"https:\\\/\\\/www.facebook.com\\\/revistarambla\\\/\",\"https:\\\/\\\/x.com\\\/revistarambla\",\"https:\\\/\\\/www.instagram.com\\\/revista_rambla\",\"https:\\\/\\\/es.linkedin.com\\\/company\\\/revista-rambla\"]},{\"@type\":\"Person\",\"@id\":\"https:\\\/\\\/www.revistarambla.com\\\/#\\\/schema\\\/person\\\/a146a5a2550b94981a75131180e1bd9c\",\"name\":\"Madres contra la Represi\u00f3n\",\"sameAs\":[\"https:\\\/\\\/www.facebook.com\\\/revistarambla\",\"https:\\\/\\\/x.com\\\/revistarambla\"]}]}<\/script>\n<!-- \/ Yoast SEO plugin. -->","yoast_head_json":{"title":"\"Nuestros hijos son luchadores sociales, no delincuentes\u2026\" - Revista Rambla","robots":{"index":"index","follow":"follow","max-snippet":"max-snippet:-1","max-image-preview":"max-image-preview:large","max-video-preview":"max-video-preview:-1"},"canonical":"https:\/\/www.revistarambla.com\/en\/nuestros-hijos-son-luchadores-sociales-no-delincuentes\/","og_locale":"en_GB","og_type":"article","og_title":"\"Nuestros hijos son luchadores sociales, no delincuentes\u2026\" - Revista Rambla","og_description":"Habla Susana, madre de uno de los detenidos en el desalojo ilegal y violento de los okupas de la casa \u201cLa Trinchera\u201d, sede de la Coordinadora Antifascista de Madrid: Somos los padres y las madres de los j\u00f3venes detenidos el d\u00eda 18 de Junio cuando la polic\u00eda antidisturbios desaloj\u00f3 una [&hellip;]","og_url":"https:\/\/www.revistarambla.com\/en\/nuestros-hijos-son-luchadores-sociales-no-delincuentes\/","og_site_name":"Revista Rambla","article_publisher":"https:\/\/www.facebook.com\/revistarambla\/","article_author":"https:\/\/www.facebook.com\/revistarambla","article_published_time":"2017-07-02T05:07:01+00:00","article_modified_time":"2021-04-02T15:09:45+00:00","og_image":[{"width":619,"height":348,"url":"https:\/\/i2.wp.com\/www.revistarambla.com\/wp-content\/uploads\/2017\/07\/trinchera-okupas.jpg?fit=619%2C348&ssl=1","type":"image\/jpeg"}],"author":"Madres contra la Represi\u00f3n","twitter_card":"summary_large_image","twitter_creator":"@revistarambla","twitter_site":"@revistarambla","twitter_misc":{"Written by":"Madres contra la Represi\u00f3n","Estimated reading time":"5 minutes"},"schema":{"@context":"https:\/\/schema.org","@graph":[{"@type":"Article","@id":"https:\/\/www.revistarambla.com\/nuestros-hijos-son-luchadores-sociales-no-delincuentes\/#article","isPartOf":{"@id":"https:\/\/www.revistarambla.com\/nuestros-hijos-son-luchadores-sociales-no-delincuentes\/"},"author":{"name":"Madres contra la Represi\u00f3n","@id":"https:\/\/www.revistarambla.com\/#\/schema\/person\/a146a5a2550b94981a75131180e1bd9c"},"headline":"\u00abNuestros hijos son luchadores sociales, no delincuentes\u2026\u00bb","datePublished":"2017-07-02T05:07:01+00:00","dateModified":"2021-04-02T15:09:45+00:00","mainEntityOfPage":{"@id":"https:\/\/www.revistarambla.com\/nuestros-hijos-son-luchadores-sociales-no-delincuentes\/"},"wordCount":1094,"commentCount":0,"publisher":{"@id":"https:\/\/www.revistarambla.com\/#organization"},"image":{"@id":"https:\/\/www.revistarambla.com\/nuestros-hijos-son-luchadores-sociales-no-delincuentes\/#primaryimage"},"thumbnailUrl":"https:\/\/www.revistarambla.com\/wp-content\/uploads\/2017\/07\/trinchera-okupas.jpg","articleSection":["Actualidad","Estado Espa\u00f1ol"],"inLanguage":"en-GB","potentialAction":[{"@type":"CommentAction","name":"Comment","target":["https:\/\/www.revistarambla.com\/nuestros-hijos-son-luchadores-sociales-no-delincuentes\/#respond"]}]},{"@type":"WebPage","@id":"https:\/\/www.revistarambla.com\/nuestros-hijos-son-luchadores-sociales-no-delincuentes\/","url":"https:\/\/www.revistarambla.com\/nuestros-hijos-son-luchadores-sociales-no-delincuentes\/","name":"\"Nuestros hijos son luchadores sociales, no delincuentes\u2026\" - Revista Rambla","isPartOf":{"@id":"https:\/\/www.revistarambla.com\/#website"},"primaryImageOfPage":{"@id":"https:\/\/www.revistarambla.com\/nuestros-hijos-son-luchadores-sociales-no-delincuentes\/#primaryimage"},"image":{"@id":"https:\/\/www.revistarambla.com\/nuestros-hijos-son-luchadores-sociales-no-delincuentes\/#primaryimage"},"thumbnailUrl":"https:\/\/www.revistarambla.com\/wp-content\/uploads\/2017\/07\/trinchera-okupas.jpg","datePublished":"2017-07-02T05:07:01+00:00","dateModified":"2021-04-02T15:09:45+00:00","breadcrumb":{"@id":"https:\/\/www.revistarambla.com\/nuestros-hijos-son-luchadores-sociales-no-delincuentes\/#breadcrumb"},"inLanguage":"en-GB","potentialAction":[{"@type":"ReadAction","target":["https:\/\/www.revistarambla.com\/nuestros-hijos-son-luchadores-sociales-no-delincuentes\/"]}]},{"@type":"ImageObject","inLanguage":"en-GB","@id":"https:\/\/www.revistarambla.com\/nuestros-hijos-son-luchadores-sociales-no-delincuentes\/#primaryimage","url":"https:\/\/www.revistarambla.com\/wp-content\/uploads\/2017\/07\/trinchera-okupas.jpg","contentUrl":"https:\/\/www.revistarambla.com\/wp-content\/uploads\/2017\/07\/trinchera-okupas.jpg","width":619,"height":348},{"@type":"BreadcrumbList","@id":"https:\/\/www.revistarambla.com\/nuestros-hijos-son-luchadores-sociales-no-delincuentes\/#breadcrumb","itemListElement":[{"@type":"ListItem","position":1,"name":"Portada","item":"https:\/\/www.revistarambla.com\/"},{"@type":"ListItem","position":2,"name":"\u00abNuestros hijos son luchadores sociales, no delincuentes\u2026\u00bb"}]},{"@type":"WebSite","@id":"https:\/\/www.revistarambla.com\/#website","url":"https:\/\/www.revistarambla.com\/","name":"Revista Rambla Barcelona","description":"Periodismo independiente","publisher":{"@id":"https:\/\/www.revistarambla.com\/#organization"},"potentialAction":[{"@type":"SearchAction","target":{"@type":"EntryPoint","urlTemplate":"https:\/\/www.revistarambla.com\/?s={search_term_string}"},"query-input":{"@type":"PropertyValueSpecification","valueRequired":true,"valueName":"search_term_string"}}],"inLanguage":"en-GB"},{"@type":"Organization","@id":"https:\/\/www.revistarambla.com\/#organization","name":"Revista Rambla","url":"https:\/\/www.revistarambla.com\/","logo":{"@type":"ImageObject","inLanguage":"en-GB","@id":"https:\/\/www.revistarambla.com\/#\/schema\/logo\/image\/","url":"https:\/\/www.revistarambla.com\/wp-content\/uploads\/2020\/09\/banner_rambla_1900x600_BB.png","contentUrl":"https:\/\/www.revistarambla.com\/wp-content\/uploads\/2020\/09\/banner_rambla_1900x600_BB.png","width":1900,"height":600,"caption":"Revista Rambla"},"image":{"@id":"https:\/\/www.revistarambla.com\/#\/schema\/logo\/image\/"},"sameAs":["https:\/\/www.facebook.com\/revistarambla\/","https:\/\/x.com\/revistarambla","https:\/\/www.instagram.com\/revista_rambla","https:\/\/es.linkedin.com\/company\/revista-rambla"]},{"@type":"Person","@id":"https:\/\/www.revistarambla.com\/#\/schema\/person\/a146a5a2550b94981a75131180e1bd9c","name":"Madres contra la Represi\u00f3n","sameAs":["https:\/\/www.facebook.com\/revistarambla","https:\/\/x.com\/revistarambla"]}]}},"_links":{"self":[{"href":"https:\/\/www.revistarambla.com\/en\/wp-json\/wp\/v2\/posts\/13135","targetHints":{"allow":["GET"]}}],"collection":[{"href":"https:\/\/www.revistarambla.com\/en\/wp-json\/wp\/v2\/posts"}],"about":[{"href":"https:\/\/www.revistarambla.com\/en\/wp-json\/wp\/v2\/types\/post"}],"author":[{"embeddable":true,"href":"https:\/\/www.revistarambla.com\/en\/wp-json\/wp\/v2\/users\/3"}],"replies":[{"embeddable":true,"href":"https:\/\/www.revistarambla.com\/en\/wp-json\/wp\/v2\/comments?post=13135"}],"version-history":[{"count":0,"href":"https:\/\/www.revistarambla.com\/en\/wp-json\/wp\/v2\/posts\/13135\/revisions"}],"wp:featuredmedia":[{"embeddable":true,"href":"https:\/\/www.revistarambla.com\/en\/wp-json\/wp\/v2\/media\/13136"}],"wp:attachment":[{"href":"https:\/\/www.revistarambla.com\/en\/wp-json\/wp\/v2\/media?parent=13135"}],"wp:term":[{"taxonomy":"category","embeddable":true,"href":"https:\/\/www.revistarambla.com\/en\/wp-json\/wp\/v2\/categories?post=13135"},{"taxonomy":"post_tag","embeddable":true,"href":"https:\/\/www.revistarambla.com\/en\/wp-json\/wp\/v2\/tags?post=13135"}],"curies":[{"name":"wp","href":"https:\/\/api.w.org\/{rel}","templated":true}]}}