{"id":1310,"date":"2012-01-19T13:17:31","date_gmt":"2012-01-19T13:17:31","guid":{"rendered":"https:\/\/www.revistarambla.com\/empleados-publicos-hacen-frente-al-tijeretazo-de-mas\/"},"modified":"2021-05-16T17:46:17","modified_gmt":"2021-05-16T15:46:17","slug":"empleados-publicos-hacen-frente-al-tijeretazo-de-mas","status":"publish","type":"post","link":"https:\/\/www.revistarambla.com\/en\/empleados-publicos-hacen-frente-al-tijeretazo-de-mas\/","title":{"rendered":"Empleados p\u00fablicos hacen frente al &#8216;tijeretazo&#8217; de Mas"},"content":{"rendered":"<p>Bajo el lema No a los recortes, salvemos los servicios p\u00fablicos,\u00a0 personal de administraci\u00f3n, bomberos y grupos de Mossos d&#8217;Esquadra un\u00edan fuerzas en una marcha que es solo la preparaci\u00f3n de la gran movilizaci\u00f3n que preparan sindicatos y entidades sociales para el pr\u00f3ximo 28 de enero. La protesta ha coincidiendo con el debate de los presupuestos de las cuentas p\u00fablicas para 2012. El fin es com\u00fan, censurar la pol\u00edtica de ajustes que lleva a cabo el gobierno con la que pretende ahorrar 625 millones, medida que afectar\u00e1 a los 203.000 empleados p\u00fablicos. Estiman que entre recortes salariales directos e indirectos (pagas y beneficios) perder\u00e1n entre el 15% y el 20% de su poder adquisitivo.<\/p>\n<p><img decoding=\"async\" class=\"aligncenter\" src=\"https:\/\/www.revistarambla.com\/wp-content\/uploads\/2012\/01\/jksdhfasdjk-300x140.jpg\" alt=\"\" width=\"700\" height=\"326\" \/><\/p>\n<p>La manifestaci\u00f3n, recorri\u00f3 el trayecto que separa la plaza de Sant Jaume y el Parlament por\u00a0 V\u00eda Laietana. Fue una marcha numerosa y muy ruidosa, con silbatos, sirenas y pancartas de denuncia. Destacaban los grandes carteles con tijeras tachadas y lemas como\u00a0 Basta de recortes o Recortar es robar. La manifestaci\u00f3n estuvo encabezada por los principales l\u00edderes sindicales de Catalu\u00f1a Josep Maria \u00c1lvarez y Joan Carles Gallego. Una hora m\u00e1s tarde finalizaba en el Parlament, donde los l\u00edderes de UGT y CC.OO. se reun\u00edan con un grupo de diputados.<\/p>\n<p>La indignaci\u00f3n se palpaba entre los manifestantes, pero sin duda el momento m\u00e1s tenso se vivi\u00f3 cuando a la llegada al Parlament un amplio dispositivo de Mossos custodiaba la entrada. Finalmente la marcha se disolvi\u00f3 sin problemas, solo un grupo de bomberos incit\u00f3 al operativo policial intentando hacer caer las vallas de protecci\u00f3n que separaban ambos bandos.<\/p>\n<p>Los bomberos, formaban el colectivo m\u00e1s activo de la manifestaci\u00f3n a pesar de que horas antes ya hab\u00edan realizado su propia protesta. Mientras se celebraba una reuni\u00f3n entre representantes sindicales y miembros de la Generalitat para hablar de las condiciones laborales de este colectivo, un cami\u00f3n llen\u00f3 la puerta del Departamento de Interior de espuma contra incendios.<\/p>\n<p>Esta es la cuarta gran manifestaci\u00f3n de empleados p\u00fablicos desde que el gobierno de Artur Mas anunciara los rimeros recortes en abril del a\u00f1o pasado. Antes de las fiestas navide\u00f1as los funcionarios volvieron a unir fuerzas en defensa de la sanidad y la escuela p\u00fablicas. 48 horas despu\u00e9s, la Generalitat impon\u00eda las medidas en la Mesa General de la Funci\u00f3n P\u00fablica obviando cualquier petici\u00f3n. Incesantes, para finalizar el 2011, unos 12.000 empelados uniformados volv\u00edan a salir a la calle con el mismo proposito, protestar, esta vez contra la precarizaci\u00f3n de los servicios p\u00fablicos.<\/p>","protected":false},"excerpt":{"rendered":"<p>El debate de los presupuestos en el Parlament marca una manifestaci\u00f3n de bomberos, polic\u00edas, m\u00e9dicos y profesores. Denuncian que perder\u00e1n entre el 15% y el 20% del poder adquisitivo. Unos 30.000 empleados p\u00fablicos de la Generalitat, seg\u00fan los sindicatos convocantes y 11.000 seg\u00fan el Ayuntamiento se manifestaron en Barcelona para protestar por los recortes de salario y el ajuste de sus condiciones laborales<\/p>","protected":false},"author":1,"featured_media":31840,"comment_status":"open","ping_status":"open","sticky":false,"template":"","format":"standard","meta":{"footnotes":""},"categories":[3,76],"tags":[],"class_list":["post-1310","post","type-post","status-publish","format-standard","has-post-thumbnail","hentry","category-actualidad","category-barcelona"],"yoast_head":"<!-- This site is optimized with the Yoast SEO plugin v27.5 - https:\/\/yoast.com\/product\/yoast-seo-wordpress\/ -->\n<title>Empleados p\u00fablicos hacen frente al &#039;tijeretazo&#039; de Mas - Revista Rambla<\/title>\n<meta name=\"robots\" content=\"index, follow, max-snippet:-1, max-image-preview:large, max-video-preview:-1\" \/>\n<link rel=\"canonical\" href=\"https:\/\/www.revistarambla.com\/en\/empleados-publicos-hacen-frente-al-tijeretazo-de-mas\/\" \/>\n<meta property=\"og:locale\" content=\"en_GB\" \/>\n<meta property=\"og:type\" content=\"article\" \/>\n<meta property=\"og:title\" content=\"Empleados p\u00fablicos hacen frente al &#039;tijeretazo&#039; de Mas - Revista Rambla\" \/>\n<meta property=\"og:description\" content=\"El debate de los presupuestos en el Parlament marca una manifestaci\u00f3n de bomberos, polic\u00edas, m\u00e9dicos y profesores. Denuncian que perder\u00e1n entre el 15% y el 20% del poder adquisitivo. Unos 30.000 empleados p\u00fablicos de la Generalitat, seg\u00fan los sindicatos convocantes y 11.000 seg\u00fan el Ayuntamiento se manifestaron en Barcelona para protestar por los recortes de salario y el ajuste de sus condiciones laborales\" \/>\n<meta property=\"og:url\" content=\"https:\/\/www.revistarambla.com\/en\/empleados-publicos-hacen-frente-al-tijeretazo-de-mas\/\" \/>\n<meta property=\"og:site_name\" content=\"Revista Rambla\" \/>\n<meta property=\"article:publisher\" content=\"https:\/\/www.facebook.com\/revistarambla\/\" \/>\n<meta property=\"article:published_time\" content=\"2012-01-19T13:17:31+00:00\" \/>\n<meta property=\"article:modified_time\" content=\"2021-05-16T15:46:17+00:00\" \/>\n<meta property=\"og:image\" content=\"https:\/\/i0.wp.com\/www.revistarambla.com\/wp-content\/uploads\/2012\/01\/jksdhfasdjk.jpg?fit=1600%2C745&ssl=1\" \/>\n\t<meta property=\"og:image:width\" content=\"1600\" \/>\n\t<meta property=\"og:image:height\" content=\"745\" \/>\n\t<meta property=\"og:image:type\" content=\"image\/jpeg\" \/>\n<meta name=\"author\" content=\"Maitane Reguero\" \/>\n<meta name=\"twitter:card\" content=\"summary_large_image\" \/>\n<meta name=\"twitter:creator\" content=\"@revistarambla\" \/>\n<meta name=\"twitter:site\" content=\"@revistarambla\" \/>\n<meta name=\"twitter:label1\" content=\"Written by\" \/>\n\t<meta name=\"twitter:data1\" content=\"Maitane Reguero\" \/>\n\t<meta name=\"twitter:label2\" content=\"Estimated reading time\" \/>\n\t<meta name=\"twitter:data2\" content=\"2 minutes\" \/>\n<script type=\"application\/ld+json\" class=\"yoast-schema-graph\">{\"@context\":\"https:\\\/\\\/schema.org\",\"@graph\":[{\"@type\":\"Article\",\"@id\":\"https:\\\/\\\/www.revistarambla.com\\\/empleados-publicos-hacen-frente-al-tijeretazo-de-mas\\\/#article\",\"isPartOf\":{\"@id\":\"https:\\\/\\\/www.revistarambla.com\\\/empleados-publicos-hacen-frente-al-tijeretazo-de-mas\\\/\"},\"author\":{\"name\":\"Maitane Reguero\",\"@id\":\"https:\\\/\\\/www.revistarambla.com\\\/#\\\/schema\\\/person\\\/4a5652fc8c82df1f8593002d038cd79e\"},\"headline\":\"Empleados p\u00fablicos hacen frente al &#8216;tijeretazo&#8217; de Mas\",\"datePublished\":\"2012-01-19T13:17:31+00:00\",\"dateModified\":\"2021-05-16T15:46:17+00:00\",\"mainEntityOfPage\":{\"@id\":\"https:\\\/\\\/www.revistarambla.com\\\/empleados-publicos-hacen-frente-al-tijeretazo-de-mas\\\/\"},\"wordCount\":452,\"commentCount\":0,\"publisher\":{\"@id\":\"https:\\\/\\\/www.revistarambla.com\\\/#organization\"},\"image\":{\"@id\":\"https:\\\/\\\/www.revistarambla.com\\\/empleados-publicos-hacen-frente-al-tijeretazo-de-mas\\\/#primaryimage\"},\"thumbnailUrl\":\"https:\\\/\\\/www.revistarambla.com\\\/wp-content\\\/uploads\\\/2012\\\/01\\\/jksdhfasdjk.jpg\",\"articleSection\":[\"Actualidad\",\"Barcelona\"],\"inLanguage\":\"en-GB\",\"potentialAction\":[{\"@type\":\"CommentAction\",\"name\":\"Comment\",\"target\":[\"https:\\\/\\\/www.revistarambla.com\\\/empleados-publicos-hacen-frente-al-tijeretazo-de-mas\\\/#respond\"]}]},{\"@type\":\"WebPage\",\"@id\":\"https:\\\/\\\/www.revistarambla.com\\\/empleados-publicos-hacen-frente-al-tijeretazo-de-mas\\\/\",\"url\":\"https:\\\/\\\/www.revistarambla.com\\\/empleados-publicos-hacen-frente-al-tijeretazo-de-mas\\\/\",\"name\":\"Empleados p\u00fablicos hacen frente al 'tijeretazo' de Mas - Revista Rambla\",\"isPartOf\":{\"@id\":\"https:\\\/\\\/www.revistarambla.com\\\/#website\"},\"primaryImageOfPage\":{\"@id\":\"https:\\\/\\\/www.revistarambla.com\\\/empleados-publicos-hacen-frente-al-tijeretazo-de-mas\\\/#primaryimage\"},\"image\":{\"@id\":\"https:\\\/\\\/www.revistarambla.com\\\/empleados-publicos-hacen-frente-al-tijeretazo-de-mas\\\/#primaryimage\"},\"thumbnailUrl\":\"https:\\\/\\\/www.revistarambla.com\\\/wp-content\\\/uploads\\\/2012\\\/01\\\/jksdhfasdjk.jpg\",\"datePublished\":\"2012-01-19T13:17:31+00:00\",\"dateModified\":\"2021-05-16T15:46:17+00:00\",\"breadcrumb\":{\"@id\":\"https:\\\/\\\/www.revistarambla.com\\\/empleados-publicos-hacen-frente-al-tijeretazo-de-mas\\\/#breadcrumb\"},\"inLanguage\":\"en-GB\",\"potentialAction\":[{\"@type\":\"ReadAction\",\"target\":[\"https:\\\/\\\/www.revistarambla.com\\\/empleados-publicos-hacen-frente-al-tijeretazo-de-mas\\\/\"]}]},{\"@type\":\"ImageObject\",\"inLanguage\":\"en-GB\",\"@id\":\"https:\\\/\\\/www.revistarambla.com\\\/empleados-publicos-hacen-frente-al-tijeretazo-de-mas\\\/#primaryimage\",\"url\":\"https:\\\/\\\/www.revistarambla.com\\\/wp-content\\\/uploads\\\/2012\\\/01\\\/jksdhfasdjk.jpg\",\"contentUrl\":\"https:\\\/\\\/www.revistarambla.com\\\/wp-content\\\/uploads\\\/2012\\\/01\\\/jksdhfasdjk.jpg\",\"width\":1600,\"height\":745},{\"@type\":\"BreadcrumbList\",\"@id\":\"https:\\\/\\\/www.revistarambla.com\\\/empleados-publicos-hacen-frente-al-tijeretazo-de-mas\\\/#breadcrumb\",\"itemListElement\":[{\"@type\":\"ListItem\",\"position\":1,\"name\":\"Portada\",\"item\":\"https:\\\/\\\/www.revistarambla.com\\\/\"},{\"@type\":\"ListItem\",\"position\":2,\"name\":\"Empleados p\u00fablicos hacen frente al &#8216;tijeretazo&#8217; de Mas\"}]},{\"@type\":\"WebSite\",\"@id\":\"https:\\\/\\\/www.revistarambla.com\\\/#website\",\"url\":\"https:\\\/\\\/www.revistarambla.com\\\/\",\"name\":\"Revista Rambla Barcelona\",\"description\":\"Periodismo independiente\",\"publisher\":{\"@id\":\"https:\\\/\\\/www.revistarambla.com\\\/#organization\"},\"potentialAction\":[{\"@type\":\"SearchAction\",\"target\":{\"@type\":\"EntryPoint\",\"urlTemplate\":\"https:\\\/\\\/www.revistarambla.com\\\/?s={search_term_string}\"},\"query-input\":{\"@type\":\"PropertyValueSpecification\",\"valueRequired\":true,\"valueName\":\"search_term_string\"}}],\"inLanguage\":\"en-GB\"},{\"@type\":\"Organization\",\"@id\":\"https:\\\/\\\/www.revistarambla.com\\\/#organization\",\"name\":\"Revista Rambla\",\"url\":\"https:\\\/\\\/www.revistarambla.com\\\/\",\"logo\":{\"@type\":\"ImageObject\",\"inLanguage\":\"en-GB\",\"@id\":\"https:\\\/\\\/www.revistarambla.com\\\/#\\\/schema\\\/logo\\\/image\\\/\",\"url\":\"https:\\\/\\\/www.revistarambla.com\\\/wp-content\\\/uploads\\\/2020\\\/09\\\/banner_rambla_1900x600_BB.png\",\"contentUrl\":\"https:\\\/\\\/www.revistarambla.com\\\/wp-content\\\/uploads\\\/2020\\\/09\\\/banner_rambla_1900x600_BB.png\",\"width\":1900,\"height\":600,\"caption\":\"Revista Rambla\"},\"image\":{\"@id\":\"https:\\\/\\\/www.revistarambla.com\\\/#\\\/schema\\\/logo\\\/image\\\/\"},\"sameAs\":[\"https:\\\/\\\/www.facebook.com\\\/revistarambla\\\/\",\"https:\\\/\\\/x.com\\\/revistarambla\",\"https:\\\/\\\/www.instagram.com\\\/revista_rambla\",\"https:\\\/\\\/es.linkedin.com\\\/company\\\/revista-rambla\"]},{\"@type\":\"Person\",\"@id\":\"https:\\\/\\\/www.revistarambla.com\\\/#\\\/schema\\\/person\\\/4a5652fc8c82df1f8593002d038cd79e\",\"name\":\"Maitane Reguero\",\"description\":\"Licenciada en Periodismo por la UPV\\\/EHU. Posgrado en Fotoperiodismo por la UAB.\"}]}<\/script>\n<!-- \/ Yoast SEO plugin. -->","yoast_head_json":{"title":"Empleados p\u00fablicos hacen frente al 'tijeretazo' de Mas - Revista Rambla","robots":{"index":"index","follow":"follow","max-snippet":"max-snippet:-1","max-image-preview":"max-image-preview:large","max-video-preview":"max-video-preview:-1"},"canonical":"https:\/\/www.revistarambla.com\/en\/empleados-publicos-hacen-frente-al-tijeretazo-de-mas\/","og_locale":"en_GB","og_type":"article","og_title":"Empleados p\u00fablicos hacen frente al 'tijeretazo' de Mas - Revista Rambla","og_description":"El debate de los presupuestos en el Parlament marca una manifestaci\u00f3n de bomberos, polic\u00edas, m\u00e9dicos y profesores. Denuncian que perder\u00e1n entre el 15% y el 20% del poder adquisitivo. Unos 30.000 empleados p\u00fablicos de la Generalitat, seg\u00fan los sindicatos convocantes y 11.000 seg\u00fan el Ayuntamiento se manifestaron en Barcelona para protestar por los recortes de salario y el ajuste de sus condiciones laborales","og_url":"https:\/\/www.revistarambla.com\/en\/empleados-publicos-hacen-frente-al-tijeretazo-de-mas\/","og_site_name":"Revista Rambla","article_publisher":"https:\/\/www.facebook.com\/revistarambla\/","article_published_time":"2012-01-19T13:17:31+00:00","article_modified_time":"2021-05-16T15:46:17+00:00","og_image":[{"width":1600,"height":745,"url":"https:\/\/i0.wp.com\/www.revistarambla.com\/wp-content\/uploads\/2012\/01\/jksdhfasdjk.jpg?fit=1600%2C745&ssl=1","type":"image\/jpeg"}],"author":"Maitane Reguero","twitter_card":"summary_large_image","twitter_creator":"@revistarambla","twitter_site":"@revistarambla","twitter_misc":{"Written by":"Maitane Reguero","Estimated reading time":"2 minutes"},"schema":{"@context":"https:\/\/schema.org","@graph":[{"@type":"Article","@id":"https:\/\/www.revistarambla.com\/empleados-publicos-hacen-frente-al-tijeretazo-de-mas\/#article","isPartOf":{"@id":"https:\/\/www.revistarambla.com\/empleados-publicos-hacen-frente-al-tijeretazo-de-mas\/"},"author":{"name":"Maitane Reguero","@id":"https:\/\/www.revistarambla.com\/#\/schema\/person\/4a5652fc8c82df1f8593002d038cd79e"},"headline":"Empleados p\u00fablicos hacen frente al &#8216;tijeretazo&#8217; de Mas","datePublished":"2012-01-19T13:17:31+00:00","dateModified":"2021-05-16T15:46:17+00:00","mainEntityOfPage":{"@id":"https:\/\/www.revistarambla.com\/empleados-publicos-hacen-frente-al-tijeretazo-de-mas\/"},"wordCount":452,"commentCount":0,"publisher":{"@id":"https:\/\/www.revistarambla.com\/#organization"},"image":{"@id":"https:\/\/www.revistarambla.com\/empleados-publicos-hacen-frente-al-tijeretazo-de-mas\/#primaryimage"},"thumbnailUrl":"https:\/\/www.revistarambla.com\/wp-content\/uploads\/2012\/01\/jksdhfasdjk.jpg","articleSection":["Actualidad","Barcelona"],"inLanguage":"en-GB","potentialAction":[{"@type":"CommentAction","name":"Comment","target":["https:\/\/www.revistarambla.com\/empleados-publicos-hacen-frente-al-tijeretazo-de-mas\/#respond"]}]},{"@type":"WebPage","@id":"https:\/\/www.revistarambla.com\/empleados-publicos-hacen-frente-al-tijeretazo-de-mas\/","url":"https:\/\/www.revistarambla.com\/empleados-publicos-hacen-frente-al-tijeretazo-de-mas\/","name":"Empleados p\u00fablicos hacen frente al 'tijeretazo' de Mas - Revista Rambla","isPartOf":{"@id":"https:\/\/www.revistarambla.com\/#website"},"primaryImageOfPage":{"@id":"https:\/\/www.revistarambla.com\/empleados-publicos-hacen-frente-al-tijeretazo-de-mas\/#primaryimage"},"image":{"@id":"https:\/\/www.revistarambla.com\/empleados-publicos-hacen-frente-al-tijeretazo-de-mas\/#primaryimage"},"thumbnailUrl":"https:\/\/www.revistarambla.com\/wp-content\/uploads\/2012\/01\/jksdhfasdjk.jpg","datePublished":"2012-01-19T13:17:31+00:00","dateModified":"2021-05-16T15:46:17+00:00","breadcrumb":{"@id":"https:\/\/www.revistarambla.com\/empleados-publicos-hacen-frente-al-tijeretazo-de-mas\/#breadcrumb"},"inLanguage":"en-GB","potentialAction":[{"@type":"ReadAction","target":["https:\/\/www.revistarambla.com\/empleados-publicos-hacen-frente-al-tijeretazo-de-mas\/"]}]},{"@type":"ImageObject","inLanguage":"en-GB","@id":"https:\/\/www.revistarambla.com\/empleados-publicos-hacen-frente-al-tijeretazo-de-mas\/#primaryimage","url":"https:\/\/www.revistarambla.com\/wp-content\/uploads\/2012\/01\/jksdhfasdjk.jpg","contentUrl":"https:\/\/www.revistarambla.com\/wp-content\/uploads\/2012\/01\/jksdhfasdjk.jpg","width":1600,"height":745},{"@type":"BreadcrumbList","@id":"https:\/\/www.revistarambla.com\/empleados-publicos-hacen-frente-al-tijeretazo-de-mas\/#breadcrumb","itemListElement":[{"@type":"ListItem","position":1,"name":"Portada","item":"https:\/\/www.revistarambla.com\/"},{"@type":"ListItem","position":2,"name":"Empleados p\u00fablicos hacen frente al &#8216;tijeretazo&#8217; de Mas"}]},{"@type":"WebSite","@id":"https:\/\/www.revistarambla.com\/#website","url":"https:\/\/www.revistarambla.com\/","name":"Revista Rambla Barcelona","description":"Periodismo independiente","publisher":{"@id":"https:\/\/www.revistarambla.com\/#organization"},"potentialAction":[{"@type":"SearchAction","target":{"@type":"EntryPoint","urlTemplate":"https:\/\/www.revistarambla.com\/?s={search_term_string}"},"query-input":{"@type":"PropertyValueSpecification","valueRequired":true,"valueName":"search_term_string"}}],"inLanguage":"en-GB"},{"@type":"Organization","@id":"https:\/\/www.revistarambla.com\/#organization","name":"Revista Rambla","url":"https:\/\/www.revistarambla.com\/","logo":{"@type":"ImageObject","inLanguage":"en-GB","@id":"https:\/\/www.revistarambla.com\/#\/schema\/logo\/image\/","url":"https:\/\/www.revistarambla.com\/wp-content\/uploads\/2020\/09\/banner_rambla_1900x600_BB.png","contentUrl":"https:\/\/www.revistarambla.com\/wp-content\/uploads\/2020\/09\/banner_rambla_1900x600_BB.png","width":1900,"height":600,"caption":"Revista Rambla"},"image":{"@id":"https:\/\/www.revistarambla.com\/#\/schema\/logo\/image\/"},"sameAs":["https:\/\/www.facebook.com\/revistarambla\/","https:\/\/x.com\/revistarambla","https:\/\/www.instagram.com\/revista_rambla","https:\/\/es.linkedin.com\/company\/revista-rambla"]},{"@type":"Person","@id":"https:\/\/www.revistarambla.com\/#\/schema\/person\/4a5652fc8c82df1f8593002d038cd79e","name":"Maitane Reguero","description":"Licenciada en Periodismo por la UPV\/EHU. Posgrado en Fotoperiodismo por la UAB."}]}},"_links":{"self":[{"href":"https:\/\/www.revistarambla.com\/en\/wp-json\/wp\/v2\/posts\/1310","targetHints":{"allow":["GET"]}}],"collection":[{"href":"https:\/\/www.revistarambla.com\/en\/wp-json\/wp\/v2\/posts"}],"about":[{"href":"https:\/\/www.revistarambla.com\/en\/wp-json\/wp\/v2\/types\/post"}],"author":[{"embeddable":true,"href":"https:\/\/www.revistarambla.com\/en\/wp-json\/wp\/v2\/users\/1"}],"replies":[{"embeddable":true,"href":"https:\/\/www.revistarambla.com\/en\/wp-json\/wp\/v2\/comments?post=1310"}],"version-history":[{"count":0,"href":"https:\/\/www.revistarambla.com\/en\/wp-json\/wp\/v2\/posts\/1310\/revisions"}],"wp:featuredmedia":[{"embeddable":true,"href":"https:\/\/www.revistarambla.com\/en\/wp-json\/wp\/v2\/media\/31840"}],"wp:attachment":[{"href":"https:\/\/www.revistarambla.com\/en\/wp-json\/wp\/v2\/media?parent=1310"}],"wp:term":[{"taxonomy":"category","embeddable":true,"href":"https:\/\/www.revistarambla.com\/en\/wp-json\/wp\/v2\/categories?post=1310"},{"taxonomy":"post_tag","embeddable":true,"href":"https:\/\/www.revistarambla.com\/en\/wp-json\/wp\/v2\/tags?post=1310"}],"curies":[{"name":"wp","href":"https:\/\/api.w.org\/{rel}","templated":true}]}}