{"id":1306,"date":"2012-01-15T06:34:34","date_gmt":"2012-01-15T05:34:34","guid":{"rendered":"https:\/\/www.revistarambla.com\/manifiesto-a-favor-del-diario-publico-y-su-continuidad\/"},"modified":"2021-12-28T19:36:53","modified_gmt":"2021-12-28T18:36:53","slug":"manifiesto-a-favor-del-diario-publico-y-su-continuidad","status":"publish","type":"post","link":"https:\/\/www.revistarambla.com\/en\/manifiesto-a-favor-del-diario-publico-y-su-continuidad\/","title":{"rendered":"Manifiesto a favor del diario &#8216;P\u00fablico&#8217; y su continuidad"},"content":{"rendered":"<p>Los abajo firmantes queremos expresar nuestra solidaridad con el diario \u201cP\u00fablico\u201d, en momentos en que la crisis econ\u00f3mica que padecemos afecta a tantos aspectos de nuestra sociedad y, particularmente, a la prensa escrita, haciendo problem\u00e1tico el futuro de P\u00fablico. Consideramos que el desarrollo pluralista de la prensa constituye una pieza fundamental en el correcto funcionamiento de la democracia, de la cultura y del avance social. Y estimamos que P\u00fablico ocupa un lugar singular y destacado en el panorama de la prensa espa\u00f1ola.<\/p>\n<p>En sus p\u00e1ginas, frente al desconcierto, el conformismo y la resignaci\u00f3n ante la actual crisis, se han publicado rigurosos y documentados an\u00e1lisis sobre la misma, acompa\u00f1ados por propuestas eficaces para lograr su superaci\u00f3n. Se ha fustigado con minuciosidad y rigor la corrupci\u00f3n pol\u00edtica y social, que degrada nuestra actual realidad. Se ha defendido la necesidad de hacer justicia a nuestra m\u00e1s reciente historia, a la II Rep\u00fablica espa\u00f1ola\u00a0 y a las v\u00edctimas de la dictadura. Se ha prestado amplia atenci\u00f3n al Movimiento de los Indignados del 15 M con su an\u00e1lisis. Y se han acogido y apoyado las demandas feministas, adem\u00e1s de excluir, en un gesto \u00e9tico, cualquier publicidad de prostituci\u00f3n.<\/p>\n<p>En el orden internacional, a trav\u00e9s de una informaci\u00f3n precisa y cr\u00edtica,\u00a0 se ha mantenido una visi\u00f3n liberada de los interesados t\u00f3picos propalados desde los grandes centros de poder. Y a estas realizaciones debemos a\u00f1adir la atenci\u00f3n prestada a la ciencia y la tecnolog\u00eda, cuyo comentario y difusi\u00f3n, muchas veces relegado en los medios de difusi\u00f3n, debe formar parte de todo periodismo actual.<\/p>\n<p>Por todo ello consideramos que la desaparici\u00f3n de P\u00fablico nos privar\u00eda de un decisivo medio de informaci\u00f3n y cultura. Ante este riesgo queremos hacer un llamamiento a todas las personas interesadas en el desarrollo de la informaci\u00f3n competente y la cultura para las acciones de apoyo que aseguren la continuidad del Diario P\u00fablico, en el camino, hace algo m\u00e1s de cuatro a\u00f1os,\u00a0 emprendido.<\/p>\n<p><em>*Carlos Par\u00eds es Catedr\u00e1tico Em\u00e9rito de Filosof\u00eda, escritor y Presidente del Ateneo Madrile\u00f1o.<\/em><\/p>","protected":false},"excerpt":{"rendered":"<p>Los abajo firmantes queremos expresar nuestra solidaridad con el diario \u201cP\u00fablico\u201d, en momentos en que la crisis econ\u00f3mica que padecemos afecta a tantos aspectos de nuestra sociedad y, particularmente, a la prensa escrita, haciendo problem\u00e1tico el futuro de P\u00fablico. Consideramos que el desarrollo pluralista de la prensa constituye una pieza [&hellip;]<\/p>\n","protected":false},"author":87,"featured_media":31824,"comment_status":"open","ping_status":"open","sticky":false,"template":"","format":"standard","meta":{"footnotes":""},"categories":[72],"tags":[],"class_list":["post-1306","post","type-post","status-publish","format-standard","has-post-thumbnail","hentry","category-opinion"],"yoast_head":"<!-- This site is optimized with the Yoast SEO plugin v27.5 - https:\/\/yoast.com\/product\/yoast-seo-wordpress\/ -->\n<title>Manifiesto a favor del diario &#039;P\u00fablico&#039; y su continuidad - Revista Rambla<\/title>\n<meta name=\"robots\" content=\"index, follow, max-snippet:-1, max-image-preview:large, max-video-preview:-1\" \/>\n<link rel=\"canonical\" href=\"https:\/\/www.revistarambla.com\/en\/manifiesto-a-favor-del-diario-publico-y-su-continuidad\/\" \/>\n<meta property=\"og:locale\" content=\"en_GB\" \/>\n<meta property=\"og:type\" content=\"article\" \/>\n<meta property=\"og:title\" content=\"Manifiesto a favor del diario &#039;P\u00fablico&#039; y su continuidad - Revista Rambla\" \/>\n<meta property=\"og:description\" content=\"Los abajo firmantes queremos expresar nuestra solidaridad con el diario \u201cP\u00fablico\u201d, en momentos en que la crisis econ\u00f3mica que padecemos afecta a tantos aspectos de nuestra sociedad y, particularmente, a la prensa escrita, haciendo problem\u00e1tico el futuro de P\u00fablico. Consideramos que el desarrollo pluralista de la prensa constituye una pieza [&hellip;]\" \/>\n<meta property=\"og:url\" content=\"https:\/\/www.revistarambla.com\/en\/manifiesto-a-favor-del-diario-publico-y-su-continuidad\/\" \/>\n<meta property=\"og:site_name\" content=\"Revista Rambla\" \/>\n<meta property=\"article:publisher\" content=\"https:\/\/www.facebook.com\/revistarambla\/\" \/>\n<meta property=\"article:published_time\" content=\"2012-01-15T05:34:34+00:00\" \/>\n<meta property=\"article:modified_time\" content=\"2021-12-28T18:36:53+00:00\" \/>\n<meta property=\"og:image\" content=\"https:\/\/www.revistarambla.com\/wp-content\/uploads\/2012\/01\/publico.jpg\" \/>\n\t<meta property=\"og:image:width\" content=\"225\" \/>\n\t<meta property=\"og:image:height\" content=\"250\" \/>\n\t<meta property=\"og:image:type\" content=\"image\/jpeg\" \/>\n<meta name=\"author\" content=\"Carlos Par\u00eds Amador\" \/>\n<meta name=\"twitter:card\" content=\"summary_large_image\" \/>\n<meta name=\"twitter:creator\" content=\"@revistarambla\" \/>\n<meta name=\"twitter:site\" content=\"@revistarambla\" \/>\n<meta name=\"twitter:label1\" content=\"Written by\" \/>\n\t<meta name=\"twitter:data1\" content=\"Carlos Par\u00eds Amador\" \/>\n\t<meta name=\"twitter:label2\" content=\"Estimated reading time\" \/>\n\t<meta name=\"twitter:data2\" content=\"2 minutes\" \/>\n<script type=\"application\/ld+json\" class=\"yoast-schema-graph\">{\"@context\":\"https:\\\/\\\/schema.org\",\"@graph\":[{\"@type\":\"Article\",\"@id\":\"https:\\\/\\\/www.revistarambla.com\\\/manifiesto-a-favor-del-diario-publico-y-su-continuidad\\\/#article\",\"isPartOf\":{\"@id\":\"https:\\\/\\\/www.revistarambla.com\\\/manifiesto-a-favor-del-diario-publico-y-su-continuidad\\\/\"},\"author\":{\"name\":\"Carlos Par\u00eds Amador\",\"@id\":\"https:\\\/\\\/www.revistarambla.com\\\/#\\\/schema\\\/person\\\/559efa779b0766551d55c26cdc8c6d53\"},\"headline\":\"Manifiesto a favor del diario &#8216;P\u00fablico&#8217; y su continuidad\",\"datePublished\":\"2012-01-15T05:34:34+00:00\",\"dateModified\":\"2021-12-28T18:36:53+00:00\",\"mainEntityOfPage\":{\"@id\":\"https:\\\/\\\/www.revistarambla.com\\\/manifiesto-a-favor-del-diario-publico-y-su-continuidad\\\/\"},\"wordCount\":385,\"commentCount\":0,\"publisher\":{\"@id\":\"https:\\\/\\\/www.revistarambla.com\\\/#organization\"},\"image\":{\"@id\":\"https:\\\/\\\/www.revistarambla.com\\\/manifiesto-a-favor-del-diario-publico-y-su-continuidad\\\/#primaryimage\"},\"thumbnailUrl\":\"https:\\\/\\\/www.revistarambla.com\\\/wp-content\\\/uploads\\\/2012\\\/01\\\/publico.jpg\",\"articleSection\":[\"Opiniones\"],\"inLanguage\":\"en-GB\",\"potentialAction\":[{\"@type\":\"CommentAction\",\"name\":\"Comment\",\"target\":[\"https:\\\/\\\/www.revistarambla.com\\\/manifiesto-a-favor-del-diario-publico-y-su-continuidad\\\/#respond\"]}]},{\"@type\":\"WebPage\",\"@id\":\"https:\\\/\\\/www.revistarambla.com\\\/manifiesto-a-favor-del-diario-publico-y-su-continuidad\\\/\",\"url\":\"https:\\\/\\\/www.revistarambla.com\\\/manifiesto-a-favor-del-diario-publico-y-su-continuidad\\\/\",\"name\":\"Manifiesto a favor del diario 'P\u00fablico' y su continuidad - Revista Rambla\",\"isPartOf\":{\"@id\":\"https:\\\/\\\/www.revistarambla.com\\\/#website\"},\"primaryImageOfPage\":{\"@id\":\"https:\\\/\\\/www.revistarambla.com\\\/manifiesto-a-favor-del-diario-publico-y-su-continuidad\\\/#primaryimage\"},\"image\":{\"@id\":\"https:\\\/\\\/www.revistarambla.com\\\/manifiesto-a-favor-del-diario-publico-y-su-continuidad\\\/#primaryimage\"},\"thumbnailUrl\":\"https:\\\/\\\/www.revistarambla.com\\\/wp-content\\\/uploads\\\/2012\\\/01\\\/publico.jpg\",\"datePublished\":\"2012-01-15T05:34:34+00:00\",\"dateModified\":\"2021-12-28T18:36:53+00:00\",\"breadcrumb\":{\"@id\":\"https:\\\/\\\/www.revistarambla.com\\\/manifiesto-a-favor-del-diario-publico-y-su-continuidad\\\/#breadcrumb\"},\"inLanguage\":\"en-GB\",\"potentialAction\":[{\"@type\":\"ReadAction\",\"target\":[\"https:\\\/\\\/www.revistarambla.com\\\/manifiesto-a-favor-del-diario-publico-y-su-continuidad\\\/\"]}]},{\"@type\":\"ImageObject\",\"inLanguage\":\"en-GB\",\"@id\":\"https:\\\/\\\/www.revistarambla.com\\\/manifiesto-a-favor-del-diario-publico-y-su-continuidad\\\/#primaryimage\",\"url\":\"https:\\\/\\\/www.revistarambla.com\\\/wp-content\\\/uploads\\\/2012\\\/01\\\/publico.jpg\",\"contentUrl\":\"https:\\\/\\\/www.revistarambla.com\\\/wp-content\\\/uploads\\\/2012\\\/01\\\/publico.jpg\",\"width\":225,\"height\":250},{\"@type\":\"BreadcrumbList\",\"@id\":\"https:\\\/\\\/www.revistarambla.com\\\/manifiesto-a-favor-del-diario-publico-y-su-continuidad\\\/#breadcrumb\",\"itemListElement\":[{\"@type\":\"ListItem\",\"position\":1,\"name\":\"Portada\",\"item\":\"https:\\\/\\\/www.revistarambla.com\\\/\"},{\"@type\":\"ListItem\",\"position\":2,\"name\":\"Manifiesto a favor del diario &#8216;P\u00fablico&#8217; y su continuidad\"}]},{\"@type\":\"WebSite\",\"@id\":\"https:\\\/\\\/www.revistarambla.com\\\/#website\",\"url\":\"https:\\\/\\\/www.revistarambla.com\\\/\",\"name\":\"Revista Rambla Barcelona\",\"description\":\"Periodismo independiente\",\"publisher\":{\"@id\":\"https:\\\/\\\/www.revistarambla.com\\\/#organization\"},\"potentialAction\":[{\"@type\":\"SearchAction\",\"target\":{\"@type\":\"EntryPoint\",\"urlTemplate\":\"https:\\\/\\\/www.revistarambla.com\\\/?s={search_term_string}\"},\"query-input\":{\"@type\":\"PropertyValueSpecification\",\"valueRequired\":true,\"valueName\":\"search_term_string\"}}],\"inLanguage\":\"en-GB\"},{\"@type\":\"Organization\",\"@id\":\"https:\\\/\\\/www.revistarambla.com\\\/#organization\",\"name\":\"Revista Rambla\",\"url\":\"https:\\\/\\\/www.revistarambla.com\\\/\",\"logo\":{\"@type\":\"ImageObject\",\"inLanguage\":\"en-GB\",\"@id\":\"https:\\\/\\\/www.revistarambla.com\\\/#\\\/schema\\\/logo\\\/image\\\/\",\"url\":\"https:\\\/\\\/www.revistarambla.com\\\/wp-content\\\/uploads\\\/2020\\\/09\\\/banner_rambla_1900x600_BB.png\",\"contentUrl\":\"https:\\\/\\\/www.revistarambla.com\\\/wp-content\\\/uploads\\\/2020\\\/09\\\/banner_rambla_1900x600_BB.png\",\"width\":1900,\"height\":600,\"caption\":\"Revista Rambla\"},\"image\":{\"@id\":\"https:\\\/\\\/www.revistarambla.com\\\/#\\\/schema\\\/logo\\\/image\\\/\"},\"sameAs\":[\"https:\\\/\\\/www.facebook.com\\\/revistarambla\\\/\",\"https:\\\/\\\/x.com\\\/revistarambla\",\"https:\\\/\\\/www.instagram.com\\\/revista_rambla\",\"https:\\\/\\\/es.linkedin.com\\\/company\\\/revista-rambla\"]},{\"@type\":\"Person\",\"@id\":\"https:\\\/\\\/www.revistarambla.com\\\/#\\\/schema\\\/person\\\/559efa779b0766551d55c26cdc8c6d53\",\"name\":\"Carlos Par\u00eds Amador\",\"description\":\"Fil\u00f3sofo, escritor y columnista espa\u00f1ol, catedr\u00e1tico de la Facultad de Filosof\u00eda de la Universidad de Valencia entre 1960 y 1968, donde llev\u00f3 a cabo una clandestina lucha antifranquista, Honoris Causa en la misma, em\u00e9rito de Filosof\u00eda en la Universidad Aut\u00f3noma de Madrid y miembro del Comit\u00e9 Central del Partido Comunista de Espa\u00f1a. Desde 1997 hasta 2014 fue presidente del Ateneo de Madrid.\",\"sameAs\":[\"https:\\\/\\\/carlosparis.wordpress.com\\\/\",\"https:\\\/\\\/es.wikipedia.org\\\/wiki\\\/Carlos_Pars\"]}]}<\/script>\n<!-- \/ Yoast SEO plugin. -->","yoast_head_json":{"title":"Manifiesto a favor del diario 'P\u00fablico' y su continuidad - Revista Rambla","robots":{"index":"index","follow":"follow","max-snippet":"max-snippet:-1","max-image-preview":"max-image-preview:large","max-video-preview":"max-video-preview:-1"},"canonical":"https:\/\/www.revistarambla.com\/en\/manifiesto-a-favor-del-diario-publico-y-su-continuidad\/","og_locale":"en_GB","og_type":"article","og_title":"Manifiesto a favor del diario 'P\u00fablico' y su continuidad - Revista Rambla","og_description":"Los abajo firmantes queremos expresar nuestra solidaridad con el diario \u201cP\u00fablico\u201d, en momentos en que la crisis econ\u00f3mica que padecemos afecta a tantos aspectos de nuestra sociedad y, particularmente, a la prensa escrita, haciendo problem\u00e1tico el futuro de P\u00fablico. Consideramos que el desarrollo pluralista de la prensa constituye una pieza [&hellip;]","og_url":"https:\/\/www.revistarambla.com\/en\/manifiesto-a-favor-del-diario-publico-y-su-continuidad\/","og_site_name":"Revista Rambla","article_publisher":"https:\/\/www.facebook.com\/revistarambla\/","article_published_time":"2012-01-15T05:34:34+00:00","article_modified_time":"2021-12-28T18:36:53+00:00","og_image":[{"width":225,"height":250,"url":"https:\/\/www.revistarambla.com\/wp-content\/uploads\/2012\/01\/publico.jpg","type":"image\/jpeg"}],"author":"Carlos Par\u00eds Amador","twitter_card":"summary_large_image","twitter_creator":"@revistarambla","twitter_site":"@revistarambla","twitter_misc":{"Written by":"Carlos Par\u00eds Amador","Estimated reading time":"2 minutes"},"schema":{"@context":"https:\/\/schema.org","@graph":[{"@type":"Article","@id":"https:\/\/www.revistarambla.com\/manifiesto-a-favor-del-diario-publico-y-su-continuidad\/#article","isPartOf":{"@id":"https:\/\/www.revistarambla.com\/manifiesto-a-favor-del-diario-publico-y-su-continuidad\/"},"author":{"name":"Carlos Par\u00eds Amador","@id":"https:\/\/www.revistarambla.com\/#\/schema\/person\/559efa779b0766551d55c26cdc8c6d53"},"headline":"Manifiesto a favor del diario &#8216;P\u00fablico&#8217; y su continuidad","datePublished":"2012-01-15T05:34:34+00:00","dateModified":"2021-12-28T18:36:53+00:00","mainEntityOfPage":{"@id":"https:\/\/www.revistarambla.com\/manifiesto-a-favor-del-diario-publico-y-su-continuidad\/"},"wordCount":385,"commentCount":0,"publisher":{"@id":"https:\/\/www.revistarambla.com\/#organization"},"image":{"@id":"https:\/\/www.revistarambla.com\/manifiesto-a-favor-del-diario-publico-y-su-continuidad\/#primaryimage"},"thumbnailUrl":"https:\/\/www.revistarambla.com\/wp-content\/uploads\/2012\/01\/publico.jpg","articleSection":["Opiniones"],"inLanguage":"en-GB","potentialAction":[{"@type":"CommentAction","name":"Comment","target":["https:\/\/www.revistarambla.com\/manifiesto-a-favor-del-diario-publico-y-su-continuidad\/#respond"]}]},{"@type":"WebPage","@id":"https:\/\/www.revistarambla.com\/manifiesto-a-favor-del-diario-publico-y-su-continuidad\/","url":"https:\/\/www.revistarambla.com\/manifiesto-a-favor-del-diario-publico-y-su-continuidad\/","name":"Manifiesto a favor del diario 'P\u00fablico' y su continuidad - Revista Rambla","isPartOf":{"@id":"https:\/\/www.revistarambla.com\/#website"},"primaryImageOfPage":{"@id":"https:\/\/www.revistarambla.com\/manifiesto-a-favor-del-diario-publico-y-su-continuidad\/#primaryimage"},"image":{"@id":"https:\/\/www.revistarambla.com\/manifiesto-a-favor-del-diario-publico-y-su-continuidad\/#primaryimage"},"thumbnailUrl":"https:\/\/www.revistarambla.com\/wp-content\/uploads\/2012\/01\/publico.jpg","datePublished":"2012-01-15T05:34:34+00:00","dateModified":"2021-12-28T18:36:53+00:00","breadcrumb":{"@id":"https:\/\/www.revistarambla.com\/manifiesto-a-favor-del-diario-publico-y-su-continuidad\/#breadcrumb"},"inLanguage":"en-GB","potentialAction":[{"@type":"ReadAction","target":["https:\/\/www.revistarambla.com\/manifiesto-a-favor-del-diario-publico-y-su-continuidad\/"]}]},{"@type":"ImageObject","inLanguage":"en-GB","@id":"https:\/\/www.revistarambla.com\/manifiesto-a-favor-del-diario-publico-y-su-continuidad\/#primaryimage","url":"https:\/\/www.revistarambla.com\/wp-content\/uploads\/2012\/01\/publico.jpg","contentUrl":"https:\/\/www.revistarambla.com\/wp-content\/uploads\/2012\/01\/publico.jpg","width":225,"height":250},{"@type":"BreadcrumbList","@id":"https:\/\/www.revistarambla.com\/manifiesto-a-favor-del-diario-publico-y-su-continuidad\/#breadcrumb","itemListElement":[{"@type":"ListItem","position":1,"name":"Portada","item":"https:\/\/www.revistarambla.com\/"},{"@type":"ListItem","position":2,"name":"Manifiesto a favor del diario &#8216;P\u00fablico&#8217; y su continuidad"}]},{"@type":"WebSite","@id":"https:\/\/www.revistarambla.com\/#website","url":"https:\/\/www.revistarambla.com\/","name":"Revista Rambla Barcelona","description":"Periodismo independiente","publisher":{"@id":"https:\/\/www.revistarambla.com\/#organization"},"potentialAction":[{"@type":"SearchAction","target":{"@type":"EntryPoint","urlTemplate":"https:\/\/www.revistarambla.com\/?s={search_term_string}"},"query-input":{"@type":"PropertyValueSpecification","valueRequired":true,"valueName":"search_term_string"}}],"inLanguage":"en-GB"},{"@type":"Organization","@id":"https:\/\/www.revistarambla.com\/#organization","name":"Revista Rambla","url":"https:\/\/www.revistarambla.com\/","logo":{"@type":"ImageObject","inLanguage":"en-GB","@id":"https:\/\/www.revistarambla.com\/#\/schema\/logo\/image\/","url":"https:\/\/www.revistarambla.com\/wp-content\/uploads\/2020\/09\/banner_rambla_1900x600_BB.png","contentUrl":"https:\/\/www.revistarambla.com\/wp-content\/uploads\/2020\/09\/banner_rambla_1900x600_BB.png","width":1900,"height":600,"caption":"Revista Rambla"},"image":{"@id":"https:\/\/www.revistarambla.com\/#\/schema\/logo\/image\/"},"sameAs":["https:\/\/www.facebook.com\/revistarambla\/","https:\/\/x.com\/revistarambla","https:\/\/www.instagram.com\/revista_rambla","https:\/\/es.linkedin.com\/company\/revista-rambla"]},{"@type":"Person","@id":"https:\/\/www.revistarambla.com\/#\/schema\/person\/559efa779b0766551d55c26cdc8c6d53","name":"Carlos Par\u00eds Amador","description":"Fil\u00f3sofo, escritor y columnista espa\u00f1ol, catedr\u00e1tico de la Facultad de Filosof\u00eda de la Universidad de Valencia entre 1960 y 1968, donde llev\u00f3 a cabo una clandestina lucha antifranquista, Honoris Causa en la misma, em\u00e9rito de Filosof\u00eda en la Universidad Aut\u00f3noma de Madrid y miembro del Comit\u00e9 Central del Partido Comunista de Espa\u00f1a. Desde 1997 hasta 2014 fue presidente del Ateneo de Madrid.","sameAs":["https:\/\/carlosparis.wordpress.com\/","https:\/\/es.wikipedia.org\/wiki\/Carlos_Pars"]}]}},"_links":{"self":[{"href":"https:\/\/www.revistarambla.com\/en\/wp-json\/wp\/v2\/posts\/1306","targetHints":{"allow":["GET"]}}],"collection":[{"href":"https:\/\/www.revistarambla.com\/en\/wp-json\/wp\/v2\/posts"}],"about":[{"href":"https:\/\/www.revistarambla.com\/en\/wp-json\/wp\/v2\/types\/post"}],"author":[{"embeddable":true,"href":"https:\/\/www.revistarambla.com\/en\/wp-json\/wp\/v2\/users\/87"}],"replies":[{"embeddable":true,"href":"https:\/\/www.revistarambla.com\/en\/wp-json\/wp\/v2\/comments?post=1306"}],"version-history":[{"count":0,"href":"https:\/\/www.revistarambla.com\/en\/wp-json\/wp\/v2\/posts\/1306\/revisions"}],"wp:featuredmedia":[{"embeddable":true,"href":"https:\/\/www.revistarambla.com\/en\/wp-json\/wp\/v2\/media\/31824"}],"wp:attachment":[{"href":"https:\/\/www.revistarambla.com\/en\/wp-json\/wp\/v2\/media?parent=1306"}],"wp:term":[{"taxonomy":"category","embeddable":true,"href":"https:\/\/www.revistarambla.com\/en\/wp-json\/wp\/v2\/categories?post=1306"},{"taxonomy":"post_tag","embeddable":true,"href":"https:\/\/www.revistarambla.com\/en\/wp-json\/wp\/v2\/tags?post=1306"}],"curies":[{"name":"wp","href":"https:\/\/api.w.org\/{rel}","templated":true}]}}