{"id":12928,"date":"2017-06-09T08:05:52","date_gmt":"2017-06-09T06:05:52","guid":{"rendered":"https:\/\/www.revistarambla.com\/?p=12928"},"modified":"2021-04-02T17:26:13","modified_gmt":"2021-04-02T15:26:13","slug":"raul-gonzalez-tunon-visita-a-federico-en-la-tertulia-de-granada","status":"publish","type":"post","link":"https:\/\/www.revistarambla.com\/en\/raul-gonzalez-tunon-visita-a-federico-en-la-tertulia-de-granada\/","title":{"rendered":"Ra\u00fal Gonz\u00e1lez Tu\u00f1\u00f3n visita a Federico en La Tertulia de Granada"},"content":{"rendered":"<p style=\"text-align: justify;\"><strong>El bar La Tertulia de Granada no es un local cualquiera. Lo cre\u00f3 el exilado argentino Horacio R\u00e9bora en 1980, y ya naci\u00f3 con intenci\u00f3n de ser un foco cultural. Actualmente es un mito al alcance de cualquiera que desee subirse al escenario a interpretar m\u00fasica, cantar, actuar, recitar, realizar debates, presentaciones\u2026<\/strong><\/p>\n<p style=\"text-align: justify;\"><img decoding=\"async\" class=\"aligncenter wp-image-12930 size-full\" src=\"https:\/\/www.revistarambla.com\/wp-content\/uploads\/2017\/06\/latertulia-2.jpg\" width=\"652\" height=\"427\" srcset=\"https:\/\/www.revistarambla.com\/wp-content\/uploads\/2017\/06\/latertulia-2.jpg 652w, https:\/\/www.revistarambla.com\/wp-content\/uploads\/2017\/06\/latertulia-2-300x196.jpg 300w, https:\/\/www.revistarambla.com\/wp-content\/uploads\/2017\/06\/latertulia-2-500x327.jpg 500w\" sizes=\"(max-width: 652px) 100vw, 652px\" \/><\/p>\n<p style=\"text-align: justify;\">Por aqu\u00ed han pasado poetas consagrados como Rafael Alberti, y otros m\u00e1s j\u00f3venes, como los que redactaron el manifiesto \u201cLa otra sentimentalidad\u201d: Juan Carlos Rodr\u00edguez, Javier Egea, \u00c1lvaro Salvador, Luis Garc\u00eda Montero\u2026 Cantaores, tanguistas, rockeros, actores y actrices\u2026<\/p>\n<p style=\"text-align: justify;\">Horacio \u2013<em>Tato<\/em> para los amigos\u2013 recuerda en la presentaci\u00f3n de la tertulia en la noche del cinco de junio que Imperio Argentina se tom\u00f3 un g\u00fcisqui aqu\u00ed con casi noventa a\u00f1os \u201clo que demuestra que el g\u00fcisqui y La Tertulia favorecen la longevidad\u201d. Esta es una noche muy especial, pues de vivir Federico Garc\u00eda Lorca cumplir\u00eda 119 a\u00f1os, y eso no pasa desapercibido en su tierra.<\/p>\n<p style=\"text-align: justify;\">Por ese motivo se ha organizado un homenaje a la amistad de Federico con el poeta argentino Ra\u00fal Gonz\u00e1lez Tu\u00f1\u00f3n, aprovechando que su hijo Adolfo se encuentra de visita en la ciudad. He coincido con \u00e9l y con el joven poeta local Fernando Grieta en la entrada del local y enseguida ha fluido una conversaci\u00f3n amena, donde hemos recordado an\u00e9cdotas curiosas de la azarosa vida del poeta. \u201cPap\u00e1 vivi\u00f3 el periodo de la Segunda Guerra Mundial en Chile. Su trabajo como periodista le hac\u00eda trabajar hasta muy tarde, tecleaba los art\u00edculos sin dejar de fumar y bebiendo cantidades ingentes de caf\u00e9. La cosa termin\u00f3 en una angina de pecho\u2026 Por eso hab\u00e9is visto en internet esa foto suya que est\u00e1 hospitalizado y atendido por el joven cardi\u00f3logo Salvador Allende.\u201d<\/p>\n<p style=\"text-align: justify;\">Le comento que soy de la generaci\u00f3n que descubri\u00f3 la poes\u00eda de su padre gracias al disco que comparti\u00f3 Paco Ib\u00e1\u00f1ez con el Cuarteto Cedr\u00f3n a finales de los setenta, la parte de Paco estaba dedicada a Pablo Neruda, y la parte del cuarteto estaba dedicada a su gran amigo argentino Ra\u00fal. \u201cFueron tan amigos que los dos matrimonios vivieron juntos varios a\u00f1os.\u201d<\/p>\n<figure id=\"attachment_12931\" aria-describedby=\"caption-attachment-12931\" style=\"width: 322px\" class=\"wp-caption alignleft\"><img decoding=\"async\" class=\"wp-image-12931\" src=\"https:\/\/www.revistarambla.com\/wp-content\/uploads\/2017\/06\/JuandeLoxa-02.jpg\" width=\"322\" height=\"251\" srcset=\"https:\/\/www.revistarambla.com\/wp-content\/uploads\/2017\/06\/JuandeLoxa-02.jpg 652w, https:\/\/www.revistarambla.com\/wp-content\/uploads\/2017\/06\/JuandeLoxa-02-300x234.jpg 300w, https:\/\/www.revistarambla.com\/wp-content\/uploads\/2017\/06\/JuandeLoxa-02-500x390.jpg 500w\" sizes=\"(max-width: 322px) 100vw, 322px\" \/><figcaption id=\"caption-attachment-12931\" class=\"wp-caption-text\">Juan de Loxa<\/figcaption><\/figure>\n<p style=\"text-align: justify;\">\u201c\u00a1Qu\u00e9 gran tipo es Paco! Hoy he hablado con \u00e9l\u2026 F\u00edjate si le gusta Argentina que cuando hablamos siempre lo hace imitando los modos platenses\u201d.<\/p>\n<p style=\"text-align: justify;\">Lo reclaman para empezar el acto y nos acomodamos en el local. En la mesa, acompa\u00f1an a Adolfo, el poeta y activista cultural Juan de Loxa, l\u00facido y combativo a sus 73 a\u00f1os; y Carlos Andreoli, poeta y cantautor argentino asiduo a La Tertulia y que de muy joven conoci\u00f3 al maestro Ra\u00fal.<\/p>\n<p style=\"text-align: justify;\">Juan es vehemente y directo, explica que es la primera vez en muchos a\u00f1os que no celebra el cumplea\u00f1os de Federico en su Casa Museo de Fuente Vaqueros \u2013que dirigi\u00f3 veinte a\u00f1os\u2013 pero la ocasi\u00f3n lo merece, pues \u201cEsta noche van a revivir Federico y Ra\u00fal junto a su amistad y su poes\u00eda. A Ra\u00fal lo veo como otro componente de la Generaci\u00f3n del 27, igual que a Pablo Neruda, los miembros argentino y chileno de la generaci\u00f3n. Hay que recordar que adem\u00e1s de grandes poetas, eran genios de la amistad y del buen humor. Eran simpatiqu\u00edsimos y se divert\u00edan mucho juntos\u201d.<\/p>\n<p style=\"text-align: justify;\">No para de hojear su vieja edici\u00f3n de Losada de Ra\u00fal Gonz\u00e1lez Tu\u00f1\u00f3n y leer fragmentos ilustrativos de sus argumentos. (Es muy dif\u00edcil encontrar la obra de Ra\u00fal en Espa\u00f1a \u2013la edici\u00f3n que tengo de Visor la compr\u00e9 al poeta-editor-librero Batll\u00f3 en su librer\u00eda de la calle Verdi de Gr\u00e0cia \u2013Barcelona\u2013 y, pese a estar subvencionada por los fastos de V Centenario, contiene algunas erratas graves\u2013. A\u00fan as\u00ed, sus seguidores somos una legi\u00f3n fiel, felices de disfrutar una obra tan conmovedora.)<\/p>\n<p style=\"text-align: justify;\">Como ejemplo del profundo sentido del humor de Lorca, Juan lee un fragmento de <em>Retablillo de don Crist\u00f3bal<\/em>, aquel donde describe como ronca cada uno de sus amigos, y que suprimi\u00f3 en la edici\u00f3n espa\u00f1ola:<\/p>\n<p style=\"text-align: justify;\">\u201cBuenas noches, caballeros. Pues yo digo que Pablo Suero ronca m\u00e1s que yo. \u00a1Me est\u00e1n fastidiantes! Todos roncan.<\/p>\n<p style=\"text-align: justify;\">Octavio Ram\u00edrez ronca como una flauta,<\/p>\n<p style=\"text-align: justify;\">Edmundo Guibourg ronca como un saxof\u00f3n,<\/p>\n<p style=\"text-align: justify;\">Oliverio Girondo ronca como un piano<\/p>\n<p style=\"text-align: justify;\">y Pablo Suero ronca como un tromb\u00f3n.<\/p>\n<p style=\"text-align: justify;\">Nal\u00e9 Roxlo ronca como una aguja,<\/p>\n<p style=\"text-align: justify;\">Amado Villar ronca como un bandone\u00f3n,<\/p>\n<p style=\"text-align: justify;\">Pablo Neruda ronca como una calavera<\/p>\n<p style=\"text-align: justify;\">y Rojas Paz ronca ex\u00e1ctamente igual que Ra\u00fal Gonz\u00e1lez Tu\u00f1\u00f3n.<\/p>\n<p style=\"text-align: justify;\">El cr\u00edtico del Diario<\/p>\n<p style=\"text-align: justify;\">ronca de modo extraordinario<\/p>\n<p style=\"text-align: justify;\">y el cr\u00edtico del Diario Espa\u00f1ol<\/p>\n<p style=\"text-align: justify;\">ronca toda la funci\u00f3n<\/p>\n<p style=\"text-align: justify;\">y en medio de ella se le cae el bast\u00f3n y hace pon pon.\u201d<\/p>\n<figure id=\"attachment_12933\" aria-describedby=\"caption-attachment-12933\" style=\"width: 322px\" class=\"wp-caption alignright\"><img decoding=\"async\" class=\"wp-image-12933\" src=\"https:\/\/www.revistarambla.com\/wp-content\/uploads\/2017\/06\/AdolfoGonzalez-05.jpg\" width=\"322\" height=\"389\" srcset=\"https:\/\/www.revistarambla.com\/wp-content\/uploads\/2017\/06\/AdolfoGonzalez-05.jpg 624w, https:\/\/www.revistarambla.com\/wp-content\/uploads\/2017\/06\/AdolfoGonzalez-05-248x300.jpg 248w, https:\/\/www.revistarambla.com\/wp-content\/uploads\/2017\/06\/AdolfoGonzalez-05-500x604.jpg 500w\" sizes=\"(max-width: 322px) 100vw, 322px\" \/><figcaption id=\"caption-attachment-12933\" class=\"wp-caption-text\">Adolfo Gonzalez<\/figcaption><\/figure>\n<p style=\"text-align: justify;\">Adolfo recuerda que los cuatro abuelos de su padre eran asturianos y de c\u00f3mo, en su primer viaje a Espa\u00f1a en 1935, su ilusi\u00f3n era conocer Asturias, pero coincidi\u00f3 con la represi\u00f3n contra los mineros que dirigi\u00f3 el joven y cruel general Franco, lo que le impidi\u00f3 llegar. Fruto de aquella experiencia escribi\u00f3 <em>La Rosa Blindada<\/em>.<\/p>\n<p style=\"text-align: justify;\">\u201cFederico pas\u00f3 mucho tiempo en Buenos Aires, y conoci\u00f3 un \u00e9xito arrollador, la gente lo paraba por la calle para pedirle aut\u00f3grafos.\u201d All\u00ed estren\u00f3 numerosas obras de teatro y obtuvo los primeros ingresos econ\u00f3micos importantes por su trabajo, lo que le permiti\u00f3 cierta independencia de la familia.<\/p>\n<p style=\"text-align: justify;\">\u201cPap\u00e1 ten\u00eda unos ojos muy negros que le brillaban de manera especial cuando recordaba a Federico. Siempre lo llam\u00f3 Federico. Tambi\u00e9n recordaba a Miguelito (Miguel Hern\u00e1ndez) y a Don Antonio (Antonio Machado).\u201d En la l\u00ednea de lo dicho por Juan de Loxa, su padre siempre le explicaba lo impactante de vivir cerca de una persona que, adem\u00e1s de buena y divertida, cada cinco minutos dec\u00eda o hac\u00eda una genialidad.<\/p>\n<p style=\"text-align: justify;\">\u201cEn 1976, al poco de morir pap\u00e1, viaj\u00e9 a Madrid con mi mam\u00e1, y quiso visitar el caf\u00e9 de Correos, donde se reun\u00edan antes de la guerra todos los poetas. Encontramos un camarero de la \u00e9poca y mam\u00e1 le pregunt\u00f3 \u2018\u00bfNo recordar\u00e1 a mi marido, un poeta argentino\u2026?\u2019 pero el lac\u00f3nico camarero respondi\u00f3 \u2018S\u00f3lo recuerdo al se\u00f1or Federico, que era quien pagaba\u2019.\u201d<\/p>\n<p style=\"text-align: justify;\">Tambi\u00e9n record\u00f3 la amistad de su padre con los ladrones bonaerenses, a los que le dedic\u00f3 algunos poemas: \u201cEran \u2018otros\u2019 ladrones. Vinculado a los ambientes del tango, alguno de ellos tanguistas profesionales. Se saludaban levantando la mano y diciendo \u2018Con todo\u2019. Esa costumbre ven\u00eda de la prisi\u00f3n, cuando el \u00faltimo d\u00eda de condena los ven\u00eda a buscar el carcelero y, despu\u00e9s de llamarlos por su nombre, levantaba la mano indicando que lo siguiera y le dec\u00eda \u201cCon todo\u201d, que significaba que recogiera todo lo que tuvieran en la celda, que ya no iba a volver.<\/p>\n<p style=\"text-align: justify;\">\u201cLos ladrones usan gorra gris, bufanda oscura y camiseta a rayas.\u00a0Algunos llevan una linterna sorda en el bolsillo. Por otra parte, se enamoran\u00a0de robustas muchachas, coleccionan tarjetas postales y a veces\u00a0lucen un tatuaje en el brazo izquierdo, una flor, un barco y un nombre:\u00a0Rosita. Todos los ladrones est\u00e1n enamorados de Rosita y yo tambi\u00e9n. Los\u00a0ladrones saben silbar, bajarse de los coches en movimiento y bailar el\u00a0vals. Aman sobre todo a la madre anciana y cuando \u00e9sta se les muere\u00a0cantan un tango, lloran desconsoladamente y de los objetos dejados por\u00a0la muerta, a repartirse entre los hermanos, eligen una virgen de plata y\u00a0el canario.\u201d<\/p>\n<p style=\"text-align: justify;\">A Adolfo tambi\u00e9n le brillan los ojos hablando de su padre y sus amigos. Y de su t\u00edo Enrique, tambi\u00e9n periodista, poeta, tanguista, bohemio, anarquista\u2026 que muri\u00f3 con s\u00f3lo 42 a\u00f1os, ignorado por la cultura oficial. Los j\u00f3venes lo reivindican por la novela <em>Camas desde un peso<\/em> y el poemario <em>La calle de los sue\u00f1os perdidos<\/em>, recientemente musicado por el cantautor argentino \u00a0<a href=\"https:\/\/es.wikipedia.org\/w\/index.php?title=Jos%C3%A9_Luis_Pascual&amp;action=edit&amp;redlink=1\">Jos\u00e9 Luis Pascual<\/a>.<\/p>\n<p style=\"text-align: justify;\">Entre emociones y reconocimientos, le llega la hora a Carlos Andreoli que, acompa\u00f1ado de su guitarra, canta emocionado poemas de su maestro y amigo Ra\u00fal, que \u00e9l ha musicado y grabado. Tambi\u00e9n incluye el poema que le dedic\u00f3 Miguel Hern\u00e1ndez:<\/p>\n<figure id=\"attachment_12934\" aria-describedby=\"caption-attachment-12934\" style=\"width: 595px\" class=\"wp-caption aligncenter\"><img decoding=\"async\" class=\"wp-image-12934 size-full\" src=\"https:\/\/www.revistarambla.com\/wp-content\/uploads\/2017\/06\/CarlosAndreoli-04.jpg\" width=\"595\" height=\"436\" srcset=\"https:\/\/www.revistarambla.com\/wp-content\/uploads\/2017\/06\/CarlosAndreoli-04.jpg 595w, https:\/\/www.revistarambla.com\/wp-content\/uploads\/2017\/06\/CarlosAndreoli-04-300x220.jpg 300w, https:\/\/www.revistarambla.com\/wp-content\/uploads\/2017\/06\/CarlosAndreoli-04-500x366.jpg 500w, https:\/\/www.revistarambla.com\/wp-content\/uploads\/2017\/06\/CarlosAndreoli-04-80x60.jpg 80w\" sizes=\"(max-width: 595px) 100vw, 595px\" \/><figcaption id=\"caption-attachment-12934\" class=\"wp-caption-text\">Carlos Andreoli<\/figcaption><\/figure>\n<p style=\"text-align: justify;\">\u00a0\u00a0\u00a0 \u201cRa\u00fal, si el cielo azul se constelara<br \/>\nsobre sus cinco cielos de ra\u00fales<br \/>\na la revoluci\u00f3n sus cinco azules<br \/>\ncomo cinco banderas entregara.<br \/>\nHombres como t\u00fa eres pido para<br \/>\namontonar la muerte de gandules,<br \/>\ncuando t\u00fa como el rayo gesticules<br \/>\ny como el rayo al rayo des la cara.<br \/>\nEnarbolado est\u00e1s como el martillo,<br \/>\nenarbolado truenas y protestas,<br \/>\nenarbolado te alzas a diario<br \/>\ny a los obreros de metal sencillo<br \/>\ninvitas a estampar en turbias testas<br \/>\nrel\u00e1mpagos de fuego sanguinario.\u201d<\/p>\n<p style=\"text-align: justify;\">Pero la noche no acaba en La Tertulia, pues entre risas, aplausos y cervezas se reclama a voluntarios que quieran salir a recitar. El joven poeta Fernando Grieta no quiere dejar pasar la oportunidad de rendir un homenaje a un poeta que ha estado buscando por las calles y los mercadillos de Buenos Aires en un viaje del que acaba de regresar:<\/p>\n<figure id=\"attachment_12935\" aria-describedby=\"caption-attachment-12935\" style=\"width: 359px\" class=\"wp-caption aligncenter\"><img decoding=\"async\" class=\"wp-image-12935 size-full\" src=\"https:\/\/www.revistarambla.com\/wp-content\/uploads\/2017\/06\/FernandoGrieta-3-1.jpg\" width=\"359\" height=\"539\" srcset=\"https:\/\/www.revistarambla.com\/wp-content\/uploads\/2017\/06\/FernandoGrieta-3-1.jpg 359w, https:\/\/www.revistarambla.com\/wp-content\/uploads\/2017\/06\/FernandoGrieta-3-1-200x300.jpg 200w\" sizes=\"(max-width: 359px) 100vw, 359px\" \/><figcaption id=\"caption-attachment-12935\" class=\"wp-caption-text\">Fernando Grieta<\/figcaption><\/figure>\n<p style=\"text-align: justify;\">\u201cLa calle del agujero en la media<\/p>\n<p style=\"text-align: justify;\">Yo conozco una calle que hay en cualquier ciudad<br \/>\ny la mujer que amo con una boina azul.<br \/>\nUna calle que nadie conoce ni transita.<br \/>\nYo conozco la m\u00fasica de un barrac\u00f3n de feria,<br \/>\nbarquitos en botella y humo en el horizonte.<br \/>\nYo conozco una calle que hay en cualquier ciudad.<\/p>\n<p style=\"text-align: justify;\">Ni la noche tumbada sobre el ruido del bar<br \/>\nni los labios sesgados sobre un viejo cantar<br \/>\nni el affiche gastado del grotesco armaz\u00f3n<br \/>\ntelara\u00f1a del mundo para mi coraz\u00f3n.<br \/>\nNi las luces que siempre se van con otros hombres<br \/>\nde rodillas desnudas y de brazo tendidos.<br \/>\nTen\u00eda unos pocos sue\u00f1os iguales a los sue\u00f1os<br \/>\nque acarician de noche a los ni\u00f1os queridos.<br \/>\nTen\u00eda el resplandor de una felicidad<br \/>\nY ve\u00eda mi rostro fijado en las vidrieras<br \/>\nY en un lugar del mundo era un hombre feliz.<\/p>\n<p style=\"text-align: justify;\">\u00bfConoce usted paisajes pintados en los vidrios<br \/>\ny mu\u00f1ecas de trapo con alegres bonetes<br \/>\ny soldaditos juntos marchando en la ma\u00f1ana<br \/>\ny carros de verdura con colores alegres?<br \/>\nYo conozco una calle de una ciudad cualquiera<br \/>\ny mi alma tan lejana y tan cerca de m\u00ed<br \/>\ny riendo de la muerte y de la suerte y<br \/>\nfeliz como una rama de viento de primavera.<\/p>\n<p style=\"text-align: justify;\">El ciego est\u00e1 cantando. Te digo, amo la guerra.<br \/>\nEsto es simple, querida, como el globo de luz<br \/>\ndel hotel en que vives. Yo subo la escalera<br \/>\ny la m\u00fasica viene a mi lado, la m\u00fasica.<br \/>\nLos dos somos gitanos de una troupe vagabunda.<br \/>\nAlegres en lo alto de una calle cualquiera,<br \/>\nalegres las campanas con una nueva voz.<br \/>\nT\u00fa crees todav\u00eda en la revoluci\u00f3n<br \/>\ny por el agujero que coses en la media<br \/>\nsale el sol y se llena todo el cuarto de sol.<\/p>\n<p style=\"text-align: justify;\">Yo conozco una calle que hay en cualquier ciudad,<br \/>\nuna calle que nadie conoce ni transita.<br \/>\nS\u00f3lo yo voy por ella con mi dolor desnudo,<br \/>\ns\u00f3lo con el recuerdo de una mujer querida.<br \/>\nEst\u00e1 en un puerto. \u00bfUn puerto? Yo he conocido un puerto.<br \/>\nDecir: Yo he conocido, es decir: Algo ha muerto.\u201d<\/p>\n<p style=\"text-align: justify;\">Una actriz lorquiana, que empez\u00f3 a frecuentar La Tertulia siendo una adolescente, propone que cantemos Cumplea\u00f1os feliz\u2026 Y entre falsetes y notas desafinadas nos vamos despidiendo. \u201cCon todo\u201d: recojo la c\u00e1mara y meto en la mochila la nostalgia, las ilusiones, los anhelos y el recuerdo feliz de una poes\u00eda que me acompa\u00f1ar\u00e1 mientras viva.<\/p>","protected":false},"excerpt":{"rendered":"<p>El bar La Tertulia de Granada no es un local cualquiera. Lo cre\u00f3 el exilado argentino Horacio R\u00e9bora en 1980, y ya naci\u00f3 con intenci\u00f3n de ser un foco cultural. Actualmente es un mito al alcance de cualquiera que desee subirse al escenario a interpretar m\u00fasica, cantar, actuar, recitar, realizar [&hellip;]<\/p>\n","protected":false},"author":3,"featured_media":12929,"comment_status":"open","ping_status":"open","sticky":false,"template":"","format":"standard","meta":{"footnotes":""},"categories":[4],"tags":[],"class_list":["post-12928","post","type-post","status-publish","format-standard","has-post-thumbnail","hentry","category-cultura"],"yoast_head":"<!-- This site is optimized with the Yoast SEO plugin v27.5 - https:\/\/yoast.com\/product\/yoast-seo-wordpress\/ -->\n<title>Ra\u00fal Gonz\u00e1lez Tu\u00f1\u00f3n visita a Federico en La Tertulia de Granada - Revista Rambla<\/title>\n<meta name=\"robots\" content=\"index, follow, max-snippet:-1, max-image-preview:large, max-video-preview:-1\" \/>\n<link rel=\"canonical\" href=\"https:\/\/www.revistarambla.com\/en\/raul-gonzalez-tunon-visita-a-federico-en-la-tertulia-de-granada\/\" \/>\n<meta property=\"og:locale\" content=\"en_GB\" \/>\n<meta property=\"og:type\" content=\"article\" \/>\n<meta property=\"og:title\" content=\"Ra\u00fal Gonz\u00e1lez Tu\u00f1\u00f3n visita a Federico en La Tertulia de Granada - Revista Rambla\" \/>\n<meta property=\"og:description\" content=\"El bar La Tertulia de Granada no es un local cualquiera. Lo cre\u00f3 el exilado argentino Horacio R\u00e9bora en 1980, y ya naci\u00f3 con intenci\u00f3n de ser un foco cultural. Actualmente es un mito al alcance de cualquiera que desee subirse al escenario a interpretar m\u00fasica, cantar, actuar, recitar, realizar [&hellip;]\" \/>\n<meta property=\"og:url\" content=\"https:\/\/www.revistarambla.com\/en\/raul-gonzalez-tunon-visita-a-federico-en-la-tertulia-de-granada\/\" \/>\n<meta property=\"og:site_name\" content=\"Revista Rambla\" \/>\n<meta property=\"article:publisher\" content=\"https:\/\/www.facebook.com\/revistarambla\/\" \/>\n<meta property=\"article:author\" content=\"https:\/\/www.facebook.com\/revistarambla\" \/>\n<meta property=\"article:published_time\" content=\"2017-06-09T06:05:52+00:00\" \/>\n<meta property=\"article:modified_time\" content=\"2021-04-02T15:26:13+00:00\" \/>\n<meta property=\"og:image\" content=\"https:\/\/i1.wp.com\/www.revistarambla.com\/wp-content\/uploads\/2017\/06\/latertulia-100.jpg?fit=629%2C425&ssl=1\" \/>\n\t<meta property=\"og:image:width\" content=\"629\" \/>\n\t<meta property=\"og:image:height\" content=\"425\" \/>\n\t<meta property=\"og:image:type\" content=\"image\/jpeg\" \/>\n<meta name=\"author\" content=\"Josep M. Maya\" \/>\n<meta name=\"twitter:card\" content=\"summary_large_image\" \/>\n<meta name=\"twitter:creator\" content=\"@revistarambla\" \/>\n<meta name=\"twitter:site\" content=\"@revistarambla\" \/>\n<meta name=\"twitter:label1\" content=\"Written by\" \/>\n\t<meta name=\"twitter:data1\" content=\"Josep M. Maya\" \/>\n\t<meta name=\"twitter:label2\" content=\"Estimated reading time\" \/>\n\t<meta name=\"twitter:data2\" content=\"10 minutes\" \/>\n<script type=\"application\/ld+json\" class=\"yoast-schema-graph\">{\"@context\":\"https:\\\/\\\/schema.org\",\"@graph\":[{\"@type\":\"Article\",\"@id\":\"https:\\\/\\\/www.revistarambla.com\\\/raul-gonzalez-tunon-visita-a-federico-en-la-tertulia-de-granada\\\/#article\",\"isPartOf\":{\"@id\":\"https:\\\/\\\/www.revistarambla.com\\\/raul-gonzalez-tunon-visita-a-federico-en-la-tertulia-de-granada\\\/\"},\"author\":{\"name\":\"Josep M. Maya\",\"@id\":\"https:\\\/\\\/www.revistarambla.com\\\/#\\\/schema\\\/person\\\/a146a5a2550b94981a75131180e1bd9c\"},\"headline\":\"Ra\u00fal Gonz\u00e1lez Tu\u00f1\u00f3n visita a Federico en La Tertulia de Granada\",\"datePublished\":\"2017-06-09T06:05:52+00:00\",\"dateModified\":\"2021-04-02T15:26:13+00:00\",\"mainEntityOfPage\":{\"@id\":\"https:\\\/\\\/www.revistarambla.com\\\/raul-gonzalez-tunon-visita-a-federico-en-la-tertulia-de-granada\\\/\"},\"wordCount\":2020,\"commentCount\":0,\"publisher\":{\"@id\":\"https:\\\/\\\/www.revistarambla.com\\\/#organization\"},\"image\":{\"@id\":\"https:\\\/\\\/www.revistarambla.com\\\/raul-gonzalez-tunon-visita-a-federico-en-la-tertulia-de-granada\\\/#primaryimage\"},\"thumbnailUrl\":\"https:\\\/\\\/www.revistarambla.com\\\/wp-content\\\/uploads\\\/2017\\\/06\\\/latertulia-100.jpg\",\"articleSection\":[\"Cultura\"],\"inLanguage\":\"en-GB\",\"potentialAction\":[{\"@type\":\"CommentAction\",\"name\":\"Comment\",\"target\":[\"https:\\\/\\\/www.revistarambla.com\\\/raul-gonzalez-tunon-visita-a-federico-en-la-tertulia-de-granada\\\/#respond\"]}]},{\"@type\":\"WebPage\",\"@id\":\"https:\\\/\\\/www.revistarambla.com\\\/raul-gonzalez-tunon-visita-a-federico-en-la-tertulia-de-granada\\\/\",\"url\":\"https:\\\/\\\/www.revistarambla.com\\\/raul-gonzalez-tunon-visita-a-federico-en-la-tertulia-de-granada\\\/\",\"name\":\"Ra\u00fal Gonz\u00e1lez Tu\u00f1\u00f3n visita a Federico en La Tertulia de Granada - Revista Rambla\",\"isPartOf\":{\"@id\":\"https:\\\/\\\/www.revistarambla.com\\\/#website\"},\"primaryImageOfPage\":{\"@id\":\"https:\\\/\\\/www.revistarambla.com\\\/raul-gonzalez-tunon-visita-a-federico-en-la-tertulia-de-granada\\\/#primaryimage\"},\"image\":{\"@id\":\"https:\\\/\\\/www.revistarambla.com\\\/raul-gonzalez-tunon-visita-a-federico-en-la-tertulia-de-granada\\\/#primaryimage\"},\"thumbnailUrl\":\"https:\\\/\\\/www.revistarambla.com\\\/wp-content\\\/uploads\\\/2017\\\/06\\\/latertulia-100.jpg\",\"datePublished\":\"2017-06-09T06:05:52+00:00\",\"dateModified\":\"2021-04-02T15:26:13+00:00\",\"breadcrumb\":{\"@id\":\"https:\\\/\\\/www.revistarambla.com\\\/raul-gonzalez-tunon-visita-a-federico-en-la-tertulia-de-granada\\\/#breadcrumb\"},\"inLanguage\":\"en-GB\",\"potentialAction\":[{\"@type\":\"ReadAction\",\"target\":[\"https:\\\/\\\/www.revistarambla.com\\\/raul-gonzalez-tunon-visita-a-federico-en-la-tertulia-de-granada\\\/\"]}]},{\"@type\":\"ImageObject\",\"inLanguage\":\"en-GB\",\"@id\":\"https:\\\/\\\/www.revistarambla.com\\\/raul-gonzalez-tunon-visita-a-federico-en-la-tertulia-de-granada\\\/#primaryimage\",\"url\":\"https:\\\/\\\/www.revistarambla.com\\\/wp-content\\\/uploads\\\/2017\\\/06\\\/latertulia-100.jpg\",\"contentUrl\":\"https:\\\/\\\/www.revistarambla.com\\\/wp-content\\\/uploads\\\/2017\\\/06\\\/latertulia-100.jpg\",\"width\":629,\"height\":425},{\"@type\":\"BreadcrumbList\",\"@id\":\"https:\\\/\\\/www.revistarambla.com\\\/raul-gonzalez-tunon-visita-a-federico-en-la-tertulia-de-granada\\\/#breadcrumb\",\"itemListElement\":[{\"@type\":\"ListItem\",\"position\":1,\"name\":\"Portada\",\"item\":\"https:\\\/\\\/www.revistarambla.com\\\/\"},{\"@type\":\"ListItem\",\"position\":2,\"name\":\"Ra\u00fal Gonz\u00e1lez Tu\u00f1\u00f3n visita a Federico en La Tertulia de Granada\"}]},{\"@type\":\"WebSite\",\"@id\":\"https:\\\/\\\/www.revistarambla.com\\\/#website\",\"url\":\"https:\\\/\\\/www.revistarambla.com\\\/\",\"name\":\"Revista Rambla Barcelona\",\"description\":\"Periodismo independiente\",\"publisher\":{\"@id\":\"https:\\\/\\\/www.revistarambla.com\\\/#organization\"},\"potentialAction\":[{\"@type\":\"SearchAction\",\"target\":{\"@type\":\"EntryPoint\",\"urlTemplate\":\"https:\\\/\\\/www.revistarambla.com\\\/?s={search_term_string}\"},\"query-input\":{\"@type\":\"PropertyValueSpecification\",\"valueRequired\":true,\"valueName\":\"search_term_string\"}}],\"inLanguage\":\"en-GB\"},{\"@type\":\"Organization\",\"@id\":\"https:\\\/\\\/www.revistarambla.com\\\/#organization\",\"name\":\"Revista Rambla\",\"url\":\"https:\\\/\\\/www.revistarambla.com\\\/\",\"logo\":{\"@type\":\"ImageObject\",\"inLanguage\":\"en-GB\",\"@id\":\"https:\\\/\\\/www.revistarambla.com\\\/#\\\/schema\\\/logo\\\/image\\\/\",\"url\":\"https:\\\/\\\/www.revistarambla.com\\\/wp-content\\\/uploads\\\/2020\\\/09\\\/banner_rambla_1900x600_BB.png\",\"contentUrl\":\"https:\\\/\\\/www.revistarambla.com\\\/wp-content\\\/uploads\\\/2020\\\/09\\\/banner_rambla_1900x600_BB.png\",\"width\":1900,\"height\":600,\"caption\":\"Revista Rambla\"},\"image\":{\"@id\":\"https:\\\/\\\/www.revistarambla.com\\\/#\\\/schema\\\/logo\\\/image\\\/\"},\"sameAs\":[\"https:\\\/\\\/www.facebook.com\\\/revistarambla\\\/\",\"https:\\\/\\\/x.com\\\/revistarambla\",\"https:\\\/\\\/www.instagram.com\\\/revista_rambla\",\"https:\\\/\\\/es.linkedin.com\\\/company\\\/revista-rambla\"]},{\"@type\":\"Person\",\"@id\":\"https:\\\/\\\/www.revistarambla.com\\\/#\\\/schema\\\/person\\\/a146a5a2550b94981a75131180e1bd9c\",\"name\":\"Josep M. Maya\",\"sameAs\":[\"https:\\\/\\\/www.facebook.com\\\/revistarambla\",\"https:\\\/\\\/x.com\\\/revistarambla\"]}]}<\/script>\n<!-- \/ Yoast SEO plugin. -->","yoast_head_json":{"title":"Ra\u00fal Gonz\u00e1lez Tu\u00f1\u00f3n visita a Federico en La Tertulia de Granada - Revista Rambla","robots":{"index":"index","follow":"follow","max-snippet":"max-snippet:-1","max-image-preview":"max-image-preview:large","max-video-preview":"max-video-preview:-1"},"canonical":"https:\/\/www.revistarambla.com\/en\/raul-gonzalez-tunon-visita-a-federico-en-la-tertulia-de-granada\/","og_locale":"en_GB","og_type":"article","og_title":"Ra\u00fal Gonz\u00e1lez Tu\u00f1\u00f3n visita a Federico en La Tertulia de Granada - Revista Rambla","og_description":"El bar La Tertulia de Granada no es un local cualquiera. Lo cre\u00f3 el exilado argentino Horacio R\u00e9bora en 1980, y ya naci\u00f3 con intenci\u00f3n de ser un foco cultural. Actualmente es un mito al alcance de cualquiera que desee subirse al escenario a interpretar m\u00fasica, cantar, actuar, recitar, realizar [&hellip;]","og_url":"https:\/\/www.revistarambla.com\/en\/raul-gonzalez-tunon-visita-a-federico-en-la-tertulia-de-granada\/","og_site_name":"Revista Rambla","article_publisher":"https:\/\/www.facebook.com\/revistarambla\/","article_author":"https:\/\/www.facebook.com\/revistarambla","article_published_time":"2017-06-09T06:05:52+00:00","article_modified_time":"2021-04-02T15:26:13+00:00","og_image":[{"width":629,"height":425,"url":"https:\/\/i1.wp.com\/www.revistarambla.com\/wp-content\/uploads\/2017\/06\/latertulia-100.jpg?fit=629%2C425&ssl=1","type":"image\/jpeg"}],"author":"Josep M. Maya","twitter_card":"summary_large_image","twitter_creator":"@revistarambla","twitter_site":"@revistarambla","twitter_misc":{"Written by":"Josep M. Maya","Estimated reading time":"10 minutes"},"schema":{"@context":"https:\/\/schema.org","@graph":[{"@type":"Article","@id":"https:\/\/www.revistarambla.com\/raul-gonzalez-tunon-visita-a-federico-en-la-tertulia-de-granada\/#article","isPartOf":{"@id":"https:\/\/www.revistarambla.com\/raul-gonzalez-tunon-visita-a-federico-en-la-tertulia-de-granada\/"},"author":{"name":"Josep M. Maya","@id":"https:\/\/www.revistarambla.com\/#\/schema\/person\/a146a5a2550b94981a75131180e1bd9c"},"headline":"Ra\u00fal Gonz\u00e1lez Tu\u00f1\u00f3n visita a Federico en La Tertulia de Granada","datePublished":"2017-06-09T06:05:52+00:00","dateModified":"2021-04-02T15:26:13+00:00","mainEntityOfPage":{"@id":"https:\/\/www.revistarambla.com\/raul-gonzalez-tunon-visita-a-federico-en-la-tertulia-de-granada\/"},"wordCount":2020,"commentCount":0,"publisher":{"@id":"https:\/\/www.revistarambla.com\/#organization"},"image":{"@id":"https:\/\/www.revistarambla.com\/raul-gonzalez-tunon-visita-a-federico-en-la-tertulia-de-granada\/#primaryimage"},"thumbnailUrl":"https:\/\/www.revistarambla.com\/wp-content\/uploads\/2017\/06\/latertulia-100.jpg","articleSection":["Cultura"],"inLanguage":"en-GB","potentialAction":[{"@type":"CommentAction","name":"Comment","target":["https:\/\/www.revistarambla.com\/raul-gonzalez-tunon-visita-a-federico-en-la-tertulia-de-granada\/#respond"]}]},{"@type":"WebPage","@id":"https:\/\/www.revistarambla.com\/raul-gonzalez-tunon-visita-a-federico-en-la-tertulia-de-granada\/","url":"https:\/\/www.revistarambla.com\/raul-gonzalez-tunon-visita-a-federico-en-la-tertulia-de-granada\/","name":"Ra\u00fal Gonz\u00e1lez Tu\u00f1\u00f3n visita a Federico en La Tertulia de Granada - Revista Rambla","isPartOf":{"@id":"https:\/\/www.revistarambla.com\/#website"},"primaryImageOfPage":{"@id":"https:\/\/www.revistarambla.com\/raul-gonzalez-tunon-visita-a-federico-en-la-tertulia-de-granada\/#primaryimage"},"image":{"@id":"https:\/\/www.revistarambla.com\/raul-gonzalez-tunon-visita-a-federico-en-la-tertulia-de-granada\/#primaryimage"},"thumbnailUrl":"https:\/\/www.revistarambla.com\/wp-content\/uploads\/2017\/06\/latertulia-100.jpg","datePublished":"2017-06-09T06:05:52+00:00","dateModified":"2021-04-02T15:26:13+00:00","breadcrumb":{"@id":"https:\/\/www.revistarambla.com\/raul-gonzalez-tunon-visita-a-federico-en-la-tertulia-de-granada\/#breadcrumb"},"inLanguage":"en-GB","potentialAction":[{"@type":"ReadAction","target":["https:\/\/www.revistarambla.com\/raul-gonzalez-tunon-visita-a-federico-en-la-tertulia-de-granada\/"]}]},{"@type":"ImageObject","inLanguage":"en-GB","@id":"https:\/\/www.revistarambla.com\/raul-gonzalez-tunon-visita-a-federico-en-la-tertulia-de-granada\/#primaryimage","url":"https:\/\/www.revistarambla.com\/wp-content\/uploads\/2017\/06\/latertulia-100.jpg","contentUrl":"https:\/\/www.revistarambla.com\/wp-content\/uploads\/2017\/06\/latertulia-100.jpg","width":629,"height":425},{"@type":"BreadcrumbList","@id":"https:\/\/www.revistarambla.com\/raul-gonzalez-tunon-visita-a-federico-en-la-tertulia-de-granada\/#breadcrumb","itemListElement":[{"@type":"ListItem","position":1,"name":"Portada","item":"https:\/\/www.revistarambla.com\/"},{"@type":"ListItem","position":2,"name":"Ra\u00fal Gonz\u00e1lez Tu\u00f1\u00f3n visita a Federico en La Tertulia de Granada"}]},{"@type":"WebSite","@id":"https:\/\/www.revistarambla.com\/#website","url":"https:\/\/www.revistarambla.com\/","name":"Revista Rambla Barcelona","description":"Periodismo independiente","publisher":{"@id":"https:\/\/www.revistarambla.com\/#organization"},"potentialAction":[{"@type":"SearchAction","target":{"@type":"EntryPoint","urlTemplate":"https:\/\/www.revistarambla.com\/?s={search_term_string}"},"query-input":{"@type":"PropertyValueSpecification","valueRequired":true,"valueName":"search_term_string"}}],"inLanguage":"en-GB"},{"@type":"Organization","@id":"https:\/\/www.revistarambla.com\/#organization","name":"Revista Rambla","url":"https:\/\/www.revistarambla.com\/","logo":{"@type":"ImageObject","inLanguage":"en-GB","@id":"https:\/\/www.revistarambla.com\/#\/schema\/logo\/image\/","url":"https:\/\/www.revistarambla.com\/wp-content\/uploads\/2020\/09\/banner_rambla_1900x600_BB.png","contentUrl":"https:\/\/www.revistarambla.com\/wp-content\/uploads\/2020\/09\/banner_rambla_1900x600_BB.png","width":1900,"height":600,"caption":"Revista Rambla"},"image":{"@id":"https:\/\/www.revistarambla.com\/#\/schema\/logo\/image\/"},"sameAs":["https:\/\/www.facebook.com\/revistarambla\/","https:\/\/x.com\/revistarambla","https:\/\/www.instagram.com\/revista_rambla","https:\/\/es.linkedin.com\/company\/revista-rambla"]},{"@type":"Person","@id":"https:\/\/www.revistarambla.com\/#\/schema\/person\/a146a5a2550b94981a75131180e1bd9c","name":"Josep M. Maya","sameAs":["https:\/\/www.facebook.com\/revistarambla","https:\/\/x.com\/revistarambla"]}]}},"_links":{"self":[{"href":"https:\/\/www.revistarambla.com\/en\/wp-json\/wp\/v2\/posts\/12928","targetHints":{"allow":["GET"]}}],"collection":[{"href":"https:\/\/www.revistarambla.com\/en\/wp-json\/wp\/v2\/posts"}],"about":[{"href":"https:\/\/www.revistarambla.com\/en\/wp-json\/wp\/v2\/types\/post"}],"author":[{"embeddable":true,"href":"https:\/\/www.revistarambla.com\/en\/wp-json\/wp\/v2\/users\/3"}],"replies":[{"embeddable":true,"href":"https:\/\/www.revistarambla.com\/en\/wp-json\/wp\/v2\/comments?post=12928"}],"version-history":[{"count":0,"href":"https:\/\/www.revistarambla.com\/en\/wp-json\/wp\/v2\/posts\/12928\/revisions"}],"wp:featuredmedia":[{"embeddable":true,"href":"https:\/\/www.revistarambla.com\/en\/wp-json\/wp\/v2\/media\/12929"}],"wp:attachment":[{"href":"https:\/\/www.revistarambla.com\/en\/wp-json\/wp\/v2\/media?parent=12928"}],"wp:term":[{"taxonomy":"category","embeddable":true,"href":"https:\/\/www.revistarambla.com\/en\/wp-json\/wp\/v2\/categories?post=12928"},{"taxonomy":"post_tag","embeddable":true,"href":"https:\/\/www.revistarambla.com\/en\/wp-json\/wp\/v2\/tags?post=12928"}],"curies":[{"name":"wp","href":"https:\/\/api.w.org\/{rel}","templated":true}]}}