{"id":12852,"date":"2017-06-03T08:07:02","date_gmt":"2017-06-03T06:07:02","guid":{"rendered":"https:\/\/www.revistarambla.com\/?p=12852"},"modified":"2021-12-07T17:20:15","modified_gmt":"2021-12-07T16:20:15","slug":"javi-jareno-el-cantautor-que-rompe-la-ola","status":"publish","type":"post","link":"https:\/\/www.revistarambla.com\/en\/javi-jareno-el-cantautor-que-rompe-la-ola\/","title":{"rendered":"Javi Jare\u00f1o, el cantautor que rompe la ola"},"content":{"rendered":"<p style=\"text-align: justify;\">Tiramos directamente de Wkipedia para entrar en contexto y reflejar la definici\u00f3n oficial de <strong><em>cantautor: <\/em><\/strong>\u00bb <em>La canci\u00f3n de autor tiene una gran tradici\u00f3n en los pa\u00edses de cultura mediterr\u00e1nea de Europa y en la mayor parte de Am\u00e9rica Latina&#8230; Cantautor es un m\u00fasico, por lo general solista que escribe, compone y canta sus propias canciones, inclu\u00eddas letras y melod\u00eda. Aunque hay que muchos cantantes de diversos g\u00e9neros que escriben sus sus propias canciones, el t\u00e9rmino cantautor se refiere a un tipo espec\u00edfico de artistas que se adscribe, por lo general ,a una tradici\u00f3n folk-ac\u00fastica y suele incorporar a sus letras tem\u00e1ticas sociales, pol\u00edticos, personales y filos\u00f3ficos si bien, hay cantautores que cantan, sobre todo, al amor. Durante un tiempo se donomin\u00f3 a este tipo de m\u00fasica: canci\u00f3n protesta. Hoy en d\u00eda, el t\u00e9rmino se encuentra menos cargado de connotaciones cr\u00edticas o reivindicaciones que en el pasado\u00bb.\u00a0 \u2013Wikipedia\u2013<\/em><\/p>\n<p style=\"text-align: justify;\">Obviamente la evoluci\u00f3n de la sociedad condiciona el discurso reivindicativo y no podemos comparar \u2013poniendo de ejemplo a Espa\u00f1a\u2013 los sentimientos de repulsa que cantautores como <em>Serrat y Llach <\/em>, precursores de la <em>Nova Can\u00e7\u00f3 Catalana<strong>, <\/strong><\/em>u otros contempor\u00e1neos fuera de Catalu\u00f1a como <em>Aute, Paco Ib\u00e1\u00f1ez, Raimon o Lu\u00eds Pastor, <\/em>indujeron a componer sus textos en plena dictadura (d\u00e9cada 60\/70), a los letras que configuraron los temas de posteriores cantautores como <em>Sabina o Ismael Serrano, <\/em> ya en tiempo de democracia<em>. <\/em>Los primeros, lejos de perseguir figurar en listas de \u00e9xitos (al menos en esa \u00e9poca), abogaban m\u00e1s por la transmisi\u00f3n de mensajes con carga de denuncia pol\u00edtica. En muchos casos subliminares, debido a la censura y en la mayor\u00eda de ellos, refugiados en poemas de poetas como <em>Lorca, Machado, Miguel Hern\u00e1ndez o Alberti&#8230; <\/em>Con la llegada de la democracia, los nuevos autores, aunque no cejan en reinvindicar injusticias de \u00edndole laboral y de desigualdad entre clases sociales, ya m\u00e1s relajados en este aspecto, se empiezan a interesar tambi\u00e9n por temas de car\u00e1cter sentimental, del cuore. Ah\u00ed tenemos un claro exponente como es <em>Joaqu\u00edn Sabina o Hilario Camacho. <\/em><\/p>\n<p style=\"text-align: justify;\">Luego vendr\u00eda la explosi\u00f3n de la movida ochentera, con inicio y epicentro en Madrid, pero con detonaciones en pr\u00e1cticamente toda la geograf\u00eda espa\u00f1ola. Un movimiento que transform\u00f3 profundamente el panorama musical de la m\u00fasica en nuestro pa\u00eds abierto adem\u00e1s, por primera vez, a las corrientes provenientes de fuera, sobre todo de Inglaterra y EE. UU. Un acontecimiento que, de alguna manera, inici\u00f3 el declive o transform\u00f3 el concepto del t\u00edpico compositor aut\u00f3nomo que, ahora, se har\u00eda acompa\u00f1ar de una banda en la mayor\u00eda de los casos.<\/p>\n<p style=\"text-align: justify;\">Al hilo de este tema, recientemente uno de los cantautores m\u00e1s m\u00edticos, antes mencionado, Lu\u00eds Pastor hac\u00eda p\u00fablica en las redes sociales la reivindicaci\u00f3n del cantautor a trav\u00e9s de un mensaje muy expl\u00edcito:<em>\u00bb &#8230;\u00bbY lleg\u00f3 la transici\u00f3n. La democracia es la pera, cantutor a las trincheras, con corona de laurel y distintivo de honor pero no des m\u00e1s la lata que tu verso no arrebata y tu tiempo ya pas\u00f3. \u00bfQu\u00e9 fu\u00e9 de los cantautores? preguntan con aire extra\u00f1o, cada cuatro o cinco a\u00f1os despistados periodistas que nos pierden la pista y entierran nuestra voz&#8230; Algunos son diputados, presidentes, cocejales, m\u00e9dicos y profesores, m\u00e1nagers y productores o ejerciendo asesor\u00eda en la Sociedad de Autores. Otros est\u00e1n y no cantan, otros cantan y no est\u00e1n. Los hay que se retiraron, algunos que ya murieron y otros que est\u00e1n por nacer. J\u00f3venes que son ahora tambi\u00e9n universitarios recorren la ciudad, un cd debajo del brazo, 10 euros en la cartera cantando de bar en bar. O esos raperos poetas queen sus panfletos denuncian otra realidad social\u00bb.\u2013Lu\u00eds Pastor\u2013<\/em><\/p>\n<p style=\"text-align: justify;\">El caso es que la figura del cl\u00e1sico cantautor, puro y duro \u2013\u00e9l y su guitarra b\u00e1sicamente\u2013 hoy por hoy, se pronostica como si estuviera destinado a extinguirse ante el incremento de tantas y diversas corrientes musicales que invaden el panorama musical. Pero, va a ser que no. Y aqu\u00ed es cuando entramos en materia con redoble de campanas: En Santa Coloma de Gramanet (Barcelona) alguien est\u00e1 salvando la especie. Su nombre es <strong><em>Javi Jare\u00f1o S\u00e1nchez <\/em><\/strong>y el pasado 27 de mayo consigui\u00f3 poner en pi\u00e9 al aforo completo del Teatro Sagarra de su ciudad en la presentaci\u00f3n de su quinto disco publicado, <strong><em>ABRAZAR LA VIDA. <\/em><\/strong>Nacido en Santa Coloma de Gramanet (Barcelona) hace 41 a\u00f1os, tuvo la mejor escuela como guitarrista de la mano de su padre, Jos\u00e9 Jare\u00f1o, que trabaj\u00f3 como m\u00fasico profesional en varios grupos e imparti\u00f3 clases de guitarra. <strong><em>Javi Jare\u00f1o <\/em><\/strong>comenz\u00f3 su andadura musical con la formaci\u00f3n de un d\u00fao ac\u00fastico, <strong><em>Juego de Rey, <\/em><\/strong>para continuar con versiones m\u00e1s el\u00e9ctricas acompa\u00f1ado de su todav\u00eda hoy, puntual pero inseparable banda, <strong><em>Los Bandidos.<\/em><\/strong> con la que transforma en versiones rockeras todas sus composiciones. Y mola mucho. Muy pronto le reclamaron como guitarrista reconocidos artistas de la talla de <em>Olaya Cidoncha, Paola Garc\u00eda, Miguel \u00c1ngel Bueno, Claudia Hern\u00e1ndez, Jos\u00e9 Lu\u00eds Ladera, Joge Rufo, Dani Barrientos o Amato Petito, <\/em>as\u00ed como a su hermana<em>, <\/em>una aut\u00e9ntica voz en v\u00edas del reconocimiento que merece, <em>Laura Jare\u00f1o. <\/em>Y tambi\u00e9n, ya como cantautor, ha musicalizado obras de excelentes poetas como <em>Olga Dom\u00ednguez, Marta P\u00e9rez i Sierra o Jordi Valls. <strong>Javi Jare\u00f1o <\/strong><\/em>no se siente especialmente identificado con el cantautor de la vieja escuela pero s\u00ed influenciado por autores como Antonio Vega, Manolo Garc\u00eda, Hilario Camacho, Triana o Toti Soler. De hecho, a estos dos \u00faltimos versiona en su reciente disco. Pero lo cierto es que sus reivindicaciones a nivel musical, m\u00e1s que en la protesta de car\u00e1cter pol\u00edtico (aunque tambi\u00e9n) las centra en la lucha social contra la desigualdad, la p\u00e1tima amorosa y en su propia perspectiva de c\u00f3mo gira el mundo. Porque adem\u00e1s, a nivel personal, es una persona comprometida activamente con asociaciones que defienden y apoyan a los m\u00e1s vulnerables tanto a nivel de precariedad social, como de dependencia por enfermedades diversas. Y <strong><em>ABRAZAR LA VIDA, <\/em><\/strong>es un disco que refleja todas estas inquietudes. Para ello se ha rodeado de un impresinante elenco de m\u00fasicos y profesionales t\u00e9cnicos que han logrado un resultado espectacular. Para la grabaci\u00f3n ha recurrido por segunda vez (ya lo hizo con su anterior \u00e1lbum, <strong><em>MONTSE Y JOSE<\/em><\/strong>) a <em>Verkami, <\/em>a trav\u00e9s del mecenazgo. La alternativa m\u00e1s recurrida actualmente para editar tu propio disco en vistas del estado deplorable que atraviesa la industria discogr\u00e1fica agravada por el efecto de internet. Os invito, a trav\u00e9s de la siguiente entrevista, a conocer m\u00e1s profundamente a un cantautor que sin dejar de navegar del todo con la vieja guardia, rompe la ola y mira hacia nuevos horizontes.<\/p>\n<p style=\"text-align: justify;\"><strong><em>ABRAZAR LA VIDA <\/em>supone tu quinto \u00e1lbum publicado. Hasta la fecha, siempre has mantenido que el anterior: <em>MONTSE Y JOSE<\/em>, es el mejor proyecto que has elaborado. Con esta nueva entrega \u00bfcambia tu propio concepto?<\/strong><\/p>\n<p style=\"text-align: justify;\">Es una pregunta interesante. Creo que los dos est\u00e1n al m\u00e1s alto nivel pero con realidades algo diferentes. <em>Montse y Jose <\/em>era mi reivindicaci\u00f3n de un disco por fin a la altura de mis directos y contiene m\u00eds temas m\u00e1s potentes compuestos en varios a\u00f1os. <em>Abrazar la Vida<\/em> es m\u00e1s un trabajo coral en el que yo quer\u00eda colaborar con grandes artistas tanto m\u00fasicos, poetas o fot\u00f3grafos \u00a0y adem\u00e1s, grabar a modo de homenaje canciones no compuestas por mi.<\/p>\n<p style=\"text-align: justify;\"><strong>Este nuevo trabajo re\u00fane seis composiciones propias, tres temas en homenaje a <em>Hilario Camacho, Toti Soler y Miguel \u00c1ngel Bueno <\/em>respectivamente, as\u00ed como la adaptaci\u00f3n musical de sendos poemas de <em>Jordi Valls y Marta P\u00e9rez Sierra<\/em>. Vamos por partes. Conociendo tu arte, imagino, a priori, la grandeza que le otorgas a todos estos artistas con tus adaptaciones personales pero desglosemos, a grandes rasgos, cada uno de ellos. <em>Hilario Camacho<\/em>. \u00bfQu\u00e9 tema has elegido de su repertorio y qu\u00e9 te ha aportado este cantautor? <\/strong><\/p>\n<p style=\"text-align: justify;\">Vayamos por partes si, jaja. Me encanta tu manera de preguntar. <em>Hilario<\/em> para mi es uno de los GRANDES cantautores, al nivel de mis admirados <em>Serrat o Vega <\/em>pero que no ha sido tan reconocido ni de lejos. Yo conozco la m\u00fasica de <em>Hilario<\/em> a trav\u00e9s de una profesora m\u00eda de literatura en 1993 cursando tercero de BUP. R\u00e1pidamente me entusiasman sus melod\u00edas y su gran nivel guitarr\u00edstico. Saco algunas de sus canciones que he ido cantando desde entonces <em>Ven Aqui, Volar es para Pajaros, Final de Viaje, Sol en Invierno y como no Oye Ni\u00f1a <\/em>una canci\u00f3n que durante muchos a\u00f1os era reina en mi repertorio. He vivido momentos tan bonitos cantando <em>Oye Ni\u00f1a <\/em>y como nadie nunca conoc\u00eda a <em>Hilario <\/em>cuando dec\u00eda de quien era el tema decid\u00ed grabarla.Recomiendo a todos los lectores escuchar los \u00e1lbumes <em>De Paso y La Estrella del Alba, de Hilario, <\/em>sublimes<em>.<\/em><\/p>\n<p style=\"text-align: justify;\"><strong>Con respecto a <em>Toti Soler<\/em>, has elegido un tema de sus primeros trabajos, <em>\u00abLiebeslied<\/em>\u00ab, qu\u00e9 te ha impulsado a decantarte por esta elecci\u00f3n?<\/strong><\/p>\n<p style=\"text-align: justify;\">La grandeza musical del MESTRE <em>Toti Soler <\/em>es legendaria. Ha caminado siempre con un nivel alt\u00edsimo por el flamenco, la m\u00fasica mediterr\u00e1nea o el rock progresivo, reinvent\u00e1ndose en cada disco y a\u00fan hoy sacando al mercado casi anualmente trabajos extraodinarios como los recientes <em>Rao de Viure,El Temps que s\u00b4atura o Transparencies<\/em>. <em>Liebeslied <\/em>es el primer disco de estudio de <em>Toti<\/em>, \u00a0es del a\u00f1o 1972 aunque las grabaciones como me explic\u00f3 el propio <em>Toti <\/em>estaban hechas desde 1967. Yo compr\u00e9 el disco en 2010 y me dej\u00f3 muy tocado porque es de los pocos discos donde <em>Toti<\/em> canta, lo hace muy bien, y hay maravillosas m\u00fasicas para grandes poemas de <em>Verg\u00e9s, \u00a0Vinyol\u00ed o Palau i Fabre<\/em>. Un dia mi hermana <em>Laura Jare\u00f1o<\/em>. una de las voces m\u00e1s bonitas del pa\u00eds, se uni\u00f3 a cantar <em>Liebeslied<\/em> conmigo y surgi\u00f3 la magia. As\u00ed la hemos grabado con una preciosa producci\u00f3n de <em>Marc Ferrando <\/em>donde incluso hay \u00a0la gaita precisa del colomense <em>Victor Fern\u00e1ndez<\/em>.<\/p>\n<p style=\"text-align: justify;\"><strong>Quiz\u00e1s, <em>Miguel \u00c1ngel Bueno <\/em>sea tu homenajeado m\u00e1s cercano por diferentes circunstancias.<\/strong><\/p>\n<p style=\"text-align: justify;\"><em>Miguel<\/em>&#8230; mi VEU DE TRO. Si, es un amigo \u00edntimo y al que he acompa\u00f1ado como guitarrista durante a\u00f1os. Un compositor extraodinario con una voz muy muy bonita que tiene dos trabajos de mucha calidad y cuya canci\u00f3n 1111, que he grabado, me emociona cada vez que la canto o se la escucho. Un TEMAZO.<\/p>\n<p style=\"text-align: justify;\"><strong>\u00bfQuedan en letargo, para pr\u00f3ximas entregas, homenajes a otros insignes nombres como <em>Serrat, Sabina, Manolo Garc\u00eda, Antonio Vega&#8230; <\/em>incluso <em>Llach<\/em> ?<\/strong><\/p>\n<p style=\"text-align: justify;\">Uff quien sabe\u2026 lo que s\u00ed es cierto es que canto habitualmente canciones de los DIOSES <em>Manolo Garc\u00eda, Antonio Vega y Serrat<\/em>. Los otros dos autores me interesan poco.<\/p>\n<p style=\"text-align: justify;\"><strong>Sin embargo, la figura del cantautor cl\u00e1sico, no es que goce precisamente de su m\u00e1ximo explendor actualmente. Y es raro, dada la situaci\u00f3n social que sufrimos. Al fin y al cabo, la letra de un tema musical reivindicativo siempre ha estado presente, como revulsivo, en tiempos de crisis pol\u00edtico-social y en definitiva, se supone que esa es la esencia de su funci\u00f3n a lo largo de nuestra historia reciente. \u00a0\u00bfCrees que, de alguna manera, se est\u00e1 perdiendo ese icono musical, la de cantautor? \u00bfHasta qu\u00e9 punto te identificas con la vieja guardia?<\/strong><\/p>\n<p style=\"text-align: justify;\">Es un tema interesante. Yo durante mis primeros discos nunca hab\u00eda compuesto temas reivindicativos ni de cortes social e incluso en entrevistas all\u00e1 por 2006-2007 rechazaba ese perfil porque aunque tengo un pensamiento pol\u00edtico muy definido cre\u00eda que era f\u00e1cil hacer demagogia. Lo que no sab\u00eda es que las \u00e9lites y oligarqu\u00edas de nuestro pais iban a acabar con el modelo de estado del bienestar y condenarnos a la clase trabajadora a la miseria m\u00e1s cruel. Ah\u00ed, de repente, como un v\u00f3mito de rabia y furia empezaron a salir de mi alma canciones como <em>Casi Invisibles<\/em>, <em>Revoluci\u00f3n<\/em> o en este \u00faltimo trabajo <em>Malnacidos.<\/em><\/p>\n<p style=\"text-align: justify;\"><strong>H\u00e1blanos de influencias concretas de artistas consagrados, o no tanto, presentes en tu repertorio en general.<\/strong><\/p>\n<p style=\"text-align: justify;\"><em>Manolo Garcia, Serrat, Antonio Vega, Jose Jare\u00f1o, Hilario Camacho, Jesus de la Rosa, Antonio Carmona, Silvia Perez Cruz, Concha Buika, Jordi Sabates, Toti Soler, Ray Vaughan, Hendrix, Wes Montgomery, Bill Evans <\/em>y tantos otros grandes creadores.<\/p>\n<p style=\"text-align: justify;\"><strong>Otra de tus debilidades son las adaptaciones de poemas. Una caracter\u00edstica muy propia del cantautor, por cierto. Sin embargo, tanto en anteriores discos como en \u00a0<em>ABRAZAR LA VIDA<\/em>, lejos de musicalizar obras de autores cl\u00e1sicos, t\u00fa rompes moldes y lanzas un gui\u00f1o en pro de las nuevas generaciones. Como es el caso <em>de Jordi Valls y Marta P\u00e9rez Sierra <\/em>en esta ocasi\u00f3n. Supongo, por otro lado, que en un intento de transmitir mensajes perceptibles, cercanos, a tiempo real. <\/strong><\/p>\n<p style=\"text-align: justify;\">Muy cierto. Adem\u00e1s tanto, <em>Jordi y Marta <\/em>en este trabajo como <em>Olga Dom\u00ednguez <\/em>en el anterior, a mi modo de ver est\u00e1n al nivel de los m\u00e1s grandes poetas y adem\u00e1s, que leches! \u00a0son mis amigos y s\u00e9 que su preciosa poes\u00eda se corresponde con su precioso coraz\u00f3n, que al final no lo perdamos de vista, es lo \u00fanico importante.<\/p>\n<p style=\"text-align: justify;\"><strong>Centr\u00e9monos ahora en los seis temas que incluyes por v\u00eda libre, en tus propias composiciones. Desgl\u00f3sanos, a grandes rasgos, qu\u00e9 nos quieres transmitir con cada uno de ellos. Nos consta por el reflejo en anteriores trabajos que tu compromiso social abarca mucho m\u00e1s que la \u00a0protesta contra el irracional sistema pol\u00edtico en el que nos hayamos absortos. Que a nivel personal est\u00e1s muy implicado en la defensa de los derechos de personas dependientes por diversas enfermedades y con las que colaboras activamente a trav\u00e9s de diversas asociaciones de tu ciudad , Santa Coloma de Gramanet (Barcelona); tu preocupaci\u00f3n por la preservaci\u00f3n del ecosistema&#8230; En este aspecto, <em>\u00bfABRAZAR LA VIDA <\/em>recoge retazos de esas experiencias, de esa sensibilidad compartida?<\/strong><\/p>\n<p style=\"text-align: justify;\">Estoy convencido de que los que tenemos una salud relativamente buena estamos en deuda de humanidad con nuestros iguales que sufren dur\u00edsimas carencias. Siempre me arrodillo ante la valent\u00eda de <em>Carmen Arana <\/em>y sus preciosas muchachas de <em>TEMYQUE<\/em> enfermas de esclerosis m\u00faltiple que nos dan una lecci\u00f3n de coraje y alegr\u00eda insuperable. O de la sensibilidad innata de las personas que tienen autismo, una realidad que he conocido muy bien colaborando durante dos a\u00f1os con <em>UNIVERS AGATHA \u00a0<\/em>y su presidente el tambi\u00e9n poeta <em>Gabriel Maria Perez<\/em>. O de modo m\u00e1s cercano, porque yo sufr\u00ed una depresi\u00f3n en 2004 y estuve ingresado en una cl\u00ednica mental, con mis compa\u00f1eros y compa\u00f1eras de <em>ACTIVAMENT , <\/em>asociaci\u00f3n indispensable creada por <em>Hern\u00e1n Sampietro <\/em>y otros valientes para plantar cara al estigma que sufren las personas que hemos sufrido, sufren o sufrir\u00e1n alg\u00fan tipo de trastorno mental.<\/p>\n<p style=\"text-align: justify;\"><strong>Hagamos hincapi\u00e9 en el tema que da t\u00edtulo al \u00e1lbum, ABRAZAR LA VIDA. \u00bf Retratas vivencias propias? es decir; \u00bfexiste alg\u00fan paralelismo autobiogr\u00e1fico con la letra?<\/strong><\/p>\n<p style=\"text-align: justify;\">Totalmente. Yo, ya con 41 a\u00f1os, no s\u00e9 lo que es la vida pero ya s\u00e9 lo que NO es. Y lo que no es, es el ego\u00edsmo, la individualidad extrema y la falta de empat\u00eda. Reconocernos los unos en los otros, ayudarnos entre nosotros y echar una mano \u00a0al que m\u00e1s lo necesite son las \u00fanicas maneras de caminar por la vida con honestidad.<\/p>\n<p style=\"text-align: justify;\"><strong>Obviamente, con este nuevo disco nos encontramos ante un producto diferente, que rompe las l\u00edneas conceptuales de cualquier grabaci\u00f3n. Me refiero, en lo que respecta al registro de colaboraciones. He contabilizado m\u00e1s de veinte voces acopladas de reconocidos cantantes (entre ellos: <em>Laura Jare\u00f1o, Ivett Nadal, Miquel Aranda, Mat\u00edas Costa, Mati Pardo, Olaya Cidoncha<\/em>&#8230;). Comprender\u00e1s que comparta una observaci\u00f3n que, ya antes alguien hizo; \u00bf ha quedado espacio para tu propia voz en el disco? \u00bfQu\u00e9 te impuls\u00f3 a compartir tu nuevo trabajo con tantos artistas?<\/strong><\/p>\n<p style=\"text-align: justify;\">Es otro prisma del concepto <em>ABRAZAR LA VIDA <\/em>as\u00ed abracemos la m\u00fasica, la poes\u00eda y la fotograf\u00eda. Es por eso que \u00a011 fot\u00f3grafos y dise\u00f1adores gr\u00e1ficos de la talla de <em>Adrian Ruiz, Oscar Chocano, Jonathan Valladares, Sergio Mas, Jordi Soriano, Iulia Popescu o Jordi Osma <\/em>entre otros, los poetas que anteriormente has citado o casi 20 m\u00fasicos maravillosos est\u00e1n compartiendo la alegr\u00eda y la magia que significan grabar un disco, dar vida a un proyecto art\u00edstico.<\/p>\n<p style=\"text-align: justify;\"><strong>\u00bf De nuevo has reincidido en la elecci\u00f3n de <em>los Estudios Molinet<\/em>, de Santa Coloma. \u00bfDe qu\u00e9 equipo de profesionales te has rodeado t\u00e9cnicamente para la grabaci\u00f3n, aparte del excelente pianista y productor, <em>Marc Ferrando<\/em>?<\/strong><\/p>\n<p style=\"text-align: justify;\"><em>Marc<\/em> tiene tanta m\u00fasica en el coraz\u00f3n y tan buen gusto produciendo que es indispensable ya en mis discos. Adem\u00e1s es uno de los mejores pianistas del pa\u00eds con un gusto exquisito. La base de los temas fue grabada por los reputados <em>Jonathan Arg\u00fcelles <\/em>a la bater\u00eda <em>y Rafa Mart\u00edn <\/em>al bajo. Las guitarras siempre las grabo yo pero en esta ocasi\u00f3n me regalaron su ARTE <em>Dani Llandrich<\/em> y mi compadre <em>Jaume LLaurad\u00f3 <\/em>en dos temas.<\/p>\n<p style=\"text-align: justify;\"><strong>De tus cinco discos publicados, los tres primeros ( <em>EL JUEGO ES CONMIGO, TENGO QUE VOLAR Y TREINTA Y TRES<\/em>) fueron autoproducidos. Sin embargo, tanto para el anterior, <em>MONTSE Y JOSE, <\/em>como para este \u00faltimo has recurrido a Verkami, un sistema de publicaci\u00f3n que lo hace posible la implicaci\u00f3n econ\u00f3mica de mecenas. Actualmente, tal y como est\u00e1 el panorama de la industria discogr\u00e1fica \u00bfsupone el crowdfunding la alternativa m\u00e1s factible si no dispones de un sello? \u00bfC\u00f3mo ha sido acogido tu proyecto en este sentido?<\/strong><\/p>\n<p style=\"text-align: justify;\">El micromecenazgo yo lo descubr\u00ed siendo mecenas de muchos proyectos a los que contribu\u00ed econ\u00f3micamente. Decid\u00ed usarlo como recurso para poder pasar de las grabaciones m\u00e1s \u201cmaqueteras\u201d a un producto profesional y no puedo estar m\u00e1s contento no tanto del logro econ\u00f3mico, muy determinante evidentemente, sino del afecto y la generosidad de mi p\u00fablico.<\/p>\n<p style=\"text-align: justify;\"><strong>Para ser una publicaci\u00f3n sin apoyo discogr\u00e1fico, en el aspecto promocional no te va nada mal. D\u00edas previos a la salida del disco muchos medios alternativos ya se hab\u00edan hecho eco y tambi\u00e9n algunos consagrados, como <em>EL PERI\u00d3DICO.COM<\/em>. \u00bfSatisfecho?<\/strong><\/p>\n<p style=\"text-align: justify;\">Muy muy feliz de que muchos periodistas de un nivel alt\u00edsimo como por ejemplo t\u00fa \u00a0o <em>Manuel Arenas, Pili Tom\u00e1s, Xavi Chica, Albert Vilardaga, Manolo Garrido <\/em>y otros tantos me apoy\u00e9is y me hag\u00e1is contar cosas que a mi quiz\u00e1s me pasar\u00edan desapercibidas.<\/p>\n<p style=\"text-align: justify;\"><strong>\u00bfTe planteas que exista la posibilidad, a corto o medio plazo, de vivir exclusivamente de la m\u00fasica o no te preocupa?<\/strong><\/p>\n<p style=\"text-align: justify;\">Es algo que siempre est\u00e1 en el horizonte pero no me obsesiona porque llevo toda mi carrera musical compartiendo mi pasi\u00f3n con mi actividad en el mundo de la venta de material fotogr\u00e1fico pero ser\u00eda mi sue\u00f1o poder tener todo el dia para el ARTE, no te voy a ser hip\u00f3crita.<\/p>\n<p style=\"text-align: justify;\"><strong>Para la presentaci\u00f3n de tu quinto disco no has dudado en elegir , una vez m\u00e1s, tu ciudad (\u00abtu patria chica\u00bb), Santa Coloma de Gramanet y un escenario buc\u00f3lico para t\u00ed; <em>el Teatro Josep Mar\u00eda Segarra<\/em>, muy arraigado a tus comienzos. Si no me he documentado mal, all\u00ed actuaste como guitarrista en 1995 acompa\u00f1ando a <em>Jos\u00e9 Lu\u00eds Ladera <\/em>y en 2001 con <em>Juego de Rey<\/em>, un d\u00fao del que formaste parte en tus inicios como cantante<\/strong>.<\/p>\n<p style=\"text-align: justify;\">Yo soy un hincha de mi Santako del alma jajaja. Es una ciudad con mucho duende y personalidad y la gran mayor\u00eda de mis paisanas y paisanos tambi\u00e9n estan muy orgullosos su condici\u00f3n de colomenses. Yo siempre he querido presentar mis discos en mi patria chica como tu bien dices y en esta ocasi\u00f3n con el lento pero seguro crecimiento de mis seguidores he debido hacerlo en el mejor recinto de la ciudad, el <em>Teatre Josep Maria de Sagarra c<\/em>on capacidad para m\u00e1s de 500 personas.<\/p>\n<p style=\"text-align: justify;\"><strong>\u00bfPara c\u00faando el nombramiento como embajador oficial de Javi Jare\u00f1o S\u00e1nchez de Santa Coloma de Gramanet?.<\/strong><\/p>\n<p style=\"text-align: justify;\">jajajaja\u2026 somos muchos y muchas los que desde nuestra parcela creativa, comunicativa o social damos la cara por nuestra Gramenet del Bes\u00f3s.<\/p>\n<p style=\"text-align: justify;\"><strong>Ahondemos en los princip\u00ecos del <em>Javi Jare\u00f1o <\/em>artista. Y, sin temor a equivocarme, aqu\u00ed podr\u00edamos aplicar la frase \u00abDe casta le viene al galgo\u00bb. Tu padre, <em>Jos\u00e9 Jare\u00f1o<\/em>, otro gran artista, \u00bffigura fundamental en tu carrera? <\/strong><\/p>\n<p style=\"text-align: justify;\"><em>Jose Jare\u00f1o <\/em>es un guitarrista prodigioso pero ante todo una persona encantadora y un padre cojonudo. Una de mis grandes suertes es tener los padres de que tengo <em>Montse Sanchez y Jose Jare\u00f1o<\/em>, la gran suerte de mi vida. Mi padre lleva 50 a\u00f1os tocando la guitarra y ha sido pieza fundamental en proyectos como <em>la VIII FUNDACI\u00d3N, LOS GOYA, EL SUQUET COLOMENC <\/em>o actualmente <em>VELA LLATINA <\/em>grupo de habaneras colomense.<\/p>\n<p style=\"text-align: justify;\"><strong>Sin embargo, la saga \u00a0no acaba ah\u00ed. Tu hermana, Laura Jare\u00f1o (seg\u00fan has mencionado en muchas ocasiones \u00abla que canta bien de la familia\u00bb) es toda una promesa que contin\u00faa tus pasos y con la que has colaborado reiteradamente.<\/strong><\/p>\n<p style=\"text-align: justify;\"><em>Laura<\/em> es un prodigio del ARTE. No solo canta con una dulzura que emociona sino que compone sin tocar casi la guitarra, directo de su mente TEMAZOS como <em>Tobolan, Solamente Luz o La Patria dels Oblidats<\/em>. Adem\u00e1s escribe con un talento y una sensibilidad fuera de lo normal. Estoy muy orgulloso de como va mi hermana Laura por la vida, es una persona maravillosa.<\/p>\n<p style=\"text-align: justify;\"><strong>En el transcurso de tu evoluci\u00f3n como m\u00fasico, arraigada a esos principios, no tardaron en aparecer reconocimientos y oportunidades importantes como; la grabaci\u00f3n de dos temas en el disco recopilatorio de <em>CORTACIRCUIT 2009<\/em>, el certamen musical que anualmente promueve Santa Coloma de Gramanet. Tambi\u00e9n formaste parte del disco, <em>ESCUELA P\u00daBLICA <\/em>PARA TODOS, grabado en Madrid y donde actuaste junto a artistas de la talla de <em>Pedro Guerra, Pablo Guerrero o Patxi Andi\u00f3n<\/em>. \u00bfEsas experiencias fueron decisivas para apostar por una meta? \u00bfPara ir a por todas? <\/strong><\/p>\n<p style=\"text-align: justify;\">Lo cierto es que nunca he tenido un pensamiento proactivo o tipo coaching de \u201cconseguir mi sue\u00f1o\u201d o \u201cllegar a la meta\u201d no ha sido as\u00ed, simplemente cantar y tocar me hace feliz y he ido paso a paso llegando a m\u00e1s gente. Ha habido momentos muy importantes para mi como los que citas pero tambi\u00e9n conciertos m\u00e1s an\u00f3nimos me han dado la fuerza y la ilusi\u00f3n necesarios para seguir en la brecha.<\/p>\n<p style=\"text-align: justify;\"><strong>\u00bfA qu\u00e9 artistas has acompa\u00f1ado como guitarrista y en qu\u00e9 momento decidiste sumar tu faceta de compositor y cantante e iniciar, as\u00ed, una nueva etapa, por via libre?<\/strong><\/p>\n<p style=\"text-align: justify;\">A mi me gusta mucho ser guitarrista al servicio de grandes cantantes a la manera del tocaor de flamenco, es decir, plenamente al servicio del cantante. Tengo la suerte de poner o haber puesto mi guitarra al servicio de voces geniales como <em>Olaya Cidoncha, Paola Garcia, Laura Jare\u00f1o, Miguel Angel Bueno, Claudi Hern\u00e1ndez <\/em>y ya hace m\u00e1s a\u00f1os a mi paisano <em>Jose Luis Ladera o a Amato Petito.<\/em><\/p>\n<p style=\"text-align: justify;\"><strong>Indudablemente, demuestras ser una persona super inquieta fuera y \u00a0dentro del panorama musical en sus diferentes espectros. Tanto que, en paralelo a tu trayectoria como Javi Jare\u00f1o, compositor, guitarrista, cantante, alimentas y eres part\u00edcipe de otros proyectos, quiz\u00e1s m\u00e1s intimistas, como \u00a0<em>ASOCIACI\u00d3N LA ESCALERA<\/em>, que actua en apoyo de la canci\u00f3n de autor. Sin olvidar tu implicaci\u00f3n como componente del <em>Colectivo NIT DE TROBADORS 9 GATOS. <\/em>H\u00e1blanos de ambos proyectos.<\/strong><\/p>\n<p style=\"text-align: justify;\">Siempre he pensado que el roce,la permeabilidad entre artistas es muy muy necesario y rentable creativamente y es por eso que soy miembro desde ya seis a\u00f1os del colectivo de m\u00fasica de autor Nit de Trovadores, desde hace tres de <em>la Nit del Cantautor <\/em>o soy co-fundador del colectivo art\u00edstico multidisciplinar siete personajes buscan autor. A <em>La Escalera <\/em>hay que hacer un monumento. Son muchachos j\u00f3venes \u00a0e inquietos que apuestan por la m\u00fasica de autor desde hace m\u00e1s de cinco a\u00f1os y nos cuidan con amor a los autores, ya sea desde su programa de radio, del de televisi\u00f3n u organizando m\u00e1gicas veladas. Muy grandes <em>Miguel Molina, Javier Panadero y L\u00eddia Curiel. <\/em><\/p>\n<p style=\"text-align: justify;\">Y muy grande el, con toda probabilidad, cantautor y guitarrista m\u00e1s emergente que, desde Barcelona, est\u00e1 demostrando su talento en el panorama musical. \u00a1Muchos \u00e9xitos! Javi Jare\u00f1o.<\/p>","protected":false},"excerpt":{"rendered":"<p>Tiramos directamente de Wkipedia para entrar en contexto y reflejar la definici\u00f3n oficial de cantautor: \u00bb La canci\u00f3n de autor tiene una gran tradici\u00f3n en los pa\u00edses de cultura mediterr\u00e1nea de Europa y en la mayor parte de Am\u00e9rica Latina&#8230; Cantautor es un m\u00fasico, por lo general solista que escribe, [&hellip;]<\/p>\n","protected":false},"author":19,"featured_media":12853,"comment_status":"open","ping_status":"open","sticky":false,"template":"","format":"standard","meta":{"footnotes":""},"categories":[4,65],"tags":[],"class_list":["post-12852","post","type-post","status-publish","format-standard","has-post-thumbnail","hentry","category-cultura","category-musica"],"yoast_head":"<!-- This site is optimized with the Yoast SEO plugin v27.5 - https:\/\/yoast.com\/product\/yoast-seo-wordpress\/ -->\n<title>Javi Jare\u00f1o, el cantautor que rompe la ola - Revista Rambla<\/title>\n<meta name=\"robots\" content=\"index, follow, max-snippet:-1, max-image-preview:large, max-video-preview:-1\" \/>\n<link rel=\"canonical\" href=\"https:\/\/www.revistarambla.com\/en\/javi-jareno-el-cantautor-que-rompe-la-ola\/\" \/>\n<meta property=\"og:locale\" content=\"en_GB\" \/>\n<meta property=\"og:type\" content=\"article\" \/>\n<meta property=\"og:title\" content=\"Javi Jare\u00f1o, el cantautor que rompe la ola - Revista Rambla\" \/>\n<meta property=\"og:description\" content=\"Tiramos directamente de Wkipedia para entrar en contexto y reflejar la definici\u00f3n oficial de cantautor: \u00bb La canci\u00f3n de autor tiene una gran tradici\u00f3n en los pa\u00edses de cultura mediterr\u00e1nea de Europa y en la mayor parte de Am\u00e9rica Latina&#8230; Cantautor es un m\u00fasico, por lo general solista que escribe, [&hellip;]\" \/>\n<meta property=\"og:url\" content=\"https:\/\/www.revistarambla.com\/en\/javi-jareno-el-cantautor-que-rompe-la-ola\/\" \/>\n<meta property=\"og:site_name\" content=\"Revista Rambla\" \/>\n<meta property=\"article:publisher\" content=\"https:\/\/www.facebook.com\/revistarambla\/\" \/>\n<meta property=\"article:author\" content=\"https:\/\/www.facebook.com\/paula.marchalluque\" \/>\n<meta property=\"article:published_time\" content=\"2017-06-03T06:07:02+00:00\" \/>\n<meta property=\"article:modified_time\" content=\"2021-12-07T16:20:15+00:00\" \/>\n<meta property=\"og:image\" content=\"https:\/\/www.revistarambla.com\/wp-content\/uploads\/2017\/06\/jare\u00f1o-100.jpg\" \/>\n\t<meta property=\"og:image:width\" content=\"510\" \/>\n\t<meta property=\"og:image:height\" content=\"302\" \/>\n\t<meta property=\"og:image:type\" content=\"image\/jpeg\" \/>\n<meta name=\"author\" content=\"Paula Marchal Luque\" \/>\n<meta name=\"twitter:card\" content=\"summary_large_image\" \/>\n<meta name=\"twitter:creator\" content=\"@MarchalPaula\" \/>\n<meta name=\"twitter:site\" content=\"@revistarambla\" \/>\n<meta name=\"twitter:label1\" content=\"Written by\" \/>\n\t<meta name=\"twitter:data1\" content=\"Paula Marchal Luque\" \/>\n\t<meta name=\"twitter:label2\" content=\"Estimated reading time\" \/>\n\t<meta name=\"twitter:data2\" content=\"18 minutes\" \/>\n<script type=\"application\/ld+json\" class=\"yoast-schema-graph\">{\"@context\":\"https:\\\/\\\/schema.org\",\"@graph\":[{\"@type\":\"Article\",\"@id\":\"https:\\\/\\\/www.revistarambla.com\\\/javi-jareno-el-cantautor-que-rompe-la-ola\\\/#article\",\"isPartOf\":{\"@id\":\"https:\\\/\\\/www.revistarambla.com\\\/javi-jareno-el-cantautor-que-rompe-la-ola\\\/\"},\"author\":{\"name\":\"Paula Marchal Luque\",\"@id\":\"https:\\\/\\\/www.revistarambla.com\\\/#\\\/schema\\\/person\\\/9be16aabd69f3f17629b43df9ab12932\"},\"headline\":\"Javi Jare\u00f1o, el cantautor que rompe la ola\",\"datePublished\":\"2017-06-03T06:07:02+00:00\",\"dateModified\":\"2021-12-07T16:20:15+00:00\",\"mainEntityOfPage\":{\"@id\":\"https:\\\/\\\/www.revistarambla.com\\\/javi-jareno-el-cantautor-que-rompe-la-ola\\\/\"},\"wordCount\":4235,\"commentCount\":0,\"publisher\":{\"@id\":\"https:\\\/\\\/www.revistarambla.com\\\/#organization\"},\"image\":{\"@id\":\"https:\\\/\\\/www.revistarambla.com\\\/javi-jareno-el-cantautor-que-rompe-la-ola\\\/#primaryimage\"},\"thumbnailUrl\":\"https:\\\/\\\/www.revistarambla.com\\\/wp-content\\\/uploads\\\/2017\\\/06\\\/jare\u00f1o-100.jpg\",\"articleSection\":[\"Cultura\",\"M\u00fasica\"],\"inLanguage\":\"en-GB\",\"potentialAction\":[{\"@type\":\"CommentAction\",\"name\":\"Comment\",\"target\":[\"https:\\\/\\\/www.revistarambla.com\\\/javi-jareno-el-cantautor-que-rompe-la-ola\\\/#respond\"]}]},{\"@type\":\"WebPage\",\"@id\":\"https:\\\/\\\/www.revistarambla.com\\\/javi-jareno-el-cantautor-que-rompe-la-ola\\\/\",\"url\":\"https:\\\/\\\/www.revistarambla.com\\\/javi-jareno-el-cantautor-que-rompe-la-ola\\\/\",\"name\":\"Javi Jare\u00f1o, el cantautor que rompe la ola - Revista Rambla\",\"isPartOf\":{\"@id\":\"https:\\\/\\\/www.revistarambla.com\\\/#website\"},\"primaryImageOfPage\":{\"@id\":\"https:\\\/\\\/www.revistarambla.com\\\/javi-jareno-el-cantautor-que-rompe-la-ola\\\/#primaryimage\"},\"image\":{\"@id\":\"https:\\\/\\\/www.revistarambla.com\\\/javi-jareno-el-cantautor-que-rompe-la-ola\\\/#primaryimage\"},\"thumbnailUrl\":\"https:\\\/\\\/www.revistarambla.com\\\/wp-content\\\/uploads\\\/2017\\\/06\\\/jare\u00f1o-100.jpg\",\"datePublished\":\"2017-06-03T06:07:02+00:00\",\"dateModified\":\"2021-12-07T16:20:15+00:00\",\"breadcrumb\":{\"@id\":\"https:\\\/\\\/www.revistarambla.com\\\/javi-jareno-el-cantautor-que-rompe-la-ola\\\/#breadcrumb\"},\"inLanguage\":\"en-GB\",\"potentialAction\":[{\"@type\":\"ReadAction\",\"target\":[\"https:\\\/\\\/www.revistarambla.com\\\/javi-jareno-el-cantautor-que-rompe-la-ola\\\/\"]}]},{\"@type\":\"ImageObject\",\"inLanguage\":\"en-GB\",\"@id\":\"https:\\\/\\\/www.revistarambla.com\\\/javi-jareno-el-cantautor-que-rompe-la-ola\\\/#primaryimage\",\"url\":\"https:\\\/\\\/www.revistarambla.com\\\/wp-content\\\/uploads\\\/2017\\\/06\\\/jare\u00f1o-100.jpg\",\"contentUrl\":\"https:\\\/\\\/www.revistarambla.com\\\/wp-content\\\/uploads\\\/2017\\\/06\\\/jare\u00f1o-100.jpg\",\"width\":510,\"height\":302},{\"@type\":\"BreadcrumbList\",\"@id\":\"https:\\\/\\\/www.revistarambla.com\\\/javi-jareno-el-cantautor-que-rompe-la-ola\\\/#breadcrumb\",\"itemListElement\":[{\"@type\":\"ListItem\",\"position\":1,\"name\":\"Portada\",\"item\":\"https:\\\/\\\/www.revistarambla.com\\\/\"},{\"@type\":\"ListItem\",\"position\":2,\"name\":\"Javi Jare\u00f1o, el cantautor que rompe la ola\"}]},{\"@type\":\"WebSite\",\"@id\":\"https:\\\/\\\/www.revistarambla.com\\\/#website\",\"url\":\"https:\\\/\\\/www.revistarambla.com\\\/\",\"name\":\"Revista Rambla Barcelona\",\"description\":\"Periodismo independiente\",\"publisher\":{\"@id\":\"https:\\\/\\\/www.revistarambla.com\\\/#organization\"},\"potentialAction\":[{\"@type\":\"SearchAction\",\"target\":{\"@type\":\"EntryPoint\",\"urlTemplate\":\"https:\\\/\\\/www.revistarambla.com\\\/?s={search_term_string}\"},\"query-input\":{\"@type\":\"PropertyValueSpecification\",\"valueRequired\":true,\"valueName\":\"search_term_string\"}}],\"inLanguage\":\"en-GB\"},{\"@type\":\"Organization\",\"@id\":\"https:\\\/\\\/www.revistarambla.com\\\/#organization\",\"name\":\"Revista Rambla\",\"url\":\"https:\\\/\\\/www.revistarambla.com\\\/\",\"logo\":{\"@type\":\"ImageObject\",\"inLanguage\":\"en-GB\",\"@id\":\"https:\\\/\\\/www.revistarambla.com\\\/#\\\/schema\\\/logo\\\/image\\\/\",\"url\":\"https:\\\/\\\/www.revistarambla.com\\\/wp-content\\\/uploads\\\/2020\\\/09\\\/banner_rambla_1900x600_BB.png\",\"contentUrl\":\"https:\\\/\\\/www.revistarambla.com\\\/wp-content\\\/uploads\\\/2020\\\/09\\\/banner_rambla_1900x600_BB.png\",\"width\":1900,\"height\":600,\"caption\":\"Revista Rambla\"},\"image\":{\"@id\":\"https:\\\/\\\/www.revistarambla.com\\\/#\\\/schema\\\/logo\\\/image\\\/\"},\"sameAs\":[\"https:\\\/\\\/www.facebook.com\\\/revistarambla\\\/\",\"https:\\\/\\\/x.com\\\/revistarambla\",\"https:\\\/\\\/www.instagram.com\\\/revista_rambla\",\"https:\\\/\\\/es.linkedin.com\\\/company\\\/revista-rambla\"]},{\"@type\":\"Person\",\"@id\":\"https:\\\/\\\/www.revistarambla.com\\\/#\\\/schema\\\/person\\\/9be16aabd69f3f17629b43df9ab12932\",\"name\":\"Paula Marchal Luque\",\"description\":\"Periodista especializada en m\u00fasica, cultura y sociedad.\",\"sameAs\":[\"https:\\\/\\\/www.facebook.com\\\/paula.marchalluque\",\"https:\\\/\\\/x.com\\\/MarchalPaula\"]}]}<\/script>\n<!-- \/ Yoast SEO plugin. -->","yoast_head_json":{"title":"Javi Jare\u00f1o, el cantautor que rompe la ola - Revista Rambla","robots":{"index":"index","follow":"follow","max-snippet":"max-snippet:-1","max-image-preview":"max-image-preview:large","max-video-preview":"max-video-preview:-1"},"canonical":"https:\/\/www.revistarambla.com\/en\/javi-jareno-el-cantautor-que-rompe-la-ola\/","og_locale":"en_GB","og_type":"article","og_title":"Javi Jare\u00f1o, el cantautor que rompe la ola - Revista Rambla","og_description":"Tiramos directamente de Wkipedia para entrar en contexto y reflejar la definici\u00f3n oficial de cantautor: \u00bb La canci\u00f3n de autor tiene una gran tradici\u00f3n en los pa\u00edses de cultura mediterr\u00e1nea de Europa y en la mayor parte de Am\u00e9rica Latina&#8230; Cantautor es un m\u00fasico, por lo general solista que escribe, [&hellip;]","og_url":"https:\/\/www.revistarambla.com\/en\/javi-jareno-el-cantautor-que-rompe-la-ola\/","og_site_name":"Revista Rambla","article_publisher":"https:\/\/www.facebook.com\/revistarambla\/","article_author":"https:\/\/www.facebook.com\/paula.marchalluque","article_published_time":"2017-06-03T06:07:02+00:00","article_modified_time":"2021-12-07T16:20:15+00:00","og_image":[{"width":510,"height":302,"url":"https:\/\/www.revistarambla.com\/wp-content\/uploads\/2017\/06\/jare\u00f1o-100.jpg","type":"image\/jpeg"}],"author":"Paula Marchal Luque","twitter_card":"summary_large_image","twitter_creator":"@MarchalPaula","twitter_site":"@revistarambla","twitter_misc":{"Written by":"Paula Marchal Luque","Estimated reading time":"18 minutes"},"schema":{"@context":"https:\/\/schema.org","@graph":[{"@type":"Article","@id":"https:\/\/www.revistarambla.com\/javi-jareno-el-cantautor-que-rompe-la-ola\/#article","isPartOf":{"@id":"https:\/\/www.revistarambla.com\/javi-jareno-el-cantautor-que-rompe-la-ola\/"},"author":{"name":"Paula Marchal Luque","@id":"https:\/\/www.revistarambla.com\/#\/schema\/person\/9be16aabd69f3f17629b43df9ab12932"},"headline":"Javi Jare\u00f1o, el cantautor que rompe la ola","datePublished":"2017-06-03T06:07:02+00:00","dateModified":"2021-12-07T16:20:15+00:00","mainEntityOfPage":{"@id":"https:\/\/www.revistarambla.com\/javi-jareno-el-cantautor-que-rompe-la-ola\/"},"wordCount":4235,"commentCount":0,"publisher":{"@id":"https:\/\/www.revistarambla.com\/#organization"},"image":{"@id":"https:\/\/www.revistarambla.com\/javi-jareno-el-cantautor-que-rompe-la-ola\/#primaryimage"},"thumbnailUrl":"https:\/\/www.revistarambla.com\/wp-content\/uploads\/2017\/06\/jare\u00f1o-100.jpg","articleSection":["Cultura","M\u00fasica"],"inLanguage":"en-GB","potentialAction":[{"@type":"CommentAction","name":"Comment","target":["https:\/\/www.revistarambla.com\/javi-jareno-el-cantautor-que-rompe-la-ola\/#respond"]}]},{"@type":"WebPage","@id":"https:\/\/www.revistarambla.com\/javi-jareno-el-cantautor-que-rompe-la-ola\/","url":"https:\/\/www.revistarambla.com\/javi-jareno-el-cantautor-que-rompe-la-ola\/","name":"Javi Jare\u00f1o, el cantautor que rompe la ola - Revista Rambla","isPartOf":{"@id":"https:\/\/www.revistarambla.com\/#website"},"primaryImageOfPage":{"@id":"https:\/\/www.revistarambla.com\/javi-jareno-el-cantautor-que-rompe-la-ola\/#primaryimage"},"image":{"@id":"https:\/\/www.revistarambla.com\/javi-jareno-el-cantautor-que-rompe-la-ola\/#primaryimage"},"thumbnailUrl":"https:\/\/www.revistarambla.com\/wp-content\/uploads\/2017\/06\/jare\u00f1o-100.jpg","datePublished":"2017-06-03T06:07:02+00:00","dateModified":"2021-12-07T16:20:15+00:00","breadcrumb":{"@id":"https:\/\/www.revistarambla.com\/javi-jareno-el-cantautor-que-rompe-la-ola\/#breadcrumb"},"inLanguage":"en-GB","potentialAction":[{"@type":"ReadAction","target":["https:\/\/www.revistarambla.com\/javi-jareno-el-cantautor-que-rompe-la-ola\/"]}]},{"@type":"ImageObject","inLanguage":"en-GB","@id":"https:\/\/www.revistarambla.com\/javi-jareno-el-cantautor-que-rompe-la-ola\/#primaryimage","url":"https:\/\/www.revistarambla.com\/wp-content\/uploads\/2017\/06\/jare\u00f1o-100.jpg","contentUrl":"https:\/\/www.revistarambla.com\/wp-content\/uploads\/2017\/06\/jare\u00f1o-100.jpg","width":510,"height":302},{"@type":"BreadcrumbList","@id":"https:\/\/www.revistarambla.com\/javi-jareno-el-cantautor-que-rompe-la-ola\/#breadcrumb","itemListElement":[{"@type":"ListItem","position":1,"name":"Portada","item":"https:\/\/www.revistarambla.com\/"},{"@type":"ListItem","position":2,"name":"Javi Jare\u00f1o, el cantautor que rompe la ola"}]},{"@type":"WebSite","@id":"https:\/\/www.revistarambla.com\/#website","url":"https:\/\/www.revistarambla.com\/","name":"Revista Rambla Barcelona","description":"Periodismo independiente","publisher":{"@id":"https:\/\/www.revistarambla.com\/#organization"},"potentialAction":[{"@type":"SearchAction","target":{"@type":"EntryPoint","urlTemplate":"https:\/\/www.revistarambla.com\/?s={search_term_string}"},"query-input":{"@type":"PropertyValueSpecification","valueRequired":true,"valueName":"search_term_string"}}],"inLanguage":"en-GB"},{"@type":"Organization","@id":"https:\/\/www.revistarambla.com\/#organization","name":"Revista Rambla","url":"https:\/\/www.revistarambla.com\/","logo":{"@type":"ImageObject","inLanguage":"en-GB","@id":"https:\/\/www.revistarambla.com\/#\/schema\/logo\/image\/","url":"https:\/\/www.revistarambla.com\/wp-content\/uploads\/2020\/09\/banner_rambla_1900x600_BB.png","contentUrl":"https:\/\/www.revistarambla.com\/wp-content\/uploads\/2020\/09\/banner_rambla_1900x600_BB.png","width":1900,"height":600,"caption":"Revista Rambla"},"image":{"@id":"https:\/\/www.revistarambla.com\/#\/schema\/logo\/image\/"},"sameAs":["https:\/\/www.facebook.com\/revistarambla\/","https:\/\/x.com\/revistarambla","https:\/\/www.instagram.com\/revista_rambla","https:\/\/es.linkedin.com\/company\/revista-rambla"]},{"@type":"Person","@id":"https:\/\/www.revistarambla.com\/#\/schema\/person\/9be16aabd69f3f17629b43df9ab12932","name":"Paula Marchal Luque","description":"Periodista especializada en m\u00fasica, cultura y sociedad.","sameAs":["https:\/\/www.facebook.com\/paula.marchalluque","https:\/\/x.com\/MarchalPaula"]}]}},"_links":{"self":[{"href":"https:\/\/www.revistarambla.com\/en\/wp-json\/wp\/v2\/posts\/12852","targetHints":{"allow":["GET"]}}],"collection":[{"href":"https:\/\/www.revistarambla.com\/en\/wp-json\/wp\/v2\/posts"}],"about":[{"href":"https:\/\/www.revistarambla.com\/en\/wp-json\/wp\/v2\/types\/post"}],"author":[{"embeddable":true,"href":"https:\/\/www.revistarambla.com\/en\/wp-json\/wp\/v2\/users\/19"}],"replies":[{"embeddable":true,"href":"https:\/\/www.revistarambla.com\/en\/wp-json\/wp\/v2\/comments?post=12852"}],"version-history":[{"count":0,"href":"https:\/\/www.revistarambla.com\/en\/wp-json\/wp\/v2\/posts\/12852\/revisions"}],"wp:featuredmedia":[{"embeddable":true,"href":"https:\/\/www.revistarambla.com\/en\/wp-json\/wp\/v2\/media\/12853"}],"wp:attachment":[{"href":"https:\/\/www.revistarambla.com\/en\/wp-json\/wp\/v2\/media?parent=12852"}],"wp:term":[{"taxonomy":"category","embeddable":true,"href":"https:\/\/www.revistarambla.com\/en\/wp-json\/wp\/v2\/categories?post=12852"},{"taxonomy":"post_tag","embeddable":true,"href":"https:\/\/www.revistarambla.com\/en\/wp-json\/wp\/v2\/tags?post=12852"}],"curies":[{"name":"wp","href":"https:\/\/api.w.org\/{rel}","templated":true}]}}