{"id":1283,"date":"2011-12-19T04:47:50","date_gmt":"2011-12-19T03:47:50","guid":{"rendered":"https:\/\/www.revistarambla.com\/moises-lopez-y-jaime-prats-editores-de-la-revista-canamo-titular-la-gente-libre-es-peligrosa-y-si-ademas-fuma-un-canuto-ya-es-la-bomba\/"},"modified":"2021-12-08T20:46:01","modified_gmt":"2021-12-08T19:46:01","slug":"revista-canamo-la-gente-libre-es-peligrosa-y-si-ademas-fuma-un-canuto-ya-es-la-bomba","status":"publish","type":"post","link":"https:\/\/www.revistarambla.com\/en\/revista-canamo-la-gente-libre-es-peligrosa-y-si-ademas-fuma-un-canuto-ya-es-la-bomba\/","title":{"rendered":"Revista C\u00e1\u00f1amo: \u00abLa gente libre es peligrosa, y si adem\u00e1s fuma un canuto, ya es la bomba\u00bb"},"content":{"rendered":"<p><img decoding=\"async\" class=\"alignright\" src=\"https:\/\/www.revistarambla.com\/wp-content\/uploads\/2011\/12\/mariguana_revista_rambla_02.jpg\" alt=\"revista c\u00e1\u00f1amo\" width=\"360\" height=\"247\" \/>En el 2011 se ha \u201ccelebrado\u201d medio siglo de la prohibici\u00f3n de las drogas acordada por las <a href=\"https:\/\/www.un.org\/es\/\">Naciones Unidas<\/a>. Sin duda, un aniversario negro que, seg\u00fan Mois\u00e9s L\u00f3pez y Jaime Prats, editores de la revista C\u00e1\u00f1amo, ha tra\u00eddo regalos nefastos en forma de mafias, asesinatos y adulteraciones de sustancias. Ellos dos llevan casi 15 a\u00f1os haciendo pedagog\u00eda sobre el cannabis y reclamando una regularizaci\u00f3n que acabe por fin con el mercado negro, la hipocres\u00eda y la estrechez moral. Que todo el mundo tenga suficiente informaci\u00f3n para decidir y escoger con responsabilidad.<\/p>\n<p><strong>Este a\u00f1o se cumplen 50 a\u00f1os de la entrada en vigor de la Convenci\u00f3n \u00danica de Estupefacientes de las Naciones Unidas, y en este caso para vosotros no es una buena efem\u00e9ride. Explicadme las consecuencias negativas de este largo periodo de prohibicionismo.<\/strong><\/p>\n<p><strong>Mois\u00e9s L\u00f3pez (Revista C\u00e1\u00f1amo):<\/strong> \u201cLas consecuencias m\u00e1s negativas son todo el montaje que se hizo para prohibir el cultivo de tres plantas, concretamente la de la coca, el cannabis y el opio, que lo \u00fanico que ha llevado es a un mayor consumo, a crear unas mafias, a organizarse el crimen de una forma impresionante. Es una gran cat\u00e1strofe que se va generando en pa\u00edses productores y los no productores se convirtieron en productores. La propia prohibici\u00f3n genera este negocio, como es el caso de Panam\u00e1, Colombia, M\u00e9jico, Laos\u2026La prohibici\u00f3n es un experimento, ha fallado y hay que anularlo\u201d.<\/p>\n<p><strong>Jaime Prats (Revista C\u00e1\u00f1amo):<\/strong> \u201cHay m\u00e1s consecuencias: la expansi\u00f3n del sida debido a la menor producci\u00f3n, las adulteraciones y envenenamientos y muertes por sobredosis que en un mercado legal no hubieran existido. La prohibici\u00f3n ha sido nefasta\u201d.<\/p>\n<p><strong>Adem\u00e1s, con la experiencia de la Ley Seca, \u00bfno sab\u00edan que se volver\u00eda a repetir algo similar?<\/strong><\/p>\n<p><strong>ML (Revista C\u00e1\u00f1amo):<\/strong> \u201cCreo que esto les sirvi\u00f3 de experiencia porque vieron que un mercado ilegal supon\u00eda dinero negro y de ello se han aprovechado los mismos prohibicionistas. Ha sido una forma de sacar dinero sin control parlamentario\u201d.<\/p>\n<p><strong>Pero el contrasentido es que se justifica la prohibici\u00f3n por motivos de salud p\u00fablica\u2026<\/strong><\/p>\n<p><strong>ML (Revista C\u00e1\u00f1amo):<\/strong> \u201cLa prohibici\u00f3n tiene por objetivo el control de la especie humana, el control de la felicidad y del placer, que siempre han estado en manos de la iglesia y ahora est\u00e1n en manos de los laboratorios farmac\u00e9uticos y del poder. La gente libre es peligrosa y si adem\u00e1s fuma un canuto y es librepensadora, ya es la bomba\u201d.<\/p>\n<p><strong>Hay un art\u00edculo en el especial de la revista de este mes que recuerda que la prohibici\u00f3n es la herramienta del 1% para dominar el 99% y esto enlazar\u00eda tambi\u00e9n con el contexto actual de crisis, en el que se justifican recortes y discriminaciones en todos los \u00e1mbitos y se refuerza el establishment de las elites, pol\u00edticas y econ\u00f3micas. \u00bfC\u00f3mo se puede usar esta superioridad num\u00e9rica para mejorar la situaci\u00f3n?<\/strong><\/p>\n<p><strong>JP (Revista C\u00e1\u00f1amo):<\/strong> \u201cEs cuesti\u00f3n de hacer presiones, creo que se est\u00e1 avanzando: llega un punto en el que la m\u00e1quina de la prohibici\u00f3n es tan rid\u00edcula\u2026 Hoy la noticia es que en Argentina han cambiado los jefazos antidroga y han puesto un nuevo equipo que es antiprohibicionista. Ayer vimos la noticia de que en el Pa\u00eds Vasco quieren regular los clubes sociales. As\u00ed que este 99%, a base de a\u00f1os y de presi\u00f3n, est\u00e1 haciendo ceder los grandes pilares de la prohibici\u00f3n\u201d.<\/p>\n<p><strong>En cambio en Holanda parece que est\u00e9n dando un poco la vuelta\u2026<\/strong><\/p>\n<p><strong>JP (Revista C\u00e1\u00f1amo):<\/strong> \u201cEn Holanda pasa una cosa rara, como no tienen la puerta de atr\u00e1s legalizada s\u00f3lo han tenido una puerta delantera, pues es una estructura que no tiene mucho sentido. Lo que est\u00e1n haciendo ahora es venir a las ideas que hay aqu\u00ed, evitar el narcoturismo, que es lo que m\u00e1s fastidia. Y el narcoturismo se evita si en todas las ciudades la gente puede satisfacer sus necesidades sin tener que irse a Holanda\u201d.<\/p>\n<p><strong>De alguna forma, la prohibici\u00f3n de las drogas vendr\u00eda a ser como la puntilla: hay explotaci\u00f3n, miseria, sueldos bajos, muchas prohibiciones y encima tambi\u00e9n te censuran la posibilidad de la evasi\u00f3n, del refugio, es decir, condicionan tu realidad cotidiana pero tambi\u00e9n tu propia realidad paralela y de ah\u00ed tambi\u00e9n el encanto por lo prohibido\u2026<\/strong><\/p>\n<p><strong>ML (Revista C\u00e1\u00f1amo):<\/strong> \u201cS\u00ed, no hay mejor manera de promocionar algo que prohibirlo. Yo tambi\u00e9n pienso que esta supuesta apertura que hay ahora es un cambio de estrategia econ\u00f3mica. Lo que est\u00e1 claro es que los Estados son est\u00fapidos, est\u00e1n dejando el negocio de las sustancias y el negocio de la prohibici\u00f3n en manos de gente que ya es m\u00e1s poderosa que ellos mismos. Ahora mismo en los presupuestos del Estado no hay recursos para afrontar una guerra contra el narcotr\u00e1fico en M\u00e9jico, cada d\u00eda hay m\u00e1s muertos\u201d.<\/p>\n<p><strong>JP (Revista C\u00e1\u00f1amo):<\/strong> \u201cNo tiene por qu\u00e9 ser el mismo mercado que el de los tomates o el de las cebollas. Cada sustancia tiene su idiosincrasia y debe ser considerada de una forma determinada, existen maneras de que cada sustancia entre en la sociedad de una manera determinada. Y el Estado puede sacar un beneficio importante de esto, como saca del tabaco o del alcohol\u201d.<\/p>\n<p>Adem\u00e1s, lo que se ataca en el fondo es la libertad individual, porque se olvida que la vida es un bien privado y cada uno puede hacer con ella lo que le plazca con el l\u00edmite del da\u00f1o al otro (esto se ligar\u00eda tambi\u00e9n con la eutanasia o el aborto). Y ahora estamos en un mapa pol\u00edtico europeo dominado por las derechas, que no parecen ser la ideolog\u00eda m\u00e1s proclive a legalizar las drogas\u2026<\/p>\n<p><strong>JP (Revista C\u00e1\u00f1amo):<\/strong> \u201cNo, porque Aznar era el que dec\u00eda aquello de \u2018\u00bfme vas a decir t\u00fa lo que yo he de beber?\u2019. Se trata de un mundo liberal en el que el individuo prima sobre la sociedad, entonces si yo tengo la libertad y la educaci\u00f3n de ser responsable de mis actos, \u00bfqui\u00e9n es qui\u00e9n para decirme lo qu\u00e9 tengo que hacer? y esa es una de las ideas del PP, el individuo es antes que la sociedad, el PP es un partido liberal\u2026Pero claro, la moralidad tambi\u00e9n interviene\u201d.<\/p>\n<p><strong>ML (Revista C\u00e1\u00f1amo):<\/strong> \u201cOjo con la moral de la izquierda porque en los or\u00edgenes de la prohibici\u00f3n en Espa\u00f1a, en los albores del siglo XX, cuando empieza la estigmatizaci\u00f3n es cuando gobiernan las izquierdas. La coca\u00edna se compraba en la farmacia y la gente que ten\u00eda dinero se lo compraba y no hab\u00eda ning\u00fan problema\u201d.<\/p>\n<p><strong>\u00bfEntonces qu\u00e9 ocurri\u00f3, cu\u00e1l fue el antes y el despu\u00e9s, c\u00f3mo empez\u00f3 la prohibici\u00f3n?<\/strong><\/p>\n<p><strong>ML (Revista C\u00e1\u00f1amo):<\/strong> \u201cLa prohibici\u00f3n de la marihuana se hizo exclusivamente por intereses de la Dupont, para la fibra sint\u00e9tica. Ah\u00ed se estigmatiz\u00f3 la marihuana, se la consider\u00f3 asesina, y en Estados Unidos se fue a por ella. El tema de la guerra del opio con los japoneses y los ingleses y todo el foll\u00f3n que se li\u00f3 all\u00ed\u2026En el caso del cannabis, la mayor de las hipocres\u00edas es que Estados Unidos prohibi\u00f3 el cultivo del cannabis y del c\u00e1\u00f1amo. Y cuando estall\u00f3 la Segunda Guerra Mundial cultivaron plantas para hacer paraca\u00eddas, cuerdas, lonas, tiendas de campa\u00f1a\u2026Hicieron una pel\u00edcula para que todo el mundo se concienciara, \u201cHemp for the victory\u201d (\u2018C\u00e1\u00f1amo para la victoria\u2019) y cuando acab\u00f3 la guerra volvieron a prohibir el cultivo. El nylon no les daba para esto, el c\u00e1\u00f1amo s\u00ed les daba para abastecer las tropas y todo el material log\u00edstico que necesitaban. Los intereses est\u00e1n por delante a veces de las personas, aunque lo que est\u00e1 claro es que controlar el placer y a las personas es fundamental para el poder. Drogas que son ahora normales han sido penadas de forma atroz en otros tiempos, en Rusia te cortaban la nariz por consumir caf\u00e9. Y aqu\u00ed los \u00fanicos que pod\u00edan cultivar vino eran los curas\u201d.<\/p>\n<p><strong>Otro problema es la generalizaci\u00f3n, se pone en el mismo saco todas las drogas, se las considera malas y punto, sin matices.<\/strong><\/p>\n<p><strong>JP (Revista C\u00e1\u00f1amo):<\/strong> \u201cPor supuesto, no tiene nada que ver la marihuana con la coca\u00edna, ni con la anfetamina, ni el \u00e9xtasis con la mescalina\u2026 cada sustancia tiene su intervenci\u00f3n, las adicciones son diferentes\u2026\u201d.<\/p>\n<p><strong>ML (Revista C\u00e1\u00f1amo):<\/strong> \u201cAdem\u00e1s, cada persona tiene un grado de tolerancia distinto. Si pones todas las drogas en el mismo saco, por el hecho de estar prohibido, todo el mundo piensa que puede tomarlo todo y realmente si no estuviera prohibido, supongo que el hecho de conocer la sustancia har\u00eda que la gente escogiera si quiere tomar o no y qu\u00e9 le gusta y qu\u00e9 no\u201d.<\/p>\n<p><strong>Ahora parece que el consumo de hero\u00edna ha bajado pero la pol\u00edtica prohibicionista ha hecho que entre 1998 y 2008 el consumo de cannabis suba un 8,5%, el de coca\u00edna un 27% y el de opi\u00e1ceos un 34%. Supongo que el miedo de los gobiernos es que la legalidad implique una subida\u2026<\/strong><\/p>\n<p><strong>ML (Revista C\u00e1\u00f1amo):<\/strong> \u201cLa hero\u00edna es la \u00fanica droga que ha bajado en los \u00faltimos 30 a\u00f1os y ha bajado el peso de la coca\u00edna, un gramo ya no pesa un gramo, hay mucha porquer\u00eda\u2026\u201d.<\/p>\n<p><strong>JP (Revista C\u00e1\u00f1amo):<\/strong> \u201cCada vez te puedes fiar menos de las sustancias. Ha llegado un punto en el que los an\u00e1lisis est\u00e1n revelando que hay un 40% de pureza, el resto es porquer\u00eda: antibi\u00f3ticos, antiparasitarios, lidoca\u00ednas y az\u00facares, glucosa\u2026ya vienen colocadas de origen las dosis. Eso te da un subid\u00f3n en un primer momento pero luego el cuerpo se resiente. Cuando ves que s\u00f3lo est\u00e1s comprando un 20% de la sustancia, se te quitan las ganas. En la legalidad esto no pasar\u00eda, si hay educaci\u00f3n y responsabilidad, cada uno es due\u00f1o de sus actos, si la gente quiere suicidarse es su problema. Cuando tienes un problema de adicci\u00f3n, tienes que ser consciente de ello\u201d.<\/p>\n<p><strong>ML (Revista C\u00e1\u00f1amo):<\/strong> \u201cCon el caso de la prohibici\u00f3n del alcohol en los Estados Unidos, la adulteraci\u00f3n de los alcoholes fue muy importante, hab\u00eda metano o propano, era veneno puro. En el momento en el que la prohibici\u00f3n qued\u00f3 abolida, se empez\u00f3 a fabricar y entonces compras calidad. La prohibici\u00f3n genera adulteraci\u00f3n, muertes, mafias, crimen\u201d.<\/p>\n<p><strong>JP (Revista C\u00e1\u00f1amo):<\/strong> \u201cMira el caso de Noriega, ha vuelto a su pa\u00eds ahora y fue secuestrado por los Estados Unidos despu\u00e9s de haber sido su hombre de confianza en el trasiego de coca\u00edna de norte a sur. Lo secuestraron por traficante pero era su socio. Algo alucinante. O lo que est\u00e1n haciendo en Colombia con las FARC, en Bolivia o en Per\u00fa. La prohibici\u00f3n es una maldici\u00f3n, un mercado regulado se podr\u00eda regular y cada sustancia estar\u00eda regulada de una manera distinta, el Estado sacar\u00eda impuestos y la sociedad quedar\u00eda beneficiada por el asunto. Es tan rid\u00edculo todo. Si dijeras: \u2018est\u00e1 prohibido pero es que no hay\u2019. Pero hay donde quieras, las cantidades que quieras y cuando quieras\u201d.<\/p>\n<p><strong>En junio de este a\u00f1o la Comisi\u00f3n Global de Pol\u00edticas contra Droga hizo un informe en el que admit\u00eda el nulo efecto de las pol\u00edticas prohibicionistas y recomendaba la legalizaci\u00f3n argumentando que \u201cla represi\u00f3n del consumo impide la adopci\u00f3n de medidas de salud p\u00fablica para reducir el sida o las muertes por sobredosis\u201d. \u00bfEsto supone un aut\u00e9ntico cambio o es s\u00f3lo una declaraci\u00f3n de buenas intenciones que no ha ido a m\u00e1s?<\/strong><\/p>\n<p><strong>JP (Revista C\u00e1\u00f1amo):<\/strong> \u201cHace tiempo que la opini\u00f3n mayoritaria, por lo menos en Europa, es la reducci\u00f3n de riesgos, como principio b\u00e1sico y una de la soluciones es evitar que un consumidor sea tratado como un delincuente. Francia es uno de los pa\u00edses que todav\u00eda no ha cambiado su pol\u00edtica de drogas y el consumo est\u00e1 prohibido pero los pa\u00edses europeos van hacia el consumo no punible. Hay que buscar la reducci\u00f3n de riesgos, desde las jeringuillas en las prisiones, etc&#8230;\u201d.<\/p>\n<h3>HOLANDA, MITIFICADA<\/h3>\n<p><strong>Siempre se habla de Holanda como el pa\u00eds id\u00edlico, el \u00fanico de Europa donde se puede vender legalmente la marihuana. \u00bfQu\u00e9 datos ten\u00e9is, realmente es el ejemplo a seguir?<\/strong><\/p>\n<p><strong>JP (Revista C\u00e1\u00f1amo):<\/strong> \u201cHace unos d\u00edas se hizo la Cannabis Cup y hab\u00eda 200 policias en el chiringuito donde hace casi veinte a\u00f1os se celebra este evento. Holanda no es ning\u00fan para\u00edso, lo que pasa es que en seg\u00fan qu\u00e9 ciudades o pueblos puedes ir a comprar peque\u00f1as dosis de marihuana. Pero estos sitios se las desean para conseguir los dos quilos que venden cada d\u00eda porque no pueden tener esos dos quilos en ning\u00fan sitio, y tienen que ir de medio quilo en quilo. Est\u00e1n todos ilegales por decirlo de alguna manera, simplemente tienen la suerte de que no se meten con las peque\u00f1as ventas. Creo que en Espa\u00f1a estamos mucho mejor: aqu\u00ed empezamos a tener clubes sociales en los que la gente paga sus cuota y el club se preocupa de que tenga su preciado vegetal, est\u00e1n hasta los campos registrados por decirlo de alguna manera. Hay cinco ferias en Espa\u00f1a\u201d.<\/p>\n<p><strong>ML (Revista C\u00e1\u00f1amo):<\/strong> \u201cEn Holanda los pueblos tienen la posibilidad de hacer un refer\u00e9ndum y con una votaci\u00f3n decidir si quieren coffee shops\u201d.<\/p>\n<p><strong>Es curioso que en los pa\u00edses n\u00f3rdicos, generalmente asociados con la modernidad, la tolerancia y el pluralismo, el cultivo y la posesi\u00f3n conlleven penas de prisi\u00f3n&#8230;<\/strong><\/p>\n<p><strong>ML (Revista C\u00e1\u00f1amo):<\/strong> \u201cS\u00ed, en Suecia por ejemplo es terrible, Holanda es el \u00fanico que se escapa un poco y en Francia uno no puede ni llevar una camiseta con una hoja de marihuana. En Inglaterra hay mercado y se van haciendo cosas y buscando v\u00edas para solucionar el asunto, en Alemania cuando nosotros abrimos la revista prohibieron las semillas y el sector estaba en auge, hab\u00eda una feria y al tercer a\u00f1o ya no hab\u00eda semillas\u201d.<\/p>\n<p><strong>Llev\u00e1is m\u00e1s de 14 a\u00f1os editando la revista. \u00bfQu\u00e9 balance hace\u00eds? \u00bfEncontrasteis dificultades?<\/strong><\/p>\n<p><strong>ML (Revista C\u00e1\u00f1amo):<\/strong> \u201cMuy bueno. Nunca hemos tenido dificultades\u201d.<\/p>\n<p><strong>JP (Revista C\u00e1\u00f1amo):<\/strong> \u201cS\u00f3lo tuvimos problemas en la \u00faltima mayor\u00eda absoluta del PP, nos acusaban de hacer apolog\u00eda del consumo del cannabis en Espa\u00f1a, pero como no pod\u00edan acusarnos de esto, se inventaron una ley administrativa. Ahora t\u00fa eres consumidor y si fumas no te pueden penalizar, pero te pueden poner una multa administrativa por tenencia il\u00edcita. Nosotros llevamos casi 15 a\u00f1os intentando ense\u00f1ar a la gente que se desligue del mercado negro y que vaya hacia la autoproducci\u00f3n, que no compre sino que se lo plante y lo haga. Pero hay poca gente que tiene un terreno. Hay una serie de requerimientos para que en un cuarto oscuro te funcione y te crezca la planta: tienes que darle agua, luz, comida y entonces todo eso es un mercado. Empezamos nosotros vendiendo algo para el cultivo en nuestra tienda y ahora hay m\u00e1s de 500 grow shops\u201d.<\/p>\n<p><strong>\u00bfCu\u00e1l ser\u00eda el marco legal ideal en Espa\u00f1a?<\/strong><\/p>\n<p><strong>JP (Revista C\u00e1\u00f1amo):<\/strong> \u201cEn el caso de la marihuana, poder regular lo qu\u00e9 es la tenencia l\u00edcita, eso es lo principal: es f\u00e1cil cambiarlo a nivel legal, s\u00f3lo hay que a\u00f1adir la referencia \u2018tenencia para el autoconsumo\u2019. Cuando sepas lo que es l\u00edcito, lo dem\u00e1s es il\u00edcito. Piensa que la marihuana es una planta que si el 50% de la gente quiere tenerla, la tiene, porque cabe en un balc\u00f3n y para el otro 50% que no la tiene se est\u00e1n promoviendo los clubes sociales de cannabis. L que haces es blanquearlo todo, un vendedor ya no es un vendedor sino alguien que atiende al club, un fabricante ya no es un productor il\u00edcito sino un jardinero a n\u00f3mina de la asociaci\u00f3n y todo el mundo se podr\u00eda asociar a estos clubes. Pero esto es muy complicado, porque una asociaci\u00f3n con diferentes voces y asambleas, es costoso que las cosas salgan adelante. Entonces hay gente que no quiere ser socia de ning\u00fan sitio sino que cuando quiere consumir, va a un sitio y lo hace. Es una alternativa v\u00e1lida pero hay que cambiar muchas leyes, lo principal de todo es evitar que se fabrique con un destino incontrolado. Un marco id\u00edlico ser\u00eda que toda producci\u00f3n pasara por un destino controlado: yo fabrico tantos quilos y es porque los vendo aqu\u00ed porque tengo tantos socios o tantos clientes. Lo que hay que evitar es que esta sustancia pueda ir a los colegios. Hay dos opciones: con menos impuestos a trav\u00e9s de clubes sociales o pagando m\u00e1s impuestos a trav\u00e9s de locales p\u00fablicos, como la actitud que tienen los casinos, en los que no puede entrar todo el mundo: no puede entrar un lud\u00f3pata ni un menor de edad, tienes que entrar con tu carnet y te apuntan&#8230;Yo creo en este sistema m\u00e1s que en otro, porque as\u00ed tienes un control\u201d.<\/p>\n<p><strong>JP (Revista C\u00e1\u00f1amo):<\/strong> \u201cLo importante es regularizarlo, tener las cosas claras. Hay una cosa curiosa, en este pa\u00eds el consumo de sustancias no est\u00e1 prohibido, est\u00e1 tolerado, consumir no es delito pero los consumidores tienen un d\u00e9ficit democr\u00e1tico respecto a los consumidores de otras sustancias como por ejemplo el alcohol. T\u00fa puedes consumir en tu casa y hay un club donde puedes comprar pero el tr\u00e1nsito entre el club y en tu casa te convierte en una persona que lleva algo, una persona que va al supermercado y se compra un Soberano no le pasa nada. Que una persona pueda llevar algo encima para consumo propio en cualquier momento, que no sea considerado un criminal sino un usuario de esta sustancia. Y luego otra cosa es la educaci\u00f3n en las escuelas, tendr\u00edan que hablar de ello, explicarlo igual que lo hacen con el sexo o con la circulaci\u00f3n vial. El tema del consumo de sustancias es un tab\u00fa\u201d.<\/p>\n<p><strong>O sea, regularizaci\u00f3n y educaci\u00f3n.<\/strong><\/p>\n<p><strong>ML (Revista C\u00e1\u00f1amo):<\/strong> \u201cEso es\u201d.<\/p>","protected":false},"excerpt":{"rendered":"<p>En el 2011 se ha \u201ccelebrado\u201d medio siglo de la prohibici\u00f3n de las drogas acordada por las Naciones Unidas. Sin duda, un aniversario negro que, seg\u00fan Mois\u00e9s L\u00f3pez y Jaime Prats, editores de la revista C\u00e1\u00f1amo, ha tra\u00eddo regalos nefastos en forma de mafias, asesinatos y adulteraciones de sustancias. Ellos [&hellip;]<\/p>\n","protected":false},"author":40,"featured_media":19209,"comment_status":"open","ping_status":"open","sticky":false,"template":"","format":"standard","meta":{"footnotes":""},"categories":[4],"tags":[],"class_list":["post-1283","post","type-post","status-publish","format-standard","has-post-thumbnail","hentry","category-cultura"],"yoast_head":"<!-- This site is optimized with the Yoast SEO plugin v27.5 - https:\/\/yoast.com\/product\/yoast-seo-wordpress\/ -->\n<title>Revista C\u00e1\u00f1amo: &quot;La gente libre es peligrosa, y si...&quot; - Revista Rambla<\/title>\n<meta name=\"description\" content=\"Sin duda, un aniversario negro que, seg\u00fan Mois\u00e9s L\u00f3pez y Jaime Prats, editores de la revista C\u00e1\u00f1amo ha tra\u00eddo regalos nefastos...\" \/>\n<meta name=\"robots\" content=\"index, follow, max-snippet:-1, max-image-preview:large, max-video-preview:-1\" \/>\n<link rel=\"canonical\" href=\"https:\/\/www.revistarambla.com\/en\/revista-canamo-la-gente-libre-es-peligrosa-y-si-ademas-fuma-un-canuto-ya-es-la-bomba\/\" \/>\n<meta property=\"og:locale\" content=\"en_GB\" \/>\n<meta property=\"og:type\" content=\"article\" \/>\n<meta property=\"og:title\" content=\"Revista C\u00e1\u00f1amo: &quot;La gente libre es peligrosa, y si...&quot; - Revista Rambla\" \/>\n<meta property=\"og:description\" content=\"Sin duda, un aniversario negro que, seg\u00fan Mois\u00e9s L\u00f3pez y Jaime Prats, editores de la revista C\u00e1\u00f1amo ha tra\u00eddo regalos nefastos...\" \/>\n<meta property=\"og:url\" content=\"https:\/\/www.revistarambla.com\/en\/revista-canamo-la-gente-libre-es-peligrosa-y-si-ademas-fuma-un-canuto-ya-es-la-bomba\/\" \/>\n<meta property=\"og:site_name\" content=\"Revista Rambla\" \/>\n<meta property=\"article:publisher\" content=\"https:\/\/www.facebook.com\/revistarambla\/\" \/>\n<meta property=\"article:author\" content=\"https:\/\/www.facebook.com\/carles.batalla.7\" \/>\n<meta property=\"article:published_time\" content=\"2011-12-19T03:47:50+00:00\" \/>\n<meta property=\"article:modified_time\" content=\"2021-12-08T19:46:01+00:00\" \/>\n<meta property=\"og:image\" content=\"https:\/\/www.revistarambla.com\/wp-content\/uploads\/2011\/12\/mariguana_revista_rambla_02.jpg\" \/>\n\t<meta property=\"og:image:width\" content=\"700\" \/>\n\t<meta property=\"og:image:height\" content=\"481\" \/>\n\t<meta property=\"og:image:type\" content=\"image\/jpeg\" \/>\n<meta name=\"author\" content=\"Carles Batalla\" \/>\n<meta name=\"twitter:card\" content=\"summary_large_image\" \/>\n<meta name=\"twitter:creator\" content=\"@batallacarles\" \/>\n<meta name=\"twitter:site\" content=\"@revistarambla\" \/>\n<meta name=\"twitter:label1\" content=\"Written by\" \/>\n\t<meta name=\"twitter:data1\" content=\"Carles Batalla\" \/>\n\t<meta name=\"twitter:label2\" content=\"Estimated reading time\" \/>\n\t<meta name=\"twitter:data2\" content=\"13 minutes\" \/>\n<script type=\"application\/ld+json\" class=\"yoast-schema-graph\">{\"@context\":\"https:\\\/\\\/schema.org\",\"@graph\":[{\"@type\":\"Article\",\"@id\":\"https:\\\/\\\/www.revistarambla.com\\\/revista-canamo-la-gente-libre-es-peligrosa-y-si-ademas-fuma-un-canuto-ya-es-la-bomba\\\/#article\",\"isPartOf\":{\"@id\":\"https:\\\/\\\/www.revistarambla.com\\\/revista-canamo-la-gente-libre-es-peligrosa-y-si-ademas-fuma-un-canuto-ya-es-la-bomba\\\/\"},\"author\":{\"name\":\"Carles Batalla\",\"@id\":\"https:\\\/\\\/www.revistarambla.com\\\/#\\\/schema\\\/person\\\/6929729dc40824a1c398a961398e6d97\"},\"headline\":\"Revista C\u00e1\u00f1amo: \u00abLa gente libre es peligrosa, y si adem\u00e1s fuma un canuto, ya es la bomba\u00bb\",\"datePublished\":\"2011-12-19T03:47:50+00:00\",\"dateModified\":\"2021-12-08T19:46:01+00:00\",\"mainEntityOfPage\":{\"@id\":\"https:\\\/\\\/www.revistarambla.com\\\/revista-canamo-la-gente-libre-es-peligrosa-y-si-ademas-fuma-un-canuto-ya-es-la-bomba\\\/\"},\"wordCount\":3191,\"commentCount\":0,\"publisher\":{\"@id\":\"https:\\\/\\\/www.revistarambla.com\\\/#organization\"},\"image\":{\"@id\":\"https:\\\/\\\/www.revistarambla.com\\\/revista-canamo-la-gente-libre-es-peligrosa-y-si-ademas-fuma-un-canuto-ya-es-la-bomba\\\/#primaryimage\"},\"thumbnailUrl\":\"https:\\\/\\\/www.revistarambla.com\\\/wp-content\\\/uploads\\\/2011\\\/12\\\/mariguana_revista_rambla_02.jpg\",\"articleSection\":[\"Cultura\"],\"inLanguage\":\"en-GB\",\"potentialAction\":[{\"@type\":\"CommentAction\",\"name\":\"Comment\",\"target\":[\"https:\\\/\\\/www.revistarambla.com\\\/revista-canamo-la-gente-libre-es-peligrosa-y-si-ademas-fuma-un-canuto-ya-es-la-bomba\\\/#respond\"]}]},{\"@type\":\"WebPage\",\"@id\":\"https:\\\/\\\/www.revistarambla.com\\\/revista-canamo-la-gente-libre-es-peligrosa-y-si-ademas-fuma-un-canuto-ya-es-la-bomba\\\/\",\"url\":\"https:\\\/\\\/www.revistarambla.com\\\/revista-canamo-la-gente-libre-es-peligrosa-y-si-ademas-fuma-un-canuto-ya-es-la-bomba\\\/\",\"name\":\"Revista C\u00e1\u00f1amo: \\\"La gente libre es peligrosa, y si...\\\" - Revista Rambla\",\"isPartOf\":{\"@id\":\"https:\\\/\\\/www.revistarambla.com\\\/#website\"},\"primaryImageOfPage\":{\"@id\":\"https:\\\/\\\/www.revistarambla.com\\\/revista-canamo-la-gente-libre-es-peligrosa-y-si-ademas-fuma-un-canuto-ya-es-la-bomba\\\/#primaryimage\"},\"image\":{\"@id\":\"https:\\\/\\\/www.revistarambla.com\\\/revista-canamo-la-gente-libre-es-peligrosa-y-si-ademas-fuma-un-canuto-ya-es-la-bomba\\\/#primaryimage\"},\"thumbnailUrl\":\"https:\\\/\\\/www.revistarambla.com\\\/wp-content\\\/uploads\\\/2011\\\/12\\\/mariguana_revista_rambla_02.jpg\",\"datePublished\":\"2011-12-19T03:47:50+00:00\",\"dateModified\":\"2021-12-08T19:46:01+00:00\",\"description\":\"Sin duda, un aniversario negro que, seg\u00fan Mois\u00e9s L\u00f3pez y Jaime Prats, editores de la revista C\u00e1\u00f1amo ha tra\u00eddo regalos nefastos...\",\"breadcrumb\":{\"@id\":\"https:\\\/\\\/www.revistarambla.com\\\/revista-canamo-la-gente-libre-es-peligrosa-y-si-ademas-fuma-un-canuto-ya-es-la-bomba\\\/#breadcrumb\"},\"inLanguage\":\"en-GB\",\"potentialAction\":[{\"@type\":\"ReadAction\",\"target\":[\"https:\\\/\\\/www.revistarambla.com\\\/revista-canamo-la-gente-libre-es-peligrosa-y-si-ademas-fuma-un-canuto-ya-es-la-bomba\\\/\"]}]},{\"@type\":\"ImageObject\",\"inLanguage\":\"en-GB\",\"@id\":\"https:\\\/\\\/www.revistarambla.com\\\/revista-canamo-la-gente-libre-es-peligrosa-y-si-ademas-fuma-un-canuto-ya-es-la-bomba\\\/#primaryimage\",\"url\":\"https:\\\/\\\/www.revistarambla.com\\\/wp-content\\\/uploads\\\/2011\\\/12\\\/mariguana_revista_rambla_02.jpg\",\"contentUrl\":\"https:\\\/\\\/www.revistarambla.com\\\/wp-content\\\/uploads\\\/2011\\\/12\\\/mariguana_revista_rambla_02.jpg\",\"width\":700,\"height\":481,\"caption\":\"revista c\u00e1\u00f1amo\"},{\"@type\":\"BreadcrumbList\",\"@id\":\"https:\\\/\\\/www.revistarambla.com\\\/revista-canamo-la-gente-libre-es-peligrosa-y-si-ademas-fuma-un-canuto-ya-es-la-bomba\\\/#breadcrumb\",\"itemListElement\":[{\"@type\":\"ListItem\",\"position\":1,\"name\":\"Portada\",\"item\":\"https:\\\/\\\/www.revistarambla.com\\\/\"},{\"@type\":\"ListItem\",\"position\":2,\"name\":\"Revista C\u00e1\u00f1amo: \u00abLa gente libre es peligrosa, y si adem\u00e1s fuma un canuto, ya es la bomba\u00bb\"}]},{\"@type\":\"WebSite\",\"@id\":\"https:\\\/\\\/www.revistarambla.com\\\/#website\",\"url\":\"https:\\\/\\\/www.revistarambla.com\\\/\",\"name\":\"Revista Rambla Barcelona\",\"description\":\"Periodismo independiente\",\"publisher\":{\"@id\":\"https:\\\/\\\/www.revistarambla.com\\\/#organization\"},\"potentialAction\":[{\"@type\":\"SearchAction\",\"target\":{\"@type\":\"EntryPoint\",\"urlTemplate\":\"https:\\\/\\\/www.revistarambla.com\\\/?s={search_term_string}\"},\"query-input\":{\"@type\":\"PropertyValueSpecification\",\"valueRequired\":true,\"valueName\":\"search_term_string\"}}],\"inLanguage\":\"en-GB\"},{\"@type\":\"Organization\",\"@id\":\"https:\\\/\\\/www.revistarambla.com\\\/#organization\",\"name\":\"Revista Rambla\",\"url\":\"https:\\\/\\\/www.revistarambla.com\\\/\",\"logo\":{\"@type\":\"ImageObject\",\"inLanguage\":\"en-GB\",\"@id\":\"https:\\\/\\\/www.revistarambla.com\\\/#\\\/schema\\\/logo\\\/image\\\/\",\"url\":\"https:\\\/\\\/www.revistarambla.com\\\/wp-content\\\/uploads\\\/2020\\\/09\\\/banner_rambla_1900x600_BB.png\",\"contentUrl\":\"https:\\\/\\\/www.revistarambla.com\\\/wp-content\\\/uploads\\\/2020\\\/09\\\/banner_rambla_1900x600_BB.png\",\"width\":1900,\"height\":600,\"caption\":\"Revista Rambla\"},\"image\":{\"@id\":\"https:\\\/\\\/www.revistarambla.com\\\/#\\\/schema\\\/logo\\\/image\\\/\"},\"sameAs\":[\"https:\\\/\\\/www.facebook.com\\\/revistarambla\\\/\",\"https:\\\/\\\/x.com\\\/revistarambla\",\"https:\\\/\\\/www.instagram.com\\\/revista_rambla\",\"https:\\\/\\\/es.linkedin.com\\\/company\\\/revista-rambla\"]},{\"@type\":\"Person\",\"@id\":\"https:\\\/\\\/www.revistarambla.com\\\/#\\\/schema\\\/person\\\/6929729dc40824a1c398a961398e6d97\",\"name\":\"Carles Batalla\",\"description\":\"Periodista y poeta.\",\"sameAs\":[\"https:\\\/\\\/www.facebook.com\\\/carles.batalla.7\",\"https:\\\/\\\/x.com\\\/batallacarles\"]}]}<\/script>\n<!-- \/ Yoast SEO plugin. -->","yoast_head_json":{"title":"Revista C\u00e1\u00f1amo: \"La gente libre es peligrosa, y si...\" - Revista Rambla","description":"Sin duda, un aniversario negro que, seg\u00fan Mois\u00e9s L\u00f3pez y Jaime Prats, editores de la revista C\u00e1\u00f1amo ha tra\u00eddo regalos nefastos...","robots":{"index":"index","follow":"follow","max-snippet":"max-snippet:-1","max-image-preview":"max-image-preview:large","max-video-preview":"max-video-preview:-1"},"canonical":"https:\/\/www.revistarambla.com\/en\/revista-canamo-la-gente-libre-es-peligrosa-y-si-ademas-fuma-un-canuto-ya-es-la-bomba\/","og_locale":"en_GB","og_type":"article","og_title":"Revista C\u00e1\u00f1amo: \"La gente libre es peligrosa, y si...\" - Revista Rambla","og_description":"Sin duda, un aniversario negro que, seg\u00fan Mois\u00e9s L\u00f3pez y Jaime Prats, editores de la revista C\u00e1\u00f1amo ha tra\u00eddo regalos nefastos...","og_url":"https:\/\/www.revistarambla.com\/en\/revista-canamo-la-gente-libre-es-peligrosa-y-si-ademas-fuma-un-canuto-ya-es-la-bomba\/","og_site_name":"Revista Rambla","article_publisher":"https:\/\/www.facebook.com\/revistarambla\/","article_author":"https:\/\/www.facebook.com\/carles.batalla.7","article_published_time":"2011-12-19T03:47:50+00:00","article_modified_time":"2021-12-08T19:46:01+00:00","og_image":[{"width":700,"height":481,"url":"https:\/\/www.revistarambla.com\/wp-content\/uploads\/2011\/12\/mariguana_revista_rambla_02.jpg","type":"image\/jpeg"}],"author":"Carles Batalla","twitter_card":"summary_large_image","twitter_creator":"@batallacarles","twitter_site":"@revistarambla","twitter_misc":{"Written by":"Carles Batalla","Estimated reading time":"13 minutes"},"schema":{"@context":"https:\/\/schema.org","@graph":[{"@type":"Article","@id":"https:\/\/www.revistarambla.com\/revista-canamo-la-gente-libre-es-peligrosa-y-si-ademas-fuma-un-canuto-ya-es-la-bomba\/#article","isPartOf":{"@id":"https:\/\/www.revistarambla.com\/revista-canamo-la-gente-libre-es-peligrosa-y-si-ademas-fuma-un-canuto-ya-es-la-bomba\/"},"author":{"name":"Carles Batalla","@id":"https:\/\/www.revistarambla.com\/#\/schema\/person\/6929729dc40824a1c398a961398e6d97"},"headline":"Revista C\u00e1\u00f1amo: \u00abLa gente libre es peligrosa, y si adem\u00e1s fuma un canuto, ya es la bomba\u00bb","datePublished":"2011-12-19T03:47:50+00:00","dateModified":"2021-12-08T19:46:01+00:00","mainEntityOfPage":{"@id":"https:\/\/www.revistarambla.com\/revista-canamo-la-gente-libre-es-peligrosa-y-si-ademas-fuma-un-canuto-ya-es-la-bomba\/"},"wordCount":3191,"commentCount":0,"publisher":{"@id":"https:\/\/www.revistarambla.com\/#organization"},"image":{"@id":"https:\/\/www.revistarambla.com\/revista-canamo-la-gente-libre-es-peligrosa-y-si-ademas-fuma-un-canuto-ya-es-la-bomba\/#primaryimage"},"thumbnailUrl":"https:\/\/www.revistarambla.com\/wp-content\/uploads\/2011\/12\/mariguana_revista_rambla_02.jpg","articleSection":["Cultura"],"inLanguage":"en-GB","potentialAction":[{"@type":"CommentAction","name":"Comment","target":["https:\/\/www.revistarambla.com\/revista-canamo-la-gente-libre-es-peligrosa-y-si-ademas-fuma-un-canuto-ya-es-la-bomba\/#respond"]}]},{"@type":"WebPage","@id":"https:\/\/www.revistarambla.com\/revista-canamo-la-gente-libre-es-peligrosa-y-si-ademas-fuma-un-canuto-ya-es-la-bomba\/","url":"https:\/\/www.revistarambla.com\/revista-canamo-la-gente-libre-es-peligrosa-y-si-ademas-fuma-un-canuto-ya-es-la-bomba\/","name":"Revista C\u00e1\u00f1amo: \"La gente libre es peligrosa, y si...\" - Revista Rambla","isPartOf":{"@id":"https:\/\/www.revistarambla.com\/#website"},"primaryImageOfPage":{"@id":"https:\/\/www.revistarambla.com\/revista-canamo-la-gente-libre-es-peligrosa-y-si-ademas-fuma-un-canuto-ya-es-la-bomba\/#primaryimage"},"image":{"@id":"https:\/\/www.revistarambla.com\/revista-canamo-la-gente-libre-es-peligrosa-y-si-ademas-fuma-un-canuto-ya-es-la-bomba\/#primaryimage"},"thumbnailUrl":"https:\/\/www.revistarambla.com\/wp-content\/uploads\/2011\/12\/mariguana_revista_rambla_02.jpg","datePublished":"2011-12-19T03:47:50+00:00","dateModified":"2021-12-08T19:46:01+00:00","description":"Sin duda, un aniversario negro que, seg\u00fan Mois\u00e9s L\u00f3pez y Jaime Prats, editores de la revista C\u00e1\u00f1amo ha tra\u00eddo regalos nefastos...","breadcrumb":{"@id":"https:\/\/www.revistarambla.com\/revista-canamo-la-gente-libre-es-peligrosa-y-si-ademas-fuma-un-canuto-ya-es-la-bomba\/#breadcrumb"},"inLanguage":"en-GB","potentialAction":[{"@type":"ReadAction","target":["https:\/\/www.revistarambla.com\/revista-canamo-la-gente-libre-es-peligrosa-y-si-ademas-fuma-un-canuto-ya-es-la-bomba\/"]}]},{"@type":"ImageObject","inLanguage":"en-GB","@id":"https:\/\/www.revistarambla.com\/revista-canamo-la-gente-libre-es-peligrosa-y-si-ademas-fuma-un-canuto-ya-es-la-bomba\/#primaryimage","url":"https:\/\/www.revistarambla.com\/wp-content\/uploads\/2011\/12\/mariguana_revista_rambla_02.jpg","contentUrl":"https:\/\/www.revistarambla.com\/wp-content\/uploads\/2011\/12\/mariguana_revista_rambla_02.jpg","width":700,"height":481,"caption":"revista c\u00e1\u00f1amo"},{"@type":"BreadcrumbList","@id":"https:\/\/www.revistarambla.com\/revista-canamo-la-gente-libre-es-peligrosa-y-si-ademas-fuma-un-canuto-ya-es-la-bomba\/#breadcrumb","itemListElement":[{"@type":"ListItem","position":1,"name":"Portada","item":"https:\/\/www.revistarambla.com\/"},{"@type":"ListItem","position":2,"name":"Revista C\u00e1\u00f1amo: \u00abLa gente libre es peligrosa, y si adem\u00e1s fuma un canuto, ya es la bomba\u00bb"}]},{"@type":"WebSite","@id":"https:\/\/www.revistarambla.com\/#website","url":"https:\/\/www.revistarambla.com\/","name":"Revista Rambla Barcelona","description":"Periodismo independiente","publisher":{"@id":"https:\/\/www.revistarambla.com\/#organization"},"potentialAction":[{"@type":"SearchAction","target":{"@type":"EntryPoint","urlTemplate":"https:\/\/www.revistarambla.com\/?s={search_term_string}"},"query-input":{"@type":"PropertyValueSpecification","valueRequired":true,"valueName":"search_term_string"}}],"inLanguage":"en-GB"},{"@type":"Organization","@id":"https:\/\/www.revistarambla.com\/#organization","name":"Revista Rambla","url":"https:\/\/www.revistarambla.com\/","logo":{"@type":"ImageObject","inLanguage":"en-GB","@id":"https:\/\/www.revistarambla.com\/#\/schema\/logo\/image\/","url":"https:\/\/www.revistarambla.com\/wp-content\/uploads\/2020\/09\/banner_rambla_1900x600_BB.png","contentUrl":"https:\/\/www.revistarambla.com\/wp-content\/uploads\/2020\/09\/banner_rambla_1900x600_BB.png","width":1900,"height":600,"caption":"Revista Rambla"},"image":{"@id":"https:\/\/www.revistarambla.com\/#\/schema\/logo\/image\/"},"sameAs":["https:\/\/www.facebook.com\/revistarambla\/","https:\/\/x.com\/revistarambla","https:\/\/www.instagram.com\/revista_rambla","https:\/\/es.linkedin.com\/company\/revista-rambla"]},{"@type":"Person","@id":"https:\/\/www.revistarambla.com\/#\/schema\/person\/6929729dc40824a1c398a961398e6d97","name":"Carles Batalla","description":"Periodista y poeta.","sameAs":["https:\/\/www.facebook.com\/carles.batalla.7","https:\/\/x.com\/batallacarles"]}]}},"_links":{"self":[{"href":"https:\/\/www.revistarambla.com\/en\/wp-json\/wp\/v2\/posts\/1283","targetHints":{"allow":["GET"]}}],"collection":[{"href":"https:\/\/www.revistarambla.com\/en\/wp-json\/wp\/v2\/posts"}],"about":[{"href":"https:\/\/www.revistarambla.com\/en\/wp-json\/wp\/v2\/types\/post"}],"author":[{"embeddable":true,"href":"https:\/\/www.revistarambla.com\/en\/wp-json\/wp\/v2\/users\/40"}],"replies":[{"embeddable":true,"href":"https:\/\/www.revistarambla.com\/en\/wp-json\/wp\/v2\/comments?post=1283"}],"version-history":[{"count":0,"href":"https:\/\/www.revistarambla.com\/en\/wp-json\/wp\/v2\/posts\/1283\/revisions"}],"wp:featuredmedia":[{"embeddable":true,"href":"https:\/\/www.revistarambla.com\/en\/wp-json\/wp\/v2\/media\/19209"}],"wp:attachment":[{"href":"https:\/\/www.revistarambla.com\/en\/wp-json\/wp\/v2\/media?parent=1283"}],"wp:term":[{"taxonomy":"category","embeddable":true,"href":"https:\/\/www.revistarambla.com\/en\/wp-json\/wp\/v2\/categories?post=1283"},{"taxonomy":"post_tag","embeddable":true,"href":"https:\/\/www.revistarambla.com\/en\/wp-json\/wp\/v2\/tags?post=1283"}],"curies":[{"name":"wp","href":"https:\/\/api.w.org\/{rel}","templated":true}]}}