{"id":1270,"date":"2011-12-06T06:09:15","date_gmt":"2011-12-06T05:09:15","guid":{"rendered":"https:\/\/www.revistarambla.com\/auto-retro-2011-celebra-los-50-anos-del-jaguar-e-type\/"},"modified":"2021-12-10T16:35:56","modified_gmt":"2021-12-10T15:35:56","slug":"auto-retro-2011-celebra-los-50-anos-del-jaguar-e-type","status":"publish","type":"post","link":"https:\/\/www.revistarambla.com\/en\/auto-retro-2011-celebra-los-50-anos-del-jaguar-e-type\/","title":{"rendered":"Auto Retro 2011 celebra los 50 a\u00f1os del Jaguar E-Type"},"content":{"rendered":"<p><img decoding=\"async\" class=\"alignright\" src=\"https:\/\/www.revistarambla.com\/wp-content\/uploads\/2011\/12\/salon-auto-retro-2011-el-mundo-de-los-clasicos-vuelve-a-barcelona-10172_7-300x193.jpg\" alt=\"\" width=\"443\" height=\"285\" \/>Hoy se clausura la vigesimoctava edici\u00f3n del Sal\u00f3n Auto Retro, que se celebra en\u00a0 la plaza Universo y el palacio n\u00famero dos del recinto de Montju\u00efc de Fira de Barcelona. La feria es mucho m\u00e1s que una muestra internacional de autom\u00f3viles cl\u00e1sicos. Su exposici\u00f3n incluye tambi\u00e9n motocicletas, aviaci\u00f3n y n\u00e1utica. En ella se compran y venden tanto veh\u00edculos como material diverso, pero tambi\u00e9n se disfruta de numerosas actividades y, como no, de la contemplaci\u00f3n de las piezas expuestas, que superan la barrera de lo que se concebir\u00eda como\u00a0 simples medios de transporte: los visitantes del sal\u00f3n tienen la certeza de encontrarse ante aut\u00e9nticas obras de arte.<\/p>\n<p>A estas alturas del certamen, a punto ya de conclusi\u00f3n, la sensaci\u00f3n generalizada de los\u00a0 expositores es que los resultados son m\u00e1s positivos que el a\u00f1o anterior. La afluencia de p\u00fablico ha sido elevada, en especial en la inauguraci\u00f3n. Y durante el d\u00eda de hoy, siendo el \u00faltimo y festivo, se espera que las visitas aumenten.<\/p>\n<p>El sal\u00f3n ha contado en esta edici\u00f3n con cerca de 300 expositores de distintos lugares del continente europeo. En la plaza, nada m\u00e1s acceder al recinto, se encuentran expuestos un sinf\u00edn de veh\u00edculos que los particulares aprovechan para mostrar, con la esperanza de vender a un buen precio. Por un porcentaje de la transacci\u00f3n, una gestor\u00eda puede encargarse de ense\u00f1arlo, y llevar a cabo el papeleo en caso de que surja un comprador. En ese mismo espacio exterior, los visitantes\u00a0 ganan seis cervezas Moritz, siempre y cuando se arremanguen y le cambien la rueda a un 600. Adem\u00e1s, quien bata el record de tiempo en esta curiosa competici\u00f3n, consigue un lote de 24 botellas.<\/p>\n<p>El espacio interior de la muestra se divide, en dos ejes diferenciados. Por un lado el mercadillo, donde pueden encontrarse recambios, accesorios, complementos personales, ropa, decoraci\u00f3n, libros&#8230; Y por otro los expositores de cl\u00e1sicos del autom\u00f3vil y la motocicleta, a cargo de los profesionales del sector.<\/p>\n<p>En uno de esos espacios,\u00a0 Auto Storica, especialista en veh\u00edculos ingleses, tiene una parte de su exposici\u00f3n dedicada al Jaguar E-Type, ya que este a\u00f1o cumple 50 a\u00f1itos. En este stand, Jordi Puentes, uno de los empleados, nos explica que este modelo de Jaguar estaba destinado al mercado norteamericano, como casi todo lo que fabricaba la marca (que se llevaba a EEUU casi el 70% de su producci\u00f3n).\u00a0 Seg\u00fan nos ha contado, el Jaguar E, fue una derivaci\u00f3n del XK, que gan\u00f3 varias veces en Le Mans. A partir de estos prototipos se empez\u00f3 a fabricar, en el a\u00f1o 1961, el Jaguar E-Type, que cuenta con\u00a0 3 carburadores, motor 3.8, y 280 caballos. Se trataba de un coche de carretera, pero con prestaciones de circuito. Para la \u00e9poca, era un veh\u00edculo con caracter\u00edsticas que se acercaban a los modelos de la F\u00f3rmula 1. Adem\u00e1s de las especificaciones t\u00e9cnicas, hay que valorar la belleza de su est\u00e9tica, que le ha llevado a ser\u00a0 el \u00fanico coche ubicado en el MOMA de NY. El museo lo adquiri\u00f3 para formar parte de su exposici\u00f3n permanente. Por todo ello, en Auto Storica han querido rendirle homenaje en su 50 aniversario, y han incluido en su muestra una berlina y dos descapotables, as\u00ed como varios de los modelos antecesores.<\/p>\n<p>Adem\u00e1s del E-Type de Jaguar, llaman especialmente la atenci\u00f3n del p\u00fablico dos Ferraris que pueden admirarse en el espacio de Auto Storica. Se trata de un Ferrari 275 GT D 4, de carretera, y un 275 de competici\u00f3n, fabricado en un aluminio muy ligero, especialmente pensando para correr. Son coches con grandes motores, 12 cilindros en V de Ferrari, y la potencia var\u00eda entre 300 y 350 caballos, aproximadamente. Uno de ellos ya se ha vendido -nos han comentado que en Catalu\u00f1a-, y el otro, de un flamante color rojo, se encuentra a la venta por 1.900.000 euros. A su lado reposa un Lamborghini 400 GT Superleggera, otra pieza muy valorada, que era la competencia de los Ferrari de la \u00e9poca. De estos tres modelos hemos podido hablar con Oliver Le Scanf, Managing Director de la empresa, y hemos aprovechado para preguntarle por el perfil de sus clientes. Seg\u00fan nos ha contado, las motivaciones para adquirir un cl\u00e1sico son muy diversas. Por un lado est\u00e1 la pura afici\u00f3n. Lo que se busca sobretodo es recuperar la sensaci\u00f3n de conducir de verdad, sentir la mec\u00e1nica,\u00a0 ya que con los coches actuales es imposible, porque est\u00e1 todo asistido, y \u00abno sabes en qu\u00e9 marcha est\u00e1s, ni como va tu motor, ni como est\u00e1 la carretera porque no sientes absolutamente nada\u00bb, ha comentado Le Scanf. Pero adem\u00e1s, cuando se trata de veh\u00edculos de precio elevado, en ocasiones hay una doble intenci\u00f3n, no solo disfrutar de la conducci\u00f3n, sino tambi\u00e9n hacer una buena inversi\u00f3n, ya que el coche cl\u00e1sico, a contrario de lo que pasa con el veh\u00edculo nuevo, aumenta su valor con el tiempo. La subida suele ser m\u00ednimo de un 5% por a\u00f1o y, si son buenas inversiones, puede llegar al 10% o incluso al 20% anual.<\/p>\n<p>Por \u00faltimo, Guillem Papaseit, tambi\u00e9n de Auto Storica, nos ha estado explicando las diferencias que advierte entre el p\u00fablico de la feria Retromovil, que se celebra en\u00a0 Madrid, y el de Barcelona: \u00aben Madrid la gente es m\u00e1s lanzada, algo m\u00e1s caprichosa. Llegan, echan una ojeada y, si hay algo que les interesa, dan el paso. En Catalu\u00f1a la venta es m\u00e1s lenta, hay menos prisa, se negocia m\u00e1s. Aunque hay m\u00e1s afici\u00f3n, la compra es menos impulsiva. En Madrid la ventaja es que al estar m\u00e1s c\u00e9ntrico, se desplaza m\u00e1s gente de fuera, en forma de mini expediciones\u00bb.\u00a0 Auto Storica participa en Auto Retro desde principios de los a\u00f1os 90. Desde entonces, la feria ha ido evolucionando, los gustos se han ido refinando. Seg\u00fan Guillem Papaseit, el problema con el coche cl\u00e1sico en este pa\u00eds es que durante el franquismo estaba prohibida la importaci\u00f3n desde el extranjero, por lo que hab\u00eda poca cultura en este sentido. Quedaba todo monopolizado por Seat, por las marcas nacionales. Por ejemplo, con Mini, hubo la ventaja de que se empez\u00f3 a fabricar en Espa\u00f1a en el a\u00f1o 69, por lo que es uno de los cl\u00e1sicos que est\u00e1 mejor asentado en el pa\u00eds. En otros modelos, la gente ni pod\u00eda acceder, ni ten\u00eda cultura automovil\u00edstica. Desde hace 15 a\u00f1os se est\u00e1 mejorando mucho en este aspecto.<\/p>\n<p>Y hablando de Mini, el Club Mini de Barcelona, con 350 socios, tambi\u00e9n tiene su peque\u00f1o espacio en el sal\u00f3n. Y para recordar que el primer Rally de Montecarlo lo gan\u00f3 un Mini,\u00a0 organizan cada a\u00f1o el Cooper Ral.li. La pr\u00f3xima edici\u00f3n, la decimotercera,\u00a0 est\u00e1 convocada para el 17 de marzo en Sant Antoni de Calonge. Una buena noticia para los amantes de los cl\u00e1sicos, que ya pueden pensar en una nueva cita, para compensar la tristeza del fin de fiesta del Sal\u00f3n Auto Retro 2011.<\/p>","protected":false},"excerpt":{"rendered":"<p>Hoy se clausura la vigesimoctava edici\u00f3n del Sal\u00f3n Auto Retro, que se celebra en\u00a0 la plaza Universo y el palacio n\u00famero dos del recinto de Montju\u00efc de Fira de Barcelona. La feria es mucho m\u00e1s que una muestra internacional de autom\u00f3viles cl\u00e1sicos. Su exposici\u00f3n incluye tambi\u00e9n motocicletas, aviaci\u00f3n y n\u00e1utica. [&hellip;]<\/p>\n","protected":false},"author":51,"featured_media":31694,"comment_status":"open","ping_status":"open","sticky":false,"template":"","format":"standard","meta":{"footnotes":""},"categories":[3,76],"tags":[],"class_list":["post-1270","post","type-post","status-publish","format-standard","has-post-thumbnail","hentry","category-actualidad","category-barcelona"],"yoast_head":"<!-- This site is optimized with the Yoast SEO plugin v27.5 - https:\/\/yoast.com\/product\/yoast-seo-wordpress\/ -->\n<title>Auto Retro 2011 celebra los 50 a\u00f1os del Jaguar E-Type - Revista Rambla<\/title>\n<meta name=\"robots\" content=\"index, follow, max-snippet:-1, max-image-preview:large, max-video-preview:-1\" \/>\n<link rel=\"canonical\" href=\"https:\/\/www.revistarambla.com\/en\/auto-retro-2011-celebra-los-50-anos-del-jaguar-e-type\/\" \/>\n<meta property=\"og:locale\" content=\"en_GB\" \/>\n<meta property=\"og:type\" content=\"article\" \/>\n<meta property=\"og:title\" content=\"Auto Retro 2011 celebra los 50 a\u00f1os del Jaguar E-Type - Revista Rambla\" \/>\n<meta property=\"og:description\" content=\"Hoy se clausura la vigesimoctava edici\u00f3n del Sal\u00f3n Auto Retro, que se celebra en\u00a0 la plaza Universo y el palacio n\u00famero dos del recinto de Montju\u00efc de Fira de Barcelona. La feria es mucho m\u00e1s que una muestra internacional de autom\u00f3viles cl\u00e1sicos. Su exposici\u00f3n incluye tambi\u00e9n motocicletas, aviaci\u00f3n y n\u00e1utica. [&hellip;]\" \/>\n<meta property=\"og:url\" content=\"https:\/\/www.revistarambla.com\/en\/auto-retro-2011-celebra-los-50-anos-del-jaguar-e-type\/\" \/>\n<meta property=\"og:site_name\" content=\"Revista Rambla\" \/>\n<meta property=\"article:publisher\" content=\"https:\/\/www.facebook.com\/revistarambla\/\" \/>\n<meta property=\"article:published_time\" content=\"2011-12-06T05:09:15+00:00\" \/>\n<meta property=\"article:modified_time\" content=\"2021-12-10T15:35:56+00:00\" \/>\n<meta property=\"og:image\" content=\"https:\/\/www.revistarambla.com\/wp-content\/uploads\/2011\/12\/salon-auto-retro-2011-el-mundo-de-los-clasicos-vuelve-a-barcelona-10172_7.jpg\" \/>\n\t<meta property=\"og:image:width\" content=\"737\" \/>\n\t<meta property=\"og:image:height\" content=\"473\" \/>\n\t<meta property=\"og:image:type\" content=\"image\/jpeg\" \/>\n<meta name=\"author\" content=\"Elena Fern\u00e1ndez Mart\u00ednez\" \/>\n<meta name=\"twitter:card\" content=\"summary_large_image\" \/>\n<meta name=\"twitter:creator\" content=\"@revistarambla\" \/>\n<meta name=\"twitter:site\" content=\"@revistarambla\" \/>\n<meta name=\"twitter:label1\" content=\"Written by\" \/>\n\t<meta name=\"twitter:data1\" content=\"Elena Fern\u00e1ndez Mart\u00ednez\" \/>\n\t<meta name=\"twitter:label2\" content=\"Estimated reading time\" \/>\n\t<meta name=\"twitter:data2\" content=\"6 minutes\" \/>\n<script type=\"application\/ld+json\" class=\"yoast-schema-graph\">{\"@context\":\"https:\\\/\\\/schema.org\",\"@graph\":[{\"@type\":\"Article\",\"@id\":\"https:\\\/\\\/www.revistarambla.com\\\/auto-retro-2011-celebra-los-50-anos-del-jaguar-e-type\\\/#article\",\"isPartOf\":{\"@id\":\"https:\\\/\\\/www.revistarambla.com\\\/auto-retro-2011-celebra-los-50-anos-del-jaguar-e-type\\\/\"},\"author\":{\"name\":\"Elena Fern\u00e1ndez Mart\u00ednez\",\"@id\":\"https:\\\/\\\/www.revistarambla.com\\\/#\\\/schema\\\/person\\\/044b43a8aa317042559e094f7deaf33c\"},\"headline\":\"Auto Retro 2011 celebra los 50 a\u00f1os del Jaguar E-Type\",\"datePublished\":\"2011-12-06T05:09:15+00:00\",\"dateModified\":\"2021-12-10T15:35:56+00:00\",\"mainEntityOfPage\":{\"@id\":\"https:\\\/\\\/www.revistarambla.com\\\/auto-retro-2011-celebra-los-50-anos-del-jaguar-e-type\\\/\"},\"wordCount\":1230,\"commentCount\":0,\"publisher\":{\"@id\":\"https:\\\/\\\/www.revistarambla.com\\\/#organization\"},\"image\":{\"@id\":\"https:\\\/\\\/www.revistarambla.com\\\/auto-retro-2011-celebra-los-50-anos-del-jaguar-e-type\\\/#primaryimage\"},\"thumbnailUrl\":\"https:\\\/\\\/www.revistarambla.com\\\/wp-content\\\/uploads\\\/2011\\\/12\\\/salon-auto-retro-2011-el-mundo-de-los-clasicos-vuelve-a-barcelona-10172_7.jpg\",\"articleSection\":[\"Actualidad\",\"Barcelona\"],\"inLanguage\":\"en-GB\",\"potentialAction\":[{\"@type\":\"CommentAction\",\"name\":\"Comment\",\"target\":[\"https:\\\/\\\/www.revistarambla.com\\\/auto-retro-2011-celebra-los-50-anos-del-jaguar-e-type\\\/#respond\"]}]},{\"@type\":\"WebPage\",\"@id\":\"https:\\\/\\\/www.revistarambla.com\\\/auto-retro-2011-celebra-los-50-anos-del-jaguar-e-type\\\/\",\"url\":\"https:\\\/\\\/www.revistarambla.com\\\/auto-retro-2011-celebra-los-50-anos-del-jaguar-e-type\\\/\",\"name\":\"Auto Retro 2011 celebra los 50 a\u00f1os del Jaguar E-Type - Revista Rambla\",\"isPartOf\":{\"@id\":\"https:\\\/\\\/www.revistarambla.com\\\/#website\"},\"primaryImageOfPage\":{\"@id\":\"https:\\\/\\\/www.revistarambla.com\\\/auto-retro-2011-celebra-los-50-anos-del-jaguar-e-type\\\/#primaryimage\"},\"image\":{\"@id\":\"https:\\\/\\\/www.revistarambla.com\\\/auto-retro-2011-celebra-los-50-anos-del-jaguar-e-type\\\/#primaryimage\"},\"thumbnailUrl\":\"https:\\\/\\\/www.revistarambla.com\\\/wp-content\\\/uploads\\\/2011\\\/12\\\/salon-auto-retro-2011-el-mundo-de-los-clasicos-vuelve-a-barcelona-10172_7.jpg\",\"datePublished\":\"2011-12-06T05:09:15+00:00\",\"dateModified\":\"2021-12-10T15:35:56+00:00\",\"breadcrumb\":{\"@id\":\"https:\\\/\\\/www.revistarambla.com\\\/auto-retro-2011-celebra-los-50-anos-del-jaguar-e-type\\\/#breadcrumb\"},\"inLanguage\":\"en-GB\",\"potentialAction\":[{\"@type\":\"ReadAction\",\"target\":[\"https:\\\/\\\/www.revistarambla.com\\\/auto-retro-2011-celebra-los-50-anos-del-jaguar-e-type\\\/\"]}]},{\"@type\":\"ImageObject\",\"inLanguage\":\"en-GB\",\"@id\":\"https:\\\/\\\/www.revistarambla.com\\\/auto-retro-2011-celebra-los-50-anos-del-jaguar-e-type\\\/#primaryimage\",\"url\":\"https:\\\/\\\/www.revistarambla.com\\\/wp-content\\\/uploads\\\/2011\\\/12\\\/salon-auto-retro-2011-el-mundo-de-los-clasicos-vuelve-a-barcelona-10172_7.jpg\",\"contentUrl\":\"https:\\\/\\\/www.revistarambla.com\\\/wp-content\\\/uploads\\\/2011\\\/12\\\/salon-auto-retro-2011-el-mundo-de-los-clasicos-vuelve-a-barcelona-10172_7.jpg\",\"width\":737,\"height\":473},{\"@type\":\"BreadcrumbList\",\"@id\":\"https:\\\/\\\/www.revistarambla.com\\\/auto-retro-2011-celebra-los-50-anos-del-jaguar-e-type\\\/#breadcrumb\",\"itemListElement\":[{\"@type\":\"ListItem\",\"position\":1,\"name\":\"Portada\",\"item\":\"https:\\\/\\\/www.revistarambla.com\\\/\"},{\"@type\":\"ListItem\",\"position\":2,\"name\":\"Auto Retro 2011 celebra los 50 a\u00f1os del Jaguar E-Type\"}]},{\"@type\":\"WebSite\",\"@id\":\"https:\\\/\\\/www.revistarambla.com\\\/#website\",\"url\":\"https:\\\/\\\/www.revistarambla.com\\\/\",\"name\":\"Revista Rambla Barcelona\",\"description\":\"Periodismo independiente\",\"publisher\":{\"@id\":\"https:\\\/\\\/www.revistarambla.com\\\/#organization\"},\"potentialAction\":[{\"@type\":\"SearchAction\",\"target\":{\"@type\":\"EntryPoint\",\"urlTemplate\":\"https:\\\/\\\/www.revistarambla.com\\\/?s={search_term_string}\"},\"query-input\":{\"@type\":\"PropertyValueSpecification\",\"valueRequired\":true,\"valueName\":\"search_term_string\"}}],\"inLanguage\":\"en-GB\"},{\"@type\":\"Organization\",\"@id\":\"https:\\\/\\\/www.revistarambla.com\\\/#organization\",\"name\":\"Revista Rambla\",\"url\":\"https:\\\/\\\/www.revistarambla.com\\\/\",\"logo\":{\"@type\":\"ImageObject\",\"inLanguage\":\"en-GB\",\"@id\":\"https:\\\/\\\/www.revistarambla.com\\\/#\\\/schema\\\/logo\\\/image\\\/\",\"url\":\"https:\\\/\\\/www.revistarambla.com\\\/wp-content\\\/uploads\\\/2020\\\/09\\\/banner_rambla_1900x600_BB.png\",\"contentUrl\":\"https:\\\/\\\/www.revistarambla.com\\\/wp-content\\\/uploads\\\/2020\\\/09\\\/banner_rambla_1900x600_BB.png\",\"width\":1900,\"height\":600,\"caption\":\"Revista Rambla\"},\"image\":{\"@id\":\"https:\\\/\\\/www.revistarambla.com\\\/#\\\/schema\\\/logo\\\/image\\\/\"},\"sameAs\":[\"https:\\\/\\\/www.facebook.com\\\/revistarambla\\\/\",\"https:\\\/\\\/x.com\\\/revistarambla\",\"https:\\\/\\\/www.instagram.com\\\/revista_rambla\",\"https:\\\/\\\/es.linkedin.com\\\/company\\\/revista-rambla\"]},{\"@type\":\"Person\",\"@id\":\"https:\\\/\\\/www.revistarambla.com\\\/#\\\/schema\\\/person\\\/044b43a8aa317042559e094f7deaf33c\",\"name\":\"Elena Fern\u00e1ndez Mart\u00ednez\",\"description\":\"Periodista \\\/ Corresponsal Londres.\"}]}<\/script>\n<!-- \/ Yoast SEO plugin. -->","yoast_head_json":{"title":"Auto Retro 2011 celebra los 50 a\u00f1os del Jaguar E-Type - Revista Rambla","robots":{"index":"index","follow":"follow","max-snippet":"max-snippet:-1","max-image-preview":"max-image-preview:large","max-video-preview":"max-video-preview:-1"},"canonical":"https:\/\/www.revistarambla.com\/en\/auto-retro-2011-celebra-los-50-anos-del-jaguar-e-type\/","og_locale":"en_GB","og_type":"article","og_title":"Auto Retro 2011 celebra los 50 a\u00f1os del Jaguar E-Type - Revista Rambla","og_description":"Hoy se clausura la vigesimoctava edici\u00f3n del Sal\u00f3n Auto Retro, que se celebra en\u00a0 la plaza Universo y el palacio n\u00famero dos del recinto de Montju\u00efc de Fira de Barcelona. La feria es mucho m\u00e1s que una muestra internacional de autom\u00f3viles cl\u00e1sicos. Su exposici\u00f3n incluye tambi\u00e9n motocicletas, aviaci\u00f3n y n\u00e1utica. [&hellip;]","og_url":"https:\/\/www.revistarambla.com\/en\/auto-retro-2011-celebra-los-50-anos-del-jaguar-e-type\/","og_site_name":"Revista Rambla","article_publisher":"https:\/\/www.facebook.com\/revistarambla\/","article_published_time":"2011-12-06T05:09:15+00:00","article_modified_time":"2021-12-10T15:35:56+00:00","og_image":[{"width":737,"height":473,"url":"https:\/\/www.revistarambla.com\/wp-content\/uploads\/2011\/12\/salon-auto-retro-2011-el-mundo-de-los-clasicos-vuelve-a-barcelona-10172_7.jpg","type":"image\/jpeg"}],"author":"Elena Fern\u00e1ndez Mart\u00ednez","twitter_card":"summary_large_image","twitter_creator":"@revistarambla","twitter_site":"@revistarambla","twitter_misc":{"Written by":"Elena Fern\u00e1ndez Mart\u00ednez","Estimated reading time":"6 minutes"},"schema":{"@context":"https:\/\/schema.org","@graph":[{"@type":"Article","@id":"https:\/\/www.revistarambla.com\/auto-retro-2011-celebra-los-50-anos-del-jaguar-e-type\/#article","isPartOf":{"@id":"https:\/\/www.revistarambla.com\/auto-retro-2011-celebra-los-50-anos-del-jaguar-e-type\/"},"author":{"name":"Elena Fern\u00e1ndez Mart\u00ednez","@id":"https:\/\/www.revistarambla.com\/#\/schema\/person\/044b43a8aa317042559e094f7deaf33c"},"headline":"Auto Retro 2011 celebra los 50 a\u00f1os del Jaguar E-Type","datePublished":"2011-12-06T05:09:15+00:00","dateModified":"2021-12-10T15:35:56+00:00","mainEntityOfPage":{"@id":"https:\/\/www.revistarambla.com\/auto-retro-2011-celebra-los-50-anos-del-jaguar-e-type\/"},"wordCount":1230,"commentCount":0,"publisher":{"@id":"https:\/\/www.revistarambla.com\/#organization"},"image":{"@id":"https:\/\/www.revistarambla.com\/auto-retro-2011-celebra-los-50-anos-del-jaguar-e-type\/#primaryimage"},"thumbnailUrl":"https:\/\/www.revistarambla.com\/wp-content\/uploads\/2011\/12\/salon-auto-retro-2011-el-mundo-de-los-clasicos-vuelve-a-barcelona-10172_7.jpg","articleSection":["Actualidad","Barcelona"],"inLanguage":"en-GB","potentialAction":[{"@type":"CommentAction","name":"Comment","target":["https:\/\/www.revistarambla.com\/auto-retro-2011-celebra-los-50-anos-del-jaguar-e-type\/#respond"]}]},{"@type":"WebPage","@id":"https:\/\/www.revistarambla.com\/auto-retro-2011-celebra-los-50-anos-del-jaguar-e-type\/","url":"https:\/\/www.revistarambla.com\/auto-retro-2011-celebra-los-50-anos-del-jaguar-e-type\/","name":"Auto Retro 2011 celebra los 50 a\u00f1os del Jaguar E-Type - Revista Rambla","isPartOf":{"@id":"https:\/\/www.revistarambla.com\/#website"},"primaryImageOfPage":{"@id":"https:\/\/www.revistarambla.com\/auto-retro-2011-celebra-los-50-anos-del-jaguar-e-type\/#primaryimage"},"image":{"@id":"https:\/\/www.revistarambla.com\/auto-retro-2011-celebra-los-50-anos-del-jaguar-e-type\/#primaryimage"},"thumbnailUrl":"https:\/\/www.revistarambla.com\/wp-content\/uploads\/2011\/12\/salon-auto-retro-2011-el-mundo-de-los-clasicos-vuelve-a-barcelona-10172_7.jpg","datePublished":"2011-12-06T05:09:15+00:00","dateModified":"2021-12-10T15:35:56+00:00","breadcrumb":{"@id":"https:\/\/www.revistarambla.com\/auto-retro-2011-celebra-los-50-anos-del-jaguar-e-type\/#breadcrumb"},"inLanguage":"en-GB","potentialAction":[{"@type":"ReadAction","target":["https:\/\/www.revistarambla.com\/auto-retro-2011-celebra-los-50-anos-del-jaguar-e-type\/"]}]},{"@type":"ImageObject","inLanguage":"en-GB","@id":"https:\/\/www.revistarambla.com\/auto-retro-2011-celebra-los-50-anos-del-jaguar-e-type\/#primaryimage","url":"https:\/\/www.revistarambla.com\/wp-content\/uploads\/2011\/12\/salon-auto-retro-2011-el-mundo-de-los-clasicos-vuelve-a-barcelona-10172_7.jpg","contentUrl":"https:\/\/www.revistarambla.com\/wp-content\/uploads\/2011\/12\/salon-auto-retro-2011-el-mundo-de-los-clasicos-vuelve-a-barcelona-10172_7.jpg","width":737,"height":473},{"@type":"BreadcrumbList","@id":"https:\/\/www.revistarambla.com\/auto-retro-2011-celebra-los-50-anos-del-jaguar-e-type\/#breadcrumb","itemListElement":[{"@type":"ListItem","position":1,"name":"Portada","item":"https:\/\/www.revistarambla.com\/"},{"@type":"ListItem","position":2,"name":"Auto Retro 2011 celebra los 50 a\u00f1os del Jaguar E-Type"}]},{"@type":"WebSite","@id":"https:\/\/www.revistarambla.com\/#website","url":"https:\/\/www.revistarambla.com\/","name":"Revista Rambla Barcelona","description":"Periodismo independiente","publisher":{"@id":"https:\/\/www.revistarambla.com\/#organization"},"potentialAction":[{"@type":"SearchAction","target":{"@type":"EntryPoint","urlTemplate":"https:\/\/www.revistarambla.com\/?s={search_term_string}"},"query-input":{"@type":"PropertyValueSpecification","valueRequired":true,"valueName":"search_term_string"}}],"inLanguage":"en-GB"},{"@type":"Organization","@id":"https:\/\/www.revistarambla.com\/#organization","name":"Revista Rambla","url":"https:\/\/www.revistarambla.com\/","logo":{"@type":"ImageObject","inLanguage":"en-GB","@id":"https:\/\/www.revistarambla.com\/#\/schema\/logo\/image\/","url":"https:\/\/www.revistarambla.com\/wp-content\/uploads\/2020\/09\/banner_rambla_1900x600_BB.png","contentUrl":"https:\/\/www.revistarambla.com\/wp-content\/uploads\/2020\/09\/banner_rambla_1900x600_BB.png","width":1900,"height":600,"caption":"Revista Rambla"},"image":{"@id":"https:\/\/www.revistarambla.com\/#\/schema\/logo\/image\/"},"sameAs":["https:\/\/www.facebook.com\/revistarambla\/","https:\/\/x.com\/revistarambla","https:\/\/www.instagram.com\/revista_rambla","https:\/\/es.linkedin.com\/company\/revista-rambla"]},{"@type":"Person","@id":"https:\/\/www.revistarambla.com\/#\/schema\/person\/044b43a8aa317042559e094f7deaf33c","name":"Elena Fern\u00e1ndez Mart\u00ednez","description":"Periodista \/ Corresponsal Londres."}]}},"_links":{"self":[{"href":"https:\/\/www.revistarambla.com\/en\/wp-json\/wp\/v2\/posts\/1270","targetHints":{"allow":["GET"]}}],"collection":[{"href":"https:\/\/www.revistarambla.com\/en\/wp-json\/wp\/v2\/posts"}],"about":[{"href":"https:\/\/www.revistarambla.com\/en\/wp-json\/wp\/v2\/types\/post"}],"author":[{"embeddable":true,"href":"https:\/\/www.revistarambla.com\/en\/wp-json\/wp\/v2\/users\/51"}],"replies":[{"embeddable":true,"href":"https:\/\/www.revistarambla.com\/en\/wp-json\/wp\/v2\/comments?post=1270"}],"version-history":[{"count":0,"href":"https:\/\/www.revistarambla.com\/en\/wp-json\/wp\/v2\/posts\/1270\/revisions"}],"wp:featuredmedia":[{"embeddable":true,"href":"https:\/\/www.revistarambla.com\/en\/wp-json\/wp\/v2\/media\/31694"}],"wp:attachment":[{"href":"https:\/\/www.revistarambla.com\/en\/wp-json\/wp\/v2\/media?parent=1270"}],"wp:term":[{"taxonomy":"category","embeddable":true,"href":"https:\/\/www.revistarambla.com\/en\/wp-json\/wp\/v2\/categories?post=1270"},{"taxonomy":"post_tag","embeddable":true,"href":"https:\/\/www.revistarambla.com\/en\/wp-json\/wp\/v2\/tags?post=1270"}],"curies":[{"name":"wp","href":"https:\/\/api.w.org\/{rel}","templated":true}]}}